{"id":19652,"date":"2024-07-08T18:07:05","date_gmt":"2024-07-08T18:07:05","guid":{"rendered":"https:\/\/www.valparaisocreativo.cl\/?p=19652"},"modified":"2024-07-08T18:17:22","modified_gmt":"2024-07-08T18:17:22","slug":"con-banda-completa-y-en-3-ciudades-lisandro-aristimuno-regresa-a-chile","status":"publish","type":"post","link":"https:\/\/dev.antudigital.cl\/sites\/vc\/con-banda-completa-y-en-3-ciudades-lisandro-aristimuno-regresa-a-chile\/","title":{"rendered":"Con banda completa y en 3 ciudades: Lisandro Aristimu\u00f1o regresa a Chile"},"content":{"rendered":"\n<figure class=\"wp-block-table\"><table><tbody><tr><td><strong><em>Justamente cuando se cumplen 20 a\u00f1os de la publicaci\u00f3n de su \u00e1lbum debut, el m\u00fasico argentino&nbsp;<\/em><\/strong><strong>Lisandro Aristimu\u00f1o<\/strong>&nbsp;realizar\u00e1 3 conciertos en Chile para presentar su nuevo \u00e1lbum&nbsp;<em>El rostro de los acantilados<\/em>&nbsp;(2023) y otras canciones cl\u00e1sicas de su amplio repertorio.&nbsp;Un concierto homenajeando a&nbsp;<strong>Gustavo Cerati&nbsp;<\/strong>en el Centro Cultura Kirshner, un triunfo en los&nbsp;<strong>Premios Gardel<\/strong>&nbsp;a disco del a\u00f1o por su \u00faltimo trabajo y un Luna Park lleno, son las credenciales m\u00e1s pr\u00f3ximas para estar atentos al regreso del cantautor patag\u00f3nico.<br>&nbsp;<br>A 20 a\u00f1os de su primer disco&nbsp;<strong><em>Azules Turquesas<\/em><\/strong><em>,&nbsp;<\/em>Lisandro Aristimu\u00f1o presenta en Chile<em>&nbsp;El rostro de los acantilados<\/em>, reciente&nbsp;ganador de un Premio Gardel en la categor\u00eda&nbsp;<strong>Mejor \u00e1lbum canci\u00f3n de autor<\/strong>, un conjunto de 13 canciones que van del folklore al rock argentino y el pop brit\u00e1nico, envueltas en atm\u00f3sferas y climas sonoros que ya forman parte de su impronta de autor, adem\u00e1s de&nbsp;un amplio recorrido por los cl\u00e1sicos de su repertorio con los que supo construir un estilo personal inigualable.<br>&nbsp;<br>La nueva visita de Lisandro a nuestro pa\u00eds ser\u00e1 una peque\u00f1a gira de 3 conciertos: se presentar\u00e1 por primera vez en&nbsp;<strong>Concepci\u00f3n (9 de Agosto, La Bodeguita de Nicanor)<\/strong>, luego llegar\u00e1 a<strong>&nbsp;Santiago (11 de Agosto, Matucana 100)<\/strong>&nbsp;y finalmente&nbsp;<strong>Vi\u00f1a del Mar (14 de Agosto, Teatro Municipal).<\/strong><br><br>En formado banda, Lisandro nos trae un concierto para vivir y sentir, un viaje sonoro y m\u00e1gico que plantea su esencia como m\u00fasico y autor. Ante un presente confuso Lisandro Aristimu\u00f1o es un ba\u00f1o de honestidad art\u00edstica, donde la m\u00fasica y las canciones vuelven a prevalecer y emocionar por sobre cualquier otra cosa.<\/td><\/tr><\/tbody><\/table><\/figure>\n\n\n\n<figure class=\"wp-block-image size-full\"><img fetchpriority=\"high\" decoding=\"async\" width=\"503\" height=\"630\" src=\"https:\/\/www.valparaisocreativo.cl\/wp-content\/uploads\/2024\/07\/Captura-de-Pantalla-2024-07-08-a-las-14.05.38.png\" alt=\"\" class=\"wp-image-19654\" srcset=\"https:\/\/dev.antudigital.cl\/sites\/vc\/wp-content\/uploads\/2024\/07\/Captura-de-Pantalla-2024-07-08-a-las-14.05.38.png 503w, https:\/\/dev.antudigital.cl\/sites\/vc\/wp-content\/uploads\/2024\/07\/Captura-de-Pantalla-2024-07-08-a-las-14.05.38-240x300.png 240w, https:\/\/dev.antudigital.cl\/sites\/vc\/wp-content\/uploads\/2024\/07\/Captura-de-Pantalla-2024-07-08-a-las-14.05.38-480x601.png 480w, https:\/\/dev.antudigital.cl\/sites\/vc\/wp-content\/uploads\/2024\/07\/Captura-de-Pantalla-2024-07-08-a-las-14.05.38-19x24.png 19w, https:\/\/dev.antudigital.cl\/sites\/vc\/wp-content\/uploads\/2024\/07\/Captura-de-Pantalla-2024-07-08-a-las-14.05.38-29x36.png 29w, https:\/\/dev.antudigital.cl\/sites\/vc\/wp-content\/uploads\/2024\/07\/Captura-de-Pantalla-2024-07-08-a-las-14.05.38-38x48.png 38w\" sizes=\"(max-width: 503px) 100vw, 503px\" \/><\/figure>\n\n\n\n<figure class=\"wp-block-table\"><table><tbody><tr><td><strong>COORDENADAS<\/strong><strong>Lisandro Aristimu\u00f1o<\/strong><br><strong>Presenta \u201cEl rostro de los acantilados\u201d y sus grandes canciones.<\/strong><br>&nbsp;<br>9 de Agosto Concepci\u00f3n \/ La Bodeguita de Nicanor (<a href=\"http:\/\/primeticket.cl\/\" target=\"_blank\" rel=\"noreferrer noopener\">primeticket.cl<\/a>)<br>11 de Agosto Santiago \/ CC Matucana 100 (<a href=\"http:\/\/ticketplus.cl\/\" target=\"_blank\" rel=\"noreferrer noopener\">ticketplus.cl<\/a>)<br>14 de Agosto Vi\u00f1a del Mar \/ Teatro Municipal (Entrada Liberada)<br>&nbsp;<br><strong>M\u00e1s info:&nbsp;<\/strong><a href=\"mailto:contacto@punchline.cl\" target=\"_blank\" rel=\"noreferrer noopener\">contacto@punchline.cl<\/a><br><strong>Prensa:<\/strong>&nbsp;<a href=\"mailto:clubdeamigoscomunicaciones@gmail.com\" target=\"_blank\" rel=\"noreferrer noopener\">clubdeamigoscomunicaciones@gmail.com<\/a><\/td><\/tr><\/tbody><\/table><\/figure>\n","protected":false},"excerpt":{"rendered":"<p>Justamente cuando se cumplen 20 a\u00f1os de la publicaci\u00f3n de su \u00e1lbum debut, el m\u00fasico argentino&nbsp;Lisandro Aristimu\u00f1o&nbsp;realizar\u00e1 3 conciertos en Chile para presentar su nuevo \u00e1lbum&nbsp;El rostro de los acantilados&nbsp;(2023) y otras canciones cl\u00e1sicas de su amplio repertorio.&nbsp;Un concierto homenajeando a&nbsp;Gustavo Cerati&nbsp;en el Centro Cultura Kirshner, un triunfo en los&nbsp;Premios Gardel&nbsp;a disco del a\u00f1o por [&hellip;]<\/p>\n","protected":false},"author":1,"featured_media":19653,"comment_status":"closed","ping_status":"closed","sticky":false,"template":"","format":"standard","meta":{"_acf_changed":false,"footnotes":""},"categories":[8],"tags":[],"class_list":["post-19652","post","type-post","status-publish","format-standard","has-post-thumbnail","hentry","category-noticia"],"acf":[],"yoast_head":"<!-- This site is optimized with the Yoast SEO plugin v27.1.1 - https:\/\/yoast.com\/product\/yoast-seo-wordpress\/ -->\n<title>Con banda completa y en 3 ciudades: Lisandro Aristimu\u00f1o regresa a Chile - Valpara\u00ed\u00adso Creativo<\/title>\n<meta name=\"robots\" content=\"index, follow, max-snippet:-1, max-image-preview:large, max-video-preview:-1\" \/>\n<link rel=\"canonical\" href=\"https:\/\/dev.antudigital.cl\/sites\/vc\/con-banda-completa-y-en-3-ciudades-lisandro-aristimuno-regresa-a-chile\/\" \/>\n<meta property=\"og:locale\" content=\"es_ES\" \/>\n<meta property=\"og:type\" content=\"article\" \/>\n<meta property=\"og:title\" content=\"Con banda completa y en 3 ciudades: Lisandro Aristimu\u00f1o regresa a Chile - Valpara\u00ed\u00adso Creativo\" \/>\n<meta property=\"og:description\" content=\"Justamente cuando se cumplen 20 a\u00f1os de la publicaci\u00f3n de su \u00e1lbum debut, el m\u00fasico argentino&nbsp;Lisandro Aristimu\u00f1o&nbsp;realizar\u00e1 3 conciertos en Chile para presentar su nuevo \u00e1lbum&nbsp;El rostro de los acantilados&nbsp;(2023) y otras canciones cl\u00e1sicas de su amplio repertorio.&nbsp;Un concierto homenajeando a&nbsp;Gustavo Cerati&nbsp;en el Centro Cultura Kirshner, un triunfo en los&nbsp;Premios Gardel&nbsp;a disco del a\u00f1o por [&hellip;]\" \/>\n<meta property=\"og:url\" content=\"https:\/\/dev.antudigital.cl\/sites\/vc\/con-banda-completa-y-en-3-ciudades-lisandro-aristimuno-regresa-a-chile\/\" \/>\n<meta property=\"og:site_name\" content=\"Valpara\u00ed\u00adso Creativo\" \/>\n<meta property=\"article:published_time\" content=\"2024-07-08T18:07:05+00:00\" \/>\n<meta property=\"article:modified_time\" content=\"2024-07-08T18:17:22+00:00\" \/>\n<meta property=\"og:image\" content=\"https:\/\/dev.antudigital.cl\/sites\/vc\/wp-content\/uploads\/2024\/07\/unnamed-14.jpg\" \/>\n\t<meta property=\"og:image:width\" content=\"1200\" \/>\n\t<meta property=\"og:image:height\" content=\"800\" \/>\n\t<meta property=\"og:image:type\" content=\"image\/jpeg\" \/>\n<meta name=\"author\" content=\"Valpara\u00edso Creativo\" \/>\n<meta name=\"twitter:card\" content=\"summary_large_image\" \/>\n<meta name=\"twitter:label1\" content=\"Escrito por\" \/>\n\t<meta name=\"twitter:data1\" content=\"Valpara\u00edso Creativo\" \/>\n\t<meta name=\"twitter:label2\" content=\"Tiempo de lectura\" \/>\n\t<meta name=\"twitter:data2\" content=\"2 minutos\" \/>\n<script type=\"application\/ld+json\" class=\"yoast-schema-graph\">{\"@context\":\"https:\/\/schema.org\",\"@graph\":[{\"@type\":\"Article\",\"@id\":\"https:\/\/dev.antudigital.cl\/sites\/vc\/con-banda-completa-y-en-3-ciudades-lisandro-aristimuno-regresa-a-chile\/#article\",\"isPartOf\":{\"@id\":\"https:\/\/dev.antudigital.cl\/sites\/vc\/con-banda-completa-y-en-3-ciudades-lisandro-aristimuno-regresa-a-chile\/\"},\"author\":{\"name\":\"Valpara\u00edso Creativo\",\"@id\":\"https:\/\/dev.antudigital.cl\/sites\/vc\/#\/schema\/person\/c2b9da8dd545e27166fc5ab232837318\"},\"headline\":\"Con banda completa y en 3 ciudades: Lisandro Aristimu\u00f1o regresa a Chile\",\"datePublished\":\"2024-07-08T18:07:05+00:00\",\"dateModified\":\"2024-07-08T18:17:22+00:00\",\"mainEntityOfPage\":{\"@id\":\"https:\/\/dev.antudigital.cl\/sites\/vc\/con-banda-completa-y-en-3-ciudades-lisandro-aristimuno-regresa-a-chile\/\"},\"wordCount\":375,\"image\":{\"@id\":\"https:\/\/dev.antudigital.cl\/sites\/vc\/con-banda-completa-y-en-3-ciudades-lisandro-aristimuno-regresa-a-chile\/#primaryimage\"},\"thumbnailUrl\":\"https:\/\/dev.antudigital.cl\/sites\/vc\/wp-content\/uploads\/2024\/07\/unnamed-14.jpg\",\"articleSection\":[\"Noticia\"],\"inLanguage\":\"es\"},{\"@type\":\"WebPage\",\"@id\":\"https:\/\/dev.antudigital.cl\/sites\/vc\/con-banda-completa-y-en-3-ciudades-lisandro-aristimuno-regresa-a-chile\/\",\"url\":\"https:\/\/dev.antudigital.cl\/sites\/vc\/con-banda-completa-y-en-3-ciudades-lisandro-aristimuno-regresa-a-chile\/\",\"name\":\"Con banda completa y en 3 ciudades: Lisandro Aristimu\u00f1o regresa a Chile - Valpara\u00ed\u00adso Creativo\",\"isPartOf\":{\"@id\":\"https:\/\/dev.antudigital.cl\/sites\/vc\/#website\"},\"primaryImageOfPage\":{\"@id\":\"https:\/\/dev.antudigital.cl\/sites\/vc\/con-banda-completa-y-en-3-ciudades-lisandro-aristimuno-regresa-a-chile\/#primaryimage\"},\"image\":{\"@id\":\"https:\/\/dev.antudigital.cl\/sites\/vc\/con-banda-completa-y-en-3-ciudades-lisandro-aristimuno-regresa-a-chile\/#primaryimage\"},\"thumbnailUrl\":\"https:\/\/dev.antudigital.cl\/sites\/vc\/wp-content\/uploads\/2024\/07\/unnamed-14.jpg\",\"datePublished\":\"2024-07-08T18:07:05+00:00\",\"dateModified\":\"2024-07-08T18:17:22+00:00\",\"author\":{\"@id\":\"https:\/\/dev.antudigital.cl\/sites\/vc\/#\/schema\/person\/c2b9da8dd545e27166fc5ab232837318\"},\"breadcrumb\":{\"@id\":\"https:\/\/dev.antudigital.cl\/sites\/vc\/con-banda-completa-y-en-3-ciudades-lisandro-aristimuno-regresa-a-chile\/#breadcrumb\"},\"inLanguage\":\"es\",\"potentialAction\":[{\"@type\":\"ReadAction\",\"target\":[\"https:\/\/dev.antudigital.cl\/sites\/vc\/con-banda-completa-y-en-3-ciudades-lisandro-aristimuno-regresa-a-chile\/\"]}]},{\"@type\":\"ImageObject\",\"inLanguage\":\"es\",\"@id\":\"https:\/\/dev.antudigital.cl\/sites\/vc\/con-banda-completa-y-en-3-ciudades-lisandro-aristimuno-regresa-a-chile\/#primaryimage\",\"url\":\"https:\/\/dev.antudigital.cl\/sites\/vc\/wp-content\/uploads\/2024\/07\/unnamed-14.jpg\",\"contentUrl\":\"https:\/\/dev.antudigital.cl\/sites\/vc\/wp-content\/uploads\/2024\/07\/unnamed-14.jpg\",\"width\":1200,\"height\":800},{\"@type\":\"BreadcrumbList\",\"@id\":\"https:\/\/dev.antudigital.cl\/sites\/vc\/con-banda-completa-y-en-3-ciudades-lisandro-aristimuno-regresa-a-chile\/#breadcrumb\",\"itemListElement\":[{\"@type\":\"ListItem\",\"position\":1,\"name\":\"Home\",\"item\":\"https:\/\/dev.antudigital.cl\/sites\/vc\/\"},{\"@type\":\"ListItem\",\"position\":2,\"name\":\"Con banda completa y en 3 ciudades: Lisandro Aristimu\u00f1o regresa a Chile\"}]},{\"@type\":\"WebSite\",\"@id\":\"https:\/\/dev.antudigital.cl\/sites\/vc\/#website\",\"url\":\"https:\/\/dev.antudigital.cl\/sites\/vc\/\",\"name\":\"Valpara\u00ed\u00adso Creativo\",\"description\":\"\",\"potentialAction\":[{\"@type\":\"SearchAction\",\"target\":{\"@type\":\"EntryPoint\",\"urlTemplate\":\"https:\/\/dev.antudigital.cl\/sites\/vc\/?s={search_term_string}\"},\"query-input\":{\"@type\":\"PropertyValueSpecification\",\"valueRequired\":true,\"valueName\":\"search_term_string\"}}],\"inLanguage\":\"es\"},{\"@type\":\"Person\",\"@id\":\"https:\/\/dev.antudigital.cl\/sites\/vc\/#\/schema\/person\/c2b9da8dd545e27166fc5ab232837318\",\"name\":\"Valpara\u00edso Creativo\",\"description\":\"Periodista de cultura en la Regi\u00f3n de Valpara\u00edso.\",\"url\":\"https:\/\/dev.antudigital.cl\/sites\/vc\/author\/valpoadmin\/\"}]}<\/script>\n<!-- \/ Yoast SEO plugin. -->","yoast_head_json":{"title":"Con banda completa y en 3 ciudades: Lisandro Aristimu\u00f1o regresa a Chile - Valpara\u00ed\u00adso Creativo","robots":{"index":"index","follow":"follow","max-snippet":"max-snippet:-1","max-image-preview":"max-image-preview:large","max-video-preview":"max-video-preview:-1"},"canonical":"https:\/\/dev.antudigital.cl\/sites\/vc\/con-banda-completa-y-en-3-ciudades-lisandro-aristimuno-regresa-a-chile\/","og_locale":"es_ES","og_type":"article","og_title":"Con banda completa y en 3 ciudades: Lisandro Aristimu\u00f1o regresa a Chile - Valpara\u00ed\u00adso Creativo","og_description":"Justamente cuando se cumplen 20 a\u00f1os de la publicaci\u00f3n de su \u00e1lbum debut, el m\u00fasico argentino&nbsp;Lisandro Aristimu\u00f1o&nbsp;realizar\u00e1 3 conciertos en Chile para presentar su nuevo \u00e1lbum&nbsp;El rostro de los acantilados&nbsp;(2023) y otras canciones cl\u00e1sicas de su amplio repertorio.&nbsp;Un concierto homenajeando a&nbsp;Gustavo Cerati&nbsp;en el Centro Cultura Kirshner, un triunfo en los&nbsp;Premios Gardel&nbsp;a disco del a\u00f1o por [&hellip;]","og_url":"https:\/\/dev.antudigital.cl\/sites\/vc\/con-banda-completa-y-en-3-ciudades-lisandro-aristimuno-regresa-a-chile\/","og_site_name":"Valpara\u00ed\u00adso Creativo","article_published_time":"2024-07-08T18:07:05+00:00","article_modified_time":"2024-07-08T18:17:22+00:00","og_image":[{"width":1200,"height":800,"url":"https:\/\/dev.antudigital.cl\/sites\/vc\/wp-content\/uploads\/2024\/07\/unnamed-14.jpg","type":"image\/jpeg"}],"author":"Valpara\u00edso Creativo","twitter_card":"summary_large_image","twitter_misc":{"Escrito por":"Valpara\u00edso Creativo","Tiempo de lectura":"2 minutos"},"schema":{"@context":"https:\/\/schema.org","@graph":[{"@type":"Article","@id":"https:\/\/dev.antudigital.cl\/sites\/vc\/con-banda-completa-y-en-3-ciudades-lisandro-aristimuno-regresa-a-chile\/#article","isPartOf":{"@id":"https:\/\/dev.antudigital.cl\/sites\/vc\/con-banda-completa-y-en-3-ciudades-lisandro-aristimuno-regresa-a-chile\/"},"author":{"name":"Valpara\u00edso Creativo","@id":"https:\/\/dev.antudigital.cl\/sites\/vc\/#\/schema\/person\/c2b9da8dd545e27166fc5ab232837318"},"headline":"Con banda completa y en 3 ciudades: Lisandro Aristimu\u00f1o regresa a Chile","datePublished":"2024-07-08T18:07:05+00:00","dateModified":"2024-07-08T18:17:22+00:00","mainEntityOfPage":{"@id":"https:\/\/dev.antudigital.cl\/sites\/vc\/con-banda-completa-y-en-3-ciudades-lisandro-aristimuno-regresa-a-chile\/"},"wordCount":375,"image":{"@id":"https:\/\/dev.antudigital.cl\/sites\/vc\/con-banda-completa-y-en-3-ciudades-lisandro-aristimuno-regresa-a-chile\/#primaryimage"},"thumbnailUrl":"https:\/\/dev.antudigital.cl\/sites\/vc\/wp-content\/uploads\/2024\/07\/unnamed-14.jpg","articleSection":["Noticia"],"inLanguage":"es"},{"@type":"WebPage","@id":"https:\/\/dev.antudigital.cl\/sites\/vc\/con-banda-completa-y-en-3-ciudades-lisandro-aristimuno-regresa-a-chile\/","url":"https:\/\/dev.antudigital.cl\/sites\/vc\/con-banda-completa-y-en-3-ciudades-lisandro-aristimuno-regresa-a-chile\/","name":"Con banda completa y en 3 ciudades: Lisandro Aristimu\u00f1o regresa a Chile - Valpara\u00ed\u00adso Creativo","isPartOf":{"@id":"https:\/\/dev.antudigital.cl\/sites\/vc\/#website"},"primaryImageOfPage":{"@id":"https:\/\/dev.antudigital.cl\/sites\/vc\/con-banda-completa-y-en-3-ciudades-lisandro-aristimuno-regresa-a-chile\/#primaryimage"},"image":{"@id":"https:\/\/dev.antudigital.cl\/sites\/vc\/con-banda-completa-y-en-3-ciudades-lisandro-aristimuno-regresa-a-chile\/#primaryimage"},"thumbnailUrl":"https:\/\/dev.antudigital.cl\/sites\/vc\/wp-content\/uploads\/2024\/07\/unnamed-14.jpg","datePublished":"2024-07-08T18:07:05+00:00","dateModified":"2024-07-08T18:17:22+00:00","author":{"@id":"https:\/\/dev.antudigital.cl\/sites\/vc\/#\/schema\/person\/c2b9da8dd545e27166fc5ab232837318"},"breadcrumb":{"@id":"https:\/\/dev.antudigital.cl\/sites\/vc\/con-banda-completa-y-en-3-ciudades-lisandro-aristimuno-regresa-a-chile\/#breadcrumb"},"inLanguage":"es","potentialAction":[{"@type":"ReadAction","target":["https:\/\/dev.antudigital.cl\/sites\/vc\/con-banda-completa-y-en-3-ciudades-lisandro-aristimuno-regresa-a-chile\/"]}]},{"@type":"ImageObject","inLanguage":"es","@id":"https:\/\/dev.antudigital.cl\/sites\/vc\/con-banda-completa-y-en-3-ciudades-lisandro-aristimuno-regresa-a-chile\/#primaryimage","url":"https:\/\/dev.antudigital.cl\/sites\/vc\/wp-content\/uploads\/2024\/07\/unnamed-14.jpg","contentUrl":"https:\/\/dev.antudigital.cl\/sites\/vc\/wp-content\/uploads\/2024\/07\/unnamed-14.jpg","width":1200,"height":800},{"@type":"BreadcrumbList","@id":"https:\/\/dev.antudigital.cl\/sites\/vc\/con-banda-completa-y-en-3-ciudades-lisandro-aristimuno-regresa-a-chile\/#breadcrumb","itemListElement":[{"@type":"ListItem","position":1,"name":"Home","item":"https:\/\/dev.antudigital.cl\/sites\/vc\/"},{"@type":"ListItem","position":2,"name":"Con banda completa y en 3 ciudades: Lisandro Aristimu\u00f1o regresa a Chile"}]},{"@type":"WebSite","@id":"https:\/\/dev.antudigital.cl\/sites\/vc\/#website","url":"https:\/\/dev.antudigital.cl\/sites\/vc\/","name":"Valpara\u00ed\u00adso Creativo","description":"","potentialAction":[{"@type":"SearchAction","target":{"@type":"EntryPoint","urlTemplate":"https:\/\/dev.antudigital.cl\/sites\/vc\/?s={search_term_string}"},"query-input":{"@type":"PropertyValueSpecification","valueRequired":true,"valueName":"search_term_string"}}],"inLanguage":"es"},{"@type":"Person","@id":"https:\/\/dev.antudigital.cl\/sites\/vc\/#\/schema\/person\/c2b9da8dd545e27166fc5ab232837318","name":"Valpara\u00edso Creativo","description":"Periodista de cultura en la Regi\u00f3n de Valpara\u00edso.","url":"https:\/\/dev.antudigital.cl\/sites\/vc\/author\/valpoadmin\/"}]}},"_links":{"self":[{"href":"https:\/\/dev.antudigital.cl\/sites\/vc\/wp-json\/wp\/v2\/posts\/19652","targetHints":{"allow":["GET"]}}],"collection":[{"href":"https:\/\/dev.antudigital.cl\/sites\/vc\/wp-json\/wp\/v2\/posts"}],"about":[{"href":"https:\/\/dev.antudigital.cl\/sites\/vc\/wp-json\/wp\/v2\/types\/post"}],"author":[{"embeddable":true,"href":"https:\/\/dev.antudigital.cl\/sites\/vc\/wp-json\/wp\/v2\/users\/1"}],"replies":[{"embeddable":true,"href":"https:\/\/dev.antudigital.cl\/sites\/vc\/wp-json\/wp\/v2\/comments?post=19652"}],"version-history":[{"count":2,"href":"https:\/\/dev.antudigital.cl\/sites\/vc\/wp-json\/wp\/v2\/posts\/19652\/revisions"}],"predecessor-version":[{"id":19657,"href":"https:\/\/dev.antudigital.cl\/sites\/vc\/wp-json\/wp\/v2\/posts\/19652\/revisions\/19657"}],"wp:featuredmedia":[{"embeddable":true,"href":"https:\/\/dev.antudigital.cl\/sites\/vc\/wp-json\/wp\/v2\/media\/19653"}],"wp:attachment":[{"href":"https:\/\/dev.antudigital.cl\/sites\/vc\/wp-json\/wp\/v2\/media?parent=19652"}],"wp:term":[{"taxonomy":"category","embeddable":true,"href":"https:\/\/dev.antudigital.cl\/sites\/vc\/wp-json\/wp\/v2\/categories?post=19652"},{"taxonomy":"post_tag","embeddable":true,"href":"https:\/\/dev.antudigital.cl\/sites\/vc\/wp-json\/wp\/v2\/tags?post=19652"}],"curies":[{"name":"wp","href":"https:\/\/api.w.org\/{rel}","templated":true}]}}