{"id":19658,"date":"2024-07-08T18:24:13","date_gmt":"2024-07-08T18:24:13","guid":{"rendered":"https:\/\/www.valparaisocreativo.cl\/?p=19658"},"modified":"2024-07-08T18:24:30","modified_gmt":"2024-07-08T18:24:30","slug":"en-julio-continuan-los-martes-de-cine-chileno-en-el-teatro-municipal-pompeya-con-destacados-estrenos-nacionales-y-una-pelicula-de-aniversario","status":"publish","type":"post","link":"https:\/\/dev.antudigital.cl\/sites\/vc\/en-julio-continuan-los-martes-de-cine-chileno-en-el-teatro-municipal-pompeya-con-destacados-estrenos-nacionales-y-una-pelicula-de-aniversario\/","title":{"rendered":"En julio contin\u00faan los martes de cine chileno en el Teatro Municipal Pompeya con destacados estrenos nacionales y una pel\u00edcula de aniversario"},"content":{"rendered":"\n<p><em>\u201cQuiz\u00e1s es cierto lo que dicen de nosotras\u201d y \u201cMalqueridas\u201d son las cintas que tendr\u00e1n su estreno nacional en Villa Alemana.<\/em><\/p>\n\n\n\n<p>Tras cinco meses impulsando una cartelera con lo m\u00e1s novedoso y destacado del cine nacional, durante julio el&nbsp;<strong>Centro Cultural Quilpu\u00e9 Audiovisual<\/strong>&nbsp;en colaboraci\u00f3n con el<strong>&nbsp;Departamento de Cultura y Patrimonio de la Municipalidad de Villa Alemana<\/strong>, seguir\u00e1n realizando exhibiciones de cine chileno.<\/p>\n\n\n\n<p>Todas las funciones ser\u00e1n a las\u00a0<strong>18:30 horas<\/strong>\u00a0en el<strong>\u00a0Teatro Municipal Pompeya<\/strong>\u00a0con entrada completamente liberada y posterior a cada exhibici\u00f3n, habr\u00e1 conversatorios con directores\/as y diferentes personas del mundo cinematogr\u00e1fico nacional.<\/p>\n\n\n\n<figure class=\"wp-block-image size-large\"><img fetchpriority=\"high\" decoding=\"async\" width=\"1024\" height=\"704\" src=\"https:\/\/www.valparaisocreativo.cl\/wp-content\/uploads\/2024\/07\/F16_Malqueridas-1024x704.jpg\" alt=\"\" class=\"wp-image-19661\" srcset=\"https:\/\/dev.antudigital.cl\/sites\/vc\/wp-content\/uploads\/2024\/07\/F16_Malqueridas-1024x704.jpg 1024w, https:\/\/dev.antudigital.cl\/sites\/vc\/wp-content\/uploads\/2024\/07\/F16_Malqueridas-300x206.jpg 300w, https:\/\/dev.antudigital.cl\/sites\/vc\/wp-content\/uploads\/2024\/07\/F16_Malqueridas-768x528.jpg 768w, https:\/\/dev.antudigital.cl\/sites\/vc\/wp-content\/uploads\/2024\/07\/F16_Malqueridas-1080x743.jpg 1080w, https:\/\/dev.antudigital.cl\/sites\/vc\/wp-content\/uploads\/2024\/07\/F16_Malqueridas-1280x880.jpg 1280w, https:\/\/dev.antudigital.cl\/sites\/vc\/wp-content\/uploads\/2024\/07\/F16_Malqueridas-980x674.jpg 980w, https:\/\/dev.antudigital.cl\/sites\/vc\/wp-content\/uploads\/2024\/07\/F16_Malqueridas-480x330.jpg 480w, https:\/\/dev.antudigital.cl\/sites\/vc\/wp-content\/uploads\/2024\/07\/F16_Malqueridas-24x17.jpg 24w, https:\/\/dev.antudigital.cl\/sites\/vc\/wp-content\/uploads\/2024\/07\/F16_Malqueridas-36x25.jpg 36w, https:\/\/dev.antudigital.cl\/sites\/vc\/wp-content\/uploads\/2024\/07\/F16_Malqueridas-48x33.jpg 48w, https:\/\/dev.antudigital.cl\/sites\/vc\/wp-content\/uploads\/2024\/07\/F16_Malqueridas.jpg 1400w\" sizes=\"(max-width: 1024px) 100vw, 1024px\" \/><\/figure>\n\n\n\n<p><strong>Esta iniciativa cuenta con el financiamiento del Ministerio de las Culturas, las Artes y el Patrimonio<\/strong>&nbsp;a trav\u00e9s de su Programa de Apoyo a Organizaciones Culturales Colaboradoras&nbsp;y cuenta con la colaboraci\u00f3n de la&nbsp;<strong>Municipalidad de Villa Alemana y EFE Trenes Valpara\u00edso.<\/strong><\/p>\n\n\n\n<p>Para abrir la parrilla program\u00e1tica, el&nbsp;<strong>martes 9&nbsp;<\/strong>har\u00e1 su&nbsp;<strong>estreno nacional&nbsp;<\/strong>en la comuna<strong>&nbsp;<\/strong>la cinta&nbsp;<strong>\u201cQuiz\u00e1s es cierto lo que dicen de nosotras\u201d<\/strong>, dirigida por Sof\u00eda Paloma G\u00f3mez y Camilo Becerra. La pel\u00edcula est\u00e1 inspirada en la secta de Colliguay de \u2018Antares de la Luz\u2019 y es protagonizada por Aline Kuppenheim, Camila Roeschmann y Julia L\u00fcbbert.<\/p>\n\n\n\n<p>Luego, el&nbsp;<strong>martes 23<\/strong>&nbsp;para celebrar los 20 a\u00f1os de su aniversario, se exhibir\u00e1<strong>&nbsp;\u201cCachimba\u201d&nbsp;<\/strong>del director Silvio Caiozzi. Basado en el relato \u00abTaratuta Naturalez Muerta Con Cachimba\u00bb de Jos\u00e9 Donoso. En un tono de comedia ir\u00f3nica y delirante, la pel\u00edcula narra el \u00fanico momento importante de la vida de Marcos, que junto a su novia Hilda, descubren en el interior de una vetusta casona una colecci\u00f3n de cuadros de dudoso valor art\u00edstico. \u201cEl Museo\u201d y las \u201cObras de Arte\u201d est\u00e1n al cuidado de un viejo hura\u00f1o y alcoh\u00f3lico.<\/p>\n\n\n\n<p>Y a finales de mes, el\u00a0<strong>martes 30 se tendr\u00e1 una doble funci\u00f3n.\u00a0<\/strong>A las\u00a0<strong>16:00 horas<\/strong>, en el marco de las funciones de cine para personas mayores, se proyectar\u00e1\u00a0<strong>\u201cLa chupilca del diablo\u201d,<\/strong>\u00a0dirigida por Ignacio Rodr\u00edguez y protagonizada por Jaime Vadell.\u00a0<\/p>\n\n\n\n<figure class=\"wp-block-image size-full\"><img decoding=\"async\" width=\"1024\" height=\"577\" src=\"https:\/\/www.valparaisocreativo.cl\/wp-content\/uploads\/2024\/07\/Quizas-es-cierto.1.jpg\" alt=\"\" class=\"wp-image-19662\" srcset=\"https:\/\/dev.antudigital.cl\/sites\/vc\/wp-content\/uploads\/2024\/07\/Quizas-es-cierto.1.jpg 1024w, https:\/\/dev.antudigital.cl\/sites\/vc\/wp-content\/uploads\/2024\/07\/Quizas-es-cierto.1-300x169.jpg 300w, https:\/\/dev.antudigital.cl\/sites\/vc\/wp-content\/uploads\/2024\/07\/Quizas-es-cierto.1-768x433.jpg 768w, https:\/\/dev.antudigital.cl\/sites\/vc\/wp-content\/uploads\/2024\/07\/Quizas-es-cierto.1-980x552.jpg 980w, https:\/\/dev.antudigital.cl\/sites\/vc\/wp-content\/uploads\/2024\/07\/Quizas-es-cierto.1-480x270.jpg 480w, https:\/\/dev.antudigital.cl\/sites\/vc\/wp-content\/uploads\/2024\/07\/Quizas-es-cierto.1-24x14.jpg 24w, https:\/\/dev.antudigital.cl\/sites\/vc\/wp-content\/uploads\/2024\/07\/Quizas-es-cierto.1-36x20.jpg 36w, https:\/\/dev.antudigital.cl\/sites\/vc\/wp-content\/uploads\/2024\/07\/Quizas-es-cierto.1-48x27.jpg 48w\" sizes=\"(max-width: 1024px) 100vw, 1024px\" \/><\/figure>\n\n\n\n<p>Y luego a las&nbsp;<strong>18:30 horas<\/strong>&nbsp;ser\u00e1 el turno de<strong>&nbsp;\u201cMalqueridas\u201d<\/strong>, que dirigida por Tana Gilbert, es una historia que se centra en mujeres privadas de libertad que tambi\u00e9n son madres. Estas vivencias se construyen a trav\u00e9s de im\u00e1genes capturadas con celulares desde el interior del recinto penitenciario.<\/p>\n\n\n\n<p>El Centro Cultural Quilpu\u00e9 Audiovisual forma parte del Programa de Apoyo a Organizaciones Culturales Colaboradoras del Ministerio de las Culturas, las Artes y el Patrimonio, que busca fortalecer y dar continuidad a instituciones y organizaciones culturales de derecho privado y sin fines de lucro. Este programa adem\u00e1s es parte del Sistema de Financiamiento a Organizaciones e Infraestructura Cultural del Ministerio de las Culturas, las Artes y el Patrimonio que integra, articula y coordina de forma transversal los planes, programas y fondos orientados al fomento y apoyo de las organizaciones, de la infraestructura cultural, y de la mediaci\u00f3n art\u00edstica. Todo esto con una vocaci\u00f3n descentralizada, mecanismos participativos, y la promoci\u00f3n de la creaci\u00f3n de redes y asociaciones.<\/p>\n\n\n\n<p>Para m\u00e1s detalles sobre la cartelera mensual revisar&nbsp;<a href=\"http:\/\/www.quilpueaudiovisual.cl\/\" target=\"_blank\" rel=\"noreferrer noopener\">www.quilpueaudiovisual.cl<\/a><\/p>\n\n\n\n<p><strong>Redes sociales: @ccquilpueaudiovisual<\/strong><\/p>\n","protected":false},"excerpt":{"rendered":"<p>\u201cQuiz\u00e1s es cierto lo que dicen de nosotras\u201d y \u201cMalqueridas\u201d son las cintas que tendr\u00e1n su estreno nacional en Villa Alemana. Tras cinco meses impulsando una cartelera con lo m\u00e1s novedoso y destacado del cine nacional, durante julio el&nbsp;Centro Cultural Quilpu\u00e9 Audiovisual&nbsp;en colaboraci\u00f3n con el&nbsp;Departamento de Cultura y Patrimonio de la Municipalidad de Villa Alemana, [&hellip;]<\/p>\n","protected":false},"author":1,"featured_media":19659,"comment_status":"closed","ping_status":"closed","sticky":false,"template":"","format":"standard","meta":{"_acf_changed":false,"footnotes":""},"categories":[8],"tags":[],"class_list":["post-19658","post","type-post","status-publish","format-standard","has-post-thumbnail","hentry","category-noticia"],"acf":[],"yoast_head":"<!-- This site is optimized with the Yoast SEO plugin v27.1.1 - https:\/\/yoast.com\/product\/yoast-seo-wordpress\/ -->\n<title>En julio contin\u00faan los martes de cine chileno en el Teatro Municipal Pompeya con destacados estrenos nacionales y una pel\u00edcula de aniversario - Valpara\u00ed\u00adso Creativo<\/title>\n<meta name=\"robots\" content=\"index, follow, max-snippet:-1, max-image-preview:large, max-video-preview:-1\" \/>\n<link rel=\"canonical\" href=\"https:\/\/dev.antudigital.cl\/sites\/vc\/en-julio-continuan-los-martes-de-cine-chileno-en-el-teatro-municipal-pompeya-con-destacados-estrenos-nacionales-y-una-pelicula-de-aniversario\/\" \/>\n<meta property=\"og:locale\" content=\"es_ES\" \/>\n<meta property=\"og:type\" content=\"article\" \/>\n<meta property=\"og:title\" content=\"En julio contin\u00faan los martes de cine chileno en el Teatro Municipal Pompeya con destacados estrenos nacionales y una pel\u00edcula de aniversario - Valpara\u00ed\u00adso Creativo\" \/>\n<meta property=\"og:description\" content=\"\u201cQuiz\u00e1s es cierto lo que dicen de nosotras\u201d y \u201cMalqueridas\u201d son las cintas que tendr\u00e1n su estreno nacional en Villa Alemana. Tras cinco meses impulsando una cartelera con lo m\u00e1s novedoso y destacado del cine nacional, durante julio el&nbsp;Centro Cultural Quilpu\u00e9 Audiovisual&nbsp;en colaboraci\u00f3n con el&nbsp;Departamento de Cultura y Patrimonio de la Municipalidad de Villa Alemana, [&hellip;]\" \/>\n<meta property=\"og:url\" content=\"https:\/\/dev.antudigital.cl\/sites\/vc\/en-julio-continuan-los-martes-de-cine-chileno-en-el-teatro-municipal-pompeya-con-destacados-estrenos-nacionales-y-una-pelicula-de-aniversario\/\" \/>\n<meta property=\"og:site_name\" content=\"Valpara\u00ed\u00adso Creativo\" \/>\n<meta property=\"article:published_time\" content=\"2024-07-08T18:24:13+00:00\" \/>\n<meta property=\"article:modified_time\" content=\"2024-07-08T18:24:30+00:00\" \/>\n<meta property=\"og:image\" content=\"https:\/\/dev.antudigital.cl\/sites\/vc\/wp-content\/uploads\/2024\/07\/Cachimba_VA.jpg\" \/>\n\t<meta property=\"og:image:width\" content=\"2088\" \/>\n\t<meta property=\"og:image:height\" content=\"1387\" \/>\n\t<meta property=\"og:image:type\" content=\"image\/jpeg\" \/>\n<meta name=\"author\" content=\"Valpara\u00edso Creativo\" \/>\n<meta name=\"twitter:card\" content=\"summary_large_image\" \/>\n<meta name=\"twitter:label1\" content=\"Escrito por\" \/>\n\t<meta name=\"twitter:data1\" content=\"Valpara\u00edso Creativo\" \/>\n\t<meta name=\"twitter:label2\" content=\"Tiempo de lectura\" \/>\n\t<meta name=\"twitter:data2\" content=\"3 minutos\" \/>\n<script type=\"application\/ld+json\" class=\"yoast-schema-graph\">{\"@context\":\"https:\/\/schema.org\",\"@graph\":[{\"@type\":\"Article\",\"@id\":\"https:\/\/dev.antudigital.cl\/sites\/vc\/en-julio-continuan-los-martes-de-cine-chileno-en-el-teatro-municipal-pompeya-con-destacados-estrenos-nacionales-y-una-pelicula-de-aniversario\/#article\",\"isPartOf\":{\"@id\":\"https:\/\/dev.antudigital.cl\/sites\/vc\/en-julio-continuan-los-martes-de-cine-chileno-en-el-teatro-municipal-pompeya-con-destacados-estrenos-nacionales-y-una-pelicula-de-aniversario\/\"},\"author\":{\"name\":\"Valpara\u00edso Creativo\",\"@id\":\"https:\/\/dev.antudigital.cl\/sites\/vc\/#\/schema\/person\/c2b9da8dd545e27166fc5ab232837318\"},\"headline\":\"En julio contin\u00faan los martes de cine chileno en el Teatro Municipal Pompeya con destacados estrenos nacionales y una pel\u00edcula de aniversario\",\"datePublished\":\"2024-07-08T18:24:13+00:00\",\"dateModified\":\"2024-07-08T18:24:30+00:00\",\"mainEntityOfPage\":{\"@id\":\"https:\/\/dev.antudigital.cl\/sites\/vc\/en-julio-continuan-los-martes-de-cine-chileno-en-el-teatro-municipal-pompeya-con-destacados-estrenos-nacionales-y-una-pelicula-de-aniversario\/\"},\"wordCount\":582,\"image\":{\"@id\":\"https:\/\/dev.antudigital.cl\/sites\/vc\/en-julio-continuan-los-martes-de-cine-chileno-en-el-teatro-municipal-pompeya-con-destacados-estrenos-nacionales-y-una-pelicula-de-aniversario\/#primaryimage\"},\"thumbnailUrl\":\"https:\/\/dev.antudigital.cl\/sites\/vc\/wp-content\/uploads\/2024\/07\/Cachimba_VA.jpg\",\"articleSection\":[\"Noticia\"],\"inLanguage\":\"es\"},{\"@type\":\"WebPage\",\"@id\":\"https:\/\/dev.antudigital.cl\/sites\/vc\/en-julio-continuan-los-martes-de-cine-chileno-en-el-teatro-municipal-pompeya-con-destacados-estrenos-nacionales-y-una-pelicula-de-aniversario\/\",\"url\":\"https:\/\/dev.antudigital.cl\/sites\/vc\/en-julio-continuan-los-martes-de-cine-chileno-en-el-teatro-municipal-pompeya-con-destacados-estrenos-nacionales-y-una-pelicula-de-aniversario\/\",\"name\":\"En julio contin\u00faan los martes de cine chileno en el Teatro Municipal Pompeya con destacados estrenos nacionales y una pel\u00edcula de aniversario - Valpara\u00ed\u00adso Creativo\",\"isPartOf\":{\"@id\":\"https:\/\/dev.antudigital.cl\/sites\/vc\/#website\"},\"primaryImageOfPage\":{\"@id\":\"https:\/\/dev.antudigital.cl\/sites\/vc\/en-julio-continuan-los-martes-de-cine-chileno-en-el-teatro-municipal-pompeya-con-destacados-estrenos-nacionales-y-una-pelicula-de-aniversario\/#primaryimage\"},\"image\":{\"@id\":\"https:\/\/dev.antudigital.cl\/sites\/vc\/en-julio-continuan-los-martes-de-cine-chileno-en-el-teatro-municipal-pompeya-con-destacados-estrenos-nacionales-y-una-pelicula-de-aniversario\/#primaryimage\"},\"thumbnailUrl\":\"https:\/\/dev.antudigital.cl\/sites\/vc\/wp-content\/uploads\/2024\/07\/Cachimba_VA.jpg\",\"datePublished\":\"2024-07-08T18:24:13+00:00\",\"dateModified\":\"2024-07-08T18:24:30+00:00\",\"author\":{\"@id\":\"https:\/\/dev.antudigital.cl\/sites\/vc\/#\/schema\/person\/c2b9da8dd545e27166fc5ab232837318\"},\"breadcrumb\":{\"@id\":\"https:\/\/dev.antudigital.cl\/sites\/vc\/en-julio-continuan-los-martes-de-cine-chileno-en-el-teatro-municipal-pompeya-con-destacados-estrenos-nacionales-y-una-pelicula-de-aniversario\/#breadcrumb\"},\"inLanguage\":\"es\",\"potentialAction\":[{\"@type\":\"ReadAction\",\"target\":[\"https:\/\/dev.antudigital.cl\/sites\/vc\/en-julio-continuan-los-martes-de-cine-chileno-en-el-teatro-municipal-pompeya-con-destacados-estrenos-nacionales-y-una-pelicula-de-aniversario\/\"]}]},{\"@type\":\"ImageObject\",\"inLanguage\":\"es\",\"@id\":\"https:\/\/dev.antudigital.cl\/sites\/vc\/en-julio-continuan-los-martes-de-cine-chileno-en-el-teatro-municipal-pompeya-con-destacados-estrenos-nacionales-y-una-pelicula-de-aniversario\/#primaryimage\",\"url\":\"https:\/\/dev.antudigital.cl\/sites\/vc\/wp-content\/uploads\/2024\/07\/Cachimba_VA.jpg\",\"contentUrl\":\"https:\/\/dev.antudigital.cl\/sites\/vc\/wp-content\/uploads\/2024\/07\/Cachimba_VA.jpg\",\"width\":2088,\"height\":1387},{\"@type\":\"BreadcrumbList\",\"@id\":\"https:\/\/dev.antudigital.cl\/sites\/vc\/en-julio-continuan-los-martes-de-cine-chileno-en-el-teatro-municipal-pompeya-con-destacados-estrenos-nacionales-y-una-pelicula-de-aniversario\/#breadcrumb\",\"itemListElement\":[{\"@type\":\"ListItem\",\"position\":1,\"name\":\"Home\",\"item\":\"https:\/\/dev.antudigital.cl\/sites\/vc\/\"},{\"@type\":\"ListItem\",\"position\":2,\"name\":\"En julio contin\u00faan los martes de cine chileno en el Teatro Municipal Pompeya con destacados estrenos nacionales y una pel\u00edcula de aniversario\"}]},{\"@type\":\"WebSite\",\"@id\":\"https:\/\/dev.antudigital.cl\/sites\/vc\/#website\",\"url\":\"https:\/\/dev.antudigital.cl\/sites\/vc\/\",\"name\":\"Valpara\u00ed\u00adso Creativo\",\"description\":\"\",\"potentialAction\":[{\"@type\":\"SearchAction\",\"target\":{\"@type\":\"EntryPoint\",\"urlTemplate\":\"https:\/\/dev.antudigital.cl\/sites\/vc\/?s={search_term_string}\"},\"query-input\":{\"@type\":\"PropertyValueSpecification\",\"valueRequired\":true,\"valueName\":\"search_term_string\"}}],\"inLanguage\":\"es\"},{\"@type\":\"Person\",\"@id\":\"https:\/\/dev.antudigital.cl\/sites\/vc\/#\/schema\/person\/c2b9da8dd545e27166fc5ab232837318\",\"name\":\"Valpara\u00edso Creativo\",\"description\":\"Periodista de cultura en la Regi\u00f3n de Valpara\u00edso.\",\"url\":\"https:\/\/dev.antudigital.cl\/sites\/vc\/author\/valpoadmin\/\"}]}<\/script>\n<!-- \/ Yoast SEO plugin. -->","yoast_head_json":{"title":"En julio contin\u00faan los martes de cine chileno en el Teatro Municipal Pompeya con destacados estrenos nacionales y una pel\u00edcula de aniversario - Valpara\u00ed\u00adso Creativo","robots":{"index":"index","follow":"follow","max-snippet":"max-snippet:-1","max-image-preview":"max-image-preview:large","max-video-preview":"max-video-preview:-1"},"canonical":"https:\/\/dev.antudigital.cl\/sites\/vc\/en-julio-continuan-los-martes-de-cine-chileno-en-el-teatro-municipal-pompeya-con-destacados-estrenos-nacionales-y-una-pelicula-de-aniversario\/","og_locale":"es_ES","og_type":"article","og_title":"En julio contin\u00faan los martes de cine chileno en el Teatro Municipal Pompeya con destacados estrenos nacionales y una pel\u00edcula de aniversario - Valpara\u00ed\u00adso Creativo","og_description":"\u201cQuiz\u00e1s es cierto lo que dicen de nosotras\u201d y \u201cMalqueridas\u201d son las cintas que tendr\u00e1n su estreno nacional en Villa Alemana. Tras cinco meses impulsando una cartelera con lo m\u00e1s novedoso y destacado del cine nacional, durante julio el&nbsp;Centro Cultural Quilpu\u00e9 Audiovisual&nbsp;en colaboraci\u00f3n con el&nbsp;Departamento de Cultura y Patrimonio de la Municipalidad de Villa Alemana, [&hellip;]","og_url":"https:\/\/dev.antudigital.cl\/sites\/vc\/en-julio-continuan-los-martes-de-cine-chileno-en-el-teatro-municipal-pompeya-con-destacados-estrenos-nacionales-y-una-pelicula-de-aniversario\/","og_site_name":"Valpara\u00ed\u00adso Creativo","article_published_time":"2024-07-08T18:24:13+00:00","article_modified_time":"2024-07-08T18:24:30+00:00","og_image":[{"width":2088,"height":1387,"url":"https:\/\/dev.antudigital.cl\/sites\/vc\/wp-content\/uploads\/2024\/07\/Cachimba_VA.jpg","type":"image\/jpeg"}],"author":"Valpara\u00edso Creativo","twitter_card":"summary_large_image","twitter_misc":{"Escrito por":"Valpara\u00edso Creativo","Tiempo de lectura":"3 minutos"},"schema":{"@context":"https:\/\/schema.org","@graph":[{"@type":"Article","@id":"https:\/\/dev.antudigital.cl\/sites\/vc\/en-julio-continuan-los-martes-de-cine-chileno-en-el-teatro-municipal-pompeya-con-destacados-estrenos-nacionales-y-una-pelicula-de-aniversario\/#article","isPartOf":{"@id":"https:\/\/dev.antudigital.cl\/sites\/vc\/en-julio-continuan-los-martes-de-cine-chileno-en-el-teatro-municipal-pompeya-con-destacados-estrenos-nacionales-y-una-pelicula-de-aniversario\/"},"author":{"name":"Valpara\u00edso Creativo","@id":"https:\/\/dev.antudigital.cl\/sites\/vc\/#\/schema\/person\/c2b9da8dd545e27166fc5ab232837318"},"headline":"En julio contin\u00faan los martes de cine chileno en el Teatro Municipal Pompeya con destacados estrenos nacionales y una pel\u00edcula de aniversario","datePublished":"2024-07-08T18:24:13+00:00","dateModified":"2024-07-08T18:24:30+00:00","mainEntityOfPage":{"@id":"https:\/\/dev.antudigital.cl\/sites\/vc\/en-julio-continuan-los-martes-de-cine-chileno-en-el-teatro-municipal-pompeya-con-destacados-estrenos-nacionales-y-una-pelicula-de-aniversario\/"},"wordCount":582,"image":{"@id":"https:\/\/dev.antudigital.cl\/sites\/vc\/en-julio-continuan-los-martes-de-cine-chileno-en-el-teatro-municipal-pompeya-con-destacados-estrenos-nacionales-y-una-pelicula-de-aniversario\/#primaryimage"},"thumbnailUrl":"https:\/\/dev.antudigital.cl\/sites\/vc\/wp-content\/uploads\/2024\/07\/Cachimba_VA.jpg","articleSection":["Noticia"],"inLanguage":"es"},{"@type":"WebPage","@id":"https:\/\/dev.antudigital.cl\/sites\/vc\/en-julio-continuan-los-martes-de-cine-chileno-en-el-teatro-municipal-pompeya-con-destacados-estrenos-nacionales-y-una-pelicula-de-aniversario\/","url":"https:\/\/dev.antudigital.cl\/sites\/vc\/en-julio-continuan-los-martes-de-cine-chileno-en-el-teatro-municipal-pompeya-con-destacados-estrenos-nacionales-y-una-pelicula-de-aniversario\/","name":"En julio contin\u00faan los martes de cine chileno en el Teatro Municipal Pompeya con destacados estrenos nacionales y una pel\u00edcula de aniversario - Valpara\u00ed\u00adso Creativo","isPartOf":{"@id":"https:\/\/dev.antudigital.cl\/sites\/vc\/#website"},"primaryImageOfPage":{"@id":"https:\/\/dev.antudigital.cl\/sites\/vc\/en-julio-continuan-los-martes-de-cine-chileno-en-el-teatro-municipal-pompeya-con-destacados-estrenos-nacionales-y-una-pelicula-de-aniversario\/#primaryimage"},"image":{"@id":"https:\/\/dev.antudigital.cl\/sites\/vc\/en-julio-continuan-los-martes-de-cine-chileno-en-el-teatro-municipal-pompeya-con-destacados-estrenos-nacionales-y-una-pelicula-de-aniversario\/#primaryimage"},"thumbnailUrl":"https:\/\/dev.antudigital.cl\/sites\/vc\/wp-content\/uploads\/2024\/07\/Cachimba_VA.jpg","datePublished":"2024-07-08T18:24:13+00:00","dateModified":"2024-07-08T18:24:30+00:00","author":{"@id":"https:\/\/dev.antudigital.cl\/sites\/vc\/#\/schema\/person\/c2b9da8dd545e27166fc5ab232837318"},"breadcrumb":{"@id":"https:\/\/dev.antudigital.cl\/sites\/vc\/en-julio-continuan-los-martes-de-cine-chileno-en-el-teatro-municipal-pompeya-con-destacados-estrenos-nacionales-y-una-pelicula-de-aniversario\/#breadcrumb"},"inLanguage":"es","potentialAction":[{"@type":"ReadAction","target":["https:\/\/dev.antudigital.cl\/sites\/vc\/en-julio-continuan-los-martes-de-cine-chileno-en-el-teatro-municipal-pompeya-con-destacados-estrenos-nacionales-y-una-pelicula-de-aniversario\/"]}]},{"@type":"ImageObject","inLanguage":"es","@id":"https:\/\/dev.antudigital.cl\/sites\/vc\/en-julio-continuan-los-martes-de-cine-chileno-en-el-teatro-municipal-pompeya-con-destacados-estrenos-nacionales-y-una-pelicula-de-aniversario\/#primaryimage","url":"https:\/\/dev.antudigital.cl\/sites\/vc\/wp-content\/uploads\/2024\/07\/Cachimba_VA.jpg","contentUrl":"https:\/\/dev.antudigital.cl\/sites\/vc\/wp-content\/uploads\/2024\/07\/Cachimba_VA.jpg","width":2088,"height":1387},{"@type":"BreadcrumbList","@id":"https:\/\/dev.antudigital.cl\/sites\/vc\/en-julio-continuan-los-martes-de-cine-chileno-en-el-teatro-municipal-pompeya-con-destacados-estrenos-nacionales-y-una-pelicula-de-aniversario\/#breadcrumb","itemListElement":[{"@type":"ListItem","position":1,"name":"Home","item":"https:\/\/dev.antudigital.cl\/sites\/vc\/"},{"@type":"ListItem","position":2,"name":"En julio contin\u00faan los martes de cine chileno en el Teatro Municipal Pompeya con destacados estrenos nacionales y una pel\u00edcula de aniversario"}]},{"@type":"WebSite","@id":"https:\/\/dev.antudigital.cl\/sites\/vc\/#website","url":"https:\/\/dev.antudigital.cl\/sites\/vc\/","name":"Valpara\u00ed\u00adso Creativo","description":"","potentialAction":[{"@type":"SearchAction","target":{"@type":"EntryPoint","urlTemplate":"https:\/\/dev.antudigital.cl\/sites\/vc\/?s={search_term_string}"},"query-input":{"@type":"PropertyValueSpecification","valueRequired":true,"valueName":"search_term_string"}}],"inLanguage":"es"},{"@type":"Person","@id":"https:\/\/dev.antudigital.cl\/sites\/vc\/#\/schema\/person\/c2b9da8dd545e27166fc5ab232837318","name":"Valpara\u00edso Creativo","description":"Periodista de cultura en la Regi\u00f3n de Valpara\u00edso.","url":"https:\/\/dev.antudigital.cl\/sites\/vc\/author\/valpoadmin\/"}]}},"_links":{"self":[{"href":"https:\/\/dev.antudigital.cl\/sites\/vc\/wp-json\/wp\/v2\/posts\/19658","targetHints":{"allow":["GET"]}}],"collection":[{"href":"https:\/\/dev.antudigital.cl\/sites\/vc\/wp-json\/wp\/v2\/posts"}],"about":[{"href":"https:\/\/dev.antudigital.cl\/sites\/vc\/wp-json\/wp\/v2\/types\/post"}],"author":[{"embeddable":true,"href":"https:\/\/dev.antudigital.cl\/sites\/vc\/wp-json\/wp\/v2\/users\/1"}],"replies":[{"embeddable":true,"href":"https:\/\/dev.antudigital.cl\/sites\/vc\/wp-json\/wp\/v2\/comments?post=19658"}],"version-history":[{"count":1,"href":"https:\/\/dev.antudigital.cl\/sites\/vc\/wp-json\/wp\/v2\/posts\/19658\/revisions"}],"predecessor-version":[{"id":19663,"href":"https:\/\/dev.antudigital.cl\/sites\/vc\/wp-json\/wp\/v2\/posts\/19658\/revisions\/19663"}],"wp:featuredmedia":[{"embeddable":true,"href":"https:\/\/dev.antudigital.cl\/sites\/vc\/wp-json\/wp\/v2\/media\/19659"}],"wp:attachment":[{"href":"https:\/\/dev.antudigital.cl\/sites\/vc\/wp-json\/wp\/v2\/media?parent=19658"}],"wp:term":[{"taxonomy":"category","embeddable":true,"href":"https:\/\/dev.antudigital.cl\/sites\/vc\/wp-json\/wp\/v2\/categories?post=19658"},{"taxonomy":"post_tag","embeddable":true,"href":"https:\/\/dev.antudigital.cl\/sites\/vc\/wp-json\/wp\/v2\/tags?post=19658"}],"curies":[{"name":"wp","href":"https:\/\/api.w.org\/{rel}","templated":true}]}}