{"id":19664,"date":"2024-07-08T18:28:53","date_gmt":"2024-07-08T18:28:53","guid":{"rendered":"https:\/\/www.valparaisocreativo.cl\/?p=19664"},"modified":"2024-07-08T18:29:11","modified_gmt":"2024-07-08T18:29:11","slug":"el-cine-chileno-vuelve-a-la-ciudad-del-sol-con-estrenos-y-funciones-para-personas-mayores","status":"publish","type":"post","link":"https:\/\/dev.antudigital.cl\/sites\/vc\/el-cine-chileno-vuelve-a-la-ciudad-del-sol-con-estrenos-y-funciones-para-personas-mayores\/","title":{"rendered":"El cine chileno vuelve a la ciudad del sol con estrenos y funciones para personas mayores"},"content":{"rendered":"\n<p><em>Las pel\u00edculas se exhibir\u00e1n de forma gratuita en el Centro Cultural Daniel de La Vega, ubicado en calle Vicu\u00f1a Mackenna 684.<\/em><\/p>\n\n\n\n<p>Durante julio, el <strong>Centro Cultural Quilpu\u00e9 Audiovisual <\/strong>en colaboraci\u00f3n con la <strong>Municipalidad de Quilpu\u00e9 <\/strong>continuar\u00e1 con la cartelera anual de cine chileno con estrenos nacionales, funciones dirigidas al p\u00fablico escolar y personas mayores.<\/p>\n\n\n\n<p><br>Al respecto,\u00a0<strong>Sebasti\u00e1n Cartajena<\/strong>,\u00a0<strong>director art\u00edstico y programador de Quilpu\u00e9 Audiovisual\u00a0<\/strong>expresa:\u00a0<em>\u201cTras dos meses de receso, nos alegra volver con nuestra programaci\u00f3n, porque sabemos que ac\u00e1 tenemos un p\u00fablico muy expectante y \u00e1vido de ver y conversar sobre el cine chileno. As\u00ed que les dejamos a todas y todos invitados para seguir disfrutando de estrenos y cl\u00e1sicos nacionales\u201d.<\/em><br><\/p>\n\n\n\n<figure class=\"wp-block-image size-large\"><img fetchpriority=\"high\" decoding=\"async\" width=\"1024\" height=\"768\" src=\"https:\/\/www.valparaisocreativo.cl\/wp-content\/uploads\/2024\/07\/HYG-Quilpue-1024x768.jpg\" alt=\"\" class=\"wp-image-19669\" srcset=\"https:\/\/dev.antudigital.cl\/sites\/vc\/wp-content\/uploads\/2024\/07\/HYG-Quilpue-1024x768.jpg 1024w, https:\/\/dev.antudigital.cl\/sites\/vc\/wp-content\/uploads\/2024\/07\/HYG-Quilpue-300x225.jpg 300w, https:\/\/dev.antudigital.cl\/sites\/vc\/wp-content\/uploads\/2024\/07\/HYG-Quilpue-768x576.jpg 768w, https:\/\/dev.antudigital.cl\/sites\/vc\/wp-content\/uploads\/2024\/07\/HYG-Quilpue-1536x1152.jpg 1536w, https:\/\/dev.antudigital.cl\/sites\/vc\/wp-content\/uploads\/2024\/07\/HYG-Quilpue-510x382.jpg 510w, https:\/\/dev.antudigital.cl\/sites\/vc\/wp-content\/uploads\/2024\/07\/HYG-Quilpue-1080x810.jpg 1080w, https:\/\/dev.antudigital.cl\/sites\/vc\/wp-content\/uploads\/2024\/07\/HYG-Quilpue-1280x960.jpg 1280w, https:\/\/dev.antudigital.cl\/sites\/vc\/wp-content\/uploads\/2024\/07\/HYG-Quilpue-980x735.jpg 980w, https:\/\/dev.antudigital.cl\/sites\/vc\/wp-content\/uploads\/2024\/07\/HYG-Quilpue-480x360.jpg 480w, https:\/\/dev.antudigital.cl\/sites\/vc\/wp-content\/uploads\/2024\/07\/HYG-Quilpue-24x18.jpg 24w, https:\/\/dev.antudigital.cl\/sites\/vc\/wp-content\/uploads\/2024\/07\/HYG-Quilpue-36x27.jpg 36w, https:\/\/dev.antudigital.cl\/sites\/vc\/wp-content\/uploads\/2024\/07\/HYG-Quilpue-48x36.jpg 48w, https:\/\/dev.antudigital.cl\/sites\/vc\/wp-content\/uploads\/2024\/07\/HYG-Quilpue.jpg 1800w\" sizes=\"(max-width: 1024px) 100vw, 1024px\" \/><\/figure>\n\n\n\n<p>Las funciones se realizan todos los&nbsp;<strong>mi\u00e9rcoles<\/strong>&nbsp;a las&nbsp;<strong>19:00 horas&nbsp;<\/strong>en el&nbsp;<strong>Centro Cultural Daniel de La Vega<\/strong>, ubicado en calle Vicu\u00f1a Mackenna 684. La entrada es completamente liberada y posterior a cada funci\u00f3n se desarrollar\u00e1n instancias de di\u00e1logo y reflexi\u00f3n en torno a las pel\u00edculas.<\/p>\n\n\n\n<p><strong>Esta iniciativa cuenta con el financiamiento del Ministerio de las Culturas, las Artes y el Patrimonio<\/strong>&nbsp;a trav\u00e9s de su Programa de Apoyo a Organizaciones Culturales Colaboradoras&nbsp;y cuenta con el&nbsp;<strong>auspicio de la Municipalidad de Quilpu\u00e9<\/strong>&nbsp;y&nbsp;la&nbsp;<strong>colaboraci\u00f3n&nbsp;<\/strong>de&nbsp;<strong>EFE Trenes Valpara\u00edso.<\/strong><\/p>\n\n\n\n<p><strong>Programaci\u00f3n cine chileno<\/strong><\/p>\n\n\n\n<p>La cartelera comenzar\u00e1 el&nbsp;<strong>mi\u00e9rcoles 10 de julio<\/strong>&nbsp;con&nbsp;<strong>\u201cHistoria y geograf\u00eda\u201d<\/strong>, una comedia sobre la identidad nacional y el teatro dirigida por Bernardo Quesney. Protagonizada por&nbsp;<strong>Amparo Noguera junto a Catalina Saavedra<\/strong>, la cinta cuenta la historia de Gioconda Mart\u00ednez, una recordada actriz de televisi\u00f3n c\u00f3mica, que decide volver a su ciudad natal para montar una obra de teatro sobre la conquista de Chile y recuperar el reconocimiento art\u00edstico que crey\u00f3 haber perdido, pero que nunca tuvo.<\/p>\n\n\n\n<p>El\u00a0<strong>mi\u00e9rcoles 17<\/strong>\u00a0se proyectar\u00e1 el documental\u00a0<strong>\u201cMalqueridas\u201d<\/strong>. Dirigido por Tana Gilbert, la historia se centra en mujeres privadas de libertad que tambi\u00e9n son madres. Estas vivencias se construyen a trav\u00e9s de im\u00e1genes capturadas con celulares desde el interior del recinto penitenciario.<\/p>\n\n\n\n<figure class=\"wp-block-image size-full\"><img decoding=\"async\" width=\"768\" height=\"513\" src=\"https:\/\/www.valparaisocreativo.cl\/wp-content\/uploads\/2024\/07\/Fachada-CCDV.jpg\" alt=\"\" class=\"wp-image-19668\" srcset=\"https:\/\/dev.antudigital.cl\/sites\/vc\/wp-content\/uploads\/2024\/07\/Fachada-CCDV.jpg 768w, https:\/\/dev.antudigital.cl\/sites\/vc\/wp-content\/uploads\/2024\/07\/Fachada-CCDV-300x200.jpg 300w, https:\/\/dev.antudigital.cl\/sites\/vc\/wp-content\/uploads\/2024\/07\/Fachada-CCDV-480x321.jpg 480w, https:\/\/dev.antudigital.cl\/sites\/vc\/wp-content\/uploads\/2024\/07\/Fachada-CCDV-24x16.jpg 24w, https:\/\/dev.antudigital.cl\/sites\/vc\/wp-content\/uploads\/2024\/07\/Fachada-CCDV-36x24.jpg 36w, https:\/\/dev.antudigital.cl\/sites\/vc\/wp-content\/uploads\/2024\/07\/Fachada-CCDV-48x32.jpg 48w\" sizes=\"(max-width: 768px) 100vw, 768px\" \/><\/figure>\n\n\n\n<p>El&nbsp;<strong>mi\u00e9rcoles 24<\/strong>&nbsp;es el turno de&nbsp;<strong>\u201cAn\u00e1logos\u201d<\/strong>, la \u00faltima pel\u00edcula del director Jorge Olgu\u00edn.&nbsp;<strong>Protagonizada por los actores M\u00f3nica Carrasco y Jorge Gajardo (Los Venegas)<\/strong>, la historia de la pel\u00edcula se centra en una pareja de ancianos solitarios que quedan aislados mientras un cometa se aproxima a la Tierra hablando de los cuidados, la vejez y la salud mental.<\/p>\n\n\n\n<p>Y el&nbsp;<strong>mi\u00e9rcoles 31&nbsp;<\/strong>se mostrar\u00e1n dos pel\u00edculas en diferente horario. Primero, a las<strong>&nbsp;16:00 horas<\/strong>&nbsp;se exhibir\u00e1 el drama c\u00f3mico&nbsp;<strong>\u201cPadre Nuestro\u201d<\/strong>, pel\u00edcula protagonizada por Jaime Vadell y Francisco P\u00e9rez-Bannen que cuenta c\u00f3mo Caco, un anciano muy enfermo, decide terminar sus d\u00edas en compa\u00f1\u00eda de sus hijos y de las personas de las que lleva a\u00f1os distanciado. La acci\u00f3n transcurre en Valpara\u00edso y en Quintero, donde la familia tiene una casa en la playa.<\/p>\n\n\n\n<p>Y a las\u00a0<strong>19:00 horas<\/strong>, har\u00e1 su estreno nacional en la comuna el documental de Patricio Guzm\u00e1n,\u00a0<strong>\u201cEl primer a\u00f1o\u201d<\/strong>, el cual narra los acontecimientos ocurridos durante el primer a\u00f1o del gobierno de la Unidad Popular, en orden cronol\u00f3gico.<\/p>\n\n\n\n<figure class=\"wp-block-image size-large\"><img decoding=\"async\" width=\"819\" height=\"1024\" src=\"https:\/\/www.valparaisocreativo.cl\/wp-content\/uploads\/2024\/07\/CCQA_Cartelera-Julio-QP-819x1024.png\" alt=\"\" class=\"wp-image-19665\" srcset=\"https:\/\/dev.antudigital.cl\/sites\/vc\/wp-content\/uploads\/2024\/07\/CCQA_Cartelera-Julio-QP-819x1024.png 819w, https:\/\/dev.antudigital.cl\/sites\/vc\/wp-content\/uploads\/2024\/07\/CCQA_Cartelera-Julio-QP-240x300.png 240w, https:\/\/dev.antudigital.cl\/sites\/vc\/wp-content\/uploads\/2024\/07\/CCQA_Cartelera-Julio-QP-768x960.png 768w, https:\/\/dev.antudigital.cl\/sites\/vc\/wp-content\/uploads\/2024\/07\/CCQA_Cartelera-Julio-QP-980x1225.png 980w, https:\/\/dev.antudigital.cl\/sites\/vc\/wp-content\/uploads\/2024\/07\/CCQA_Cartelera-Julio-QP-480x600.png 480w, https:\/\/dev.antudigital.cl\/sites\/vc\/wp-content\/uploads\/2024\/07\/CCQA_Cartelera-Julio-QP-19x24.png 19w, https:\/\/dev.antudigital.cl\/sites\/vc\/wp-content\/uploads\/2024\/07\/CCQA_Cartelera-Julio-QP-29x36.png 29w, https:\/\/dev.antudigital.cl\/sites\/vc\/wp-content\/uploads\/2024\/07\/CCQA_Cartelera-Julio-QP-38x48.png 38w, https:\/\/dev.antudigital.cl\/sites\/vc\/wp-content\/uploads\/2024\/07\/CCQA_Cartelera-Julio-QP.png 1080w\" sizes=\"(max-width: 819px) 100vw, 819px\" \/><\/figure>\n\n\n\n<p>El Centro Cultural Quilpu\u00e9 Audiovisual forma parte del Programa de Apoyo a Organizaciones Culturales Colaboradoras del Ministerio de las Culturas, las Artes y el Patrimonio, que busca fortalecer y dar continuidad a instituciones y organizaciones culturales de derecho privado y sin fines de lucro. Este programa adem\u00e1s es parte del Sistema de Financiamiento a Organizaciones e Infraestructura Cultural del Ministerio de las Culturas, las Artes y el Patrimonio que integra, articula y coordina de forma transversal los planes, programas y fondos orientados al fomento y apoyo de las organizaciones, de la infraestructura cultural, y de la mediaci\u00f3n art\u00edstica. Todo esto con una vocaci\u00f3n descentralizada, mecanismos participativos, y la promoci\u00f3n de la creaci\u00f3n de redes y asociaciones.<\/p>\n\n\n\n<p>Para m\u00e1s detalles sobre la cartelera mensual revisar&nbsp;<a href=\"http:\/\/www.quilpueaudiovisual.cl\/\" target=\"_blank\" rel=\"noreferrer noopener\">www.quilpueaudiovisual.cl<\/a><\/p>\n\n\n\n<p><strong>Redes sociales: @ccquilpueaudiovisual<\/strong><\/p>\n","protected":false},"excerpt":{"rendered":"<p>Las pel\u00edculas se exhibir\u00e1n de forma gratuita en el Centro Cultural Daniel de La Vega, ubicado en calle Vicu\u00f1a Mackenna 684. Durante julio, el Centro Cultural Quilpu\u00e9 Audiovisual en colaboraci\u00f3n con la Municipalidad de Quilpu\u00e9 continuar\u00e1 con la cartelera anual de cine chileno con estrenos nacionales, funciones dirigidas al p\u00fablico escolar y personas mayores. Al [&hellip;]<\/p>\n","protected":false},"author":1,"featured_media":19666,"comment_status":"closed","ping_status":"closed","sticky":false,"template":"","format":"standard","meta":{"_acf_changed":false,"footnotes":""},"categories":[8],"tags":[],"class_list":["post-19664","post","type-post","status-publish","format-standard","has-post-thumbnail","hentry","category-noticia"],"acf":[],"yoast_head":"<!-- This site is optimized with the Yoast SEO plugin v27.1.1 - https:\/\/yoast.com\/product\/yoast-seo-wordpress\/ -->\n<title>El cine chileno vuelve a la ciudad del sol con estrenos y funciones para personas mayores - Valpara\u00ed\u00adso Creativo<\/title>\n<meta name=\"robots\" content=\"index, follow, max-snippet:-1, max-image-preview:large, max-video-preview:-1\" \/>\n<link rel=\"canonical\" href=\"https:\/\/dev.antudigital.cl\/sites\/vc\/el-cine-chileno-vuelve-a-la-ciudad-del-sol-con-estrenos-y-funciones-para-personas-mayores\/\" \/>\n<meta property=\"og:locale\" content=\"es_ES\" \/>\n<meta property=\"og:type\" content=\"article\" \/>\n<meta property=\"og:title\" content=\"El cine chileno vuelve a la ciudad del sol con estrenos y funciones para personas mayores - Valpara\u00ed\u00adso Creativo\" \/>\n<meta property=\"og:description\" content=\"Las pel\u00edculas se exhibir\u00e1n de forma gratuita en el Centro Cultural Daniel de La Vega, ubicado en calle Vicu\u00f1a Mackenna 684. Durante julio, el Centro Cultural Quilpu\u00e9 Audiovisual en colaboraci\u00f3n con la Municipalidad de Quilpu\u00e9 continuar\u00e1 con la cartelera anual de cine chileno con estrenos nacionales, funciones dirigidas al p\u00fablico escolar y personas mayores. Al [&hellip;]\" \/>\n<meta property=\"og:url\" content=\"https:\/\/dev.antudigital.cl\/sites\/vc\/el-cine-chileno-vuelve-a-la-ciudad-del-sol-con-estrenos-y-funciones-para-personas-mayores\/\" \/>\n<meta property=\"og:site_name\" content=\"Valpara\u00ed\u00adso Creativo\" \/>\n<meta property=\"article:published_time\" content=\"2024-07-08T18:28:53+00:00\" \/>\n<meta property=\"article:modified_time\" content=\"2024-07-08T18:29:11+00:00\" \/>\n<meta property=\"og:image\" content=\"https:\/\/dev.antudigital.cl\/sites\/vc\/wp-content\/uploads\/2024\/07\/El-primer-ano-QP.jpg\" \/>\n\t<meta property=\"og:image:width\" content=\"1476\" \/>\n\t<meta property=\"og:image:height\" content=\"1076\" \/>\n\t<meta property=\"og:image:type\" content=\"image\/jpeg\" \/>\n<meta name=\"author\" content=\"Valpara\u00edso Creativo\" \/>\n<meta name=\"twitter:card\" content=\"summary_large_image\" \/>\n<meta name=\"twitter:label1\" content=\"Escrito por\" \/>\n\t<meta name=\"twitter:data1\" content=\"Valpara\u00edso Creativo\" \/>\n\t<meta name=\"twitter:label2\" content=\"Tiempo de lectura\" \/>\n\t<meta name=\"twitter:data2\" content=\"4 minutos\" \/>\n<script type=\"application\/ld+json\" class=\"yoast-schema-graph\">{\"@context\":\"https:\/\/schema.org\",\"@graph\":[{\"@type\":\"Article\",\"@id\":\"https:\/\/dev.antudigital.cl\/sites\/vc\/el-cine-chileno-vuelve-a-la-ciudad-del-sol-con-estrenos-y-funciones-para-personas-mayores\/#article\",\"isPartOf\":{\"@id\":\"https:\/\/dev.antudigital.cl\/sites\/vc\/el-cine-chileno-vuelve-a-la-ciudad-del-sol-con-estrenos-y-funciones-para-personas-mayores\/\"},\"author\":{\"name\":\"Valpara\u00edso Creativo\",\"@id\":\"https:\/\/dev.antudigital.cl\/sites\/vc\/#\/schema\/person\/c2b9da8dd545e27166fc5ab232837318\"},\"headline\":\"El cine chileno vuelve a la ciudad del sol con estrenos y funciones para personas mayores\",\"datePublished\":\"2024-07-08T18:28:53+00:00\",\"dateModified\":\"2024-07-08T18:29:11+00:00\",\"mainEntityOfPage\":{\"@id\":\"https:\/\/dev.antudigital.cl\/sites\/vc\/el-cine-chileno-vuelve-a-la-ciudad-del-sol-con-estrenos-y-funciones-para-personas-mayores\/\"},\"wordCount\":725,\"image\":{\"@id\":\"https:\/\/dev.antudigital.cl\/sites\/vc\/el-cine-chileno-vuelve-a-la-ciudad-del-sol-con-estrenos-y-funciones-para-personas-mayores\/#primaryimage\"},\"thumbnailUrl\":\"https:\/\/dev.antudigital.cl\/sites\/vc\/wp-content\/uploads\/2024\/07\/El-primer-ano-QP.jpg\",\"articleSection\":[\"Noticia\"],\"inLanguage\":\"es\"},{\"@type\":\"WebPage\",\"@id\":\"https:\/\/dev.antudigital.cl\/sites\/vc\/el-cine-chileno-vuelve-a-la-ciudad-del-sol-con-estrenos-y-funciones-para-personas-mayores\/\",\"url\":\"https:\/\/dev.antudigital.cl\/sites\/vc\/el-cine-chileno-vuelve-a-la-ciudad-del-sol-con-estrenos-y-funciones-para-personas-mayores\/\",\"name\":\"El cine chileno vuelve a la ciudad del sol con estrenos y funciones para personas mayores - Valpara\u00ed\u00adso Creativo\",\"isPartOf\":{\"@id\":\"https:\/\/dev.antudigital.cl\/sites\/vc\/#website\"},\"primaryImageOfPage\":{\"@id\":\"https:\/\/dev.antudigital.cl\/sites\/vc\/el-cine-chileno-vuelve-a-la-ciudad-del-sol-con-estrenos-y-funciones-para-personas-mayores\/#primaryimage\"},\"image\":{\"@id\":\"https:\/\/dev.antudigital.cl\/sites\/vc\/el-cine-chileno-vuelve-a-la-ciudad-del-sol-con-estrenos-y-funciones-para-personas-mayores\/#primaryimage\"},\"thumbnailUrl\":\"https:\/\/dev.antudigital.cl\/sites\/vc\/wp-content\/uploads\/2024\/07\/El-primer-ano-QP.jpg\",\"datePublished\":\"2024-07-08T18:28:53+00:00\",\"dateModified\":\"2024-07-08T18:29:11+00:00\",\"author\":{\"@id\":\"https:\/\/dev.antudigital.cl\/sites\/vc\/#\/schema\/person\/c2b9da8dd545e27166fc5ab232837318\"},\"breadcrumb\":{\"@id\":\"https:\/\/dev.antudigital.cl\/sites\/vc\/el-cine-chileno-vuelve-a-la-ciudad-del-sol-con-estrenos-y-funciones-para-personas-mayores\/#breadcrumb\"},\"inLanguage\":\"es\",\"potentialAction\":[{\"@type\":\"ReadAction\",\"target\":[\"https:\/\/dev.antudigital.cl\/sites\/vc\/el-cine-chileno-vuelve-a-la-ciudad-del-sol-con-estrenos-y-funciones-para-personas-mayores\/\"]}]},{\"@type\":\"ImageObject\",\"inLanguage\":\"es\",\"@id\":\"https:\/\/dev.antudigital.cl\/sites\/vc\/el-cine-chileno-vuelve-a-la-ciudad-del-sol-con-estrenos-y-funciones-para-personas-mayores\/#primaryimage\",\"url\":\"https:\/\/dev.antudigital.cl\/sites\/vc\/wp-content\/uploads\/2024\/07\/El-primer-ano-QP.jpg\",\"contentUrl\":\"https:\/\/dev.antudigital.cl\/sites\/vc\/wp-content\/uploads\/2024\/07\/El-primer-ano-QP.jpg\",\"width\":1476,\"height\":1076},{\"@type\":\"BreadcrumbList\",\"@id\":\"https:\/\/dev.antudigital.cl\/sites\/vc\/el-cine-chileno-vuelve-a-la-ciudad-del-sol-con-estrenos-y-funciones-para-personas-mayores\/#breadcrumb\",\"itemListElement\":[{\"@type\":\"ListItem\",\"position\":1,\"name\":\"Home\",\"item\":\"https:\/\/dev.antudigital.cl\/sites\/vc\/\"},{\"@type\":\"ListItem\",\"position\":2,\"name\":\"El cine chileno vuelve a la ciudad del sol con estrenos y funciones para personas mayores\"}]},{\"@type\":\"WebSite\",\"@id\":\"https:\/\/dev.antudigital.cl\/sites\/vc\/#website\",\"url\":\"https:\/\/dev.antudigital.cl\/sites\/vc\/\",\"name\":\"Valpara\u00ed\u00adso Creativo\",\"description\":\"\",\"potentialAction\":[{\"@type\":\"SearchAction\",\"target\":{\"@type\":\"EntryPoint\",\"urlTemplate\":\"https:\/\/dev.antudigital.cl\/sites\/vc\/?s={search_term_string}\"},\"query-input\":{\"@type\":\"PropertyValueSpecification\",\"valueRequired\":true,\"valueName\":\"search_term_string\"}}],\"inLanguage\":\"es\"},{\"@type\":\"Person\",\"@id\":\"https:\/\/dev.antudigital.cl\/sites\/vc\/#\/schema\/person\/c2b9da8dd545e27166fc5ab232837318\",\"name\":\"Valpara\u00edso Creativo\",\"description\":\"Periodista de cultura en la Regi\u00f3n de Valpara\u00edso.\",\"url\":\"https:\/\/dev.antudigital.cl\/sites\/vc\/author\/valpoadmin\/\"}]}<\/script>\n<!-- \/ Yoast SEO plugin. -->","yoast_head_json":{"title":"El cine chileno vuelve a la ciudad del sol con estrenos y funciones para personas mayores - Valpara\u00ed\u00adso Creativo","robots":{"index":"index","follow":"follow","max-snippet":"max-snippet:-1","max-image-preview":"max-image-preview:large","max-video-preview":"max-video-preview:-1"},"canonical":"https:\/\/dev.antudigital.cl\/sites\/vc\/el-cine-chileno-vuelve-a-la-ciudad-del-sol-con-estrenos-y-funciones-para-personas-mayores\/","og_locale":"es_ES","og_type":"article","og_title":"El cine chileno vuelve a la ciudad del sol con estrenos y funciones para personas mayores - Valpara\u00ed\u00adso Creativo","og_description":"Las pel\u00edculas se exhibir\u00e1n de forma gratuita en el Centro Cultural Daniel de La Vega, ubicado en calle Vicu\u00f1a Mackenna 684. Durante julio, el Centro Cultural Quilpu\u00e9 Audiovisual en colaboraci\u00f3n con la Municipalidad de Quilpu\u00e9 continuar\u00e1 con la cartelera anual de cine chileno con estrenos nacionales, funciones dirigidas al p\u00fablico escolar y personas mayores. Al [&hellip;]","og_url":"https:\/\/dev.antudigital.cl\/sites\/vc\/el-cine-chileno-vuelve-a-la-ciudad-del-sol-con-estrenos-y-funciones-para-personas-mayores\/","og_site_name":"Valpara\u00ed\u00adso Creativo","article_published_time":"2024-07-08T18:28:53+00:00","article_modified_time":"2024-07-08T18:29:11+00:00","og_image":[{"width":1476,"height":1076,"url":"https:\/\/dev.antudigital.cl\/sites\/vc\/wp-content\/uploads\/2024\/07\/El-primer-ano-QP.jpg","type":"image\/jpeg"}],"author":"Valpara\u00edso Creativo","twitter_card":"summary_large_image","twitter_misc":{"Escrito por":"Valpara\u00edso Creativo","Tiempo de lectura":"4 minutos"},"schema":{"@context":"https:\/\/schema.org","@graph":[{"@type":"Article","@id":"https:\/\/dev.antudigital.cl\/sites\/vc\/el-cine-chileno-vuelve-a-la-ciudad-del-sol-con-estrenos-y-funciones-para-personas-mayores\/#article","isPartOf":{"@id":"https:\/\/dev.antudigital.cl\/sites\/vc\/el-cine-chileno-vuelve-a-la-ciudad-del-sol-con-estrenos-y-funciones-para-personas-mayores\/"},"author":{"name":"Valpara\u00edso Creativo","@id":"https:\/\/dev.antudigital.cl\/sites\/vc\/#\/schema\/person\/c2b9da8dd545e27166fc5ab232837318"},"headline":"El cine chileno vuelve a la ciudad del sol con estrenos y funciones para personas mayores","datePublished":"2024-07-08T18:28:53+00:00","dateModified":"2024-07-08T18:29:11+00:00","mainEntityOfPage":{"@id":"https:\/\/dev.antudigital.cl\/sites\/vc\/el-cine-chileno-vuelve-a-la-ciudad-del-sol-con-estrenos-y-funciones-para-personas-mayores\/"},"wordCount":725,"image":{"@id":"https:\/\/dev.antudigital.cl\/sites\/vc\/el-cine-chileno-vuelve-a-la-ciudad-del-sol-con-estrenos-y-funciones-para-personas-mayores\/#primaryimage"},"thumbnailUrl":"https:\/\/dev.antudigital.cl\/sites\/vc\/wp-content\/uploads\/2024\/07\/El-primer-ano-QP.jpg","articleSection":["Noticia"],"inLanguage":"es"},{"@type":"WebPage","@id":"https:\/\/dev.antudigital.cl\/sites\/vc\/el-cine-chileno-vuelve-a-la-ciudad-del-sol-con-estrenos-y-funciones-para-personas-mayores\/","url":"https:\/\/dev.antudigital.cl\/sites\/vc\/el-cine-chileno-vuelve-a-la-ciudad-del-sol-con-estrenos-y-funciones-para-personas-mayores\/","name":"El cine chileno vuelve a la ciudad del sol con estrenos y funciones para personas mayores - Valpara\u00ed\u00adso Creativo","isPartOf":{"@id":"https:\/\/dev.antudigital.cl\/sites\/vc\/#website"},"primaryImageOfPage":{"@id":"https:\/\/dev.antudigital.cl\/sites\/vc\/el-cine-chileno-vuelve-a-la-ciudad-del-sol-con-estrenos-y-funciones-para-personas-mayores\/#primaryimage"},"image":{"@id":"https:\/\/dev.antudigital.cl\/sites\/vc\/el-cine-chileno-vuelve-a-la-ciudad-del-sol-con-estrenos-y-funciones-para-personas-mayores\/#primaryimage"},"thumbnailUrl":"https:\/\/dev.antudigital.cl\/sites\/vc\/wp-content\/uploads\/2024\/07\/El-primer-ano-QP.jpg","datePublished":"2024-07-08T18:28:53+00:00","dateModified":"2024-07-08T18:29:11+00:00","author":{"@id":"https:\/\/dev.antudigital.cl\/sites\/vc\/#\/schema\/person\/c2b9da8dd545e27166fc5ab232837318"},"breadcrumb":{"@id":"https:\/\/dev.antudigital.cl\/sites\/vc\/el-cine-chileno-vuelve-a-la-ciudad-del-sol-con-estrenos-y-funciones-para-personas-mayores\/#breadcrumb"},"inLanguage":"es","potentialAction":[{"@type":"ReadAction","target":["https:\/\/dev.antudigital.cl\/sites\/vc\/el-cine-chileno-vuelve-a-la-ciudad-del-sol-con-estrenos-y-funciones-para-personas-mayores\/"]}]},{"@type":"ImageObject","inLanguage":"es","@id":"https:\/\/dev.antudigital.cl\/sites\/vc\/el-cine-chileno-vuelve-a-la-ciudad-del-sol-con-estrenos-y-funciones-para-personas-mayores\/#primaryimage","url":"https:\/\/dev.antudigital.cl\/sites\/vc\/wp-content\/uploads\/2024\/07\/El-primer-ano-QP.jpg","contentUrl":"https:\/\/dev.antudigital.cl\/sites\/vc\/wp-content\/uploads\/2024\/07\/El-primer-ano-QP.jpg","width":1476,"height":1076},{"@type":"BreadcrumbList","@id":"https:\/\/dev.antudigital.cl\/sites\/vc\/el-cine-chileno-vuelve-a-la-ciudad-del-sol-con-estrenos-y-funciones-para-personas-mayores\/#breadcrumb","itemListElement":[{"@type":"ListItem","position":1,"name":"Home","item":"https:\/\/dev.antudigital.cl\/sites\/vc\/"},{"@type":"ListItem","position":2,"name":"El cine chileno vuelve a la ciudad del sol con estrenos y funciones para personas mayores"}]},{"@type":"WebSite","@id":"https:\/\/dev.antudigital.cl\/sites\/vc\/#website","url":"https:\/\/dev.antudigital.cl\/sites\/vc\/","name":"Valpara\u00ed\u00adso Creativo","description":"","potentialAction":[{"@type":"SearchAction","target":{"@type":"EntryPoint","urlTemplate":"https:\/\/dev.antudigital.cl\/sites\/vc\/?s={search_term_string}"},"query-input":{"@type":"PropertyValueSpecification","valueRequired":true,"valueName":"search_term_string"}}],"inLanguage":"es"},{"@type":"Person","@id":"https:\/\/dev.antudigital.cl\/sites\/vc\/#\/schema\/person\/c2b9da8dd545e27166fc5ab232837318","name":"Valpara\u00edso Creativo","description":"Periodista de cultura en la Regi\u00f3n de Valpara\u00edso.","url":"https:\/\/dev.antudigital.cl\/sites\/vc\/author\/valpoadmin\/"}]}},"_links":{"self":[{"href":"https:\/\/dev.antudigital.cl\/sites\/vc\/wp-json\/wp\/v2\/posts\/19664","targetHints":{"allow":["GET"]}}],"collection":[{"href":"https:\/\/dev.antudigital.cl\/sites\/vc\/wp-json\/wp\/v2\/posts"}],"about":[{"href":"https:\/\/dev.antudigital.cl\/sites\/vc\/wp-json\/wp\/v2\/types\/post"}],"author":[{"embeddable":true,"href":"https:\/\/dev.antudigital.cl\/sites\/vc\/wp-json\/wp\/v2\/users\/1"}],"replies":[{"embeddable":true,"href":"https:\/\/dev.antudigital.cl\/sites\/vc\/wp-json\/wp\/v2\/comments?post=19664"}],"version-history":[{"count":1,"href":"https:\/\/dev.antudigital.cl\/sites\/vc\/wp-json\/wp\/v2\/posts\/19664\/revisions"}],"predecessor-version":[{"id":19670,"href":"https:\/\/dev.antudigital.cl\/sites\/vc\/wp-json\/wp\/v2\/posts\/19664\/revisions\/19670"}],"wp:featuredmedia":[{"embeddable":true,"href":"https:\/\/dev.antudigital.cl\/sites\/vc\/wp-json\/wp\/v2\/media\/19666"}],"wp:attachment":[{"href":"https:\/\/dev.antudigital.cl\/sites\/vc\/wp-json\/wp\/v2\/media?parent=19664"}],"wp:term":[{"taxonomy":"category","embeddable":true,"href":"https:\/\/dev.antudigital.cl\/sites\/vc\/wp-json\/wp\/v2\/categories?post=19664"},{"taxonomy":"post_tag","embeddable":true,"href":"https:\/\/dev.antudigital.cl\/sites\/vc\/wp-json\/wp\/v2\/tags?post=19664"}],"curies":[{"name":"wp","href":"https:\/\/api.w.org\/{rel}","templated":true}]}}