{"id":19671,"date":"2024-07-08T18:34:44","date_gmt":"2024-07-08T18:34:44","guid":{"rendered":"https:\/\/www.valparaisocreativo.cl\/?p=19671"},"modified":"2024-07-08T18:35:02","modified_gmt":"2024-07-08T18:35:02","slug":"casa-espacio-buenos-aires-824-presenta-exposicion-en-quintero-que-recopila-15-anos-de-trabajo-fotografico-y-editorial-en-valparaiso","status":"publish","type":"post","link":"https:\/\/dev.antudigital.cl\/sites\/vc\/casa-espacio-buenos-aires-824-presenta-exposicion-en-quintero-que-recopila-15-anos-de-trabajo-fotografico-y-editorial-en-valparaiso\/","title":{"rendered":"Casa Espacio Buenos Aires 824 presenta exposici\u00f3n en Quintero que recopila 15 a\u00f1os de trabajo fotogr\u00e1fico y editorial en Valpara\u00edso"},"content":{"rendered":"\n<ul class=\"wp-block-list\">\n<li><em>El recorrido visual, a trav\u00e9s de las obras de 24 artistas de Chile y el extranjero que han participado en el Festival Internacional de Fotograf\u00eda de Valpara\u00edso (FIFV), estar\u00e1 abierto al p\u00fablico del 2 de julio al 2 de agosto en la Sala de Exposiciones de la Casa Estaci\u00f3n, ubicada en Avenida Normadie 1789, plaza Ignacio Carrera Pinto.<\/em><\/li>\n<\/ul>\n\n\n\n<p>La muestra \u201cColecci\u00f3n Valpara\u00edso\u201d, es un conjunto de fotograf\u00edas y libros que re\u00fane el trabajo de diversos fot\u00f3grafos y fot\u00f3grafas que llevaron a cabo Residencias de Creaci\u00f3n en el marco del FIFV, encuentro que hace 15 a\u00f1os produce la organizaci\u00f3n cultural Casa Espacio Buenos Aires 824.<\/p>\n\n\n\n<p>Cada a\u00f1o, desde 2010, creadores de distintas latitudes viajan a Valpara\u00edso para dar cuenta del estado del mundo desde ese l\u00edmite geogr\u00e1fico. Son m\u00faltiples historias, sensibilidades, pr\u00e1cticas fotogr\u00e1ficas y cuestionamientos que se han posado sobre la ciudad puerto. La exhibici\u00f3n es una invitaci\u00f3n a sumergirse en el universo personal de cada autor y autora y, a la vez, en una propuesta colectiva.<\/p>\n\n\n\n<p>\u201cLa exposici\u00f3n tiene la l\u00f3gica de implementar una escritura fotogr\u00e1fica colectiva. Distintos artistas vienen a posar su est\u00e9tica, su punto de vista sobre la sociedad y nuestra \u00e9poca desde Valpara\u00edso. Con esa acci\u00f3n hemos generado un trabajo creativo que se plasma en libros y en esta exposici\u00f3n que re\u00fane im\u00e1genes de 24 fot\u00f3grafas y fot\u00f3grafos, pero que en el fondo no se plantea como una suma de autores, sino como un solo cuerpo de obra\u201d, reflexiona Rodrigo G\u00f3mez Rovira, director art\u00edstico de Casa Espacio, sobre este proyecto financiado por el Fondo Nacional de Desarrollo Cultural, y las Artes, \u00e1mbito regional de financiamiento, Convocatoria 2024.<\/p>\n\n\n\n<figure class=\"wp-block-image size-large\"><img fetchpriority=\"high\" decoding=\"async\" width=\"683\" height=\"1024\" src=\"https:\/\/www.valparaisocreativo.cl\/wp-content\/uploads\/2024\/07\/Coleccion-Valparaiso-2-1-683x1024.jpg\" alt=\"\" class=\"wp-image-19674\" srcset=\"https:\/\/dev.antudigital.cl\/sites\/vc\/wp-content\/uploads\/2024\/07\/Coleccion-Valparaiso-2-1-683x1024.jpg 683w, https:\/\/dev.antudigital.cl\/sites\/vc\/wp-content\/uploads\/2024\/07\/Coleccion-Valparaiso-2-1-200x300.jpg 200w, https:\/\/dev.antudigital.cl\/sites\/vc\/wp-content\/uploads\/2024\/07\/Coleccion-Valparaiso-2-1-768x1152.jpg 768w, https:\/\/dev.antudigital.cl\/sites\/vc\/wp-content\/uploads\/2024\/07\/Coleccion-Valparaiso-2-1-1024x1536.jpg 1024w, https:\/\/dev.antudigital.cl\/sites\/vc\/wp-content\/uploads\/2024\/07\/Coleccion-Valparaiso-2-1-1366x2048.jpg 1366w, https:\/\/dev.antudigital.cl\/sites\/vc\/wp-content\/uploads\/2024\/07\/Coleccion-Valparaiso-2-1-1080x1620.jpg 1080w, https:\/\/dev.antudigital.cl\/sites\/vc\/wp-content\/uploads\/2024\/07\/Coleccion-Valparaiso-2-1-1280x1920.jpg 1280w, https:\/\/dev.antudigital.cl\/sites\/vc\/wp-content\/uploads\/2024\/07\/Coleccion-Valparaiso-2-1-980x1470.jpg 980w, https:\/\/dev.antudigital.cl\/sites\/vc\/wp-content\/uploads\/2024\/07\/Coleccion-Valparaiso-2-1-480x720.jpg 480w, https:\/\/dev.antudigital.cl\/sites\/vc\/wp-content\/uploads\/2024\/07\/Coleccion-Valparaiso-2-1-16x24.jpg 16w, https:\/\/dev.antudigital.cl\/sites\/vc\/wp-content\/uploads\/2024\/07\/Coleccion-Valparaiso-2-1-24x36.jpg 24w, https:\/\/dev.antudigital.cl\/sites\/vc\/wp-content\/uploads\/2024\/07\/Coleccion-Valparaiso-2-1-32x48.jpg 32w, https:\/\/dev.antudigital.cl\/sites\/vc\/wp-content\/uploads\/2024\/07\/Coleccion-Valparaiso-2-1-scaled.jpg 1707w\" sizes=\"(max-width: 683px) 100vw, 683px\" \/><\/figure>\n\n\n\n<p>La exposici\u00f3n en Quintero se desarrolla gracias a la colaboraci\u00f3n de la Corporaci\u00f3n Municipal de Cultura y Turismo de esa comuna. El gerente de la Corporaci\u00f3n, Carlos Mu\u00f1oz Kusma, invita a toda la comunidad a vivir la experiencia de recorrer la exposici\u00f3n. \u201cLa muestra nos permite dar a conocer una caracter\u00edstica fundamental en la fotograf\u00eda que es su valor narrativo. Debido a su significado, esta disciplina art\u00edstica tiene una importante capacidad para contar historias, evocar emociones, capturar momentos en el tiempo de manera bastante v\u00edvida. Eso es precisamente lo que la gente descubrir\u00e1 cuando nos acompa\u00f1en en esta verdadera aventura que estamos realizando en nuestra sala de exposiciones\u201d, se\u00f1al\u00f3.<\/p>\n\n\n\n<p>En \u201cColecci\u00f3n Valpara\u00edso\u201d se presenta la obra de 24 autores y autoras relevantes de la escena fotogr\u00e1fica contempor\u00e1nea: Antoine d\u2019Agata (Francia), Arno Brignon (Francia), Jorg Br\u00fcggeman (Alemania), Juan Manuel Castro Prieto (Espa\u00f1a), Alexandre Christiaens (B\u00e9lgica), Claudine Doury (Francia), Gilles Favier (Francia), Alberto Garc\u00eda-Alix (Espa\u00f1a), Mat Jacob (Francia), Zoltan Jokay (Rumania), Marianne Maric (Francia), Cristina de Middel (Espa\u00f1a), Bertrand Meunier (Francia), Fran\u00e7oise Nu\u00f1ez (Francia), Anders Petersen (Suecia), Smith (Francia), Julia Toro (Chile), Juan Valbuena (Espa\u00f1a), Mauricio Valenzuela (Chile), Paolo Verzone (Italia), Catalina Martin-Chico (Francia\/Espa\u00f1a), Gisela Vol\u00e1 (Argentina), Mar\u00eda Santoyo (Espa\u00f1a) y Maya Goded (M\u00e9xico).<\/p>\n\n\n\n<figure class=\"wp-block-image size-large\"><img decoding=\"async\" width=\"1024\" height=\"1024\" src=\"https:\/\/www.valparaisocreativo.cl\/wp-content\/uploads\/2024\/07\/Coleccion-Valparaiso-4-1024x1024.jpg\" alt=\"\" class=\"wp-image-19672\" srcset=\"https:\/\/dev.antudigital.cl\/sites\/vc\/wp-content\/uploads\/2024\/07\/Coleccion-Valparaiso-4-1024x1024.jpg 1024w, https:\/\/dev.antudigital.cl\/sites\/vc\/wp-content\/uploads\/2024\/07\/Coleccion-Valparaiso-4-300x300.jpg 300w, https:\/\/dev.antudigital.cl\/sites\/vc\/wp-content\/uploads\/2024\/07\/Coleccion-Valparaiso-4-150x150.jpg 150w, https:\/\/dev.antudigital.cl\/sites\/vc\/wp-content\/uploads\/2024\/07\/Coleccion-Valparaiso-4-768x768.jpg 768w, https:\/\/dev.antudigital.cl\/sites\/vc\/wp-content\/uploads\/2024\/07\/Coleccion-Valparaiso-4-1536x1536.jpg 1536w, https:\/\/dev.antudigital.cl\/sites\/vc\/wp-content\/uploads\/2024\/07\/Coleccion-Valparaiso-4-2048x2048.jpg 2048w, https:\/\/dev.antudigital.cl\/sites\/vc\/wp-content\/uploads\/2024\/07\/Coleccion-Valparaiso-4-1080x1080.jpg 1080w, https:\/\/dev.antudigital.cl\/sites\/vc\/wp-content\/uploads\/2024\/07\/Coleccion-Valparaiso-4-1280x1280.jpg 1280w, https:\/\/dev.antudigital.cl\/sites\/vc\/wp-content\/uploads\/2024\/07\/Coleccion-Valparaiso-4-980x980.jpg 980w, https:\/\/dev.antudigital.cl\/sites\/vc\/wp-content\/uploads\/2024\/07\/Coleccion-Valparaiso-4-480x480.jpg 480w, https:\/\/dev.antudigital.cl\/sites\/vc\/wp-content\/uploads\/2024\/07\/Coleccion-Valparaiso-4-24x24.jpg 24w, https:\/\/dev.antudigital.cl\/sites\/vc\/wp-content\/uploads\/2024\/07\/Coleccion-Valparaiso-4-36x36.jpg 36w, https:\/\/dev.antudigital.cl\/sites\/vc\/wp-content\/uploads\/2024\/07\/Coleccion-Valparaiso-4-48x48.jpg 48w\" sizes=\"(max-width: 1024px) 100vw, 1024px\" \/><figcaption class=\"wp-element-caption\">valpa_40_6 001<\/figcaption><\/figure>\n\n\n\n<p>Adem\u00e1s de las fotograf\u00edas, en el recorrido se presenta la pr\u00e1ctica editorial a trav\u00e9s del cuerpo de obra de fotolibros que da el nombre a esta exposici\u00f3n. Cada publicaci\u00f3n de FIFV Ediciones, editorial de Casa Espacio Buenos Aires 824, est\u00e1 disponible para que el p\u00fablico recorra sus p\u00e1ginas y se sumerja en la materialidad del libro.&nbsp;<\/p>\n\n\n\n<p>La muestra permanecer\u00e1 abierta al p\u00fablico hasta el 2 de agosto en la Sala de Exposiciones de la Casa Estaci\u00f3n, ubicada en avenida Normandie 1789, plaza Ignacio Carrera Pinto, en Quintero, en horario de martes a viernes desde las 09:00 a 17:00 horas y s\u00e1bado desde las 10:00 a 17:00 horas.&nbsp;<\/p>\n","protected":false},"excerpt":{"rendered":"<p>La muestra \u201cColecci\u00f3n Valpara\u00edso\u201d, es un conjunto de fotograf\u00edas y libros que re\u00fane el trabajo de diversos fot\u00f3grafos y fot\u00f3grafas que llevaron a cabo Residencias de Creaci\u00f3n en el marco del FIFV, encuentro que hace 15 a\u00f1os produce la organizaci\u00f3n cultural Casa Espacio Buenos Aires 824. Cada a\u00f1o, desde 2010, creadores de distintas latitudes viajan [&hellip;]<\/p>\n","protected":false},"author":1,"featured_media":19673,"comment_status":"closed","ping_status":"closed","sticky":false,"template":"","format":"standard","meta":{"_acf_changed":false,"footnotes":""},"categories":[8],"tags":[],"class_list":["post-19671","post","type-post","status-publish","format-standard","has-post-thumbnail","hentry","category-noticia"],"acf":[],"yoast_head":"<!-- This site is optimized with the Yoast SEO plugin v27.1.1 - https:\/\/yoast.com\/product\/yoast-seo-wordpress\/ -->\n<title>Casa Espacio Buenos Aires 824 presenta exposici\u00f3n en Quintero que recopila 15 a\u00f1os de trabajo fotogr\u00e1fico y editorial en Valpara\u00edso - Valpara\u00ed\u00adso Creativo<\/title>\n<meta name=\"robots\" content=\"index, follow, max-snippet:-1, max-image-preview:large, max-video-preview:-1\" \/>\n<link rel=\"canonical\" href=\"https:\/\/dev.antudigital.cl\/sites\/vc\/casa-espacio-buenos-aires-824-presenta-exposicion-en-quintero-que-recopila-15-anos-de-trabajo-fotografico-y-editorial-en-valparaiso\/\" \/>\n<meta property=\"og:locale\" content=\"es_ES\" \/>\n<meta property=\"og:type\" content=\"article\" \/>\n<meta property=\"og:title\" content=\"Casa Espacio Buenos Aires 824 presenta exposici\u00f3n en Quintero que recopila 15 a\u00f1os de trabajo fotogr\u00e1fico y editorial en Valpara\u00edso - Valpara\u00ed\u00adso Creativo\" \/>\n<meta property=\"og:description\" content=\"La muestra \u201cColecci\u00f3n Valpara\u00edso\u201d, es un conjunto de fotograf\u00edas y libros que re\u00fane el trabajo de diversos fot\u00f3grafos y fot\u00f3grafas que llevaron a cabo Residencias de Creaci\u00f3n en el marco del FIFV, encuentro que hace 15 a\u00f1os produce la organizaci\u00f3n cultural Casa Espacio Buenos Aires 824. Cada a\u00f1o, desde 2010, creadores de distintas latitudes viajan [&hellip;]\" \/>\n<meta property=\"og:url\" content=\"https:\/\/dev.antudigital.cl\/sites\/vc\/casa-espacio-buenos-aires-824-presenta-exposicion-en-quintero-que-recopila-15-anos-de-trabajo-fotografico-y-editorial-en-valparaiso\/\" \/>\n<meta property=\"og:site_name\" content=\"Valpara\u00ed\u00adso Creativo\" \/>\n<meta property=\"article:published_time\" content=\"2024-07-08T18:34:44+00:00\" \/>\n<meta property=\"article:modified_time\" content=\"2024-07-08T18:35:02+00:00\" \/>\n<meta property=\"og:image\" content=\"https:\/\/dev.antudigital.cl\/sites\/vc\/wp-content\/uploads\/2024\/07\/Coleccion-Valparaiso-3-scaled.jpg\" \/>\n\t<meta property=\"og:image:width\" content=\"2560\" \/>\n\t<meta property=\"og:image:height\" content=\"2560\" \/>\n\t<meta property=\"og:image:type\" content=\"image\/jpeg\" \/>\n<meta name=\"author\" content=\"Valpara\u00edso Creativo\" \/>\n<meta name=\"twitter:card\" content=\"summary_large_image\" \/>\n<meta name=\"twitter:label1\" content=\"Escrito por\" \/>\n\t<meta name=\"twitter:data1\" content=\"Valpara\u00edso Creativo\" \/>\n\t<meta name=\"twitter:label2\" content=\"Tiempo de lectura\" \/>\n\t<meta name=\"twitter:data2\" content=\"4 minutos\" \/>\n<script type=\"application\/ld+json\" class=\"yoast-schema-graph\">{\"@context\":\"https:\/\/schema.org\",\"@graph\":[{\"@type\":\"Article\",\"@id\":\"https:\/\/dev.antudigital.cl\/sites\/vc\/casa-espacio-buenos-aires-824-presenta-exposicion-en-quintero-que-recopila-15-anos-de-trabajo-fotografico-y-editorial-en-valparaiso\/#article\",\"isPartOf\":{\"@id\":\"https:\/\/dev.antudigital.cl\/sites\/vc\/casa-espacio-buenos-aires-824-presenta-exposicion-en-quintero-que-recopila-15-anos-de-trabajo-fotografico-y-editorial-en-valparaiso\/\"},\"author\":{\"name\":\"Valpara\u00edso Creativo\",\"@id\":\"https:\/\/dev.antudigital.cl\/sites\/vc\/#\/schema\/person\/c2b9da8dd545e27166fc5ab232837318\"},\"headline\":\"Casa Espacio Buenos Aires 824 presenta exposici\u00f3n en Quintero que recopila 15 a\u00f1os de trabajo fotogr\u00e1fico y editorial en Valpara\u00edso\",\"datePublished\":\"2024-07-08T18:34:44+00:00\",\"dateModified\":\"2024-07-08T18:35:02+00:00\",\"mainEntityOfPage\":{\"@id\":\"https:\/\/dev.antudigital.cl\/sites\/vc\/casa-espacio-buenos-aires-824-presenta-exposicion-en-quintero-que-recopila-15-anos-de-trabajo-fotografico-y-editorial-en-valparaiso\/\"},\"wordCount\":665,\"image\":{\"@id\":\"https:\/\/dev.antudigital.cl\/sites\/vc\/casa-espacio-buenos-aires-824-presenta-exposicion-en-quintero-que-recopila-15-anos-de-trabajo-fotografico-y-editorial-en-valparaiso\/#primaryimage\"},\"thumbnailUrl\":\"https:\/\/dev.antudigital.cl\/sites\/vc\/wp-content\/uploads\/2024\/07\/Coleccion-Valparaiso-3-scaled.jpg\",\"articleSection\":[\"Noticia\"],\"inLanguage\":\"es\"},{\"@type\":\"WebPage\",\"@id\":\"https:\/\/dev.antudigital.cl\/sites\/vc\/casa-espacio-buenos-aires-824-presenta-exposicion-en-quintero-que-recopila-15-anos-de-trabajo-fotografico-y-editorial-en-valparaiso\/\",\"url\":\"https:\/\/dev.antudigital.cl\/sites\/vc\/casa-espacio-buenos-aires-824-presenta-exposicion-en-quintero-que-recopila-15-anos-de-trabajo-fotografico-y-editorial-en-valparaiso\/\",\"name\":\"Casa Espacio Buenos Aires 824 presenta exposici\u00f3n en Quintero que recopila 15 a\u00f1os de trabajo fotogr\u00e1fico y editorial en Valpara\u00edso - Valpara\u00ed\u00adso Creativo\",\"isPartOf\":{\"@id\":\"https:\/\/dev.antudigital.cl\/sites\/vc\/#website\"},\"primaryImageOfPage\":{\"@id\":\"https:\/\/dev.antudigital.cl\/sites\/vc\/casa-espacio-buenos-aires-824-presenta-exposicion-en-quintero-que-recopila-15-anos-de-trabajo-fotografico-y-editorial-en-valparaiso\/#primaryimage\"},\"image\":{\"@id\":\"https:\/\/dev.antudigital.cl\/sites\/vc\/casa-espacio-buenos-aires-824-presenta-exposicion-en-quintero-que-recopila-15-anos-de-trabajo-fotografico-y-editorial-en-valparaiso\/#primaryimage\"},\"thumbnailUrl\":\"https:\/\/dev.antudigital.cl\/sites\/vc\/wp-content\/uploads\/2024\/07\/Coleccion-Valparaiso-3-scaled.jpg\",\"datePublished\":\"2024-07-08T18:34:44+00:00\",\"dateModified\":\"2024-07-08T18:35:02+00:00\",\"author\":{\"@id\":\"https:\/\/dev.antudigital.cl\/sites\/vc\/#\/schema\/person\/c2b9da8dd545e27166fc5ab232837318\"},\"breadcrumb\":{\"@id\":\"https:\/\/dev.antudigital.cl\/sites\/vc\/casa-espacio-buenos-aires-824-presenta-exposicion-en-quintero-que-recopila-15-anos-de-trabajo-fotografico-y-editorial-en-valparaiso\/#breadcrumb\"},\"inLanguage\":\"es\",\"potentialAction\":[{\"@type\":\"ReadAction\",\"target\":[\"https:\/\/dev.antudigital.cl\/sites\/vc\/casa-espacio-buenos-aires-824-presenta-exposicion-en-quintero-que-recopila-15-anos-de-trabajo-fotografico-y-editorial-en-valparaiso\/\"]}]},{\"@type\":\"ImageObject\",\"inLanguage\":\"es\",\"@id\":\"https:\/\/dev.antudigital.cl\/sites\/vc\/casa-espacio-buenos-aires-824-presenta-exposicion-en-quintero-que-recopila-15-anos-de-trabajo-fotografico-y-editorial-en-valparaiso\/#primaryimage\",\"url\":\"https:\/\/dev.antudigital.cl\/sites\/vc\/wp-content\/uploads\/2024\/07\/Coleccion-Valparaiso-3-scaled.jpg\",\"contentUrl\":\"https:\/\/dev.antudigital.cl\/sites\/vc\/wp-content\/uploads\/2024\/07\/Coleccion-Valparaiso-3-scaled.jpg\",\"width\":2560,\"height\":2560},{\"@type\":\"BreadcrumbList\",\"@id\":\"https:\/\/dev.antudigital.cl\/sites\/vc\/casa-espacio-buenos-aires-824-presenta-exposicion-en-quintero-que-recopila-15-anos-de-trabajo-fotografico-y-editorial-en-valparaiso\/#breadcrumb\",\"itemListElement\":[{\"@type\":\"ListItem\",\"position\":1,\"name\":\"Home\",\"item\":\"https:\/\/dev.antudigital.cl\/sites\/vc\/\"},{\"@type\":\"ListItem\",\"position\":2,\"name\":\"Casa Espacio Buenos Aires 824 presenta exposici\u00f3n en Quintero que recopila 15 a\u00f1os de trabajo fotogr\u00e1fico y editorial en Valpara\u00edso\"}]},{\"@type\":\"WebSite\",\"@id\":\"https:\/\/dev.antudigital.cl\/sites\/vc\/#website\",\"url\":\"https:\/\/dev.antudigital.cl\/sites\/vc\/\",\"name\":\"Valpara\u00ed\u00adso Creativo\",\"description\":\"\",\"potentialAction\":[{\"@type\":\"SearchAction\",\"target\":{\"@type\":\"EntryPoint\",\"urlTemplate\":\"https:\/\/dev.antudigital.cl\/sites\/vc\/?s={search_term_string}\"},\"query-input\":{\"@type\":\"PropertyValueSpecification\",\"valueRequired\":true,\"valueName\":\"search_term_string\"}}],\"inLanguage\":\"es\"},{\"@type\":\"Person\",\"@id\":\"https:\/\/dev.antudigital.cl\/sites\/vc\/#\/schema\/person\/c2b9da8dd545e27166fc5ab232837318\",\"name\":\"Valpara\u00edso Creativo\",\"description\":\"Periodista de cultura en la Regi\u00f3n de Valpara\u00edso.\",\"url\":\"https:\/\/dev.antudigital.cl\/sites\/vc\/author\/valpoadmin\/\"}]}<\/script>\n<!-- \/ Yoast SEO plugin. -->","yoast_head_json":{"title":"Casa Espacio Buenos Aires 824 presenta exposici\u00f3n en Quintero que recopila 15 a\u00f1os de trabajo fotogr\u00e1fico y editorial en Valpara\u00edso - Valpara\u00ed\u00adso Creativo","robots":{"index":"index","follow":"follow","max-snippet":"max-snippet:-1","max-image-preview":"max-image-preview:large","max-video-preview":"max-video-preview:-1"},"canonical":"https:\/\/dev.antudigital.cl\/sites\/vc\/casa-espacio-buenos-aires-824-presenta-exposicion-en-quintero-que-recopila-15-anos-de-trabajo-fotografico-y-editorial-en-valparaiso\/","og_locale":"es_ES","og_type":"article","og_title":"Casa Espacio Buenos Aires 824 presenta exposici\u00f3n en Quintero que recopila 15 a\u00f1os de trabajo fotogr\u00e1fico y editorial en Valpara\u00edso - Valpara\u00ed\u00adso Creativo","og_description":"La muestra \u201cColecci\u00f3n Valpara\u00edso\u201d, es un conjunto de fotograf\u00edas y libros que re\u00fane el trabajo de diversos fot\u00f3grafos y fot\u00f3grafas que llevaron a cabo Residencias de Creaci\u00f3n en el marco del FIFV, encuentro que hace 15 a\u00f1os produce la organizaci\u00f3n cultural Casa Espacio Buenos Aires 824. Cada a\u00f1o, desde 2010, creadores de distintas latitudes viajan [&hellip;]","og_url":"https:\/\/dev.antudigital.cl\/sites\/vc\/casa-espacio-buenos-aires-824-presenta-exposicion-en-quintero-que-recopila-15-anos-de-trabajo-fotografico-y-editorial-en-valparaiso\/","og_site_name":"Valpara\u00ed\u00adso Creativo","article_published_time":"2024-07-08T18:34:44+00:00","article_modified_time":"2024-07-08T18:35:02+00:00","og_image":[{"width":2560,"height":2560,"url":"https:\/\/dev.antudigital.cl\/sites\/vc\/wp-content\/uploads\/2024\/07\/Coleccion-Valparaiso-3-scaled.jpg","type":"image\/jpeg"}],"author":"Valpara\u00edso Creativo","twitter_card":"summary_large_image","twitter_misc":{"Escrito por":"Valpara\u00edso Creativo","Tiempo de lectura":"4 minutos"},"schema":{"@context":"https:\/\/schema.org","@graph":[{"@type":"Article","@id":"https:\/\/dev.antudigital.cl\/sites\/vc\/casa-espacio-buenos-aires-824-presenta-exposicion-en-quintero-que-recopila-15-anos-de-trabajo-fotografico-y-editorial-en-valparaiso\/#article","isPartOf":{"@id":"https:\/\/dev.antudigital.cl\/sites\/vc\/casa-espacio-buenos-aires-824-presenta-exposicion-en-quintero-que-recopila-15-anos-de-trabajo-fotografico-y-editorial-en-valparaiso\/"},"author":{"name":"Valpara\u00edso Creativo","@id":"https:\/\/dev.antudigital.cl\/sites\/vc\/#\/schema\/person\/c2b9da8dd545e27166fc5ab232837318"},"headline":"Casa Espacio Buenos Aires 824 presenta exposici\u00f3n en Quintero que recopila 15 a\u00f1os de trabajo fotogr\u00e1fico y editorial en Valpara\u00edso","datePublished":"2024-07-08T18:34:44+00:00","dateModified":"2024-07-08T18:35:02+00:00","mainEntityOfPage":{"@id":"https:\/\/dev.antudigital.cl\/sites\/vc\/casa-espacio-buenos-aires-824-presenta-exposicion-en-quintero-que-recopila-15-anos-de-trabajo-fotografico-y-editorial-en-valparaiso\/"},"wordCount":665,"image":{"@id":"https:\/\/dev.antudigital.cl\/sites\/vc\/casa-espacio-buenos-aires-824-presenta-exposicion-en-quintero-que-recopila-15-anos-de-trabajo-fotografico-y-editorial-en-valparaiso\/#primaryimage"},"thumbnailUrl":"https:\/\/dev.antudigital.cl\/sites\/vc\/wp-content\/uploads\/2024\/07\/Coleccion-Valparaiso-3-scaled.jpg","articleSection":["Noticia"],"inLanguage":"es"},{"@type":"WebPage","@id":"https:\/\/dev.antudigital.cl\/sites\/vc\/casa-espacio-buenos-aires-824-presenta-exposicion-en-quintero-que-recopila-15-anos-de-trabajo-fotografico-y-editorial-en-valparaiso\/","url":"https:\/\/dev.antudigital.cl\/sites\/vc\/casa-espacio-buenos-aires-824-presenta-exposicion-en-quintero-que-recopila-15-anos-de-trabajo-fotografico-y-editorial-en-valparaiso\/","name":"Casa Espacio Buenos Aires 824 presenta exposici\u00f3n en Quintero que recopila 15 a\u00f1os de trabajo fotogr\u00e1fico y editorial en Valpara\u00edso - Valpara\u00ed\u00adso Creativo","isPartOf":{"@id":"https:\/\/dev.antudigital.cl\/sites\/vc\/#website"},"primaryImageOfPage":{"@id":"https:\/\/dev.antudigital.cl\/sites\/vc\/casa-espacio-buenos-aires-824-presenta-exposicion-en-quintero-que-recopila-15-anos-de-trabajo-fotografico-y-editorial-en-valparaiso\/#primaryimage"},"image":{"@id":"https:\/\/dev.antudigital.cl\/sites\/vc\/casa-espacio-buenos-aires-824-presenta-exposicion-en-quintero-que-recopila-15-anos-de-trabajo-fotografico-y-editorial-en-valparaiso\/#primaryimage"},"thumbnailUrl":"https:\/\/dev.antudigital.cl\/sites\/vc\/wp-content\/uploads\/2024\/07\/Coleccion-Valparaiso-3-scaled.jpg","datePublished":"2024-07-08T18:34:44+00:00","dateModified":"2024-07-08T18:35:02+00:00","author":{"@id":"https:\/\/dev.antudigital.cl\/sites\/vc\/#\/schema\/person\/c2b9da8dd545e27166fc5ab232837318"},"breadcrumb":{"@id":"https:\/\/dev.antudigital.cl\/sites\/vc\/casa-espacio-buenos-aires-824-presenta-exposicion-en-quintero-que-recopila-15-anos-de-trabajo-fotografico-y-editorial-en-valparaiso\/#breadcrumb"},"inLanguage":"es","potentialAction":[{"@type":"ReadAction","target":["https:\/\/dev.antudigital.cl\/sites\/vc\/casa-espacio-buenos-aires-824-presenta-exposicion-en-quintero-que-recopila-15-anos-de-trabajo-fotografico-y-editorial-en-valparaiso\/"]}]},{"@type":"ImageObject","inLanguage":"es","@id":"https:\/\/dev.antudigital.cl\/sites\/vc\/casa-espacio-buenos-aires-824-presenta-exposicion-en-quintero-que-recopila-15-anos-de-trabajo-fotografico-y-editorial-en-valparaiso\/#primaryimage","url":"https:\/\/dev.antudigital.cl\/sites\/vc\/wp-content\/uploads\/2024\/07\/Coleccion-Valparaiso-3-scaled.jpg","contentUrl":"https:\/\/dev.antudigital.cl\/sites\/vc\/wp-content\/uploads\/2024\/07\/Coleccion-Valparaiso-3-scaled.jpg","width":2560,"height":2560},{"@type":"BreadcrumbList","@id":"https:\/\/dev.antudigital.cl\/sites\/vc\/casa-espacio-buenos-aires-824-presenta-exposicion-en-quintero-que-recopila-15-anos-de-trabajo-fotografico-y-editorial-en-valparaiso\/#breadcrumb","itemListElement":[{"@type":"ListItem","position":1,"name":"Home","item":"https:\/\/dev.antudigital.cl\/sites\/vc\/"},{"@type":"ListItem","position":2,"name":"Casa Espacio Buenos Aires 824 presenta exposici\u00f3n en Quintero que recopila 15 a\u00f1os de trabajo fotogr\u00e1fico y editorial en Valpara\u00edso"}]},{"@type":"WebSite","@id":"https:\/\/dev.antudigital.cl\/sites\/vc\/#website","url":"https:\/\/dev.antudigital.cl\/sites\/vc\/","name":"Valpara\u00ed\u00adso Creativo","description":"","potentialAction":[{"@type":"SearchAction","target":{"@type":"EntryPoint","urlTemplate":"https:\/\/dev.antudigital.cl\/sites\/vc\/?s={search_term_string}"},"query-input":{"@type":"PropertyValueSpecification","valueRequired":true,"valueName":"search_term_string"}}],"inLanguage":"es"},{"@type":"Person","@id":"https:\/\/dev.antudigital.cl\/sites\/vc\/#\/schema\/person\/c2b9da8dd545e27166fc5ab232837318","name":"Valpara\u00edso Creativo","description":"Periodista de cultura en la Regi\u00f3n de Valpara\u00edso.","url":"https:\/\/dev.antudigital.cl\/sites\/vc\/author\/valpoadmin\/"}]}},"_links":{"self":[{"href":"https:\/\/dev.antudigital.cl\/sites\/vc\/wp-json\/wp\/v2\/posts\/19671","targetHints":{"allow":["GET"]}}],"collection":[{"href":"https:\/\/dev.antudigital.cl\/sites\/vc\/wp-json\/wp\/v2\/posts"}],"about":[{"href":"https:\/\/dev.antudigital.cl\/sites\/vc\/wp-json\/wp\/v2\/types\/post"}],"author":[{"embeddable":true,"href":"https:\/\/dev.antudigital.cl\/sites\/vc\/wp-json\/wp\/v2\/users\/1"}],"replies":[{"embeddable":true,"href":"https:\/\/dev.antudigital.cl\/sites\/vc\/wp-json\/wp\/v2\/comments?post=19671"}],"version-history":[{"count":1,"href":"https:\/\/dev.antudigital.cl\/sites\/vc\/wp-json\/wp\/v2\/posts\/19671\/revisions"}],"predecessor-version":[{"id":19675,"href":"https:\/\/dev.antudigital.cl\/sites\/vc\/wp-json\/wp\/v2\/posts\/19671\/revisions\/19675"}],"wp:featuredmedia":[{"embeddable":true,"href":"https:\/\/dev.antudigital.cl\/sites\/vc\/wp-json\/wp\/v2\/media\/19673"}],"wp:attachment":[{"href":"https:\/\/dev.antudigital.cl\/sites\/vc\/wp-json\/wp\/v2\/media?parent=19671"}],"wp:term":[{"taxonomy":"category","embeddable":true,"href":"https:\/\/dev.antudigital.cl\/sites\/vc\/wp-json\/wp\/v2\/categories?post=19671"},{"taxonomy":"post_tag","embeddable":true,"href":"https:\/\/dev.antudigital.cl\/sites\/vc\/wp-json\/wp\/v2\/tags?post=19671"}],"curies":[{"name":"wp","href":"https:\/\/api.w.org\/{rel}","templated":true}]}}