{"id":19676,"date":"2024-07-08T18:38:13","date_gmt":"2024-07-08T18:38:13","guid":{"rendered":"https:\/\/www.valparaisocreativo.cl\/?p=19676"},"modified":"2024-07-08T18:38:30","modified_gmt":"2024-07-08T18:38:30","slug":"talleres-de-titulo-de-la-escuela-de-teatro-uv-se-presentan-con-entrada-liberada","status":"publish","type":"post","link":"https:\/\/dev.antudigital.cl\/sites\/vc\/talleres-de-titulo-de-la-escuela-de-teatro-uv-se-presentan-con-entrada-liberada\/","title":{"rendered":"TALLERES DE T\u00cdTULO DE LA ESCUELA DE TEATRO UV SE PRESENTAN CON ENTRADA LIBERADA"},"content":{"rendered":"\n<p><strong>Los jueves 11 y 18 de julio a las 19:00 horas se estrenan los dos Talleres de T\u00edtulo de la Escuela de Teatro UV.&nbsp;<\/strong>Primero se presenta \u201cLa Remolienda\u201d, escrita por el dramaturgo chileno Alejandro Sieveking y dirigida por Mar\u00eda Jos\u00e9 Pizarro, y a la siguiente semana \u201cNegro Animal Tristeza\u201d, escrita por la dramaturga alemana Anja Hilling y dirigida por Rodrigo Aro.&nbsp;<\/p>\n\n\n\n<p>Estos hitos son muy importantes para la Escuela de Teatro UV, a trav\u00e9s de ellos 29 estudiantes se abren camino al mundo profesional como actores y actrices. Se realizar\u00e1n&nbsp; seis funciones con entrada liberada por cada Taller.&nbsp;<strong>Claudio Mar\u00edn, director de la Escuela de Teatro UV<\/strong>, se\u00f1ala:<\/p>\n\n\n\n<p>\u201cAsumir un texto cl\u00e1sico como \u2018La remolienda\u2019 permite mantener viva la herencia cultural del teatro chileno, poniendo en di\u00e1logo el pasado y el presente de nuestro pa\u00eds. Esto se conecta con la perspectiva del viaje al que nos invita \u2018Negro Animal Tristeza\u2019, que devela las fragilidades y complejidades del ser humano y su relaci\u00f3n con el mundo, reflejo del tr\u00e1nsito que implica convertirse en un profesional de las artes esc\u00e9nicas\u201d.<\/p>\n\n\n\n<figure class=\"wp-block-image size-large\"><img fetchpriority=\"high\" decoding=\"async\" width=\"1024\" height=\"683\" src=\"https:\/\/www.valparaisocreativo.cl\/wp-content\/uploads\/2024\/07\/NEGRO-ANIMAL-TRISTEZA-2-1024x683.jpg\" alt=\"\" class=\"wp-image-19677\" srcset=\"https:\/\/dev.antudigital.cl\/sites\/vc\/wp-content\/uploads\/2024\/07\/NEGRO-ANIMAL-TRISTEZA-2-1024x683.jpg 1024w, https:\/\/dev.antudigital.cl\/sites\/vc\/wp-content\/uploads\/2024\/07\/NEGRO-ANIMAL-TRISTEZA-2-300x200.jpg 300w, https:\/\/dev.antudigital.cl\/sites\/vc\/wp-content\/uploads\/2024\/07\/NEGRO-ANIMAL-TRISTEZA-2-768x512.jpg 768w, https:\/\/dev.antudigital.cl\/sites\/vc\/wp-content\/uploads\/2024\/07\/NEGRO-ANIMAL-TRISTEZA-2-1080x720.jpg 1080w, https:\/\/dev.antudigital.cl\/sites\/vc\/wp-content\/uploads\/2024\/07\/NEGRO-ANIMAL-TRISTEZA-2-1280x853.jpg 1280w, https:\/\/dev.antudigital.cl\/sites\/vc\/wp-content\/uploads\/2024\/07\/NEGRO-ANIMAL-TRISTEZA-2-980x653.jpg 980w, https:\/\/dev.antudigital.cl\/sites\/vc\/wp-content\/uploads\/2024\/07\/NEGRO-ANIMAL-TRISTEZA-2-480x320.jpg 480w, https:\/\/dev.antudigital.cl\/sites\/vc\/wp-content\/uploads\/2024\/07\/NEGRO-ANIMAL-TRISTEZA-2-24x16.jpg 24w, https:\/\/dev.antudigital.cl\/sites\/vc\/wp-content\/uploads\/2024\/07\/NEGRO-ANIMAL-TRISTEZA-2-36x24.jpg 36w, https:\/\/dev.antudigital.cl\/sites\/vc\/wp-content\/uploads\/2024\/07\/NEGRO-ANIMAL-TRISTEZA-2-48x32.jpg 48w, https:\/\/dev.antudigital.cl\/sites\/vc\/wp-content\/uploads\/2024\/07\/NEGRO-ANIMAL-TRISTEZA-2.jpg 1500w\" sizes=\"(max-width: 1024px) 100vw, 1024px\" \/><\/figure>\n\n\n\n<p><strong>La Remolienda<\/strong><\/p>\n\n\n\n<p>Do\u00f1a Nicolasa, una viuda campesina, va con sus tres hijos al pueblo de Curanilape con la esperanza de encontrar un nuevo amor. Los j\u00f3venes muchachos no conocen el pueblo, tanto as\u00ed que se maravillan frente a ciertos adelantos tecnol\u00f3gicos, como el pavimento y la luz el\u00e9ctrica. Cuando llegan a su destino, sin saber que se est\u00e1n albergando en un prost\u00edbulo, terminan teniendo la noche m\u00e1s fascinante de sus vidas.<\/p>\n\n\n\n<p><strong>Mar\u00eda Jos\u00e9 Pizarro, docente a cargo de la direcci\u00f3n<\/strong>, comenta: \u201cEsta es la primera vez que dirijo un Taller de T\u00edtulo. Estamos trabajando a partir del cuerpo, entrenando para poder utilizarlo de la mejor manera posible en cuanto a expresividad. El lenguaje remite a \u00e9pocas pasadas, es un desaf\u00edo que ya est\u00e1 incorporado. Mi compa\u00f1\u00eda, el Colectivo CTM Cuerpo-Texto-Multimedia, me ha apoyado en este proceso a trav\u00e9s de mapping y el universo sonoro que nos acompa\u00f1a\u201d.<\/p>\n\n\n\n<figure class=\"wp-block-image size-large\"><img decoding=\"async\" width=\"1024\" height=\"683\" src=\"https:\/\/www.valparaisocreativo.cl\/wp-content\/uploads\/2024\/07\/LA-REMOLIENDA-2-1024x683.jpg\" alt=\"\" class=\"wp-image-19679\" srcset=\"https:\/\/dev.antudigital.cl\/sites\/vc\/wp-content\/uploads\/2024\/07\/LA-REMOLIENDA-2-1024x683.jpg 1024w, https:\/\/dev.antudigital.cl\/sites\/vc\/wp-content\/uploads\/2024\/07\/LA-REMOLIENDA-2-300x200.jpg 300w, https:\/\/dev.antudigital.cl\/sites\/vc\/wp-content\/uploads\/2024\/07\/LA-REMOLIENDA-2-768x512.jpg 768w, https:\/\/dev.antudigital.cl\/sites\/vc\/wp-content\/uploads\/2024\/07\/LA-REMOLIENDA-2-1536x1024.jpg 1536w, https:\/\/dev.antudigital.cl\/sites\/vc\/wp-content\/uploads\/2024\/07\/LA-REMOLIENDA-2-1080x720.jpg 1080w, https:\/\/dev.antudigital.cl\/sites\/vc\/wp-content\/uploads\/2024\/07\/LA-REMOLIENDA-2-1280x853.jpg 1280w, https:\/\/dev.antudigital.cl\/sites\/vc\/wp-content\/uploads\/2024\/07\/LA-REMOLIENDA-2-980x653.jpg 980w, https:\/\/dev.antudigital.cl\/sites\/vc\/wp-content\/uploads\/2024\/07\/LA-REMOLIENDA-2-480x320.jpg 480w, https:\/\/dev.antudigital.cl\/sites\/vc\/wp-content\/uploads\/2024\/07\/LA-REMOLIENDA-2-24x16.jpg 24w, https:\/\/dev.antudigital.cl\/sites\/vc\/wp-content\/uploads\/2024\/07\/LA-REMOLIENDA-2-36x24.jpg 36w, https:\/\/dev.antudigital.cl\/sites\/vc\/wp-content\/uploads\/2024\/07\/LA-REMOLIENDA-2-48x32.jpg 48w, https:\/\/dev.antudigital.cl\/sites\/vc\/wp-content\/uploads\/2024\/07\/LA-REMOLIENDA-2.jpg 1740w\" sizes=\"(max-width: 1024px) 100vw, 1024px\" \/><\/figure>\n\n\n\n<p><strong>Negro Animal Tristeza<\/strong><\/p>\n\n\n\n<p>La historia sigue a un grupo de amigos que, buscando escapar de la rutina urbana, decide pasar un fin de semana en la naturaleza,&nbsp; de los coloridos paisajes y el aire puro del bosque. Lo que comienza como una experiencia liberadora pronto se convierte en una pesadilla. Un incendio forestal arrasa el lugar, oblig\u00e1ndolos a enfrentar las dolorosas secuelas de la tragedia. Con un lenguaje po\u00e9tico y simb\u00f3lico, la obra captura la intensidad de las emociones humanas ante la cat\u00e1strofe.<\/p>\n\n\n\n<p><strong>Rodrigo Aro, docente a cargo de la direcci\u00f3n<\/strong>, comparte: \u201cEl texto dramat\u00fargico nos propone cierta \u00e9tica, entre la diversi\u00f3n y las consecuencias del descuido. Los conceptos que trabajamos son chispa, fuego y ceniza, nuestra gran br\u00fajula que nos gu\u00eda en los tres actos, la musicalidad y los di\u00e1logos. La transmutaci\u00f3n es el concepto principal, haci\u00e9ndonos cargo como colectivo de la traducci\u00f3n esc\u00e9nica de la propuesta dramat\u00fargica\u201d.<\/p>\n\n\n\n<p>Con este importante hito acad\u00e9mico para la Escuela de Teatro UV se cierran las actividades del primer semestre. En el segundo semestre se presentan seis obras en la Temporada Teatral Anual Sala Negra Juan Barattini Carvelli; \u201cBosque in\u00fatil: Manifiesto en defensa de la Naturaleza Nativa\u201d, de In\u00fatil Laboratorio; \u201cPlesosauria Despierta\u201d, de Pupa Teatro; \u201cLSCDLP. La Suma Constructiva de Las Perturbaciones\u201d, de Meconio, Laboratoria de Arte Multidisciplinar; \u201cMediocres\u201d, de Frente Teatral; \u201cEn defensa propia\u201d, de la Compa\u00f1\u00eda Fuera de Lugar; y \u201cBeso marica en jaur\u00eda de perros\u201d, de Teatro La B\u00f3veda Celeste. Para m\u00e1s informaci\u00f3n seguir a @escuelateatrouv en Instagram.<\/p>\n","protected":false},"excerpt":{"rendered":"<p>Los jueves 11 y 18 de julio a las 19:00 horas se estrenan los dos Talleres de T\u00edtulo de la Escuela de Teatro UV.&nbsp;Primero se presenta \u201cLa Remolienda\u201d, escrita por el dramaturgo chileno Alejandro Sieveking y dirigida por Mar\u00eda Jos\u00e9 Pizarro, y a la siguiente semana \u201cNegro Animal Tristeza\u201d, escrita por la dramaturga alemana Anja [&hellip;]<\/p>\n","protected":false},"author":1,"featured_media":19678,"comment_status":"closed","ping_status":"closed","sticky":false,"template":"","format":"standard","meta":{"_acf_changed":false,"footnotes":""},"categories":[8],"tags":[],"class_list":["post-19676","post","type-post","status-publish","format-standard","has-post-thumbnail","hentry","category-noticia"],"acf":[],"yoast_head":"<!-- This site is optimized with the Yoast SEO plugin v27.1.1 - https:\/\/yoast.com\/product\/yoast-seo-wordpress\/ -->\n<title>TALLERES DE T\u00cdTULO DE LA ESCUELA DE TEATRO UV SE PRESENTAN CON ENTRADA LIBERADA - Valpara\u00ed\u00adso Creativo<\/title>\n<meta name=\"robots\" content=\"index, follow, max-snippet:-1, max-image-preview:large, max-video-preview:-1\" \/>\n<link rel=\"canonical\" href=\"https:\/\/dev.antudigital.cl\/sites\/vc\/talleres-de-titulo-de-la-escuela-de-teatro-uv-se-presentan-con-entrada-liberada\/\" \/>\n<meta property=\"og:locale\" content=\"es_ES\" \/>\n<meta property=\"og:type\" content=\"article\" \/>\n<meta property=\"og:title\" content=\"TALLERES DE T\u00cdTULO DE LA ESCUELA DE TEATRO UV SE PRESENTAN CON ENTRADA LIBERADA - Valpara\u00ed\u00adso Creativo\" \/>\n<meta property=\"og:description\" content=\"Los jueves 11 y 18 de julio a las 19:00 horas se estrenan los dos Talleres de T\u00edtulo de la Escuela de Teatro UV.&nbsp;Primero se presenta \u201cLa Remolienda\u201d, escrita por el dramaturgo chileno Alejandro Sieveking y dirigida por Mar\u00eda Jos\u00e9 Pizarro, y a la siguiente semana \u201cNegro Animal Tristeza\u201d, escrita por la dramaturga alemana Anja [&hellip;]\" \/>\n<meta property=\"og:url\" content=\"https:\/\/dev.antudigital.cl\/sites\/vc\/talleres-de-titulo-de-la-escuela-de-teatro-uv-se-presentan-con-entrada-liberada\/\" \/>\n<meta property=\"og:site_name\" content=\"Valpara\u00ed\u00adso Creativo\" \/>\n<meta property=\"article:published_time\" content=\"2024-07-08T18:38:13+00:00\" \/>\n<meta property=\"article:modified_time\" content=\"2024-07-08T18:38:30+00:00\" \/>\n<meta property=\"og:image\" content=\"https:\/\/dev.antudigital.cl\/sites\/vc\/wp-content\/uploads\/2024\/07\/NEGRO-ANIMAL-TRISTEZA-1.jpg\" \/>\n\t<meta property=\"og:image:width\" content=\"1500\" \/>\n\t<meta property=\"og:image:height\" content=\"1000\" \/>\n\t<meta property=\"og:image:type\" content=\"image\/jpeg\" \/>\n<meta name=\"author\" content=\"Valpara\u00edso Creativo\" \/>\n<meta name=\"twitter:card\" content=\"summary_large_image\" \/>\n<meta name=\"twitter:label1\" content=\"Escrito por\" \/>\n\t<meta name=\"twitter:data1\" content=\"Valpara\u00edso Creativo\" \/>\n\t<meta name=\"twitter:label2\" content=\"Tiempo de lectura\" \/>\n\t<meta name=\"twitter:data2\" content=\"4 minutos\" \/>\n<script type=\"application\/ld+json\" class=\"yoast-schema-graph\">{\"@context\":\"https:\/\/schema.org\",\"@graph\":[{\"@type\":\"Article\",\"@id\":\"https:\/\/dev.antudigital.cl\/sites\/vc\/talleres-de-titulo-de-la-escuela-de-teatro-uv-se-presentan-con-entrada-liberada\/#article\",\"isPartOf\":{\"@id\":\"https:\/\/dev.antudigital.cl\/sites\/vc\/talleres-de-titulo-de-la-escuela-de-teatro-uv-se-presentan-con-entrada-liberada\/\"},\"author\":{\"name\":\"Valpara\u00edso Creativo\",\"@id\":\"https:\/\/dev.antudigital.cl\/sites\/vc\/#\/schema\/person\/c2b9da8dd545e27166fc5ab232837318\"},\"headline\":\"TALLERES DE T\u00cdTULO DE LA ESCUELA DE TEATRO UV SE PRESENTAN CON ENTRADA LIBERADA\",\"datePublished\":\"2024-07-08T18:38:13+00:00\",\"dateModified\":\"2024-07-08T18:38:30+00:00\",\"mainEntityOfPage\":{\"@id\":\"https:\/\/dev.antudigital.cl\/sites\/vc\/talleres-de-titulo-de-la-escuela-de-teatro-uv-se-presentan-con-entrada-liberada\/\"},\"wordCount\":639,\"image\":{\"@id\":\"https:\/\/dev.antudigital.cl\/sites\/vc\/talleres-de-titulo-de-la-escuela-de-teatro-uv-se-presentan-con-entrada-liberada\/#primaryimage\"},\"thumbnailUrl\":\"https:\/\/dev.antudigital.cl\/sites\/vc\/wp-content\/uploads\/2024\/07\/NEGRO-ANIMAL-TRISTEZA-1.jpg\",\"articleSection\":[\"Noticia\"],\"inLanguage\":\"es\"},{\"@type\":\"WebPage\",\"@id\":\"https:\/\/dev.antudigital.cl\/sites\/vc\/talleres-de-titulo-de-la-escuela-de-teatro-uv-se-presentan-con-entrada-liberada\/\",\"url\":\"https:\/\/dev.antudigital.cl\/sites\/vc\/talleres-de-titulo-de-la-escuela-de-teatro-uv-se-presentan-con-entrada-liberada\/\",\"name\":\"TALLERES DE T\u00cdTULO DE LA ESCUELA DE TEATRO UV SE PRESENTAN CON ENTRADA LIBERADA - Valpara\u00ed\u00adso Creativo\",\"isPartOf\":{\"@id\":\"https:\/\/dev.antudigital.cl\/sites\/vc\/#website\"},\"primaryImageOfPage\":{\"@id\":\"https:\/\/dev.antudigital.cl\/sites\/vc\/talleres-de-titulo-de-la-escuela-de-teatro-uv-se-presentan-con-entrada-liberada\/#primaryimage\"},\"image\":{\"@id\":\"https:\/\/dev.antudigital.cl\/sites\/vc\/talleres-de-titulo-de-la-escuela-de-teatro-uv-se-presentan-con-entrada-liberada\/#primaryimage\"},\"thumbnailUrl\":\"https:\/\/dev.antudigital.cl\/sites\/vc\/wp-content\/uploads\/2024\/07\/NEGRO-ANIMAL-TRISTEZA-1.jpg\",\"datePublished\":\"2024-07-08T18:38:13+00:00\",\"dateModified\":\"2024-07-08T18:38:30+00:00\",\"author\":{\"@id\":\"https:\/\/dev.antudigital.cl\/sites\/vc\/#\/schema\/person\/c2b9da8dd545e27166fc5ab232837318\"},\"breadcrumb\":{\"@id\":\"https:\/\/dev.antudigital.cl\/sites\/vc\/talleres-de-titulo-de-la-escuela-de-teatro-uv-se-presentan-con-entrada-liberada\/#breadcrumb\"},\"inLanguage\":\"es\",\"potentialAction\":[{\"@type\":\"ReadAction\",\"target\":[\"https:\/\/dev.antudigital.cl\/sites\/vc\/talleres-de-titulo-de-la-escuela-de-teatro-uv-se-presentan-con-entrada-liberada\/\"]}]},{\"@type\":\"ImageObject\",\"inLanguage\":\"es\",\"@id\":\"https:\/\/dev.antudigital.cl\/sites\/vc\/talleres-de-titulo-de-la-escuela-de-teatro-uv-se-presentan-con-entrada-liberada\/#primaryimage\",\"url\":\"https:\/\/dev.antudigital.cl\/sites\/vc\/wp-content\/uploads\/2024\/07\/NEGRO-ANIMAL-TRISTEZA-1.jpg\",\"contentUrl\":\"https:\/\/dev.antudigital.cl\/sites\/vc\/wp-content\/uploads\/2024\/07\/NEGRO-ANIMAL-TRISTEZA-1.jpg\",\"width\":1500,\"height\":1000},{\"@type\":\"BreadcrumbList\",\"@id\":\"https:\/\/dev.antudigital.cl\/sites\/vc\/talleres-de-titulo-de-la-escuela-de-teatro-uv-se-presentan-con-entrada-liberada\/#breadcrumb\",\"itemListElement\":[{\"@type\":\"ListItem\",\"position\":1,\"name\":\"Home\",\"item\":\"https:\/\/dev.antudigital.cl\/sites\/vc\/\"},{\"@type\":\"ListItem\",\"position\":2,\"name\":\"TALLERES DE T\u00cdTULO DE LA ESCUELA DE TEATRO UV SE PRESENTAN CON ENTRADA LIBERADA\"}]},{\"@type\":\"WebSite\",\"@id\":\"https:\/\/dev.antudigital.cl\/sites\/vc\/#website\",\"url\":\"https:\/\/dev.antudigital.cl\/sites\/vc\/\",\"name\":\"Valpara\u00ed\u00adso Creativo\",\"description\":\"\",\"potentialAction\":[{\"@type\":\"SearchAction\",\"target\":{\"@type\":\"EntryPoint\",\"urlTemplate\":\"https:\/\/dev.antudigital.cl\/sites\/vc\/?s={search_term_string}\"},\"query-input\":{\"@type\":\"PropertyValueSpecification\",\"valueRequired\":true,\"valueName\":\"search_term_string\"}}],\"inLanguage\":\"es\"},{\"@type\":\"Person\",\"@id\":\"https:\/\/dev.antudigital.cl\/sites\/vc\/#\/schema\/person\/c2b9da8dd545e27166fc5ab232837318\",\"name\":\"Valpara\u00edso Creativo\",\"description\":\"Periodista de cultura en la Regi\u00f3n de Valpara\u00edso.\",\"url\":\"https:\/\/dev.antudigital.cl\/sites\/vc\/author\/valpoadmin\/\"}]}<\/script>\n<!-- \/ Yoast SEO plugin. -->","yoast_head_json":{"title":"TALLERES DE T\u00cdTULO DE LA ESCUELA DE TEATRO UV SE PRESENTAN CON ENTRADA LIBERADA - Valpara\u00ed\u00adso Creativo","robots":{"index":"index","follow":"follow","max-snippet":"max-snippet:-1","max-image-preview":"max-image-preview:large","max-video-preview":"max-video-preview:-1"},"canonical":"https:\/\/dev.antudigital.cl\/sites\/vc\/talleres-de-titulo-de-la-escuela-de-teatro-uv-se-presentan-con-entrada-liberada\/","og_locale":"es_ES","og_type":"article","og_title":"TALLERES DE T\u00cdTULO DE LA ESCUELA DE TEATRO UV SE PRESENTAN CON ENTRADA LIBERADA - Valpara\u00ed\u00adso Creativo","og_description":"Los jueves 11 y 18 de julio a las 19:00 horas se estrenan los dos Talleres de T\u00edtulo de la Escuela de Teatro UV.&nbsp;Primero se presenta \u201cLa Remolienda\u201d, escrita por el dramaturgo chileno Alejandro Sieveking y dirigida por Mar\u00eda Jos\u00e9 Pizarro, y a la siguiente semana \u201cNegro Animal Tristeza\u201d, escrita por la dramaturga alemana Anja [&hellip;]","og_url":"https:\/\/dev.antudigital.cl\/sites\/vc\/talleres-de-titulo-de-la-escuela-de-teatro-uv-se-presentan-con-entrada-liberada\/","og_site_name":"Valpara\u00ed\u00adso Creativo","article_published_time":"2024-07-08T18:38:13+00:00","article_modified_time":"2024-07-08T18:38:30+00:00","og_image":[{"width":1500,"height":1000,"url":"https:\/\/dev.antudigital.cl\/sites\/vc\/wp-content\/uploads\/2024\/07\/NEGRO-ANIMAL-TRISTEZA-1.jpg","type":"image\/jpeg"}],"author":"Valpara\u00edso Creativo","twitter_card":"summary_large_image","twitter_misc":{"Escrito por":"Valpara\u00edso Creativo","Tiempo de lectura":"4 minutos"},"schema":{"@context":"https:\/\/schema.org","@graph":[{"@type":"Article","@id":"https:\/\/dev.antudigital.cl\/sites\/vc\/talleres-de-titulo-de-la-escuela-de-teatro-uv-se-presentan-con-entrada-liberada\/#article","isPartOf":{"@id":"https:\/\/dev.antudigital.cl\/sites\/vc\/talleres-de-titulo-de-la-escuela-de-teatro-uv-se-presentan-con-entrada-liberada\/"},"author":{"name":"Valpara\u00edso Creativo","@id":"https:\/\/dev.antudigital.cl\/sites\/vc\/#\/schema\/person\/c2b9da8dd545e27166fc5ab232837318"},"headline":"TALLERES DE T\u00cdTULO DE LA ESCUELA DE TEATRO UV SE PRESENTAN CON ENTRADA LIBERADA","datePublished":"2024-07-08T18:38:13+00:00","dateModified":"2024-07-08T18:38:30+00:00","mainEntityOfPage":{"@id":"https:\/\/dev.antudigital.cl\/sites\/vc\/talleres-de-titulo-de-la-escuela-de-teatro-uv-se-presentan-con-entrada-liberada\/"},"wordCount":639,"image":{"@id":"https:\/\/dev.antudigital.cl\/sites\/vc\/talleres-de-titulo-de-la-escuela-de-teatro-uv-se-presentan-con-entrada-liberada\/#primaryimage"},"thumbnailUrl":"https:\/\/dev.antudigital.cl\/sites\/vc\/wp-content\/uploads\/2024\/07\/NEGRO-ANIMAL-TRISTEZA-1.jpg","articleSection":["Noticia"],"inLanguage":"es"},{"@type":"WebPage","@id":"https:\/\/dev.antudigital.cl\/sites\/vc\/talleres-de-titulo-de-la-escuela-de-teatro-uv-se-presentan-con-entrada-liberada\/","url":"https:\/\/dev.antudigital.cl\/sites\/vc\/talleres-de-titulo-de-la-escuela-de-teatro-uv-se-presentan-con-entrada-liberada\/","name":"TALLERES DE T\u00cdTULO DE LA ESCUELA DE TEATRO UV SE PRESENTAN CON ENTRADA LIBERADA - Valpara\u00ed\u00adso Creativo","isPartOf":{"@id":"https:\/\/dev.antudigital.cl\/sites\/vc\/#website"},"primaryImageOfPage":{"@id":"https:\/\/dev.antudigital.cl\/sites\/vc\/talleres-de-titulo-de-la-escuela-de-teatro-uv-se-presentan-con-entrada-liberada\/#primaryimage"},"image":{"@id":"https:\/\/dev.antudigital.cl\/sites\/vc\/talleres-de-titulo-de-la-escuela-de-teatro-uv-se-presentan-con-entrada-liberada\/#primaryimage"},"thumbnailUrl":"https:\/\/dev.antudigital.cl\/sites\/vc\/wp-content\/uploads\/2024\/07\/NEGRO-ANIMAL-TRISTEZA-1.jpg","datePublished":"2024-07-08T18:38:13+00:00","dateModified":"2024-07-08T18:38:30+00:00","author":{"@id":"https:\/\/dev.antudigital.cl\/sites\/vc\/#\/schema\/person\/c2b9da8dd545e27166fc5ab232837318"},"breadcrumb":{"@id":"https:\/\/dev.antudigital.cl\/sites\/vc\/talleres-de-titulo-de-la-escuela-de-teatro-uv-se-presentan-con-entrada-liberada\/#breadcrumb"},"inLanguage":"es","potentialAction":[{"@type":"ReadAction","target":["https:\/\/dev.antudigital.cl\/sites\/vc\/talleres-de-titulo-de-la-escuela-de-teatro-uv-se-presentan-con-entrada-liberada\/"]}]},{"@type":"ImageObject","inLanguage":"es","@id":"https:\/\/dev.antudigital.cl\/sites\/vc\/talleres-de-titulo-de-la-escuela-de-teatro-uv-se-presentan-con-entrada-liberada\/#primaryimage","url":"https:\/\/dev.antudigital.cl\/sites\/vc\/wp-content\/uploads\/2024\/07\/NEGRO-ANIMAL-TRISTEZA-1.jpg","contentUrl":"https:\/\/dev.antudigital.cl\/sites\/vc\/wp-content\/uploads\/2024\/07\/NEGRO-ANIMAL-TRISTEZA-1.jpg","width":1500,"height":1000},{"@type":"BreadcrumbList","@id":"https:\/\/dev.antudigital.cl\/sites\/vc\/talleres-de-titulo-de-la-escuela-de-teatro-uv-se-presentan-con-entrada-liberada\/#breadcrumb","itemListElement":[{"@type":"ListItem","position":1,"name":"Home","item":"https:\/\/dev.antudigital.cl\/sites\/vc\/"},{"@type":"ListItem","position":2,"name":"TALLERES DE T\u00cdTULO DE LA ESCUELA DE TEATRO UV SE PRESENTAN CON ENTRADA LIBERADA"}]},{"@type":"WebSite","@id":"https:\/\/dev.antudigital.cl\/sites\/vc\/#website","url":"https:\/\/dev.antudigital.cl\/sites\/vc\/","name":"Valpara\u00ed\u00adso Creativo","description":"","potentialAction":[{"@type":"SearchAction","target":{"@type":"EntryPoint","urlTemplate":"https:\/\/dev.antudigital.cl\/sites\/vc\/?s={search_term_string}"},"query-input":{"@type":"PropertyValueSpecification","valueRequired":true,"valueName":"search_term_string"}}],"inLanguage":"es"},{"@type":"Person","@id":"https:\/\/dev.antudigital.cl\/sites\/vc\/#\/schema\/person\/c2b9da8dd545e27166fc5ab232837318","name":"Valpara\u00edso Creativo","description":"Periodista de cultura en la Regi\u00f3n de Valpara\u00edso.","url":"https:\/\/dev.antudigital.cl\/sites\/vc\/author\/valpoadmin\/"}]}},"_links":{"self":[{"href":"https:\/\/dev.antudigital.cl\/sites\/vc\/wp-json\/wp\/v2\/posts\/19676","targetHints":{"allow":["GET"]}}],"collection":[{"href":"https:\/\/dev.antudigital.cl\/sites\/vc\/wp-json\/wp\/v2\/posts"}],"about":[{"href":"https:\/\/dev.antudigital.cl\/sites\/vc\/wp-json\/wp\/v2\/types\/post"}],"author":[{"embeddable":true,"href":"https:\/\/dev.antudigital.cl\/sites\/vc\/wp-json\/wp\/v2\/users\/1"}],"replies":[{"embeddable":true,"href":"https:\/\/dev.antudigital.cl\/sites\/vc\/wp-json\/wp\/v2\/comments?post=19676"}],"version-history":[{"count":1,"href":"https:\/\/dev.antudigital.cl\/sites\/vc\/wp-json\/wp\/v2\/posts\/19676\/revisions"}],"predecessor-version":[{"id":19680,"href":"https:\/\/dev.antudigital.cl\/sites\/vc\/wp-json\/wp\/v2\/posts\/19676\/revisions\/19680"}],"wp:featuredmedia":[{"embeddable":true,"href":"https:\/\/dev.antudigital.cl\/sites\/vc\/wp-json\/wp\/v2\/media\/19678"}],"wp:attachment":[{"href":"https:\/\/dev.antudigital.cl\/sites\/vc\/wp-json\/wp\/v2\/media?parent=19676"}],"wp:term":[{"taxonomy":"category","embeddable":true,"href":"https:\/\/dev.antudigital.cl\/sites\/vc\/wp-json\/wp\/v2\/categories?post=19676"},{"taxonomy":"post_tag","embeddable":true,"href":"https:\/\/dev.antudigital.cl\/sites\/vc\/wp-json\/wp\/v2\/tags?post=19676"}],"curies":[{"name":"wp","href":"https:\/\/api.w.org\/{rel}","templated":true}]}}