{"id":19681,"date":"2024-07-08T18:43:14","date_gmt":"2024-07-08T18:43:14","guid":{"rendered":"https:\/\/www.valparaisocreativo.cl\/?p=19681"},"modified":"2024-07-08T18:43:14","modified_gmt":"2024-07-08T18:43:14","slug":"insomnia-invita-a-taller-de-apreciacion-cinematografica-nuevas-narrativas-del-cine-latinoamericano","status":"publish","type":"post","link":"https:\/\/dev.antudigital.cl\/sites\/vc\/insomnia-invita-a-taller-de-apreciacion-cinematografica-nuevas-narrativas-del-cine-latinoamericano\/","title":{"rendered":"INSOMNIA invita a Taller de Apreciaci\u00f3n Cinematogr\u00e1fica: Nuevas narrativas del cine Latinoamericano"},"content":{"rendered":"\n<p>&nbsp; &nbsp;El Taller de Apreciaci\u00f3n lleva realiz\u00e1ndose 12 a\u00f1os al alero de INSOMNIA Teatro Condell con la mediaci\u00f3n de Claudio Pereira, acad\u00e9mico de la Universidad de Valpara\u00edso y programador de INSOMNIA.<\/p>\n\n\n\n<p>\u00b7&nbsp;&nbsp;&nbsp;&nbsp;&nbsp;&nbsp;&nbsp;&nbsp;&nbsp;Este a\u00f1o el taller incluir\u00e1 visitas destacadas del cine chileno como Andrea Chignoli, Joaqu\u00edn Coci\u00f1a y Coti Donoso, contar\u00e1 con proyecciones en 35 mm, adem\u00e1s de funciones exclusivas de pel\u00edculas, gracias al apoyo del Fondo de Formaci\u00f3n Audiovisual del Ministerio de las Artes, las Culturas y el Patrimonio.<\/p>\n\n\n\n<p>INSOMNIA lleva a\u00f1os perfil\u00e1ndose como algo mucho m\u00e1s amplio que un cine tradicional. Su trabajo de formaci\u00f3n de audiencias y cine foros lo han convertido a lo largo del tiempo en un potente foco cultural en torno al cine, que promueve la reflexi\u00f3n cr\u00edtica, el aprendizaje y el disfrute del cine en mixtura con otras disciplinas art\u00edsticas y culturales. En este marco, el Taller de Apreciaci\u00f3n Cinematogr\u00e1fica es uno de los proyectos emblem\u00e1ticos que ya cumple 12 a\u00f1os y que este a\u00f1o cuenta con apoyo del Fondo Audiovisual en la l\u00ednea de formaci\u00f3n de audiencias del Ministerio de las Culturas, las Artes y el Patrimonio.<\/p>\n\n\n\n<figure class=\"wp-block-image size-large\"><img fetchpriority=\"high\" decoding=\"async\" width=\"1024\" height=\"577\" src=\"https:\/\/www.valparaisocreativo.cl\/wp-content\/uploads\/2024\/07\/IMG_6663-1024x577.jpg\" alt=\"\" class=\"wp-image-19685\" srcset=\"https:\/\/dev.antudigital.cl\/sites\/vc\/wp-content\/uploads\/2024\/07\/IMG_6663-1024x577.jpg 1024w, https:\/\/dev.antudigital.cl\/sites\/vc\/wp-content\/uploads\/2024\/07\/IMG_6663-300x169.jpg 300w, https:\/\/dev.antudigital.cl\/sites\/vc\/wp-content\/uploads\/2024\/07\/IMG_6663-768x432.jpg 768w, https:\/\/dev.antudigital.cl\/sites\/vc\/wp-content\/uploads\/2024\/07\/IMG_6663-1536x865.jpg 1536w, https:\/\/dev.antudigital.cl\/sites\/vc\/wp-content\/uploads\/2024\/07\/IMG_6663-1080x608.jpg 1080w, https:\/\/dev.antudigital.cl\/sites\/vc\/wp-content\/uploads\/2024\/07\/IMG_6663-1280x721.jpg 1280w, https:\/\/dev.antudigital.cl\/sites\/vc\/wp-content\/uploads\/2024\/07\/IMG_6663-980x552.jpg 980w, https:\/\/dev.antudigital.cl\/sites\/vc\/wp-content\/uploads\/2024\/07\/IMG_6663-480x270.jpg 480w, https:\/\/dev.antudigital.cl\/sites\/vc\/wp-content\/uploads\/2024\/07\/IMG_6663-24x14.jpg 24w, https:\/\/dev.antudigital.cl\/sites\/vc\/wp-content\/uploads\/2024\/07\/IMG_6663-36x20.jpg 36w, https:\/\/dev.antudigital.cl\/sites\/vc\/wp-content\/uploads\/2024\/07\/IMG_6663-48x27.jpg 48w, https:\/\/dev.antudigital.cl\/sites\/vc\/wp-content\/uploads\/2024\/07\/IMG_6663.jpg 2048w\" sizes=\"(max-width: 1024px) 100vw, 1024px\" \/><\/figure>\n\n\n\n<p>Los talleres se realizar\u00e1n todos los lunes del 1 de julio al 16 de diciembre a las 18:00 horas, comenzando con el m\u00f3dulo \u201cNuevas Narrativas del cine Latinoamericano\u201d. Este m\u00f3dulo cuenta con 8 sesiones en las que se revisar\u00e1n los principales referentes de realismos en el cine latinoamericano desde principios de los a\u00f1os sesenta, tales como el cine El cinema Novo y el Cine Marginal de Brasil; pel\u00edculas emblem\u00e1ticas de Colombia y Argentina y visitas de referentes del cine nacional, como la montajista Andrea Chignoli, quien estar\u00e1 en INSOMNIA el lunes 8 de julio.<\/p>\n\n\n\n<p>Para Claudio Pereira, esta sesi\u00f3n es particularmente interesante ya que: \u201ca trav\u00e9s de la revisi\u00f3n de algunos hitos en la filmograf\u00eda de Andrea Chignoli, se expone la evoluci\u00f3n del cine de ficci\u00f3n en Chile y en Latinoam\u00e9rica, en particular la estructura narrativa desde el montaje. Adem\u00e1s, abordaremos trabajos direcci\u00f3n contempor\u00e1neas como:&nbsp; \u00abMis hermanos sue\u00f1an despiertos\u00bb, \u00abLa vaca que cant\u00f3 una canci\u00f3n hacia el futuro\u00bb, \u00abVendr\u00e1 la muerte y tendr\u00e1 tus ojos\u00bb y \u00abPerro bomba\u00bb, donde desaparecen los arquetipos y se da paso a elementos m\u00e1s abstractos y expresiones m\u00e1s libres de indagaci\u00f3n\u201d.<\/p>\n\n\n\n<p>\u201cEl taller \u201cNuevas narrativas del cine Latinoamericano\u201d propone observar diferentes b\u00fasquedas y expresiones del cine contempor\u00e1neo, en especial donde aparecen otras formas de representar y narrar historias. Desde los furiosos e insurrectos nuevos cines de los sesenta, autores que abordan temas complejos y tab\u00faes, hasta producciones que se intentan abrir camino entre los hegem\u00f3nicos modelos narrativos. El taller tendr\u00e1 de forma muy especial diferentes experiencias para nuestros asistentes como proyecciones en 35 mm, cineastas invitadas, funciones especiales y sesiones expositivas del cine latinoamericano. El primer m\u00f3dulo que se extiende entre el 1 de julio hasta el 26 de agosto es una invitaci\u00f3n a conocer diferentes y atractivas expresiones del cine latinoamericano\u201d, explica Pereira.<\/p>\n\n\n\n<figure class=\"wp-block-image size-large\"><img decoding=\"async\" width=\"1024\" height=\"577\" src=\"https:\/\/www.valparaisocreativo.cl\/wp-content\/uploads\/2024\/07\/IMG_6447-1024x577.jpg\" alt=\"\" class=\"wp-image-19683\" srcset=\"https:\/\/dev.antudigital.cl\/sites\/vc\/wp-content\/uploads\/2024\/07\/IMG_6447-1024x577.jpg 1024w, https:\/\/dev.antudigital.cl\/sites\/vc\/wp-content\/uploads\/2024\/07\/IMG_6447-300x169.jpg 300w, https:\/\/dev.antudigital.cl\/sites\/vc\/wp-content\/uploads\/2024\/07\/IMG_6447-768x432.jpg 768w, https:\/\/dev.antudigital.cl\/sites\/vc\/wp-content\/uploads\/2024\/07\/IMG_6447-1536x865.jpg 1536w, https:\/\/dev.antudigital.cl\/sites\/vc\/wp-content\/uploads\/2024\/07\/IMG_6447-1080x608.jpg 1080w, https:\/\/dev.antudigital.cl\/sites\/vc\/wp-content\/uploads\/2024\/07\/IMG_6447-1280x721.jpg 1280w, https:\/\/dev.antudigital.cl\/sites\/vc\/wp-content\/uploads\/2024\/07\/IMG_6447-980x552.jpg 980w, https:\/\/dev.antudigital.cl\/sites\/vc\/wp-content\/uploads\/2024\/07\/IMG_6447-480x270.jpg 480w, https:\/\/dev.antudigital.cl\/sites\/vc\/wp-content\/uploads\/2024\/07\/IMG_6447-24x14.jpg 24w, https:\/\/dev.antudigital.cl\/sites\/vc\/wp-content\/uploads\/2024\/07\/IMG_6447-36x20.jpg 36w, https:\/\/dev.antudigital.cl\/sites\/vc\/wp-content\/uploads\/2024\/07\/IMG_6447-48x27.jpg 48w, https:\/\/dev.antudigital.cl\/sites\/vc\/wp-content\/uploads\/2024\/07\/IMG_6447.jpg 2048w\" sizes=\"(max-width: 1024px) 100vw, 1024px\" \/><\/figure>\n\n\n\n<p>El lunes 2 de septiembre se inicia el M\u00f3dulo 2: No ficci\u00f3n y nuevas subjetividades, en el cual se expondr\u00e1n los diferentes tipos y \u00e1mbitos del cine documental: &nbsp;etnogr\u00e1fico, cinema verit\u00e9, documental participativo, cine ensayo. Estos contenidos ser\u00e1n apoyados a trav\u00e9s de material audiovisual, referencias te\u00f3ricas, contextos hist\u00f3ricos y fuentes bibliogr\u00e1ficas. Adem\u00e1s de contextualizar cada caso y reflexionar junto a los asistentes quienes podr\u00e1n hacer preguntas y participar de forma activa en cada sesi\u00f3n.<\/p>\n\n\n\n<p>Algunos referentes que discutir son los \u201cNuevos realismos en los cines perif\u00e9ricos\u201d, como el caso del cine iran\u00ed en Abbas Kiarostami y Hana Makhmalbaf.&nbsp; Obras h\u00edbridas del cine portugu\u00e9s como es el caso de los directores Pedro Costa y Miguel Gomes. Adem\u00e1s, se revisar\u00e1 el cine de no ficci\u00f3n, el cine en primera persona y la autorrepresentaci\u00f3n a partir de una serie de referentes de cineastas latinoamericanos como Albertina Carri, Nicol\u00e1s Prividera, Andr\u00e9s Di Tella (Argentina), Carmen Castillo (Chile) y Paz Encina (Paraguay).<\/p>\n\n\n\n<p>El \u00faltimo m\u00f3dulo se titula \u201cEspanto y l\u00e1grimas: G\u00e9neros populares del cine\u201d y se realizar\u00e1 entre el lunes 14 de octubre y el lunes 16 de diciembre a las 18:00 horas. En este ciclo de talleres se analizar\u00e1 el desarrollo desde los grandes estudios hacia latinoam\u00e9rica de unos de los g\u00e9neros m\u00e1s populares en la primera mitad del siglo XX, realizando una mirada cr\u00edtica a los estereotipos de g\u00e9nero y la estructura social expresados. Tambi\u00e9n se expondr\u00e1n lenguajes disidentes y saturados donde la cultura de masas y los arquetipos se vuelven protagonistas de estas formas aparecidas, en especial en los a\u00f1os 70 y 80.<\/p>\n\n\n\n<p>La participaci\u00f3n en el Taller de Apreciaci\u00f3n \u201cCinematogr\u00e1fica: Nuevas narrativas del cine latinoamericano\u201d no requiere inscripci\u00f3n previa y es gratuito para el p\u00fablico. Para tener informaci\u00f3n completa del ciclo, revisa\u00a0<a href=\"http:\/\/www.insomniacine.cl\/\" target=\"_blank\" rel=\"noreferrer noopener\">www.insomniacine.cl<\/a>.<\/p>\n\n\n\n<figure class=\"wp-block-image size-large\"><img decoding=\"async\" width=\"1024\" height=\"1024\" src=\"https:\/\/www.valparaisocreativo.cl\/wp-content\/uploads\/2024\/07\/taller-formacion_02-jul-1024x1024.jpg\" alt=\"\" class=\"wp-image-19682\" srcset=\"https:\/\/dev.antudigital.cl\/sites\/vc\/wp-content\/uploads\/2024\/07\/taller-formacion_02-jul-1024x1024.jpg 1024w, https:\/\/dev.antudigital.cl\/sites\/vc\/wp-content\/uploads\/2024\/07\/taller-formacion_02-jul-300x300.jpg 300w, https:\/\/dev.antudigital.cl\/sites\/vc\/wp-content\/uploads\/2024\/07\/taller-formacion_02-jul-150x150.jpg 150w, https:\/\/dev.antudigital.cl\/sites\/vc\/wp-content\/uploads\/2024\/07\/taller-formacion_02-jul-768x768.jpg 768w, https:\/\/dev.antudigital.cl\/sites\/vc\/wp-content\/uploads\/2024\/07\/taller-formacion_02-jul-980x980.jpg 980w, https:\/\/dev.antudigital.cl\/sites\/vc\/wp-content\/uploads\/2024\/07\/taller-formacion_02-jul-480x480.jpg 480w, https:\/\/dev.antudigital.cl\/sites\/vc\/wp-content\/uploads\/2024\/07\/taller-formacion_02-jul-24x24.jpg 24w, https:\/\/dev.antudigital.cl\/sites\/vc\/wp-content\/uploads\/2024\/07\/taller-formacion_02-jul-36x36.jpg 36w, https:\/\/dev.antudigital.cl\/sites\/vc\/wp-content\/uploads\/2024\/07\/taller-formacion_02-jul-48x48.jpg 48w, https:\/\/dev.antudigital.cl\/sites\/vc\/wp-content\/uploads\/2024\/07\/taller-formacion_02-jul.jpg 1080w\" sizes=\"(max-width: 1024px) 100vw, 1024px\" \/><\/figure>\n","protected":false},"excerpt":{"rendered":"<p>&nbsp; &nbsp;El Taller de Apreciaci\u00f3n lleva realiz\u00e1ndose 12 a\u00f1os al alero de INSOMNIA Teatro Condell con la mediaci\u00f3n de Claudio Pereira, acad\u00e9mico de la Universidad de Valpara\u00edso y programador de INSOMNIA. \u00b7&nbsp;&nbsp;&nbsp;&nbsp;&nbsp;&nbsp;&nbsp;&nbsp;&nbsp;Este a\u00f1o el taller incluir\u00e1 visitas destacadas del cine chileno como Andrea Chignoli, Joaqu\u00edn Coci\u00f1a y Coti Donoso, contar\u00e1 con proyecciones en 35 mm, [&hellip;]<\/p>\n","protected":false},"author":1,"featured_media":19684,"comment_status":"closed","ping_status":"closed","sticky":false,"template":"","format":"standard","meta":{"_acf_changed":false,"footnotes":""},"categories":[8],"tags":[],"class_list":["post-19681","post","type-post","status-publish","format-standard","has-post-thumbnail","hentry","category-noticia"],"acf":[],"yoast_head":"<!-- This site is optimized with the Yoast SEO plugin v27.1.1 - https:\/\/yoast.com\/product\/yoast-seo-wordpress\/ -->\n<title>INSOMNIA invita a Taller de Apreciaci\u00f3n Cinematogr\u00e1fica: Nuevas narrativas del cine Latinoamericano - Valpara\u00ed\u00adso Creativo<\/title>\n<meta name=\"robots\" content=\"index, follow, max-snippet:-1, max-image-preview:large, max-video-preview:-1\" \/>\n<link rel=\"canonical\" href=\"https:\/\/dev.antudigital.cl\/sites\/vc\/insomnia-invita-a-taller-de-apreciacion-cinematografica-nuevas-narrativas-del-cine-latinoamericano\/\" \/>\n<meta property=\"og:locale\" content=\"es_ES\" \/>\n<meta property=\"og:type\" content=\"article\" \/>\n<meta property=\"og:title\" content=\"INSOMNIA invita a Taller de Apreciaci\u00f3n Cinematogr\u00e1fica: Nuevas narrativas del cine Latinoamericano - Valpara\u00ed\u00adso Creativo\" \/>\n<meta property=\"og:description\" content=\"&nbsp; &nbsp;El Taller de Apreciaci\u00f3n lleva realiz\u00e1ndose 12 a\u00f1os al alero de INSOMNIA Teatro Condell con la mediaci\u00f3n de Claudio Pereira, acad\u00e9mico de la Universidad de Valpara\u00edso y programador de INSOMNIA. \u00b7&nbsp;&nbsp;&nbsp;&nbsp;&nbsp;&nbsp;&nbsp;&nbsp;&nbsp;Este a\u00f1o el taller incluir\u00e1 visitas destacadas del cine chileno como Andrea Chignoli, Joaqu\u00edn Coci\u00f1a y Coti Donoso, contar\u00e1 con proyecciones en 35 mm, [&hellip;]\" \/>\n<meta property=\"og:url\" content=\"https:\/\/dev.antudigital.cl\/sites\/vc\/insomnia-invita-a-taller-de-apreciacion-cinematografica-nuevas-narrativas-del-cine-latinoamericano\/\" \/>\n<meta property=\"og:site_name\" content=\"Valpara\u00ed\u00adso Creativo\" \/>\n<meta property=\"article:published_time\" content=\"2024-07-08T18:43:14+00:00\" \/>\n<meta property=\"og:image\" content=\"https:\/\/dev.antudigital.cl\/sites\/vc\/wp-content\/uploads\/2024\/07\/IMG_6655.jpg\" \/>\n\t<meta property=\"og:image:width\" content=\"2048\" \/>\n\t<meta property=\"og:image:height\" content=\"1153\" \/>\n\t<meta property=\"og:image:type\" content=\"image\/jpeg\" \/>\n<meta name=\"author\" content=\"Valpara\u00edso Creativo\" \/>\n<meta name=\"twitter:card\" content=\"summary_large_image\" \/>\n<meta name=\"twitter:label1\" content=\"Escrito por\" \/>\n\t<meta name=\"twitter:data1\" content=\"Valpara\u00edso Creativo\" \/>\n\t<meta name=\"twitter:label2\" content=\"Tiempo de lectura\" \/>\n\t<meta name=\"twitter:data2\" content=\"4 minutos\" \/>\n<script type=\"application\/ld+json\" class=\"yoast-schema-graph\">{\"@context\":\"https:\/\/schema.org\",\"@graph\":[{\"@type\":\"Article\",\"@id\":\"https:\/\/dev.antudigital.cl\/sites\/vc\/insomnia-invita-a-taller-de-apreciacion-cinematografica-nuevas-narrativas-del-cine-latinoamericano\/#article\",\"isPartOf\":{\"@id\":\"https:\/\/dev.antudigital.cl\/sites\/vc\/insomnia-invita-a-taller-de-apreciacion-cinematografica-nuevas-narrativas-del-cine-latinoamericano\/\"},\"author\":{\"name\":\"Valpara\u00edso Creativo\",\"@id\":\"https:\/\/dev.antudigital.cl\/sites\/vc\/#\/schema\/person\/c2b9da8dd545e27166fc5ab232837318\"},\"headline\":\"INSOMNIA invita a Taller de Apreciaci\u00f3n Cinematogr\u00e1fica: Nuevas narrativas del cine Latinoamericano\",\"datePublished\":\"2024-07-08T18:43:14+00:00\",\"mainEntityOfPage\":{\"@id\":\"https:\/\/dev.antudigital.cl\/sites\/vc\/insomnia-invita-a-taller-de-apreciacion-cinematografica-nuevas-narrativas-del-cine-latinoamericano\/\"},\"wordCount\":877,\"image\":{\"@id\":\"https:\/\/dev.antudigital.cl\/sites\/vc\/insomnia-invita-a-taller-de-apreciacion-cinematografica-nuevas-narrativas-del-cine-latinoamericano\/#primaryimage\"},\"thumbnailUrl\":\"https:\/\/dev.antudigital.cl\/sites\/vc\/wp-content\/uploads\/2024\/07\/IMG_6655.jpg\",\"articleSection\":[\"Noticia\"],\"inLanguage\":\"es\"},{\"@type\":\"WebPage\",\"@id\":\"https:\/\/dev.antudigital.cl\/sites\/vc\/insomnia-invita-a-taller-de-apreciacion-cinematografica-nuevas-narrativas-del-cine-latinoamericano\/\",\"url\":\"https:\/\/dev.antudigital.cl\/sites\/vc\/insomnia-invita-a-taller-de-apreciacion-cinematografica-nuevas-narrativas-del-cine-latinoamericano\/\",\"name\":\"INSOMNIA invita a Taller de Apreciaci\u00f3n Cinematogr\u00e1fica: Nuevas narrativas del cine Latinoamericano - Valpara\u00ed\u00adso Creativo\",\"isPartOf\":{\"@id\":\"https:\/\/dev.antudigital.cl\/sites\/vc\/#website\"},\"primaryImageOfPage\":{\"@id\":\"https:\/\/dev.antudigital.cl\/sites\/vc\/insomnia-invita-a-taller-de-apreciacion-cinematografica-nuevas-narrativas-del-cine-latinoamericano\/#primaryimage\"},\"image\":{\"@id\":\"https:\/\/dev.antudigital.cl\/sites\/vc\/insomnia-invita-a-taller-de-apreciacion-cinematografica-nuevas-narrativas-del-cine-latinoamericano\/#primaryimage\"},\"thumbnailUrl\":\"https:\/\/dev.antudigital.cl\/sites\/vc\/wp-content\/uploads\/2024\/07\/IMG_6655.jpg\",\"datePublished\":\"2024-07-08T18:43:14+00:00\",\"author\":{\"@id\":\"https:\/\/dev.antudigital.cl\/sites\/vc\/#\/schema\/person\/c2b9da8dd545e27166fc5ab232837318\"},\"breadcrumb\":{\"@id\":\"https:\/\/dev.antudigital.cl\/sites\/vc\/insomnia-invita-a-taller-de-apreciacion-cinematografica-nuevas-narrativas-del-cine-latinoamericano\/#breadcrumb\"},\"inLanguage\":\"es\",\"potentialAction\":[{\"@type\":\"ReadAction\",\"target\":[\"https:\/\/dev.antudigital.cl\/sites\/vc\/insomnia-invita-a-taller-de-apreciacion-cinematografica-nuevas-narrativas-del-cine-latinoamericano\/\"]}]},{\"@type\":\"ImageObject\",\"inLanguage\":\"es\",\"@id\":\"https:\/\/dev.antudigital.cl\/sites\/vc\/insomnia-invita-a-taller-de-apreciacion-cinematografica-nuevas-narrativas-del-cine-latinoamericano\/#primaryimage\",\"url\":\"https:\/\/dev.antudigital.cl\/sites\/vc\/wp-content\/uploads\/2024\/07\/IMG_6655.jpg\",\"contentUrl\":\"https:\/\/dev.antudigital.cl\/sites\/vc\/wp-content\/uploads\/2024\/07\/IMG_6655.jpg\",\"width\":2048,\"height\":1153},{\"@type\":\"BreadcrumbList\",\"@id\":\"https:\/\/dev.antudigital.cl\/sites\/vc\/insomnia-invita-a-taller-de-apreciacion-cinematografica-nuevas-narrativas-del-cine-latinoamericano\/#breadcrumb\",\"itemListElement\":[{\"@type\":\"ListItem\",\"position\":1,\"name\":\"Home\",\"item\":\"https:\/\/dev.antudigital.cl\/sites\/vc\/\"},{\"@type\":\"ListItem\",\"position\":2,\"name\":\"INSOMNIA invita a Taller de Apreciaci\u00f3n Cinematogr\u00e1fica: Nuevas narrativas del cine Latinoamericano\"}]},{\"@type\":\"WebSite\",\"@id\":\"https:\/\/dev.antudigital.cl\/sites\/vc\/#website\",\"url\":\"https:\/\/dev.antudigital.cl\/sites\/vc\/\",\"name\":\"Valpara\u00ed\u00adso Creativo\",\"description\":\"\",\"potentialAction\":[{\"@type\":\"SearchAction\",\"target\":{\"@type\":\"EntryPoint\",\"urlTemplate\":\"https:\/\/dev.antudigital.cl\/sites\/vc\/?s={search_term_string}\"},\"query-input\":{\"@type\":\"PropertyValueSpecification\",\"valueRequired\":true,\"valueName\":\"search_term_string\"}}],\"inLanguage\":\"es\"},{\"@type\":\"Person\",\"@id\":\"https:\/\/dev.antudigital.cl\/sites\/vc\/#\/schema\/person\/c2b9da8dd545e27166fc5ab232837318\",\"name\":\"Valpara\u00edso Creativo\",\"description\":\"Periodista de cultura en la Regi\u00f3n de Valpara\u00edso.\",\"url\":\"https:\/\/dev.antudigital.cl\/sites\/vc\/author\/valpoadmin\/\"}]}<\/script>\n<!-- \/ Yoast SEO plugin. -->","yoast_head_json":{"title":"INSOMNIA invita a Taller de Apreciaci\u00f3n Cinematogr\u00e1fica: Nuevas narrativas del cine Latinoamericano - Valpara\u00ed\u00adso Creativo","robots":{"index":"index","follow":"follow","max-snippet":"max-snippet:-1","max-image-preview":"max-image-preview:large","max-video-preview":"max-video-preview:-1"},"canonical":"https:\/\/dev.antudigital.cl\/sites\/vc\/insomnia-invita-a-taller-de-apreciacion-cinematografica-nuevas-narrativas-del-cine-latinoamericano\/","og_locale":"es_ES","og_type":"article","og_title":"INSOMNIA invita a Taller de Apreciaci\u00f3n Cinematogr\u00e1fica: Nuevas narrativas del cine Latinoamericano - Valpara\u00ed\u00adso Creativo","og_description":"&nbsp; &nbsp;El Taller de Apreciaci\u00f3n lleva realiz\u00e1ndose 12 a\u00f1os al alero de INSOMNIA Teatro Condell con la mediaci\u00f3n de Claudio Pereira, acad\u00e9mico de la Universidad de Valpara\u00edso y programador de INSOMNIA. \u00b7&nbsp;&nbsp;&nbsp;&nbsp;&nbsp;&nbsp;&nbsp;&nbsp;&nbsp;Este a\u00f1o el taller incluir\u00e1 visitas destacadas del cine chileno como Andrea Chignoli, Joaqu\u00edn Coci\u00f1a y Coti Donoso, contar\u00e1 con proyecciones en 35 mm, [&hellip;]","og_url":"https:\/\/dev.antudigital.cl\/sites\/vc\/insomnia-invita-a-taller-de-apreciacion-cinematografica-nuevas-narrativas-del-cine-latinoamericano\/","og_site_name":"Valpara\u00ed\u00adso Creativo","article_published_time":"2024-07-08T18:43:14+00:00","og_image":[{"width":2048,"height":1153,"url":"https:\/\/dev.antudigital.cl\/sites\/vc\/wp-content\/uploads\/2024\/07\/IMG_6655.jpg","type":"image\/jpeg"}],"author":"Valpara\u00edso Creativo","twitter_card":"summary_large_image","twitter_misc":{"Escrito por":"Valpara\u00edso Creativo","Tiempo de lectura":"4 minutos"},"schema":{"@context":"https:\/\/schema.org","@graph":[{"@type":"Article","@id":"https:\/\/dev.antudigital.cl\/sites\/vc\/insomnia-invita-a-taller-de-apreciacion-cinematografica-nuevas-narrativas-del-cine-latinoamericano\/#article","isPartOf":{"@id":"https:\/\/dev.antudigital.cl\/sites\/vc\/insomnia-invita-a-taller-de-apreciacion-cinematografica-nuevas-narrativas-del-cine-latinoamericano\/"},"author":{"name":"Valpara\u00edso Creativo","@id":"https:\/\/dev.antudigital.cl\/sites\/vc\/#\/schema\/person\/c2b9da8dd545e27166fc5ab232837318"},"headline":"INSOMNIA invita a Taller de Apreciaci\u00f3n Cinematogr\u00e1fica: Nuevas narrativas del cine Latinoamericano","datePublished":"2024-07-08T18:43:14+00:00","mainEntityOfPage":{"@id":"https:\/\/dev.antudigital.cl\/sites\/vc\/insomnia-invita-a-taller-de-apreciacion-cinematografica-nuevas-narrativas-del-cine-latinoamericano\/"},"wordCount":877,"image":{"@id":"https:\/\/dev.antudigital.cl\/sites\/vc\/insomnia-invita-a-taller-de-apreciacion-cinematografica-nuevas-narrativas-del-cine-latinoamericano\/#primaryimage"},"thumbnailUrl":"https:\/\/dev.antudigital.cl\/sites\/vc\/wp-content\/uploads\/2024\/07\/IMG_6655.jpg","articleSection":["Noticia"],"inLanguage":"es"},{"@type":"WebPage","@id":"https:\/\/dev.antudigital.cl\/sites\/vc\/insomnia-invita-a-taller-de-apreciacion-cinematografica-nuevas-narrativas-del-cine-latinoamericano\/","url":"https:\/\/dev.antudigital.cl\/sites\/vc\/insomnia-invita-a-taller-de-apreciacion-cinematografica-nuevas-narrativas-del-cine-latinoamericano\/","name":"INSOMNIA invita a Taller de Apreciaci\u00f3n Cinematogr\u00e1fica: Nuevas narrativas del cine Latinoamericano - Valpara\u00ed\u00adso Creativo","isPartOf":{"@id":"https:\/\/dev.antudigital.cl\/sites\/vc\/#website"},"primaryImageOfPage":{"@id":"https:\/\/dev.antudigital.cl\/sites\/vc\/insomnia-invita-a-taller-de-apreciacion-cinematografica-nuevas-narrativas-del-cine-latinoamericano\/#primaryimage"},"image":{"@id":"https:\/\/dev.antudigital.cl\/sites\/vc\/insomnia-invita-a-taller-de-apreciacion-cinematografica-nuevas-narrativas-del-cine-latinoamericano\/#primaryimage"},"thumbnailUrl":"https:\/\/dev.antudigital.cl\/sites\/vc\/wp-content\/uploads\/2024\/07\/IMG_6655.jpg","datePublished":"2024-07-08T18:43:14+00:00","author":{"@id":"https:\/\/dev.antudigital.cl\/sites\/vc\/#\/schema\/person\/c2b9da8dd545e27166fc5ab232837318"},"breadcrumb":{"@id":"https:\/\/dev.antudigital.cl\/sites\/vc\/insomnia-invita-a-taller-de-apreciacion-cinematografica-nuevas-narrativas-del-cine-latinoamericano\/#breadcrumb"},"inLanguage":"es","potentialAction":[{"@type":"ReadAction","target":["https:\/\/dev.antudigital.cl\/sites\/vc\/insomnia-invita-a-taller-de-apreciacion-cinematografica-nuevas-narrativas-del-cine-latinoamericano\/"]}]},{"@type":"ImageObject","inLanguage":"es","@id":"https:\/\/dev.antudigital.cl\/sites\/vc\/insomnia-invita-a-taller-de-apreciacion-cinematografica-nuevas-narrativas-del-cine-latinoamericano\/#primaryimage","url":"https:\/\/dev.antudigital.cl\/sites\/vc\/wp-content\/uploads\/2024\/07\/IMG_6655.jpg","contentUrl":"https:\/\/dev.antudigital.cl\/sites\/vc\/wp-content\/uploads\/2024\/07\/IMG_6655.jpg","width":2048,"height":1153},{"@type":"BreadcrumbList","@id":"https:\/\/dev.antudigital.cl\/sites\/vc\/insomnia-invita-a-taller-de-apreciacion-cinematografica-nuevas-narrativas-del-cine-latinoamericano\/#breadcrumb","itemListElement":[{"@type":"ListItem","position":1,"name":"Home","item":"https:\/\/dev.antudigital.cl\/sites\/vc\/"},{"@type":"ListItem","position":2,"name":"INSOMNIA invita a Taller de Apreciaci\u00f3n Cinematogr\u00e1fica: Nuevas narrativas del cine Latinoamericano"}]},{"@type":"WebSite","@id":"https:\/\/dev.antudigital.cl\/sites\/vc\/#website","url":"https:\/\/dev.antudigital.cl\/sites\/vc\/","name":"Valpara\u00ed\u00adso Creativo","description":"","potentialAction":[{"@type":"SearchAction","target":{"@type":"EntryPoint","urlTemplate":"https:\/\/dev.antudigital.cl\/sites\/vc\/?s={search_term_string}"},"query-input":{"@type":"PropertyValueSpecification","valueRequired":true,"valueName":"search_term_string"}}],"inLanguage":"es"},{"@type":"Person","@id":"https:\/\/dev.antudigital.cl\/sites\/vc\/#\/schema\/person\/c2b9da8dd545e27166fc5ab232837318","name":"Valpara\u00edso Creativo","description":"Periodista de cultura en la Regi\u00f3n de Valpara\u00edso.","url":"https:\/\/dev.antudigital.cl\/sites\/vc\/author\/valpoadmin\/"}]}},"_links":{"self":[{"href":"https:\/\/dev.antudigital.cl\/sites\/vc\/wp-json\/wp\/v2\/posts\/19681","targetHints":{"allow":["GET"]}}],"collection":[{"href":"https:\/\/dev.antudigital.cl\/sites\/vc\/wp-json\/wp\/v2\/posts"}],"about":[{"href":"https:\/\/dev.antudigital.cl\/sites\/vc\/wp-json\/wp\/v2\/types\/post"}],"author":[{"embeddable":true,"href":"https:\/\/dev.antudigital.cl\/sites\/vc\/wp-json\/wp\/v2\/users\/1"}],"replies":[{"embeddable":true,"href":"https:\/\/dev.antudigital.cl\/sites\/vc\/wp-json\/wp\/v2\/comments?post=19681"}],"version-history":[{"count":1,"href":"https:\/\/dev.antudigital.cl\/sites\/vc\/wp-json\/wp\/v2\/posts\/19681\/revisions"}],"predecessor-version":[{"id":19686,"href":"https:\/\/dev.antudigital.cl\/sites\/vc\/wp-json\/wp\/v2\/posts\/19681\/revisions\/19686"}],"wp:featuredmedia":[{"embeddable":true,"href":"https:\/\/dev.antudigital.cl\/sites\/vc\/wp-json\/wp\/v2\/media\/19684"}],"wp:attachment":[{"href":"https:\/\/dev.antudigital.cl\/sites\/vc\/wp-json\/wp\/v2\/media?parent=19681"}],"wp:term":[{"taxonomy":"category","embeddable":true,"href":"https:\/\/dev.antudigital.cl\/sites\/vc\/wp-json\/wp\/v2\/categories?post=19681"},{"taxonomy":"post_tag","embeddable":true,"href":"https:\/\/dev.antudigital.cl\/sites\/vc\/wp-json\/wp\/v2\/tags?post=19681"}],"curies":[{"name":"wp","href":"https:\/\/api.w.org\/{rel}","templated":true}]}}