{"id":19687,"date":"2024-07-08T18:51:51","date_gmt":"2024-07-08T18:51:51","guid":{"rendered":"https:\/\/www.valparaisocreativo.cl\/?p=19687"},"modified":"2024-07-08T18:52:08","modified_gmt":"2024-07-08T18:52:08","slug":"insomnia-inicia-nuevo-ciclo-de-cruzando-miradas-junto-a-cultura-oceanica-en-360-sobre-la-proteccion-del-ecosistema-marino","status":"publish","type":"post","link":"https:\/\/dev.antudigital.cl\/sites\/vc\/insomnia-inicia-nuevo-ciclo-de-cruzando-miradas-junto-a-cultura-oceanica-en-360-sobre-la-proteccion-del-ecosistema-marino\/","title":{"rendered":"INSOMNIA inicia nuevo ciclo de \u201cCruzando Miradas\u201d junto a Cultura Oce\u00e1nica en 360\u00b0 sobre la protecci\u00f3n del ecosistema marino"},"content":{"rendered":"\n<p>Los bi\u00f3logos marinos Pilar Mu\u00f1oz, Nicol\u00e1s P\u00e9rez y Tiffany Cataldo, junto al programador de INSOMNIA, Claudio Pereira, conversar\u00e1n despu\u00e9s de cada funci\u00f3n el impacto que la acci\u00f3n humana ha provocado en el ecosistema marino.<\/p>\n\n\n\n<p>\u00b7&nbsp;&nbsp;&nbsp;&nbsp;&nbsp;&nbsp;&nbsp;&nbsp;&nbsp;Los mi\u00e9rcoles 3 y 10 de julio a las 17:00 horas se proyectar\u00e1n los cortometrajes Puri el camino del agua, Estado Salmonero y Tunqu\u00e9n, un Santuario herido con conversatorio posterior.<\/p>\n\n\n\n<p>INSOMNIA Teatro Condell nuevamente realizar\u00e1 el Ciclo Cruzando Miradas, un proyecto que busca conectar a diversas organizaciones culturales y art\u00edsticas de Valpara\u00edso para reflexionar a partir de pel\u00edculas de Chile y el mundo sobre tem\u00e1ticas que afectan directamente el territorio. Este a\u00f1o el ciclo inicia con Cultura Oce\u00e1nica en 360\u00b0 de la Universidad de Valpara\u00edso y contin\u00faa con el Espacio La Compa\u00f1\u00eda, Museo de Historia Natural de Valpara\u00edso y el Teatro Museo del T\u00edtere y el Payaso. Todas las actividades son gratuitas para el p\u00fablico, no requieren inscripci\u00f3n previa y son posibles gracias al Fondo de Fomento Audiovisual, en la l\u00ednea Formaci\u00f3n de P\u00fablicos para el audiovisual del Ministerio de las Artes, las Culturas y el Patrimonio.<\/p>\n\n\n\n<p>Cultura Oc\u00e9anica en 360\u00b0 es un proyecto de la Universidad de Valpara\u00edso que cuenta con el financiamiento del Ministerio de Ciencia, Tecnolog\u00eda, Conocimiento e Innovaci\u00f3n, a trav\u00e9s de Ciencia P\u00fablica y su objetivo es que ciudadan\u00eda comprenda cu\u00e1les son los efectos sociales de la investigaci\u00f3n oce\u00e1nica, as\u00ed como los temas importantes relacionados con el oc\u00e9ano. En este sentido, a trav\u00e9s de sus acciones busca conocer y entender la influencia que ejerce el oc\u00e9ano sobre nosotros y la influencia que ejercemos nosotros sobre el oc\u00e9ano, ya que esto es fundamental para vivir y actuar de manera sostenible.<\/p>\n\n\n\n<figure class=\"wp-block-image size-large\"><img fetchpriority=\"high\" decoding=\"async\" width=\"1024\" height=\"1024\" src=\"https:\/\/www.valparaisocreativo.cl\/wp-content\/uploads\/2024\/07\/INSOMNIA_CulturaOceanica360_Estado-Salmonero-1024x1024.png\" alt=\"\" class=\"wp-image-19689\" srcset=\"https:\/\/dev.antudigital.cl\/sites\/vc\/wp-content\/uploads\/2024\/07\/INSOMNIA_CulturaOceanica360_Estado-Salmonero-1024x1024.png 1024w, https:\/\/dev.antudigital.cl\/sites\/vc\/wp-content\/uploads\/2024\/07\/INSOMNIA_CulturaOceanica360_Estado-Salmonero-300x300.png 300w, https:\/\/dev.antudigital.cl\/sites\/vc\/wp-content\/uploads\/2024\/07\/INSOMNIA_CulturaOceanica360_Estado-Salmonero-150x150.png 150w, https:\/\/dev.antudigital.cl\/sites\/vc\/wp-content\/uploads\/2024\/07\/INSOMNIA_CulturaOceanica360_Estado-Salmonero-768x768.png 768w, https:\/\/dev.antudigital.cl\/sites\/vc\/wp-content\/uploads\/2024\/07\/INSOMNIA_CulturaOceanica360_Estado-Salmonero-1536x1536.png 1536w, https:\/\/dev.antudigital.cl\/sites\/vc\/wp-content\/uploads\/2024\/07\/INSOMNIA_CulturaOceanica360_Estado-Salmonero-2048x2048.png 2048w, https:\/\/dev.antudigital.cl\/sites\/vc\/wp-content\/uploads\/2024\/07\/INSOMNIA_CulturaOceanica360_Estado-Salmonero-1080x1080.png 1080w, https:\/\/dev.antudigital.cl\/sites\/vc\/wp-content\/uploads\/2024\/07\/INSOMNIA_CulturaOceanica360_Estado-Salmonero-1280x1280.png 1280w, https:\/\/dev.antudigital.cl\/sites\/vc\/wp-content\/uploads\/2024\/07\/INSOMNIA_CulturaOceanica360_Estado-Salmonero-980x980.png 980w, https:\/\/dev.antudigital.cl\/sites\/vc\/wp-content\/uploads\/2024\/07\/INSOMNIA_CulturaOceanica360_Estado-Salmonero-480x480.png 480w, https:\/\/dev.antudigital.cl\/sites\/vc\/wp-content\/uploads\/2024\/07\/INSOMNIA_CulturaOceanica360_Estado-Salmonero-24x24.png 24w, https:\/\/dev.antudigital.cl\/sites\/vc\/wp-content\/uploads\/2024\/07\/INSOMNIA_CulturaOceanica360_Estado-Salmonero-36x36.png 36w, https:\/\/dev.antudigital.cl\/sites\/vc\/wp-content\/uploads\/2024\/07\/INSOMNIA_CulturaOceanica360_Estado-Salmonero-48x48.png 48w\" sizes=\"(max-width: 1024px) 100vw, 1024px\" \/><\/figure>\n\n\n\n<p>Para Pilar Mu\u00f1oz, Coordinadora de Cultura Oce\u00e1nica en 360\u00b0, explic\u00f3 que: \u201cla Cultura oce\u00e1nica busca que las personas entiendan c\u00f3mo el oc\u00e9ano nos beneficia d\u00eda a d\u00eda, por ejemplo, nos da el ox\u00edgeno que respiramos, regula la temperatura del planeta, nos da comida, lugares de esparcimiento. A la vez, que las personas comprendan c\u00f3mo nuestras acciones impactan a la sostenibilidad del oc\u00e9ano. Entonces, este ciclo Cruzando Miradas trata a la Cultura Oce\u00e1nica porque no se puede ense\u00f1ar el oc\u00e9ano de manera tradicional, tiene que haber arte involucrado. Estas 3 obras que vamos a ver, sin duda, van a aumentar la sensibilidad de las personas hacia el oc\u00e9ano, haci\u00e9ndolas comprender la importancia que tiene el oc\u00e9ano en nuestras vidas y el impacto que nosotros estamos causando como humanos\u201d.<\/p>\n\n\n\n<p>En ese sentido, Cruzando Miradas es un aporte ya que: \u201cpara hacer divulgaci\u00f3n cient\u00edfica debemos ocupar instancias art\u00edsticas, porque eso logra una conexi\u00f3n emocional con el p\u00fablico, con las personas, y al conectar emocionalmente las personas conocen el oc\u00e9ano, quieren al oc\u00e9ano y as\u00ed ayudan a conservarlo. As\u00ed que estas 3 obras van a ser claves para poder ir sensibilizando a las personas y as\u00ed podamos ir aportando a la sostenibilidad del oc\u00e9ano y del planeta, tomando conciencia de nuestras acciones\u201d.<\/p>\n\n\n\n<p>Por su parte, Claudio Pereira, programador de INSOMNIA, explic\u00f3 que: \u201cCruzando miradas es un programa de formaci\u00f3n que tiene por objetivo realizar cruces tanto de visiones acerca de un fen\u00f3meno o problem\u00e1tica, as\u00ed como cruzar p\u00fablicos fidelizados a otros \u00e1mbitos m\u00e1s all\u00e1 del audiovisual. En particular el programa busca nuevas estrategias para seducir y activar p\u00fablicos curiosos e interesados por distintos \u00e1mbitos como el medio ambiente, el patrimonio, la historia natural y el mundo del circo\u201d.<\/p>\n\n\n\n<p>\u201cEn este primer ciclo del a\u00f1o de \u201cCruzando miradas: Nuestro territorio\u201d nos articulamos con la Universidad de Valpara\u00edso, en particular con el atractivo proyecto Cultura Oce\u00e1nica en 360\u00b0 que, a trav\u00e9s de nuevas tecnolog\u00edas inmersivas, aporta una nueva visi\u00f3n a nuestro territorio costero de la regi\u00f3n que se potenciar\u00e1 con la visibilidad en el espacio INSOMNIA Teatro Condell. En 2 sesiones se realizar\u00e1 una mediaci\u00f3n con documentales, en primer lugar acerca del impacto de la industria salmonera como \u00abPuri, el camino del agua\u201d y \u00abEstado salmonero\u00bb del realizador Daniel Casado. Y, en segundo lugar, el documental \u00abTunqu\u00e9n, un santuario herido\u00bb de Francisca Santamar\u00eda y Jos\u00e9 Miguel Sauvalle sobre el da\u00f1o y cuidado de un territorio cercano\u201d, precisa Pereira.<\/p>\n\n\n\n<figure class=\"wp-block-image size-full\"><img decoding=\"async\" width=\"900\" height=\"600\" src=\"https:\/\/www.valparaisocreativo.cl\/wp-content\/uploads\/2024\/07\/Estado-Salmonero.jpg\" alt=\"\" class=\"wp-image-19690\" srcset=\"https:\/\/dev.antudigital.cl\/sites\/vc\/wp-content\/uploads\/2024\/07\/Estado-Salmonero.jpg 900w, https:\/\/dev.antudigital.cl\/sites\/vc\/wp-content\/uploads\/2024\/07\/Estado-Salmonero-300x200.jpg 300w, https:\/\/dev.antudigital.cl\/sites\/vc\/wp-content\/uploads\/2024\/07\/Estado-Salmonero-768x512.jpg 768w, https:\/\/dev.antudigital.cl\/sites\/vc\/wp-content\/uploads\/2024\/07\/Estado-Salmonero-480x320.jpg 480w, https:\/\/dev.antudigital.cl\/sites\/vc\/wp-content\/uploads\/2024\/07\/Estado-Salmonero-24x16.jpg 24w, https:\/\/dev.antudigital.cl\/sites\/vc\/wp-content\/uploads\/2024\/07\/Estado-Salmonero-36x24.jpg 36w, https:\/\/dev.antudigital.cl\/sites\/vc\/wp-content\/uploads\/2024\/07\/Estado-Salmonero-48x32.jpg 48w\" sizes=\"(max-width: 900px) 100vw, 900px\" \/><\/figure>\n\n\n\n<p>El d\u00eda mi\u00e9rcoles 3 de julio a las 17:00 hrs. se proyectar\u00e1n los cortometrajes: \u201cPuri, el camino del agua\u201d y \u201cEstado salmonero\u201d del director Daniel Casado. En esta oportunidad participar\u00e1n en el conversatorio Pilar Mu\u00f1oz, Coordinadora del proyecto Cultura Oce\u00e1nica en 360\u00b0 de la Universidad de Valpara\u00edso y Nicol\u00e1s P\u00e9rez, bi\u00f3logo marino y divulgador cient\u00edfico. La jornada del mi\u00e9rcoles 10 de julio a las 17:00 hrs. se exhibir\u00e1 el cortometraje \u201cTunqu\u00e9n, un santuario herido\u201d de los directores Francisca Santamar\u00eda y Jos\u00e9 Miguel Sauvalle. Este d\u00eda participar\u00e1n en el cine foro Pilar Mu\u00f1oz y Tiffany Cataldo, bi\u00f3loga marina y asesora legislativa del Senado chileno. Ambas instancias ser\u00e1n moderadas por Claudio Pereira, programador de INSOMNIA.<\/p>\n\n\n\n<p>El ciclo completo \u201cCruzando Miradas\u201d es con entrada liberada y sin inscripci\u00f3n previa. Durante el mes de agosto esta iniciativa se realizar\u00e1 junto al Espacio La Compa\u00f1\u00eda, con un enfoque patrimonial junto a los documentales \u00ab&#8230;A Valpara\u00edso\u00bb del director Joris Ivens y &nbsp;&nbsp;\u00abPoblaci\u00f3n M\u00e1rquez\u00bb, del director y acad\u00e9mico Rodrigo Cepeda. Para m\u00e1s informaci\u00f3n visita&nbsp;<a href=\"http:\/\/www.insomniacine.cl\/\" target=\"_blank\" rel=\"noreferrer noopener\">www.insomniacine.cl<\/a>.<\/p>\n","protected":false},"excerpt":{"rendered":"<p>Los bi\u00f3logos marinos Pilar Mu\u00f1oz, Nicol\u00e1s P\u00e9rez y Tiffany Cataldo, junto al programador de INSOMNIA, Claudio Pereira, conversar\u00e1n despu\u00e9s de cada funci\u00f3n el impacto que la acci\u00f3n humana ha provocado en el ecosistema marino. \u00b7&nbsp;&nbsp;&nbsp;&nbsp;&nbsp;&nbsp;&nbsp;&nbsp;&nbsp;Los mi\u00e9rcoles 3 y 10 de julio a las 17:00 horas se proyectar\u00e1n los cortometrajes Puri el camino del agua, Estado [&hellip;]<\/p>\n","protected":false},"author":1,"featured_media":19688,"comment_status":"closed","ping_status":"closed","sticky":false,"template":"","format":"standard","meta":{"_acf_changed":false,"footnotes":""},"categories":[8],"tags":[],"class_list":["post-19687","post","type-post","status-publish","format-standard","has-post-thumbnail","hentry","category-noticia"],"acf":[],"yoast_head":"<!-- This site is optimized with the Yoast SEO plugin v27.1.1 - https:\/\/yoast.com\/product\/yoast-seo-wordpress\/ -->\n<title>INSOMNIA inicia nuevo ciclo de \u201cCruzando Miradas\u201d junto a Cultura Oce\u00e1nica en 360\u00b0 sobre la protecci\u00f3n del ecosistema marino - Valpara\u00ed\u00adso Creativo<\/title>\n<meta name=\"robots\" content=\"index, follow, max-snippet:-1, max-image-preview:large, max-video-preview:-1\" \/>\n<link rel=\"canonical\" href=\"https:\/\/dev.antudigital.cl\/sites\/vc\/insomnia-inicia-nuevo-ciclo-de-cruzando-miradas-junto-a-cultura-oceanica-en-360-sobre-la-proteccion-del-ecosistema-marino\/\" \/>\n<meta property=\"og:locale\" content=\"es_ES\" \/>\n<meta property=\"og:type\" content=\"article\" \/>\n<meta property=\"og:title\" content=\"INSOMNIA inicia nuevo ciclo de \u201cCruzando Miradas\u201d junto a Cultura Oce\u00e1nica en 360\u00b0 sobre la protecci\u00f3n del ecosistema marino - Valpara\u00ed\u00adso Creativo\" \/>\n<meta property=\"og:description\" content=\"Los bi\u00f3logos marinos Pilar Mu\u00f1oz, Nicol\u00e1s P\u00e9rez y Tiffany Cataldo, junto al programador de INSOMNIA, Claudio Pereira, conversar\u00e1n despu\u00e9s de cada funci\u00f3n el impacto que la acci\u00f3n humana ha provocado en el ecosistema marino. \u00b7&nbsp;&nbsp;&nbsp;&nbsp;&nbsp;&nbsp;&nbsp;&nbsp;&nbsp;Los mi\u00e9rcoles 3 y 10 de julio a las 17:00 horas se proyectar\u00e1n los cortometrajes Puri el camino del agua, Estado [&hellip;]\" \/>\n<meta property=\"og:url\" content=\"https:\/\/dev.antudigital.cl\/sites\/vc\/insomnia-inicia-nuevo-ciclo-de-cruzando-miradas-junto-a-cultura-oceanica-en-360-sobre-la-proteccion-del-ecosistema-marino\/\" \/>\n<meta property=\"og:site_name\" content=\"Valpara\u00ed\u00adso Creativo\" \/>\n<meta property=\"article:published_time\" content=\"2024-07-08T18:51:51+00:00\" \/>\n<meta property=\"article:modified_time\" content=\"2024-07-08T18:52:08+00:00\" \/>\n<meta property=\"og:image\" content=\"https:\/\/dev.antudigital.cl\/sites\/vc\/wp-content\/uploads\/2024\/07\/Tunquen.png\" \/>\n\t<meta property=\"og:image:width\" content=\"650\" \/>\n\t<meta property=\"og:image:height\" content=\"374\" \/>\n\t<meta property=\"og:image:type\" content=\"image\/png\" \/>\n<meta name=\"author\" content=\"Valpara\u00edso Creativo\" \/>\n<meta name=\"twitter:card\" content=\"summary_large_image\" \/>\n<meta name=\"twitter:label1\" content=\"Escrito por\" \/>\n\t<meta name=\"twitter:data1\" content=\"Valpara\u00edso Creativo\" \/>\n\t<meta name=\"twitter:label2\" content=\"Tiempo de lectura\" \/>\n\t<meta name=\"twitter:data2\" content=\"5 minutos\" \/>\n<script type=\"application\/ld+json\" class=\"yoast-schema-graph\">{\"@context\":\"https:\/\/schema.org\",\"@graph\":[{\"@type\":\"Article\",\"@id\":\"https:\/\/dev.antudigital.cl\/sites\/vc\/insomnia-inicia-nuevo-ciclo-de-cruzando-miradas-junto-a-cultura-oceanica-en-360-sobre-la-proteccion-del-ecosistema-marino\/#article\",\"isPartOf\":{\"@id\":\"https:\/\/dev.antudigital.cl\/sites\/vc\/insomnia-inicia-nuevo-ciclo-de-cruzando-miradas-junto-a-cultura-oceanica-en-360-sobre-la-proteccion-del-ecosistema-marino\/\"},\"author\":{\"name\":\"Valpara\u00edso Creativo\",\"@id\":\"https:\/\/dev.antudigital.cl\/sites\/vc\/#\/schema\/person\/c2b9da8dd545e27166fc5ab232837318\"},\"headline\":\"INSOMNIA inicia nuevo ciclo de \u201cCruzando Miradas\u201d junto a Cultura Oce\u00e1nica en 360\u00b0 sobre la protecci\u00f3n del ecosistema marino\",\"datePublished\":\"2024-07-08T18:51:51+00:00\",\"dateModified\":\"2024-07-08T18:52:08+00:00\",\"mainEntityOfPage\":{\"@id\":\"https:\/\/dev.antudigital.cl\/sites\/vc\/insomnia-inicia-nuevo-ciclo-de-cruzando-miradas-junto-a-cultura-oceanica-en-360-sobre-la-proteccion-del-ecosistema-marino\/\"},\"wordCount\":975,\"image\":{\"@id\":\"https:\/\/dev.antudigital.cl\/sites\/vc\/insomnia-inicia-nuevo-ciclo-de-cruzando-miradas-junto-a-cultura-oceanica-en-360-sobre-la-proteccion-del-ecosistema-marino\/#primaryimage\"},\"thumbnailUrl\":\"https:\/\/dev.antudigital.cl\/sites\/vc\/wp-content\/uploads\/2024\/07\/Tunquen.png\",\"articleSection\":[\"Noticia\"],\"inLanguage\":\"es\"},{\"@type\":\"WebPage\",\"@id\":\"https:\/\/dev.antudigital.cl\/sites\/vc\/insomnia-inicia-nuevo-ciclo-de-cruzando-miradas-junto-a-cultura-oceanica-en-360-sobre-la-proteccion-del-ecosistema-marino\/\",\"url\":\"https:\/\/dev.antudigital.cl\/sites\/vc\/insomnia-inicia-nuevo-ciclo-de-cruzando-miradas-junto-a-cultura-oceanica-en-360-sobre-la-proteccion-del-ecosistema-marino\/\",\"name\":\"INSOMNIA inicia nuevo ciclo de \u201cCruzando Miradas\u201d junto a Cultura Oce\u00e1nica en 360\u00b0 sobre la protecci\u00f3n del ecosistema marino - Valpara\u00ed\u00adso Creativo\",\"isPartOf\":{\"@id\":\"https:\/\/dev.antudigital.cl\/sites\/vc\/#website\"},\"primaryImageOfPage\":{\"@id\":\"https:\/\/dev.antudigital.cl\/sites\/vc\/insomnia-inicia-nuevo-ciclo-de-cruzando-miradas-junto-a-cultura-oceanica-en-360-sobre-la-proteccion-del-ecosistema-marino\/#primaryimage\"},\"image\":{\"@id\":\"https:\/\/dev.antudigital.cl\/sites\/vc\/insomnia-inicia-nuevo-ciclo-de-cruzando-miradas-junto-a-cultura-oceanica-en-360-sobre-la-proteccion-del-ecosistema-marino\/#primaryimage\"},\"thumbnailUrl\":\"https:\/\/dev.antudigital.cl\/sites\/vc\/wp-content\/uploads\/2024\/07\/Tunquen.png\",\"datePublished\":\"2024-07-08T18:51:51+00:00\",\"dateModified\":\"2024-07-08T18:52:08+00:00\",\"author\":{\"@id\":\"https:\/\/dev.antudigital.cl\/sites\/vc\/#\/schema\/person\/c2b9da8dd545e27166fc5ab232837318\"},\"breadcrumb\":{\"@id\":\"https:\/\/dev.antudigital.cl\/sites\/vc\/insomnia-inicia-nuevo-ciclo-de-cruzando-miradas-junto-a-cultura-oceanica-en-360-sobre-la-proteccion-del-ecosistema-marino\/#breadcrumb\"},\"inLanguage\":\"es\",\"potentialAction\":[{\"@type\":\"ReadAction\",\"target\":[\"https:\/\/dev.antudigital.cl\/sites\/vc\/insomnia-inicia-nuevo-ciclo-de-cruzando-miradas-junto-a-cultura-oceanica-en-360-sobre-la-proteccion-del-ecosistema-marino\/\"]}]},{\"@type\":\"ImageObject\",\"inLanguage\":\"es\",\"@id\":\"https:\/\/dev.antudigital.cl\/sites\/vc\/insomnia-inicia-nuevo-ciclo-de-cruzando-miradas-junto-a-cultura-oceanica-en-360-sobre-la-proteccion-del-ecosistema-marino\/#primaryimage\",\"url\":\"https:\/\/dev.antudigital.cl\/sites\/vc\/wp-content\/uploads\/2024\/07\/Tunquen.png\",\"contentUrl\":\"https:\/\/dev.antudigital.cl\/sites\/vc\/wp-content\/uploads\/2024\/07\/Tunquen.png\",\"width\":650,\"height\":374},{\"@type\":\"BreadcrumbList\",\"@id\":\"https:\/\/dev.antudigital.cl\/sites\/vc\/insomnia-inicia-nuevo-ciclo-de-cruzando-miradas-junto-a-cultura-oceanica-en-360-sobre-la-proteccion-del-ecosistema-marino\/#breadcrumb\",\"itemListElement\":[{\"@type\":\"ListItem\",\"position\":1,\"name\":\"Home\",\"item\":\"https:\/\/dev.antudigital.cl\/sites\/vc\/\"},{\"@type\":\"ListItem\",\"position\":2,\"name\":\"INSOMNIA inicia nuevo ciclo de \u201cCruzando Miradas\u201d junto a Cultura Oce\u00e1nica en 360\u00b0 sobre la protecci\u00f3n del ecosistema marino\"}]},{\"@type\":\"WebSite\",\"@id\":\"https:\/\/dev.antudigital.cl\/sites\/vc\/#website\",\"url\":\"https:\/\/dev.antudigital.cl\/sites\/vc\/\",\"name\":\"Valpara\u00ed\u00adso Creativo\",\"description\":\"\",\"potentialAction\":[{\"@type\":\"SearchAction\",\"target\":{\"@type\":\"EntryPoint\",\"urlTemplate\":\"https:\/\/dev.antudigital.cl\/sites\/vc\/?s={search_term_string}\"},\"query-input\":{\"@type\":\"PropertyValueSpecification\",\"valueRequired\":true,\"valueName\":\"search_term_string\"}}],\"inLanguage\":\"es\"},{\"@type\":\"Person\",\"@id\":\"https:\/\/dev.antudigital.cl\/sites\/vc\/#\/schema\/person\/c2b9da8dd545e27166fc5ab232837318\",\"name\":\"Valpara\u00edso Creativo\",\"description\":\"Periodista de cultura en la Regi\u00f3n de Valpara\u00edso.\",\"url\":\"https:\/\/dev.antudigital.cl\/sites\/vc\/author\/valpoadmin\/\"}]}<\/script>\n<!-- \/ Yoast SEO plugin. -->","yoast_head_json":{"title":"INSOMNIA inicia nuevo ciclo de \u201cCruzando Miradas\u201d junto a Cultura Oce\u00e1nica en 360\u00b0 sobre la protecci\u00f3n del ecosistema marino - Valpara\u00ed\u00adso Creativo","robots":{"index":"index","follow":"follow","max-snippet":"max-snippet:-1","max-image-preview":"max-image-preview:large","max-video-preview":"max-video-preview:-1"},"canonical":"https:\/\/dev.antudigital.cl\/sites\/vc\/insomnia-inicia-nuevo-ciclo-de-cruzando-miradas-junto-a-cultura-oceanica-en-360-sobre-la-proteccion-del-ecosistema-marino\/","og_locale":"es_ES","og_type":"article","og_title":"INSOMNIA inicia nuevo ciclo de \u201cCruzando Miradas\u201d junto a Cultura Oce\u00e1nica en 360\u00b0 sobre la protecci\u00f3n del ecosistema marino - Valpara\u00ed\u00adso Creativo","og_description":"Los bi\u00f3logos marinos Pilar Mu\u00f1oz, Nicol\u00e1s P\u00e9rez y Tiffany Cataldo, junto al programador de INSOMNIA, Claudio Pereira, conversar\u00e1n despu\u00e9s de cada funci\u00f3n el impacto que la acci\u00f3n humana ha provocado en el ecosistema marino. \u00b7&nbsp;&nbsp;&nbsp;&nbsp;&nbsp;&nbsp;&nbsp;&nbsp;&nbsp;Los mi\u00e9rcoles 3 y 10 de julio a las 17:00 horas se proyectar\u00e1n los cortometrajes Puri el camino del agua, Estado [&hellip;]","og_url":"https:\/\/dev.antudigital.cl\/sites\/vc\/insomnia-inicia-nuevo-ciclo-de-cruzando-miradas-junto-a-cultura-oceanica-en-360-sobre-la-proteccion-del-ecosistema-marino\/","og_site_name":"Valpara\u00ed\u00adso Creativo","article_published_time":"2024-07-08T18:51:51+00:00","article_modified_time":"2024-07-08T18:52:08+00:00","og_image":[{"width":650,"height":374,"url":"https:\/\/dev.antudigital.cl\/sites\/vc\/wp-content\/uploads\/2024\/07\/Tunquen.png","type":"image\/png"}],"author":"Valpara\u00edso Creativo","twitter_card":"summary_large_image","twitter_misc":{"Escrito por":"Valpara\u00edso Creativo","Tiempo de lectura":"5 minutos"},"schema":{"@context":"https:\/\/schema.org","@graph":[{"@type":"Article","@id":"https:\/\/dev.antudigital.cl\/sites\/vc\/insomnia-inicia-nuevo-ciclo-de-cruzando-miradas-junto-a-cultura-oceanica-en-360-sobre-la-proteccion-del-ecosistema-marino\/#article","isPartOf":{"@id":"https:\/\/dev.antudigital.cl\/sites\/vc\/insomnia-inicia-nuevo-ciclo-de-cruzando-miradas-junto-a-cultura-oceanica-en-360-sobre-la-proteccion-del-ecosistema-marino\/"},"author":{"name":"Valpara\u00edso Creativo","@id":"https:\/\/dev.antudigital.cl\/sites\/vc\/#\/schema\/person\/c2b9da8dd545e27166fc5ab232837318"},"headline":"INSOMNIA inicia nuevo ciclo de \u201cCruzando Miradas\u201d junto a Cultura Oce\u00e1nica en 360\u00b0 sobre la protecci\u00f3n del ecosistema marino","datePublished":"2024-07-08T18:51:51+00:00","dateModified":"2024-07-08T18:52:08+00:00","mainEntityOfPage":{"@id":"https:\/\/dev.antudigital.cl\/sites\/vc\/insomnia-inicia-nuevo-ciclo-de-cruzando-miradas-junto-a-cultura-oceanica-en-360-sobre-la-proteccion-del-ecosistema-marino\/"},"wordCount":975,"image":{"@id":"https:\/\/dev.antudigital.cl\/sites\/vc\/insomnia-inicia-nuevo-ciclo-de-cruzando-miradas-junto-a-cultura-oceanica-en-360-sobre-la-proteccion-del-ecosistema-marino\/#primaryimage"},"thumbnailUrl":"https:\/\/dev.antudigital.cl\/sites\/vc\/wp-content\/uploads\/2024\/07\/Tunquen.png","articleSection":["Noticia"],"inLanguage":"es"},{"@type":"WebPage","@id":"https:\/\/dev.antudigital.cl\/sites\/vc\/insomnia-inicia-nuevo-ciclo-de-cruzando-miradas-junto-a-cultura-oceanica-en-360-sobre-la-proteccion-del-ecosistema-marino\/","url":"https:\/\/dev.antudigital.cl\/sites\/vc\/insomnia-inicia-nuevo-ciclo-de-cruzando-miradas-junto-a-cultura-oceanica-en-360-sobre-la-proteccion-del-ecosistema-marino\/","name":"INSOMNIA inicia nuevo ciclo de \u201cCruzando Miradas\u201d junto a Cultura Oce\u00e1nica en 360\u00b0 sobre la protecci\u00f3n del ecosistema marino - Valpara\u00ed\u00adso Creativo","isPartOf":{"@id":"https:\/\/dev.antudigital.cl\/sites\/vc\/#website"},"primaryImageOfPage":{"@id":"https:\/\/dev.antudigital.cl\/sites\/vc\/insomnia-inicia-nuevo-ciclo-de-cruzando-miradas-junto-a-cultura-oceanica-en-360-sobre-la-proteccion-del-ecosistema-marino\/#primaryimage"},"image":{"@id":"https:\/\/dev.antudigital.cl\/sites\/vc\/insomnia-inicia-nuevo-ciclo-de-cruzando-miradas-junto-a-cultura-oceanica-en-360-sobre-la-proteccion-del-ecosistema-marino\/#primaryimage"},"thumbnailUrl":"https:\/\/dev.antudigital.cl\/sites\/vc\/wp-content\/uploads\/2024\/07\/Tunquen.png","datePublished":"2024-07-08T18:51:51+00:00","dateModified":"2024-07-08T18:52:08+00:00","author":{"@id":"https:\/\/dev.antudigital.cl\/sites\/vc\/#\/schema\/person\/c2b9da8dd545e27166fc5ab232837318"},"breadcrumb":{"@id":"https:\/\/dev.antudigital.cl\/sites\/vc\/insomnia-inicia-nuevo-ciclo-de-cruzando-miradas-junto-a-cultura-oceanica-en-360-sobre-la-proteccion-del-ecosistema-marino\/#breadcrumb"},"inLanguage":"es","potentialAction":[{"@type":"ReadAction","target":["https:\/\/dev.antudigital.cl\/sites\/vc\/insomnia-inicia-nuevo-ciclo-de-cruzando-miradas-junto-a-cultura-oceanica-en-360-sobre-la-proteccion-del-ecosistema-marino\/"]}]},{"@type":"ImageObject","inLanguage":"es","@id":"https:\/\/dev.antudigital.cl\/sites\/vc\/insomnia-inicia-nuevo-ciclo-de-cruzando-miradas-junto-a-cultura-oceanica-en-360-sobre-la-proteccion-del-ecosistema-marino\/#primaryimage","url":"https:\/\/dev.antudigital.cl\/sites\/vc\/wp-content\/uploads\/2024\/07\/Tunquen.png","contentUrl":"https:\/\/dev.antudigital.cl\/sites\/vc\/wp-content\/uploads\/2024\/07\/Tunquen.png","width":650,"height":374},{"@type":"BreadcrumbList","@id":"https:\/\/dev.antudigital.cl\/sites\/vc\/insomnia-inicia-nuevo-ciclo-de-cruzando-miradas-junto-a-cultura-oceanica-en-360-sobre-la-proteccion-del-ecosistema-marino\/#breadcrumb","itemListElement":[{"@type":"ListItem","position":1,"name":"Home","item":"https:\/\/dev.antudigital.cl\/sites\/vc\/"},{"@type":"ListItem","position":2,"name":"INSOMNIA inicia nuevo ciclo de \u201cCruzando Miradas\u201d junto a Cultura Oce\u00e1nica en 360\u00b0 sobre la protecci\u00f3n del ecosistema marino"}]},{"@type":"WebSite","@id":"https:\/\/dev.antudigital.cl\/sites\/vc\/#website","url":"https:\/\/dev.antudigital.cl\/sites\/vc\/","name":"Valpara\u00ed\u00adso Creativo","description":"","potentialAction":[{"@type":"SearchAction","target":{"@type":"EntryPoint","urlTemplate":"https:\/\/dev.antudigital.cl\/sites\/vc\/?s={search_term_string}"},"query-input":{"@type":"PropertyValueSpecification","valueRequired":true,"valueName":"search_term_string"}}],"inLanguage":"es"},{"@type":"Person","@id":"https:\/\/dev.antudigital.cl\/sites\/vc\/#\/schema\/person\/c2b9da8dd545e27166fc5ab232837318","name":"Valpara\u00edso Creativo","description":"Periodista de cultura en la Regi\u00f3n de Valpara\u00edso.","url":"https:\/\/dev.antudigital.cl\/sites\/vc\/author\/valpoadmin\/"}]}},"_links":{"self":[{"href":"https:\/\/dev.antudigital.cl\/sites\/vc\/wp-json\/wp\/v2\/posts\/19687","targetHints":{"allow":["GET"]}}],"collection":[{"href":"https:\/\/dev.antudigital.cl\/sites\/vc\/wp-json\/wp\/v2\/posts"}],"about":[{"href":"https:\/\/dev.antudigital.cl\/sites\/vc\/wp-json\/wp\/v2\/types\/post"}],"author":[{"embeddable":true,"href":"https:\/\/dev.antudigital.cl\/sites\/vc\/wp-json\/wp\/v2\/users\/1"}],"replies":[{"embeddable":true,"href":"https:\/\/dev.antudigital.cl\/sites\/vc\/wp-json\/wp\/v2\/comments?post=19687"}],"version-history":[{"count":1,"href":"https:\/\/dev.antudigital.cl\/sites\/vc\/wp-json\/wp\/v2\/posts\/19687\/revisions"}],"predecessor-version":[{"id":19691,"href":"https:\/\/dev.antudigital.cl\/sites\/vc\/wp-json\/wp\/v2\/posts\/19687\/revisions\/19691"}],"wp:featuredmedia":[{"embeddable":true,"href":"https:\/\/dev.antudigital.cl\/sites\/vc\/wp-json\/wp\/v2\/media\/19688"}],"wp:attachment":[{"href":"https:\/\/dev.antudigital.cl\/sites\/vc\/wp-json\/wp\/v2\/media?parent=19687"}],"wp:term":[{"taxonomy":"category","embeddable":true,"href":"https:\/\/dev.antudigital.cl\/sites\/vc\/wp-json\/wp\/v2\/categories?post=19687"},{"taxonomy":"post_tag","embeddable":true,"href":"https:\/\/dev.antudigital.cl\/sites\/vc\/wp-json\/wp\/v2\/tags?post=19687"}],"curies":[{"name":"wp","href":"https:\/\/api.w.org\/{rel}","templated":true}]}}