{"id":19695,"date":"2024-07-09T01:38:18","date_gmt":"2024-07-09T01:38:18","guid":{"rendered":"https:\/\/www.valparaisocreativo.cl\/?p=19695"},"modified":"2024-07-09T01:38:34","modified_gmt":"2024-07-09T01:38:34","slug":"una-mirada-al-invierno-y-su-turismo-desde-la-region-de-valparaiso","status":"publish","type":"post","link":"https:\/\/dev.antudigital.cl\/sites\/vc\/una-mirada-al-invierno-y-su-turismo-desde-la-region-de-valparaiso\/","title":{"rendered":"Una mirada al invierno y su turismo desde la Regi\u00f3n de Valpara\u00edso"},"content":{"rendered":"\n<p>Ya estamos adentrados completamente en el invierno, lo que involucra un clima diferente que nos invita a explorar nuevas posibilidades en cuanto a turismo se trata. La Regi\u00f3n de Valpara\u00edso, as\u00ed como Chile, se compone de manera diversa y esto entrega la posibilidad de disfrutar de una variedad de atractivos durante el a\u00f1o, que van m\u00e1s all\u00e1 de las reconocidas playas que conforman nuestra costa.<\/p>\n\n\n\n<p>Desde esta misma hasta el Valle de Aconcagua y a Los Andes, hay un gran potencial tur\u00edstico que se explora y a\u00fan puede desarrollarse m\u00e1s. \u00bfQu\u00e9 encontramos en la temporada invernal en este sentido? Consultamos al Gerente de la Corporaci\u00f3n Regional de Turismo de Valpara\u00edso, Francisco Godoy, quien nos dio su punto de vista sobre el estado de las cosas a nivel regional.<\/p>\n\n\n\n<ul class=\"wp-block-list\">\n<li><strong>\u00bfC\u00f3mo se prepar\u00f3 la Regi\u00f3n para estas vacaciones de invierno? Quisiera conocer algunos hitos o atractivos que se puedan promover con un enfoque m\u00e1s descentralizado, saliendo de Valpara\u00edso y Vi\u00f1a del Mar.<\/strong><\/li>\n<\/ul>\n\n\n\n<p>Francisco Godoy: Para contextualizar un poco antes, estas vacaciones de invierno fueron especiales porque partieron antes, con el feriado del 20 de junio, eso alarg\u00f3 el periodo usual de vacaciones. Esto es muy bueno para el sistema tur\u00edstico en su conjunto.<\/p>\n\n\n\n<p>El a\u00f1o pasado tuvimos una ocupaci\u00f3n hotelera del 54%, siendo el <em>peak <\/em>en el Valle de Aconcagua con un 69% de la misma, lo que es muy destacable como indicador a nivel regional, por ejemplo.<\/p>\n\n\n\n<p>Por otra parte, adem\u00e1s de las vacaciones de escolares, tenemos las de los y las estudiantes que parten ahora y contin\u00faan hasta agosto, extendiendo bastante la temporada. Para esto hay muchas actividades y lugares por aprovechar, incluyendo eventos en algunas comunas. En este sentido, hemos desarrollado distintas acciones m\u00e1s all\u00e1 de aquello que se hace en Vi\u00f1a del Mar y Valpara\u00edso, que sin duda aportan tambi\u00e9n a esta regi\u00f3n. Hay grandes hitos en El Quisco y San Felipe, en esta \u00faltima destacan las pistas de hielo que se hicieron para ni\u00f1os y ni\u00f1as de todas las edades, diversificando su oferta de invierno.&nbsp;<\/p>\n\n\n\n<p>En otra latitud, La Campana, Ocoa e Hijuelas tambi\u00e9n se posicionan esta temporada, as\u00ed como tambi\u00e9n Los Andes, ya que hay muchos panoramas vinculados tambi\u00e9n al medio ambiente y a recorridos tur\u00edstico &#8211; culturales de inter\u00e9s.\u00a0<\/p>\n\n\n\n<figure class=\"wp-block-image size-large\"><img fetchpriority=\"high\" decoding=\"async\" width=\"1024\" height=\"768\" src=\"https:\/\/www.valparaisocreativo.cl\/wp-content\/uploads\/2024\/07\/Corporacion-4-1024x768.jpg\" alt=\"\" class=\"wp-image-19701\" srcset=\"https:\/\/dev.antudigital.cl\/sites\/vc\/wp-content\/uploads\/2024\/07\/Corporacion-4-1024x768.jpg 1024w, https:\/\/dev.antudigital.cl\/sites\/vc\/wp-content\/uploads\/2024\/07\/Corporacion-4-300x225.jpg 300w, https:\/\/dev.antudigital.cl\/sites\/vc\/wp-content\/uploads\/2024\/07\/Corporacion-4-768x576.jpg 768w, https:\/\/dev.antudigital.cl\/sites\/vc\/wp-content\/uploads\/2024\/07\/Corporacion-4-1536x1152.jpg 1536w, https:\/\/dev.antudigital.cl\/sites\/vc\/wp-content\/uploads\/2024\/07\/Corporacion-4-510x382.jpg 510w, https:\/\/dev.antudigital.cl\/sites\/vc\/wp-content\/uploads\/2024\/07\/Corporacion-4-1080x810.jpg 1080w, https:\/\/dev.antudigital.cl\/sites\/vc\/wp-content\/uploads\/2024\/07\/Corporacion-4-1280x960.jpg 1280w, https:\/\/dev.antudigital.cl\/sites\/vc\/wp-content\/uploads\/2024\/07\/Corporacion-4-980x735.jpg 980w, https:\/\/dev.antudigital.cl\/sites\/vc\/wp-content\/uploads\/2024\/07\/Corporacion-4-480x360.jpg 480w, https:\/\/dev.antudigital.cl\/sites\/vc\/wp-content\/uploads\/2024\/07\/Corporacion-4-24x18.jpg 24w, https:\/\/dev.antudigital.cl\/sites\/vc\/wp-content\/uploads\/2024\/07\/Corporacion-4-36x27.jpg 36w, https:\/\/dev.antudigital.cl\/sites\/vc\/wp-content\/uploads\/2024\/07\/Corporacion-4-48x36.jpg 48w, https:\/\/dev.antudigital.cl\/sites\/vc\/wp-content\/uploads\/2024\/07\/Corporacion-4.jpg 2048w\" sizes=\"(max-width: 1024px) 100vw, 1024px\" \/><figcaption class=\"wp-element-caption\">Participaci\u00f3n de la Corporaci\u00f3n Regional de Turismo de Valpara\u00edso en el cierre de Comit\u00e9 Gestores 2023<\/figcaption><\/figure>\n\n\n\n<ul class=\"wp-block-list\">\n<li><strong>\u00bfDe qu\u00e9 manera podemos trabajar para con estos territorios que est\u00e1n m\u00e1s alejados, que a veces son menos \u201caccesibles\u201d o cuyos atractivos son menos conocidos?<\/strong><\/li>\n<\/ul>\n\n\n\n<p>FG: Sin duda es importante tener esta variedad de actividades muy visibilizada y publicitada adecuadamente a trav\u00e9s de las redes sociales, como las nuestras. Otra manera es que hace algunas semanas hicimos con otras instituciones un lanzamiento de la cartelera de la Regi\u00f3n de Valpara\u00edso en Santiago, precisamente en el Sky Costanera. En esta activaci\u00f3n fuimos con representantes de muchos territorios, vincul\u00e1ndonos con tour operadores y otros actores, mostrando la oferta tur\u00edstica de nuestras diversas comunas, que a su vez, es s\u00faper diferente.<\/p>\n\n\n\n<p>Esto se gestion\u00f3 en Santiago porque desde aqu\u00ed proviene gran parte de nuestra demanda tur\u00edstica. Ah\u00ed colaboramos con entidades como SERNATUR, Municipalidades y entidades del \u00e1rea del turismo. Entonces, se deben combinar acciones con informaci\u00f3n apropiada en los canales digitales que tenemos disponibles, potenciando el discurso de que se puede venir a la Regi\u00f3n de Valpara\u00edso tanto a descansar como a hacer recorridos y tener actividades de inter\u00e9s para todos los p\u00fablicos.<\/p>\n\n\n\n<ul class=\"wp-block-list\">\n<li><strong>Llevan un tiempo conformando una Mesa de Turismo Accesible. Quisiera saber m\u00e1s de esta iniciativa y de su alcance e importancia. \u00bfEn qu\u00e9 se ha traducido al d\u00eda de hoy?<\/strong><\/li>\n<\/ul>\n\n\n\n<p>FG: En esta mesa de turismo accesible participan varias instituciones, por ejemplo la Municipalidad de Vi\u00f1a del Mar, SERNATUR, la Universidad Andr\u00e9s Bello tambi\u00e9n. Es una mesa de turismo que llevamos trabajando un a\u00f1o. Se han desarrollado principalmente rutas tur\u00edsticas, dentro de las cuales est\u00e1 la ruta tur\u00edstica en Vi\u00f1a del Mar, en la cual se potencian los puntos accesibles que tenemos en la Regi\u00f3n.&nbsp;<\/p>\n\n\n\n<p>Tambi\u00e9n hay ejemplos como Artequ\u00edn, el cual tiene una infraestructura accesible e inclusiva, as\u00ed vamos potenciando estos espacios se potencian y se llama tambi\u00e9n a otras instituciones y servicios tur\u00edsticos a que generen esa modificaci\u00f3n en su infraestructura para poder ser accesibles para personas en situaciones de discapacidad o con movilidad reducida.&nbsp;<\/p>\n\n\n\n<p>Por otro lado, tambi\u00e9n se han desarrollado distintas alianzas a nivel regional para poder avanzar en una mayor vinculaci\u00f3n, por ejemplo, al contabilizar las \u00e1reas administradas por CONAF vemos una carencia en el \u00e1rea de infraestructura tambi\u00e9n. Estos an\u00e1lisis nos permiten tener puntos de partida de nuestro trabajo articulado.&nbsp;<\/p>\n\n\n\n<ul class=\"wp-block-list\">\n<li><strong>Pasando a otro tema, \u00bfde qu\u00e9 manera observan que se vive la gastronom\u00eda a nivel regional? \u00bfQu\u00e9 desaf\u00edos se encuentran para desarrollar su potencial?<\/strong><\/li>\n<\/ul>\n\n\n\n<p>FG: En cuanto a la gastronom\u00eda, es un tractor muy importante para el turismo a nivel regional. Tenemos los mariscos y pescados a lo largo de la costa, con distintas caletas y rutas gastron\u00f3micas que se le asocian a ellas. As\u00ed mismo hicimos con el interior, generando rutas de los valles por ejemplo que contiene pastel de choclo, empanadas y otras preparaciones t\u00edpicas chilenas. Tambi\u00e9n est\u00e1 la gastronom\u00eda t\u00edpica de la monta\u00f1a, en el Valle de Aconcagua, con grandes picadas y preparaciones asociadas a las tradiciones y patrimonio que tiene nuestra regi\u00f3n.<\/p>\n\n\n\n<p>Y bueno, as\u00ed vamos desarrollando algunas rutas culinarias. Una de nuestras m\u00e1s recientes iniciativas es la de la Ruta de Caf\u00e9s Patrimoniales, donde buscamos potenciar en especial a experiencias innovadoras que se relacionan con el patrimonio y su preservaci\u00f3n, por ejemplo en cuanto a lo arquitect\u00f3nico. A la vez, por supuesto, apoyamos a emprendedores del \u00e1rea gastron\u00f3mica, que es un amplio sector pero complicado para emprender en \u00e9l.\u00a0<\/p>\n\n\n\n<figure class=\"wp-block-image size-large\"><img decoding=\"async\" width=\"1024\" height=\"1024\" src=\"https:\/\/www.valparaisocreativo.cl\/wp-content\/uploads\/2024\/07\/Corporacion-2-1024x1024.jpg\" alt=\"\" class=\"wp-image-19699\" srcset=\"https:\/\/dev.antudigital.cl\/sites\/vc\/wp-content\/uploads\/2024\/07\/Corporacion-2-1024x1024.jpg 1024w, https:\/\/dev.antudigital.cl\/sites\/vc\/wp-content\/uploads\/2024\/07\/Corporacion-2-300x300.jpg 300w, https:\/\/dev.antudigital.cl\/sites\/vc\/wp-content\/uploads\/2024\/07\/Corporacion-2-150x150.jpg 150w, https:\/\/dev.antudigital.cl\/sites\/vc\/wp-content\/uploads\/2024\/07\/Corporacion-2-768x768.jpg 768w, https:\/\/dev.antudigital.cl\/sites\/vc\/wp-content\/uploads\/2024\/07\/Corporacion-2-980x980.jpg 980w, https:\/\/dev.antudigital.cl\/sites\/vc\/wp-content\/uploads\/2024\/07\/Corporacion-2-480x480.jpg 480w, https:\/\/dev.antudigital.cl\/sites\/vc\/wp-content\/uploads\/2024\/07\/Corporacion-2-24x24.jpg 24w, https:\/\/dev.antudigital.cl\/sites\/vc\/wp-content\/uploads\/2024\/07\/Corporacion-2-36x36.jpg 36w, https:\/\/dev.antudigital.cl\/sites\/vc\/wp-content\/uploads\/2024\/07\/Corporacion-2-48x48.jpg 48w, https:\/\/dev.antudigital.cl\/sites\/vc\/wp-content\/uploads\/2024\/07\/Corporacion-2.jpg 1080w\" sizes=\"(max-width: 1024px) 100vw, 1024px\" \/><\/figure>\n\n\n\n<ul class=\"wp-block-list\">\n<li><strong>Por otra parte, \u00bfc\u00f3mo se ve Rapa Nui y Juan Fern\u00e1ndez desde su quehacer y c\u00f3mo podemos aportar a esos territorios como habitantes de la Regi\u00f3n?<\/strong><\/li>\n<\/ul>\n\n\n\n<p>FG: Primero, se\u00f1alar que son destinos tur\u00edsticos sumamente importantes para la Regi\u00f3n de Valpara\u00edso. Por ejemplo, en Juan Fern\u00e1ndez nos encontramos con una amplia oferta de turismo deportivo y de naturaleza, con fuerte \u00e9nfasis en la pesca deportiva y el buceo, y hay mucho inter\u00e9s en eso en especial de turistas de otros pa\u00edses.<\/p>\n\n\n\n<p>Sin duda una cosa a se\u00f1alar es que s\u00ed existen problemas de conectividad con las islas, particularmente con Juan Fern\u00e1ndez, ya que no hay vuelos comerciales y eso genera una brecha en el acceso.<\/p>\n\n\n\n<p>Por su parte, Rapa Nui tiene una oferta tur\u00edstica patrimonial y tambi\u00e9n gastron\u00f3mica muy importante. Est\u00e1n sus playas, pero todo m\u00e1s asociado al patrimonio y a la naturaleza, desde donde potencian mucho la cocina local.<\/p>\n\n\n\n<p>Ante esta parte de los territorios, tenemos la oportunidad de aportar vincul\u00e1ndonos y visibilizando que tenemos dos islas maravillosas y que nuestra regi\u00f3n tiene esta caracter\u00edstica insular, con un turismo \u00fanico y desde donde sus habitantes se transforman en embajadores del territorio. Creo que, como habitantes de la regi\u00f3n, podemos aportar tambi\u00e9n en entender y tomar conciencia y comunicar de que estas islas son parte de nosotros y hay mucho orgullo en ello.<\/p>\n\n\n\n<figure class=\"wp-block-image size-large\"><img decoding=\"async\" width=\"1024\" height=\"1024\" src=\"https:\/\/www.valparaisocreativo.cl\/wp-content\/uploads\/2024\/07\/Corporacion-1-1024x1024.jpg\" alt=\"\" class=\"wp-image-19698\" srcset=\"https:\/\/dev.antudigital.cl\/sites\/vc\/wp-content\/uploads\/2024\/07\/Corporacion-1-1024x1024.jpg 1024w, https:\/\/dev.antudigital.cl\/sites\/vc\/wp-content\/uploads\/2024\/07\/Corporacion-1-300x300.jpg 300w, https:\/\/dev.antudigital.cl\/sites\/vc\/wp-content\/uploads\/2024\/07\/Corporacion-1-150x150.jpg 150w, https:\/\/dev.antudigital.cl\/sites\/vc\/wp-content\/uploads\/2024\/07\/Corporacion-1-768x768.jpg 768w, https:\/\/dev.antudigital.cl\/sites\/vc\/wp-content\/uploads\/2024\/07\/Corporacion-1-980x980.jpg 980w, https:\/\/dev.antudigital.cl\/sites\/vc\/wp-content\/uploads\/2024\/07\/Corporacion-1-480x480.jpg 480w, https:\/\/dev.antudigital.cl\/sites\/vc\/wp-content\/uploads\/2024\/07\/Corporacion-1-24x24.jpg 24w, https:\/\/dev.antudigital.cl\/sites\/vc\/wp-content\/uploads\/2024\/07\/Corporacion-1-36x36.jpg 36w, https:\/\/dev.antudigital.cl\/sites\/vc\/wp-content\/uploads\/2024\/07\/Corporacion-1-48x48.jpg 48w, https:\/\/dev.antudigital.cl\/sites\/vc\/wp-content\/uploads\/2024\/07\/Corporacion-1.jpg 1080w\" sizes=\"(max-width: 1024px) 100vw, 1024px\" \/><\/figure>\n\n\n\n<ul class=\"wp-block-list\">\n<li><strong>Una \u00faltima pregunta m\u00e1s acotada a nuestra vinculaci\u00f3n, \u00bfde qu\u00e9 manera podemos potenciarnos m\u00e1s entre la Corporaci\u00f3n y Valpara\u00edso Creativo? \u00bfC\u00f3mo ha sido la experiencia hasta ahora y qu\u00e9 visualizas?<\/strong><\/li>\n<\/ul>\n\n\n\n<p>FG: Hay una relaci\u00f3n directa entre la cultura, el patrimonio, las artes visuales y los distintos eventos que tambi\u00e9n forman parte importante de las Industrias Creativas, principalmente en cuanto al turismo creativo, del que forma parte incluso la artesan\u00eda. En esta l\u00ednea se pueden generar actividades vinculantes desde el turismo que busquen traccionar nuevas audiencias.<\/p>\n\n\n\n<p>Hasta hoy, sin duda las actividades que hemos podido desarrollar en conjunto van en una l\u00ednea orientada a apoyar esta oferta tur\u00edstica, en especial en relaci\u00f3n al turismo creativo, buscando promocionar experiencias m\u00e1s que destinos aislados. Somos promotores, ambas instituciones, de la Regi\u00f3n de Valpara\u00edso y en eso seguiremos, as\u00ed que podemos seguir impulsando una l\u00ednea conjunta de oferta e iniciativas que sin duda benefician al turismo de la Regi\u00f3n de Valpara\u00edso.<\/p>\n\n\n\n<p>Conoce m\u00e1s acerca de la <a href=\"https:\/\/www.turismovalparaiso.com\/\">Corporaci\u00f3n Regional de Turismo de Valpara\u00edso en su sitio web<\/a> y <a href=\"https:\/\/www.instagram.com\/valparaisoregion\">redes sociales.<\/a><\/p>\n","protected":false},"excerpt":{"rendered":"<p>Ya estamos adentrados completamente en el invierno, lo que involucra un clima diferente que nos invita a explorar nuevas posibilidades en cuanto a turismo se trata. La Regi\u00f3n de Valpara\u00edso, as\u00ed como Chile, se compone de manera diversa y esto entrega la posibilidad de disfrutar de una variedad de atractivos durante el a\u00f1o, que van [&hellip;]<\/p>\n","protected":false},"author":1,"featured_media":19700,"comment_status":"closed","ping_status":"closed","sticky":false,"template":"","format":"standard","meta":{"_acf_changed":false,"footnotes":""},"categories":[1],"tags":[],"class_list":["post-19695","post","type-post","status-publish","format-standard","has-post-thumbnail","hentry","category-uncategorized"],"acf":[],"yoast_head":"<!-- This site is optimized with the Yoast SEO plugin v27.1.1 - https:\/\/yoast.com\/product\/yoast-seo-wordpress\/ -->\n<title>Una mirada al invierno y su turismo desde la Regi\u00f3n de Valpara\u00edso - Valpara\u00ed\u00adso Creativo<\/title>\n<meta name=\"robots\" content=\"index, follow, max-snippet:-1, max-image-preview:large, max-video-preview:-1\" \/>\n<link rel=\"canonical\" href=\"https:\/\/dev.antudigital.cl\/sites\/vc\/una-mirada-al-invierno-y-su-turismo-desde-la-region-de-valparaiso\/\" \/>\n<meta property=\"og:locale\" content=\"es_ES\" \/>\n<meta property=\"og:type\" content=\"article\" \/>\n<meta property=\"og:title\" content=\"Una mirada al invierno y su turismo desde la Regi\u00f3n de Valpara\u00edso - Valpara\u00ed\u00adso Creativo\" \/>\n<meta property=\"og:description\" content=\"Ya estamos adentrados completamente en el invierno, lo que involucra un clima diferente que nos invita a explorar nuevas posibilidades en cuanto a turismo se trata. La Regi\u00f3n de Valpara\u00edso, as\u00ed como Chile, se compone de manera diversa y esto entrega la posibilidad de disfrutar de una variedad de atractivos durante el a\u00f1o, que van [&hellip;]\" \/>\n<meta property=\"og:url\" content=\"https:\/\/dev.antudigital.cl\/sites\/vc\/una-mirada-al-invierno-y-su-turismo-desde-la-region-de-valparaiso\/\" \/>\n<meta property=\"og:site_name\" content=\"Valpara\u00ed\u00adso Creativo\" \/>\n<meta property=\"article:published_time\" content=\"2024-07-09T01:38:18+00:00\" \/>\n<meta property=\"article:modified_time\" content=\"2024-07-09T01:38:34+00:00\" \/>\n<meta property=\"og:image\" content=\"https:\/\/dev.antudigital.cl\/sites\/vc\/wp-content\/uploads\/2024\/07\/Corporacion-3.jpg\" \/>\n\t<meta property=\"og:image:width\" content=\"1600\" \/>\n\t<meta property=\"og:image:height\" content=\"1200\" \/>\n\t<meta property=\"og:image:type\" content=\"image\/jpeg\" \/>\n<meta name=\"author\" content=\"Valpara\u00edso Creativo\" \/>\n<meta name=\"twitter:card\" content=\"summary_large_image\" \/>\n<meta name=\"twitter:label1\" content=\"Escrito por\" \/>\n\t<meta name=\"twitter:data1\" content=\"Valpara\u00edso Creativo\" \/>\n\t<meta name=\"twitter:label2\" content=\"Tiempo de lectura\" \/>\n\t<meta name=\"twitter:data2\" content=\"7 minutos\" \/>\n<script type=\"application\/ld+json\" class=\"yoast-schema-graph\">{\"@context\":\"https:\/\/schema.org\",\"@graph\":[{\"@type\":\"Article\",\"@id\":\"https:\/\/dev.antudigital.cl\/sites\/vc\/una-mirada-al-invierno-y-su-turismo-desde-la-region-de-valparaiso\/#article\",\"isPartOf\":{\"@id\":\"https:\/\/dev.antudigital.cl\/sites\/vc\/una-mirada-al-invierno-y-su-turismo-desde-la-region-de-valparaiso\/\"},\"author\":{\"name\":\"Valpara\u00edso Creativo\",\"@id\":\"https:\/\/dev.antudigital.cl\/sites\/vc\/#\/schema\/person\/c2b9da8dd545e27166fc5ab232837318\"},\"headline\":\"Una mirada al invierno y su turismo desde la Regi\u00f3n de Valpara\u00edso\",\"datePublished\":\"2024-07-09T01:38:18+00:00\",\"dateModified\":\"2024-07-09T01:38:34+00:00\",\"mainEntityOfPage\":{\"@id\":\"https:\/\/dev.antudigital.cl\/sites\/vc\/una-mirada-al-invierno-y-su-turismo-desde-la-region-de-valparaiso\/\"},\"wordCount\":1489,\"image\":{\"@id\":\"https:\/\/dev.antudigital.cl\/sites\/vc\/una-mirada-al-invierno-y-su-turismo-desde-la-region-de-valparaiso\/#primaryimage\"},\"thumbnailUrl\":\"https:\/\/dev.antudigital.cl\/sites\/vc\/wp-content\/uploads\/2024\/07\/Corporacion-3.jpg\",\"articleSection\":[\"Uncategorized\"],\"inLanguage\":\"es\"},{\"@type\":\"WebPage\",\"@id\":\"https:\/\/dev.antudigital.cl\/sites\/vc\/una-mirada-al-invierno-y-su-turismo-desde-la-region-de-valparaiso\/\",\"url\":\"https:\/\/dev.antudigital.cl\/sites\/vc\/una-mirada-al-invierno-y-su-turismo-desde-la-region-de-valparaiso\/\",\"name\":\"Una mirada al invierno y su turismo desde la Regi\u00f3n de Valpara\u00edso - Valpara\u00ed\u00adso Creativo\",\"isPartOf\":{\"@id\":\"https:\/\/dev.antudigital.cl\/sites\/vc\/#website\"},\"primaryImageOfPage\":{\"@id\":\"https:\/\/dev.antudigital.cl\/sites\/vc\/una-mirada-al-invierno-y-su-turismo-desde-la-region-de-valparaiso\/#primaryimage\"},\"image\":{\"@id\":\"https:\/\/dev.antudigital.cl\/sites\/vc\/una-mirada-al-invierno-y-su-turismo-desde-la-region-de-valparaiso\/#primaryimage\"},\"thumbnailUrl\":\"https:\/\/dev.antudigital.cl\/sites\/vc\/wp-content\/uploads\/2024\/07\/Corporacion-3.jpg\",\"datePublished\":\"2024-07-09T01:38:18+00:00\",\"dateModified\":\"2024-07-09T01:38:34+00:00\",\"author\":{\"@id\":\"https:\/\/dev.antudigital.cl\/sites\/vc\/#\/schema\/person\/c2b9da8dd545e27166fc5ab232837318\"},\"breadcrumb\":{\"@id\":\"https:\/\/dev.antudigital.cl\/sites\/vc\/una-mirada-al-invierno-y-su-turismo-desde-la-region-de-valparaiso\/#breadcrumb\"},\"inLanguage\":\"es\",\"potentialAction\":[{\"@type\":\"ReadAction\",\"target\":[\"https:\/\/dev.antudigital.cl\/sites\/vc\/una-mirada-al-invierno-y-su-turismo-desde-la-region-de-valparaiso\/\"]}]},{\"@type\":\"ImageObject\",\"inLanguage\":\"es\",\"@id\":\"https:\/\/dev.antudigital.cl\/sites\/vc\/una-mirada-al-invierno-y-su-turismo-desde-la-region-de-valparaiso\/#primaryimage\",\"url\":\"https:\/\/dev.antudigital.cl\/sites\/vc\/wp-content\/uploads\/2024\/07\/Corporacion-3.jpg\",\"contentUrl\":\"https:\/\/dev.antudigital.cl\/sites\/vc\/wp-content\/uploads\/2024\/07\/Corporacion-3.jpg\",\"width\":1600,\"height\":1200},{\"@type\":\"BreadcrumbList\",\"@id\":\"https:\/\/dev.antudigital.cl\/sites\/vc\/una-mirada-al-invierno-y-su-turismo-desde-la-region-de-valparaiso\/#breadcrumb\",\"itemListElement\":[{\"@type\":\"ListItem\",\"position\":1,\"name\":\"Home\",\"item\":\"https:\/\/dev.antudigital.cl\/sites\/vc\/\"},{\"@type\":\"ListItem\",\"position\":2,\"name\":\"Una mirada al invierno y su turismo desde la Regi\u00f3n de Valpara\u00edso\"}]},{\"@type\":\"WebSite\",\"@id\":\"https:\/\/dev.antudigital.cl\/sites\/vc\/#website\",\"url\":\"https:\/\/dev.antudigital.cl\/sites\/vc\/\",\"name\":\"Valpara\u00ed\u00adso Creativo\",\"description\":\"\",\"potentialAction\":[{\"@type\":\"SearchAction\",\"target\":{\"@type\":\"EntryPoint\",\"urlTemplate\":\"https:\/\/dev.antudigital.cl\/sites\/vc\/?s={search_term_string}\"},\"query-input\":{\"@type\":\"PropertyValueSpecification\",\"valueRequired\":true,\"valueName\":\"search_term_string\"}}],\"inLanguage\":\"es\"},{\"@type\":\"Person\",\"@id\":\"https:\/\/dev.antudigital.cl\/sites\/vc\/#\/schema\/person\/c2b9da8dd545e27166fc5ab232837318\",\"name\":\"Valpara\u00edso Creativo\",\"description\":\"Periodista de cultura en la Regi\u00f3n de Valpara\u00edso.\",\"url\":\"https:\/\/dev.antudigital.cl\/sites\/vc\/author\/valpoadmin\/\"}]}<\/script>\n<!-- \/ Yoast SEO plugin. -->","yoast_head_json":{"title":"Una mirada al invierno y su turismo desde la Regi\u00f3n de Valpara\u00edso - Valpara\u00ed\u00adso Creativo","robots":{"index":"index","follow":"follow","max-snippet":"max-snippet:-1","max-image-preview":"max-image-preview:large","max-video-preview":"max-video-preview:-1"},"canonical":"https:\/\/dev.antudigital.cl\/sites\/vc\/una-mirada-al-invierno-y-su-turismo-desde-la-region-de-valparaiso\/","og_locale":"es_ES","og_type":"article","og_title":"Una mirada al invierno y su turismo desde la Regi\u00f3n de Valpara\u00edso - Valpara\u00ed\u00adso Creativo","og_description":"Ya estamos adentrados completamente en el invierno, lo que involucra un clima diferente que nos invita a explorar nuevas posibilidades en cuanto a turismo se trata. La Regi\u00f3n de Valpara\u00edso, as\u00ed como Chile, se compone de manera diversa y esto entrega la posibilidad de disfrutar de una variedad de atractivos durante el a\u00f1o, que van [&hellip;]","og_url":"https:\/\/dev.antudigital.cl\/sites\/vc\/una-mirada-al-invierno-y-su-turismo-desde-la-region-de-valparaiso\/","og_site_name":"Valpara\u00ed\u00adso Creativo","article_published_time":"2024-07-09T01:38:18+00:00","article_modified_time":"2024-07-09T01:38:34+00:00","og_image":[{"width":1600,"height":1200,"url":"https:\/\/dev.antudigital.cl\/sites\/vc\/wp-content\/uploads\/2024\/07\/Corporacion-3.jpg","type":"image\/jpeg"}],"author":"Valpara\u00edso Creativo","twitter_card":"summary_large_image","twitter_misc":{"Escrito por":"Valpara\u00edso Creativo","Tiempo de lectura":"7 minutos"},"schema":{"@context":"https:\/\/schema.org","@graph":[{"@type":"Article","@id":"https:\/\/dev.antudigital.cl\/sites\/vc\/una-mirada-al-invierno-y-su-turismo-desde-la-region-de-valparaiso\/#article","isPartOf":{"@id":"https:\/\/dev.antudigital.cl\/sites\/vc\/una-mirada-al-invierno-y-su-turismo-desde-la-region-de-valparaiso\/"},"author":{"name":"Valpara\u00edso Creativo","@id":"https:\/\/dev.antudigital.cl\/sites\/vc\/#\/schema\/person\/c2b9da8dd545e27166fc5ab232837318"},"headline":"Una mirada al invierno y su turismo desde la Regi\u00f3n de Valpara\u00edso","datePublished":"2024-07-09T01:38:18+00:00","dateModified":"2024-07-09T01:38:34+00:00","mainEntityOfPage":{"@id":"https:\/\/dev.antudigital.cl\/sites\/vc\/una-mirada-al-invierno-y-su-turismo-desde-la-region-de-valparaiso\/"},"wordCount":1489,"image":{"@id":"https:\/\/dev.antudigital.cl\/sites\/vc\/una-mirada-al-invierno-y-su-turismo-desde-la-region-de-valparaiso\/#primaryimage"},"thumbnailUrl":"https:\/\/dev.antudigital.cl\/sites\/vc\/wp-content\/uploads\/2024\/07\/Corporacion-3.jpg","articleSection":["Uncategorized"],"inLanguage":"es"},{"@type":"WebPage","@id":"https:\/\/dev.antudigital.cl\/sites\/vc\/una-mirada-al-invierno-y-su-turismo-desde-la-region-de-valparaiso\/","url":"https:\/\/dev.antudigital.cl\/sites\/vc\/una-mirada-al-invierno-y-su-turismo-desde-la-region-de-valparaiso\/","name":"Una mirada al invierno y su turismo desde la Regi\u00f3n de Valpara\u00edso - Valpara\u00ed\u00adso Creativo","isPartOf":{"@id":"https:\/\/dev.antudigital.cl\/sites\/vc\/#website"},"primaryImageOfPage":{"@id":"https:\/\/dev.antudigital.cl\/sites\/vc\/una-mirada-al-invierno-y-su-turismo-desde-la-region-de-valparaiso\/#primaryimage"},"image":{"@id":"https:\/\/dev.antudigital.cl\/sites\/vc\/una-mirada-al-invierno-y-su-turismo-desde-la-region-de-valparaiso\/#primaryimage"},"thumbnailUrl":"https:\/\/dev.antudigital.cl\/sites\/vc\/wp-content\/uploads\/2024\/07\/Corporacion-3.jpg","datePublished":"2024-07-09T01:38:18+00:00","dateModified":"2024-07-09T01:38:34+00:00","author":{"@id":"https:\/\/dev.antudigital.cl\/sites\/vc\/#\/schema\/person\/c2b9da8dd545e27166fc5ab232837318"},"breadcrumb":{"@id":"https:\/\/dev.antudigital.cl\/sites\/vc\/una-mirada-al-invierno-y-su-turismo-desde-la-region-de-valparaiso\/#breadcrumb"},"inLanguage":"es","potentialAction":[{"@type":"ReadAction","target":["https:\/\/dev.antudigital.cl\/sites\/vc\/una-mirada-al-invierno-y-su-turismo-desde-la-region-de-valparaiso\/"]}]},{"@type":"ImageObject","inLanguage":"es","@id":"https:\/\/dev.antudigital.cl\/sites\/vc\/una-mirada-al-invierno-y-su-turismo-desde-la-region-de-valparaiso\/#primaryimage","url":"https:\/\/dev.antudigital.cl\/sites\/vc\/wp-content\/uploads\/2024\/07\/Corporacion-3.jpg","contentUrl":"https:\/\/dev.antudigital.cl\/sites\/vc\/wp-content\/uploads\/2024\/07\/Corporacion-3.jpg","width":1600,"height":1200},{"@type":"BreadcrumbList","@id":"https:\/\/dev.antudigital.cl\/sites\/vc\/una-mirada-al-invierno-y-su-turismo-desde-la-region-de-valparaiso\/#breadcrumb","itemListElement":[{"@type":"ListItem","position":1,"name":"Home","item":"https:\/\/dev.antudigital.cl\/sites\/vc\/"},{"@type":"ListItem","position":2,"name":"Una mirada al invierno y su turismo desde la Regi\u00f3n de Valpara\u00edso"}]},{"@type":"WebSite","@id":"https:\/\/dev.antudigital.cl\/sites\/vc\/#website","url":"https:\/\/dev.antudigital.cl\/sites\/vc\/","name":"Valpara\u00ed\u00adso Creativo","description":"","potentialAction":[{"@type":"SearchAction","target":{"@type":"EntryPoint","urlTemplate":"https:\/\/dev.antudigital.cl\/sites\/vc\/?s={search_term_string}"},"query-input":{"@type":"PropertyValueSpecification","valueRequired":true,"valueName":"search_term_string"}}],"inLanguage":"es"},{"@type":"Person","@id":"https:\/\/dev.antudigital.cl\/sites\/vc\/#\/schema\/person\/c2b9da8dd545e27166fc5ab232837318","name":"Valpara\u00edso Creativo","description":"Periodista de cultura en la Regi\u00f3n de Valpara\u00edso.","url":"https:\/\/dev.antudigital.cl\/sites\/vc\/author\/valpoadmin\/"}]}},"_links":{"self":[{"href":"https:\/\/dev.antudigital.cl\/sites\/vc\/wp-json\/wp\/v2\/posts\/19695","targetHints":{"allow":["GET"]}}],"collection":[{"href":"https:\/\/dev.antudigital.cl\/sites\/vc\/wp-json\/wp\/v2\/posts"}],"about":[{"href":"https:\/\/dev.antudigital.cl\/sites\/vc\/wp-json\/wp\/v2\/types\/post"}],"author":[{"embeddable":true,"href":"https:\/\/dev.antudigital.cl\/sites\/vc\/wp-json\/wp\/v2\/users\/1"}],"replies":[{"embeddable":true,"href":"https:\/\/dev.antudigital.cl\/sites\/vc\/wp-json\/wp\/v2\/comments?post=19695"}],"version-history":[{"count":1,"href":"https:\/\/dev.antudigital.cl\/sites\/vc\/wp-json\/wp\/v2\/posts\/19695\/revisions"}],"predecessor-version":[{"id":19702,"href":"https:\/\/dev.antudigital.cl\/sites\/vc\/wp-json\/wp\/v2\/posts\/19695\/revisions\/19702"}],"wp:featuredmedia":[{"embeddable":true,"href":"https:\/\/dev.antudigital.cl\/sites\/vc\/wp-json\/wp\/v2\/media\/19700"}],"wp:attachment":[{"href":"https:\/\/dev.antudigital.cl\/sites\/vc\/wp-json\/wp\/v2\/media?parent=19695"}],"wp:term":[{"taxonomy":"category","embeddable":true,"href":"https:\/\/dev.antudigital.cl\/sites\/vc\/wp-json\/wp\/v2\/categories?post=19695"},{"taxonomy":"post_tag","embeddable":true,"href":"https:\/\/dev.antudigital.cl\/sites\/vc\/wp-json\/wp\/v2\/tags?post=19695"}],"curies":[{"name":"wp","href":"https:\/\/api.w.org\/{rel}","templated":true}]}}