{"id":19707,"date":"2024-07-10T17:29:11","date_gmt":"2024-07-10T17:29:11","guid":{"rendered":"https:\/\/www.valparaisocreativo.cl\/?p=19707"},"modified":"2024-07-22T18:56:40","modified_gmt":"2024-07-22T18:56:40","slug":"compania-la-coraje-estrena-su-nuevo-montaje-imaginaria-experiencia-escenica-para-la-primera-infancia","status":"publish","type":"post","link":"https:\/\/dev.antudigital.cl\/sites\/vc\/compania-la-coraje-estrena-su-nuevo-montaje-imaginaria-experiencia-escenica-para-la-primera-infancia\/","title":{"rendered":"Compa\u00f1\u00eda La Coraje estrena su nuevo montaje \u201cIMAGINARIA: Experiencia esc\u00e9nica para la primera infancia\u201d"},"content":{"rendered":"\n<p>Este <strong>mi\u00e9rcoles 17 de julio<\/strong> a las 17.00 hrs en la Sala Estudio del Parque Cultural de Valpara\u00edso es el estreno de la Compa\u00f1\u00eda de Teatro La Coraje, quienes llevan 12 a\u00f1os vinculando el Teatro y la Educaci\u00f3n desarrollando obras para j\u00f3venes audiencias. Tras la escasa cartelera art\u00edstica para la primera infancia la compa\u00f1\u00eda busca generar una experiencia art\u00edstica de calidad para la ni\u00f1ez de entre 0 y 6 a\u00f1os.<\/p>\n\n\n\n<p><strong>IMAGINARI<\/strong>A, nos permite entrar en el mundo de la ni\u00f1ez a trav\u00e9s de un viaje con su amigo imaginario \u00bfqui\u00e9n no tuvo ese amigo con el que realiz\u00f3 las m\u00e1s incre\u00edbles aventuras? Imaginaria nos recuerda lo importante de creer que todo puede ser.<\/p>\n\n\n\n<p>Al respecto, la directora Estefan\u00eda Aedo comenta <em>\u201cCrear esta obra ha sido todo un desaf\u00edo creativo. Nos sirvi\u00f3 mucho recordar c\u00f3mo fuimos cuando \u00e9ramos ni\u00f1as, nuestros juegos, todo en lo que cre\u00edamos y creamos s\u00f3lo con nuestra imaginaci\u00f3n. Nosotras y nuestros hijos Antil y Oliver, han sido una inspiraci\u00f3n\u201d<\/em><\/p>\n\n\n\n<p>Por otro lado, para la dise\u00f1adora Integral Melisa Torrealba nos cuenta \u201c<em>Dise\u00f1ar para la primera infancia nos invita a revisar otros c\u00f3digos est\u00e9ticos, la sutileza, el cuidado en cada detalle\u201d.<\/em><\/p>\n\n\n\n<ul class=\"wp-block-list\">\n<li><strong>El estreno se realizar\u00e1 el d\u00eda mi\u00e9rcoles 17 de Julio a las 17.00 hrs en la Sala Estudio del Parque Cultural de Valpara\u00edso.<\/strong><\/li>\n<\/ul>\n\n\n\n<p>La entrada tiene un valor sugerido bajo la modalidad paga lo que puedas 3.000 \/ 5.000 \/ 7.000<\/p>\n\n\n\n<p><strong>Sobre la compa\u00f1\u00eda<\/strong><\/p>\n\n\n\n<p><strong>La Compa\u00f1\u00eda de Teatro La Coraje<\/strong> est\u00e1 compuesta por Fabiola D\u00edaz, Melisa Torrealba y Estefan\u00eda Aedo quienes han estado ininterrumpidamente desde el a\u00f1o 2012 vinculandose con el Teatro para la ni\u00f1ez y adolescencia y \u00e9ste es su primer montaje para la primera infancia, ni\u00f1ez de 0 a 6 a\u00f1os.<\/p>\n\n\n\n<p><strong>Ficha T\u00e9cnica:<\/strong><\/p>\n\n\n\n<p><strong>Direcci\u00f3n y producci\u00f3n general: <\/strong>Estefan\u00eda Aedo Guti\u00e9rrez<\/p>\n\n\n\n<p><strong>Asistencia de direcci\u00f3n: <\/strong>Melisa Torrealba Robles<\/p>\n\n\n\n<p><strong>Dramaturgia esc\u00e9nica:<\/strong> Compa\u00f1\u00eda La Coraje<\/p>\n\n\n\n<p><strong>Int\u00e9rpretes: <\/strong>Fabiola D\u00edaz Romero y Alexander Castillo Pulgar<\/p>\n\n\n\n<p><strong>Dise\u00f1o Integral&nbsp; y confecci\u00f3n de vestuario: <\/strong>Melisa Torrealba Robles<\/p>\n\n\n\n<p><strong>Dise\u00f1o lum\u00ednico: <\/strong>Alfredo Cord\u00f3va&nbsp;<\/p>\n\n\n\n<p><strong>Composici\u00f3n musical: <\/strong>Javier Martinez Iglesia<\/p>\n\n\n\n<p><strong>Red Social<\/strong><\/p>\n\n\n\n<p><strong>Instagram: <\/strong>@cialacoraje<\/p>\n\n\n\n<p><strong>Link de inscripci\u00f3n<\/strong>: <a href=\"https:\/\/docs.google.com\/forms\/d\/1Vf3Yhk3bL_74gVyGAprwRU4q46kmBVt-Asdst21NiMY\/edit\">inscripciones\/IMAGINARIA&nbsp;<\/a><\/p>\n\n\n\n<p><strong>Web:<\/strong> www.companialacoraje.com<\/p>\n\n\n\n<figure class=\"wp-block-image size-large\"><img fetchpriority=\"high\" decoding=\"async\" width=\"1024\" height=\"1024\" src=\"https:\/\/www.valparaisocreativo.cl\/wp-content\/uploads\/2024\/07\/imaginaria2_prog_1-100-1024x1024.jpg\" alt=\"\" class=\"wp-image-19708\" srcset=\"https:\/\/dev.antudigital.cl\/sites\/vc\/wp-content\/uploads\/2024\/07\/imaginaria2_prog_1-100-1024x1024.jpg 1024w, https:\/\/dev.antudigital.cl\/sites\/vc\/wp-content\/uploads\/2024\/07\/imaginaria2_prog_1-100-300x300.jpg 300w, https:\/\/dev.antudigital.cl\/sites\/vc\/wp-content\/uploads\/2024\/07\/imaginaria2_prog_1-100-150x150.jpg 150w, https:\/\/dev.antudigital.cl\/sites\/vc\/wp-content\/uploads\/2024\/07\/imaginaria2_prog_1-100-768x768.jpg 768w, https:\/\/dev.antudigital.cl\/sites\/vc\/wp-content\/uploads\/2024\/07\/imaginaria2_prog_1-100-980x980.jpg 980w, https:\/\/dev.antudigital.cl\/sites\/vc\/wp-content\/uploads\/2024\/07\/imaginaria2_prog_1-100-480x480.jpg 480w, https:\/\/dev.antudigital.cl\/sites\/vc\/wp-content\/uploads\/2024\/07\/imaginaria2_prog_1-100-24x24.jpg 24w, https:\/\/dev.antudigital.cl\/sites\/vc\/wp-content\/uploads\/2024\/07\/imaginaria2_prog_1-100-36x36.jpg 36w, https:\/\/dev.antudigital.cl\/sites\/vc\/wp-content\/uploads\/2024\/07\/imaginaria2_prog_1-100-48x48.jpg 48w, https:\/\/dev.antudigital.cl\/sites\/vc\/wp-content\/uploads\/2024\/07\/imaginaria2_prog_1-100.jpg 1081w\" sizes=\"(max-width: 1024px) 100vw, 1024px\" \/><\/figure>\n","protected":false},"excerpt":{"rendered":"<p>Este mi\u00e9rcoles 17 de julio a las 17.00 hrs en la Sala Estudio del Parque Cultural de Valpara\u00edso es el estreno de la Compa\u00f1\u00eda de Teatro La Coraje, quienes llevan 12 a\u00f1os vinculando el Teatro y la Educaci\u00f3n desarrollando obras para j\u00f3venes audiencias. Tras la escasa cartelera art\u00edstica para la primera infancia la compa\u00f1\u00eda busca [&hellip;]<\/p>\n","protected":false},"author":1,"featured_media":19794,"comment_status":"closed","ping_status":"closed","sticky":false,"template":"","format":"standard","meta":{"_acf_changed":false,"footnotes":""},"categories":[1],"tags":[],"class_list":["post-19707","post","type-post","status-publish","format-standard","has-post-thumbnail","hentry","category-uncategorized"],"acf":[],"yoast_head":"<!-- This site is optimized with the Yoast SEO plugin v27.1.1 - https:\/\/yoast.com\/product\/yoast-seo-wordpress\/ -->\n<title>Compa\u00f1\u00eda La Coraje estrena su nuevo montaje \u201cIMAGINARIA: Experiencia esc\u00e9nica para la primera infancia\u201d - Valpara\u00ed\u00adso Creativo<\/title>\n<meta name=\"robots\" content=\"index, follow, max-snippet:-1, max-image-preview:large, max-video-preview:-1\" \/>\n<link rel=\"canonical\" href=\"https:\/\/dev.antudigital.cl\/sites\/vc\/compania-la-coraje-estrena-su-nuevo-montaje-imaginaria-experiencia-escenica-para-la-primera-infancia\/\" \/>\n<meta property=\"og:locale\" content=\"es_ES\" \/>\n<meta property=\"og:type\" content=\"article\" \/>\n<meta property=\"og:title\" content=\"Compa\u00f1\u00eda La Coraje estrena su nuevo montaje \u201cIMAGINARIA: Experiencia esc\u00e9nica para la primera infancia\u201d - Valpara\u00ed\u00adso Creativo\" \/>\n<meta property=\"og:description\" content=\"Este mi\u00e9rcoles 17 de julio a las 17.00 hrs en la Sala Estudio del Parque Cultural de Valpara\u00edso es el estreno de la Compa\u00f1\u00eda de Teatro La Coraje, quienes llevan 12 a\u00f1os vinculando el Teatro y la Educaci\u00f3n desarrollando obras para j\u00f3venes audiencias. Tras la escasa cartelera art\u00edstica para la primera infancia la compa\u00f1\u00eda busca [&hellip;]\" \/>\n<meta property=\"og:url\" content=\"https:\/\/dev.antudigital.cl\/sites\/vc\/compania-la-coraje-estrena-su-nuevo-montaje-imaginaria-experiencia-escenica-para-la-primera-infancia\/\" \/>\n<meta property=\"og:site_name\" content=\"Valpara\u00ed\u00adso Creativo\" \/>\n<meta property=\"article:published_time\" content=\"2024-07-10T17:29:11+00:00\" \/>\n<meta property=\"article:modified_time\" content=\"2024-07-22T18:56:40+00:00\" \/>\n<meta property=\"og:image\" content=\"https:\/\/dev.antudigital.cl\/sites\/vc\/wp-content\/uploads\/2024\/07\/Afiche-Imaginaria-Portada-para-Facebook.jpg\" \/>\n\t<meta property=\"og:image:width\" content=\"851\" \/>\n\t<meta property=\"og:image:height\" content=\"315\" \/>\n\t<meta property=\"og:image:type\" content=\"image\/jpeg\" \/>\n<meta name=\"author\" content=\"Valpara\u00edso Creativo\" \/>\n<meta name=\"twitter:card\" content=\"summary_large_image\" \/>\n<meta name=\"twitter:label1\" content=\"Escrito por\" \/>\n\t<meta name=\"twitter:data1\" content=\"Valpara\u00edso Creativo\" \/>\n\t<meta name=\"twitter:label2\" content=\"Tiempo de lectura\" \/>\n\t<meta name=\"twitter:data2\" content=\"2 minutos\" \/>\n<script type=\"application\/ld+json\" class=\"yoast-schema-graph\">{\"@context\":\"https:\/\/schema.org\",\"@graph\":[{\"@type\":\"Article\",\"@id\":\"https:\/\/dev.antudigital.cl\/sites\/vc\/compania-la-coraje-estrena-su-nuevo-montaje-imaginaria-experiencia-escenica-para-la-primera-infancia\/#article\",\"isPartOf\":{\"@id\":\"https:\/\/dev.antudigital.cl\/sites\/vc\/compania-la-coraje-estrena-su-nuevo-montaje-imaginaria-experiencia-escenica-para-la-primera-infancia\/\"},\"author\":{\"name\":\"Valpara\u00edso Creativo\",\"@id\":\"https:\/\/dev.antudigital.cl\/sites\/vc\/#\/schema\/person\/c2b9da8dd545e27166fc5ab232837318\"},\"headline\":\"Compa\u00f1\u00eda La Coraje estrena su nuevo montaje \u201cIMAGINARIA: Experiencia esc\u00e9nica para la primera infancia\u201d\",\"datePublished\":\"2024-07-10T17:29:11+00:00\",\"dateModified\":\"2024-07-22T18:56:40+00:00\",\"mainEntityOfPage\":{\"@id\":\"https:\/\/dev.antudigital.cl\/sites\/vc\/compania-la-coraje-estrena-su-nuevo-montaje-imaginaria-experiencia-escenica-para-la-primera-infancia\/\"},\"wordCount\":404,\"image\":{\"@id\":\"https:\/\/dev.antudigital.cl\/sites\/vc\/compania-la-coraje-estrena-su-nuevo-montaje-imaginaria-experiencia-escenica-para-la-primera-infancia\/#primaryimage\"},\"thumbnailUrl\":\"https:\/\/dev.antudigital.cl\/sites\/vc\/wp-content\/uploads\/2024\/07\/Afiche-Imaginaria-Portada-para-Facebook.jpg\",\"articleSection\":[\"Uncategorized\"],\"inLanguage\":\"es\"},{\"@type\":\"WebPage\",\"@id\":\"https:\/\/dev.antudigital.cl\/sites\/vc\/compania-la-coraje-estrena-su-nuevo-montaje-imaginaria-experiencia-escenica-para-la-primera-infancia\/\",\"url\":\"https:\/\/dev.antudigital.cl\/sites\/vc\/compania-la-coraje-estrena-su-nuevo-montaje-imaginaria-experiencia-escenica-para-la-primera-infancia\/\",\"name\":\"Compa\u00f1\u00eda La Coraje estrena su nuevo montaje \u201cIMAGINARIA: Experiencia esc\u00e9nica para la primera infancia\u201d - Valpara\u00ed\u00adso Creativo\",\"isPartOf\":{\"@id\":\"https:\/\/dev.antudigital.cl\/sites\/vc\/#website\"},\"primaryImageOfPage\":{\"@id\":\"https:\/\/dev.antudigital.cl\/sites\/vc\/compania-la-coraje-estrena-su-nuevo-montaje-imaginaria-experiencia-escenica-para-la-primera-infancia\/#primaryimage\"},\"image\":{\"@id\":\"https:\/\/dev.antudigital.cl\/sites\/vc\/compania-la-coraje-estrena-su-nuevo-montaje-imaginaria-experiencia-escenica-para-la-primera-infancia\/#primaryimage\"},\"thumbnailUrl\":\"https:\/\/dev.antudigital.cl\/sites\/vc\/wp-content\/uploads\/2024\/07\/Afiche-Imaginaria-Portada-para-Facebook.jpg\",\"datePublished\":\"2024-07-10T17:29:11+00:00\",\"dateModified\":\"2024-07-22T18:56:40+00:00\",\"author\":{\"@id\":\"https:\/\/dev.antudigital.cl\/sites\/vc\/#\/schema\/person\/c2b9da8dd545e27166fc5ab232837318\"},\"breadcrumb\":{\"@id\":\"https:\/\/dev.antudigital.cl\/sites\/vc\/compania-la-coraje-estrena-su-nuevo-montaje-imaginaria-experiencia-escenica-para-la-primera-infancia\/#breadcrumb\"},\"inLanguage\":\"es\",\"potentialAction\":[{\"@type\":\"ReadAction\",\"target\":[\"https:\/\/dev.antudigital.cl\/sites\/vc\/compania-la-coraje-estrena-su-nuevo-montaje-imaginaria-experiencia-escenica-para-la-primera-infancia\/\"]}]},{\"@type\":\"ImageObject\",\"inLanguage\":\"es\",\"@id\":\"https:\/\/dev.antudigital.cl\/sites\/vc\/compania-la-coraje-estrena-su-nuevo-montaje-imaginaria-experiencia-escenica-para-la-primera-infancia\/#primaryimage\",\"url\":\"https:\/\/dev.antudigital.cl\/sites\/vc\/wp-content\/uploads\/2024\/07\/Afiche-Imaginaria-Portada-para-Facebook.jpg\",\"contentUrl\":\"https:\/\/dev.antudigital.cl\/sites\/vc\/wp-content\/uploads\/2024\/07\/Afiche-Imaginaria-Portada-para-Facebook.jpg\",\"width\":851,\"height\":315},{\"@type\":\"BreadcrumbList\",\"@id\":\"https:\/\/dev.antudigital.cl\/sites\/vc\/compania-la-coraje-estrena-su-nuevo-montaje-imaginaria-experiencia-escenica-para-la-primera-infancia\/#breadcrumb\",\"itemListElement\":[{\"@type\":\"ListItem\",\"position\":1,\"name\":\"Home\",\"item\":\"https:\/\/dev.antudigital.cl\/sites\/vc\/\"},{\"@type\":\"ListItem\",\"position\":2,\"name\":\"Compa\u00f1\u00eda La Coraje estrena su nuevo montaje \u201cIMAGINARIA: Experiencia esc\u00e9nica para la primera infancia\u201d\"}]},{\"@type\":\"WebSite\",\"@id\":\"https:\/\/dev.antudigital.cl\/sites\/vc\/#website\",\"url\":\"https:\/\/dev.antudigital.cl\/sites\/vc\/\",\"name\":\"Valpara\u00ed\u00adso Creativo\",\"description\":\"\",\"potentialAction\":[{\"@type\":\"SearchAction\",\"target\":{\"@type\":\"EntryPoint\",\"urlTemplate\":\"https:\/\/dev.antudigital.cl\/sites\/vc\/?s={search_term_string}\"},\"query-input\":{\"@type\":\"PropertyValueSpecification\",\"valueRequired\":true,\"valueName\":\"search_term_string\"}}],\"inLanguage\":\"es\"},{\"@type\":\"Person\",\"@id\":\"https:\/\/dev.antudigital.cl\/sites\/vc\/#\/schema\/person\/c2b9da8dd545e27166fc5ab232837318\",\"name\":\"Valpara\u00edso Creativo\",\"description\":\"Periodista de cultura en la Regi\u00f3n de Valpara\u00edso.\",\"url\":\"https:\/\/dev.antudigital.cl\/sites\/vc\/author\/valpoadmin\/\"}]}<\/script>\n<!-- \/ Yoast SEO plugin. -->","yoast_head_json":{"title":"Compa\u00f1\u00eda La Coraje estrena su nuevo montaje \u201cIMAGINARIA: Experiencia esc\u00e9nica para la primera infancia\u201d - Valpara\u00ed\u00adso Creativo","robots":{"index":"index","follow":"follow","max-snippet":"max-snippet:-1","max-image-preview":"max-image-preview:large","max-video-preview":"max-video-preview:-1"},"canonical":"https:\/\/dev.antudigital.cl\/sites\/vc\/compania-la-coraje-estrena-su-nuevo-montaje-imaginaria-experiencia-escenica-para-la-primera-infancia\/","og_locale":"es_ES","og_type":"article","og_title":"Compa\u00f1\u00eda La Coraje estrena su nuevo montaje \u201cIMAGINARIA: Experiencia esc\u00e9nica para la primera infancia\u201d - Valpara\u00ed\u00adso Creativo","og_description":"Este mi\u00e9rcoles 17 de julio a las 17.00 hrs en la Sala Estudio del Parque Cultural de Valpara\u00edso es el estreno de la Compa\u00f1\u00eda de Teatro La Coraje, quienes llevan 12 a\u00f1os vinculando el Teatro y la Educaci\u00f3n desarrollando obras para j\u00f3venes audiencias. Tras la escasa cartelera art\u00edstica para la primera infancia la compa\u00f1\u00eda busca [&hellip;]","og_url":"https:\/\/dev.antudigital.cl\/sites\/vc\/compania-la-coraje-estrena-su-nuevo-montaje-imaginaria-experiencia-escenica-para-la-primera-infancia\/","og_site_name":"Valpara\u00ed\u00adso Creativo","article_published_time":"2024-07-10T17:29:11+00:00","article_modified_time":"2024-07-22T18:56:40+00:00","og_image":[{"width":851,"height":315,"url":"https:\/\/dev.antudigital.cl\/sites\/vc\/wp-content\/uploads\/2024\/07\/Afiche-Imaginaria-Portada-para-Facebook.jpg","type":"image\/jpeg"}],"author":"Valpara\u00edso Creativo","twitter_card":"summary_large_image","twitter_misc":{"Escrito por":"Valpara\u00edso Creativo","Tiempo de lectura":"2 minutos"},"schema":{"@context":"https:\/\/schema.org","@graph":[{"@type":"Article","@id":"https:\/\/dev.antudigital.cl\/sites\/vc\/compania-la-coraje-estrena-su-nuevo-montaje-imaginaria-experiencia-escenica-para-la-primera-infancia\/#article","isPartOf":{"@id":"https:\/\/dev.antudigital.cl\/sites\/vc\/compania-la-coraje-estrena-su-nuevo-montaje-imaginaria-experiencia-escenica-para-la-primera-infancia\/"},"author":{"name":"Valpara\u00edso Creativo","@id":"https:\/\/dev.antudigital.cl\/sites\/vc\/#\/schema\/person\/c2b9da8dd545e27166fc5ab232837318"},"headline":"Compa\u00f1\u00eda La Coraje estrena su nuevo montaje \u201cIMAGINARIA: Experiencia esc\u00e9nica para la primera infancia\u201d","datePublished":"2024-07-10T17:29:11+00:00","dateModified":"2024-07-22T18:56:40+00:00","mainEntityOfPage":{"@id":"https:\/\/dev.antudigital.cl\/sites\/vc\/compania-la-coraje-estrena-su-nuevo-montaje-imaginaria-experiencia-escenica-para-la-primera-infancia\/"},"wordCount":404,"image":{"@id":"https:\/\/dev.antudigital.cl\/sites\/vc\/compania-la-coraje-estrena-su-nuevo-montaje-imaginaria-experiencia-escenica-para-la-primera-infancia\/#primaryimage"},"thumbnailUrl":"https:\/\/dev.antudigital.cl\/sites\/vc\/wp-content\/uploads\/2024\/07\/Afiche-Imaginaria-Portada-para-Facebook.jpg","articleSection":["Uncategorized"],"inLanguage":"es"},{"@type":"WebPage","@id":"https:\/\/dev.antudigital.cl\/sites\/vc\/compania-la-coraje-estrena-su-nuevo-montaje-imaginaria-experiencia-escenica-para-la-primera-infancia\/","url":"https:\/\/dev.antudigital.cl\/sites\/vc\/compania-la-coraje-estrena-su-nuevo-montaje-imaginaria-experiencia-escenica-para-la-primera-infancia\/","name":"Compa\u00f1\u00eda La Coraje estrena su nuevo montaje \u201cIMAGINARIA: Experiencia esc\u00e9nica para la primera infancia\u201d - Valpara\u00ed\u00adso Creativo","isPartOf":{"@id":"https:\/\/dev.antudigital.cl\/sites\/vc\/#website"},"primaryImageOfPage":{"@id":"https:\/\/dev.antudigital.cl\/sites\/vc\/compania-la-coraje-estrena-su-nuevo-montaje-imaginaria-experiencia-escenica-para-la-primera-infancia\/#primaryimage"},"image":{"@id":"https:\/\/dev.antudigital.cl\/sites\/vc\/compania-la-coraje-estrena-su-nuevo-montaje-imaginaria-experiencia-escenica-para-la-primera-infancia\/#primaryimage"},"thumbnailUrl":"https:\/\/dev.antudigital.cl\/sites\/vc\/wp-content\/uploads\/2024\/07\/Afiche-Imaginaria-Portada-para-Facebook.jpg","datePublished":"2024-07-10T17:29:11+00:00","dateModified":"2024-07-22T18:56:40+00:00","author":{"@id":"https:\/\/dev.antudigital.cl\/sites\/vc\/#\/schema\/person\/c2b9da8dd545e27166fc5ab232837318"},"breadcrumb":{"@id":"https:\/\/dev.antudigital.cl\/sites\/vc\/compania-la-coraje-estrena-su-nuevo-montaje-imaginaria-experiencia-escenica-para-la-primera-infancia\/#breadcrumb"},"inLanguage":"es","potentialAction":[{"@type":"ReadAction","target":["https:\/\/dev.antudigital.cl\/sites\/vc\/compania-la-coraje-estrena-su-nuevo-montaje-imaginaria-experiencia-escenica-para-la-primera-infancia\/"]}]},{"@type":"ImageObject","inLanguage":"es","@id":"https:\/\/dev.antudigital.cl\/sites\/vc\/compania-la-coraje-estrena-su-nuevo-montaje-imaginaria-experiencia-escenica-para-la-primera-infancia\/#primaryimage","url":"https:\/\/dev.antudigital.cl\/sites\/vc\/wp-content\/uploads\/2024\/07\/Afiche-Imaginaria-Portada-para-Facebook.jpg","contentUrl":"https:\/\/dev.antudigital.cl\/sites\/vc\/wp-content\/uploads\/2024\/07\/Afiche-Imaginaria-Portada-para-Facebook.jpg","width":851,"height":315},{"@type":"BreadcrumbList","@id":"https:\/\/dev.antudigital.cl\/sites\/vc\/compania-la-coraje-estrena-su-nuevo-montaje-imaginaria-experiencia-escenica-para-la-primera-infancia\/#breadcrumb","itemListElement":[{"@type":"ListItem","position":1,"name":"Home","item":"https:\/\/dev.antudigital.cl\/sites\/vc\/"},{"@type":"ListItem","position":2,"name":"Compa\u00f1\u00eda La Coraje estrena su nuevo montaje \u201cIMAGINARIA: Experiencia esc\u00e9nica para la primera infancia\u201d"}]},{"@type":"WebSite","@id":"https:\/\/dev.antudigital.cl\/sites\/vc\/#website","url":"https:\/\/dev.antudigital.cl\/sites\/vc\/","name":"Valpara\u00ed\u00adso Creativo","description":"","potentialAction":[{"@type":"SearchAction","target":{"@type":"EntryPoint","urlTemplate":"https:\/\/dev.antudigital.cl\/sites\/vc\/?s={search_term_string}"},"query-input":{"@type":"PropertyValueSpecification","valueRequired":true,"valueName":"search_term_string"}}],"inLanguage":"es"},{"@type":"Person","@id":"https:\/\/dev.antudigital.cl\/sites\/vc\/#\/schema\/person\/c2b9da8dd545e27166fc5ab232837318","name":"Valpara\u00edso Creativo","description":"Periodista de cultura en la Regi\u00f3n de Valpara\u00edso.","url":"https:\/\/dev.antudigital.cl\/sites\/vc\/author\/valpoadmin\/"}]}},"_links":{"self":[{"href":"https:\/\/dev.antudigital.cl\/sites\/vc\/wp-json\/wp\/v2\/posts\/19707","targetHints":{"allow":["GET"]}}],"collection":[{"href":"https:\/\/dev.antudigital.cl\/sites\/vc\/wp-json\/wp\/v2\/posts"}],"about":[{"href":"https:\/\/dev.antudigital.cl\/sites\/vc\/wp-json\/wp\/v2\/types\/post"}],"author":[{"embeddable":true,"href":"https:\/\/dev.antudigital.cl\/sites\/vc\/wp-json\/wp\/v2\/users\/1"}],"replies":[{"embeddable":true,"href":"https:\/\/dev.antudigital.cl\/sites\/vc\/wp-json\/wp\/v2\/comments?post=19707"}],"version-history":[{"count":1,"href":"https:\/\/dev.antudigital.cl\/sites\/vc\/wp-json\/wp\/v2\/posts\/19707\/revisions"}],"predecessor-version":[{"id":19709,"href":"https:\/\/dev.antudigital.cl\/sites\/vc\/wp-json\/wp\/v2\/posts\/19707\/revisions\/19709"}],"wp:featuredmedia":[{"embeddable":true,"href":"https:\/\/dev.antudigital.cl\/sites\/vc\/wp-json\/wp\/v2\/media\/19794"}],"wp:attachment":[{"href":"https:\/\/dev.antudigital.cl\/sites\/vc\/wp-json\/wp\/v2\/media?parent=19707"}],"wp:term":[{"taxonomy":"category","embeddable":true,"href":"https:\/\/dev.antudigital.cl\/sites\/vc\/wp-json\/wp\/v2\/categories?post=19707"},{"taxonomy":"post_tag","embeddable":true,"href":"https:\/\/dev.antudigital.cl\/sites\/vc\/wp-json\/wp\/v2\/tags?post=19707"}],"curies":[{"name":"wp","href":"https:\/\/api.w.org\/{rel}","templated":true}]}}