{"id":19713,"date":"2024-07-15T19:06:10","date_gmt":"2024-07-15T19:06:10","guid":{"rendered":"https:\/\/www.valparaisocreativo.cl\/?p=19713"},"modified":"2024-07-15T19:06:27","modified_gmt":"2024-07-15T19:06:27","slug":"la-remolienda-clasico-del-teatro-chileno-se-presenta-en-taller-de-titulo-de-la-escuela-de-teatro-uv","status":"publish","type":"post","link":"https:\/\/dev.antudigital.cl\/sites\/vc\/la-remolienda-clasico-del-teatro-chileno-se-presenta-en-taller-de-titulo-de-la-escuela-de-teatro-uv\/","title":{"rendered":"LA REMOLIENDA: Cl\u00e1sico del teatro chileno se presenta en Taller de T\u00edtulo de la Escuela de Teatro UV"},"content":{"rendered":"\n<p><strong>La temporada de estreno de la obra \u201cLa Remolienda\u201d, Taller de T\u00edtulo de la Escuela de Teatro UV, es desde el mi\u00e9rcoles 10 al s\u00e1bado 13 de julio de 2024.<\/strong>&nbsp;La dramaturgia fue escrita por Alejandro Sieveking y la puesta en escena es dirigida por Mar\u00eda Jos\u00e9 Pizarro. Este cl\u00e1sico del teatro chileno promete risas y memorias de campo al p\u00fablico asistente a las funciones.<\/p>\n\n\n\n<p>La obra trata sobre la llegada de Do\u00f1a Nicolasa, una viuda campesina que va con sus tres hijos al pueblo de Curanilape con la esperanza de encontrar un nuevo amor. Los j\u00f3venes muchachos no conocen el pueblo, tanto as\u00ed que se maravillan frente a ciertos adelantos tecnol\u00f3gicos, como el pavimento y la luz el\u00e9ctrica. Cuando llegan a su destino, sin saber que se est\u00e1n albergando en un prost\u00edbulo, viven la noche m\u00e1s fascinante de sus d\u00edas.<\/p>\n\n\n\n<p><strong>Zamara Mart\u00ednez<\/strong>, asistente de direcci\u00f3n, comenta: \u201cPara m\u00ed, como ex-estudiante, ha sido una experiencia muy gratificadora encontrarme con personas j\u00f3venes que consideran lo que tengo que aportar para la creaci\u00f3n art\u00edstica. \u2018La Remolienda\u2019 es una historia liviana y amorosa de tratar, por lo que ha sido lindo ir descubriendo en conjunto el trabajo que implica. En una sociedad donde el aislamiento y la soledad se imponen, el trabajo en equipo se vuelve un reto, considerando, adem\u00e1s, que esta generaci\u00f3n viene de la pandemia. Van a ver el fruto del esfuerzo de estas futuras actrices y actores, quienes van a dedicar su vida a las artes esc\u00e9nicas\u201d.&nbsp;<\/p>\n\n\n\n<p><strong>Carlos Bustos Mendoza<\/strong>\u00a0interpreta a Renato Sep\u00falveda, el administrador de la compa\u00f1\u00eda de luz el\u00e9ctrica. Al respecto se\u00f1ala: \u201cMi personaje ha vuelto a buscar un viejo amor despu\u00e9s de 20 a\u00f1os. Hay una incertidumbre en este pueblo, justo cuando parte la obra hay un corte de luz el\u00e9ctrica. El trabajo con la luz es s\u00faper relevante dentro de la obra porque es una innovaci\u00f3n para la \u00e9poca. Es un reto como int\u00e9rprete algo que todos los d\u00edas tenemos a nuestra disposici\u00f3n verlo como algo innovador.<\/p>\n\n\n\n<figure class=\"wp-block-image size-large\"><img fetchpriority=\"high\" decoding=\"async\" width=\"1024\" height=\"683\" src=\"https:\/\/www.valparaisocreativo.cl\/wp-content\/uploads\/2024\/07\/Remolienda-3-1024x683.jpg\" alt=\"\" class=\"wp-image-19715\" srcset=\"https:\/\/dev.antudigital.cl\/sites\/vc\/wp-content\/uploads\/2024\/07\/Remolienda-3-1024x683.jpg 1024w, https:\/\/dev.antudigital.cl\/sites\/vc\/wp-content\/uploads\/2024\/07\/Remolienda-3-300x200.jpg 300w, https:\/\/dev.antudigital.cl\/sites\/vc\/wp-content\/uploads\/2024\/07\/Remolienda-3-768x512.jpg 768w, https:\/\/dev.antudigital.cl\/sites\/vc\/wp-content\/uploads\/2024\/07\/Remolienda-3-980x653.jpg 980w, https:\/\/dev.antudigital.cl\/sites\/vc\/wp-content\/uploads\/2024\/07\/Remolienda-3-480x320.jpg 480w, https:\/\/dev.antudigital.cl\/sites\/vc\/wp-content\/uploads\/2024\/07\/Remolienda-3-24x16.jpg 24w, https:\/\/dev.antudigital.cl\/sites\/vc\/wp-content\/uploads\/2024\/07\/Remolienda-3-36x24.jpg 36w, https:\/\/dev.antudigital.cl\/sites\/vc\/wp-content\/uploads\/2024\/07\/Remolienda-3-48x32.jpg 48w, https:\/\/dev.antudigital.cl\/sites\/vc\/wp-content\/uploads\/2024\/07\/Remolienda-3.jpg 1044w\" sizes=\"(max-width: 1024px) 100vw, 1024px\" \/><\/figure>\n\n\n\n<p><strong>Rafa Sobarzo Villarroel<\/strong>&nbsp;interpreta a Baudilio y Telmo, dos borrachos. Comparte: \u201cInterpreto a un cliente habitual de La Remolienda, que se encuentra con una situaci\u00f3n peculiar que causa un conflicto dentro de la obra. Hicimos esta fusi\u00f3n entre Baudilio y Telmo porque en el texto original son cuatro borrachos y en el casting quedaron tres, as\u00ed que mi personaje los sintetiza. Mar\u00eda Jos\u00e9 Pizarro, nuestra directora, decidi\u00f3 crear otros espacios en que los borrachos interact\u00faan dentro de la obra, ligados directamente a la luz el\u00e9ctrica, por lo que podr\u00e1n ver escenas in\u00e9ditas con las que re\u00edr y disfrutar\u201d.&nbsp;<\/p>\n\n\n\n<p><strong>Elliot Narea<\/strong>&nbsp;interpreta a Graciano Morales, uno de los hijos de Do\u00f1a Nicolasa, sobre lo cual detalla: \u201cMi personaje, con sus otros dos hermanos, acompa\u00f1an por primera vez a la mam\u00e1 a bajar al pueblo.Ha sido muy divertido trabajar desde la inocencia, los hermanos Morales nunca han bajado del cerro y la \u00fanica mujer que han visto en su vida es la \u00f1ora. El \u00fanico que antes bajaba era el paire, que ya no est\u00e1. Lo que queda de \u00e9l es el recuerdo de sus historias, donde contaba que hab\u00eda sirenas en la ciudad, casas de tres pisos, cosas que los hermanos no pod\u00edan creer que exist\u00edan. El pr\u00f3ximo a\u00f1o es el aniversario n\u00famero 60 del estreno de esta obra, dirigida por primera vez por V\u00edctor Jara. Esperamos que puedan asistir, dejarse llevar y ver como todav\u00eda sigue vigente en nuestros d\u00edas\u201d.&nbsp;<\/p>\n\n\n\n<p>Para m\u00e1s informaci\u00f3n seguir a @escuelateatrouv en Instagram.<\/p>\n","protected":false},"excerpt":{"rendered":"<p>La temporada de estreno de la obra \u201cLa Remolienda\u201d, Taller de T\u00edtulo de la Escuela de Teatro UV, es desde el mi\u00e9rcoles 10 al s\u00e1bado 13 de julio de 2024.&nbsp;La dramaturgia fue escrita por Alejandro Sieveking y la puesta en escena es dirigida por Mar\u00eda Jos\u00e9 Pizarro. Este cl\u00e1sico del teatro chileno promete risas y [&hellip;]<\/p>\n","protected":false},"author":1,"featured_media":19714,"comment_status":"closed","ping_status":"closed","sticky":false,"template":"","format":"standard","meta":{"_acf_changed":false,"footnotes":""},"categories":[1],"tags":[],"class_list":["post-19713","post","type-post","status-publish","format-standard","has-post-thumbnail","hentry","category-uncategorized"],"acf":[],"yoast_head":"<!-- This site is optimized with the Yoast SEO plugin v27.1.1 - https:\/\/yoast.com\/product\/yoast-seo-wordpress\/ -->\n<title>LA REMOLIENDA: Cl\u00e1sico del teatro chileno se presenta en Taller de T\u00edtulo de la Escuela de Teatro UV - Valpara\u00ed\u00adso Creativo<\/title>\n<meta name=\"robots\" content=\"index, follow, max-snippet:-1, max-image-preview:large, max-video-preview:-1\" \/>\n<link rel=\"canonical\" href=\"https:\/\/dev.antudigital.cl\/sites\/vc\/la-remolienda-clasico-del-teatro-chileno-se-presenta-en-taller-de-titulo-de-la-escuela-de-teatro-uv\/\" \/>\n<meta property=\"og:locale\" content=\"es_ES\" \/>\n<meta property=\"og:type\" content=\"article\" \/>\n<meta property=\"og:title\" content=\"LA REMOLIENDA: Cl\u00e1sico del teatro chileno se presenta en Taller de T\u00edtulo de la Escuela de Teatro UV - Valpara\u00ed\u00adso Creativo\" \/>\n<meta property=\"og:description\" content=\"La temporada de estreno de la obra \u201cLa Remolienda\u201d, Taller de T\u00edtulo de la Escuela de Teatro UV, es desde el mi\u00e9rcoles 10 al s\u00e1bado 13 de julio de 2024.&nbsp;La dramaturgia fue escrita por Alejandro Sieveking y la puesta en escena es dirigida por Mar\u00eda Jos\u00e9 Pizarro. Este cl\u00e1sico del teatro chileno promete risas y [&hellip;]\" \/>\n<meta property=\"og:url\" content=\"https:\/\/dev.antudigital.cl\/sites\/vc\/la-remolienda-clasico-del-teatro-chileno-se-presenta-en-taller-de-titulo-de-la-escuela-de-teatro-uv\/\" \/>\n<meta property=\"og:site_name\" content=\"Valpara\u00ed\u00adso Creativo\" \/>\n<meta property=\"article:published_time\" content=\"2024-07-15T19:06:10+00:00\" \/>\n<meta property=\"article:modified_time\" content=\"2024-07-15T19:06:27+00:00\" \/>\n<meta property=\"og:image\" content=\"https:\/\/dev.antudigital.cl\/sites\/vc\/wp-content\/uploads\/2024\/07\/Remolienda-19.jpg\" \/>\n\t<meta property=\"og:image:width\" content=\"1044\" \/>\n\t<meta property=\"og:image:height\" content=\"696\" \/>\n\t<meta property=\"og:image:type\" content=\"image\/jpeg\" \/>\n<meta name=\"author\" content=\"Valpara\u00edso Creativo\" \/>\n<meta name=\"twitter:card\" content=\"summary_large_image\" \/>\n<meta name=\"twitter:label1\" content=\"Escrito por\" \/>\n\t<meta name=\"twitter:data1\" content=\"Valpara\u00edso Creativo\" \/>\n\t<meta name=\"twitter:label2\" content=\"Tiempo de lectura\" \/>\n\t<meta name=\"twitter:data2\" content=\"4 minutos\" \/>\n<script type=\"application\/ld+json\" class=\"yoast-schema-graph\">{\"@context\":\"https:\/\/schema.org\",\"@graph\":[{\"@type\":\"Article\",\"@id\":\"https:\/\/dev.antudigital.cl\/sites\/vc\/la-remolienda-clasico-del-teatro-chileno-se-presenta-en-taller-de-titulo-de-la-escuela-de-teatro-uv\/#article\",\"isPartOf\":{\"@id\":\"https:\/\/dev.antudigital.cl\/sites\/vc\/la-remolienda-clasico-del-teatro-chileno-se-presenta-en-taller-de-titulo-de-la-escuela-de-teatro-uv\/\"},\"author\":{\"name\":\"Valpara\u00edso Creativo\",\"@id\":\"https:\/\/dev.antudigital.cl\/sites\/vc\/#\/schema\/person\/c2b9da8dd545e27166fc5ab232837318\"},\"headline\":\"LA REMOLIENDA: Cl\u00e1sico del teatro chileno se presenta en Taller de T\u00edtulo de la Escuela de Teatro UV\",\"datePublished\":\"2024-07-15T19:06:10+00:00\",\"dateModified\":\"2024-07-15T19:06:27+00:00\",\"mainEntityOfPage\":{\"@id\":\"https:\/\/dev.antudigital.cl\/sites\/vc\/la-remolienda-clasico-del-teatro-chileno-se-presenta-en-taller-de-titulo-de-la-escuela-de-teatro-uv\/\"},\"wordCount\":657,\"image\":{\"@id\":\"https:\/\/dev.antudigital.cl\/sites\/vc\/la-remolienda-clasico-del-teatro-chileno-se-presenta-en-taller-de-titulo-de-la-escuela-de-teatro-uv\/#primaryimage\"},\"thumbnailUrl\":\"https:\/\/dev.antudigital.cl\/sites\/vc\/wp-content\/uploads\/2024\/07\/Remolienda-19.jpg\",\"articleSection\":[\"Uncategorized\"],\"inLanguage\":\"es\"},{\"@type\":\"WebPage\",\"@id\":\"https:\/\/dev.antudigital.cl\/sites\/vc\/la-remolienda-clasico-del-teatro-chileno-se-presenta-en-taller-de-titulo-de-la-escuela-de-teatro-uv\/\",\"url\":\"https:\/\/dev.antudigital.cl\/sites\/vc\/la-remolienda-clasico-del-teatro-chileno-se-presenta-en-taller-de-titulo-de-la-escuela-de-teatro-uv\/\",\"name\":\"LA REMOLIENDA: Cl\u00e1sico del teatro chileno se presenta en Taller de T\u00edtulo de la Escuela de Teatro UV - Valpara\u00ed\u00adso Creativo\",\"isPartOf\":{\"@id\":\"https:\/\/dev.antudigital.cl\/sites\/vc\/#website\"},\"primaryImageOfPage\":{\"@id\":\"https:\/\/dev.antudigital.cl\/sites\/vc\/la-remolienda-clasico-del-teatro-chileno-se-presenta-en-taller-de-titulo-de-la-escuela-de-teatro-uv\/#primaryimage\"},\"image\":{\"@id\":\"https:\/\/dev.antudigital.cl\/sites\/vc\/la-remolienda-clasico-del-teatro-chileno-se-presenta-en-taller-de-titulo-de-la-escuela-de-teatro-uv\/#primaryimage\"},\"thumbnailUrl\":\"https:\/\/dev.antudigital.cl\/sites\/vc\/wp-content\/uploads\/2024\/07\/Remolienda-19.jpg\",\"datePublished\":\"2024-07-15T19:06:10+00:00\",\"dateModified\":\"2024-07-15T19:06:27+00:00\",\"author\":{\"@id\":\"https:\/\/dev.antudigital.cl\/sites\/vc\/#\/schema\/person\/c2b9da8dd545e27166fc5ab232837318\"},\"breadcrumb\":{\"@id\":\"https:\/\/dev.antudigital.cl\/sites\/vc\/la-remolienda-clasico-del-teatro-chileno-se-presenta-en-taller-de-titulo-de-la-escuela-de-teatro-uv\/#breadcrumb\"},\"inLanguage\":\"es\",\"potentialAction\":[{\"@type\":\"ReadAction\",\"target\":[\"https:\/\/dev.antudigital.cl\/sites\/vc\/la-remolienda-clasico-del-teatro-chileno-se-presenta-en-taller-de-titulo-de-la-escuela-de-teatro-uv\/\"]}]},{\"@type\":\"ImageObject\",\"inLanguage\":\"es\",\"@id\":\"https:\/\/dev.antudigital.cl\/sites\/vc\/la-remolienda-clasico-del-teatro-chileno-se-presenta-en-taller-de-titulo-de-la-escuela-de-teatro-uv\/#primaryimage\",\"url\":\"https:\/\/dev.antudigital.cl\/sites\/vc\/wp-content\/uploads\/2024\/07\/Remolienda-19.jpg\",\"contentUrl\":\"https:\/\/dev.antudigital.cl\/sites\/vc\/wp-content\/uploads\/2024\/07\/Remolienda-19.jpg\",\"width\":1044,\"height\":696},{\"@type\":\"BreadcrumbList\",\"@id\":\"https:\/\/dev.antudigital.cl\/sites\/vc\/la-remolienda-clasico-del-teatro-chileno-se-presenta-en-taller-de-titulo-de-la-escuela-de-teatro-uv\/#breadcrumb\",\"itemListElement\":[{\"@type\":\"ListItem\",\"position\":1,\"name\":\"Home\",\"item\":\"https:\/\/dev.antudigital.cl\/sites\/vc\/\"},{\"@type\":\"ListItem\",\"position\":2,\"name\":\"LA REMOLIENDA: Cl\u00e1sico del teatro chileno se presenta en Taller de T\u00edtulo de la Escuela de Teatro UV\"}]},{\"@type\":\"WebSite\",\"@id\":\"https:\/\/dev.antudigital.cl\/sites\/vc\/#website\",\"url\":\"https:\/\/dev.antudigital.cl\/sites\/vc\/\",\"name\":\"Valpara\u00ed\u00adso Creativo\",\"description\":\"\",\"potentialAction\":[{\"@type\":\"SearchAction\",\"target\":{\"@type\":\"EntryPoint\",\"urlTemplate\":\"https:\/\/dev.antudigital.cl\/sites\/vc\/?s={search_term_string}\"},\"query-input\":{\"@type\":\"PropertyValueSpecification\",\"valueRequired\":true,\"valueName\":\"search_term_string\"}}],\"inLanguage\":\"es\"},{\"@type\":\"Person\",\"@id\":\"https:\/\/dev.antudigital.cl\/sites\/vc\/#\/schema\/person\/c2b9da8dd545e27166fc5ab232837318\",\"name\":\"Valpara\u00edso Creativo\",\"description\":\"Periodista de cultura en la Regi\u00f3n de Valpara\u00edso.\",\"url\":\"https:\/\/dev.antudigital.cl\/sites\/vc\/author\/valpoadmin\/\"}]}<\/script>\n<!-- \/ Yoast SEO plugin. -->","yoast_head_json":{"title":"LA REMOLIENDA: Cl\u00e1sico del teatro chileno se presenta en Taller de T\u00edtulo de la Escuela de Teatro UV - Valpara\u00ed\u00adso Creativo","robots":{"index":"index","follow":"follow","max-snippet":"max-snippet:-1","max-image-preview":"max-image-preview:large","max-video-preview":"max-video-preview:-1"},"canonical":"https:\/\/dev.antudigital.cl\/sites\/vc\/la-remolienda-clasico-del-teatro-chileno-se-presenta-en-taller-de-titulo-de-la-escuela-de-teatro-uv\/","og_locale":"es_ES","og_type":"article","og_title":"LA REMOLIENDA: Cl\u00e1sico del teatro chileno se presenta en Taller de T\u00edtulo de la Escuela de Teatro UV - Valpara\u00ed\u00adso Creativo","og_description":"La temporada de estreno de la obra \u201cLa Remolienda\u201d, Taller de T\u00edtulo de la Escuela de Teatro UV, es desde el mi\u00e9rcoles 10 al s\u00e1bado 13 de julio de 2024.&nbsp;La dramaturgia fue escrita por Alejandro Sieveking y la puesta en escena es dirigida por Mar\u00eda Jos\u00e9 Pizarro. Este cl\u00e1sico del teatro chileno promete risas y [&hellip;]","og_url":"https:\/\/dev.antudigital.cl\/sites\/vc\/la-remolienda-clasico-del-teatro-chileno-se-presenta-en-taller-de-titulo-de-la-escuela-de-teatro-uv\/","og_site_name":"Valpara\u00ed\u00adso Creativo","article_published_time":"2024-07-15T19:06:10+00:00","article_modified_time":"2024-07-15T19:06:27+00:00","og_image":[{"width":1044,"height":696,"url":"https:\/\/dev.antudigital.cl\/sites\/vc\/wp-content\/uploads\/2024\/07\/Remolienda-19.jpg","type":"image\/jpeg"}],"author":"Valpara\u00edso Creativo","twitter_card":"summary_large_image","twitter_misc":{"Escrito por":"Valpara\u00edso Creativo","Tiempo de lectura":"4 minutos"},"schema":{"@context":"https:\/\/schema.org","@graph":[{"@type":"Article","@id":"https:\/\/dev.antudigital.cl\/sites\/vc\/la-remolienda-clasico-del-teatro-chileno-se-presenta-en-taller-de-titulo-de-la-escuela-de-teatro-uv\/#article","isPartOf":{"@id":"https:\/\/dev.antudigital.cl\/sites\/vc\/la-remolienda-clasico-del-teatro-chileno-se-presenta-en-taller-de-titulo-de-la-escuela-de-teatro-uv\/"},"author":{"name":"Valpara\u00edso Creativo","@id":"https:\/\/dev.antudigital.cl\/sites\/vc\/#\/schema\/person\/c2b9da8dd545e27166fc5ab232837318"},"headline":"LA REMOLIENDA: Cl\u00e1sico del teatro chileno se presenta en Taller de T\u00edtulo de la Escuela de Teatro UV","datePublished":"2024-07-15T19:06:10+00:00","dateModified":"2024-07-15T19:06:27+00:00","mainEntityOfPage":{"@id":"https:\/\/dev.antudigital.cl\/sites\/vc\/la-remolienda-clasico-del-teatro-chileno-se-presenta-en-taller-de-titulo-de-la-escuela-de-teatro-uv\/"},"wordCount":657,"image":{"@id":"https:\/\/dev.antudigital.cl\/sites\/vc\/la-remolienda-clasico-del-teatro-chileno-se-presenta-en-taller-de-titulo-de-la-escuela-de-teatro-uv\/#primaryimage"},"thumbnailUrl":"https:\/\/dev.antudigital.cl\/sites\/vc\/wp-content\/uploads\/2024\/07\/Remolienda-19.jpg","articleSection":["Uncategorized"],"inLanguage":"es"},{"@type":"WebPage","@id":"https:\/\/dev.antudigital.cl\/sites\/vc\/la-remolienda-clasico-del-teatro-chileno-se-presenta-en-taller-de-titulo-de-la-escuela-de-teatro-uv\/","url":"https:\/\/dev.antudigital.cl\/sites\/vc\/la-remolienda-clasico-del-teatro-chileno-se-presenta-en-taller-de-titulo-de-la-escuela-de-teatro-uv\/","name":"LA REMOLIENDA: Cl\u00e1sico del teatro chileno se presenta en Taller de T\u00edtulo de la Escuela de Teatro UV - Valpara\u00ed\u00adso Creativo","isPartOf":{"@id":"https:\/\/dev.antudigital.cl\/sites\/vc\/#website"},"primaryImageOfPage":{"@id":"https:\/\/dev.antudigital.cl\/sites\/vc\/la-remolienda-clasico-del-teatro-chileno-se-presenta-en-taller-de-titulo-de-la-escuela-de-teatro-uv\/#primaryimage"},"image":{"@id":"https:\/\/dev.antudigital.cl\/sites\/vc\/la-remolienda-clasico-del-teatro-chileno-se-presenta-en-taller-de-titulo-de-la-escuela-de-teatro-uv\/#primaryimage"},"thumbnailUrl":"https:\/\/dev.antudigital.cl\/sites\/vc\/wp-content\/uploads\/2024\/07\/Remolienda-19.jpg","datePublished":"2024-07-15T19:06:10+00:00","dateModified":"2024-07-15T19:06:27+00:00","author":{"@id":"https:\/\/dev.antudigital.cl\/sites\/vc\/#\/schema\/person\/c2b9da8dd545e27166fc5ab232837318"},"breadcrumb":{"@id":"https:\/\/dev.antudigital.cl\/sites\/vc\/la-remolienda-clasico-del-teatro-chileno-se-presenta-en-taller-de-titulo-de-la-escuela-de-teatro-uv\/#breadcrumb"},"inLanguage":"es","potentialAction":[{"@type":"ReadAction","target":["https:\/\/dev.antudigital.cl\/sites\/vc\/la-remolienda-clasico-del-teatro-chileno-se-presenta-en-taller-de-titulo-de-la-escuela-de-teatro-uv\/"]}]},{"@type":"ImageObject","inLanguage":"es","@id":"https:\/\/dev.antudigital.cl\/sites\/vc\/la-remolienda-clasico-del-teatro-chileno-se-presenta-en-taller-de-titulo-de-la-escuela-de-teatro-uv\/#primaryimage","url":"https:\/\/dev.antudigital.cl\/sites\/vc\/wp-content\/uploads\/2024\/07\/Remolienda-19.jpg","contentUrl":"https:\/\/dev.antudigital.cl\/sites\/vc\/wp-content\/uploads\/2024\/07\/Remolienda-19.jpg","width":1044,"height":696},{"@type":"BreadcrumbList","@id":"https:\/\/dev.antudigital.cl\/sites\/vc\/la-remolienda-clasico-del-teatro-chileno-se-presenta-en-taller-de-titulo-de-la-escuela-de-teatro-uv\/#breadcrumb","itemListElement":[{"@type":"ListItem","position":1,"name":"Home","item":"https:\/\/dev.antudigital.cl\/sites\/vc\/"},{"@type":"ListItem","position":2,"name":"LA REMOLIENDA: Cl\u00e1sico del teatro chileno se presenta en Taller de T\u00edtulo de la Escuela de Teatro UV"}]},{"@type":"WebSite","@id":"https:\/\/dev.antudigital.cl\/sites\/vc\/#website","url":"https:\/\/dev.antudigital.cl\/sites\/vc\/","name":"Valpara\u00ed\u00adso Creativo","description":"","potentialAction":[{"@type":"SearchAction","target":{"@type":"EntryPoint","urlTemplate":"https:\/\/dev.antudigital.cl\/sites\/vc\/?s={search_term_string}"},"query-input":{"@type":"PropertyValueSpecification","valueRequired":true,"valueName":"search_term_string"}}],"inLanguage":"es"},{"@type":"Person","@id":"https:\/\/dev.antudigital.cl\/sites\/vc\/#\/schema\/person\/c2b9da8dd545e27166fc5ab232837318","name":"Valpara\u00edso Creativo","description":"Periodista de cultura en la Regi\u00f3n de Valpara\u00edso.","url":"https:\/\/dev.antudigital.cl\/sites\/vc\/author\/valpoadmin\/"}]}},"_links":{"self":[{"href":"https:\/\/dev.antudigital.cl\/sites\/vc\/wp-json\/wp\/v2\/posts\/19713","targetHints":{"allow":["GET"]}}],"collection":[{"href":"https:\/\/dev.antudigital.cl\/sites\/vc\/wp-json\/wp\/v2\/posts"}],"about":[{"href":"https:\/\/dev.antudigital.cl\/sites\/vc\/wp-json\/wp\/v2\/types\/post"}],"author":[{"embeddable":true,"href":"https:\/\/dev.antudigital.cl\/sites\/vc\/wp-json\/wp\/v2\/users\/1"}],"replies":[{"embeddable":true,"href":"https:\/\/dev.antudigital.cl\/sites\/vc\/wp-json\/wp\/v2\/comments?post=19713"}],"version-history":[{"count":1,"href":"https:\/\/dev.antudigital.cl\/sites\/vc\/wp-json\/wp\/v2\/posts\/19713\/revisions"}],"predecessor-version":[{"id":19716,"href":"https:\/\/dev.antudigital.cl\/sites\/vc\/wp-json\/wp\/v2\/posts\/19713\/revisions\/19716"}],"wp:featuredmedia":[{"embeddable":true,"href":"https:\/\/dev.antudigital.cl\/sites\/vc\/wp-json\/wp\/v2\/media\/19714"}],"wp:attachment":[{"href":"https:\/\/dev.antudigital.cl\/sites\/vc\/wp-json\/wp\/v2\/media?parent=19713"}],"wp:term":[{"taxonomy":"category","embeddable":true,"href":"https:\/\/dev.antudigital.cl\/sites\/vc\/wp-json\/wp\/v2\/categories?post=19713"},{"taxonomy":"post_tag","embeddable":true,"href":"https:\/\/dev.antudigital.cl\/sites\/vc\/wp-json\/wp\/v2\/tags?post=19713"}],"curies":[{"name":"wp","href":"https:\/\/api.w.org\/{rel}","templated":true}]}}