{"id":19717,"date":"2024-07-16T00:03:03","date_gmt":"2024-07-16T00:03:03","guid":{"rendered":"https:\/\/www.valparaisocreativo.cl\/?p=19717"},"modified":"2024-07-16T00:03:22","modified_gmt":"2024-07-16T00:03:22","slug":"hammam-proyecto-de-danza-invita-a-una-experiencia-inmersiva-en-torno-a-los-banos-de-vapor","status":"publish","type":"post","link":"https:\/\/dev.antudigital.cl\/sites\/vc\/hammam-proyecto-de-danza-invita-a-una-experiencia-inmersiva-en-torno-a-los-banos-de-vapor\/","title":{"rendered":"HAMMAM: Proyecto de danza invita a una experiencia inmersiva en torno a los ba\u00f1os de vapor"},"content":{"rendered":"\n<p><strong>Los d\u00edas viernes 26 y s\u00e1bado 27 de julio a las 19:00 horas se presenta la obra HAMMAM&nbsp;<\/strong>en el Teatro del Parque Cultural de Valpara\u00edso &#8211; Ex C\u00e1rcel,&nbsp;habiendo un conversatorio posterior en la primera funci\u00f3n.<strong>El s\u00e1bado 27 se realizar\u00e1 el laboratorio abierto L\u00d6YLY,&nbsp;<\/strong>de&nbsp;12:30 a 14:00&nbsp;horas,<strong>&nbsp;y el domingo 28 el laboratorio PURGA LAVA TORIO,&nbsp;<\/strong>de 11:00 a 14:00 horas. Todas las actividades son con entrada liberada para mayores de 14 a\u00f1os. Los cupos son limitados, la inscripci\u00f3n se debe realizar&nbsp;<a href=\"https:\/\/forms.gle\/kqfXtnxUPpdbroZL7\" target=\"_blank\" rel=\"noreferrer noopener\">aqu\u00ed<\/a>.<\/p>\n\n\n\n<p><strong>Este proyecto se realiza en el marco de la Circulaci\u00f3n Nacional 2024 de HAMMAM, financiada por el Fondo Nacional de Fomento y Desarrollo de Las Artes Esc\u00e9nicas, Convocatoria 2023.<\/strong>&nbsp;HAMMAM es un proyecto co-producido por NAVE Centro de Creaci\u00f3n y Residencia, financiado por el&nbsp;Fondo Nacional de Desarrollo Cultural y las Artes de Chile, Convocatoria 2019&nbsp;y conformado por Javiera Pe\u00f3n-Veiga, Directora art\u00edstica; Claudio Mu\u00f1oz, Performer; Antonia Pe\u00f3n-Veiga, Dise\u00f1adora de iluminaci\u00f3n; Rodrigo Sobarzo, Dise\u00f1ador sonoro; y Natalia Ram\u00edrez P\u00fcschel, encargada de la documentaci\u00f3n.<\/p>\n\n\n\n<p>La palabra \u00e1rabe \u00abhammam\u00bb significa \u2018esparcidor de calor\u2019, y se refiere a los ba\u00f1os de agua caliente y los espacios sociales que invitan, colectivamente, a limpiar el cuerpo y el esp\u00edritu mediante el vapor y el agua. En el proyecto HAMMAM se crean ambientes h\u00famedos y el \u2018ba\u00f1o\u2019 es explorado como un fen\u00f3meno colectivo de purga, regeneraci\u00f3n y pr\u00e1ctica social de sanaci\u00f3n, donde se frotan la esfera \u00edntima y el espacio p\u00fablico. Este proyecto transdisciplinar cruza la danza as\u00ed como el arte sonoro, la performance y la escritura, desarrollando c\u00e1psulas sonoras, pr\u00e1cticas abiertas, instalaciones y una publicaci\u00f3n digital.<\/p>\n\n\n\n<figure class=\"wp-block-image size-large\"><img fetchpriority=\"high\" decoding=\"async\" width=\"1024\" height=\"684\" src=\"https:\/\/www.valparaisocreativo.cl\/wp-content\/uploads\/2024\/07\/PH-Fernanda-Ruiz-_7-1024x684.jpg\" alt=\"\" class=\"wp-image-19718\" srcset=\"https:\/\/dev.antudigital.cl\/sites\/vc\/wp-content\/uploads\/2024\/07\/PH-Fernanda-Ruiz-_7-1024x684.jpg 1024w, https:\/\/dev.antudigital.cl\/sites\/vc\/wp-content\/uploads\/2024\/07\/PH-Fernanda-Ruiz-_7-300x200.jpg 300w, https:\/\/dev.antudigital.cl\/sites\/vc\/wp-content\/uploads\/2024\/07\/PH-Fernanda-Ruiz-_7-768x513.jpg 768w, https:\/\/dev.antudigital.cl\/sites\/vc\/wp-content\/uploads\/2024\/07\/PH-Fernanda-Ruiz-_7-1080x721.jpg 1080w, https:\/\/dev.antudigital.cl\/sites\/vc\/wp-content\/uploads\/2024\/07\/PH-Fernanda-Ruiz-_7-1280x854.jpg 1280w, https:\/\/dev.antudigital.cl\/sites\/vc\/wp-content\/uploads\/2024\/07\/PH-Fernanda-Ruiz-_7-980x654.jpg 980w, https:\/\/dev.antudigital.cl\/sites\/vc\/wp-content\/uploads\/2024\/07\/PH-Fernanda-Ruiz-_7-480x320.jpg 480w, https:\/\/dev.antudigital.cl\/sites\/vc\/wp-content\/uploads\/2024\/07\/PH-Fernanda-Ruiz-_7-24x16.jpg 24w, https:\/\/dev.antudigital.cl\/sites\/vc\/wp-content\/uploads\/2024\/07\/PH-Fernanda-Ruiz-_7-36x24.jpg 36w, https:\/\/dev.antudigital.cl\/sites\/vc\/wp-content\/uploads\/2024\/07\/PH-Fernanda-Ruiz-_7-48x32.jpg 48w, https:\/\/dev.antudigital.cl\/sites\/vc\/wp-content\/uploads\/2024\/07\/PH-Fernanda-Ruiz-_7.jpg 1504w\" sizes=\"(max-width: 1024px) 100vw, 1024px\" \/><\/figure>\n\n\n\n<p><strong>Javiera Pe\u00f3n-Veiga, directora del proyecto<\/strong>, se\u00f1ala: \u201cLa danza que hacemos se pregunta por los bordes de la disciplina e intenta elongar esos bordes. En esta obra el vapor danza, la luz y el sonido tambi\u00e9n. Los intereses persisten y van generando continuidad de un proyecto a otro; una investigaci\u00f3n continua, de a\u00f1os, que va tomando distintas formas y acentos. En HAMMAM hay un inter\u00e9s de salirse de s\u00ed, entender que las fronteras del cuerpo no est\u00e1n en la piel, siendo atravesadas por fuerzas invisibles, imperceptibles. La experiencia invita a sentir el tacto a trav\u00e9s del vapor y a salir de una primera capa, percibiendo el sonido, un medio t\u00e1ctil que nos transforma, la vibraci\u00f3n, el moldeamiento de la materia\u201d.<\/p>\n\n\n\n<p>Desde su formaci\u00f3n, Javiera se ha interesado por diversas disciplinas. Naci\u00f3 y creci\u00f3 en Rancagua, y\u00e9ndose a estudiar Psicolog\u00eda a Santiago, lugar donde tuvo acceso y decidi\u00f3 incursionar en la danza. Esto la impuls\u00f3 a formarse luego en Londres, Inglaterra, y Angers, Francia, sumando amplitud y visiones de mundo a su perspectiva como creadora. Respecto a su formaci\u00f3n comparte:<\/p>\n\n\n\n<p>\u201cAl principio ve\u00eda al mundo de la psicolog\u00eda y de la danza como dos \u00e1mbitos disociados. Despu\u00e9s de a\u00f1os me di cuenta de que el quehacer en la danza, desde el cuerpo, se relaciona con el autoconocimiento y la sanaci\u00f3n. Me interesa mucho el campo de la psicolog\u00eda desde ese otro lugar, explorarnos como seres en relaci\u00f3n, desde lo som\u00e1tico, que nos constituimos en el<em>&nbsp;entre<\/em>, en los procesos de relaci\u00f3n y afecci\u00f3n con, y que la dimensi\u00f3n corporal abarca diversas dimensiones entremezcladas, la f\u00edsica, ps\u00edquica, sutil, energ\u00e9tica, electromagn\u00e9tica, y tantas m\u00e1s. El arte nos permite investigar otros planos de la existencia, trazando caminos hacia la transformaci\u00f3n a partir de lo que se puede experimentar ampliamente en la danza\u201d.<\/p>\n\n\n\n<p>Javiera se\u00f1ala que HAMMAM honra al vapor como estado: un estado del agua, un estado borroso, un estado en baja definici\u00f3n, con poderes medicinales, liminal, entremedio, t\u00e1ctil, pulverizado, un estado en transici\u00f3n. Sobre su inter\u00e9s en la investigaci\u00f3n, detalla que \u201ceste proyecto es una cocreaci\u00f3n. Yo dirijo, cumplo un rol dentro del trabajo realizado en equipo desde el a\u00f1o 2019, donde iniciamos el proyecto y luego lleg\u00f3 la pandemia. Escribimos mucho colectivamente, haciendo de la cocreaci\u00f3n un espacio de cruce donde se entremezclan los diversos saberes. El vapor borronea los l\u00edmites, les invitamos a adentrarse en un espacio donde nos encontraremos difuminados por la experiencia\u201d.<\/p>\n\n\n\n<p>Para m\u00e1s informaci\u00f3n sobre las aristas de este proyecto visitar el sitio web&nbsp;<a href=\"https:\/\/estoesunhammam.com\/\" target=\"_blank\" rel=\"noreferrer noopener\">https:\/\/estoesunhammam.com\/<\/a>&nbsp;y seguir la cuenta de Instagram&nbsp;<a href=\"https:\/\/www.instagram.com\/estoesunhammam\/\" target=\"_blank\" rel=\"noreferrer noopener\">@estoesunhammam<\/a>.<\/p>\n\n\n\n<p><strong>COORDENADAS<\/strong><\/p>\n\n\n\n<p><strong>Funci\u00f3n HAMMAM con conversatorio<\/strong>. Viernes 26 de julio a las 19:00 horas, Teatro PCdV.<\/p>\n\n\n\n<p><strong>Laboratorio&nbsp; L\u00d6YLY<\/strong>. S\u00e1bado 27 de juliode&nbsp;12:30 a 14:00&nbsp;horas, Teatro PCdV.<\/p>\n\n\n\n<p><strong>Funci\u00f3n HAMMAM<\/strong>. S\u00e1bado 27 de julio a las 19 horas, Teatro PCdV.<\/p>\n\n\n\n<p><strong>Laboratorio PURGA LAVA TORIO<\/strong>. Domingo 28 de julio de 11:00 a 14:00 horas, Sala Estudio PCdV.<\/p>\n\n\n\n<p>ACTIVIDADES CON ENTRADA LIBERADA. CUPOS LIMITADOS.<\/p>\n\n\n\n<p>Formulario de inscripci\u00f3n:&nbsp;<a href=\"https:\/\/forms.gle\/kqfXtnxUPpdbroZL7\" target=\"_blank\" rel=\"noreferrer noopener\">https:\/\/forms.gle\/kqfXtnxUPpdbroZL7<\/a><\/p>\n\n\n\n<p>Nota sitio web PCdV:&nbsp;<a href=\"https:\/\/parquecultural.cl\/events\/danza-hammam-2024-07-26\/\" target=\"_blank\" rel=\"noreferrer noopener\">https:\/\/parquecultural.cl\/events\/danza-hammam-2024-07-26\/<\/a><\/p>\n","protected":false},"excerpt":{"rendered":"<p>Los d\u00edas viernes 26 y s\u00e1bado 27 de julio a las 19:00 horas se presenta la obra HAMMAM&nbsp;en el Teatro del Parque Cultural de Valpara\u00edso &#8211; Ex C\u00e1rcel,&nbsp;habiendo un conversatorio posterior en la primera funci\u00f3n.El s\u00e1bado 27 se realizar\u00e1 el laboratorio abierto L\u00d6YLY,&nbsp;de&nbsp;12:30 a 14:00&nbsp;horas,&nbsp;y el domingo 28 el laboratorio PURGA LAVA TORIO,&nbsp;de 11:00 a [&hellip;]<\/p>\n","protected":false},"author":1,"featured_media":19719,"comment_status":"closed","ping_status":"closed","sticky":false,"template":"","format":"standard","meta":{"_acf_changed":false,"footnotes":""},"categories":[8],"tags":[],"class_list":["post-19717","post","type-post","status-publish","format-standard","has-post-thumbnail","hentry","category-noticia"],"acf":[],"yoast_head":"<!-- This site is optimized with the Yoast SEO plugin v27.1.1 - https:\/\/yoast.com\/product\/yoast-seo-wordpress\/ -->\n<title>HAMMAM: Proyecto de danza invita a una experiencia inmersiva en torno a los ba\u00f1os de vapor - Valpara\u00ed\u00adso Creativo<\/title>\n<meta name=\"robots\" content=\"index, follow, max-snippet:-1, max-image-preview:large, max-video-preview:-1\" \/>\n<link rel=\"canonical\" href=\"https:\/\/dev.antudigital.cl\/sites\/vc\/hammam-proyecto-de-danza-invita-a-una-experiencia-inmersiva-en-torno-a-los-banos-de-vapor\/\" \/>\n<meta property=\"og:locale\" content=\"es_ES\" \/>\n<meta property=\"og:type\" content=\"article\" \/>\n<meta property=\"og:title\" content=\"HAMMAM: Proyecto de danza invita a una experiencia inmersiva en torno a los ba\u00f1os de vapor - Valpara\u00ed\u00adso Creativo\" \/>\n<meta property=\"og:description\" content=\"Los d\u00edas viernes 26 y s\u00e1bado 27 de julio a las 19:00 horas se presenta la obra HAMMAM&nbsp;en el Teatro del Parque Cultural de Valpara\u00edso &#8211; Ex C\u00e1rcel,&nbsp;habiendo un conversatorio posterior en la primera funci\u00f3n.El s\u00e1bado 27 se realizar\u00e1 el laboratorio abierto L\u00d6YLY,&nbsp;de&nbsp;12:30 a 14:00&nbsp;horas,&nbsp;y el domingo 28 el laboratorio PURGA LAVA TORIO,&nbsp;de 11:00 a [&hellip;]\" \/>\n<meta property=\"og:url\" content=\"https:\/\/dev.antudigital.cl\/sites\/vc\/hammam-proyecto-de-danza-invita-a-una-experiencia-inmersiva-en-torno-a-los-banos-de-vapor\/\" \/>\n<meta property=\"og:site_name\" content=\"Valpara\u00ed\u00adso Creativo\" \/>\n<meta property=\"article:published_time\" content=\"2024-07-16T00:03:03+00:00\" \/>\n<meta property=\"article:modified_time\" content=\"2024-07-16T00:03:22+00:00\" \/>\n<meta property=\"og:image\" content=\"https:\/\/dev.antudigital.cl\/sites\/vc\/wp-content\/uploads\/2024\/07\/PH-Fernanda-Ruiz-_8.jpg\" \/>\n\t<meta property=\"og:image:width\" content=\"1504\" \/>\n\t<meta property=\"og:image:height\" content=\"1004\" \/>\n\t<meta property=\"og:image:type\" content=\"image\/jpeg\" \/>\n<meta name=\"author\" content=\"Valpara\u00edso Creativo\" \/>\n<meta name=\"twitter:card\" content=\"summary_large_image\" \/>\n<meta name=\"twitter:label1\" content=\"Escrito por\" \/>\n\t<meta name=\"twitter:data1\" content=\"Valpara\u00edso Creativo\" \/>\n\t<meta name=\"twitter:label2\" content=\"Tiempo de lectura\" \/>\n\t<meta name=\"twitter:data2\" content=\"4 minutos\" \/>\n<script type=\"application\/ld+json\" class=\"yoast-schema-graph\">{\"@context\":\"https:\/\/schema.org\",\"@graph\":[{\"@type\":\"Article\",\"@id\":\"https:\/\/dev.antudigital.cl\/sites\/vc\/hammam-proyecto-de-danza-invita-a-una-experiencia-inmersiva-en-torno-a-los-banos-de-vapor\/#article\",\"isPartOf\":{\"@id\":\"https:\/\/dev.antudigital.cl\/sites\/vc\/hammam-proyecto-de-danza-invita-a-una-experiencia-inmersiva-en-torno-a-los-banos-de-vapor\/\"},\"author\":{\"name\":\"Valpara\u00edso Creativo\",\"@id\":\"https:\/\/dev.antudigital.cl\/sites\/vc\/#\/schema\/person\/c2b9da8dd545e27166fc5ab232837318\"},\"headline\":\"HAMMAM: Proyecto de danza invita a una experiencia inmersiva en torno a los ba\u00f1os de vapor\",\"datePublished\":\"2024-07-16T00:03:03+00:00\",\"dateModified\":\"2024-07-16T00:03:22+00:00\",\"mainEntityOfPage\":{\"@id\":\"https:\/\/dev.antudigital.cl\/sites\/vc\/hammam-proyecto-de-danza-invita-a-una-experiencia-inmersiva-en-torno-a-los-banos-de-vapor\/\"},\"wordCount\":868,\"image\":{\"@id\":\"https:\/\/dev.antudigital.cl\/sites\/vc\/hammam-proyecto-de-danza-invita-a-una-experiencia-inmersiva-en-torno-a-los-banos-de-vapor\/#primaryimage\"},\"thumbnailUrl\":\"https:\/\/dev.antudigital.cl\/sites\/vc\/wp-content\/uploads\/2024\/07\/PH-Fernanda-Ruiz-_8.jpg\",\"articleSection\":[\"Noticia\"],\"inLanguage\":\"es\"},{\"@type\":\"WebPage\",\"@id\":\"https:\/\/dev.antudigital.cl\/sites\/vc\/hammam-proyecto-de-danza-invita-a-una-experiencia-inmersiva-en-torno-a-los-banos-de-vapor\/\",\"url\":\"https:\/\/dev.antudigital.cl\/sites\/vc\/hammam-proyecto-de-danza-invita-a-una-experiencia-inmersiva-en-torno-a-los-banos-de-vapor\/\",\"name\":\"HAMMAM: Proyecto de danza invita a una experiencia inmersiva en torno a los ba\u00f1os de vapor - Valpara\u00ed\u00adso Creativo\",\"isPartOf\":{\"@id\":\"https:\/\/dev.antudigital.cl\/sites\/vc\/#website\"},\"primaryImageOfPage\":{\"@id\":\"https:\/\/dev.antudigital.cl\/sites\/vc\/hammam-proyecto-de-danza-invita-a-una-experiencia-inmersiva-en-torno-a-los-banos-de-vapor\/#primaryimage\"},\"image\":{\"@id\":\"https:\/\/dev.antudigital.cl\/sites\/vc\/hammam-proyecto-de-danza-invita-a-una-experiencia-inmersiva-en-torno-a-los-banos-de-vapor\/#primaryimage\"},\"thumbnailUrl\":\"https:\/\/dev.antudigital.cl\/sites\/vc\/wp-content\/uploads\/2024\/07\/PH-Fernanda-Ruiz-_8.jpg\",\"datePublished\":\"2024-07-16T00:03:03+00:00\",\"dateModified\":\"2024-07-16T00:03:22+00:00\",\"author\":{\"@id\":\"https:\/\/dev.antudigital.cl\/sites\/vc\/#\/schema\/person\/c2b9da8dd545e27166fc5ab232837318\"},\"breadcrumb\":{\"@id\":\"https:\/\/dev.antudigital.cl\/sites\/vc\/hammam-proyecto-de-danza-invita-a-una-experiencia-inmersiva-en-torno-a-los-banos-de-vapor\/#breadcrumb\"},\"inLanguage\":\"es\",\"potentialAction\":[{\"@type\":\"ReadAction\",\"target\":[\"https:\/\/dev.antudigital.cl\/sites\/vc\/hammam-proyecto-de-danza-invita-a-una-experiencia-inmersiva-en-torno-a-los-banos-de-vapor\/\"]}]},{\"@type\":\"ImageObject\",\"inLanguage\":\"es\",\"@id\":\"https:\/\/dev.antudigital.cl\/sites\/vc\/hammam-proyecto-de-danza-invita-a-una-experiencia-inmersiva-en-torno-a-los-banos-de-vapor\/#primaryimage\",\"url\":\"https:\/\/dev.antudigital.cl\/sites\/vc\/wp-content\/uploads\/2024\/07\/PH-Fernanda-Ruiz-_8.jpg\",\"contentUrl\":\"https:\/\/dev.antudigital.cl\/sites\/vc\/wp-content\/uploads\/2024\/07\/PH-Fernanda-Ruiz-_8.jpg\",\"width\":1504,\"height\":1004},{\"@type\":\"BreadcrumbList\",\"@id\":\"https:\/\/dev.antudigital.cl\/sites\/vc\/hammam-proyecto-de-danza-invita-a-una-experiencia-inmersiva-en-torno-a-los-banos-de-vapor\/#breadcrumb\",\"itemListElement\":[{\"@type\":\"ListItem\",\"position\":1,\"name\":\"Home\",\"item\":\"https:\/\/dev.antudigital.cl\/sites\/vc\/\"},{\"@type\":\"ListItem\",\"position\":2,\"name\":\"HAMMAM: Proyecto de danza invita a una experiencia inmersiva en torno a los ba\u00f1os de vapor\"}]},{\"@type\":\"WebSite\",\"@id\":\"https:\/\/dev.antudigital.cl\/sites\/vc\/#website\",\"url\":\"https:\/\/dev.antudigital.cl\/sites\/vc\/\",\"name\":\"Valpara\u00ed\u00adso Creativo\",\"description\":\"\",\"potentialAction\":[{\"@type\":\"SearchAction\",\"target\":{\"@type\":\"EntryPoint\",\"urlTemplate\":\"https:\/\/dev.antudigital.cl\/sites\/vc\/?s={search_term_string}\"},\"query-input\":{\"@type\":\"PropertyValueSpecification\",\"valueRequired\":true,\"valueName\":\"search_term_string\"}}],\"inLanguage\":\"es\"},{\"@type\":\"Person\",\"@id\":\"https:\/\/dev.antudigital.cl\/sites\/vc\/#\/schema\/person\/c2b9da8dd545e27166fc5ab232837318\",\"name\":\"Valpara\u00edso Creativo\",\"description\":\"Periodista de cultura en la Regi\u00f3n de Valpara\u00edso.\",\"url\":\"https:\/\/dev.antudigital.cl\/sites\/vc\/author\/valpoadmin\/\"}]}<\/script>\n<!-- \/ Yoast SEO plugin. -->","yoast_head_json":{"title":"HAMMAM: Proyecto de danza invita a una experiencia inmersiva en torno a los ba\u00f1os de vapor - Valpara\u00ed\u00adso Creativo","robots":{"index":"index","follow":"follow","max-snippet":"max-snippet:-1","max-image-preview":"max-image-preview:large","max-video-preview":"max-video-preview:-1"},"canonical":"https:\/\/dev.antudigital.cl\/sites\/vc\/hammam-proyecto-de-danza-invita-a-una-experiencia-inmersiva-en-torno-a-los-banos-de-vapor\/","og_locale":"es_ES","og_type":"article","og_title":"HAMMAM: Proyecto de danza invita a una experiencia inmersiva en torno a los ba\u00f1os de vapor - Valpara\u00ed\u00adso Creativo","og_description":"Los d\u00edas viernes 26 y s\u00e1bado 27 de julio a las 19:00 horas se presenta la obra HAMMAM&nbsp;en el Teatro del Parque Cultural de Valpara\u00edso &#8211; Ex C\u00e1rcel,&nbsp;habiendo un conversatorio posterior en la primera funci\u00f3n.El s\u00e1bado 27 se realizar\u00e1 el laboratorio abierto L\u00d6YLY,&nbsp;de&nbsp;12:30 a 14:00&nbsp;horas,&nbsp;y el domingo 28 el laboratorio PURGA LAVA TORIO,&nbsp;de 11:00 a [&hellip;]","og_url":"https:\/\/dev.antudigital.cl\/sites\/vc\/hammam-proyecto-de-danza-invita-a-una-experiencia-inmersiva-en-torno-a-los-banos-de-vapor\/","og_site_name":"Valpara\u00ed\u00adso Creativo","article_published_time":"2024-07-16T00:03:03+00:00","article_modified_time":"2024-07-16T00:03:22+00:00","og_image":[{"width":1504,"height":1004,"url":"https:\/\/dev.antudigital.cl\/sites\/vc\/wp-content\/uploads\/2024\/07\/PH-Fernanda-Ruiz-_8.jpg","type":"image\/jpeg"}],"author":"Valpara\u00edso Creativo","twitter_card":"summary_large_image","twitter_misc":{"Escrito por":"Valpara\u00edso Creativo","Tiempo de lectura":"4 minutos"},"schema":{"@context":"https:\/\/schema.org","@graph":[{"@type":"Article","@id":"https:\/\/dev.antudigital.cl\/sites\/vc\/hammam-proyecto-de-danza-invita-a-una-experiencia-inmersiva-en-torno-a-los-banos-de-vapor\/#article","isPartOf":{"@id":"https:\/\/dev.antudigital.cl\/sites\/vc\/hammam-proyecto-de-danza-invita-a-una-experiencia-inmersiva-en-torno-a-los-banos-de-vapor\/"},"author":{"name":"Valpara\u00edso Creativo","@id":"https:\/\/dev.antudigital.cl\/sites\/vc\/#\/schema\/person\/c2b9da8dd545e27166fc5ab232837318"},"headline":"HAMMAM: Proyecto de danza invita a una experiencia inmersiva en torno a los ba\u00f1os de vapor","datePublished":"2024-07-16T00:03:03+00:00","dateModified":"2024-07-16T00:03:22+00:00","mainEntityOfPage":{"@id":"https:\/\/dev.antudigital.cl\/sites\/vc\/hammam-proyecto-de-danza-invita-a-una-experiencia-inmersiva-en-torno-a-los-banos-de-vapor\/"},"wordCount":868,"image":{"@id":"https:\/\/dev.antudigital.cl\/sites\/vc\/hammam-proyecto-de-danza-invita-a-una-experiencia-inmersiva-en-torno-a-los-banos-de-vapor\/#primaryimage"},"thumbnailUrl":"https:\/\/dev.antudigital.cl\/sites\/vc\/wp-content\/uploads\/2024\/07\/PH-Fernanda-Ruiz-_8.jpg","articleSection":["Noticia"],"inLanguage":"es"},{"@type":"WebPage","@id":"https:\/\/dev.antudigital.cl\/sites\/vc\/hammam-proyecto-de-danza-invita-a-una-experiencia-inmersiva-en-torno-a-los-banos-de-vapor\/","url":"https:\/\/dev.antudigital.cl\/sites\/vc\/hammam-proyecto-de-danza-invita-a-una-experiencia-inmersiva-en-torno-a-los-banos-de-vapor\/","name":"HAMMAM: Proyecto de danza invita a una experiencia inmersiva en torno a los ba\u00f1os de vapor - Valpara\u00ed\u00adso Creativo","isPartOf":{"@id":"https:\/\/dev.antudigital.cl\/sites\/vc\/#website"},"primaryImageOfPage":{"@id":"https:\/\/dev.antudigital.cl\/sites\/vc\/hammam-proyecto-de-danza-invita-a-una-experiencia-inmersiva-en-torno-a-los-banos-de-vapor\/#primaryimage"},"image":{"@id":"https:\/\/dev.antudigital.cl\/sites\/vc\/hammam-proyecto-de-danza-invita-a-una-experiencia-inmersiva-en-torno-a-los-banos-de-vapor\/#primaryimage"},"thumbnailUrl":"https:\/\/dev.antudigital.cl\/sites\/vc\/wp-content\/uploads\/2024\/07\/PH-Fernanda-Ruiz-_8.jpg","datePublished":"2024-07-16T00:03:03+00:00","dateModified":"2024-07-16T00:03:22+00:00","author":{"@id":"https:\/\/dev.antudigital.cl\/sites\/vc\/#\/schema\/person\/c2b9da8dd545e27166fc5ab232837318"},"breadcrumb":{"@id":"https:\/\/dev.antudigital.cl\/sites\/vc\/hammam-proyecto-de-danza-invita-a-una-experiencia-inmersiva-en-torno-a-los-banos-de-vapor\/#breadcrumb"},"inLanguage":"es","potentialAction":[{"@type":"ReadAction","target":["https:\/\/dev.antudigital.cl\/sites\/vc\/hammam-proyecto-de-danza-invita-a-una-experiencia-inmersiva-en-torno-a-los-banos-de-vapor\/"]}]},{"@type":"ImageObject","inLanguage":"es","@id":"https:\/\/dev.antudigital.cl\/sites\/vc\/hammam-proyecto-de-danza-invita-a-una-experiencia-inmersiva-en-torno-a-los-banos-de-vapor\/#primaryimage","url":"https:\/\/dev.antudigital.cl\/sites\/vc\/wp-content\/uploads\/2024\/07\/PH-Fernanda-Ruiz-_8.jpg","contentUrl":"https:\/\/dev.antudigital.cl\/sites\/vc\/wp-content\/uploads\/2024\/07\/PH-Fernanda-Ruiz-_8.jpg","width":1504,"height":1004},{"@type":"BreadcrumbList","@id":"https:\/\/dev.antudigital.cl\/sites\/vc\/hammam-proyecto-de-danza-invita-a-una-experiencia-inmersiva-en-torno-a-los-banos-de-vapor\/#breadcrumb","itemListElement":[{"@type":"ListItem","position":1,"name":"Home","item":"https:\/\/dev.antudigital.cl\/sites\/vc\/"},{"@type":"ListItem","position":2,"name":"HAMMAM: Proyecto de danza invita a una experiencia inmersiva en torno a los ba\u00f1os de vapor"}]},{"@type":"WebSite","@id":"https:\/\/dev.antudigital.cl\/sites\/vc\/#website","url":"https:\/\/dev.antudigital.cl\/sites\/vc\/","name":"Valpara\u00ed\u00adso Creativo","description":"","potentialAction":[{"@type":"SearchAction","target":{"@type":"EntryPoint","urlTemplate":"https:\/\/dev.antudigital.cl\/sites\/vc\/?s={search_term_string}"},"query-input":{"@type":"PropertyValueSpecification","valueRequired":true,"valueName":"search_term_string"}}],"inLanguage":"es"},{"@type":"Person","@id":"https:\/\/dev.antudigital.cl\/sites\/vc\/#\/schema\/person\/c2b9da8dd545e27166fc5ab232837318","name":"Valpara\u00edso Creativo","description":"Periodista de cultura en la Regi\u00f3n de Valpara\u00edso.","url":"https:\/\/dev.antudigital.cl\/sites\/vc\/author\/valpoadmin\/"}]}},"_links":{"self":[{"href":"https:\/\/dev.antudigital.cl\/sites\/vc\/wp-json\/wp\/v2\/posts\/19717","targetHints":{"allow":["GET"]}}],"collection":[{"href":"https:\/\/dev.antudigital.cl\/sites\/vc\/wp-json\/wp\/v2\/posts"}],"about":[{"href":"https:\/\/dev.antudigital.cl\/sites\/vc\/wp-json\/wp\/v2\/types\/post"}],"author":[{"embeddable":true,"href":"https:\/\/dev.antudigital.cl\/sites\/vc\/wp-json\/wp\/v2\/users\/1"}],"replies":[{"embeddable":true,"href":"https:\/\/dev.antudigital.cl\/sites\/vc\/wp-json\/wp\/v2\/comments?post=19717"}],"version-history":[{"count":1,"href":"https:\/\/dev.antudigital.cl\/sites\/vc\/wp-json\/wp\/v2\/posts\/19717\/revisions"}],"predecessor-version":[{"id":19720,"href":"https:\/\/dev.antudigital.cl\/sites\/vc\/wp-json\/wp\/v2\/posts\/19717\/revisions\/19720"}],"wp:featuredmedia":[{"embeddable":true,"href":"https:\/\/dev.antudigital.cl\/sites\/vc\/wp-json\/wp\/v2\/media\/19719"}],"wp:attachment":[{"href":"https:\/\/dev.antudigital.cl\/sites\/vc\/wp-json\/wp\/v2\/media?parent=19717"}],"wp:term":[{"taxonomy":"category","embeddable":true,"href":"https:\/\/dev.antudigital.cl\/sites\/vc\/wp-json\/wp\/v2\/categories?post=19717"},{"taxonomy":"post_tag","embeddable":true,"href":"https:\/\/dev.antudigital.cl\/sites\/vc\/wp-json\/wp\/v2\/tags?post=19717"}],"curies":[{"name":"wp","href":"https:\/\/api.w.org\/{rel}","templated":true}]}}