{"id":19721,"date":"2024-07-15T19:17:54","date_gmt":"2024-07-15T19:17:54","guid":{"rendered":"https:\/\/www.valparaisocreativo.cl\/?p=19721"},"modified":"2024-07-15T19:18:15","modified_gmt":"2024-07-15T19:18:15","slug":"insomnia-estrena-el-thriller-de-noche-con-el-diablo-escrita-y-dirigida-por-los-hermanos-cairnes","status":"publish","type":"post","link":"https:\/\/dev.antudigital.cl\/sites\/vc\/insomnia-estrena-el-thriller-de-noche-con-el-diablo-escrita-y-dirigida-por-los-hermanos-cairnes\/","title":{"rendered":"INSOMNIA estrena el thriller \u201cDe noche con el diablo\u201d escrita y dirigida por los hermanos Cairnes"},"content":{"rendered":"\n<p>De noche con el diablo es el \u00faltimo estreno de terror de INSOMNIA Teatro Condell que, bajo la mirada de los directores australianos Colin y Cameron Cairnes, re\u00fane tres ingredientes espectaculares: Halloween, un late night show con entrevistados en vivo y la mejor m\u00fasica de la d\u00e9cada de los 70\u2019s. Calificada con un 96% en Rotten Tomatoes, ganadora a mejor gui\u00f3n en el Sitges Film Festival, alabada en todos los Festivales en los que se ha presentado, incluso por Stephen King, qui\u00e9n afirm\u00f3 en su cuenta X: \u201ces absolutamente brillante. No pod\u00eda quitarle los ojos de encima. Tu opini\u00f3n puede variar, como dicen, pero te insto a que lo veas cuando puedas\u201d, es uno de los estrenos imperdibles de la temporada.<\/p>\n\n\n\n<p>La idea de rodar este film surgi\u00f3 hace 10 a\u00f1os, luego de realizar su primera pel\u00edcula de bajo presupuesto, por lo mismo, la sit\u00faan en un set de televisi\u00f3n en 1977, justamente en esa d\u00e9cada Estados Unidos estaba viviendo una gran psicosis sat\u00e1nica por el auge del rock and roll en la juventud, contexto que produjo pel\u00edculas de la talla de El exorcista (1973) y La profec\u00eda (1976). Este film se comienza a exhibir en INSOMNIA desde el jueves 18 a las 20:30 horas.<\/p>\n\n\n\n<p>El film est\u00e1 contextualizado en la noche de Halloween de 1977, el caos se desata cuando el presentador Jack Delroy entrevista a una parapsic\u00f3loga y a una joven adolescente que es la \u00fanica superviviente de una matanza masiva en una iglesia sat\u00e1nica. Su objetivo es letal: contactar al diablo en vivo y en directo, paradoja de una sociedad que est\u00e1 dispuesta a todo por un minuto de fama, y que sigue est\u00e1ndolo hasta el d\u00eda de hoy.<\/p>\n\n\n\n<p>Para Claudio Pereira, Programador de INSOMNIA: \u201cDe noche con el diablo, alabada el festival de Sitges, co-direcci\u00f3n de los hermanos Cameron y Colin Cairnes de Australia, opera, no desde una supuesta novedad del demonio, sino desde una suerte de parodia a c\u00f3mo la presencia del demonio se volvi\u00f3 un espect\u00e1culo, tomando como referencia a los Talk Shows de la d\u00e9cada de los setenta, cuando se intentaba que los espectadores se aterraran frente al televisor por la presencia demon\u00edaca en directo\u201d.<\/p>\n\n\n\n<figure class=\"wp-block-image size-large\"><img fetchpriority=\"high\" decoding=\"async\" width=\"1024\" height=\"576\" src=\"https:\/\/www.valparaisocreativo.cl\/wp-content\/uploads\/2024\/07\/latenightwiththedevil01234-1200x675-1-1024x576.png\" alt=\"\" class=\"wp-image-19723\" srcset=\"https:\/\/dev.antudigital.cl\/sites\/vc\/wp-content\/uploads\/2024\/07\/latenightwiththedevil01234-1200x675-1-1024x576.png 1024w, https:\/\/dev.antudigital.cl\/sites\/vc\/wp-content\/uploads\/2024\/07\/latenightwiththedevil01234-1200x675-1-300x169.png 300w, https:\/\/dev.antudigital.cl\/sites\/vc\/wp-content\/uploads\/2024\/07\/latenightwiththedevil01234-1200x675-1-768x432.png 768w, https:\/\/dev.antudigital.cl\/sites\/vc\/wp-content\/uploads\/2024\/07\/latenightwiththedevil01234-1200x675-1-1080x608.png 1080w, https:\/\/dev.antudigital.cl\/sites\/vc\/wp-content\/uploads\/2024\/07\/latenightwiththedevil01234-1200x675-1-980x551.png 980w, https:\/\/dev.antudigital.cl\/sites\/vc\/wp-content\/uploads\/2024\/07\/latenightwiththedevil01234-1200x675-1-480x270.png 480w, https:\/\/dev.antudigital.cl\/sites\/vc\/wp-content\/uploads\/2024\/07\/latenightwiththedevil01234-1200x675-1-24x14.png 24w, https:\/\/dev.antudigital.cl\/sites\/vc\/wp-content\/uploads\/2024\/07\/latenightwiththedevil01234-1200x675-1-36x20.png 36w, https:\/\/dev.antudigital.cl\/sites\/vc\/wp-content\/uploads\/2024\/07\/latenightwiththedevil01234-1200x675-1-48x27.png 48w, https:\/\/dev.antudigital.cl\/sites\/vc\/wp-content\/uploads\/2024\/07\/latenightwiththedevil01234-1200x675-1.png 1200w\" sizes=\"(max-width: 1024px) 100vw, 1024px\" \/><\/figure>\n\n\n\n<p>\u201cDe noche con el diablo funciona perfecto para estos tiempos de escepticismo, donde se puede observar una Norteam\u00e9rica que construye sus propias paranoias, donde el mal y el demonio se manifiestan en el pecado de j\u00f3venes y el avance de conquistas sociales, colm\u00e1ndolos de monstruos, sectas y rituales sat\u00e1nicos, predicadores y espiritismos en directo.&nbsp; Hecha por amantes del cine del g\u00e9nero, con evidente cinefilia, nos invitan a sentarnos para contemplar cu\u00e1l ser\u00e1 el verdadero demonio que se har\u00e1 presente entre nosotros, donde todo puede salirse de control\u201d.<\/p>\n\n\n\n<p>Este estreno viene acompa\u00f1ado por un especial bautizado \u201cMaldito Hollywood\u201d que re\u00fane a grandes directores desde Lynch a Tarantino, para analizar a la meca del cine como esta hoguera de vanidades capaz de destruir cualquier sue\u00f1o. Este especial trae de regreso a la pantalla grande a pel\u00edculas como \u201cEva al desnudo\u201d (Joseph L. Mankiewicz), \u201c\u00bfQu\u00e9 fue de baby Jane?\u201d&nbsp;(Robert Aldrich), \u201cPolvo de estrellas\u201d (David Cronenberg), \u201cOnce upon a time in Hollywood\u201d (Quentin Tarantino), \u201cBirdman\u201d (Alejandro Gonz\u00e1lez I\u00f1\u00e1rritu), \u201cMulholland drive\u201d (David Lynch) y \u201cOne cut of the dead\u201d (Shinichir\u00f4 Ueda).<\/p>\n\n\n\n<p>\u201cDe noche con el diablo\u201d se estrenar\u00e1 este jueves 18 de julio a las 20:30 horas y tendr\u00e1 m\u00e1s funciones los d\u00edas viernes 19 (21:30), domingo 21 (21:00), mi\u00e9rcoles 24 (21:00), s\u00e1bado 27 (21:30), domingo 28 (19:30) y mi\u00e9rcoles 31 (15:00). Para conocer el detalle de la programaci\u00f3n \u201cMaldito Hollywood\u201d revisa la programaci\u00f3n en&nbsp;<a href=\"http:\/\/www.insomniacine.cl\/\" target=\"_blank\" rel=\"noreferrer noopener\">www.insomniacine.cl<\/a>.<\/p>\n","protected":false},"excerpt":{"rendered":"<p>De noche con el diablo es el \u00faltimo estreno de terror de INSOMNIA Teatro Condell que, bajo la mirada de los directores australianos Colin y Cameron Cairnes, re\u00fane tres ingredientes espectaculares: Halloween, un late night show con entrevistados en vivo y la mejor m\u00fasica de la d\u00e9cada de los 70\u2019s. Calificada con un 96% en [&hellip;]<\/p>\n","protected":false},"author":1,"featured_media":19722,"comment_status":"closed","ping_status":"closed","sticky":false,"template":"","format":"standard","meta":{"_acf_changed":false,"footnotes":""},"categories":[8],"tags":[],"class_list":["post-19721","post","type-post","status-publish","format-standard","has-post-thumbnail","hentry","category-noticia"],"acf":[],"yoast_head":"<!-- This site is optimized with the Yoast SEO plugin v27.1.1 - https:\/\/yoast.com\/product\/yoast-seo-wordpress\/ -->\n<title>INSOMNIA estrena el thriller \u201cDe noche con el diablo\u201d escrita y dirigida por los hermanos Cairnes - Valpara\u00ed\u00adso Creativo<\/title>\n<meta name=\"robots\" content=\"index, follow, max-snippet:-1, max-image-preview:large, max-video-preview:-1\" \/>\n<link rel=\"canonical\" href=\"https:\/\/dev.antudigital.cl\/sites\/vc\/insomnia-estrena-el-thriller-de-noche-con-el-diablo-escrita-y-dirigida-por-los-hermanos-cairnes\/\" \/>\n<meta property=\"og:locale\" content=\"es_ES\" \/>\n<meta property=\"og:type\" content=\"article\" \/>\n<meta property=\"og:title\" content=\"INSOMNIA estrena el thriller \u201cDe noche con el diablo\u201d escrita y dirigida por los hermanos Cairnes - Valpara\u00ed\u00adso Creativo\" \/>\n<meta property=\"og:description\" content=\"De noche con el diablo es el \u00faltimo estreno de terror de INSOMNIA Teatro Condell que, bajo la mirada de los directores australianos Colin y Cameron Cairnes, re\u00fane tres ingredientes espectaculares: Halloween, un late night show con entrevistados en vivo y la mejor m\u00fasica de la d\u00e9cada de los 70\u2019s. Calificada con un 96% en [&hellip;]\" \/>\n<meta property=\"og:url\" content=\"https:\/\/dev.antudigital.cl\/sites\/vc\/insomnia-estrena-el-thriller-de-noche-con-el-diablo-escrita-y-dirigida-por-los-hermanos-cairnes\/\" \/>\n<meta property=\"og:site_name\" content=\"Valpara\u00ed\u00adso Creativo\" \/>\n<meta property=\"article:published_time\" content=\"2024-07-15T19:17:54+00:00\" \/>\n<meta property=\"article:modified_time\" content=\"2024-07-15T19:18:15+00:00\" \/>\n<meta property=\"og:image\" content=\"https:\/\/dev.antudigital.cl\/sites\/vc\/wp-content\/uploads\/2024\/07\/Late-night-with-the-devil.jpg\" \/>\n\t<meta property=\"og:image:width\" content=\"1200\" \/>\n\t<meta property=\"og:image:height\" content=\"675\" \/>\n\t<meta property=\"og:image:type\" content=\"image\/jpeg\" \/>\n<meta name=\"author\" content=\"Valpara\u00edso Creativo\" \/>\n<meta name=\"twitter:card\" content=\"summary_large_image\" \/>\n<meta name=\"twitter:label1\" content=\"Escrito por\" \/>\n\t<meta name=\"twitter:data1\" content=\"Valpara\u00edso Creativo\" \/>\n\t<meta name=\"twitter:label2\" content=\"Tiempo de lectura\" \/>\n\t<meta name=\"twitter:data2\" content=\"4 minutos\" \/>\n<script type=\"application\/ld+json\" class=\"yoast-schema-graph\">{\"@context\":\"https:\/\/schema.org\",\"@graph\":[{\"@type\":\"Article\",\"@id\":\"https:\/\/dev.antudigital.cl\/sites\/vc\/insomnia-estrena-el-thriller-de-noche-con-el-diablo-escrita-y-dirigida-por-los-hermanos-cairnes\/#article\",\"isPartOf\":{\"@id\":\"https:\/\/dev.antudigital.cl\/sites\/vc\/insomnia-estrena-el-thriller-de-noche-con-el-diablo-escrita-y-dirigida-por-los-hermanos-cairnes\/\"},\"author\":{\"name\":\"Valpara\u00edso Creativo\",\"@id\":\"https:\/\/dev.antudigital.cl\/sites\/vc\/#\/schema\/person\/c2b9da8dd545e27166fc5ab232837318\"},\"headline\":\"INSOMNIA estrena el thriller \u201cDe noche con el diablo\u201d escrita y dirigida por los hermanos Cairnes\",\"datePublished\":\"2024-07-15T19:17:54+00:00\",\"dateModified\":\"2024-07-15T19:18:15+00:00\",\"mainEntityOfPage\":{\"@id\":\"https:\/\/dev.antudigital.cl\/sites\/vc\/insomnia-estrena-el-thriller-de-noche-con-el-diablo-escrita-y-dirigida-por-los-hermanos-cairnes\/\"},\"wordCount\":636,\"image\":{\"@id\":\"https:\/\/dev.antudigital.cl\/sites\/vc\/insomnia-estrena-el-thriller-de-noche-con-el-diablo-escrita-y-dirigida-por-los-hermanos-cairnes\/#primaryimage\"},\"thumbnailUrl\":\"https:\/\/dev.antudigital.cl\/sites\/vc\/wp-content\/uploads\/2024\/07\/Late-night-with-the-devil.jpg\",\"articleSection\":[\"Noticia\"],\"inLanguage\":\"es\"},{\"@type\":\"WebPage\",\"@id\":\"https:\/\/dev.antudigital.cl\/sites\/vc\/insomnia-estrena-el-thriller-de-noche-con-el-diablo-escrita-y-dirigida-por-los-hermanos-cairnes\/\",\"url\":\"https:\/\/dev.antudigital.cl\/sites\/vc\/insomnia-estrena-el-thriller-de-noche-con-el-diablo-escrita-y-dirigida-por-los-hermanos-cairnes\/\",\"name\":\"INSOMNIA estrena el thriller \u201cDe noche con el diablo\u201d escrita y dirigida por los hermanos Cairnes - Valpara\u00ed\u00adso Creativo\",\"isPartOf\":{\"@id\":\"https:\/\/dev.antudigital.cl\/sites\/vc\/#website\"},\"primaryImageOfPage\":{\"@id\":\"https:\/\/dev.antudigital.cl\/sites\/vc\/insomnia-estrena-el-thriller-de-noche-con-el-diablo-escrita-y-dirigida-por-los-hermanos-cairnes\/#primaryimage\"},\"image\":{\"@id\":\"https:\/\/dev.antudigital.cl\/sites\/vc\/insomnia-estrena-el-thriller-de-noche-con-el-diablo-escrita-y-dirigida-por-los-hermanos-cairnes\/#primaryimage\"},\"thumbnailUrl\":\"https:\/\/dev.antudigital.cl\/sites\/vc\/wp-content\/uploads\/2024\/07\/Late-night-with-the-devil.jpg\",\"datePublished\":\"2024-07-15T19:17:54+00:00\",\"dateModified\":\"2024-07-15T19:18:15+00:00\",\"author\":{\"@id\":\"https:\/\/dev.antudigital.cl\/sites\/vc\/#\/schema\/person\/c2b9da8dd545e27166fc5ab232837318\"},\"breadcrumb\":{\"@id\":\"https:\/\/dev.antudigital.cl\/sites\/vc\/insomnia-estrena-el-thriller-de-noche-con-el-diablo-escrita-y-dirigida-por-los-hermanos-cairnes\/#breadcrumb\"},\"inLanguage\":\"es\",\"potentialAction\":[{\"@type\":\"ReadAction\",\"target\":[\"https:\/\/dev.antudigital.cl\/sites\/vc\/insomnia-estrena-el-thriller-de-noche-con-el-diablo-escrita-y-dirigida-por-los-hermanos-cairnes\/\"]}]},{\"@type\":\"ImageObject\",\"inLanguage\":\"es\",\"@id\":\"https:\/\/dev.antudigital.cl\/sites\/vc\/insomnia-estrena-el-thriller-de-noche-con-el-diablo-escrita-y-dirigida-por-los-hermanos-cairnes\/#primaryimage\",\"url\":\"https:\/\/dev.antudigital.cl\/sites\/vc\/wp-content\/uploads\/2024\/07\/Late-night-with-the-devil.jpg\",\"contentUrl\":\"https:\/\/dev.antudigital.cl\/sites\/vc\/wp-content\/uploads\/2024\/07\/Late-night-with-the-devil.jpg\",\"width\":1200,\"height\":675},{\"@type\":\"BreadcrumbList\",\"@id\":\"https:\/\/dev.antudigital.cl\/sites\/vc\/insomnia-estrena-el-thriller-de-noche-con-el-diablo-escrita-y-dirigida-por-los-hermanos-cairnes\/#breadcrumb\",\"itemListElement\":[{\"@type\":\"ListItem\",\"position\":1,\"name\":\"Home\",\"item\":\"https:\/\/dev.antudigital.cl\/sites\/vc\/\"},{\"@type\":\"ListItem\",\"position\":2,\"name\":\"INSOMNIA estrena el thriller \u201cDe noche con el diablo\u201d escrita y dirigida por los hermanos Cairnes\"}]},{\"@type\":\"WebSite\",\"@id\":\"https:\/\/dev.antudigital.cl\/sites\/vc\/#website\",\"url\":\"https:\/\/dev.antudigital.cl\/sites\/vc\/\",\"name\":\"Valpara\u00ed\u00adso Creativo\",\"description\":\"\",\"potentialAction\":[{\"@type\":\"SearchAction\",\"target\":{\"@type\":\"EntryPoint\",\"urlTemplate\":\"https:\/\/dev.antudigital.cl\/sites\/vc\/?s={search_term_string}\"},\"query-input\":{\"@type\":\"PropertyValueSpecification\",\"valueRequired\":true,\"valueName\":\"search_term_string\"}}],\"inLanguage\":\"es\"},{\"@type\":\"Person\",\"@id\":\"https:\/\/dev.antudigital.cl\/sites\/vc\/#\/schema\/person\/c2b9da8dd545e27166fc5ab232837318\",\"name\":\"Valpara\u00edso Creativo\",\"description\":\"Periodista de cultura en la Regi\u00f3n de Valpara\u00edso.\",\"url\":\"https:\/\/dev.antudigital.cl\/sites\/vc\/author\/valpoadmin\/\"}]}<\/script>\n<!-- \/ Yoast SEO plugin. -->","yoast_head_json":{"title":"INSOMNIA estrena el thriller \u201cDe noche con el diablo\u201d escrita y dirigida por los hermanos Cairnes - Valpara\u00ed\u00adso Creativo","robots":{"index":"index","follow":"follow","max-snippet":"max-snippet:-1","max-image-preview":"max-image-preview:large","max-video-preview":"max-video-preview:-1"},"canonical":"https:\/\/dev.antudigital.cl\/sites\/vc\/insomnia-estrena-el-thriller-de-noche-con-el-diablo-escrita-y-dirigida-por-los-hermanos-cairnes\/","og_locale":"es_ES","og_type":"article","og_title":"INSOMNIA estrena el thriller \u201cDe noche con el diablo\u201d escrita y dirigida por los hermanos Cairnes - Valpara\u00ed\u00adso Creativo","og_description":"De noche con el diablo es el \u00faltimo estreno de terror de INSOMNIA Teatro Condell que, bajo la mirada de los directores australianos Colin y Cameron Cairnes, re\u00fane tres ingredientes espectaculares: Halloween, un late night show con entrevistados en vivo y la mejor m\u00fasica de la d\u00e9cada de los 70\u2019s. Calificada con un 96% en [&hellip;]","og_url":"https:\/\/dev.antudigital.cl\/sites\/vc\/insomnia-estrena-el-thriller-de-noche-con-el-diablo-escrita-y-dirigida-por-los-hermanos-cairnes\/","og_site_name":"Valpara\u00ed\u00adso Creativo","article_published_time":"2024-07-15T19:17:54+00:00","article_modified_time":"2024-07-15T19:18:15+00:00","og_image":[{"width":1200,"height":675,"url":"https:\/\/dev.antudigital.cl\/sites\/vc\/wp-content\/uploads\/2024\/07\/Late-night-with-the-devil.jpg","type":"image\/jpeg"}],"author":"Valpara\u00edso Creativo","twitter_card":"summary_large_image","twitter_misc":{"Escrito por":"Valpara\u00edso Creativo","Tiempo de lectura":"4 minutos"},"schema":{"@context":"https:\/\/schema.org","@graph":[{"@type":"Article","@id":"https:\/\/dev.antudigital.cl\/sites\/vc\/insomnia-estrena-el-thriller-de-noche-con-el-diablo-escrita-y-dirigida-por-los-hermanos-cairnes\/#article","isPartOf":{"@id":"https:\/\/dev.antudigital.cl\/sites\/vc\/insomnia-estrena-el-thriller-de-noche-con-el-diablo-escrita-y-dirigida-por-los-hermanos-cairnes\/"},"author":{"name":"Valpara\u00edso Creativo","@id":"https:\/\/dev.antudigital.cl\/sites\/vc\/#\/schema\/person\/c2b9da8dd545e27166fc5ab232837318"},"headline":"INSOMNIA estrena el thriller \u201cDe noche con el diablo\u201d escrita y dirigida por los hermanos Cairnes","datePublished":"2024-07-15T19:17:54+00:00","dateModified":"2024-07-15T19:18:15+00:00","mainEntityOfPage":{"@id":"https:\/\/dev.antudigital.cl\/sites\/vc\/insomnia-estrena-el-thriller-de-noche-con-el-diablo-escrita-y-dirigida-por-los-hermanos-cairnes\/"},"wordCount":636,"image":{"@id":"https:\/\/dev.antudigital.cl\/sites\/vc\/insomnia-estrena-el-thriller-de-noche-con-el-diablo-escrita-y-dirigida-por-los-hermanos-cairnes\/#primaryimage"},"thumbnailUrl":"https:\/\/dev.antudigital.cl\/sites\/vc\/wp-content\/uploads\/2024\/07\/Late-night-with-the-devil.jpg","articleSection":["Noticia"],"inLanguage":"es"},{"@type":"WebPage","@id":"https:\/\/dev.antudigital.cl\/sites\/vc\/insomnia-estrena-el-thriller-de-noche-con-el-diablo-escrita-y-dirigida-por-los-hermanos-cairnes\/","url":"https:\/\/dev.antudigital.cl\/sites\/vc\/insomnia-estrena-el-thriller-de-noche-con-el-diablo-escrita-y-dirigida-por-los-hermanos-cairnes\/","name":"INSOMNIA estrena el thriller \u201cDe noche con el diablo\u201d escrita y dirigida por los hermanos Cairnes - Valpara\u00ed\u00adso Creativo","isPartOf":{"@id":"https:\/\/dev.antudigital.cl\/sites\/vc\/#website"},"primaryImageOfPage":{"@id":"https:\/\/dev.antudigital.cl\/sites\/vc\/insomnia-estrena-el-thriller-de-noche-con-el-diablo-escrita-y-dirigida-por-los-hermanos-cairnes\/#primaryimage"},"image":{"@id":"https:\/\/dev.antudigital.cl\/sites\/vc\/insomnia-estrena-el-thriller-de-noche-con-el-diablo-escrita-y-dirigida-por-los-hermanos-cairnes\/#primaryimage"},"thumbnailUrl":"https:\/\/dev.antudigital.cl\/sites\/vc\/wp-content\/uploads\/2024\/07\/Late-night-with-the-devil.jpg","datePublished":"2024-07-15T19:17:54+00:00","dateModified":"2024-07-15T19:18:15+00:00","author":{"@id":"https:\/\/dev.antudigital.cl\/sites\/vc\/#\/schema\/person\/c2b9da8dd545e27166fc5ab232837318"},"breadcrumb":{"@id":"https:\/\/dev.antudigital.cl\/sites\/vc\/insomnia-estrena-el-thriller-de-noche-con-el-diablo-escrita-y-dirigida-por-los-hermanos-cairnes\/#breadcrumb"},"inLanguage":"es","potentialAction":[{"@type":"ReadAction","target":["https:\/\/dev.antudigital.cl\/sites\/vc\/insomnia-estrena-el-thriller-de-noche-con-el-diablo-escrita-y-dirigida-por-los-hermanos-cairnes\/"]}]},{"@type":"ImageObject","inLanguage":"es","@id":"https:\/\/dev.antudigital.cl\/sites\/vc\/insomnia-estrena-el-thriller-de-noche-con-el-diablo-escrita-y-dirigida-por-los-hermanos-cairnes\/#primaryimage","url":"https:\/\/dev.antudigital.cl\/sites\/vc\/wp-content\/uploads\/2024\/07\/Late-night-with-the-devil.jpg","contentUrl":"https:\/\/dev.antudigital.cl\/sites\/vc\/wp-content\/uploads\/2024\/07\/Late-night-with-the-devil.jpg","width":1200,"height":675},{"@type":"BreadcrumbList","@id":"https:\/\/dev.antudigital.cl\/sites\/vc\/insomnia-estrena-el-thriller-de-noche-con-el-diablo-escrita-y-dirigida-por-los-hermanos-cairnes\/#breadcrumb","itemListElement":[{"@type":"ListItem","position":1,"name":"Home","item":"https:\/\/dev.antudigital.cl\/sites\/vc\/"},{"@type":"ListItem","position":2,"name":"INSOMNIA estrena el thriller \u201cDe noche con el diablo\u201d escrita y dirigida por los hermanos Cairnes"}]},{"@type":"WebSite","@id":"https:\/\/dev.antudigital.cl\/sites\/vc\/#website","url":"https:\/\/dev.antudigital.cl\/sites\/vc\/","name":"Valpara\u00ed\u00adso Creativo","description":"","potentialAction":[{"@type":"SearchAction","target":{"@type":"EntryPoint","urlTemplate":"https:\/\/dev.antudigital.cl\/sites\/vc\/?s={search_term_string}"},"query-input":{"@type":"PropertyValueSpecification","valueRequired":true,"valueName":"search_term_string"}}],"inLanguage":"es"},{"@type":"Person","@id":"https:\/\/dev.antudigital.cl\/sites\/vc\/#\/schema\/person\/c2b9da8dd545e27166fc5ab232837318","name":"Valpara\u00edso Creativo","description":"Periodista de cultura en la Regi\u00f3n de Valpara\u00edso.","url":"https:\/\/dev.antudigital.cl\/sites\/vc\/author\/valpoadmin\/"}]}},"_links":{"self":[{"href":"https:\/\/dev.antudigital.cl\/sites\/vc\/wp-json\/wp\/v2\/posts\/19721","targetHints":{"allow":["GET"]}}],"collection":[{"href":"https:\/\/dev.antudigital.cl\/sites\/vc\/wp-json\/wp\/v2\/posts"}],"about":[{"href":"https:\/\/dev.antudigital.cl\/sites\/vc\/wp-json\/wp\/v2\/types\/post"}],"author":[{"embeddable":true,"href":"https:\/\/dev.antudigital.cl\/sites\/vc\/wp-json\/wp\/v2\/users\/1"}],"replies":[{"embeddable":true,"href":"https:\/\/dev.antudigital.cl\/sites\/vc\/wp-json\/wp\/v2\/comments?post=19721"}],"version-history":[{"count":1,"href":"https:\/\/dev.antudigital.cl\/sites\/vc\/wp-json\/wp\/v2\/posts\/19721\/revisions"}],"predecessor-version":[{"id":19724,"href":"https:\/\/dev.antudigital.cl\/sites\/vc\/wp-json\/wp\/v2\/posts\/19721\/revisions\/19724"}],"wp:featuredmedia":[{"embeddable":true,"href":"https:\/\/dev.antudigital.cl\/sites\/vc\/wp-json\/wp\/v2\/media\/19722"}],"wp:attachment":[{"href":"https:\/\/dev.antudigital.cl\/sites\/vc\/wp-json\/wp\/v2\/media?parent=19721"}],"wp:term":[{"taxonomy":"category","embeddable":true,"href":"https:\/\/dev.antudigital.cl\/sites\/vc\/wp-json\/wp\/v2\/categories?post=19721"},{"taxonomy":"post_tag","embeddable":true,"href":"https:\/\/dev.antudigital.cl\/sites\/vc\/wp-json\/wp\/v2\/tags?post=19721"}],"curies":[{"name":"wp","href":"https:\/\/api.w.org\/{rel}","templated":true}]}}