{"id":19725,"date":"2024-07-15T19:32:47","date_gmt":"2024-07-15T19:32:47","guid":{"rendered":"https:\/\/www.valparaisocreativo.cl\/?p=19725"},"modified":"2024-07-15T19:33:04","modified_gmt":"2024-07-15T19:33:04","slug":"forma-y-color-es-una-exposicion-que-celebra-la-multiplicidad-y-riqueza-de-la-expresion-pictorica","status":"publish","type":"post","link":"https:\/\/dev.antudigital.cl\/sites\/vc\/forma-y-color-es-una-exposicion-que-celebra-la-multiplicidad-y-riqueza-de-la-expresion-pictorica\/","title":{"rendered":"\u00abForma y Color\u201d es una exposici\u00f3n que celebra la multiplicidad y\u00a0\u00a0riqueza de la expresi\u00f3n pict\u00f3rica"},"content":{"rendered":"\n<p>Una velada m\u00e1gica los espera. Este<strong>&nbsp;17 de julio a las 19:00 horas&nbsp;<\/strong>abrimos las puertas de \u201cForma y Color\u201d, una exposici\u00f3n que promete llevarlos en un viaje visual lleno de creatividad y autenticidad.<\/p>\n\n\n\n<p>Esta muestra presenta una colecci\u00f3n de obras de m\u00faltiples estilos, t\u00e9cnicas y procesos creativos de m\u00e1s de 30 artistas de Vi\u00f1a del Mar. Desde el \u00f3leo al acr\u00edlico y a la acuarela, los y las participantes abarcan diferentes estilos pict\u00f3ricos para presentar en esta exhibici\u00f3n que celebra el segundo aniversario de la Academia Forma Color de Vi\u00f1a del Mar.&nbsp;<\/p>\n\n\n\n<p>La exposici\u00f3n estar\u00e1 desde el mi\u00e9rcoles 17 de julio hasta el domingo 21 de julio desde las 10 am hasta las 19:00 pm y todas las obras estar\u00e1n a la venta.<\/p>\n\n\n\n<p>Esperamos contar con su valiosa presencia y cobertura en esta noche que celebra el arte. Para m\u00e1s informaci\u00f3n o coordinaci\u00f3n de entrevistas, no duden en contactarnos.<\/p>\n\n\n\n<p><strong>Ficha t\u00e9cnica:&nbsp;<\/strong><\/p>\n\n\n\n<p>\u201cForma y Color\u201d es una exposici\u00f3n que celebra la multiplicidad y&nbsp;&nbsp;riqueza de la expresi\u00f3n pict\u00f3rica.<\/p>\n\n\n\n<p>&nbsp;En esta muestra, presentamos una colecci\u00f3n de obras que abarcan m\u00faltiples estilos pict\u00f3ricos, un testimonio del vasto espectro de la creatividad del Ser.<\/p>\n\n\n\n<p>La selecci\u00f3n de obras presentadas dan cuenta del manejo de temperaturas, espacialidades, proporciones y colorimetr\u00eda.<\/p>\n\n\n\n<p>No solo vemos t\u00e9cnica. Destacan por la profundidad y sinceridad de sus procesos creativos.&nbsp;<\/p>\n\n\n\n<p>Las artistas aqu\u00ed presentadas han volcado su esencia en cada trazo, en cada mezcla de color, en cada detalle meticulosamente cuidado, predominando la expresi\u00f3n personal, abriendo un fascinante y atractivo mundo para un observador de ojos inquietos en b\u00fasqueda de la introspecci\u00f3n.<\/p>\n\n\n\n<p>Desde los valores m\u00e1s saturados, atravesando la calidez que evoca emociones intensas, hasta los espacios fr\u00edos que invitan a la reflexi\u00f3n, cada obra es una ventana a un universo sugestivo y personal.<\/p>\n\n\n\n<p>\u201cForma y Color\u201des una ovaci\u00f3n a la creatividad y la autenticidad del trazo. Es un espacio donde el arte se convierte en un di\u00e1logo sincero entre el artista y el espectador, una conversaci\u00f3n transversal entre el tiempo&nbsp;y&nbsp;este&nbsp;espacio.<\/p>\n\n\n\n<p>Curadora: Thelma Arias Cobi\u00e1n<\/p>\n\n\n\n<p><strong>Detalles del evento:<\/strong><\/p>\n\n\n\n<p>Fecha: 17 de julio del 2024<\/p>\n\n\n\n<p>Hora: 19:00 hrs.<\/p>\n\n\n\n<p>Ubicaci\u00f3n: 1 Oriente #252, entre 3 y 4 norte<\/p>\n\n\n\n<figure class=\"wp-block-image size-large\"><img fetchpriority=\"high\" decoding=\"async\" width=\"683\" height=\"1024\" src=\"https:\/\/www.valparaisocreativo.cl\/wp-content\/uploads\/2024\/07\/image_6483441-683x1024.jpg\" alt=\"\" class=\"wp-image-19734\" srcset=\"https:\/\/dev.antudigital.cl\/sites\/vc\/wp-content\/uploads\/2024\/07\/image_6483441-683x1024.jpg 683w, https:\/\/dev.antudigital.cl\/sites\/vc\/wp-content\/uploads\/2024\/07\/image_6483441-200x300.jpg 200w, https:\/\/dev.antudigital.cl\/sites\/vc\/wp-content\/uploads\/2024\/07\/image_6483441-768x1152.jpg 768w, https:\/\/dev.antudigital.cl\/sites\/vc\/wp-content\/uploads\/2024\/07\/image_6483441-1024x1536.jpg 1024w, https:\/\/dev.antudigital.cl\/sites\/vc\/wp-content\/uploads\/2024\/07\/image_6483441-1080x1620.jpg 1080w, https:\/\/dev.antudigital.cl\/sites\/vc\/wp-content\/uploads\/2024\/07\/image_6483441-980x1470.jpg 980w, https:\/\/dev.antudigital.cl\/sites\/vc\/wp-content\/uploads\/2024\/07\/image_6483441-480x720.jpg 480w, https:\/\/dev.antudigital.cl\/sites\/vc\/wp-content\/uploads\/2024\/07\/image_6483441-16x24.jpg 16w, https:\/\/dev.antudigital.cl\/sites\/vc\/wp-content\/uploads\/2024\/07\/image_6483441-24x36.jpg 24w, https:\/\/dev.antudigital.cl\/sites\/vc\/wp-content\/uploads\/2024\/07\/image_6483441-32x48.jpg 32w, https:\/\/dev.antudigital.cl\/sites\/vc\/wp-content\/uploads\/2024\/07\/image_6483441.jpg 1200w\" sizes=\"(max-width: 683px) 100vw, 683px\" \/><\/figure>\n","protected":false},"excerpt":{"rendered":"<p>Una velada m\u00e1gica los espera. Este&nbsp;17 de julio a las 19:00 horas&nbsp;abrimos las puertas de \u201cForma y Color\u201d, una exposici\u00f3n que promete llevarlos en un viaje visual lleno de creatividad y autenticidad. Esta muestra presenta una colecci\u00f3n de obras de m\u00faltiples estilos, t\u00e9cnicas y procesos creativos de m\u00e1s de 30 artistas de Vi\u00f1a del Mar. [&hellip;]<\/p>\n","protected":false},"author":1,"featured_media":19733,"comment_status":"closed","ping_status":"closed","sticky":false,"template":"","format":"standard","meta":{"_acf_changed":false,"footnotes":""},"categories":[8],"tags":[],"class_list":["post-19725","post","type-post","status-publish","format-standard","has-post-thumbnail","hentry","category-noticia"],"acf":[],"yoast_head":"<!-- This site is optimized with the Yoast SEO plugin v27.1.1 - https:\/\/yoast.com\/product\/yoast-seo-wordpress\/ -->\n<title>&quot;Forma y Color\u201d es una exposici\u00f3n que celebra la multiplicidad y\u00a0\u00a0riqueza de la expresi\u00f3n pict\u00f3rica - Valpara\u00ed\u00adso Creativo<\/title>\n<meta name=\"robots\" content=\"index, follow, max-snippet:-1, max-image-preview:large, max-video-preview:-1\" \/>\n<link rel=\"canonical\" href=\"https:\/\/dev.antudigital.cl\/sites\/vc\/forma-y-color-es-una-exposicion-que-celebra-la-multiplicidad-y-riqueza-de-la-expresion-pictorica\/\" \/>\n<meta property=\"og:locale\" content=\"es_ES\" \/>\n<meta property=\"og:type\" content=\"article\" \/>\n<meta property=\"og:title\" content=\"&quot;Forma y Color\u201d es una exposici\u00f3n que celebra la multiplicidad y\u00a0\u00a0riqueza de la expresi\u00f3n pict\u00f3rica - Valpara\u00ed\u00adso Creativo\" \/>\n<meta property=\"og:description\" content=\"Una velada m\u00e1gica los espera. Este&nbsp;17 de julio a las 19:00 horas&nbsp;abrimos las puertas de \u201cForma y Color\u201d, una exposici\u00f3n que promete llevarlos en un viaje visual lleno de creatividad y autenticidad. Esta muestra presenta una colecci\u00f3n de obras de m\u00faltiples estilos, t\u00e9cnicas y procesos creativos de m\u00e1s de 30 artistas de Vi\u00f1a del Mar. [&hellip;]\" \/>\n<meta property=\"og:url\" content=\"https:\/\/dev.antudigital.cl\/sites\/vc\/forma-y-color-es-una-exposicion-que-celebra-la-multiplicidad-y-riqueza-de-la-expresion-pictorica\/\" \/>\n<meta property=\"og:site_name\" content=\"Valpara\u00ed\u00adso Creativo\" \/>\n<meta property=\"article:published_time\" content=\"2024-07-15T19:32:47+00:00\" \/>\n<meta property=\"article:modified_time\" content=\"2024-07-15T19:33:04+00:00\" \/>\n<meta property=\"og:image\" content=\"https:\/\/dev.antudigital.cl\/sites\/vc\/wp-content\/uploads\/2024\/07\/Captura-de-Pantalla-2024-07-15-a-las-15.31.16.png\" \/>\n\t<meta property=\"og:image:width\" content=\"700\" \/>\n\t<meta property=\"og:image:height\" content=\"336\" \/>\n\t<meta property=\"og:image:type\" content=\"image\/png\" \/>\n<meta name=\"author\" content=\"Valpara\u00edso Creativo\" \/>\n<meta name=\"twitter:card\" content=\"summary_large_image\" \/>\n<meta name=\"twitter:label1\" content=\"Escrito por\" \/>\n\t<meta name=\"twitter:data1\" content=\"Valpara\u00edso Creativo\" \/>\n\t<meta name=\"twitter:label2\" content=\"Tiempo de lectura\" \/>\n\t<meta name=\"twitter:data2\" content=\"3 minutos\" \/>\n<script type=\"application\/ld+json\" class=\"yoast-schema-graph\">{\"@context\":\"https:\/\/schema.org\",\"@graph\":[{\"@type\":\"Article\",\"@id\":\"https:\/\/dev.antudigital.cl\/sites\/vc\/forma-y-color-es-una-exposicion-que-celebra-la-multiplicidad-y-riqueza-de-la-expresion-pictorica\/#article\",\"isPartOf\":{\"@id\":\"https:\/\/dev.antudigital.cl\/sites\/vc\/forma-y-color-es-una-exposicion-que-celebra-la-multiplicidad-y-riqueza-de-la-expresion-pictorica\/\"},\"author\":{\"name\":\"Valpara\u00edso Creativo\",\"@id\":\"https:\/\/dev.antudigital.cl\/sites\/vc\/#\/schema\/person\/c2b9da8dd545e27166fc5ab232837318\"},\"headline\":\"\u00abForma y Color\u201d es una exposici\u00f3n que celebra la multiplicidad y\u00a0\u00a0riqueza de la expresi\u00f3n pict\u00f3rica\",\"datePublished\":\"2024-07-15T19:32:47+00:00\",\"dateModified\":\"2024-07-15T19:33:04+00:00\",\"mainEntityOfPage\":{\"@id\":\"https:\/\/dev.antudigital.cl\/sites\/vc\/forma-y-color-es-una-exposicion-que-celebra-la-multiplicidad-y-riqueza-de-la-expresion-pictorica\/\"},\"wordCount\":414,\"image\":{\"@id\":\"https:\/\/dev.antudigital.cl\/sites\/vc\/forma-y-color-es-una-exposicion-que-celebra-la-multiplicidad-y-riqueza-de-la-expresion-pictorica\/#primaryimage\"},\"thumbnailUrl\":\"https:\/\/dev.antudigital.cl\/sites\/vc\/wp-content\/uploads\/2024\/07\/Captura-de-Pantalla-2024-07-15-a-las-15.31.16.png\",\"articleSection\":[\"Noticia\"],\"inLanguage\":\"es\"},{\"@type\":\"WebPage\",\"@id\":\"https:\/\/dev.antudigital.cl\/sites\/vc\/forma-y-color-es-una-exposicion-que-celebra-la-multiplicidad-y-riqueza-de-la-expresion-pictorica\/\",\"url\":\"https:\/\/dev.antudigital.cl\/sites\/vc\/forma-y-color-es-una-exposicion-que-celebra-la-multiplicidad-y-riqueza-de-la-expresion-pictorica\/\",\"name\":\"\\\"Forma y Color\u201d es una exposici\u00f3n que celebra la multiplicidad y\u00a0\u00a0riqueza de la expresi\u00f3n pict\u00f3rica - Valpara\u00ed\u00adso Creativo\",\"isPartOf\":{\"@id\":\"https:\/\/dev.antudigital.cl\/sites\/vc\/#website\"},\"primaryImageOfPage\":{\"@id\":\"https:\/\/dev.antudigital.cl\/sites\/vc\/forma-y-color-es-una-exposicion-que-celebra-la-multiplicidad-y-riqueza-de-la-expresion-pictorica\/#primaryimage\"},\"image\":{\"@id\":\"https:\/\/dev.antudigital.cl\/sites\/vc\/forma-y-color-es-una-exposicion-que-celebra-la-multiplicidad-y-riqueza-de-la-expresion-pictorica\/#primaryimage\"},\"thumbnailUrl\":\"https:\/\/dev.antudigital.cl\/sites\/vc\/wp-content\/uploads\/2024\/07\/Captura-de-Pantalla-2024-07-15-a-las-15.31.16.png\",\"datePublished\":\"2024-07-15T19:32:47+00:00\",\"dateModified\":\"2024-07-15T19:33:04+00:00\",\"author\":{\"@id\":\"https:\/\/dev.antudigital.cl\/sites\/vc\/#\/schema\/person\/c2b9da8dd545e27166fc5ab232837318\"},\"breadcrumb\":{\"@id\":\"https:\/\/dev.antudigital.cl\/sites\/vc\/forma-y-color-es-una-exposicion-que-celebra-la-multiplicidad-y-riqueza-de-la-expresion-pictorica\/#breadcrumb\"},\"inLanguage\":\"es\",\"potentialAction\":[{\"@type\":\"ReadAction\",\"target\":[\"https:\/\/dev.antudigital.cl\/sites\/vc\/forma-y-color-es-una-exposicion-que-celebra-la-multiplicidad-y-riqueza-de-la-expresion-pictorica\/\"]}]},{\"@type\":\"ImageObject\",\"inLanguage\":\"es\",\"@id\":\"https:\/\/dev.antudigital.cl\/sites\/vc\/forma-y-color-es-una-exposicion-que-celebra-la-multiplicidad-y-riqueza-de-la-expresion-pictorica\/#primaryimage\",\"url\":\"https:\/\/dev.antudigital.cl\/sites\/vc\/wp-content\/uploads\/2024\/07\/Captura-de-Pantalla-2024-07-15-a-las-15.31.16.png\",\"contentUrl\":\"https:\/\/dev.antudigital.cl\/sites\/vc\/wp-content\/uploads\/2024\/07\/Captura-de-Pantalla-2024-07-15-a-las-15.31.16.png\",\"width\":700,\"height\":336},{\"@type\":\"BreadcrumbList\",\"@id\":\"https:\/\/dev.antudigital.cl\/sites\/vc\/forma-y-color-es-una-exposicion-que-celebra-la-multiplicidad-y-riqueza-de-la-expresion-pictorica\/#breadcrumb\",\"itemListElement\":[{\"@type\":\"ListItem\",\"position\":1,\"name\":\"Home\",\"item\":\"https:\/\/dev.antudigital.cl\/sites\/vc\/\"},{\"@type\":\"ListItem\",\"position\":2,\"name\":\"\u00abForma y Color\u201d es una exposici\u00f3n que celebra la multiplicidad y\u00a0\u00a0riqueza de la expresi\u00f3n pict\u00f3rica\"}]},{\"@type\":\"WebSite\",\"@id\":\"https:\/\/dev.antudigital.cl\/sites\/vc\/#website\",\"url\":\"https:\/\/dev.antudigital.cl\/sites\/vc\/\",\"name\":\"Valpara\u00ed\u00adso Creativo\",\"description\":\"\",\"potentialAction\":[{\"@type\":\"SearchAction\",\"target\":{\"@type\":\"EntryPoint\",\"urlTemplate\":\"https:\/\/dev.antudigital.cl\/sites\/vc\/?s={search_term_string}\"},\"query-input\":{\"@type\":\"PropertyValueSpecification\",\"valueRequired\":true,\"valueName\":\"search_term_string\"}}],\"inLanguage\":\"es\"},{\"@type\":\"Person\",\"@id\":\"https:\/\/dev.antudigital.cl\/sites\/vc\/#\/schema\/person\/c2b9da8dd545e27166fc5ab232837318\",\"name\":\"Valpara\u00edso Creativo\",\"description\":\"Periodista de cultura en la Regi\u00f3n de Valpara\u00edso.\",\"url\":\"https:\/\/dev.antudigital.cl\/sites\/vc\/author\/valpoadmin\/\"}]}<\/script>\n<!-- \/ Yoast SEO plugin. -->","yoast_head_json":{"title":"\"Forma y Color\u201d es una exposici\u00f3n que celebra la multiplicidad y\u00a0\u00a0riqueza de la expresi\u00f3n pict\u00f3rica - Valpara\u00ed\u00adso Creativo","robots":{"index":"index","follow":"follow","max-snippet":"max-snippet:-1","max-image-preview":"max-image-preview:large","max-video-preview":"max-video-preview:-1"},"canonical":"https:\/\/dev.antudigital.cl\/sites\/vc\/forma-y-color-es-una-exposicion-que-celebra-la-multiplicidad-y-riqueza-de-la-expresion-pictorica\/","og_locale":"es_ES","og_type":"article","og_title":"\"Forma y Color\u201d es una exposici\u00f3n que celebra la multiplicidad y\u00a0\u00a0riqueza de la expresi\u00f3n pict\u00f3rica - Valpara\u00ed\u00adso Creativo","og_description":"Una velada m\u00e1gica los espera. Este&nbsp;17 de julio a las 19:00 horas&nbsp;abrimos las puertas de \u201cForma y Color\u201d, una exposici\u00f3n que promete llevarlos en un viaje visual lleno de creatividad y autenticidad. Esta muestra presenta una colecci\u00f3n de obras de m\u00faltiples estilos, t\u00e9cnicas y procesos creativos de m\u00e1s de 30 artistas de Vi\u00f1a del Mar. [&hellip;]","og_url":"https:\/\/dev.antudigital.cl\/sites\/vc\/forma-y-color-es-una-exposicion-que-celebra-la-multiplicidad-y-riqueza-de-la-expresion-pictorica\/","og_site_name":"Valpara\u00ed\u00adso Creativo","article_published_time":"2024-07-15T19:32:47+00:00","article_modified_time":"2024-07-15T19:33:04+00:00","og_image":[{"width":700,"height":336,"url":"https:\/\/dev.antudigital.cl\/sites\/vc\/wp-content\/uploads\/2024\/07\/Captura-de-Pantalla-2024-07-15-a-las-15.31.16.png","type":"image\/png"}],"author":"Valpara\u00edso Creativo","twitter_card":"summary_large_image","twitter_misc":{"Escrito por":"Valpara\u00edso Creativo","Tiempo de lectura":"3 minutos"},"schema":{"@context":"https:\/\/schema.org","@graph":[{"@type":"Article","@id":"https:\/\/dev.antudigital.cl\/sites\/vc\/forma-y-color-es-una-exposicion-que-celebra-la-multiplicidad-y-riqueza-de-la-expresion-pictorica\/#article","isPartOf":{"@id":"https:\/\/dev.antudigital.cl\/sites\/vc\/forma-y-color-es-una-exposicion-que-celebra-la-multiplicidad-y-riqueza-de-la-expresion-pictorica\/"},"author":{"name":"Valpara\u00edso Creativo","@id":"https:\/\/dev.antudigital.cl\/sites\/vc\/#\/schema\/person\/c2b9da8dd545e27166fc5ab232837318"},"headline":"\u00abForma y Color\u201d es una exposici\u00f3n que celebra la multiplicidad y\u00a0\u00a0riqueza de la expresi\u00f3n pict\u00f3rica","datePublished":"2024-07-15T19:32:47+00:00","dateModified":"2024-07-15T19:33:04+00:00","mainEntityOfPage":{"@id":"https:\/\/dev.antudigital.cl\/sites\/vc\/forma-y-color-es-una-exposicion-que-celebra-la-multiplicidad-y-riqueza-de-la-expresion-pictorica\/"},"wordCount":414,"image":{"@id":"https:\/\/dev.antudigital.cl\/sites\/vc\/forma-y-color-es-una-exposicion-que-celebra-la-multiplicidad-y-riqueza-de-la-expresion-pictorica\/#primaryimage"},"thumbnailUrl":"https:\/\/dev.antudigital.cl\/sites\/vc\/wp-content\/uploads\/2024\/07\/Captura-de-Pantalla-2024-07-15-a-las-15.31.16.png","articleSection":["Noticia"],"inLanguage":"es"},{"@type":"WebPage","@id":"https:\/\/dev.antudigital.cl\/sites\/vc\/forma-y-color-es-una-exposicion-que-celebra-la-multiplicidad-y-riqueza-de-la-expresion-pictorica\/","url":"https:\/\/dev.antudigital.cl\/sites\/vc\/forma-y-color-es-una-exposicion-que-celebra-la-multiplicidad-y-riqueza-de-la-expresion-pictorica\/","name":"\"Forma y Color\u201d es una exposici\u00f3n que celebra la multiplicidad y\u00a0\u00a0riqueza de la expresi\u00f3n pict\u00f3rica - Valpara\u00ed\u00adso Creativo","isPartOf":{"@id":"https:\/\/dev.antudigital.cl\/sites\/vc\/#website"},"primaryImageOfPage":{"@id":"https:\/\/dev.antudigital.cl\/sites\/vc\/forma-y-color-es-una-exposicion-que-celebra-la-multiplicidad-y-riqueza-de-la-expresion-pictorica\/#primaryimage"},"image":{"@id":"https:\/\/dev.antudigital.cl\/sites\/vc\/forma-y-color-es-una-exposicion-que-celebra-la-multiplicidad-y-riqueza-de-la-expresion-pictorica\/#primaryimage"},"thumbnailUrl":"https:\/\/dev.antudigital.cl\/sites\/vc\/wp-content\/uploads\/2024\/07\/Captura-de-Pantalla-2024-07-15-a-las-15.31.16.png","datePublished":"2024-07-15T19:32:47+00:00","dateModified":"2024-07-15T19:33:04+00:00","author":{"@id":"https:\/\/dev.antudigital.cl\/sites\/vc\/#\/schema\/person\/c2b9da8dd545e27166fc5ab232837318"},"breadcrumb":{"@id":"https:\/\/dev.antudigital.cl\/sites\/vc\/forma-y-color-es-una-exposicion-que-celebra-la-multiplicidad-y-riqueza-de-la-expresion-pictorica\/#breadcrumb"},"inLanguage":"es","potentialAction":[{"@type":"ReadAction","target":["https:\/\/dev.antudigital.cl\/sites\/vc\/forma-y-color-es-una-exposicion-que-celebra-la-multiplicidad-y-riqueza-de-la-expresion-pictorica\/"]}]},{"@type":"ImageObject","inLanguage":"es","@id":"https:\/\/dev.antudigital.cl\/sites\/vc\/forma-y-color-es-una-exposicion-que-celebra-la-multiplicidad-y-riqueza-de-la-expresion-pictorica\/#primaryimage","url":"https:\/\/dev.antudigital.cl\/sites\/vc\/wp-content\/uploads\/2024\/07\/Captura-de-Pantalla-2024-07-15-a-las-15.31.16.png","contentUrl":"https:\/\/dev.antudigital.cl\/sites\/vc\/wp-content\/uploads\/2024\/07\/Captura-de-Pantalla-2024-07-15-a-las-15.31.16.png","width":700,"height":336},{"@type":"BreadcrumbList","@id":"https:\/\/dev.antudigital.cl\/sites\/vc\/forma-y-color-es-una-exposicion-que-celebra-la-multiplicidad-y-riqueza-de-la-expresion-pictorica\/#breadcrumb","itemListElement":[{"@type":"ListItem","position":1,"name":"Home","item":"https:\/\/dev.antudigital.cl\/sites\/vc\/"},{"@type":"ListItem","position":2,"name":"\u00abForma y Color\u201d es una exposici\u00f3n que celebra la multiplicidad y\u00a0\u00a0riqueza de la expresi\u00f3n pict\u00f3rica"}]},{"@type":"WebSite","@id":"https:\/\/dev.antudigital.cl\/sites\/vc\/#website","url":"https:\/\/dev.antudigital.cl\/sites\/vc\/","name":"Valpara\u00ed\u00adso Creativo","description":"","potentialAction":[{"@type":"SearchAction","target":{"@type":"EntryPoint","urlTemplate":"https:\/\/dev.antudigital.cl\/sites\/vc\/?s={search_term_string}"},"query-input":{"@type":"PropertyValueSpecification","valueRequired":true,"valueName":"search_term_string"}}],"inLanguage":"es"},{"@type":"Person","@id":"https:\/\/dev.antudigital.cl\/sites\/vc\/#\/schema\/person\/c2b9da8dd545e27166fc5ab232837318","name":"Valpara\u00edso Creativo","description":"Periodista de cultura en la Regi\u00f3n de Valpara\u00edso.","url":"https:\/\/dev.antudigital.cl\/sites\/vc\/author\/valpoadmin\/"}]}},"_links":{"self":[{"href":"https:\/\/dev.antudigital.cl\/sites\/vc\/wp-json\/wp\/v2\/posts\/19725","targetHints":{"allow":["GET"]}}],"collection":[{"href":"https:\/\/dev.antudigital.cl\/sites\/vc\/wp-json\/wp\/v2\/posts"}],"about":[{"href":"https:\/\/dev.antudigital.cl\/sites\/vc\/wp-json\/wp\/v2\/types\/post"}],"author":[{"embeddable":true,"href":"https:\/\/dev.antudigital.cl\/sites\/vc\/wp-json\/wp\/v2\/users\/1"}],"replies":[{"embeddable":true,"href":"https:\/\/dev.antudigital.cl\/sites\/vc\/wp-json\/wp\/v2\/comments?post=19725"}],"version-history":[{"count":2,"href":"https:\/\/dev.antudigital.cl\/sites\/vc\/wp-json\/wp\/v2\/posts\/19725\/revisions"}],"predecessor-version":[{"id":19735,"href":"https:\/\/dev.antudigital.cl\/sites\/vc\/wp-json\/wp\/v2\/posts\/19725\/revisions\/19735"}],"wp:featuredmedia":[{"embeddable":true,"href":"https:\/\/dev.antudigital.cl\/sites\/vc\/wp-json\/wp\/v2\/media\/19733"}],"wp:attachment":[{"href":"https:\/\/dev.antudigital.cl\/sites\/vc\/wp-json\/wp\/v2\/media?parent=19725"}],"wp:term":[{"taxonomy":"category","embeddable":true,"href":"https:\/\/dev.antudigital.cl\/sites\/vc\/wp-json\/wp\/v2\/categories?post=19725"},{"taxonomy":"post_tag","embeddable":true,"href":"https:\/\/dev.antudigital.cl\/sites\/vc\/wp-json\/wp\/v2\/tags?post=19725"}],"curies":[{"name":"wp","href":"https:\/\/api.w.org\/{rel}","templated":true}]}}