{"id":19728,"date":"2024-07-15T19:25:18","date_gmt":"2024-07-15T19:25:18","guid":{"rendered":"https:\/\/www.valparaisocreativo.cl\/?p=19728"},"modified":"2024-07-15T19:25:35","modified_gmt":"2024-07-15T19:25:35","slug":"el-concurso-de-fotografia-urbana-mas-masivo-del-pais-fotomaraton-abre-convocatoria-2024","status":"publish","type":"post","link":"https:\/\/dev.antudigital.cl\/sites\/vc\/el-concurso-de-fotografia-urbana-mas-masivo-del-pais-fotomaraton-abre-convocatoria-2024\/","title":{"rendered":"El concurso de fotograf\u00eda urbana m\u00e1s masivo del pa\u00eds: FOTOMARAT\u00d3N ABRE CONVOCATORIA 2024"},"content":{"rendered":"\n<p>Tras una exitosa edici\u00f3n 2023, con m\u00e1s de 500 inscripciones, vuelve el concurso organizado por la Escuela de Fotograf\u00eda de I.P. ARCOS en la regi\u00f3n de Valpara\u00edso que retrata, en un \u00fanico e intensivo d\u00eda, la ciudad.<\/p>\n\n\n\n<p>Ya est\u00e1 abierta la convocatoria 2024 del concurso de fotograf\u00eda urbana m\u00e1s masivo de Chile. En su edici\u00f3n n\u00famero 16 y durante todo un d\u00eda 24 de agosto, el evento llama a residentes y visitantes de la regi\u00f3n de Valpara\u00edso a reunirse para celebrar, adem\u00e1s, el Mes de la Fotograf\u00edas y tomar la mejor imagen del puerto.<\/p>\n\n\n\n<p><strong>UN D\u00cdA DE MARAT\u00d3N FOTOGR\u00c1FICA<\/strong><\/p>\n\n\n\n<p>El s\u00e1bado 24 de agosto, a partir de las 10:00 horas, en el Centro de Extensi\u00f3n Centex del Ministerio de las Culturas, las Artes y el Patrimonio (Sotomayor 233, Valpara\u00edso), reci\u00e9n se anunciar\u00e1 el tema a fotografiar a quienes se inscriban, quienes deben salir a capturar las mejores im\u00e1genes de la ciudad, luego imprimirlas, exponerlas y, finalmente, entrar en el proceso de selecci\u00f3n guiado por un jurado de especialistas, que evaluar\u00e1 en dos categor\u00edas, C\u00e1mara Fotogr\u00e1fica y Celular.<\/p>\n\n\n\n<p>Daniela Bertolini, jefa de carrera de Fotograf\u00eda de ARCOS y principal organizadora, hizo un llamado a ser parte.&nbsp;<em>\u201cEst\u00e1n todas las personas invitadas a participar de esta versi\u00f3n de FOTOMARATON 2024, para que nos juntemos y celebremos el Mes de la Fotograf\u00eda, produciendo y exhibiendo im\u00e1genes fotogr\u00e1ficas\u201d.<\/em><\/p>\n\n\n\n<p><em>\u201cEl a\u00f1o pasado tuvimos una important\u00edsima convocatoria con m\u00e1s de 500 inscritos y una masiva participaci\u00f3n, llenando el hall central del Centex. Fue un d\u00eda intenso y de expectaci\u00f3n, convocados por la pasi\u00f3n a la disciplina fotogr\u00e1fica\u201d<\/em>, expres\u00f3 la acad\u00e9mica.<\/p>\n\n\n\n<p>Las personas interesadas pueden conocer las bases del certamen e inscribirse a trav\u00e9s de un formulario disponible en el sitio web oficial&nbsp;<a href=\"http:\/\/arcos.cl\/\" target=\"_blank\" rel=\"noreferrer noopener\">arcos.cl<\/a>. El plazo de la convocatoria cierra el 21 de agosto.<\/p>\n\n\n\n<p>FOTOMARAT\u00d3N es un concurso organizado desde hace 15 a\u00f1os por la Escuela de Fotograf\u00eda del Instituto Profesional ARCOS regi\u00f3n de Valpara\u00edso, con el fin de compartir con personas apasionadas por la especialidad art\u00edstica a vincularse y acercarse al mundo de la fotograf\u00eda, mediante diversas tem\u00e1ticas como pie forzado que invitan a la reflexi\u00f3n y la resoluci\u00f3n creativa de im\u00e1genes.<\/p>\n\n\n\n<p><strong>BASES E INSCRIPCIONES<\/strong><\/p>\n\n\n\n<p>Luego de conocer las&nbsp;<a href=\"https:\/\/www.arcos.cl\/documentos\/BASES%20FOTOMARAT%C3%93N%202024%20XVI.pdf\" target=\"_blank\" rel=\"noreferrer noopener\"><strong>Bases<\/strong><\/a>, se debe completar&nbsp;<a href=\"https:\/\/docs.google.com\/forms\/d\/e\/1FAIpQLSccEG8qEVTzybChhbXaiSv1JqQkwerTbyyLPjElW0MHvujlOA\/viewform\" target=\"_blank\" rel=\"noreferrer noopener\"><strong>Formulario de<\/strong>&nbsp;<strong>Inscripci\u00f3n<\/strong><\/a>.&nbsp;&nbsp;<\/p>\n\n\n\n<p><strong>Plazo de inscripci\u00f3n<\/strong>: mi\u00e9rcoles 21 de agosto, 23:59 horas.<\/p>\n\n\n\n<figure class=\"wp-block-image size-large\"><img fetchpriority=\"high\" decoding=\"async\" width=\"819\" height=\"1024\" src=\"https:\/\/www.valparaisocreativo.cl\/wp-content\/uploads\/2024\/07\/JURADO-CAMARA-FOTOMARATON-819x1024.jpeg\" alt=\"\" class=\"wp-image-19730\" srcset=\"https:\/\/dev.antudigital.cl\/sites\/vc\/wp-content\/uploads\/2024\/07\/JURADO-CAMARA-FOTOMARATON-819x1024.jpeg 819w, https:\/\/dev.antudigital.cl\/sites\/vc\/wp-content\/uploads\/2024\/07\/JURADO-CAMARA-FOTOMARATON-240x300.jpeg 240w, https:\/\/dev.antudigital.cl\/sites\/vc\/wp-content\/uploads\/2024\/07\/JURADO-CAMARA-FOTOMARATON-768x961.jpeg 768w, https:\/\/dev.antudigital.cl\/sites\/vc\/wp-content\/uploads\/2024\/07\/JURADO-CAMARA-FOTOMARATON-1228x1536.jpeg 1228w, https:\/\/dev.antudigital.cl\/sites\/vc\/wp-content\/uploads\/2024\/07\/JURADO-CAMARA-FOTOMARATON-1080x1351.jpeg 1080w, https:\/\/dev.antudigital.cl\/sites\/vc\/wp-content\/uploads\/2024\/07\/JURADO-CAMARA-FOTOMARATON-980x1226.jpeg 980w, https:\/\/dev.antudigital.cl\/sites\/vc\/wp-content\/uploads\/2024\/07\/JURADO-CAMARA-FOTOMARATON-480x600.jpeg 480w, https:\/\/dev.antudigital.cl\/sites\/vc\/wp-content\/uploads\/2024\/07\/JURADO-CAMARA-FOTOMARATON-19x24.jpeg 19w, https:\/\/dev.antudigital.cl\/sites\/vc\/wp-content\/uploads\/2024\/07\/JURADO-CAMARA-FOTOMARATON-29x36.jpeg 29w, https:\/\/dev.antudigital.cl\/sites\/vc\/wp-content\/uploads\/2024\/07\/JURADO-CAMARA-FOTOMARATON-38x48.jpeg 38w, https:\/\/dev.antudigital.cl\/sites\/vc\/wp-content\/uploads\/2024\/07\/JURADO-CAMARA-FOTOMARATON.jpeg 1279w\" sizes=\"(max-width: 819px) 100vw, 819px\" \/><\/figure>\n","protected":false},"excerpt":{"rendered":"<p>Tras una exitosa edici\u00f3n 2023, con m\u00e1s de 500 inscripciones, vuelve el concurso organizado por la Escuela de Fotograf\u00eda de I.P. ARCOS en la regi\u00f3n de Valpara\u00edso que retrata, en un \u00fanico e intensivo d\u00eda, la ciudad. Ya est\u00e1 abierta la convocatoria 2024 del concurso de fotograf\u00eda urbana m\u00e1s masivo de Chile. En su edici\u00f3n [&hellip;]<\/p>\n","protected":false},"author":1,"featured_media":19729,"comment_status":"closed","ping_status":"closed","sticky":false,"template":"","format":"standard","meta":{"_acf_changed":false,"footnotes":""},"categories":[8],"tags":[],"class_list":["post-19728","post","type-post","status-publish","format-standard","has-post-thumbnail","hentry","category-noticia"],"acf":[],"yoast_head":"<!-- This site is optimized with the Yoast SEO plugin v27.1.1 - https:\/\/yoast.com\/product\/yoast-seo-wordpress\/ -->\n<title>El concurso de fotograf\u00eda urbana m\u00e1s masivo del pa\u00eds: FOTOMARAT\u00d3N ABRE CONVOCATORIA 2024 - Valpara\u00ed\u00adso Creativo<\/title>\n<meta name=\"robots\" content=\"index, follow, max-snippet:-1, max-image-preview:large, max-video-preview:-1\" \/>\n<link rel=\"canonical\" href=\"https:\/\/dev.antudigital.cl\/sites\/vc\/el-concurso-de-fotografia-urbana-mas-masivo-del-pais-fotomaraton-abre-convocatoria-2024\/\" \/>\n<meta property=\"og:locale\" content=\"es_ES\" \/>\n<meta property=\"og:type\" content=\"article\" \/>\n<meta property=\"og:title\" content=\"El concurso de fotograf\u00eda urbana m\u00e1s masivo del pa\u00eds: FOTOMARAT\u00d3N ABRE CONVOCATORIA 2024 - Valpara\u00ed\u00adso Creativo\" \/>\n<meta property=\"og:description\" content=\"Tras una exitosa edici\u00f3n 2023, con m\u00e1s de 500 inscripciones, vuelve el concurso organizado por la Escuela de Fotograf\u00eda de I.P. ARCOS en la regi\u00f3n de Valpara\u00edso que retrata, en un \u00fanico e intensivo d\u00eda, la ciudad. Ya est\u00e1 abierta la convocatoria 2024 del concurso de fotograf\u00eda urbana m\u00e1s masivo de Chile. En su edici\u00f3n [&hellip;]\" \/>\n<meta property=\"og:url\" content=\"https:\/\/dev.antudigital.cl\/sites\/vc\/el-concurso-de-fotografia-urbana-mas-masivo-del-pais-fotomaraton-abre-convocatoria-2024\/\" \/>\n<meta property=\"og:site_name\" content=\"Valpara\u00ed\u00adso Creativo\" \/>\n<meta property=\"article:published_time\" content=\"2024-07-15T19:25:18+00:00\" \/>\n<meta property=\"article:modified_time\" content=\"2024-07-15T19:25:35+00:00\" \/>\n<meta property=\"og:image\" content=\"https:\/\/dev.antudigital.cl\/sites\/vc\/wp-content\/uploads\/2024\/07\/CONVOCATORIA-ABIERTA.jpg\" \/>\n\t<meta property=\"og:image:width\" content=\"1215\" \/>\n\t<meta property=\"og:image:height\" content=\"1519\" \/>\n\t<meta property=\"og:image:type\" content=\"image\/jpeg\" \/>\n<meta name=\"author\" content=\"Valpara\u00edso Creativo\" \/>\n<meta name=\"twitter:card\" content=\"summary_large_image\" \/>\n<meta name=\"twitter:label1\" content=\"Escrito por\" \/>\n\t<meta name=\"twitter:data1\" content=\"Valpara\u00edso Creativo\" \/>\n\t<meta name=\"twitter:label2\" content=\"Tiempo de lectura\" \/>\n\t<meta name=\"twitter:data2\" content=\"3 minutos\" \/>\n<script type=\"application\/ld+json\" class=\"yoast-schema-graph\">{\"@context\":\"https:\/\/schema.org\",\"@graph\":[{\"@type\":\"Article\",\"@id\":\"https:\/\/dev.antudigital.cl\/sites\/vc\/el-concurso-de-fotografia-urbana-mas-masivo-del-pais-fotomaraton-abre-convocatoria-2024\/#article\",\"isPartOf\":{\"@id\":\"https:\/\/dev.antudigital.cl\/sites\/vc\/el-concurso-de-fotografia-urbana-mas-masivo-del-pais-fotomaraton-abre-convocatoria-2024\/\"},\"author\":{\"name\":\"Valpara\u00edso Creativo\",\"@id\":\"https:\/\/dev.antudigital.cl\/sites\/vc\/#\/schema\/person\/c2b9da8dd545e27166fc5ab232837318\"},\"headline\":\"El concurso de fotograf\u00eda urbana m\u00e1s masivo del pa\u00eds: FOTOMARAT\u00d3N ABRE CONVOCATORIA 2024\",\"datePublished\":\"2024-07-15T19:25:18+00:00\",\"dateModified\":\"2024-07-15T19:25:35+00:00\",\"mainEntityOfPage\":{\"@id\":\"https:\/\/dev.antudigital.cl\/sites\/vc\/el-concurso-de-fotografia-urbana-mas-masivo-del-pais-fotomaraton-abre-convocatoria-2024\/\"},\"wordCount\":447,\"image\":{\"@id\":\"https:\/\/dev.antudigital.cl\/sites\/vc\/el-concurso-de-fotografia-urbana-mas-masivo-del-pais-fotomaraton-abre-convocatoria-2024\/#primaryimage\"},\"thumbnailUrl\":\"https:\/\/dev.antudigital.cl\/sites\/vc\/wp-content\/uploads\/2024\/07\/CONVOCATORIA-ABIERTA.jpg\",\"articleSection\":[\"Noticia\"],\"inLanguage\":\"es\"},{\"@type\":\"WebPage\",\"@id\":\"https:\/\/dev.antudigital.cl\/sites\/vc\/el-concurso-de-fotografia-urbana-mas-masivo-del-pais-fotomaraton-abre-convocatoria-2024\/\",\"url\":\"https:\/\/dev.antudigital.cl\/sites\/vc\/el-concurso-de-fotografia-urbana-mas-masivo-del-pais-fotomaraton-abre-convocatoria-2024\/\",\"name\":\"El concurso de fotograf\u00eda urbana m\u00e1s masivo del pa\u00eds: FOTOMARAT\u00d3N ABRE CONVOCATORIA 2024 - Valpara\u00ed\u00adso Creativo\",\"isPartOf\":{\"@id\":\"https:\/\/dev.antudigital.cl\/sites\/vc\/#website\"},\"primaryImageOfPage\":{\"@id\":\"https:\/\/dev.antudigital.cl\/sites\/vc\/el-concurso-de-fotografia-urbana-mas-masivo-del-pais-fotomaraton-abre-convocatoria-2024\/#primaryimage\"},\"image\":{\"@id\":\"https:\/\/dev.antudigital.cl\/sites\/vc\/el-concurso-de-fotografia-urbana-mas-masivo-del-pais-fotomaraton-abre-convocatoria-2024\/#primaryimage\"},\"thumbnailUrl\":\"https:\/\/dev.antudigital.cl\/sites\/vc\/wp-content\/uploads\/2024\/07\/CONVOCATORIA-ABIERTA.jpg\",\"datePublished\":\"2024-07-15T19:25:18+00:00\",\"dateModified\":\"2024-07-15T19:25:35+00:00\",\"author\":{\"@id\":\"https:\/\/dev.antudigital.cl\/sites\/vc\/#\/schema\/person\/c2b9da8dd545e27166fc5ab232837318\"},\"breadcrumb\":{\"@id\":\"https:\/\/dev.antudigital.cl\/sites\/vc\/el-concurso-de-fotografia-urbana-mas-masivo-del-pais-fotomaraton-abre-convocatoria-2024\/#breadcrumb\"},\"inLanguage\":\"es\",\"potentialAction\":[{\"@type\":\"ReadAction\",\"target\":[\"https:\/\/dev.antudigital.cl\/sites\/vc\/el-concurso-de-fotografia-urbana-mas-masivo-del-pais-fotomaraton-abre-convocatoria-2024\/\"]}]},{\"@type\":\"ImageObject\",\"inLanguage\":\"es\",\"@id\":\"https:\/\/dev.antudigital.cl\/sites\/vc\/el-concurso-de-fotografia-urbana-mas-masivo-del-pais-fotomaraton-abre-convocatoria-2024\/#primaryimage\",\"url\":\"https:\/\/dev.antudigital.cl\/sites\/vc\/wp-content\/uploads\/2024\/07\/CONVOCATORIA-ABIERTA.jpg\",\"contentUrl\":\"https:\/\/dev.antudigital.cl\/sites\/vc\/wp-content\/uploads\/2024\/07\/CONVOCATORIA-ABIERTA.jpg\",\"width\":1215,\"height\":1519},{\"@type\":\"BreadcrumbList\",\"@id\":\"https:\/\/dev.antudigital.cl\/sites\/vc\/el-concurso-de-fotografia-urbana-mas-masivo-del-pais-fotomaraton-abre-convocatoria-2024\/#breadcrumb\",\"itemListElement\":[{\"@type\":\"ListItem\",\"position\":1,\"name\":\"Home\",\"item\":\"https:\/\/dev.antudigital.cl\/sites\/vc\/\"},{\"@type\":\"ListItem\",\"position\":2,\"name\":\"El concurso de fotograf\u00eda urbana m\u00e1s masivo del pa\u00eds: FOTOMARAT\u00d3N ABRE CONVOCATORIA 2024\"}]},{\"@type\":\"WebSite\",\"@id\":\"https:\/\/dev.antudigital.cl\/sites\/vc\/#website\",\"url\":\"https:\/\/dev.antudigital.cl\/sites\/vc\/\",\"name\":\"Valpara\u00ed\u00adso Creativo\",\"description\":\"\",\"potentialAction\":[{\"@type\":\"SearchAction\",\"target\":{\"@type\":\"EntryPoint\",\"urlTemplate\":\"https:\/\/dev.antudigital.cl\/sites\/vc\/?s={search_term_string}\"},\"query-input\":{\"@type\":\"PropertyValueSpecification\",\"valueRequired\":true,\"valueName\":\"search_term_string\"}}],\"inLanguage\":\"es\"},{\"@type\":\"Person\",\"@id\":\"https:\/\/dev.antudigital.cl\/sites\/vc\/#\/schema\/person\/c2b9da8dd545e27166fc5ab232837318\",\"name\":\"Valpara\u00edso Creativo\",\"description\":\"Periodista de cultura en la Regi\u00f3n de Valpara\u00edso.\",\"url\":\"https:\/\/dev.antudigital.cl\/sites\/vc\/author\/valpoadmin\/\"}]}<\/script>\n<!-- \/ Yoast SEO plugin. -->","yoast_head_json":{"title":"El concurso de fotograf\u00eda urbana m\u00e1s masivo del pa\u00eds: FOTOMARAT\u00d3N ABRE CONVOCATORIA 2024 - Valpara\u00ed\u00adso Creativo","robots":{"index":"index","follow":"follow","max-snippet":"max-snippet:-1","max-image-preview":"max-image-preview:large","max-video-preview":"max-video-preview:-1"},"canonical":"https:\/\/dev.antudigital.cl\/sites\/vc\/el-concurso-de-fotografia-urbana-mas-masivo-del-pais-fotomaraton-abre-convocatoria-2024\/","og_locale":"es_ES","og_type":"article","og_title":"El concurso de fotograf\u00eda urbana m\u00e1s masivo del pa\u00eds: FOTOMARAT\u00d3N ABRE CONVOCATORIA 2024 - Valpara\u00ed\u00adso Creativo","og_description":"Tras una exitosa edici\u00f3n 2023, con m\u00e1s de 500 inscripciones, vuelve el concurso organizado por la Escuela de Fotograf\u00eda de I.P. ARCOS en la regi\u00f3n de Valpara\u00edso que retrata, en un \u00fanico e intensivo d\u00eda, la ciudad. Ya est\u00e1 abierta la convocatoria 2024 del concurso de fotograf\u00eda urbana m\u00e1s masivo de Chile. En su edici\u00f3n [&hellip;]","og_url":"https:\/\/dev.antudigital.cl\/sites\/vc\/el-concurso-de-fotografia-urbana-mas-masivo-del-pais-fotomaraton-abre-convocatoria-2024\/","og_site_name":"Valpara\u00ed\u00adso Creativo","article_published_time":"2024-07-15T19:25:18+00:00","article_modified_time":"2024-07-15T19:25:35+00:00","og_image":[{"width":1215,"height":1519,"url":"https:\/\/dev.antudigital.cl\/sites\/vc\/wp-content\/uploads\/2024\/07\/CONVOCATORIA-ABIERTA.jpg","type":"image\/jpeg"}],"author":"Valpara\u00edso Creativo","twitter_card":"summary_large_image","twitter_misc":{"Escrito por":"Valpara\u00edso Creativo","Tiempo de lectura":"3 minutos"},"schema":{"@context":"https:\/\/schema.org","@graph":[{"@type":"Article","@id":"https:\/\/dev.antudigital.cl\/sites\/vc\/el-concurso-de-fotografia-urbana-mas-masivo-del-pais-fotomaraton-abre-convocatoria-2024\/#article","isPartOf":{"@id":"https:\/\/dev.antudigital.cl\/sites\/vc\/el-concurso-de-fotografia-urbana-mas-masivo-del-pais-fotomaraton-abre-convocatoria-2024\/"},"author":{"name":"Valpara\u00edso Creativo","@id":"https:\/\/dev.antudigital.cl\/sites\/vc\/#\/schema\/person\/c2b9da8dd545e27166fc5ab232837318"},"headline":"El concurso de fotograf\u00eda urbana m\u00e1s masivo del pa\u00eds: FOTOMARAT\u00d3N ABRE CONVOCATORIA 2024","datePublished":"2024-07-15T19:25:18+00:00","dateModified":"2024-07-15T19:25:35+00:00","mainEntityOfPage":{"@id":"https:\/\/dev.antudigital.cl\/sites\/vc\/el-concurso-de-fotografia-urbana-mas-masivo-del-pais-fotomaraton-abre-convocatoria-2024\/"},"wordCount":447,"image":{"@id":"https:\/\/dev.antudigital.cl\/sites\/vc\/el-concurso-de-fotografia-urbana-mas-masivo-del-pais-fotomaraton-abre-convocatoria-2024\/#primaryimage"},"thumbnailUrl":"https:\/\/dev.antudigital.cl\/sites\/vc\/wp-content\/uploads\/2024\/07\/CONVOCATORIA-ABIERTA.jpg","articleSection":["Noticia"],"inLanguage":"es"},{"@type":"WebPage","@id":"https:\/\/dev.antudigital.cl\/sites\/vc\/el-concurso-de-fotografia-urbana-mas-masivo-del-pais-fotomaraton-abre-convocatoria-2024\/","url":"https:\/\/dev.antudigital.cl\/sites\/vc\/el-concurso-de-fotografia-urbana-mas-masivo-del-pais-fotomaraton-abre-convocatoria-2024\/","name":"El concurso de fotograf\u00eda urbana m\u00e1s masivo del pa\u00eds: FOTOMARAT\u00d3N ABRE CONVOCATORIA 2024 - Valpara\u00ed\u00adso Creativo","isPartOf":{"@id":"https:\/\/dev.antudigital.cl\/sites\/vc\/#website"},"primaryImageOfPage":{"@id":"https:\/\/dev.antudigital.cl\/sites\/vc\/el-concurso-de-fotografia-urbana-mas-masivo-del-pais-fotomaraton-abre-convocatoria-2024\/#primaryimage"},"image":{"@id":"https:\/\/dev.antudigital.cl\/sites\/vc\/el-concurso-de-fotografia-urbana-mas-masivo-del-pais-fotomaraton-abre-convocatoria-2024\/#primaryimage"},"thumbnailUrl":"https:\/\/dev.antudigital.cl\/sites\/vc\/wp-content\/uploads\/2024\/07\/CONVOCATORIA-ABIERTA.jpg","datePublished":"2024-07-15T19:25:18+00:00","dateModified":"2024-07-15T19:25:35+00:00","author":{"@id":"https:\/\/dev.antudigital.cl\/sites\/vc\/#\/schema\/person\/c2b9da8dd545e27166fc5ab232837318"},"breadcrumb":{"@id":"https:\/\/dev.antudigital.cl\/sites\/vc\/el-concurso-de-fotografia-urbana-mas-masivo-del-pais-fotomaraton-abre-convocatoria-2024\/#breadcrumb"},"inLanguage":"es","potentialAction":[{"@type":"ReadAction","target":["https:\/\/dev.antudigital.cl\/sites\/vc\/el-concurso-de-fotografia-urbana-mas-masivo-del-pais-fotomaraton-abre-convocatoria-2024\/"]}]},{"@type":"ImageObject","inLanguage":"es","@id":"https:\/\/dev.antudigital.cl\/sites\/vc\/el-concurso-de-fotografia-urbana-mas-masivo-del-pais-fotomaraton-abre-convocatoria-2024\/#primaryimage","url":"https:\/\/dev.antudigital.cl\/sites\/vc\/wp-content\/uploads\/2024\/07\/CONVOCATORIA-ABIERTA.jpg","contentUrl":"https:\/\/dev.antudigital.cl\/sites\/vc\/wp-content\/uploads\/2024\/07\/CONVOCATORIA-ABIERTA.jpg","width":1215,"height":1519},{"@type":"BreadcrumbList","@id":"https:\/\/dev.antudigital.cl\/sites\/vc\/el-concurso-de-fotografia-urbana-mas-masivo-del-pais-fotomaraton-abre-convocatoria-2024\/#breadcrumb","itemListElement":[{"@type":"ListItem","position":1,"name":"Home","item":"https:\/\/dev.antudigital.cl\/sites\/vc\/"},{"@type":"ListItem","position":2,"name":"El concurso de fotograf\u00eda urbana m\u00e1s masivo del pa\u00eds: FOTOMARAT\u00d3N ABRE CONVOCATORIA 2024"}]},{"@type":"WebSite","@id":"https:\/\/dev.antudigital.cl\/sites\/vc\/#website","url":"https:\/\/dev.antudigital.cl\/sites\/vc\/","name":"Valpara\u00ed\u00adso Creativo","description":"","potentialAction":[{"@type":"SearchAction","target":{"@type":"EntryPoint","urlTemplate":"https:\/\/dev.antudigital.cl\/sites\/vc\/?s={search_term_string}"},"query-input":{"@type":"PropertyValueSpecification","valueRequired":true,"valueName":"search_term_string"}}],"inLanguage":"es"},{"@type":"Person","@id":"https:\/\/dev.antudigital.cl\/sites\/vc\/#\/schema\/person\/c2b9da8dd545e27166fc5ab232837318","name":"Valpara\u00edso Creativo","description":"Periodista de cultura en la Regi\u00f3n de Valpara\u00edso.","url":"https:\/\/dev.antudigital.cl\/sites\/vc\/author\/valpoadmin\/"}]}},"_links":{"self":[{"href":"https:\/\/dev.antudigital.cl\/sites\/vc\/wp-json\/wp\/v2\/posts\/19728","targetHints":{"allow":["GET"]}}],"collection":[{"href":"https:\/\/dev.antudigital.cl\/sites\/vc\/wp-json\/wp\/v2\/posts"}],"about":[{"href":"https:\/\/dev.antudigital.cl\/sites\/vc\/wp-json\/wp\/v2\/types\/post"}],"author":[{"embeddable":true,"href":"https:\/\/dev.antudigital.cl\/sites\/vc\/wp-json\/wp\/v2\/users\/1"}],"replies":[{"embeddable":true,"href":"https:\/\/dev.antudigital.cl\/sites\/vc\/wp-json\/wp\/v2\/comments?post=19728"}],"version-history":[{"count":1,"href":"https:\/\/dev.antudigital.cl\/sites\/vc\/wp-json\/wp\/v2\/posts\/19728\/revisions"}],"predecessor-version":[{"id":19731,"href":"https:\/\/dev.antudigital.cl\/sites\/vc\/wp-json\/wp\/v2\/posts\/19728\/revisions\/19731"}],"wp:featuredmedia":[{"embeddable":true,"href":"https:\/\/dev.antudigital.cl\/sites\/vc\/wp-json\/wp\/v2\/media\/19729"}],"wp:attachment":[{"href":"https:\/\/dev.antudigital.cl\/sites\/vc\/wp-json\/wp\/v2\/media?parent=19728"}],"wp:term":[{"taxonomy":"category","embeddable":true,"href":"https:\/\/dev.antudigital.cl\/sites\/vc\/wp-json\/wp\/v2\/categories?post=19728"},{"taxonomy":"post_tag","embeddable":true,"href":"https:\/\/dev.antudigital.cl\/sites\/vc\/wp-json\/wp\/v2\/tags?post=19728"}],"curies":[{"name":"wp","href":"https:\/\/api.w.org\/{rel}","templated":true}]}}