{"id":19737,"date":"2024-07-16T00:00:24","date_gmt":"2024-07-16T00:00:24","guid":{"rendered":"https:\/\/www.valparaisocreativo.cl\/?p=19737"},"modified":"2024-07-16T00:00:46","modified_gmt":"2024-07-16T00:00:46","slug":"musico-y-docente-de-i-p-arcos-conversa-con-valparaiso-creativo-sobre-gira-a-japon-y-otros-temas","status":"publish","type":"post","link":"https:\/\/dev.antudigital.cl\/sites\/vc\/musico-y-docente-de-i-p-arcos-conversa-con-valparaiso-creativo-sobre-gira-a-japon-y-otros-temas\/","title":{"rendered":"M\u00daSICO Y DOCENTE DE I.P. ARCOS CONVERSA CON VALPARA\u00cdSO CREATIVO SOBRE GIRA A JAP\u00d3N Y OTROS TEMAS"},"content":{"rendered":"\n<p><strong><em>Nicol\u00e1s Reyes Ludin es docente de la Escuela de M\u00fasica y Sonido de ARCOS Valpara\u00edso. Tambi\u00e9n tiene un proyecto musical de tr\u00edo y es parte de la banda de Antonio Monasterio Ensamble, donde ampl\u00eda su experiencia y su relato pedag\u00f3gico, con hitos que van desde una gira a Jap\u00f3n el a\u00f1o pasado hasta el reciente Premio Pulsar, en junio de 2024.<\/em><\/strong><\/p>\n\n\n\n<p><strong><em>\u00bfQu\u00e9 ha aprendido del proceso de trabajo colectivo? \u00bfC\u00f3mo se trabaja con la composici\u00f3n? Este y otros elementos fueron profundizados en la siguiente entrevista de I.P. ARCOS y Valpara\u00edso Creativo.<\/em><\/strong><\/p>\n\n\n\n<p><strong><em>::: Nicol\u00e1s, \u00bfc\u00f3mo es la experiencia de trabajar de manera colaborativa con un equipo y de qu\u00e9 manera permea eso al proceso creativo?<\/em><\/strong><\/p>\n\n\n\n<p><strong>Nicol\u00e1s Reyes<\/strong>: En el caso particular de Antonio Monasterio Ensamble, personalmente considero mi participaci\u00f3n dentro del proyecto como una parte m\u00e1s de algo que es bastante grande, que trabaja de forma excepcional, entendiendo que la m\u00fasica instrumental improvisada, o lo que entendemos como jazz, en el territorio no es tan com\u00fan.<\/p>\n\n\n\n<p>En el sentido de la cantidad de participantes, este es un proyecto muy ambicioso, sum\u00e1ndole a que es m\u00fasica que tiene cierto grado de complejidad. M\u00fasica que propone Antonio como l\u00edder del proyecto. Se nos convoca en torno a esa composici\u00f3n y hay que tener harto trabajo personal, disciplinado y constante para poder memorizar la m\u00fasica e interpretarla.&nbsp;<\/p>\n\n\n\n<p>Tambi\u00e9n est\u00e1 todo lo que hace Antonio con <em>Sello Mescalina<\/em>, que tiene que ver con la formulaci\u00f3n del proyecto, con la producci\u00f3n musical y de los eventos y la postulaci\u00f3n a concursos, entre otras cosas. Es mucho trabajo de varias partes, por lo que uno est\u00e1 haciendo una parte muy peque\u00f1a dentro de algo muy grande y complejo.<\/p>\n\n\n\n<figure class=\"wp-block-image size-large\"><img fetchpriority=\"high\" decoding=\"async\" width=\"1024\" height=\"683\" src=\"https:\/\/www.valparaisocreativo.cl\/wp-content\/uploads\/2024\/07\/Nico-1-1024x683.jpg\" alt=\"\" class=\"wp-image-19738\" srcset=\"https:\/\/dev.antudigital.cl\/sites\/vc\/wp-content\/uploads\/2024\/07\/Nico-1-1024x683.jpg 1024w, https:\/\/dev.antudigital.cl\/sites\/vc\/wp-content\/uploads\/2024\/07\/Nico-1-300x200.jpg 300w, https:\/\/dev.antudigital.cl\/sites\/vc\/wp-content\/uploads\/2024\/07\/Nico-1-768x512.jpg 768w, https:\/\/dev.antudigital.cl\/sites\/vc\/wp-content\/uploads\/2024\/07\/Nico-1-980x653.jpg 980w, https:\/\/dev.antudigital.cl\/sites\/vc\/wp-content\/uploads\/2024\/07\/Nico-1-480x320.jpg 480w, https:\/\/dev.antudigital.cl\/sites\/vc\/wp-content\/uploads\/2024\/07\/Nico-1-24x16.jpg 24w, https:\/\/dev.antudigital.cl\/sites\/vc\/wp-content\/uploads\/2024\/07\/Nico-1-36x24.jpg 36w, https:\/\/dev.antudigital.cl\/sites\/vc\/wp-content\/uploads\/2024\/07\/Nico-1-48x32.jpg 48w, https:\/\/dev.antudigital.cl\/sites\/vc\/wp-content\/uploads\/2024\/07\/Nico-1.jpg 1080w\" sizes=\"(max-width: 1024px) 100vw, 1024px\" \/><\/figure>\n\n\n\n<p><strong><em>::: \u00bfDe qu\u00e9 manera se van comunicando o articulando en el proceso creativo de una composici\u00f3n?<\/em><\/strong><\/p>\n\n\n\n<p>Hay un trabajo personal de Antonio de crear la m\u00fasica, lo que hace con muchos est\u00e1ndares y excelencia. Junto con el sello y Mat\u00edas Sald\u00edas, espec\u00edficamente, hay una visi\u00f3n est\u00e9tica de la m\u00fasica y de c\u00f3mo debe ser grabada tambi\u00e9n. Desde ah\u00ed se toman decisiones que llegan hasta los m\u00fasicos, quienes en la mayor\u00eda llevamos trabajando un tiempo juntos.<\/p>\n\n\n\n<p>Un ejemplo es para <em>Las furias y el mar, <\/em>nuestro \u00faltimo lanzamiento, donde ensayamos dos a\u00f1os todas las semanas hasta encontrar el resultado. Es algo s\u00faper raro eso, una especie de experimento social de cu\u00e1nto podemos estar todos trabajando en la misma m\u00fasica, lo que conbra sentido cuando hay una audiencia que se interesa por estos resultados y por el proyecto.<\/p>\n\n\n\n<p><strong><em>::: Recientemente, como Antonio Monasterio Ensamble, fueron nominados por segunda vez a los Premio Pulsar y esta vez ganaron Mejor Artista Jazz Fusi\u00f3n. \u00bfQu\u00e9 se siente recibir dicho reconocimiento y en qu\u00e9 se traduce en lo concreto?<\/em><\/strong><\/p>\n\n\n\n<p>Somos un grupo de Valpara\u00edso, de una generaci\u00f3n en particular, y creo que en ese sentido, para m\u00ed es super rico que haya m\u00fasica instrumental con audiencia y que tenga cierto reconocimiento a nivel nacional. Se siente como un buen hito, es un reconocimiento super positivo. De todos modos, es el resultado de un trabajo altamente colaborativo, con muchos y muchas involucrados. Es colectivo y adquiere vida propia.&nbsp;<\/p>\n\n\n\n<p>Coincide, tambi\u00e9n, con un momento de giras y presentaciones, tanto en Valpara\u00edso como en Santiago y otras partes de Chile. Eso propicia un ambiente muy cari\u00f1oso. Mi sensaci\u00f3n es que a la gente que le gusta la m\u00fasica de la banda quiere que nos vaya bien. Entonces, es una instancia media de celebraci\u00f3n ir a los conciertos.\u00a0<\/p>\n\n\n\n<figure class=\"wp-block-image size-large\"><img decoding=\"async\" width=\"1024\" height=\"576\" src=\"https:\/\/www.valparaisocreativo.cl\/wp-content\/uploads\/2024\/07\/Nico-2-1024x576.jpg\" alt=\"\" class=\"wp-image-19739\" srcset=\"https:\/\/dev.antudigital.cl\/sites\/vc\/wp-content\/uploads\/2024\/07\/Nico-2-1024x576.jpg 1024w, https:\/\/dev.antudigital.cl\/sites\/vc\/wp-content\/uploads\/2024\/07\/Nico-2-300x169.jpg 300w, https:\/\/dev.antudigital.cl\/sites\/vc\/wp-content\/uploads\/2024\/07\/Nico-2-768x432.jpg 768w, https:\/\/dev.antudigital.cl\/sites\/vc\/wp-content\/uploads\/2024\/07\/Nico-2-980x551.jpg 980w, https:\/\/dev.antudigital.cl\/sites\/vc\/wp-content\/uploads\/2024\/07\/Nico-2-480x270.jpg 480w, https:\/\/dev.antudigital.cl\/sites\/vc\/wp-content\/uploads\/2024\/07\/Nico-2-24x13.jpg 24w, https:\/\/dev.antudigital.cl\/sites\/vc\/wp-content\/uploads\/2024\/07\/Nico-2-36x20.jpg 36w, https:\/\/dev.antudigital.cl\/sites\/vc\/wp-content\/uploads\/2024\/07\/Nico-2-48x27.jpg 48w, https:\/\/dev.antudigital.cl\/sites\/vc\/wp-content\/uploads\/2024\/07\/Nico-2.jpg 1080w\" sizes=\"(max-width: 1024px) 100vw, 1024px\" \/><\/figure>\n\n\n\n<p><strong><em>::: \u00bfQu\u00e9 buscas ense\u00f1ar o transmitir a trav\u00e9s de lo que haces y en los proyectos que te involucras?<\/em><\/strong><\/p>\n\n\n\n<p>La verdad, el encontrar un posicionamiento respecto a ciertos valores que se pueden entregar al hacer este tipo de m\u00fasica. Hacer jazz requiere mucha escucha y de quitarse varios prejuicios para poder dejarse interpelar por lo que un otro puede proponer musicalmente. Creo que esos valores son formas de libertad, de amor. Actualmente, se tergiversan estos valores y me interesa cuestionar c\u00f3mo nos posicionamos y c\u00f3mo nos vinculamos con nuestro territorio y con la otredad.&nbsp;<\/p>\n\n\n\n<p>Ahora, musicalmente el formato en Nico Reyes Tr\u00edo permite otra cosa, ya que se identifican los instrumentos m\u00e1s f\u00e1cilmente. Esto genera mucha complicidad y me llama la atenci\u00f3n el compartir eso. En un escenario uno est\u00e1 amplificado, pero tambi\u00e9n vulnerable, donde nos dejamos interpelar por lo que est\u00e1 haciendo el otro. Tengo la suerte de tocar con m\u00fasicos que son super sensibles a ese tipo de cosas, como Christian Balthazar y Felipe Valle, tambi\u00e9n miembros de Antonio Monasterio Ensamble, o Juan Pablo Jaramillo y Milton Rassel. Se genera un disfrute en ello.<\/p>\n\n\n\n<figure class=\"wp-block-image size-large\"><img decoding=\"async\" width=\"1024\" height=\"683\" src=\"https:\/\/www.valparaisocreativo.cl\/wp-content\/uploads\/2024\/07\/Nico-3-1024x683.jpg\" alt=\"\" class=\"wp-image-19741\" srcset=\"https:\/\/dev.antudigital.cl\/sites\/vc\/wp-content\/uploads\/2024\/07\/Nico-3-1024x683.jpg 1024w, https:\/\/dev.antudigital.cl\/sites\/vc\/wp-content\/uploads\/2024\/07\/Nico-3-300x200.jpg 300w, https:\/\/dev.antudigital.cl\/sites\/vc\/wp-content\/uploads\/2024\/07\/Nico-3-768x512.jpg 768w, https:\/\/dev.antudigital.cl\/sites\/vc\/wp-content\/uploads\/2024\/07\/Nico-3-980x653.jpg 980w, https:\/\/dev.antudigital.cl\/sites\/vc\/wp-content\/uploads\/2024\/07\/Nico-3-480x320.jpg 480w, https:\/\/dev.antudigital.cl\/sites\/vc\/wp-content\/uploads\/2024\/07\/Nico-3-24x16.jpg 24w, https:\/\/dev.antudigital.cl\/sites\/vc\/wp-content\/uploads\/2024\/07\/Nico-3-36x24.jpg 36w, https:\/\/dev.antudigital.cl\/sites\/vc\/wp-content\/uploads\/2024\/07\/Nico-3-48x32.jpg 48w, https:\/\/dev.antudigital.cl\/sites\/vc\/wp-content\/uploads\/2024\/07\/Nico-3.jpg 1080w\" sizes=\"(max-width: 1024px) 100vw, 1024px\" \/><\/figure>\n\n\n\n<p><strong><em>::: A veces, estamos muy acostumbrados a las canciones (con letras), sin embargo, una composici\u00f3n instrumental entrega toda una serie de mensajes a trav\u00e9s de lo no verbal. \u00bfQu\u00e9 te pasa a ti con eso?<\/em><\/strong><\/p>\n\n\n\n<p>Este es un gran tema. Me referir\u00e9 a lo que sucede tanto con la m\u00fasica de Antonio como con mi tr\u00edo. Creo que ambos proponemos un mundo imaginario-visual, a veces referenciado del cine, a veces a la naturaleza. Somos super afines en ese tipo de cosas, lo que se transmite en los t\u00edtulos de temas de Antonio; algunos mencionan al bosque, al mar, son s\u00faper evocativos de im\u00e1genes.&nbsp;<\/p>\n\n\n\n<p>En el caso de mi m\u00fasica tambi\u00e9n, donde intento abordar algunas im\u00e1genes o procesos de la naturaleza. De alguna manera, uno deja una imagen para hacer el click, encender la llama y que el auditor rellene eso como quiera. Es una idea de obra m\u00e1s abierta y que sirve mucho en el contexto de m\u00fasica improvisada, donde se trae un imaginario y de ah\u00ed el m\u00fasico lo interpreta como quiera. Te puede llevar por caminos que uno no esperaba.<\/p>\n\n\n\n<p><strong><em>::: El 2024 fueron, junto a Antonio Monasterio Ensamble, a Jap\u00f3n. \u00bfC\u00f3mo fue la experiencia con dicha audiencia?<\/em><\/strong><\/p>\n\n\n\n<p>Eso fue super entretenido. Fue muy pr\u00f3ximo a la grabaci\u00f3n del disco, donde se sumaron dos nuevos m\u00fasicos para esa gira. En Jap\u00f3n hay una cultura s\u00faper distinta, es una audiencia super receptiva, que ac\u00e1 tambi\u00e9n lo es, pero de una forma distinta. Tambi\u00e9n se dio la oportunidad de escuchar m\u00fasicos de all\u00e1 y la recepci\u00f3n fue super buena, nos dej\u00f3 super contentos.&nbsp;<\/p>\n","protected":false},"excerpt":{"rendered":"<p>Nicol\u00e1s Reyes Ludin es docente de la Escuela de M\u00fasica y Sonido de ARCOS Valpara\u00edso. Tambi\u00e9n tiene un proyecto musical de tr\u00edo y es parte de la banda de Antonio Monasterio Ensamble, donde ampl\u00eda su experiencia y su relato pedag\u00f3gico, con hitos que van desde una gira a Jap\u00f3n el a\u00f1o pasado hasta el reciente [&hellip;]<\/p>\n","protected":false},"author":1,"featured_media":19740,"comment_status":"closed","ping_status":"closed","sticky":false,"template":"","format":"standard","meta":{"_acf_changed":false,"footnotes":""},"categories":[218],"tags":[],"class_list":["post-19737","post","type-post","status-publish","format-standard","has-post-thumbnail","hentry","category-blog"],"acf":[],"yoast_head":"<!-- This site is optimized with the Yoast SEO plugin v27.1.1 - https:\/\/yoast.com\/product\/yoast-seo-wordpress\/ -->\n<title>M\u00daSICO Y DOCENTE DE I.P. ARCOS CONVERSA CON VALPARA\u00cdSO CREATIVO SOBRE GIRA A JAP\u00d3N Y OTROS TEMAS - Valpara\u00ed\u00adso Creativo<\/title>\n<meta name=\"robots\" content=\"index, follow, max-snippet:-1, max-image-preview:large, max-video-preview:-1\" \/>\n<link rel=\"canonical\" href=\"https:\/\/dev.antudigital.cl\/sites\/vc\/musico-y-docente-de-i-p-arcos-conversa-con-valparaiso-creativo-sobre-gira-a-japon-y-otros-temas\/\" \/>\n<meta property=\"og:locale\" content=\"es_ES\" \/>\n<meta property=\"og:type\" content=\"article\" \/>\n<meta property=\"og:title\" content=\"M\u00daSICO Y DOCENTE DE I.P. ARCOS CONVERSA CON VALPARA\u00cdSO CREATIVO SOBRE GIRA A JAP\u00d3N Y OTROS TEMAS - Valpara\u00ed\u00adso Creativo\" \/>\n<meta property=\"og:description\" content=\"Nicol\u00e1s Reyes Ludin es docente de la Escuela de M\u00fasica y Sonido de ARCOS Valpara\u00edso. Tambi\u00e9n tiene un proyecto musical de tr\u00edo y es parte de la banda de Antonio Monasterio Ensamble, donde ampl\u00eda su experiencia y su relato pedag\u00f3gico, con hitos que van desde una gira a Jap\u00f3n el a\u00f1o pasado hasta el reciente [&hellip;]\" \/>\n<meta property=\"og:url\" content=\"https:\/\/dev.antudigital.cl\/sites\/vc\/musico-y-docente-de-i-p-arcos-conversa-con-valparaiso-creativo-sobre-gira-a-japon-y-otros-temas\/\" \/>\n<meta property=\"og:site_name\" content=\"Valpara\u00ed\u00adso Creativo\" \/>\n<meta property=\"article:published_time\" content=\"2024-07-16T00:00:24+00:00\" \/>\n<meta property=\"article:modified_time\" content=\"2024-07-16T00:00:46+00:00\" \/>\n<meta property=\"og:image\" content=\"https:\/\/dev.antudigital.cl\/sites\/vc\/wp-content\/uploads\/2024\/07\/Nico-4.jpg\" \/>\n\t<meta property=\"og:image:width\" content=\"1080\" \/>\n\t<meta property=\"og:image:height\" content=\"720\" \/>\n\t<meta property=\"og:image:type\" content=\"image\/jpeg\" \/>\n<meta name=\"author\" content=\"Valpara\u00edso Creativo\" \/>\n<meta name=\"twitter:card\" content=\"summary_large_image\" \/>\n<meta name=\"twitter:label1\" content=\"Escrito por\" \/>\n\t<meta name=\"twitter:data1\" content=\"Valpara\u00edso Creativo\" \/>\n\t<meta name=\"twitter:label2\" content=\"Tiempo de lectura\" \/>\n\t<meta name=\"twitter:data2\" content=\"6 minutos\" \/>\n<script type=\"application\/ld+json\" class=\"yoast-schema-graph\">{\"@context\":\"https:\/\/schema.org\",\"@graph\":[{\"@type\":\"Article\",\"@id\":\"https:\/\/dev.antudigital.cl\/sites\/vc\/musico-y-docente-de-i-p-arcos-conversa-con-valparaiso-creativo-sobre-gira-a-japon-y-otros-temas\/#article\",\"isPartOf\":{\"@id\":\"https:\/\/dev.antudigital.cl\/sites\/vc\/musico-y-docente-de-i-p-arcos-conversa-con-valparaiso-creativo-sobre-gira-a-japon-y-otros-temas\/\"},\"author\":{\"name\":\"Valpara\u00edso Creativo\",\"@id\":\"https:\/\/dev.antudigital.cl\/sites\/vc\/#\/schema\/person\/c2b9da8dd545e27166fc5ab232837318\"},\"headline\":\"M\u00daSICO Y DOCENTE DE I.P. ARCOS CONVERSA CON VALPARA\u00cdSO CREATIVO SOBRE GIRA A JAP\u00d3N Y OTROS TEMAS\",\"datePublished\":\"2024-07-16T00:00:24+00:00\",\"dateModified\":\"2024-07-16T00:00:46+00:00\",\"mainEntityOfPage\":{\"@id\":\"https:\/\/dev.antudigital.cl\/sites\/vc\/musico-y-docente-de-i-p-arcos-conversa-con-valparaiso-creativo-sobre-gira-a-japon-y-otros-temas\/\"},\"wordCount\":1140,\"image\":{\"@id\":\"https:\/\/dev.antudigital.cl\/sites\/vc\/musico-y-docente-de-i-p-arcos-conversa-con-valparaiso-creativo-sobre-gira-a-japon-y-otros-temas\/#primaryimage\"},\"thumbnailUrl\":\"https:\/\/dev.antudigital.cl\/sites\/vc\/wp-content\/uploads\/2024\/07\/Nico-4.jpg\",\"articleSection\":[\"Blog\"],\"inLanguage\":\"es\"},{\"@type\":\"WebPage\",\"@id\":\"https:\/\/dev.antudigital.cl\/sites\/vc\/musico-y-docente-de-i-p-arcos-conversa-con-valparaiso-creativo-sobre-gira-a-japon-y-otros-temas\/\",\"url\":\"https:\/\/dev.antudigital.cl\/sites\/vc\/musico-y-docente-de-i-p-arcos-conversa-con-valparaiso-creativo-sobre-gira-a-japon-y-otros-temas\/\",\"name\":\"M\u00daSICO Y DOCENTE DE I.P. ARCOS CONVERSA CON VALPARA\u00cdSO CREATIVO SOBRE GIRA A JAP\u00d3N Y OTROS TEMAS - Valpara\u00ed\u00adso Creativo\",\"isPartOf\":{\"@id\":\"https:\/\/dev.antudigital.cl\/sites\/vc\/#website\"},\"primaryImageOfPage\":{\"@id\":\"https:\/\/dev.antudigital.cl\/sites\/vc\/musico-y-docente-de-i-p-arcos-conversa-con-valparaiso-creativo-sobre-gira-a-japon-y-otros-temas\/#primaryimage\"},\"image\":{\"@id\":\"https:\/\/dev.antudigital.cl\/sites\/vc\/musico-y-docente-de-i-p-arcos-conversa-con-valparaiso-creativo-sobre-gira-a-japon-y-otros-temas\/#primaryimage\"},\"thumbnailUrl\":\"https:\/\/dev.antudigital.cl\/sites\/vc\/wp-content\/uploads\/2024\/07\/Nico-4.jpg\",\"datePublished\":\"2024-07-16T00:00:24+00:00\",\"dateModified\":\"2024-07-16T00:00:46+00:00\",\"author\":{\"@id\":\"https:\/\/dev.antudigital.cl\/sites\/vc\/#\/schema\/person\/c2b9da8dd545e27166fc5ab232837318\"},\"breadcrumb\":{\"@id\":\"https:\/\/dev.antudigital.cl\/sites\/vc\/musico-y-docente-de-i-p-arcos-conversa-con-valparaiso-creativo-sobre-gira-a-japon-y-otros-temas\/#breadcrumb\"},\"inLanguage\":\"es\",\"potentialAction\":[{\"@type\":\"ReadAction\",\"target\":[\"https:\/\/dev.antudigital.cl\/sites\/vc\/musico-y-docente-de-i-p-arcos-conversa-con-valparaiso-creativo-sobre-gira-a-japon-y-otros-temas\/\"]}]},{\"@type\":\"ImageObject\",\"inLanguage\":\"es\",\"@id\":\"https:\/\/dev.antudigital.cl\/sites\/vc\/musico-y-docente-de-i-p-arcos-conversa-con-valparaiso-creativo-sobre-gira-a-japon-y-otros-temas\/#primaryimage\",\"url\":\"https:\/\/dev.antudigital.cl\/sites\/vc\/wp-content\/uploads\/2024\/07\/Nico-4.jpg\",\"contentUrl\":\"https:\/\/dev.antudigital.cl\/sites\/vc\/wp-content\/uploads\/2024\/07\/Nico-4.jpg\",\"width\":1080,\"height\":720},{\"@type\":\"BreadcrumbList\",\"@id\":\"https:\/\/dev.antudigital.cl\/sites\/vc\/musico-y-docente-de-i-p-arcos-conversa-con-valparaiso-creativo-sobre-gira-a-japon-y-otros-temas\/#breadcrumb\",\"itemListElement\":[{\"@type\":\"ListItem\",\"position\":1,\"name\":\"Home\",\"item\":\"https:\/\/dev.antudigital.cl\/sites\/vc\/\"},{\"@type\":\"ListItem\",\"position\":2,\"name\":\"M\u00daSICO Y DOCENTE DE I.P. ARCOS CONVERSA CON VALPARA\u00cdSO CREATIVO SOBRE GIRA A JAP\u00d3N Y OTROS TEMAS\"}]},{\"@type\":\"WebSite\",\"@id\":\"https:\/\/dev.antudigital.cl\/sites\/vc\/#website\",\"url\":\"https:\/\/dev.antudigital.cl\/sites\/vc\/\",\"name\":\"Valpara\u00ed\u00adso Creativo\",\"description\":\"\",\"potentialAction\":[{\"@type\":\"SearchAction\",\"target\":{\"@type\":\"EntryPoint\",\"urlTemplate\":\"https:\/\/dev.antudigital.cl\/sites\/vc\/?s={search_term_string}\"},\"query-input\":{\"@type\":\"PropertyValueSpecification\",\"valueRequired\":true,\"valueName\":\"search_term_string\"}}],\"inLanguage\":\"es\"},{\"@type\":\"Person\",\"@id\":\"https:\/\/dev.antudigital.cl\/sites\/vc\/#\/schema\/person\/c2b9da8dd545e27166fc5ab232837318\",\"name\":\"Valpara\u00edso Creativo\",\"description\":\"Periodista de cultura en la Regi\u00f3n de Valpara\u00edso.\",\"url\":\"https:\/\/dev.antudigital.cl\/sites\/vc\/author\/valpoadmin\/\"}]}<\/script>\n<!-- \/ Yoast SEO plugin. -->","yoast_head_json":{"title":"M\u00daSICO Y DOCENTE DE I.P. ARCOS CONVERSA CON VALPARA\u00cdSO CREATIVO SOBRE GIRA A JAP\u00d3N Y OTROS TEMAS - Valpara\u00ed\u00adso Creativo","robots":{"index":"index","follow":"follow","max-snippet":"max-snippet:-1","max-image-preview":"max-image-preview:large","max-video-preview":"max-video-preview:-1"},"canonical":"https:\/\/dev.antudigital.cl\/sites\/vc\/musico-y-docente-de-i-p-arcos-conversa-con-valparaiso-creativo-sobre-gira-a-japon-y-otros-temas\/","og_locale":"es_ES","og_type":"article","og_title":"M\u00daSICO Y DOCENTE DE I.P. ARCOS CONVERSA CON VALPARA\u00cdSO CREATIVO SOBRE GIRA A JAP\u00d3N Y OTROS TEMAS - Valpara\u00ed\u00adso Creativo","og_description":"Nicol\u00e1s Reyes Ludin es docente de la Escuela de M\u00fasica y Sonido de ARCOS Valpara\u00edso. Tambi\u00e9n tiene un proyecto musical de tr\u00edo y es parte de la banda de Antonio Monasterio Ensamble, donde ampl\u00eda su experiencia y su relato pedag\u00f3gico, con hitos que van desde una gira a Jap\u00f3n el a\u00f1o pasado hasta el reciente [&hellip;]","og_url":"https:\/\/dev.antudigital.cl\/sites\/vc\/musico-y-docente-de-i-p-arcos-conversa-con-valparaiso-creativo-sobre-gira-a-japon-y-otros-temas\/","og_site_name":"Valpara\u00ed\u00adso Creativo","article_published_time":"2024-07-16T00:00:24+00:00","article_modified_time":"2024-07-16T00:00:46+00:00","og_image":[{"width":1080,"height":720,"url":"https:\/\/dev.antudigital.cl\/sites\/vc\/wp-content\/uploads\/2024\/07\/Nico-4.jpg","type":"image\/jpeg"}],"author":"Valpara\u00edso Creativo","twitter_card":"summary_large_image","twitter_misc":{"Escrito por":"Valpara\u00edso Creativo","Tiempo de lectura":"6 minutos"},"schema":{"@context":"https:\/\/schema.org","@graph":[{"@type":"Article","@id":"https:\/\/dev.antudigital.cl\/sites\/vc\/musico-y-docente-de-i-p-arcos-conversa-con-valparaiso-creativo-sobre-gira-a-japon-y-otros-temas\/#article","isPartOf":{"@id":"https:\/\/dev.antudigital.cl\/sites\/vc\/musico-y-docente-de-i-p-arcos-conversa-con-valparaiso-creativo-sobre-gira-a-japon-y-otros-temas\/"},"author":{"name":"Valpara\u00edso Creativo","@id":"https:\/\/dev.antudigital.cl\/sites\/vc\/#\/schema\/person\/c2b9da8dd545e27166fc5ab232837318"},"headline":"M\u00daSICO Y DOCENTE DE I.P. ARCOS CONVERSA CON VALPARA\u00cdSO CREATIVO SOBRE GIRA A JAP\u00d3N Y OTROS TEMAS","datePublished":"2024-07-16T00:00:24+00:00","dateModified":"2024-07-16T00:00:46+00:00","mainEntityOfPage":{"@id":"https:\/\/dev.antudigital.cl\/sites\/vc\/musico-y-docente-de-i-p-arcos-conversa-con-valparaiso-creativo-sobre-gira-a-japon-y-otros-temas\/"},"wordCount":1140,"image":{"@id":"https:\/\/dev.antudigital.cl\/sites\/vc\/musico-y-docente-de-i-p-arcos-conversa-con-valparaiso-creativo-sobre-gira-a-japon-y-otros-temas\/#primaryimage"},"thumbnailUrl":"https:\/\/dev.antudigital.cl\/sites\/vc\/wp-content\/uploads\/2024\/07\/Nico-4.jpg","articleSection":["Blog"],"inLanguage":"es"},{"@type":"WebPage","@id":"https:\/\/dev.antudigital.cl\/sites\/vc\/musico-y-docente-de-i-p-arcos-conversa-con-valparaiso-creativo-sobre-gira-a-japon-y-otros-temas\/","url":"https:\/\/dev.antudigital.cl\/sites\/vc\/musico-y-docente-de-i-p-arcos-conversa-con-valparaiso-creativo-sobre-gira-a-japon-y-otros-temas\/","name":"M\u00daSICO Y DOCENTE DE I.P. ARCOS CONVERSA CON VALPARA\u00cdSO CREATIVO SOBRE GIRA A JAP\u00d3N Y OTROS TEMAS - Valpara\u00ed\u00adso Creativo","isPartOf":{"@id":"https:\/\/dev.antudigital.cl\/sites\/vc\/#website"},"primaryImageOfPage":{"@id":"https:\/\/dev.antudigital.cl\/sites\/vc\/musico-y-docente-de-i-p-arcos-conversa-con-valparaiso-creativo-sobre-gira-a-japon-y-otros-temas\/#primaryimage"},"image":{"@id":"https:\/\/dev.antudigital.cl\/sites\/vc\/musico-y-docente-de-i-p-arcos-conversa-con-valparaiso-creativo-sobre-gira-a-japon-y-otros-temas\/#primaryimage"},"thumbnailUrl":"https:\/\/dev.antudigital.cl\/sites\/vc\/wp-content\/uploads\/2024\/07\/Nico-4.jpg","datePublished":"2024-07-16T00:00:24+00:00","dateModified":"2024-07-16T00:00:46+00:00","author":{"@id":"https:\/\/dev.antudigital.cl\/sites\/vc\/#\/schema\/person\/c2b9da8dd545e27166fc5ab232837318"},"breadcrumb":{"@id":"https:\/\/dev.antudigital.cl\/sites\/vc\/musico-y-docente-de-i-p-arcos-conversa-con-valparaiso-creativo-sobre-gira-a-japon-y-otros-temas\/#breadcrumb"},"inLanguage":"es","potentialAction":[{"@type":"ReadAction","target":["https:\/\/dev.antudigital.cl\/sites\/vc\/musico-y-docente-de-i-p-arcos-conversa-con-valparaiso-creativo-sobre-gira-a-japon-y-otros-temas\/"]}]},{"@type":"ImageObject","inLanguage":"es","@id":"https:\/\/dev.antudigital.cl\/sites\/vc\/musico-y-docente-de-i-p-arcos-conversa-con-valparaiso-creativo-sobre-gira-a-japon-y-otros-temas\/#primaryimage","url":"https:\/\/dev.antudigital.cl\/sites\/vc\/wp-content\/uploads\/2024\/07\/Nico-4.jpg","contentUrl":"https:\/\/dev.antudigital.cl\/sites\/vc\/wp-content\/uploads\/2024\/07\/Nico-4.jpg","width":1080,"height":720},{"@type":"BreadcrumbList","@id":"https:\/\/dev.antudigital.cl\/sites\/vc\/musico-y-docente-de-i-p-arcos-conversa-con-valparaiso-creativo-sobre-gira-a-japon-y-otros-temas\/#breadcrumb","itemListElement":[{"@type":"ListItem","position":1,"name":"Home","item":"https:\/\/dev.antudigital.cl\/sites\/vc\/"},{"@type":"ListItem","position":2,"name":"M\u00daSICO Y DOCENTE DE I.P. ARCOS CONVERSA CON VALPARA\u00cdSO CREATIVO SOBRE GIRA A JAP\u00d3N Y OTROS TEMAS"}]},{"@type":"WebSite","@id":"https:\/\/dev.antudigital.cl\/sites\/vc\/#website","url":"https:\/\/dev.antudigital.cl\/sites\/vc\/","name":"Valpara\u00ed\u00adso Creativo","description":"","potentialAction":[{"@type":"SearchAction","target":{"@type":"EntryPoint","urlTemplate":"https:\/\/dev.antudigital.cl\/sites\/vc\/?s={search_term_string}"},"query-input":{"@type":"PropertyValueSpecification","valueRequired":true,"valueName":"search_term_string"}}],"inLanguage":"es"},{"@type":"Person","@id":"https:\/\/dev.antudigital.cl\/sites\/vc\/#\/schema\/person\/c2b9da8dd545e27166fc5ab232837318","name":"Valpara\u00edso Creativo","description":"Periodista de cultura en la Regi\u00f3n de Valpara\u00edso.","url":"https:\/\/dev.antudigital.cl\/sites\/vc\/author\/valpoadmin\/"}]}},"_links":{"self":[{"href":"https:\/\/dev.antudigital.cl\/sites\/vc\/wp-json\/wp\/v2\/posts\/19737","targetHints":{"allow":["GET"]}}],"collection":[{"href":"https:\/\/dev.antudigital.cl\/sites\/vc\/wp-json\/wp\/v2\/posts"}],"about":[{"href":"https:\/\/dev.antudigital.cl\/sites\/vc\/wp-json\/wp\/v2\/types\/post"}],"author":[{"embeddable":true,"href":"https:\/\/dev.antudigital.cl\/sites\/vc\/wp-json\/wp\/v2\/users\/1"}],"replies":[{"embeddable":true,"href":"https:\/\/dev.antudigital.cl\/sites\/vc\/wp-json\/wp\/v2\/comments?post=19737"}],"version-history":[{"count":1,"href":"https:\/\/dev.antudigital.cl\/sites\/vc\/wp-json\/wp\/v2\/posts\/19737\/revisions"}],"predecessor-version":[{"id":19742,"href":"https:\/\/dev.antudigital.cl\/sites\/vc\/wp-json\/wp\/v2\/posts\/19737\/revisions\/19742"}],"wp:featuredmedia":[{"embeddable":true,"href":"https:\/\/dev.antudigital.cl\/sites\/vc\/wp-json\/wp\/v2\/media\/19740"}],"wp:attachment":[{"href":"https:\/\/dev.antudigital.cl\/sites\/vc\/wp-json\/wp\/v2\/media?parent=19737"}],"wp:term":[{"taxonomy":"category","embeddable":true,"href":"https:\/\/dev.antudigital.cl\/sites\/vc\/wp-json\/wp\/v2\/categories?post=19737"},{"taxonomy":"post_tag","embeddable":true,"href":"https:\/\/dev.antudigital.cl\/sites\/vc\/wp-json\/wp\/v2\/tags?post=19737"}],"curies":[{"name":"wp","href":"https:\/\/api.w.org\/{rel}","templated":true}]}}