{"id":19750,"date":"2024-07-16T02:41:05","date_gmt":"2024-07-16T02:41:05","guid":{"rendered":"https:\/\/www.valparaisocreativo.cl\/?p=19750"},"modified":"2024-07-16T02:41:25","modified_gmt":"2024-07-16T02:41:25","slug":"creando-nuevos-imaginarios-a-traves-de-la-estetica-y-teoria","status":"publish","type":"post","link":"https:\/\/dev.antudigital.cl\/sites\/vc\/creando-nuevos-imaginarios-a-traves-de-la-estetica-y-teoria\/","title":{"rendered":"Creando nuevos imaginarios a trav\u00e9s de la est\u00e9tica y teor\u00eda"},"content":{"rendered":"\n<p>La Universidad de Valpara\u00edso a trav\u00e9s de sus Escuelas de Cine y de Dise\u00f1o, ambas en conjunto, se encuentran ofertando el Diplomado de Direcci\u00f3n en Arte en su primera edici\u00f3n, con postulaciones abiertas para el 2025.<\/p>\n\n\n\n<p>Este nuevo programa acad\u00e9mico responde a una necesidad en el rubro creativo, pero, \u00bfqu\u00e9 es la Direcci\u00f3n de Arte? \u00bfA qu\u00e9 imaginarios y procesos creativos nos lleva?<\/p>\n\n\n\n<p>Esto y m\u00e1s hablamos con las docentes Marinella Bustamante (Escuela de Dise\u00f1o) y Francisca Droppelmann (Escuela de Cine) sobre la nueva propuesta curricular que tienen:\u00a0<\/p>\n\n\n\n<p><\/p>\n\n\n\n<p><em>Fotograf\u00edas por Flavia Michell<\/em><\/p>\n\n\n\n<ul class=\"wp-block-list\">\n<li><strong>\u00bfCu\u00e1l es la visi\u00f3n que se propone desde el Diploma de post\u00edtulo en Direcci\u00f3n de Arte? \u00bfQu\u00e9 es lo que quieren aportar a trav\u00e9s de los contenidos que tienen?<\/strong><\/li>\n<\/ul>\n\n\n\n<p>&#8211; Marinella Bustamante: Desde el a\u00f1o pasado estuvimos armando y postulando el diplomado a la Universidad, donde hicimos un estudio que nos demostr\u00f3 que si bien la direcci\u00f3n de arte se ense\u00f1a y existe, es de manera m\u00e1s informal. Hay muy pocas instancias, y si hay son en Santiago, entonces la Direcci\u00f3n de Arte se est\u00e1 haciendo en base a la experiencia, no a la formaci\u00f3n te\u00f3rica. En base a nuestra observaci\u00f3n, nosotros nos quisimos juntar como escuelas para poder dictar este diploma. La idea b\u00e1sicamente es aportar desde la universidad a la formaci\u00f3n acad\u00e9mica de directores de arte desde y para distintas \u00e1reas.&nbsp;<\/p>\n\n\n\n<ul class=\"wp-block-list\">\n<li><strong>\u00bfCu\u00e1l es el prop\u00f3sito de las masterclass que est\u00e1n realizando, y qu\u00e9 herramientas se entregaron a la comunidad, por ejemplo, con la invitaci\u00f3n de Leandro Lunelli el pasado jueves?<\/strong><\/li>\n<\/ul>\n\n\n\n<p>&#8211; Francisca Droppelmann: En el caso de Leandro Lunelli, \u00e9l es actor, especialista en direcci\u00f3n de arte, tanto teatral como tambi\u00e9n de cine. Leandro tiene una visi\u00f3n s\u00faper internacional de la direcci\u00f3n de arte, porque ha trabajado en Europa y en Latinoam\u00e9rica. Esta masterclass trat\u00f3 sobre c\u00f3mo es la direcci\u00f3n de arte en Latinoam\u00e9rica y sobre la identidad que nos ofrece la est\u00e9tica latinoamericana en el cine. \u00c9l dio ejemplos de algunas pel\u00edculas, proyectos o series en las que ha trabajado, lo que nos ayuda a tener una mirada general de lo que est\u00e1 pasando en el pa\u00eds de al lado y de lo que puede pasar ac\u00e1, o profundizar sobre la preproducci\u00f3n de los proyectos antes de grabar, c\u00f3mo son los rodajes, cu\u00e1les son las im\u00e1genes y las referencias.\u00a0<\/p>\n\n\n\n<figure class=\"wp-block-image size-large\"><img fetchpriority=\"high\" decoding=\"async\" width=\"1024\" height=\"708\" src=\"https:\/\/www.valparaisocreativo.cl\/wp-content\/uploads\/2024\/07\/Charla_36-1024x708.jpg\" alt=\"\" class=\"wp-image-19752\" srcset=\"https:\/\/dev.antudigital.cl\/sites\/vc\/wp-content\/uploads\/2024\/07\/Charla_36-1024x708.jpg 1024w, https:\/\/dev.antudigital.cl\/sites\/vc\/wp-content\/uploads\/2024\/07\/Charla_36-300x207.jpg 300w, https:\/\/dev.antudigital.cl\/sites\/vc\/wp-content\/uploads\/2024\/07\/Charla_36-768x531.jpg 768w, https:\/\/dev.antudigital.cl\/sites\/vc\/wp-content\/uploads\/2024\/07\/Charla_36-1536x1062.jpg 1536w, https:\/\/dev.antudigital.cl\/sites\/vc\/wp-content\/uploads\/2024\/07\/Charla_36-2048x1415.jpg 2048w, https:\/\/dev.antudigital.cl\/sites\/vc\/wp-content\/uploads\/2024\/07\/Charla_36-1080x746.jpg 1080w, https:\/\/dev.antudigital.cl\/sites\/vc\/wp-content\/uploads\/2024\/07\/Charla_36-1280x885.jpg 1280w, https:\/\/dev.antudigital.cl\/sites\/vc\/wp-content\/uploads\/2024\/07\/Charla_36-980x677.jpg 980w, https:\/\/dev.antudigital.cl\/sites\/vc\/wp-content\/uploads\/2024\/07\/Charla_36-480x332.jpg 480w, https:\/\/dev.antudigital.cl\/sites\/vc\/wp-content\/uploads\/2024\/07\/Charla_36-24x17.jpg 24w, https:\/\/dev.antudigital.cl\/sites\/vc\/wp-content\/uploads\/2024\/07\/Charla_36-36x25.jpg 36w, https:\/\/dev.antudigital.cl\/sites\/vc\/wp-content\/uploads\/2024\/07\/Charla_36-48x33.jpg 48w\" sizes=\"(max-width: 1024px) 100vw, 1024px\" \/><\/figure>\n\n\n\n<ul class=\"wp-block-list\">\n<li><strong>Como Escuela, Universidad, \u00bfc\u00f3mo les toca vincularse con el medio?\u00a0<\/strong><\/li>\n<\/ul>\n\n\n\n<p>&#8211; Marinella Bustamante: Estamos reci\u00e9n armando un plan que ayude a difundirnos en este sentido. Nos vinculamos con quienes ejercen de manera descentralizada, no s\u00f3lo en la Regi\u00f3n. Creemos que desde un organismo p\u00fablico descentralizado como la Universidad, se puede trabajar con otra mirada y otros presupuestos, lo que te ense\u00f1a a ser m\u00e1s creativo a\u00fan.&nbsp;<\/p>\n\n\n\n<p>Francisca Droppelmann: Tambi\u00e9n hay que considerar que dentro de todo el universo de espacios acad\u00e9micos de Chile, hay acotados para las carreras creativas, por lo que gente viene de muchas partes del pa\u00eds a estudiar ac\u00e1. Tanto en cuanto a la escuela de cine como de Dise\u00f1o pasa esto. Estos chicos y chicas llegan como extranjeros a la ciudad, creando cosas s\u00faper interesantes tambi\u00e9n. Adem\u00e1s Valpara\u00edso tiene su m\u00edtica, por lo que hay atractivos en torno al diplomado que pueden atraer a los y las interesadas. Ac\u00e1 hay escena, por lo que los proyectos se pueden llevar a cabo tambi\u00e9n. Y para incluir a personas de otros territorios, hay algunas clases en l\u00ednea.<\/p>\n\n\n\n<ul class=\"wp-block-list\">\n<li><strong>Ya que no todos est\u00e1n relacionados con el concepto, \u00bfqu\u00e9 es la Direcci\u00f3n de Arte? \u00bfC\u00f3mo podemos darlo a entender su importancia en un proceso creativo?\u00a0<\/strong><\/li>\n<\/ul>\n\n\n\n<p>&#8211; Francisca Droppelmann: La direcci\u00f3n de arte es la est\u00e9tica de la obra. Como directora de arte tengo que crear, a base de referentes, una propuesta art\u00edstica. Esta se basa en ambientaci\u00f3n, utiler\u00eda, vestuario, escenograf\u00eda, es decir, todo lo tangible. Tengo que ver qu\u00e9 paleta de colores se usar\u00e1, texturas, qu\u00e9 visionado de pel\u00edculas tengo que ver antes de hacer la propuesta de arte, en concordancia con lo que propone el director. Es un proceso creativo bastante largo, hasta que el rol termina despu\u00e9s del rodaje.&nbsp;<\/p>\n\n\n\n<p>Esto puede ser en videoclip, en publicidad, en museo, una obra teatral, en todo. Siempre hay que estar con la tendencia, viendo qu\u00e9 est\u00e1 pasando.&nbsp;<\/p>\n\n\n\n<ul class=\"wp-block-list\">\n<li><strong>Quiz\u00e1s me voy a ir a un lugar complejo, pero, \u00bfc\u00f3mo observan esta importancia de la est\u00e9tica en este momento de la historia?\u00a0<\/strong><\/li>\n<\/ul>\n\n\n\n<p>&#8211; Marinella: Yo dir\u00eda que en este momento lo es todo, porque todos generan su propia imagen en esta era de Instagram. Es algo cotidiano la est\u00e9tica, no es profundidad desde su filosof\u00eda, sino que como elementos visuales que son parte de una propuesta.&nbsp;<\/p>\n\n\n\n<p>Hay un tema mucho m\u00e1s profundo tambi\u00e9n en lo est\u00e9tico, te\u00f3ricamente hablando. En los estudiantes, yo veo una superficialidad de la imagen, debido a la sobreimpresi\u00f3n de la misma, lo que no permite un an\u00e1lisis. Lo que nos lleva a la pregunta de \u00bfqu\u00e9 es arte y qu\u00e9 no?&nbsp;<\/p>\n\n\n\n<p>Eso genera una m\u00faltiple condici\u00f3n de artes en este presente, lo que es entretenido y complejo a la vez. Todo es arte al final. La creaci\u00f3n del celular fue el instrumento de varios artistas en el mundo, cre\u00f3 una igualdad de condiciones en el p\u00fablico. Va a generar un problema al futuro por este exceso de informaci\u00f3n que mencionamos.<\/p>\n\n\n\n<ul class=\"wp-block-list\">\n<li><strong>\u00bfQu\u00e9 elementos se pudieron profundizar a partir de la experiencia de Lunelli en la masterclass pasada?\u00a0<\/strong><\/li>\n<\/ul>\n\n\n\n<p>&#8211; Marinella Bustamante: A trav\u00e9s de Lunelli, hay un enfoque m\u00e1s all\u00e1 de lo latinoamericano, como regional, que nos acerca a lo que se vive en nuestras \u00e1reas en los territorios. En el Diplomado queremos rescatarles esa patria. Por eso queremos trabajar en Valpara\u00edso, con locaciones en Valpara\u00edso.&nbsp;<\/p>\n\n\n\n<p>&#8211; Francisca Droppelmann: En ese sentido nos interesaba mucho que Leandro pudiera hablar desde lo latinoamericano, porque sabemos que las macroproducciones no se producen ac\u00e1 en nuestro pa\u00eds. Nos interesa conocer otras realidades y contrastarlas para ver c\u00f3mo aplicar estos conocimientos a nuestra realidad. Con las masterclass queremos aportar una mirada territorial diversa y nutrida. En este sentido, Valpara\u00edso es \u00fanico y tiene muchos atributos para ser escenario de cine y otras producciones culturales.<\/p>\n\n\n\n<figure class=\"wp-block-image size-large\"><img decoding=\"async\" width=\"1024\" height=\"683\" src=\"https:\/\/www.valparaisocreativo.cl\/wp-content\/uploads\/2024\/07\/Charla_03-1024x683.jpg\" alt=\"\" class=\"wp-image-19753\" srcset=\"https:\/\/dev.antudigital.cl\/sites\/vc\/wp-content\/uploads\/2024\/07\/Charla_03-1024x683.jpg 1024w, https:\/\/dev.antudigital.cl\/sites\/vc\/wp-content\/uploads\/2024\/07\/Charla_03-300x200.jpg 300w, https:\/\/dev.antudigital.cl\/sites\/vc\/wp-content\/uploads\/2024\/07\/Charla_03-768x512.jpg 768w, https:\/\/dev.antudigital.cl\/sites\/vc\/wp-content\/uploads\/2024\/07\/Charla_03-1536x1024.jpg 1536w, https:\/\/dev.antudigital.cl\/sites\/vc\/wp-content\/uploads\/2024\/07\/Charla_03-2048x1366.jpg 2048w, https:\/\/dev.antudigital.cl\/sites\/vc\/wp-content\/uploads\/2024\/07\/Charla_03-1080x720.jpg 1080w, https:\/\/dev.antudigital.cl\/sites\/vc\/wp-content\/uploads\/2024\/07\/Charla_03-1280x854.jpg 1280w, https:\/\/dev.antudigital.cl\/sites\/vc\/wp-content\/uploads\/2024\/07\/Charla_03-980x654.jpg 980w, https:\/\/dev.antudigital.cl\/sites\/vc\/wp-content\/uploads\/2024\/07\/Charla_03-480x320.jpg 480w, https:\/\/dev.antudigital.cl\/sites\/vc\/wp-content\/uploads\/2024\/07\/Charla_03-24x16.jpg 24w, https:\/\/dev.antudigital.cl\/sites\/vc\/wp-content\/uploads\/2024\/07\/Charla_03-36x24.jpg 36w, https:\/\/dev.antudigital.cl\/sites\/vc\/wp-content\/uploads\/2024\/07\/Charla_03-48x32.jpg 48w\" sizes=\"(max-width: 1024px) 100vw, 1024px\" \/><\/figure>\n\n\n\n<ul class=\"wp-block-list\">\n<li><strong>\u00bfCu\u00e1l es su visi\u00f3n de los proyectos de arte en la Regi\u00f3n de Valpara\u00edso desde su \u00e1rea y observaci\u00f3n?<\/strong><\/li>\n<\/ul>\n\n\n\n<p>&#8211; Marinella Bustamante: Como dec\u00edamos antes, la direcci\u00f3n de arte abre muchas posibilidades en distintos \u00e1mbitos de acci\u00f3n. Vemos que mucha gente que hace sus propios proyectos o son sus propios empleados, hay mucha autogesti\u00f3n. El Diplomado creo que se genera como un aprendizaje en pos de esta independencia para saber c\u00f3mo crear una propuesta, pero tambi\u00e9n de c\u00f3mo ser parte de un departamento.&nbsp;<\/p>\n\n\n\n<ul class=\"wp-block-list\">\n<li><strong>\u00bfDe qu\u00e9 manera creen que se pueden potenciar entre las escuelas de dise\u00f1o y cine como ustedes?<\/strong><\/li>\n<\/ul>\n\n\n\n<p>&#8211; Marinella Bustamante: Estamos innovando al fusionar nuestras escuelas, por una parte. Este ha sido un trabajo s\u00faper fluido. Visualizamos nuestras debilidades y fortalezas para complementarnos entre cine y dise\u00f1o.&nbsp;<\/p>\n\n\n\n<p>&#8211; Francisca Droppelmann: Creo que lo bueno de esta mezcla entre escuelas, es que nosotros desde cine sabemos mucho de teor\u00eda, de leer guiones, de c\u00f3mo funciona el rodaje, pero de temas materiales no sabemos: c\u00f3mo crear un vestuario, hacer una escenograf\u00eda, c\u00f3mo crear, toda esa l\u00f3gica que nos da el dise\u00f1o. Esto nos nutre mucho como Diplomado.<\/p>\n\n\n\n<p><\/p>\n\n\n\n<p><\/p>\n\n\n\n<p>Si quieres conocer el programa o saber m\u00e1s, te invitamos a revisar <a href=\"https:\/\/www.instagram.com\/direcciondearte_uv\/\">su Instagram<\/a> y <a href=\"https:\/\/postgrados.uv.cl\/diplomas\/facultad-de-arquitectura\/direccion-arte\">sitio web<\/a>.<\/p>\n\n\n\n<figure class=\"wp-block-image size-large\"><img decoding=\"async\" width=\"874\" height=\"1024\" src=\"https:\/\/www.valparaisocreativo.cl\/wp-content\/uploads\/2024\/07\/Captura-de-Pantalla-2024-07-04-a-las-10.09.52-874x1024.png\" alt=\"\" class=\"wp-image-19751\" srcset=\"https:\/\/dev.antudigital.cl\/sites\/vc\/wp-content\/uploads\/2024\/07\/Captura-de-Pantalla-2024-07-04-a-las-10.09.52-874x1024.png 874w, https:\/\/dev.antudigital.cl\/sites\/vc\/wp-content\/uploads\/2024\/07\/Captura-de-Pantalla-2024-07-04-a-las-10.09.52-256x300.png 256w, https:\/\/dev.antudigital.cl\/sites\/vc\/wp-content\/uploads\/2024\/07\/Captura-de-Pantalla-2024-07-04-a-las-10.09.52-768x900.png 768w, https:\/\/dev.antudigital.cl\/sites\/vc\/wp-content\/uploads\/2024\/07\/Captura-de-Pantalla-2024-07-04-a-las-10.09.52-480x562.png 480w, https:\/\/dev.antudigital.cl\/sites\/vc\/wp-content\/uploads\/2024\/07\/Captura-de-Pantalla-2024-07-04-a-las-10.09.52-20x24.png 20w, https:\/\/dev.antudigital.cl\/sites\/vc\/wp-content\/uploads\/2024\/07\/Captura-de-Pantalla-2024-07-04-a-las-10.09.52-31x36.png 31w, https:\/\/dev.antudigital.cl\/sites\/vc\/wp-content\/uploads\/2024\/07\/Captura-de-Pantalla-2024-07-04-a-las-10.09.52-41x48.png 41w, https:\/\/dev.antudigital.cl\/sites\/vc\/wp-content\/uploads\/2024\/07\/Captura-de-Pantalla-2024-07-04-a-las-10.09.52.png 968w\" sizes=\"(max-width: 874px) 100vw, 874px\" \/><\/figure>\n","protected":false},"excerpt":{"rendered":"<p>La Universidad de Valpara\u00edso a trav\u00e9s de sus Escuelas de Cine y de Dise\u00f1o, ambas en conjunto, se encuentran ofertando el Diplomado de Direcci\u00f3n en Arte en su primera edici\u00f3n, con postulaciones abiertas para el 2025. Este nuevo programa acad\u00e9mico responde a una necesidad en el rubro creativo, pero, \u00bfqu\u00e9 es la Direcci\u00f3n de Arte? [&hellip;]<\/p>\n","protected":false},"author":1,"featured_media":19754,"comment_status":"closed","ping_status":"closed","sticky":false,"template":"","format":"standard","meta":{"_acf_changed":false,"footnotes":""},"categories":[218],"tags":[],"class_list":["post-19750","post","type-post","status-publish","format-standard","has-post-thumbnail","hentry","category-blog"],"acf":[],"yoast_head":"<!-- This site is optimized with the Yoast SEO plugin v27.1.1 - https:\/\/yoast.com\/product\/yoast-seo-wordpress\/ -->\n<title>Creando nuevos imaginarios a trav\u00e9s de la est\u00e9tica y teor\u00eda - Valpara\u00ed\u00adso Creativo<\/title>\n<meta name=\"robots\" content=\"index, follow, max-snippet:-1, max-image-preview:large, max-video-preview:-1\" \/>\n<link rel=\"canonical\" href=\"https:\/\/dev.antudigital.cl\/sites\/vc\/creando-nuevos-imaginarios-a-traves-de-la-estetica-y-teoria\/\" \/>\n<meta property=\"og:locale\" content=\"es_ES\" \/>\n<meta property=\"og:type\" content=\"article\" \/>\n<meta property=\"og:title\" content=\"Creando nuevos imaginarios a trav\u00e9s de la est\u00e9tica y teor\u00eda - Valpara\u00ed\u00adso Creativo\" \/>\n<meta property=\"og:description\" content=\"La Universidad de Valpara\u00edso a trav\u00e9s de sus Escuelas de Cine y de Dise\u00f1o, ambas en conjunto, se encuentran ofertando el Diplomado de Direcci\u00f3n en Arte en su primera edici\u00f3n, con postulaciones abiertas para el 2025. Este nuevo programa acad\u00e9mico responde a una necesidad en el rubro creativo, pero, \u00bfqu\u00e9 es la Direcci\u00f3n de Arte? [&hellip;]\" \/>\n<meta property=\"og:url\" content=\"https:\/\/dev.antudigital.cl\/sites\/vc\/creando-nuevos-imaginarios-a-traves-de-la-estetica-y-teoria\/\" \/>\n<meta property=\"og:site_name\" content=\"Valpara\u00ed\u00adso Creativo\" \/>\n<meta property=\"article:published_time\" content=\"2024-07-16T02:41:05+00:00\" \/>\n<meta property=\"article:modified_time\" content=\"2024-07-16T02:41:25+00:00\" \/>\n<meta property=\"og:image\" content=\"https:\/\/dev.antudigital.cl\/sites\/vc\/wp-content\/uploads\/2024\/07\/Charla_19.jpg\" \/>\n\t<meta property=\"og:image:width\" content=\"2480\" \/>\n\t<meta property=\"og:image:height\" content=\"1658\" \/>\n\t<meta property=\"og:image:type\" content=\"image\/jpeg\" \/>\n<meta name=\"author\" content=\"Valpara\u00edso Creativo\" \/>\n<meta name=\"twitter:card\" content=\"summary_large_image\" \/>\n<meta name=\"twitter:label1\" content=\"Escrito por\" \/>\n\t<meta name=\"twitter:data1\" content=\"Valpara\u00edso Creativo\" \/>\n\t<meta name=\"twitter:label2\" content=\"Tiempo de lectura\" \/>\n\t<meta name=\"twitter:data2\" content=\"7 minutos\" \/>\n<script type=\"application\/ld+json\" class=\"yoast-schema-graph\">{\"@context\":\"https:\/\/schema.org\",\"@graph\":[{\"@type\":\"Article\",\"@id\":\"https:\/\/dev.antudigital.cl\/sites\/vc\/creando-nuevos-imaginarios-a-traves-de-la-estetica-y-teoria\/#article\",\"isPartOf\":{\"@id\":\"https:\/\/dev.antudigital.cl\/sites\/vc\/creando-nuevos-imaginarios-a-traves-de-la-estetica-y-teoria\/\"},\"author\":{\"name\":\"Valpara\u00edso Creativo\",\"@id\":\"https:\/\/dev.antudigital.cl\/sites\/vc\/#\/schema\/person\/c2b9da8dd545e27166fc5ab232837318\"},\"headline\":\"Creando nuevos imaginarios a trav\u00e9s de la est\u00e9tica y teor\u00eda\",\"datePublished\":\"2024-07-16T02:41:05+00:00\",\"dateModified\":\"2024-07-16T02:41:25+00:00\",\"mainEntityOfPage\":{\"@id\":\"https:\/\/dev.antudigital.cl\/sites\/vc\/creando-nuevos-imaginarios-a-traves-de-la-estetica-y-teoria\/\"},\"wordCount\":1362,\"image\":{\"@id\":\"https:\/\/dev.antudigital.cl\/sites\/vc\/creando-nuevos-imaginarios-a-traves-de-la-estetica-y-teoria\/#primaryimage\"},\"thumbnailUrl\":\"https:\/\/dev.antudigital.cl\/sites\/vc\/wp-content\/uploads\/2024\/07\/Charla_19.jpg\",\"articleSection\":[\"Blog\"],\"inLanguage\":\"es\"},{\"@type\":\"WebPage\",\"@id\":\"https:\/\/dev.antudigital.cl\/sites\/vc\/creando-nuevos-imaginarios-a-traves-de-la-estetica-y-teoria\/\",\"url\":\"https:\/\/dev.antudigital.cl\/sites\/vc\/creando-nuevos-imaginarios-a-traves-de-la-estetica-y-teoria\/\",\"name\":\"Creando nuevos imaginarios a trav\u00e9s de la est\u00e9tica y teor\u00eda - Valpara\u00ed\u00adso Creativo\",\"isPartOf\":{\"@id\":\"https:\/\/dev.antudigital.cl\/sites\/vc\/#website\"},\"primaryImageOfPage\":{\"@id\":\"https:\/\/dev.antudigital.cl\/sites\/vc\/creando-nuevos-imaginarios-a-traves-de-la-estetica-y-teoria\/#primaryimage\"},\"image\":{\"@id\":\"https:\/\/dev.antudigital.cl\/sites\/vc\/creando-nuevos-imaginarios-a-traves-de-la-estetica-y-teoria\/#primaryimage\"},\"thumbnailUrl\":\"https:\/\/dev.antudigital.cl\/sites\/vc\/wp-content\/uploads\/2024\/07\/Charla_19.jpg\",\"datePublished\":\"2024-07-16T02:41:05+00:00\",\"dateModified\":\"2024-07-16T02:41:25+00:00\",\"author\":{\"@id\":\"https:\/\/dev.antudigital.cl\/sites\/vc\/#\/schema\/person\/c2b9da8dd545e27166fc5ab232837318\"},\"breadcrumb\":{\"@id\":\"https:\/\/dev.antudigital.cl\/sites\/vc\/creando-nuevos-imaginarios-a-traves-de-la-estetica-y-teoria\/#breadcrumb\"},\"inLanguage\":\"es\",\"potentialAction\":[{\"@type\":\"ReadAction\",\"target\":[\"https:\/\/dev.antudigital.cl\/sites\/vc\/creando-nuevos-imaginarios-a-traves-de-la-estetica-y-teoria\/\"]}]},{\"@type\":\"ImageObject\",\"inLanguage\":\"es\",\"@id\":\"https:\/\/dev.antudigital.cl\/sites\/vc\/creando-nuevos-imaginarios-a-traves-de-la-estetica-y-teoria\/#primaryimage\",\"url\":\"https:\/\/dev.antudigital.cl\/sites\/vc\/wp-content\/uploads\/2024\/07\/Charla_19.jpg\",\"contentUrl\":\"https:\/\/dev.antudigital.cl\/sites\/vc\/wp-content\/uploads\/2024\/07\/Charla_19.jpg\",\"width\":2480,\"height\":1658},{\"@type\":\"BreadcrumbList\",\"@id\":\"https:\/\/dev.antudigital.cl\/sites\/vc\/creando-nuevos-imaginarios-a-traves-de-la-estetica-y-teoria\/#breadcrumb\",\"itemListElement\":[{\"@type\":\"ListItem\",\"position\":1,\"name\":\"Home\",\"item\":\"https:\/\/dev.antudigital.cl\/sites\/vc\/\"},{\"@type\":\"ListItem\",\"position\":2,\"name\":\"Creando nuevos imaginarios a trav\u00e9s de la est\u00e9tica y teor\u00eda\"}]},{\"@type\":\"WebSite\",\"@id\":\"https:\/\/dev.antudigital.cl\/sites\/vc\/#website\",\"url\":\"https:\/\/dev.antudigital.cl\/sites\/vc\/\",\"name\":\"Valpara\u00ed\u00adso Creativo\",\"description\":\"\",\"potentialAction\":[{\"@type\":\"SearchAction\",\"target\":{\"@type\":\"EntryPoint\",\"urlTemplate\":\"https:\/\/dev.antudigital.cl\/sites\/vc\/?s={search_term_string}\"},\"query-input\":{\"@type\":\"PropertyValueSpecification\",\"valueRequired\":true,\"valueName\":\"search_term_string\"}}],\"inLanguage\":\"es\"},{\"@type\":\"Person\",\"@id\":\"https:\/\/dev.antudigital.cl\/sites\/vc\/#\/schema\/person\/c2b9da8dd545e27166fc5ab232837318\",\"name\":\"Valpara\u00edso Creativo\",\"description\":\"Periodista de cultura en la Regi\u00f3n de Valpara\u00edso.\",\"url\":\"https:\/\/dev.antudigital.cl\/sites\/vc\/author\/valpoadmin\/\"}]}<\/script>\n<!-- \/ Yoast SEO plugin. -->","yoast_head_json":{"title":"Creando nuevos imaginarios a trav\u00e9s de la est\u00e9tica y teor\u00eda - Valpara\u00ed\u00adso Creativo","robots":{"index":"index","follow":"follow","max-snippet":"max-snippet:-1","max-image-preview":"max-image-preview:large","max-video-preview":"max-video-preview:-1"},"canonical":"https:\/\/dev.antudigital.cl\/sites\/vc\/creando-nuevos-imaginarios-a-traves-de-la-estetica-y-teoria\/","og_locale":"es_ES","og_type":"article","og_title":"Creando nuevos imaginarios a trav\u00e9s de la est\u00e9tica y teor\u00eda - Valpara\u00ed\u00adso Creativo","og_description":"La Universidad de Valpara\u00edso a trav\u00e9s de sus Escuelas de Cine y de Dise\u00f1o, ambas en conjunto, se encuentran ofertando el Diplomado de Direcci\u00f3n en Arte en su primera edici\u00f3n, con postulaciones abiertas para el 2025. Este nuevo programa acad\u00e9mico responde a una necesidad en el rubro creativo, pero, \u00bfqu\u00e9 es la Direcci\u00f3n de Arte? [&hellip;]","og_url":"https:\/\/dev.antudigital.cl\/sites\/vc\/creando-nuevos-imaginarios-a-traves-de-la-estetica-y-teoria\/","og_site_name":"Valpara\u00ed\u00adso Creativo","article_published_time":"2024-07-16T02:41:05+00:00","article_modified_time":"2024-07-16T02:41:25+00:00","og_image":[{"width":2480,"height":1658,"url":"https:\/\/dev.antudigital.cl\/sites\/vc\/wp-content\/uploads\/2024\/07\/Charla_19.jpg","type":"image\/jpeg"}],"author":"Valpara\u00edso Creativo","twitter_card":"summary_large_image","twitter_misc":{"Escrito por":"Valpara\u00edso Creativo","Tiempo de lectura":"7 minutos"},"schema":{"@context":"https:\/\/schema.org","@graph":[{"@type":"Article","@id":"https:\/\/dev.antudigital.cl\/sites\/vc\/creando-nuevos-imaginarios-a-traves-de-la-estetica-y-teoria\/#article","isPartOf":{"@id":"https:\/\/dev.antudigital.cl\/sites\/vc\/creando-nuevos-imaginarios-a-traves-de-la-estetica-y-teoria\/"},"author":{"name":"Valpara\u00edso Creativo","@id":"https:\/\/dev.antudigital.cl\/sites\/vc\/#\/schema\/person\/c2b9da8dd545e27166fc5ab232837318"},"headline":"Creando nuevos imaginarios a trav\u00e9s de la est\u00e9tica y teor\u00eda","datePublished":"2024-07-16T02:41:05+00:00","dateModified":"2024-07-16T02:41:25+00:00","mainEntityOfPage":{"@id":"https:\/\/dev.antudigital.cl\/sites\/vc\/creando-nuevos-imaginarios-a-traves-de-la-estetica-y-teoria\/"},"wordCount":1362,"image":{"@id":"https:\/\/dev.antudigital.cl\/sites\/vc\/creando-nuevos-imaginarios-a-traves-de-la-estetica-y-teoria\/#primaryimage"},"thumbnailUrl":"https:\/\/dev.antudigital.cl\/sites\/vc\/wp-content\/uploads\/2024\/07\/Charla_19.jpg","articleSection":["Blog"],"inLanguage":"es"},{"@type":"WebPage","@id":"https:\/\/dev.antudigital.cl\/sites\/vc\/creando-nuevos-imaginarios-a-traves-de-la-estetica-y-teoria\/","url":"https:\/\/dev.antudigital.cl\/sites\/vc\/creando-nuevos-imaginarios-a-traves-de-la-estetica-y-teoria\/","name":"Creando nuevos imaginarios a trav\u00e9s de la est\u00e9tica y teor\u00eda - Valpara\u00ed\u00adso Creativo","isPartOf":{"@id":"https:\/\/dev.antudigital.cl\/sites\/vc\/#website"},"primaryImageOfPage":{"@id":"https:\/\/dev.antudigital.cl\/sites\/vc\/creando-nuevos-imaginarios-a-traves-de-la-estetica-y-teoria\/#primaryimage"},"image":{"@id":"https:\/\/dev.antudigital.cl\/sites\/vc\/creando-nuevos-imaginarios-a-traves-de-la-estetica-y-teoria\/#primaryimage"},"thumbnailUrl":"https:\/\/dev.antudigital.cl\/sites\/vc\/wp-content\/uploads\/2024\/07\/Charla_19.jpg","datePublished":"2024-07-16T02:41:05+00:00","dateModified":"2024-07-16T02:41:25+00:00","author":{"@id":"https:\/\/dev.antudigital.cl\/sites\/vc\/#\/schema\/person\/c2b9da8dd545e27166fc5ab232837318"},"breadcrumb":{"@id":"https:\/\/dev.antudigital.cl\/sites\/vc\/creando-nuevos-imaginarios-a-traves-de-la-estetica-y-teoria\/#breadcrumb"},"inLanguage":"es","potentialAction":[{"@type":"ReadAction","target":["https:\/\/dev.antudigital.cl\/sites\/vc\/creando-nuevos-imaginarios-a-traves-de-la-estetica-y-teoria\/"]}]},{"@type":"ImageObject","inLanguage":"es","@id":"https:\/\/dev.antudigital.cl\/sites\/vc\/creando-nuevos-imaginarios-a-traves-de-la-estetica-y-teoria\/#primaryimage","url":"https:\/\/dev.antudigital.cl\/sites\/vc\/wp-content\/uploads\/2024\/07\/Charla_19.jpg","contentUrl":"https:\/\/dev.antudigital.cl\/sites\/vc\/wp-content\/uploads\/2024\/07\/Charla_19.jpg","width":2480,"height":1658},{"@type":"BreadcrumbList","@id":"https:\/\/dev.antudigital.cl\/sites\/vc\/creando-nuevos-imaginarios-a-traves-de-la-estetica-y-teoria\/#breadcrumb","itemListElement":[{"@type":"ListItem","position":1,"name":"Home","item":"https:\/\/dev.antudigital.cl\/sites\/vc\/"},{"@type":"ListItem","position":2,"name":"Creando nuevos imaginarios a trav\u00e9s de la est\u00e9tica y teor\u00eda"}]},{"@type":"WebSite","@id":"https:\/\/dev.antudigital.cl\/sites\/vc\/#website","url":"https:\/\/dev.antudigital.cl\/sites\/vc\/","name":"Valpara\u00ed\u00adso Creativo","description":"","potentialAction":[{"@type":"SearchAction","target":{"@type":"EntryPoint","urlTemplate":"https:\/\/dev.antudigital.cl\/sites\/vc\/?s={search_term_string}"},"query-input":{"@type":"PropertyValueSpecification","valueRequired":true,"valueName":"search_term_string"}}],"inLanguage":"es"},{"@type":"Person","@id":"https:\/\/dev.antudigital.cl\/sites\/vc\/#\/schema\/person\/c2b9da8dd545e27166fc5ab232837318","name":"Valpara\u00edso Creativo","description":"Periodista de cultura en la Regi\u00f3n de Valpara\u00edso.","url":"https:\/\/dev.antudigital.cl\/sites\/vc\/author\/valpoadmin\/"}]}},"_links":{"self":[{"href":"https:\/\/dev.antudigital.cl\/sites\/vc\/wp-json\/wp\/v2\/posts\/19750","targetHints":{"allow":["GET"]}}],"collection":[{"href":"https:\/\/dev.antudigital.cl\/sites\/vc\/wp-json\/wp\/v2\/posts"}],"about":[{"href":"https:\/\/dev.antudigital.cl\/sites\/vc\/wp-json\/wp\/v2\/types\/post"}],"author":[{"embeddable":true,"href":"https:\/\/dev.antudigital.cl\/sites\/vc\/wp-json\/wp\/v2\/users\/1"}],"replies":[{"embeddable":true,"href":"https:\/\/dev.antudigital.cl\/sites\/vc\/wp-json\/wp\/v2\/comments?post=19750"}],"version-history":[{"count":1,"href":"https:\/\/dev.antudigital.cl\/sites\/vc\/wp-json\/wp\/v2\/posts\/19750\/revisions"}],"predecessor-version":[{"id":19755,"href":"https:\/\/dev.antudigital.cl\/sites\/vc\/wp-json\/wp\/v2\/posts\/19750\/revisions\/19755"}],"wp:featuredmedia":[{"embeddable":true,"href":"https:\/\/dev.antudigital.cl\/sites\/vc\/wp-json\/wp\/v2\/media\/19754"}],"wp:attachment":[{"href":"https:\/\/dev.antudigital.cl\/sites\/vc\/wp-json\/wp\/v2\/media?parent=19750"}],"wp:term":[{"taxonomy":"category","embeddable":true,"href":"https:\/\/dev.antudigital.cl\/sites\/vc\/wp-json\/wp\/v2\/categories?post=19750"},{"taxonomy":"post_tag","embeddable":true,"href":"https:\/\/dev.antudigital.cl\/sites\/vc\/wp-json\/wp\/v2\/tags?post=19750"}],"curies":[{"name":"wp","href":"https:\/\/api.w.org\/{rel}","templated":true}]}}