{"id":19760,"date":"2024-07-18T15:14:35","date_gmt":"2024-07-18T15:14:35","guid":{"rendered":"https:\/\/www.valparaisocreativo.cl\/?p=19760"},"modified":"2024-07-18T15:14:51","modified_gmt":"2024-07-18T15:14:51","slug":"sonec-sonoteca-lanza-primer-directorio-de-creadoras-y-creadores-sonoros","status":"publish","type":"post","link":"https:\/\/dev.antudigital.cl\/sites\/vc\/sonec-sonoteca-lanza-primer-directorio-de-creadoras-y-creadores-sonoros\/","title":{"rendered":"S\u00f3nec Sonoteca lanza primer directorio de creadoras y creadores sonoros"},"content":{"rendered":"\n<p>En el marco de la <strong>Semana de la Escucha 2024<\/strong>, el equipo de S\u00f3nec Sonoteca de M\u00fasica Experimental y Arte Sonoro presenta un proyecto de investigaci\u00f3n innovador que examina las caracter\u00edsticas fundamentales de la escena del arte sonoro contempor\u00e1neo en Chile.&nbsp;<\/p>\n\n\n\n<p>La presentaci\u00f3n se llevar\u00e1 a cabo el viernes <strong>19 de julio a las 18:30 hrs. en la sala de lectura del Parque Cultural de Valpara\u00edso<\/strong>. La entrada es liberada.<\/p>\n\n\n\n<p>Este proyecto aborda la pregunta central sobre las caracter\u00edsticas esenciales de la escena del arte sonoro contempor\u00e1neo en el territorio nacional.<\/p>\n\n\n\n<p>&nbsp;Esta investigaci\u00f3n es tan necesaria como urgente para hacer accesible al p\u00fablico una disciplina en constante crecimiento y que ha tenido un impacto transversal en diversas ramas del arte. Adem\u00e1s, contribuir\u00e1 al ordenamiento y la sistematizaci\u00f3n del archivo art\u00edstico nacional, ayudando a pensar y complejizar el arte y la cultura, y promoviendo la ense\u00f1anza y la investigaci\u00f3n sobre arte contempor\u00e1neo.<\/p>\n\n\n\n<p>La realizaci\u00f3n de este proyecto es crucial para fomentar investigaciones independientes sobre pr\u00e1cticas y arte sonoro en Chile, ya que permite analizar patrones y derivar en una variedad de tem\u00e1ticas y conceptos espec\u00edficos.<\/p>\n\n\n\n<p>Adem\u00e1s, de este trabajo surge la creaci\u00f3n de un directorio abierto y en l\u00ednea, un recurso din\u00e1mico y ampliado para visibilizar la creaci\u00f3n sonora, los testimonios de los artistas y el material te\u00f3rico, innovando en la muestra de contenidos y en la mediaci\u00f3n art\u00edstica y navegaci\u00f3n de informaci\u00f3n, elementos distintivos de S\u00f3nec.<\/p>\n\n\n\n<p>Esta es una oportunidad para invitar a los seguidores y creadores a participar de un hito crucial en la visibilizaci\u00f3n de artistas y creadores nacionales.<\/p>\n\n\n\n<p>S\u00famate a la conversaci\u00f3n con el equipo de trabajo y las invitadas que estar\u00e1n presentes en el lanzamiento del directorio:<\/p>\n\n\n\n<ul class=\"wp-block-list\">\n<li>Valeska Navea: Investigadora principal y responsable del proyecto<\/li>\n\n\n\n<li>Miguel Hern\u00e1ndez: Artista, gestor y asistente de investigaci\u00f3n<\/li>\n<\/ul>\n\n\n\n<p><strong>Presentadora Invitada:<\/strong><\/p>\n\n\n\n<p>M\u00f3nica Salinero Rates: Soci\u00f3loga y Dra. en ciencias pol\u00edticas<\/p>\n\n\n\n<p><strong>Concierto artista Invitada:<\/strong><\/p>\n\n\n\n<p>B\u00e1rbara Gonz\u00e1lez : artista sonora-visual<\/p>\n\n\n\n<p>Este proyecto es financiado por fondart nacional de investigaci\u00f3n, regi\u00f3n metropolitana. Convocatoria 2023.&nbsp;&nbsp;<\/p>\n\n\n\n<p>Colabora: Parque Cultural de Valpara\u00edso<\/p>\n\n\n\n<p>Para m\u00e1s informaci\u00f3n, contacta a: <a href=\"http:\/\/instagram.com\/sonec_sonoteca\">@sonec_sonoteca<\/a><\/p>\n\n\n\n<figure class=\"wp-block-image size-large\"><img fetchpriority=\"high\" decoding=\"async\" width=\"1024\" height=\"1024\" src=\"https:\/\/www.valparaisocreativo.cl\/wp-content\/uploads\/2024\/07\/Sonec-1024x1024.jpg\" alt=\"\" class=\"wp-image-19762\" srcset=\"https:\/\/dev.antudigital.cl\/sites\/vc\/wp-content\/uploads\/2024\/07\/Sonec-1024x1024.jpg 1024w, https:\/\/dev.antudigital.cl\/sites\/vc\/wp-content\/uploads\/2024\/07\/Sonec-300x300.jpg 300w, https:\/\/dev.antudigital.cl\/sites\/vc\/wp-content\/uploads\/2024\/07\/Sonec-150x150.jpg 150w, https:\/\/dev.antudigital.cl\/sites\/vc\/wp-content\/uploads\/2024\/07\/Sonec-768x768.jpg 768w, https:\/\/dev.antudigital.cl\/sites\/vc\/wp-content\/uploads\/2024\/07\/Sonec-980x980.jpg 980w, https:\/\/dev.antudigital.cl\/sites\/vc\/wp-content\/uploads\/2024\/07\/Sonec-480x480.jpg 480w, https:\/\/dev.antudigital.cl\/sites\/vc\/wp-content\/uploads\/2024\/07\/Sonec-24x24.jpg 24w, https:\/\/dev.antudigital.cl\/sites\/vc\/wp-content\/uploads\/2024\/07\/Sonec-36x36.jpg 36w, https:\/\/dev.antudigital.cl\/sites\/vc\/wp-content\/uploads\/2024\/07\/Sonec-48x48.jpg 48w, https:\/\/dev.antudigital.cl\/sites\/vc\/wp-content\/uploads\/2024\/07\/Sonec.jpg 1080w\" sizes=\"(max-width: 1024px) 100vw, 1024px\" \/><\/figure>\n","protected":false},"excerpt":{"rendered":"<p>En el marco de la Semana de la Escucha 2024, el equipo de S\u00f3nec Sonoteca de M\u00fasica Experimental y Arte Sonoro presenta un proyecto de investigaci\u00f3n innovador que examina las caracter\u00edsticas fundamentales de la escena del arte sonoro contempor\u00e1neo en Chile.&nbsp; La presentaci\u00f3n se llevar\u00e1 a cabo el viernes 19 de julio a las 18:30 [&hellip;]<\/p>\n","protected":false},"author":1,"featured_media":19761,"comment_status":"closed","ping_status":"closed","sticky":false,"template":"","format":"standard","meta":{"_acf_changed":false,"footnotes":""},"categories":[8],"tags":[],"class_list":["post-19760","post","type-post","status-publish","format-standard","has-post-thumbnail","hentry","category-noticia"],"acf":[],"yoast_head":"<!-- This site is optimized with the Yoast SEO plugin v27.1.1 - https:\/\/yoast.com\/product\/yoast-seo-wordpress\/ -->\n<title>S\u00f3nec Sonoteca lanza primer directorio de creadoras y creadores sonoros - Valpara\u00ed\u00adso Creativo<\/title>\n<meta name=\"robots\" content=\"index, follow, max-snippet:-1, max-image-preview:large, max-video-preview:-1\" \/>\n<link rel=\"canonical\" href=\"https:\/\/dev.antudigital.cl\/sites\/vc\/sonec-sonoteca-lanza-primer-directorio-de-creadoras-y-creadores-sonoros\/\" \/>\n<meta property=\"og:locale\" content=\"es_ES\" \/>\n<meta property=\"og:type\" content=\"article\" \/>\n<meta property=\"og:title\" content=\"S\u00f3nec Sonoteca lanza primer directorio de creadoras y creadores sonoros - Valpara\u00ed\u00adso Creativo\" \/>\n<meta property=\"og:description\" content=\"En el marco de la Semana de la Escucha 2024, el equipo de S\u00f3nec Sonoteca de M\u00fasica Experimental y Arte Sonoro presenta un proyecto de investigaci\u00f3n innovador que examina las caracter\u00edsticas fundamentales de la escena del arte sonoro contempor\u00e1neo en Chile.&nbsp; La presentaci\u00f3n se llevar\u00e1 a cabo el viernes 19 de julio a las 18:30 [&hellip;]\" \/>\n<meta property=\"og:url\" content=\"https:\/\/dev.antudigital.cl\/sites\/vc\/sonec-sonoteca-lanza-primer-directorio-de-creadoras-y-creadores-sonoros\/\" \/>\n<meta property=\"og:site_name\" content=\"Valpara\u00ed\u00adso Creativo\" \/>\n<meta property=\"article:published_time\" content=\"2024-07-18T15:14:35+00:00\" \/>\n<meta property=\"article:modified_time\" content=\"2024-07-18T15:14:51+00:00\" \/>\n<meta property=\"og:image\" content=\"https:\/\/dev.antudigital.cl\/sites\/vc\/wp-content\/uploads\/2024\/07\/Captura-de-Pantalla-2024-07-18-a-las-11.10.25.png\" \/>\n\t<meta property=\"og:image:width\" content=\"799\" \/>\n\t<meta property=\"og:image:height\" content=\"469\" \/>\n\t<meta property=\"og:image:type\" content=\"image\/png\" \/>\n<meta name=\"author\" content=\"Valpara\u00edso Creativo\" \/>\n<meta name=\"twitter:card\" content=\"summary_large_image\" \/>\n<meta name=\"twitter:label1\" content=\"Escrito por\" \/>\n\t<meta name=\"twitter:data1\" content=\"Valpara\u00edso Creativo\" \/>\n\t<meta name=\"twitter:label2\" content=\"Tiempo de lectura\" \/>\n\t<meta name=\"twitter:data2\" content=\"2 minutos\" \/>\n<script type=\"application\/ld+json\" class=\"yoast-schema-graph\">{\"@context\":\"https:\/\/schema.org\",\"@graph\":[{\"@type\":\"Article\",\"@id\":\"https:\/\/dev.antudigital.cl\/sites\/vc\/sonec-sonoteca-lanza-primer-directorio-de-creadoras-y-creadores-sonoros\/#article\",\"isPartOf\":{\"@id\":\"https:\/\/dev.antudigital.cl\/sites\/vc\/sonec-sonoteca-lanza-primer-directorio-de-creadoras-y-creadores-sonoros\/\"},\"author\":{\"name\":\"Valpara\u00edso Creativo\",\"@id\":\"https:\/\/dev.antudigital.cl\/sites\/vc\/#\/schema\/person\/c2b9da8dd545e27166fc5ab232837318\"},\"headline\":\"S\u00f3nec Sonoteca lanza primer directorio de creadoras y creadores sonoros\",\"datePublished\":\"2024-07-18T15:14:35+00:00\",\"dateModified\":\"2024-07-18T15:14:51+00:00\",\"mainEntityOfPage\":{\"@id\":\"https:\/\/dev.antudigital.cl\/sites\/vc\/sonec-sonoteca-lanza-primer-directorio-de-creadoras-y-creadores-sonoros\/\"},\"wordCount\":399,\"image\":{\"@id\":\"https:\/\/dev.antudigital.cl\/sites\/vc\/sonec-sonoteca-lanza-primer-directorio-de-creadoras-y-creadores-sonoros\/#primaryimage\"},\"thumbnailUrl\":\"https:\/\/dev.antudigital.cl\/sites\/vc\/wp-content\/uploads\/2024\/07\/Captura-de-Pantalla-2024-07-18-a-las-11.10.25.png\",\"articleSection\":[\"Noticia\"],\"inLanguage\":\"es\"},{\"@type\":\"WebPage\",\"@id\":\"https:\/\/dev.antudigital.cl\/sites\/vc\/sonec-sonoteca-lanza-primer-directorio-de-creadoras-y-creadores-sonoros\/\",\"url\":\"https:\/\/dev.antudigital.cl\/sites\/vc\/sonec-sonoteca-lanza-primer-directorio-de-creadoras-y-creadores-sonoros\/\",\"name\":\"S\u00f3nec Sonoteca lanza primer directorio de creadoras y creadores sonoros - Valpara\u00ed\u00adso Creativo\",\"isPartOf\":{\"@id\":\"https:\/\/dev.antudigital.cl\/sites\/vc\/#website\"},\"primaryImageOfPage\":{\"@id\":\"https:\/\/dev.antudigital.cl\/sites\/vc\/sonec-sonoteca-lanza-primer-directorio-de-creadoras-y-creadores-sonoros\/#primaryimage\"},\"image\":{\"@id\":\"https:\/\/dev.antudigital.cl\/sites\/vc\/sonec-sonoteca-lanza-primer-directorio-de-creadoras-y-creadores-sonoros\/#primaryimage\"},\"thumbnailUrl\":\"https:\/\/dev.antudigital.cl\/sites\/vc\/wp-content\/uploads\/2024\/07\/Captura-de-Pantalla-2024-07-18-a-las-11.10.25.png\",\"datePublished\":\"2024-07-18T15:14:35+00:00\",\"dateModified\":\"2024-07-18T15:14:51+00:00\",\"author\":{\"@id\":\"https:\/\/dev.antudigital.cl\/sites\/vc\/#\/schema\/person\/c2b9da8dd545e27166fc5ab232837318\"},\"breadcrumb\":{\"@id\":\"https:\/\/dev.antudigital.cl\/sites\/vc\/sonec-sonoteca-lanza-primer-directorio-de-creadoras-y-creadores-sonoros\/#breadcrumb\"},\"inLanguage\":\"es\",\"potentialAction\":[{\"@type\":\"ReadAction\",\"target\":[\"https:\/\/dev.antudigital.cl\/sites\/vc\/sonec-sonoteca-lanza-primer-directorio-de-creadoras-y-creadores-sonoros\/\"]}]},{\"@type\":\"ImageObject\",\"inLanguage\":\"es\",\"@id\":\"https:\/\/dev.antudigital.cl\/sites\/vc\/sonec-sonoteca-lanza-primer-directorio-de-creadoras-y-creadores-sonoros\/#primaryimage\",\"url\":\"https:\/\/dev.antudigital.cl\/sites\/vc\/wp-content\/uploads\/2024\/07\/Captura-de-Pantalla-2024-07-18-a-las-11.10.25.png\",\"contentUrl\":\"https:\/\/dev.antudigital.cl\/sites\/vc\/wp-content\/uploads\/2024\/07\/Captura-de-Pantalla-2024-07-18-a-las-11.10.25.png\",\"width\":799,\"height\":469},{\"@type\":\"BreadcrumbList\",\"@id\":\"https:\/\/dev.antudigital.cl\/sites\/vc\/sonec-sonoteca-lanza-primer-directorio-de-creadoras-y-creadores-sonoros\/#breadcrumb\",\"itemListElement\":[{\"@type\":\"ListItem\",\"position\":1,\"name\":\"Home\",\"item\":\"https:\/\/dev.antudigital.cl\/sites\/vc\/\"},{\"@type\":\"ListItem\",\"position\":2,\"name\":\"S\u00f3nec Sonoteca lanza primer directorio de creadoras y creadores sonoros\"}]},{\"@type\":\"WebSite\",\"@id\":\"https:\/\/dev.antudigital.cl\/sites\/vc\/#website\",\"url\":\"https:\/\/dev.antudigital.cl\/sites\/vc\/\",\"name\":\"Valpara\u00ed\u00adso Creativo\",\"description\":\"\",\"potentialAction\":[{\"@type\":\"SearchAction\",\"target\":{\"@type\":\"EntryPoint\",\"urlTemplate\":\"https:\/\/dev.antudigital.cl\/sites\/vc\/?s={search_term_string}\"},\"query-input\":{\"@type\":\"PropertyValueSpecification\",\"valueRequired\":true,\"valueName\":\"search_term_string\"}}],\"inLanguage\":\"es\"},{\"@type\":\"Person\",\"@id\":\"https:\/\/dev.antudigital.cl\/sites\/vc\/#\/schema\/person\/c2b9da8dd545e27166fc5ab232837318\",\"name\":\"Valpara\u00edso Creativo\",\"description\":\"Periodista de cultura en la Regi\u00f3n de Valpara\u00edso.\",\"url\":\"https:\/\/dev.antudigital.cl\/sites\/vc\/author\/valpoadmin\/\"}]}<\/script>\n<!-- \/ Yoast SEO plugin. -->","yoast_head_json":{"title":"S\u00f3nec Sonoteca lanza primer directorio de creadoras y creadores sonoros - Valpara\u00ed\u00adso Creativo","robots":{"index":"index","follow":"follow","max-snippet":"max-snippet:-1","max-image-preview":"max-image-preview:large","max-video-preview":"max-video-preview:-1"},"canonical":"https:\/\/dev.antudigital.cl\/sites\/vc\/sonec-sonoteca-lanza-primer-directorio-de-creadoras-y-creadores-sonoros\/","og_locale":"es_ES","og_type":"article","og_title":"S\u00f3nec Sonoteca lanza primer directorio de creadoras y creadores sonoros - Valpara\u00ed\u00adso Creativo","og_description":"En el marco de la Semana de la Escucha 2024, el equipo de S\u00f3nec Sonoteca de M\u00fasica Experimental y Arte Sonoro presenta un proyecto de investigaci\u00f3n innovador que examina las caracter\u00edsticas fundamentales de la escena del arte sonoro contempor\u00e1neo en Chile.&nbsp; La presentaci\u00f3n se llevar\u00e1 a cabo el viernes 19 de julio a las 18:30 [&hellip;]","og_url":"https:\/\/dev.antudigital.cl\/sites\/vc\/sonec-sonoteca-lanza-primer-directorio-de-creadoras-y-creadores-sonoros\/","og_site_name":"Valpara\u00ed\u00adso Creativo","article_published_time":"2024-07-18T15:14:35+00:00","article_modified_time":"2024-07-18T15:14:51+00:00","og_image":[{"width":799,"height":469,"url":"https:\/\/dev.antudigital.cl\/sites\/vc\/wp-content\/uploads\/2024\/07\/Captura-de-Pantalla-2024-07-18-a-las-11.10.25.png","type":"image\/png"}],"author":"Valpara\u00edso Creativo","twitter_card":"summary_large_image","twitter_misc":{"Escrito por":"Valpara\u00edso Creativo","Tiempo de lectura":"2 minutos"},"schema":{"@context":"https:\/\/schema.org","@graph":[{"@type":"Article","@id":"https:\/\/dev.antudigital.cl\/sites\/vc\/sonec-sonoteca-lanza-primer-directorio-de-creadoras-y-creadores-sonoros\/#article","isPartOf":{"@id":"https:\/\/dev.antudigital.cl\/sites\/vc\/sonec-sonoteca-lanza-primer-directorio-de-creadoras-y-creadores-sonoros\/"},"author":{"name":"Valpara\u00edso Creativo","@id":"https:\/\/dev.antudigital.cl\/sites\/vc\/#\/schema\/person\/c2b9da8dd545e27166fc5ab232837318"},"headline":"S\u00f3nec Sonoteca lanza primer directorio de creadoras y creadores sonoros","datePublished":"2024-07-18T15:14:35+00:00","dateModified":"2024-07-18T15:14:51+00:00","mainEntityOfPage":{"@id":"https:\/\/dev.antudigital.cl\/sites\/vc\/sonec-sonoteca-lanza-primer-directorio-de-creadoras-y-creadores-sonoros\/"},"wordCount":399,"image":{"@id":"https:\/\/dev.antudigital.cl\/sites\/vc\/sonec-sonoteca-lanza-primer-directorio-de-creadoras-y-creadores-sonoros\/#primaryimage"},"thumbnailUrl":"https:\/\/dev.antudigital.cl\/sites\/vc\/wp-content\/uploads\/2024\/07\/Captura-de-Pantalla-2024-07-18-a-las-11.10.25.png","articleSection":["Noticia"],"inLanguage":"es"},{"@type":"WebPage","@id":"https:\/\/dev.antudigital.cl\/sites\/vc\/sonec-sonoteca-lanza-primer-directorio-de-creadoras-y-creadores-sonoros\/","url":"https:\/\/dev.antudigital.cl\/sites\/vc\/sonec-sonoteca-lanza-primer-directorio-de-creadoras-y-creadores-sonoros\/","name":"S\u00f3nec Sonoteca lanza primer directorio de creadoras y creadores sonoros - Valpara\u00ed\u00adso Creativo","isPartOf":{"@id":"https:\/\/dev.antudigital.cl\/sites\/vc\/#website"},"primaryImageOfPage":{"@id":"https:\/\/dev.antudigital.cl\/sites\/vc\/sonec-sonoteca-lanza-primer-directorio-de-creadoras-y-creadores-sonoros\/#primaryimage"},"image":{"@id":"https:\/\/dev.antudigital.cl\/sites\/vc\/sonec-sonoteca-lanza-primer-directorio-de-creadoras-y-creadores-sonoros\/#primaryimage"},"thumbnailUrl":"https:\/\/dev.antudigital.cl\/sites\/vc\/wp-content\/uploads\/2024\/07\/Captura-de-Pantalla-2024-07-18-a-las-11.10.25.png","datePublished":"2024-07-18T15:14:35+00:00","dateModified":"2024-07-18T15:14:51+00:00","author":{"@id":"https:\/\/dev.antudigital.cl\/sites\/vc\/#\/schema\/person\/c2b9da8dd545e27166fc5ab232837318"},"breadcrumb":{"@id":"https:\/\/dev.antudigital.cl\/sites\/vc\/sonec-sonoteca-lanza-primer-directorio-de-creadoras-y-creadores-sonoros\/#breadcrumb"},"inLanguage":"es","potentialAction":[{"@type":"ReadAction","target":["https:\/\/dev.antudigital.cl\/sites\/vc\/sonec-sonoteca-lanza-primer-directorio-de-creadoras-y-creadores-sonoros\/"]}]},{"@type":"ImageObject","inLanguage":"es","@id":"https:\/\/dev.antudigital.cl\/sites\/vc\/sonec-sonoteca-lanza-primer-directorio-de-creadoras-y-creadores-sonoros\/#primaryimage","url":"https:\/\/dev.antudigital.cl\/sites\/vc\/wp-content\/uploads\/2024\/07\/Captura-de-Pantalla-2024-07-18-a-las-11.10.25.png","contentUrl":"https:\/\/dev.antudigital.cl\/sites\/vc\/wp-content\/uploads\/2024\/07\/Captura-de-Pantalla-2024-07-18-a-las-11.10.25.png","width":799,"height":469},{"@type":"BreadcrumbList","@id":"https:\/\/dev.antudigital.cl\/sites\/vc\/sonec-sonoteca-lanza-primer-directorio-de-creadoras-y-creadores-sonoros\/#breadcrumb","itemListElement":[{"@type":"ListItem","position":1,"name":"Home","item":"https:\/\/dev.antudigital.cl\/sites\/vc\/"},{"@type":"ListItem","position":2,"name":"S\u00f3nec Sonoteca lanza primer directorio de creadoras y creadores sonoros"}]},{"@type":"WebSite","@id":"https:\/\/dev.antudigital.cl\/sites\/vc\/#website","url":"https:\/\/dev.antudigital.cl\/sites\/vc\/","name":"Valpara\u00ed\u00adso Creativo","description":"","potentialAction":[{"@type":"SearchAction","target":{"@type":"EntryPoint","urlTemplate":"https:\/\/dev.antudigital.cl\/sites\/vc\/?s={search_term_string}"},"query-input":{"@type":"PropertyValueSpecification","valueRequired":true,"valueName":"search_term_string"}}],"inLanguage":"es"},{"@type":"Person","@id":"https:\/\/dev.antudigital.cl\/sites\/vc\/#\/schema\/person\/c2b9da8dd545e27166fc5ab232837318","name":"Valpara\u00edso Creativo","description":"Periodista de cultura en la Regi\u00f3n de Valpara\u00edso.","url":"https:\/\/dev.antudigital.cl\/sites\/vc\/author\/valpoadmin\/"}]}},"_links":{"self":[{"href":"https:\/\/dev.antudigital.cl\/sites\/vc\/wp-json\/wp\/v2\/posts\/19760","targetHints":{"allow":["GET"]}}],"collection":[{"href":"https:\/\/dev.antudigital.cl\/sites\/vc\/wp-json\/wp\/v2\/posts"}],"about":[{"href":"https:\/\/dev.antudigital.cl\/sites\/vc\/wp-json\/wp\/v2\/types\/post"}],"author":[{"embeddable":true,"href":"https:\/\/dev.antudigital.cl\/sites\/vc\/wp-json\/wp\/v2\/users\/1"}],"replies":[{"embeddable":true,"href":"https:\/\/dev.antudigital.cl\/sites\/vc\/wp-json\/wp\/v2\/comments?post=19760"}],"version-history":[{"count":1,"href":"https:\/\/dev.antudigital.cl\/sites\/vc\/wp-json\/wp\/v2\/posts\/19760\/revisions"}],"predecessor-version":[{"id":19763,"href":"https:\/\/dev.antudigital.cl\/sites\/vc\/wp-json\/wp\/v2\/posts\/19760\/revisions\/19763"}],"wp:featuredmedia":[{"embeddable":true,"href":"https:\/\/dev.antudigital.cl\/sites\/vc\/wp-json\/wp\/v2\/media\/19761"}],"wp:attachment":[{"href":"https:\/\/dev.antudigital.cl\/sites\/vc\/wp-json\/wp\/v2\/media?parent=19760"}],"wp:term":[{"taxonomy":"category","embeddable":true,"href":"https:\/\/dev.antudigital.cl\/sites\/vc\/wp-json\/wp\/v2\/categories?post=19760"},{"taxonomy":"post_tag","embeddable":true,"href":"https:\/\/dev.antudigital.cl\/sites\/vc\/wp-json\/wp\/v2\/tags?post=19760"}],"curies":[{"name":"wp","href":"https:\/\/api.w.org\/{rel}","templated":true}]}}