{"id":19764,"date":"2024-07-18T15:18:47","date_gmt":"2024-07-18T15:18:47","guid":{"rendered":"https:\/\/www.valparaisocreativo.cl\/?p=19764"},"modified":"2024-07-18T15:19:04","modified_gmt":"2024-07-18T15:19:04","slug":"cuentero-cuenta-el-cuento-mas-clasico-para-ser-contado-todo-lo-que-querias-saber-de-caperucita-roja","status":"publish","type":"post","link":"https:\/\/dev.antudigital.cl\/sites\/vc\/cuentero-cuenta-el-cuento-mas-clasico-para-ser-contado-todo-lo-que-querias-saber-de-caperucita-roja\/","title":{"rendered":"Cuentero cuenta el cuento m\u00e1s cl\u00e1sico para ser contado: Todo lo que quer\u00edas saber de Caperucita Roja"},"content":{"rendered":"\n<p><strong>El s\u00e1bado 20 de julio se pre-estrena el espect\u00e1culo de narraci\u00f3n oral para adultos \u201cTodo lo que quer\u00edas saber de Caperucita Roja\u201d<\/strong>, creado e interpretado por el cuentero Chalo Olave y dirigido por la actriz y narradora Vicky Silva.<strong>&nbsp;Esto suceder\u00e1 en la librer\u00eda Vaca Rayada<\/strong>, ubicada en Las Pelargonias 842, Local 26, Conc\u00f3n. La entrada es liberada, por orden de llegada.<\/p>\n\n\n\n<p><strong>El estreno se realizar\u00e1 el s\u00e1bado 27 de julio en el teatro de Valpara\u00edso Profundo<\/strong>, ubicado en Pasaje Fisher 18, Valpara\u00edso. El costo de la entrada es de $5000 y las reservas se deben realizar al Whatsapp del teatro +56930987170.<\/p>\n\n\n\n<p><strong>Gonzalo Olave, creador e int\u00e9rprete del montaje<\/strong>, se\u00f1ala: \u201cDesde el a\u00f1o 2015 fantaseaba con montar un espect\u00e1culo relacionado a este cuento cl\u00e1sico. La idea era encontrar el cuento m\u00e1s cl\u00e1sico por antonomasia, uno que todo el mundo supiera, y ah\u00ed, al igual como Caperucita Roja se encuentra con el Lobo, yo me encontr\u00e9 con este cuento\u201d.<\/p>\n\n\n\n<p>\u201cMe empec\u00e9 a preguntar por qu\u00e9 sigue tan vigente a lo largo de los a\u00f1os, siendo un cuento tan cruel y habiendo tantos otros mucho m\u00e1s entretenidos. Al igual que Caperucita en el bosque, me perd\u00ed entre las diferentes versiones que se han relatado durante este tiempo, y ese es el cuento que les quiero contar. \u00bfPor qu\u00e9 para adultos? Porque los cuentos no solo se hicieron para dormir ni\u00f1os, sino tambi\u00e9n para despertar adultos\u201d.<br><\/p>\n\n\n\n<p><strong>Vicky Silva, directora del montaje<\/strong>, comparte: \u201cPara m\u00ed ha sido un honor acompa\u00f1ar a Gonzalo al final de este proceso, soy una mirada externa, acompa\u00f1amiento, direcci\u00f3n final, porque \u00e9l es el que tiene toda la&nbsp; visi\u00f3n integral del espect\u00e1culo. Ha sido una investigaci\u00f3n larga, lleva muchos a\u00f1os recopilando, visionando, buscando, construyendo nuevas versiones de Caperucita Roja para finalmente presentarle al p\u00fablico este espect\u00e1culo que va a ser un aporte a la cartelera cultural. Es interesante ver en una misma voz muchas voces de una misma historia, con un cariz agudo, entretenido, provocador\u201d.<br><br>Para m\u00e1s informaci\u00f3n seguir a&nbsp;<a href=\"https:\/\/www.instagram.com\/chalocuentaelcuento\/\" target=\"_blank\" rel=\"noreferrer noopener\">@chalocuentaelcuento<\/a>&nbsp;en Instagram y visitar el sitio web&nbsp;<a href=\"https:\/\/www.chaloolave.cl\/\" target=\"_blank\" rel=\"noreferrer noopener\">https:\/\/www.chaloolave.cl\/<\/a><\/p>\n","protected":false},"excerpt":{"rendered":"<p>El s\u00e1bado 20 de julio se pre-estrena el espect\u00e1culo de narraci\u00f3n oral para adultos \u201cTodo lo que quer\u00edas saber de Caperucita Roja\u201d, creado e interpretado por el cuentero Chalo Olave y dirigido por la actriz y narradora Vicky Silva.&nbsp;Esto suceder\u00e1 en la librer\u00eda Vaca Rayada, ubicada en Las Pelargonias 842, Local 26, Conc\u00f3n. La entrada [&hellip;]<\/p>\n","protected":false},"author":1,"featured_media":19765,"comment_status":"closed","ping_status":"closed","sticky":false,"template":"","format":"standard","meta":{"_acf_changed":false,"footnotes":""},"categories":[8],"tags":[],"class_list":["post-19764","post","type-post","status-publish","format-standard","has-post-thumbnail","hentry","category-noticia"],"acf":[],"yoast_head":"<!-- This site is optimized with the Yoast SEO plugin v27.1.1 - https:\/\/yoast.com\/product\/yoast-seo-wordpress\/ -->\n<title>Cuentero cuenta el cuento m\u00e1s cl\u00e1sico para ser contado: Todo lo que quer\u00edas saber de Caperucita Roja - Valpara\u00ed\u00adso Creativo<\/title>\n<meta name=\"robots\" content=\"index, follow, max-snippet:-1, max-image-preview:large, max-video-preview:-1\" \/>\n<link rel=\"canonical\" href=\"https:\/\/dev.antudigital.cl\/sites\/vc\/cuentero-cuenta-el-cuento-mas-clasico-para-ser-contado-todo-lo-que-querias-saber-de-caperucita-roja\/\" \/>\n<meta property=\"og:locale\" content=\"es_ES\" \/>\n<meta property=\"og:type\" content=\"article\" \/>\n<meta property=\"og:title\" content=\"Cuentero cuenta el cuento m\u00e1s cl\u00e1sico para ser contado: Todo lo que quer\u00edas saber de Caperucita Roja - Valpara\u00ed\u00adso Creativo\" \/>\n<meta property=\"og:description\" content=\"El s\u00e1bado 20 de julio se pre-estrena el espect\u00e1culo de narraci\u00f3n oral para adultos \u201cTodo lo que quer\u00edas saber de Caperucita Roja\u201d, creado e interpretado por el cuentero Chalo Olave y dirigido por la actriz y narradora Vicky Silva.&nbsp;Esto suceder\u00e1 en la librer\u00eda Vaca Rayada, ubicada en Las Pelargonias 842, Local 26, Conc\u00f3n. La entrada [&hellip;]\" \/>\n<meta property=\"og:url\" content=\"https:\/\/dev.antudigital.cl\/sites\/vc\/cuentero-cuenta-el-cuento-mas-clasico-para-ser-contado-todo-lo-que-querias-saber-de-caperucita-roja\/\" \/>\n<meta property=\"og:site_name\" content=\"Valpara\u00ed\u00adso Creativo\" \/>\n<meta property=\"article:published_time\" content=\"2024-07-18T15:18:47+00:00\" \/>\n<meta property=\"article:modified_time\" content=\"2024-07-18T15:19:04+00:00\" \/>\n<meta property=\"og:image\" content=\"https:\/\/dev.antudigital.cl\/sites\/vc\/wp-content\/uploads\/2024\/07\/CHALO-OLAVE-2.jpeg\" \/>\n\t<meta property=\"og:image:width\" content=\"1280\" \/>\n\t<meta property=\"og:image:height\" content=\"814\" \/>\n\t<meta property=\"og:image:type\" content=\"image\/jpeg\" \/>\n<meta name=\"author\" content=\"Valpara\u00edso Creativo\" \/>\n<meta name=\"twitter:card\" content=\"summary_large_image\" \/>\n<meta name=\"twitter:label1\" content=\"Escrito por\" \/>\n\t<meta name=\"twitter:data1\" content=\"Valpara\u00edso Creativo\" \/>\n\t<meta name=\"twitter:label2\" content=\"Tiempo de lectura\" \/>\n\t<meta name=\"twitter:data2\" content=\"2 minutos\" \/>\n<script type=\"application\/ld+json\" class=\"yoast-schema-graph\">{\"@context\":\"https:\/\/schema.org\",\"@graph\":[{\"@type\":\"Article\",\"@id\":\"https:\/\/dev.antudigital.cl\/sites\/vc\/cuentero-cuenta-el-cuento-mas-clasico-para-ser-contado-todo-lo-que-querias-saber-de-caperucita-roja\/#article\",\"isPartOf\":{\"@id\":\"https:\/\/dev.antudigital.cl\/sites\/vc\/cuentero-cuenta-el-cuento-mas-clasico-para-ser-contado-todo-lo-que-querias-saber-de-caperucita-roja\/\"},\"author\":{\"name\":\"Valpara\u00edso Creativo\",\"@id\":\"https:\/\/dev.antudigital.cl\/sites\/vc\/#\/schema\/person\/c2b9da8dd545e27166fc5ab232837318\"},\"headline\":\"Cuentero cuenta el cuento m\u00e1s cl\u00e1sico para ser contado: Todo lo que quer\u00edas saber de Caperucita Roja\",\"datePublished\":\"2024-07-18T15:18:47+00:00\",\"dateModified\":\"2024-07-18T15:19:04+00:00\",\"mainEntityOfPage\":{\"@id\":\"https:\/\/dev.antudigital.cl\/sites\/vc\/cuentero-cuenta-el-cuento-mas-clasico-para-ser-contado-todo-lo-que-querias-saber-de-caperucita-roja\/\"},\"wordCount\":390,\"image\":{\"@id\":\"https:\/\/dev.antudigital.cl\/sites\/vc\/cuentero-cuenta-el-cuento-mas-clasico-para-ser-contado-todo-lo-que-querias-saber-de-caperucita-roja\/#primaryimage\"},\"thumbnailUrl\":\"https:\/\/dev.antudigital.cl\/sites\/vc\/wp-content\/uploads\/2024\/07\/CHALO-OLAVE-2.jpeg\",\"articleSection\":[\"Noticia\"],\"inLanguage\":\"es\"},{\"@type\":\"WebPage\",\"@id\":\"https:\/\/dev.antudigital.cl\/sites\/vc\/cuentero-cuenta-el-cuento-mas-clasico-para-ser-contado-todo-lo-que-querias-saber-de-caperucita-roja\/\",\"url\":\"https:\/\/dev.antudigital.cl\/sites\/vc\/cuentero-cuenta-el-cuento-mas-clasico-para-ser-contado-todo-lo-que-querias-saber-de-caperucita-roja\/\",\"name\":\"Cuentero cuenta el cuento m\u00e1s cl\u00e1sico para ser contado: Todo lo que quer\u00edas saber de Caperucita Roja - Valpara\u00ed\u00adso Creativo\",\"isPartOf\":{\"@id\":\"https:\/\/dev.antudigital.cl\/sites\/vc\/#website\"},\"primaryImageOfPage\":{\"@id\":\"https:\/\/dev.antudigital.cl\/sites\/vc\/cuentero-cuenta-el-cuento-mas-clasico-para-ser-contado-todo-lo-que-querias-saber-de-caperucita-roja\/#primaryimage\"},\"image\":{\"@id\":\"https:\/\/dev.antudigital.cl\/sites\/vc\/cuentero-cuenta-el-cuento-mas-clasico-para-ser-contado-todo-lo-que-querias-saber-de-caperucita-roja\/#primaryimage\"},\"thumbnailUrl\":\"https:\/\/dev.antudigital.cl\/sites\/vc\/wp-content\/uploads\/2024\/07\/CHALO-OLAVE-2.jpeg\",\"datePublished\":\"2024-07-18T15:18:47+00:00\",\"dateModified\":\"2024-07-18T15:19:04+00:00\",\"author\":{\"@id\":\"https:\/\/dev.antudigital.cl\/sites\/vc\/#\/schema\/person\/c2b9da8dd545e27166fc5ab232837318\"},\"breadcrumb\":{\"@id\":\"https:\/\/dev.antudigital.cl\/sites\/vc\/cuentero-cuenta-el-cuento-mas-clasico-para-ser-contado-todo-lo-que-querias-saber-de-caperucita-roja\/#breadcrumb\"},\"inLanguage\":\"es\",\"potentialAction\":[{\"@type\":\"ReadAction\",\"target\":[\"https:\/\/dev.antudigital.cl\/sites\/vc\/cuentero-cuenta-el-cuento-mas-clasico-para-ser-contado-todo-lo-que-querias-saber-de-caperucita-roja\/\"]}]},{\"@type\":\"ImageObject\",\"inLanguage\":\"es\",\"@id\":\"https:\/\/dev.antudigital.cl\/sites\/vc\/cuentero-cuenta-el-cuento-mas-clasico-para-ser-contado-todo-lo-que-querias-saber-de-caperucita-roja\/#primaryimage\",\"url\":\"https:\/\/dev.antudigital.cl\/sites\/vc\/wp-content\/uploads\/2024\/07\/CHALO-OLAVE-2.jpeg\",\"contentUrl\":\"https:\/\/dev.antudigital.cl\/sites\/vc\/wp-content\/uploads\/2024\/07\/CHALO-OLAVE-2.jpeg\",\"width\":1280,\"height\":814},{\"@type\":\"BreadcrumbList\",\"@id\":\"https:\/\/dev.antudigital.cl\/sites\/vc\/cuentero-cuenta-el-cuento-mas-clasico-para-ser-contado-todo-lo-que-querias-saber-de-caperucita-roja\/#breadcrumb\",\"itemListElement\":[{\"@type\":\"ListItem\",\"position\":1,\"name\":\"Home\",\"item\":\"https:\/\/dev.antudigital.cl\/sites\/vc\/\"},{\"@type\":\"ListItem\",\"position\":2,\"name\":\"Cuentero cuenta el cuento m\u00e1s cl\u00e1sico para ser contado: Todo lo que quer\u00edas saber de Caperucita Roja\"}]},{\"@type\":\"WebSite\",\"@id\":\"https:\/\/dev.antudigital.cl\/sites\/vc\/#website\",\"url\":\"https:\/\/dev.antudigital.cl\/sites\/vc\/\",\"name\":\"Valpara\u00ed\u00adso Creativo\",\"description\":\"\",\"potentialAction\":[{\"@type\":\"SearchAction\",\"target\":{\"@type\":\"EntryPoint\",\"urlTemplate\":\"https:\/\/dev.antudigital.cl\/sites\/vc\/?s={search_term_string}\"},\"query-input\":{\"@type\":\"PropertyValueSpecification\",\"valueRequired\":true,\"valueName\":\"search_term_string\"}}],\"inLanguage\":\"es\"},{\"@type\":\"Person\",\"@id\":\"https:\/\/dev.antudigital.cl\/sites\/vc\/#\/schema\/person\/c2b9da8dd545e27166fc5ab232837318\",\"name\":\"Valpara\u00edso Creativo\",\"description\":\"Periodista de cultura en la Regi\u00f3n de Valpara\u00edso.\",\"url\":\"https:\/\/dev.antudigital.cl\/sites\/vc\/author\/valpoadmin\/\"}]}<\/script>\n<!-- \/ Yoast SEO plugin. -->","yoast_head_json":{"title":"Cuentero cuenta el cuento m\u00e1s cl\u00e1sico para ser contado: Todo lo que quer\u00edas saber de Caperucita Roja - Valpara\u00ed\u00adso Creativo","robots":{"index":"index","follow":"follow","max-snippet":"max-snippet:-1","max-image-preview":"max-image-preview:large","max-video-preview":"max-video-preview:-1"},"canonical":"https:\/\/dev.antudigital.cl\/sites\/vc\/cuentero-cuenta-el-cuento-mas-clasico-para-ser-contado-todo-lo-que-querias-saber-de-caperucita-roja\/","og_locale":"es_ES","og_type":"article","og_title":"Cuentero cuenta el cuento m\u00e1s cl\u00e1sico para ser contado: Todo lo que quer\u00edas saber de Caperucita Roja - Valpara\u00ed\u00adso Creativo","og_description":"El s\u00e1bado 20 de julio se pre-estrena el espect\u00e1culo de narraci\u00f3n oral para adultos \u201cTodo lo que quer\u00edas saber de Caperucita Roja\u201d, creado e interpretado por el cuentero Chalo Olave y dirigido por la actriz y narradora Vicky Silva.&nbsp;Esto suceder\u00e1 en la librer\u00eda Vaca Rayada, ubicada en Las Pelargonias 842, Local 26, Conc\u00f3n. La entrada [&hellip;]","og_url":"https:\/\/dev.antudigital.cl\/sites\/vc\/cuentero-cuenta-el-cuento-mas-clasico-para-ser-contado-todo-lo-que-querias-saber-de-caperucita-roja\/","og_site_name":"Valpara\u00ed\u00adso Creativo","article_published_time":"2024-07-18T15:18:47+00:00","article_modified_time":"2024-07-18T15:19:04+00:00","og_image":[{"width":1280,"height":814,"url":"https:\/\/dev.antudigital.cl\/sites\/vc\/wp-content\/uploads\/2024\/07\/CHALO-OLAVE-2.jpeg","type":"image\/jpeg"}],"author":"Valpara\u00edso Creativo","twitter_card":"summary_large_image","twitter_misc":{"Escrito por":"Valpara\u00edso Creativo","Tiempo de lectura":"2 minutos"},"schema":{"@context":"https:\/\/schema.org","@graph":[{"@type":"Article","@id":"https:\/\/dev.antudigital.cl\/sites\/vc\/cuentero-cuenta-el-cuento-mas-clasico-para-ser-contado-todo-lo-que-querias-saber-de-caperucita-roja\/#article","isPartOf":{"@id":"https:\/\/dev.antudigital.cl\/sites\/vc\/cuentero-cuenta-el-cuento-mas-clasico-para-ser-contado-todo-lo-que-querias-saber-de-caperucita-roja\/"},"author":{"name":"Valpara\u00edso Creativo","@id":"https:\/\/dev.antudigital.cl\/sites\/vc\/#\/schema\/person\/c2b9da8dd545e27166fc5ab232837318"},"headline":"Cuentero cuenta el cuento m\u00e1s cl\u00e1sico para ser contado: Todo lo que quer\u00edas saber de Caperucita Roja","datePublished":"2024-07-18T15:18:47+00:00","dateModified":"2024-07-18T15:19:04+00:00","mainEntityOfPage":{"@id":"https:\/\/dev.antudigital.cl\/sites\/vc\/cuentero-cuenta-el-cuento-mas-clasico-para-ser-contado-todo-lo-que-querias-saber-de-caperucita-roja\/"},"wordCount":390,"image":{"@id":"https:\/\/dev.antudigital.cl\/sites\/vc\/cuentero-cuenta-el-cuento-mas-clasico-para-ser-contado-todo-lo-que-querias-saber-de-caperucita-roja\/#primaryimage"},"thumbnailUrl":"https:\/\/dev.antudigital.cl\/sites\/vc\/wp-content\/uploads\/2024\/07\/CHALO-OLAVE-2.jpeg","articleSection":["Noticia"],"inLanguage":"es"},{"@type":"WebPage","@id":"https:\/\/dev.antudigital.cl\/sites\/vc\/cuentero-cuenta-el-cuento-mas-clasico-para-ser-contado-todo-lo-que-querias-saber-de-caperucita-roja\/","url":"https:\/\/dev.antudigital.cl\/sites\/vc\/cuentero-cuenta-el-cuento-mas-clasico-para-ser-contado-todo-lo-que-querias-saber-de-caperucita-roja\/","name":"Cuentero cuenta el cuento m\u00e1s cl\u00e1sico para ser contado: Todo lo que quer\u00edas saber de Caperucita Roja - Valpara\u00ed\u00adso Creativo","isPartOf":{"@id":"https:\/\/dev.antudigital.cl\/sites\/vc\/#website"},"primaryImageOfPage":{"@id":"https:\/\/dev.antudigital.cl\/sites\/vc\/cuentero-cuenta-el-cuento-mas-clasico-para-ser-contado-todo-lo-que-querias-saber-de-caperucita-roja\/#primaryimage"},"image":{"@id":"https:\/\/dev.antudigital.cl\/sites\/vc\/cuentero-cuenta-el-cuento-mas-clasico-para-ser-contado-todo-lo-que-querias-saber-de-caperucita-roja\/#primaryimage"},"thumbnailUrl":"https:\/\/dev.antudigital.cl\/sites\/vc\/wp-content\/uploads\/2024\/07\/CHALO-OLAVE-2.jpeg","datePublished":"2024-07-18T15:18:47+00:00","dateModified":"2024-07-18T15:19:04+00:00","author":{"@id":"https:\/\/dev.antudigital.cl\/sites\/vc\/#\/schema\/person\/c2b9da8dd545e27166fc5ab232837318"},"breadcrumb":{"@id":"https:\/\/dev.antudigital.cl\/sites\/vc\/cuentero-cuenta-el-cuento-mas-clasico-para-ser-contado-todo-lo-que-querias-saber-de-caperucita-roja\/#breadcrumb"},"inLanguage":"es","potentialAction":[{"@type":"ReadAction","target":["https:\/\/dev.antudigital.cl\/sites\/vc\/cuentero-cuenta-el-cuento-mas-clasico-para-ser-contado-todo-lo-que-querias-saber-de-caperucita-roja\/"]}]},{"@type":"ImageObject","inLanguage":"es","@id":"https:\/\/dev.antudigital.cl\/sites\/vc\/cuentero-cuenta-el-cuento-mas-clasico-para-ser-contado-todo-lo-que-querias-saber-de-caperucita-roja\/#primaryimage","url":"https:\/\/dev.antudigital.cl\/sites\/vc\/wp-content\/uploads\/2024\/07\/CHALO-OLAVE-2.jpeg","contentUrl":"https:\/\/dev.antudigital.cl\/sites\/vc\/wp-content\/uploads\/2024\/07\/CHALO-OLAVE-2.jpeg","width":1280,"height":814},{"@type":"BreadcrumbList","@id":"https:\/\/dev.antudigital.cl\/sites\/vc\/cuentero-cuenta-el-cuento-mas-clasico-para-ser-contado-todo-lo-que-querias-saber-de-caperucita-roja\/#breadcrumb","itemListElement":[{"@type":"ListItem","position":1,"name":"Home","item":"https:\/\/dev.antudigital.cl\/sites\/vc\/"},{"@type":"ListItem","position":2,"name":"Cuentero cuenta el cuento m\u00e1s cl\u00e1sico para ser contado: Todo lo que quer\u00edas saber de Caperucita Roja"}]},{"@type":"WebSite","@id":"https:\/\/dev.antudigital.cl\/sites\/vc\/#website","url":"https:\/\/dev.antudigital.cl\/sites\/vc\/","name":"Valpara\u00ed\u00adso Creativo","description":"","potentialAction":[{"@type":"SearchAction","target":{"@type":"EntryPoint","urlTemplate":"https:\/\/dev.antudigital.cl\/sites\/vc\/?s={search_term_string}"},"query-input":{"@type":"PropertyValueSpecification","valueRequired":true,"valueName":"search_term_string"}}],"inLanguage":"es"},{"@type":"Person","@id":"https:\/\/dev.antudigital.cl\/sites\/vc\/#\/schema\/person\/c2b9da8dd545e27166fc5ab232837318","name":"Valpara\u00edso Creativo","description":"Periodista de cultura en la Regi\u00f3n de Valpara\u00edso.","url":"https:\/\/dev.antudigital.cl\/sites\/vc\/author\/valpoadmin\/"}]}},"_links":{"self":[{"href":"https:\/\/dev.antudigital.cl\/sites\/vc\/wp-json\/wp\/v2\/posts\/19764","targetHints":{"allow":["GET"]}}],"collection":[{"href":"https:\/\/dev.antudigital.cl\/sites\/vc\/wp-json\/wp\/v2\/posts"}],"about":[{"href":"https:\/\/dev.antudigital.cl\/sites\/vc\/wp-json\/wp\/v2\/types\/post"}],"author":[{"embeddable":true,"href":"https:\/\/dev.antudigital.cl\/sites\/vc\/wp-json\/wp\/v2\/users\/1"}],"replies":[{"embeddable":true,"href":"https:\/\/dev.antudigital.cl\/sites\/vc\/wp-json\/wp\/v2\/comments?post=19764"}],"version-history":[{"count":1,"href":"https:\/\/dev.antudigital.cl\/sites\/vc\/wp-json\/wp\/v2\/posts\/19764\/revisions"}],"predecessor-version":[{"id":19766,"href":"https:\/\/dev.antudigital.cl\/sites\/vc\/wp-json\/wp\/v2\/posts\/19764\/revisions\/19766"}],"wp:featuredmedia":[{"embeddable":true,"href":"https:\/\/dev.antudigital.cl\/sites\/vc\/wp-json\/wp\/v2\/media\/19765"}],"wp:attachment":[{"href":"https:\/\/dev.antudigital.cl\/sites\/vc\/wp-json\/wp\/v2\/media?parent=19764"}],"wp:term":[{"taxonomy":"category","embeddable":true,"href":"https:\/\/dev.antudigital.cl\/sites\/vc\/wp-json\/wp\/v2\/categories?post=19764"},{"taxonomy":"post_tag","embeddable":true,"href":"https:\/\/dev.antudigital.cl\/sites\/vc\/wp-json\/wp\/v2\/tags?post=19764"}],"curies":[{"name":"wp","href":"https:\/\/api.w.org\/{rel}","templated":true}]}}