{"id":19769,"date":"2024-07-18T15:28:30","date_gmt":"2024-07-18T15:28:30","guid":{"rendered":"https:\/\/www.valparaisocreativo.cl\/?p=19769"},"modified":"2024-07-18T15:28:46","modified_gmt":"2024-07-18T15:28:46","slug":"dramaturgia-alemana-es-interpretada-en-taller-de-titulo-de-la-escuela-de-teatro-uv","status":"publish","type":"post","link":"https:\/\/dev.antudigital.cl\/sites\/vc\/dramaturgia-alemana-es-interpretada-en-taller-de-titulo-de-la-escuela-de-teatro-uv\/","title":{"rendered":"Dramaturgia alemana es interpretada en Taller de T\u00edtulo de la Escuela de Teatro UV\u00a0"},"content":{"rendered":"\n<p><strong>La temporada de estreno de la obra \u201cNegro Animal Tristeza\u201d, Taller de T\u00edtulo de la Escuela de Teatro UV, es desde el mi\u00e9rcoles 17 al s\u00e1bado 20 de julio de 2024.<\/strong>&nbsp;La dramaturgia fue escrita por Anja Hilling y la puesta en escena es dirigida por Rodrigo Aro.&nbsp;<\/p>\n\n\n\n<p>La obra trata sobre un grupo de amigos artistas que, buscando escapar de la rutina urbana, deciden pasar un fin de semana en la naturaleza, disfrutar de los coloridos paisajes y el aire puro del bosque. Lo que comienza como una experiencia liberadora pronto se convierte en una pesadilla. Un incendio forestal arrasa el lugar, oblig\u00e1ndolos a enfrentar las dolorosas consecuencias de la tragedia.<\/p>\n\n\n\n<p><strong>Katalina Oyarzo Alvarado<\/strong>, asistente de direcci\u00f3n, comenta: \u201cHa sido un proceso muy enriquecedor para todo el equipo. Estamos revisando procedimientos esc\u00e9nicos contempor\u00e1neos y a la vez trabajando actuaciones realistas. La mezcla de todo aquello nos permite montar la obra en su totalidad. Visitamos muchas obras el curso, probamos escenas, hasta que nos quedamos con esta, que de alguna manera nos evoca al contexto de Valpara\u00edso, la cercan\u00eda que tenemos con los incendios, tomando tambi\u00e9n distancia a trav\u00e9s de una historia que nos posiciona en otro lugar. A partir de esta ficci\u00f3n podemos hacernos preguntas y ligar contextos\u201d.<\/p>\n\n\n\n<figure class=\"wp-block-image size-full\"><img fetchpriority=\"high\" decoding=\"async\" width=\"900\" height=\"600\" src=\"https:\/\/www.valparaisocreativo.cl\/wp-content\/uploads\/2024\/07\/Selec-7.jpg\" alt=\"\" class=\"wp-image-19770\" srcset=\"https:\/\/dev.antudigital.cl\/sites\/vc\/wp-content\/uploads\/2024\/07\/Selec-7.jpg 900w, https:\/\/dev.antudigital.cl\/sites\/vc\/wp-content\/uploads\/2024\/07\/Selec-7-300x200.jpg 300w, https:\/\/dev.antudigital.cl\/sites\/vc\/wp-content\/uploads\/2024\/07\/Selec-7-768x512.jpg 768w, https:\/\/dev.antudigital.cl\/sites\/vc\/wp-content\/uploads\/2024\/07\/Selec-7-480x320.jpg 480w, https:\/\/dev.antudigital.cl\/sites\/vc\/wp-content\/uploads\/2024\/07\/Selec-7-24x16.jpg 24w, https:\/\/dev.antudigital.cl\/sites\/vc\/wp-content\/uploads\/2024\/07\/Selec-7-36x24.jpg 36w, https:\/\/dev.antudigital.cl\/sites\/vc\/wp-content\/uploads\/2024\/07\/Selec-7-48x32.jpg 48w\" sizes=\"(max-width: 900px) 100vw, 900px\" \/><\/figure>\n\n\n\n<p><strong>Martina Ruiz Duve<\/strong>, int\u00e9rprete, se\u00f1ala: \u201cEs una obra que nos invit\u00f3 a explorar distintos lenguajes esc\u00e9nicos, que incluso exceden el teatro, como el lenguaje narrativo, po\u00e9tico y multimedial. El concepto de propagaci\u00f3n es fundamental, la obra originalmente tiene seis personajes y en nuestro curso somos 17 personas. En el primer acto, que es m\u00e1s realista, aparecen estos seis personajes. Luego, en un segundo acto, el fuego se propaga y aparecemos los 17, hasta despu\u00e9s volver a las cenizas en el tercer acto, el trauma de lo que qued\u00f3 de los seis personajes iniciales\u201d.<\/p>\n\n\n\n<p><strong>Josefa Venegas Galindo<\/strong>, int\u00e9rprete, comparte: \u201cEl viaje que significa preparar un Taller de T\u00edtulo es muy hermoso. Destaco la uni\u00f3n con los compa\u00f1eros, vernos en las distintas formas de interpretar, respondiendo a los requerimientos necesarios de la obra. Armamos tripletes para cada personaje, lo que significa que un mismo personaje es interpretado por una persona diferente en cada acto. Se puede ver la transmutaci\u00f3n de la persona desde el acto I al acto III. Van a lograr identificar cada personaje triplicado y su transmutaci\u00f3n a trav\u00e9s de la escena\u201d.<\/p>\n\n\n\n<p><strong>Pez Cort\u00e9s Vega<\/strong>, int\u00e9rprete, invita: \u201cEsta obra es una s\u00edntesis de los diferentes procesos que hemos pasado a lo largo de la Universidad. Detr\u00e1s del proceso de montaje hay un gran equipo que lo vuelve muy profesional. En la sucesi\u00f3n de cada acto est\u00e1 muy claro el cambio de lenguaje, se pueden evidenciar las im\u00e1genes, situaciones desde el trauma, la tragedia, poder traducirlas a un lenguaje m\u00e1s po\u00e9tico. La obra invita a adentrarse a un imaginario lleno de sensaciones. Les esperamos\u201d.<\/p>\n\n\n\n<p>Para m\u00e1s informaci\u00f3n seguir a @escuelateatrouv en Instagram.<\/p>\n","protected":false},"excerpt":{"rendered":"<p>La temporada de estreno de la obra \u201cNegro Animal Tristeza\u201d, Taller de T\u00edtulo de la Escuela de Teatro UV, es desde el mi\u00e9rcoles 17 al s\u00e1bado 20 de julio de 2024.&nbsp;La dramaturgia fue escrita por Anja Hilling y la puesta en escena es dirigida por Rodrigo Aro.&nbsp; La obra trata sobre un grupo de amigos [&hellip;]<\/p>\n","protected":false},"author":1,"featured_media":19771,"comment_status":"closed","ping_status":"closed","sticky":false,"template":"","format":"standard","meta":{"_acf_changed":false,"footnotes":""},"categories":[8],"tags":[],"class_list":["post-19769","post","type-post","status-publish","format-standard","has-post-thumbnail","hentry","category-noticia"],"acf":[],"yoast_head":"<!-- This site is optimized with the Yoast SEO plugin v27.1.1 - https:\/\/yoast.com\/product\/yoast-seo-wordpress\/ -->\n<title>Dramaturgia alemana es interpretada en Taller de T\u00edtulo de la Escuela de Teatro UV\u00a0 - Valpara\u00ed\u00adso Creativo<\/title>\n<meta name=\"robots\" content=\"index, follow, max-snippet:-1, max-image-preview:large, max-video-preview:-1\" \/>\n<link rel=\"canonical\" href=\"https:\/\/dev.antudigital.cl\/sites\/vc\/dramaturgia-alemana-es-interpretada-en-taller-de-titulo-de-la-escuela-de-teatro-uv\/\" \/>\n<meta property=\"og:locale\" content=\"es_ES\" \/>\n<meta property=\"og:type\" content=\"article\" \/>\n<meta property=\"og:title\" content=\"Dramaturgia alemana es interpretada en Taller de T\u00edtulo de la Escuela de Teatro UV\u00a0 - Valpara\u00ed\u00adso Creativo\" \/>\n<meta property=\"og:description\" content=\"La temporada de estreno de la obra \u201cNegro Animal Tristeza\u201d, Taller de T\u00edtulo de la Escuela de Teatro UV, es desde el mi\u00e9rcoles 17 al s\u00e1bado 20 de julio de 2024.&nbsp;La dramaturgia fue escrita por Anja Hilling y la puesta en escena es dirigida por Rodrigo Aro.&nbsp; La obra trata sobre un grupo de amigos [&hellip;]\" \/>\n<meta property=\"og:url\" content=\"https:\/\/dev.antudigital.cl\/sites\/vc\/dramaturgia-alemana-es-interpretada-en-taller-de-titulo-de-la-escuela-de-teatro-uv\/\" \/>\n<meta property=\"og:site_name\" content=\"Valpara\u00ed\u00adso Creativo\" \/>\n<meta property=\"article:published_time\" content=\"2024-07-18T15:28:30+00:00\" \/>\n<meta property=\"article:modified_time\" content=\"2024-07-18T15:28:46+00:00\" \/>\n<meta property=\"og:image\" content=\"https:\/\/dev.antudigital.cl\/sites\/vc\/wp-content\/uploads\/2024\/07\/Selec-14.jpg\" \/>\n\t<meta property=\"og:image:width\" content=\"900\" \/>\n\t<meta property=\"og:image:height\" content=\"600\" \/>\n\t<meta property=\"og:image:type\" content=\"image\/jpeg\" \/>\n<meta name=\"author\" content=\"Valpara\u00edso Creativo\" \/>\n<meta name=\"twitter:card\" content=\"summary_large_image\" \/>\n<meta name=\"twitter:label1\" content=\"Escrito por\" \/>\n\t<meta name=\"twitter:data1\" content=\"Valpara\u00edso Creativo\" \/>\n\t<meta name=\"twitter:label2\" content=\"Tiempo de lectura\" \/>\n\t<meta name=\"twitter:data2\" content=\"3 minutos\" \/>\n<script type=\"application\/ld+json\" class=\"yoast-schema-graph\">{\"@context\":\"https:\/\/schema.org\",\"@graph\":[{\"@type\":\"Article\",\"@id\":\"https:\/\/dev.antudigital.cl\/sites\/vc\/dramaturgia-alemana-es-interpretada-en-taller-de-titulo-de-la-escuela-de-teatro-uv\/#article\",\"isPartOf\":{\"@id\":\"https:\/\/dev.antudigital.cl\/sites\/vc\/dramaturgia-alemana-es-interpretada-en-taller-de-titulo-de-la-escuela-de-teatro-uv\/\"},\"author\":{\"name\":\"Valpara\u00edso Creativo\",\"@id\":\"https:\/\/dev.antudigital.cl\/sites\/vc\/#\/schema\/person\/c2b9da8dd545e27166fc5ab232837318\"},\"headline\":\"Dramaturgia alemana es interpretada en Taller de T\u00edtulo de la Escuela de Teatro UV\u00a0\",\"datePublished\":\"2024-07-18T15:28:30+00:00\",\"dateModified\":\"2024-07-18T15:28:46+00:00\",\"mainEntityOfPage\":{\"@id\":\"https:\/\/dev.antudigital.cl\/sites\/vc\/dramaturgia-alemana-es-interpretada-en-taller-de-titulo-de-la-escuela-de-teatro-uv\/\"},\"wordCount\":528,\"image\":{\"@id\":\"https:\/\/dev.antudigital.cl\/sites\/vc\/dramaturgia-alemana-es-interpretada-en-taller-de-titulo-de-la-escuela-de-teatro-uv\/#primaryimage\"},\"thumbnailUrl\":\"https:\/\/dev.antudigital.cl\/sites\/vc\/wp-content\/uploads\/2024\/07\/Selec-14.jpg\",\"articleSection\":[\"Noticia\"],\"inLanguage\":\"es\"},{\"@type\":\"WebPage\",\"@id\":\"https:\/\/dev.antudigital.cl\/sites\/vc\/dramaturgia-alemana-es-interpretada-en-taller-de-titulo-de-la-escuela-de-teatro-uv\/\",\"url\":\"https:\/\/dev.antudigital.cl\/sites\/vc\/dramaturgia-alemana-es-interpretada-en-taller-de-titulo-de-la-escuela-de-teatro-uv\/\",\"name\":\"Dramaturgia alemana es interpretada en Taller de T\u00edtulo de la Escuela de Teatro UV\u00a0 - Valpara\u00ed\u00adso Creativo\",\"isPartOf\":{\"@id\":\"https:\/\/dev.antudigital.cl\/sites\/vc\/#website\"},\"primaryImageOfPage\":{\"@id\":\"https:\/\/dev.antudigital.cl\/sites\/vc\/dramaturgia-alemana-es-interpretada-en-taller-de-titulo-de-la-escuela-de-teatro-uv\/#primaryimage\"},\"image\":{\"@id\":\"https:\/\/dev.antudigital.cl\/sites\/vc\/dramaturgia-alemana-es-interpretada-en-taller-de-titulo-de-la-escuela-de-teatro-uv\/#primaryimage\"},\"thumbnailUrl\":\"https:\/\/dev.antudigital.cl\/sites\/vc\/wp-content\/uploads\/2024\/07\/Selec-14.jpg\",\"datePublished\":\"2024-07-18T15:28:30+00:00\",\"dateModified\":\"2024-07-18T15:28:46+00:00\",\"author\":{\"@id\":\"https:\/\/dev.antudigital.cl\/sites\/vc\/#\/schema\/person\/c2b9da8dd545e27166fc5ab232837318\"},\"breadcrumb\":{\"@id\":\"https:\/\/dev.antudigital.cl\/sites\/vc\/dramaturgia-alemana-es-interpretada-en-taller-de-titulo-de-la-escuela-de-teatro-uv\/#breadcrumb\"},\"inLanguage\":\"es\",\"potentialAction\":[{\"@type\":\"ReadAction\",\"target\":[\"https:\/\/dev.antudigital.cl\/sites\/vc\/dramaturgia-alemana-es-interpretada-en-taller-de-titulo-de-la-escuela-de-teatro-uv\/\"]}]},{\"@type\":\"ImageObject\",\"inLanguage\":\"es\",\"@id\":\"https:\/\/dev.antudigital.cl\/sites\/vc\/dramaturgia-alemana-es-interpretada-en-taller-de-titulo-de-la-escuela-de-teatro-uv\/#primaryimage\",\"url\":\"https:\/\/dev.antudigital.cl\/sites\/vc\/wp-content\/uploads\/2024\/07\/Selec-14.jpg\",\"contentUrl\":\"https:\/\/dev.antudigital.cl\/sites\/vc\/wp-content\/uploads\/2024\/07\/Selec-14.jpg\",\"width\":900,\"height\":600},{\"@type\":\"BreadcrumbList\",\"@id\":\"https:\/\/dev.antudigital.cl\/sites\/vc\/dramaturgia-alemana-es-interpretada-en-taller-de-titulo-de-la-escuela-de-teatro-uv\/#breadcrumb\",\"itemListElement\":[{\"@type\":\"ListItem\",\"position\":1,\"name\":\"Home\",\"item\":\"https:\/\/dev.antudigital.cl\/sites\/vc\/\"},{\"@type\":\"ListItem\",\"position\":2,\"name\":\"Dramaturgia alemana es interpretada en Taller de T\u00edtulo de la Escuela de Teatro UV\u00a0\"}]},{\"@type\":\"WebSite\",\"@id\":\"https:\/\/dev.antudigital.cl\/sites\/vc\/#website\",\"url\":\"https:\/\/dev.antudigital.cl\/sites\/vc\/\",\"name\":\"Valpara\u00ed\u00adso Creativo\",\"description\":\"\",\"potentialAction\":[{\"@type\":\"SearchAction\",\"target\":{\"@type\":\"EntryPoint\",\"urlTemplate\":\"https:\/\/dev.antudigital.cl\/sites\/vc\/?s={search_term_string}\"},\"query-input\":{\"@type\":\"PropertyValueSpecification\",\"valueRequired\":true,\"valueName\":\"search_term_string\"}}],\"inLanguage\":\"es\"},{\"@type\":\"Person\",\"@id\":\"https:\/\/dev.antudigital.cl\/sites\/vc\/#\/schema\/person\/c2b9da8dd545e27166fc5ab232837318\",\"name\":\"Valpara\u00edso Creativo\",\"description\":\"Periodista de cultura en la Regi\u00f3n de Valpara\u00edso.\",\"url\":\"https:\/\/dev.antudigital.cl\/sites\/vc\/author\/valpoadmin\/\"}]}<\/script>\n<!-- \/ Yoast SEO plugin. -->","yoast_head_json":{"title":"Dramaturgia alemana es interpretada en Taller de T\u00edtulo de la Escuela de Teatro UV\u00a0 - Valpara\u00ed\u00adso Creativo","robots":{"index":"index","follow":"follow","max-snippet":"max-snippet:-1","max-image-preview":"max-image-preview:large","max-video-preview":"max-video-preview:-1"},"canonical":"https:\/\/dev.antudigital.cl\/sites\/vc\/dramaturgia-alemana-es-interpretada-en-taller-de-titulo-de-la-escuela-de-teatro-uv\/","og_locale":"es_ES","og_type":"article","og_title":"Dramaturgia alemana es interpretada en Taller de T\u00edtulo de la Escuela de Teatro UV\u00a0 - Valpara\u00ed\u00adso Creativo","og_description":"La temporada de estreno de la obra \u201cNegro Animal Tristeza\u201d, Taller de T\u00edtulo de la Escuela de Teatro UV, es desde el mi\u00e9rcoles 17 al s\u00e1bado 20 de julio de 2024.&nbsp;La dramaturgia fue escrita por Anja Hilling y la puesta en escena es dirigida por Rodrigo Aro.&nbsp; La obra trata sobre un grupo de amigos [&hellip;]","og_url":"https:\/\/dev.antudigital.cl\/sites\/vc\/dramaturgia-alemana-es-interpretada-en-taller-de-titulo-de-la-escuela-de-teatro-uv\/","og_site_name":"Valpara\u00ed\u00adso Creativo","article_published_time":"2024-07-18T15:28:30+00:00","article_modified_time":"2024-07-18T15:28:46+00:00","og_image":[{"width":900,"height":600,"url":"https:\/\/dev.antudigital.cl\/sites\/vc\/wp-content\/uploads\/2024\/07\/Selec-14.jpg","type":"image\/jpeg"}],"author":"Valpara\u00edso Creativo","twitter_card":"summary_large_image","twitter_misc":{"Escrito por":"Valpara\u00edso Creativo","Tiempo de lectura":"3 minutos"},"schema":{"@context":"https:\/\/schema.org","@graph":[{"@type":"Article","@id":"https:\/\/dev.antudigital.cl\/sites\/vc\/dramaturgia-alemana-es-interpretada-en-taller-de-titulo-de-la-escuela-de-teatro-uv\/#article","isPartOf":{"@id":"https:\/\/dev.antudigital.cl\/sites\/vc\/dramaturgia-alemana-es-interpretada-en-taller-de-titulo-de-la-escuela-de-teatro-uv\/"},"author":{"name":"Valpara\u00edso Creativo","@id":"https:\/\/dev.antudigital.cl\/sites\/vc\/#\/schema\/person\/c2b9da8dd545e27166fc5ab232837318"},"headline":"Dramaturgia alemana es interpretada en Taller de T\u00edtulo de la Escuela de Teatro UV\u00a0","datePublished":"2024-07-18T15:28:30+00:00","dateModified":"2024-07-18T15:28:46+00:00","mainEntityOfPage":{"@id":"https:\/\/dev.antudigital.cl\/sites\/vc\/dramaturgia-alemana-es-interpretada-en-taller-de-titulo-de-la-escuela-de-teatro-uv\/"},"wordCount":528,"image":{"@id":"https:\/\/dev.antudigital.cl\/sites\/vc\/dramaturgia-alemana-es-interpretada-en-taller-de-titulo-de-la-escuela-de-teatro-uv\/#primaryimage"},"thumbnailUrl":"https:\/\/dev.antudigital.cl\/sites\/vc\/wp-content\/uploads\/2024\/07\/Selec-14.jpg","articleSection":["Noticia"],"inLanguage":"es"},{"@type":"WebPage","@id":"https:\/\/dev.antudigital.cl\/sites\/vc\/dramaturgia-alemana-es-interpretada-en-taller-de-titulo-de-la-escuela-de-teatro-uv\/","url":"https:\/\/dev.antudigital.cl\/sites\/vc\/dramaturgia-alemana-es-interpretada-en-taller-de-titulo-de-la-escuela-de-teatro-uv\/","name":"Dramaturgia alemana es interpretada en Taller de T\u00edtulo de la Escuela de Teatro UV\u00a0 - Valpara\u00ed\u00adso Creativo","isPartOf":{"@id":"https:\/\/dev.antudigital.cl\/sites\/vc\/#website"},"primaryImageOfPage":{"@id":"https:\/\/dev.antudigital.cl\/sites\/vc\/dramaturgia-alemana-es-interpretada-en-taller-de-titulo-de-la-escuela-de-teatro-uv\/#primaryimage"},"image":{"@id":"https:\/\/dev.antudigital.cl\/sites\/vc\/dramaturgia-alemana-es-interpretada-en-taller-de-titulo-de-la-escuela-de-teatro-uv\/#primaryimage"},"thumbnailUrl":"https:\/\/dev.antudigital.cl\/sites\/vc\/wp-content\/uploads\/2024\/07\/Selec-14.jpg","datePublished":"2024-07-18T15:28:30+00:00","dateModified":"2024-07-18T15:28:46+00:00","author":{"@id":"https:\/\/dev.antudigital.cl\/sites\/vc\/#\/schema\/person\/c2b9da8dd545e27166fc5ab232837318"},"breadcrumb":{"@id":"https:\/\/dev.antudigital.cl\/sites\/vc\/dramaturgia-alemana-es-interpretada-en-taller-de-titulo-de-la-escuela-de-teatro-uv\/#breadcrumb"},"inLanguage":"es","potentialAction":[{"@type":"ReadAction","target":["https:\/\/dev.antudigital.cl\/sites\/vc\/dramaturgia-alemana-es-interpretada-en-taller-de-titulo-de-la-escuela-de-teatro-uv\/"]}]},{"@type":"ImageObject","inLanguage":"es","@id":"https:\/\/dev.antudigital.cl\/sites\/vc\/dramaturgia-alemana-es-interpretada-en-taller-de-titulo-de-la-escuela-de-teatro-uv\/#primaryimage","url":"https:\/\/dev.antudigital.cl\/sites\/vc\/wp-content\/uploads\/2024\/07\/Selec-14.jpg","contentUrl":"https:\/\/dev.antudigital.cl\/sites\/vc\/wp-content\/uploads\/2024\/07\/Selec-14.jpg","width":900,"height":600},{"@type":"BreadcrumbList","@id":"https:\/\/dev.antudigital.cl\/sites\/vc\/dramaturgia-alemana-es-interpretada-en-taller-de-titulo-de-la-escuela-de-teatro-uv\/#breadcrumb","itemListElement":[{"@type":"ListItem","position":1,"name":"Home","item":"https:\/\/dev.antudigital.cl\/sites\/vc\/"},{"@type":"ListItem","position":2,"name":"Dramaturgia alemana es interpretada en Taller de T\u00edtulo de la Escuela de Teatro UV\u00a0"}]},{"@type":"WebSite","@id":"https:\/\/dev.antudigital.cl\/sites\/vc\/#website","url":"https:\/\/dev.antudigital.cl\/sites\/vc\/","name":"Valpara\u00ed\u00adso Creativo","description":"","potentialAction":[{"@type":"SearchAction","target":{"@type":"EntryPoint","urlTemplate":"https:\/\/dev.antudigital.cl\/sites\/vc\/?s={search_term_string}"},"query-input":{"@type":"PropertyValueSpecification","valueRequired":true,"valueName":"search_term_string"}}],"inLanguage":"es"},{"@type":"Person","@id":"https:\/\/dev.antudigital.cl\/sites\/vc\/#\/schema\/person\/c2b9da8dd545e27166fc5ab232837318","name":"Valpara\u00edso Creativo","description":"Periodista de cultura en la Regi\u00f3n de Valpara\u00edso.","url":"https:\/\/dev.antudigital.cl\/sites\/vc\/author\/valpoadmin\/"}]}},"_links":{"self":[{"href":"https:\/\/dev.antudigital.cl\/sites\/vc\/wp-json\/wp\/v2\/posts\/19769","targetHints":{"allow":["GET"]}}],"collection":[{"href":"https:\/\/dev.antudigital.cl\/sites\/vc\/wp-json\/wp\/v2\/posts"}],"about":[{"href":"https:\/\/dev.antudigital.cl\/sites\/vc\/wp-json\/wp\/v2\/types\/post"}],"author":[{"embeddable":true,"href":"https:\/\/dev.antudigital.cl\/sites\/vc\/wp-json\/wp\/v2\/users\/1"}],"replies":[{"embeddable":true,"href":"https:\/\/dev.antudigital.cl\/sites\/vc\/wp-json\/wp\/v2\/comments?post=19769"}],"version-history":[{"count":1,"href":"https:\/\/dev.antudigital.cl\/sites\/vc\/wp-json\/wp\/v2\/posts\/19769\/revisions"}],"predecessor-version":[{"id":19772,"href":"https:\/\/dev.antudigital.cl\/sites\/vc\/wp-json\/wp\/v2\/posts\/19769\/revisions\/19772"}],"wp:featuredmedia":[{"embeddable":true,"href":"https:\/\/dev.antudigital.cl\/sites\/vc\/wp-json\/wp\/v2\/media\/19771"}],"wp:attachment":[{"href":"https:\/\/dev.antudigital.cl\/sites\/vc\/wp-json\/wp\/v2\/media?parent=19769"}],"wp:term":[{"taxonomy":"category","embeddable":true,"href":"https:\/\/dev.antudigital.cl\/sites\/vc\/wp-json\/wp\/v2\/categories?post=19769"},{"taxonomy":"post_tag","embeddable":true,"href":"https:\/\/dev.antudigital.cl\/sites\/vc\/wp-json\/wp\/v2\/tags?post=19769"}],"curies":[{"name":"wp","href":"https:\/\/api.w.org\/{rel}","templated":true}]}}