{"id":19774,"date":"2024-07-19T18:10:13","date_gmt":"2024-07-19T18:10:13","guid":{"rendered":"https:\/\/www.valparaisocreativo.cl\/?p=19774"},"modified":"2024-07-19T18:10:30","modified_gmt":"2024-07-19T18:10:30","slug":"una-estimulante-opera-prima-y-un-delicado-retrato-de-la-amistad-y-el-duelo-las-peliculas-seleccionadas-para-estrenos-en-red-2024","status":"publish","type":"post","link":"https:\/\/dev.antudigital.cl\/sites\/vc\/una-estimulante-opera-prima-y-un-delicado-retrato-de-la-amistad-y-el-duelo-las-peliculas-seleccionadas-para-estrenos-en-red-2024\/","title":{"rendered":"Una estimulante \u00f3pera prima y un delicado retrato de la amistad y el duelo: Las pel\u00edculas seleccionadas para Estrenos en RED 2024"},"content":{"rendered":"\n<p>Un t\u00edtulo chileno y otro argentino se tomar\u00e1n las pantallas de los espacios de exhibici\u00f3n que componen la Red de Salas de Cine de Chile. Pel\u00edculas que fueron seleccionadas entre m\u00e1s de 50 postulaciones provenientes de Chile y otros 12 pa\u00edses de la Regi\u00f3n, en el marco de la quinta versi\u00f3n de&nbsp;<strong>Estrenos en RED<\/strong>, iniciativa de la&nbsp;<strong>Red Salas de Cine de Chile<\/strong>&nbsp;donde se selecciona a dos pel\u00edculas, sin estreno comercial en nuestro territorio, para conectar con los p\u00fablicos de Arica a Coyhaique.<\/p>\n\n\n\n<p>El objetivo de la convocatoria es reconocer y difundir obras cinematogr\u00e1ficas de Chile y Latinoam\u00e9rica, como una manera de celebrar la diversidad, la calidad y las voces creadoras de los territorios. Asimismo, busca promover la circulaci\u00f3n de estos contenidos, apostando por la descentralizaci\u00f3n y relevando el trabajo en red. \u201cVemos esta instancia no solo como una oportunidad para impulsar un estreno colectivo a trav\u00e9s de las salas de nuestra Red, sino tambi\u00e9n como la muestra fehaciente de nuestro compromiso como gremio con la exhibici\u00f3n de cine chileno y latinoamericano\u201d, se\u00f1ala Leonardo Torres, Presidente de la Red Salas de Cine de Chile y representante de Insomnia Teatro Condell de Valpara\u00edso.<\/p>\n\n\n\n<p>La iniciativa, financiada a trav\u00e9s del Programa de Apoyo a Organizaciones Culturales Colaboradoras, Convocatoria 2023, del Ministerio de las Culturas, las Artes y el Patrimonio, selecciona cada a\u00f1o dos obras para su circulaci\u00f3n en nuestro pa\u00eds, en las categor\u00edas Largometraje Nacional y Largometraje Latinoamericano. En esta ocasi\u00f3n, el jurado estuvo compuesto por Cynthia Garc\u00eda Calvo programadora de la Red Salas de Cine de Chile; Mart\u00edn Castillo en representaci\u00f3n de Centro Arte Alameda de Santiago; y Dominique Rammsy en representaci\u00f3n de -1 CINE de Puerto Varas.<\/p>\n\n\n\n<p>\u201cLa selecci\u00f3n de Estrenos en Red de este a\u00f1o presenta dos propuestas muy diferentes pero igualmente estimulantes. Como film latinoamericano se ha elegido la pel\u00edcula m\u00e1s reciente de uno de los nuevos talentos del cine argentino, Mar\u00eda Aparicio, quien entrega una sensible y delicada obra que reflexiona sobre el proceso creativo y el cine. En tanto que como pel\u00edcula chilena se seleccion\u00f3 una \u00f3pera prima llena de vitalidad y m\u00fasica, con un atractivo y destacado elenco encabezado por Catalina Saavedra, que tiene todas las caracter\u00edsticas para convertirse en un \u00e9xito del cine nacional\u201d, explica Cynthia Garc\u00eda Calvo.<\/p>\n\n\n\n<figure class=\"wp-block-image\"><img decoding=\"async\" src=\"https:\/\/mail.google.com\/mail\/u\/0?ui=2&amp;ik=204c6659e7&amp;attid=0.0.2&amp;permmsgid=msg-f:1805021083312147073&amp;th=190cb91ca2e94a81&amp;view=fimg&amp;fur=ip&amp;sz=s0-l75-ft&amp;attbid=ANGjdJ_iC0bsGK26F5xT3WKjd9qsilLGZDn2QVw9IgIRnOf4BpzbjmXN0vIxXCTg1ZLWeSOD-TY-UOIK7x6emm7rG5Nlm9yYlQGuukYKClVkb-ExMb2bpfkJLiRnckU&amp;disp=emb&amp;realattid=ii_lysuc1dg2\" alt=\"LCI_2.png\"\/><\/figure>\n\n\n\n<p><strong>Las pel\u00edculas seleccionadas<\/strong><br><\/p>\n\n\n\n<p>Un musical que cuenta la tragedia de la banda People in the Dragon, la nueva promesa del rock chileno, que a pocos d\u00edas de participar en el festival m\u00e1s grande de Am\u00e9rica, debe convivir con la muerte de su vocalista.&nbsp;<em>La verdadera historia de People in the Dragon<\/em>, dirigida por Pablo Greene, corresponde a la selecci\u00f3n Largometraje Nacional. Greene ha trabajado antes como guionista y productor ejecutivo de&nbsp;<em>Mala junta&nbsp;<\/em>y&nbsp;<em>Mis hermanos sue\u00f1an despiertos<\/em>, ambas ficciones dirigidas por Claudia Huaquimilla. Esta es su \u00f3pera prima.<\/p>\n\n\n\n<p>\u201cNos alegr\u00f3 mucho la noticia de que gracias a la Red podremos estrenar en casi todas las regiones del pa\u00eds. Un gran tema pendiente es la descentralizaci\u00f3n del cine nacional, por lo que estamos felices de poder llevar esta comedia a tantos lugares\u201d, comenta el director.<\/p>\n\n\n\n<p>Por otro lado, la argentina&nbsp;<em>Las cosas indefinidas<\/em>, dirigida por Mar\u00eda Aparicio, fue seleccionada como Largometraje Latinoamericano en la convocatoria. Un drama que retrata a Eva, mujer de cincuenta a\u00f1os que se dedica a editar pel\u00edculas. Mientras trabaja junto a su asistente Rami en un largometraje sobre personas con ceguera, parece haber perdido el entusiasmo por el cine. A esto se suma la reciente muerte de su amigo Juan, un director de cine cuyas pel\u00edculas ella editaba.&nbsp;<em>Las cosas indefinidas<\/em>&nbsp;es la tercera pel\u00edcula de la realizadora cordobesa, una sutil reflexi\u00f3n sobre la creaci\u00f3n y la p\u00e9rdida.<\/p>\n\n\n\n<figure class=\"wp-block-image size-large\"><img fetchpriority=\"high\" decoding=\"async\" width=\"1024\" height=\"500\" src=\"https:\/\/www.valparaisocreativo.cl\/wp-content\/uploads\/2024\/07\/La-verdadera-historia-de-People-in-the-Dragon-1-1024x500.jpg\" alt=\"\" class=\"wp-image-19776\" srcset=\"https:\/\/dev.antudigital.cl\/sites\/vc\/wp-content\/uploads\/2024\/07\/La-verdadera-historia-de-People-in-the-Dragon-1-1024x500.jpg 1024w, https:\/\/dev.antudigital.cl\/sites\/vc\/wp-content\/uploads\/2024\/07\/La-verdadera-historia-de-People-in-the-Dragon-1-300x147.jpg 300w, https:\/\/dev.antudigital.cl\/sites\/vc\/wp-content\/uploads\/2024\/07\/La-verdadera-historia-de-People-in-the-Dragon-1-768x375.jpg 768w, https:\/\/dev.antudigital.cl\/sites\/vc\/wp-content\/uploads\/2024\/07\/La-verdadera-historia-de-People-in-the-Dragon-1-1536x751.jpg 1536w, https:\/\/dev.antudigital.cl\/sites\/vc\/wp-content\/uploads\/2024\/07\/La-verdadera-historia-de-People-in-the-Dragon-1-2048x1001.jpg 2048w, https:\/\/dev.antudigital.cl\/sites\/vc\/wp-content\/uploads\/2024\/07\/La-verdadera-historia-de-People-in-the-Dragon-1-1080x528.jpg 1080w, https:\/\/dev.antudigital.cl\/sites\/vc\/wp-content\/uploads\/2024\/07\/La-verdadera-historia-de-People-in-the-Dragon-1-1280x626.jpg 1280w, https:\/\/dev.antudigital.cl\/sites\/vc\/wp-content\/uploads\/2024\/07\/La-verdadera-historia-de-People-in-the-Dragon-1-980x479.jpg 980w, https:\/\/dev.antudigital.cl\/sites\/vc\/wp-content\/uploads\/2024\/07\/La-verdadera-historia-de-People-in-the-Dragon-1-480x235.jpg 480w, https:\/\/dev.antudigital.cl\/sites\/vc\/wp-content\/uploads\/2024\/07\/La-verdadera-historia-de-People-in-the-Dragon-1-24x12.jpg 24w, https:\/\/dev.antudigital.cl\/sites\/vc\/wp-content\/uploads\/2024\/07\/La-verdadera-historia-de-People-in-the-Dragon-1-36x18.jpg 36w, https:\/\/dev.antudigital.cl\/sites\/vc\/wp-content\/uploads\/2024\/07\/La-verdadera-historia-de-People-in-the-Dragon-1-48x23.jpg 48w\" sizes=\"(max-width: 1024px) 100vw, 1024px\" \/><\/figure>\n\n\n\n<p>\u201cEl p\u00fablico de festivales es importante para nosotros pero tambi\u00e9n entendemos como fundamental el v\u00ednculo con lxs espectadores de todas las salas y espacios de exhibici\u00f3n e intentamos trabajar cada vez m\u00e1s para poder estrechar y ampliar las posibilidades de encuentro con otros espacios\u201d, sostiene Mar\u00eda Aparicio sobre la posibilidad de estrenar en las salas de la Red.<\/p>\n\n\n\n<p>Las pel\u00edculas ser\u00e1n presentadas pr\u00f3ximamente en los espacios de exhibici\u00f3n de la Red de Salas de Cine de Chile.<\/p>\n\n\n\n<p>La&nbsp;<strong>Asociaci\u00f3n Gremial de Salas Independientes de Cine de Chile<\/strong>&nbsp;forma parte del&nbsp;<strong>Programa de Apoyo a Organizaciones Culturales Colaboradoras del Ministerio de las Culturas, las Artes y el Patrimonio<\/strong>, que busca fortalecer y dar continuidad a instituciones y organizaciones culturales de derecho privado y sin fines de lucro. Este programa adem\u00e1s es parte del Sistema de Financiamiento a Organizaciones e Infraestructura Cultural del&nbsp;<strong>Ministerio de las Culturas, las Artes y el Patrimonio<\/strong>&nbsp;que integra, articula y coordina de forma transversal los planes, programas y fondos orientados al fomento y apoyo de las organizaciones, de la infraestructura cultural, y de la mediaci\u00f3n art\u00edstica. Todo esto con una vocaci\u00f3n descentralizada, mecanismos participativos, y la promoci\u00f3n de la creaci\u00f3n de redes y asociaciones.<\/p>\n\n\n\n<p><strong>M\u00e1s informaci\u00f3n en&nbsp;<a href=\"http:\/\/redsalasdecine.cl\/\" target=\"_blank\" rel=\"noreferrer noopener\">redsalasdecine.cl<\/a><\/strong><\/p>\n\n\n\n<p><strong>Descarga im\u00e1genes&nbsp;<a href=\"https:\/\/drive.google.com\/drive\/folders\/1gZKMublxfScAdZUoJhQ_pmKK2onVt1h6?usp=drive_link\" target=\"_blank\" rel=\"noreferrer noopener\">aqu\u00ed<\/a>.<\/strong><\/p>\n","protected":false},"excerpt":{"rendered":"<p>Un t\u00edtulo chileno y otro argentino se tomar\u00e1n las pantallas de los espacios de exhibici\u00f3n que componen la Red de Salas de Cine de Chile. Pel\u00edculas que fueron seleccionadas entre m\u00e1s de 50 postulaciones provenientes de Chile y otros 12 pa\u00edses de la Regi\u00f3n, en el marco de la quinta versi\u00f3n de&nbsp;Estrenos en RED, iniciativa [&hellip;]<\/p>\n","protected":false},"author":1,"featured_media":19775,"comment_status":"closed","ping_status":"closed","sticky":false,"template":"","format":"standard","meta":{"_acf_changed":false,"footnotes":""},"categories":[8],"tags":[],"class_list":["post-19774","post","type-post","status-publish","format-standard","has-post-thumbnail","hentry","category-noticia"],"acf":[],"yoast_head":"<!-- This site is optimized with the Yoast SEO plugin v27.1.1 - https:\/\/yoast.com\/product\/yoast-seo-wordpress\/ -->\n<title>Una estimulante \u00f3pera prima y un delicado retrato de la amistad y el duelo: Las pel\u00edculas seleccionadas para Estrenos en RED 2024 - Valpara\u00ed\u00adso Creativo<\/title>\n<meta name=\"robots\" content=\"index, follow, max-snippet:-1, max-image-preview:large, max-video-preview:-1\" \/>\n<link rel=\"canonical\" href=\"https:\/\/dev.antudigital.cl\/sites\/vc\/una-estimulante-opera-prima-y-un-delicado-retrato-de-la-amistad-y-el-duelo-las-peliculas-seleccionadas-para-estrenos-en-red-2024\/\" \/>\n<meta property=\"og:locale\" content=\"es_ES\" \/>\n<meta property=\"og:type\" content=\"article\" \/>\n<meta property=\"og:title\" content=\"Una estimulante \u00f3pera prima y un delicado retrato de la amistad y el duelo: Las pel\u00edculas seleccionadas para Estrenos en RED 2024 - Valpara\u00ed\u00adso Creativo\" \/>\n<meta property=\"og:description\" content=\"Un t\u00edtulo chileno y otro argentino se tomar\u00e1n las pantallas de los espacios de exhibici\u00f3n que componen la Red de Salas de Cine de Chile. Pel\u00edculas que fueron seleccionadas entre m\u00e1s de 50 postulaciones provenientes de Chile y otros 12 pa\u00edses de la Regi\u00f3n, en el marco de la quinta versi\u00f3n de&nbsp;Estrenos en RED, iniciativa [&hellip;]\" \/>\n<meta property=\"og:url\" content=\"https:\/\/dev.antudigital.cl\/sites\/vc\/una-estimulante-opera-prima-y-un-delicado-retrato-de-la-amistad-y-el-duelo-las-peliculas-seleccionadas-para-estrenos-en-red-2024\/\" \/>\n<meta property=\"og:site_name\" content=\"Valpara\u00ed\u00adso Creativo\" \/>\n<meta property=\"article:published_time\" content=\"2024-07-19T18:10:13+00:00\" \/>\n<meta property=\"article:modified_time\" content=\"2024-07-19T18:10:30+00:00\" \/>\n<meta property=\"og:image\" content=\"https:\/\/dev.antudigital.cl\/sites\/vc\/wp-content\/uploads\/2024\/07\/La-verdadera-historia-de-People-in-the-Dragon-2.png\" \/>\n\t<meta property=\"og:image:width\" content=\"1280\" \/>\n\t<meta property=\"og:image:height\" content=\"582\" \/>\n\t<meta property=\"og:image:type\" content=\"image\/png\" \/>\n<meta name=\"author\" content=\"Valpara\u00edso Creativo\" \/>\n<meta name=\"twitter:card\" content=\"summary_large_image\" \/>\n<meta name=\"twitter:label1\" content=\"Escrito por\" \/>\n\t<meta name=\"twitter:data1\" content=\"Valpara\u00edso Creativo\" \/>\n\t<meta name=\"twitter:label2\" content=\"Tiempo de lectura\" \/>\n\t<meta name=\"twitter:data2\" content=\"5 minutos\" \/>\n<script type=\"application\/ld+json\" class=\"yoast-schema-graph\">{\"@context\":\"https:\/\/schema.org\",\"@graph\":[{\"@type\":\"Article\",\"@id\":\"https:\/\/dev.antudigital.cl\/sites\/vc\/una-estimulante-opera-prima-y-un-delicado-retrato-de-la-amistad-y-el-duelo-las-peliculas-seleccionadas-para-estrenos-en-red-2024\/#article\",\"isPartOf\":{\"@id\":\"https:\/\/dev.antudigital.cl\/sites\/vc\/una-estimulante-opera-prima-y-un-delicado-retrato-de-la-amistad-y-el-duelo-las-peliculas-seleccionadas-para-estrenos-en-red-2024\/\"},\"author\":{\"name\":\"Valpara\u00edso Creativo\",\"@id\":\"https:\/\/dev.antudigital.cl\/sites\/vc\/#\/schema\/person\/c2b9da8dd545e27166fc5ab232837318\"},\"headline\":\"Una estimulante \u00f3pera prima y un delicado retrato de la amistad y el duelo: Las pel\u00edculas seleccionadas para Estrenos en RED 2024\",\"datePublished\":\"2024-07-19T18:10:13+00:00\",\"dateModified\":\"2024-07-19T18:10:30+00:00\",\"mainEntityOfPage\":{\"@id\":\"https:\/\/dev.antudigital.cl\/sites\/vc\/una-estimulante-opera-prima-y-un-delicado-retrato-de-la-amistad-y-el-duelo-las-peliculas-seleccionadas-para-estrenos-en-red-2024\/\"},\"wordCount\":924,\"image\":{\"@id\":\"https:\/\/dev.antudigital.cl\/sites\/vc\/una-estimulante-opera-prima-y-un-delicado-retrato-de-la-amistad-y-el-duelo-las-peliculas-seleccionadas-para-estrenos-en-red-2024\/#primaryimage\"},\"thumbnailUrl\":\"https:\/\/dev.antudigital.cl\/sites\/vc\/wp-content\/uploads\/2024\/07\/La-verdadera-historia-de-People-in-the-Dragon-2.png\",\"articleSection\":[\"Noticia\"],\"inLanguage\":\"es\"},{\"@type\":\"WebPage\",\"@id\":\"https:\/\/dev.antudigital.cl\/sites\/vc\/una-estimulante-opera-prima-y-un-delicado-retrato-de-la-amistad-y-el-duelo-las-peliculas-seleccionadas-para-estrenos-en-red-2024\/\",\"url\":\"https:\/\/dev.antudigital.cl\/sites\/vc\/una-estimulante-opera-prima-y-un-delicado-retrato-de-la-amistad-y-el-duelo-las-peliculas-seleccionadas-para-estrenos-en-red-2024\/\",\"name\":\"Una estimulante \u00f3pera prima y un delicado retrato de la amistad y el duelo: Las pel\u00edculas seleccionadas para Estrenos en RED 2024 - Valpara\u00ed\u00adso Creativo\",\"isPartOf\":{\"@id\":\"https:\/\/dev.antudigital.cl\/sites\/vc\/#website\"},\"primaryImageOfPage\":{\"@id\":\"https:\/\/dev.antudigital.cl\/sites\/vc\/una-estimulante-opera-prima-y-un-delicado-retrato-de-la-amistad-y-el-duelo-las-peliculas-seleccionadas-para-estrenos-en-red-2024\/#primaryimage\"},\"image\":{\"@id\":\"https:\/\/dev.antudigital.cl\/sites\/vc\/una-estimulante-opera-prima-y-un-delicado-retrato-de-la-amistad-y-el-duelo-las-peliculas-seleccionadas-para-estrenos-en-red-2024\/#primaryimage\"},\"thumbnailUrl\":\"https:\/\/dev.antudigital.cl\/sites\/vc\/wp-content\/uploads\/2024\/07\/La-verdadera-historia-de-People-in-the-Dragon-2.png\",\"datePublished\":\"2024-07-19T18:10:13+00:00\",\"dateModified\":\"2024-07-19T18:10:30+00:00\",\"author\":{\"@id\":\"https:\/\/dev.antudigital.cl\/sites\/vc\/#\/schema\/person\/c2b9da8dd545e27166fc5ab232837318\"},\"breadcrumb\":{\"@id\":\"https:\/\/dev.antudigital.cl\/sites\/vc\/una-estimulante-opera-prima-y-un-delicado-retrato-de-la-amistad-y-el-duelo-las-peliculas-seleccionadas-para-estrenos-en-red-2024\/#breadcrumb\"},\"inLanguage\":\"es\",\"potentialAction\":[{\"@type\":\"ReadAction\",\"target\":[\"https:\/\/dev.antudigital.cl\/sites\/vc\/una-estimulante-opera-prima-y-un-delicado-retrato-de-la-amistad-y-el-duelo-las-peliculas-seleccionadas-para-estrenos-en-red-2024\/\"]}]},{\"@type\":\"ImageObject\",\"inLanguage\":\"es\",\"@id\":\"https:\/\/dev.antudigital.cl\/sites\/vc\/una-estimulante-opera-prima-y-un-delicado-retrato-de-la-amistad-y-el-duelo-las-peliculas-seleccionadas-para-estrenos-en-red-2024\/#primaryimage\",\"url\":\"https:\/\/dev.antudigital.cl\/sites\/vc\/wp-content\/uploads\/2024\/07\/La-verdadera-historia-de-People-in-the-Dragon-2.png\",\"contentUrl\":\"https:\/\/dev.antudigital.cl\/sites\/vc\/wp-content\/uploads\/2024\/07\/La-verdadera-historia-de-People-in-the-Dragon-2.png\",\"width\":1280,\"height\":582},{\"@type\":\"BreadcrumbList\",\"@id\":\"https:\/\/dev.antudigital.cl\/sites\/vc\/una-estimulante-opera-prima-y-un-delicado-retrato-de-la-amistad-y-el-duelo-las-peliculas-seleccionadas-para-estrenos-en-red-2024\/#breadcrumb\",\"itemListElement\":[{\"@type\":\"ListItem\",\"position\":1,\"name\":\"Home\",\"item\":\"https:\/\/dev.antudigital.cl\/sites\/vc\/\"},{\"@type\":\"ListItem\",\"position\":2,\"name\":\"Una estimulante \u00f3pera prima y un delicado retrato de la amistad y el duelo: Las pel\u00edculas seleccionadas para Estrenos en RED 2024\"}]},{\"@type\":\"WebSite\",\"@id\":\"https:\/\/dev.antudigital.cl\/sites\/vc\/#website\",\"url\":\"https:\/\/dev.antudigital.cl\/sites\/vc\/\",\"name\":\"Valpara\u00ed\u00adso Creativo\",\"description\":\"\",\"potentialAction\":[{\"@type\":\"SearchAction\",\"target\":{\"@type\":\"EntryPoint\",\"urlTemplate\":\"https:\/\/dev.antudigital.cl\/sites\/vc\/?s={search_term_string}\"},\"query-input\":{\"@type\":\"PropertyValueSpecification\",\"valueRequired\":true,\"valueName\":\"search_term_string\"}}],\"inLanguage\":\"es\"},{\"@type\":\"Person\",\"@id\":\"https:\/\/dev.antudigital.cl\/sites\/vc\/#\/schema\/person\/c2b9da8dd545e27166fc5ab232837318\",\"name\":\"Valpara\u00edso Creativo\",\"description\":\"Periodista de cultura en la Regi\u00f3n de Valpara\u00edso.\",\"url\":\"https:\/\/dev.antudigital.cl\/sites\/vc\/author\/valpoadmin\/\"}]}<\/script>\n<!-- \/ Yoast SEO plugin. -->","yoast_head_json":{"title":"Una estimulante \u00f3pera prima y un delicado retrato de la amistad y el duelo: Las pel\u00edculas seleccionadas para Estrenos en RED 2024 - Valpara\u00ed\u00adso Creativo","robots":{"index":"index","follow":"follow","max-snippet":"max-snippet:-1","max-image-preview":"max-image-preview:large","max-video-preview":"max-video-preview:-1"},"canonical":"https:\/\/dev.antudigital.cl\/sites\/vc\/una-estimulante-opera-prima-y-un-delicado-retrato-de-la-amistad-y-el-duelo-las-peliculas-seleccionadas-para-estrenos-en-red-2024\/","og_locale":"es_ES","og_type":"article","og_title":"Una estimulante \u00f3pera prima y un delicado retrato de la amistad y el duelo: Las pel\u00edculas seleccionadas para Estrenos en RED 2024 - Valpara\u00ed\u00adso Creativo","og_description":"Un t\u00edtulo chileno y otro argentino se tomar\u00e1n las pantallas de los espacios de exhibici\u00f3n que componen la Red de Salas de Cine de Chile. Pel\u00edculas que fueron seleccionadas entre m\u00e1s de 50 postulaciones provenientes de Chile y otros 12 pa\u00edses de la Regi\u00f3n, en el marco de la quinta versi\u00f3n de&nbsp;Estrenos en RED, iniciativa [&hellip;]","og_url":"https:\/\/dev.antudigital.cl\/sites\/vc\/una-estimulante-opera-prima-y-un-delicado-retrato-de-la-amistad-y-el-duelo-las-peliculas-seleccionadas-para-estrenos-en-red-2024\/","og_site_name":"Valpara\u00ed\u00adso Creativo","article_published_time":"2024-07-19T18:10:13+00:00","article_modified_time":"2024-07-19T18:10:30+00:00","og_image":[{"width":1280,"height":582,"url":"https:\/\/dev.antudigital.cl\/sites\/vc\/wp-content\/uploads\/2024\/07\/La-verdadera-historia-de-People-in-the-Dragon-2.png","type":"image\/png"}],"author":"Valpara\u00edso Creativo","twitter_card":"summary_large_image","twitter_misc":{"Escrito por":"Valpara\u00edso Creativo","Tiempo de lectura":"5 minutos"},"schema":{"@context":"https:\/\/schema.org","@graph":[{"@type":"Article","@id":"https:\/\/dev.antudigital.cl\/sites\/vc\/una-estimulante-opera-prima-y-un-delicado-retrato-de-la-amistad-y-el-duelo-las-peliculas-seleccionadas-para-estrenos-en-red-2024\/#article","isPartOf":{"@id":"https:\/\/dev.antudigital.cl\/sites\/vc\/una-estimulante-opera-prima-y-un-delicado-retrato-de-la-amistad-y-el-duelo-las-peliculas-seleccionadas-para-estrenos-en-red-2024\/"},"author":{"name":"Valpara\u00edso Creativo","@id":"https:\/\/dev.antudigital.cl\/sites\/vc\/#\/schema\/person\/c2b9da8dd545e27166fc5ab232837318"},"headline":"Una estimulante \u00f3pera prima y un delicado retrato de la amistad y el duelo: Las pel\u00edculas seleccionadas para Estrenos en RED 2024","datePublished":"2024-07-19T18:10:13+00:00","dateModified":"2024-07-19T18:10:30+00:00","mainEntityOfPage":{"@id":"https:\/\/dev.antudigital.cl\/sites\/vc\/una-estimulante-opera-prima-y-un-delicado-retrato-de-la-amistad-y-el-duelo-las-peliculas-seleccionadas-para-estrenos-en-red-2024\/"},"wordCount":924,"image":{"@id":"https:\/\/dev.antudigital.cl\/sites\/vc\/una-estimulante-opera-prima-y-un-delicado-retrato-de-la-amistad-y-el-duelo-las-peliculas-seleccionadas-para-estrenos-en-red-2024\/#primaryimage"},"thumbnailUrl":"https:\/\/dev.antudigital.cl\/sites\/vc\/wp-content\/uploads\/2024\/07\/La-verdadera-historia-de-People-in-the-Dragon-2.png","articleSection":["Noticia"],"inLanguage":"es"},{"@type":"WebPage","@id":"https:\/\/dev.antudigital.cl\/sites\/vc\/una-estimulante-opera-prima-y-un-delicado-retrato-de-la-amistad-y-el-duelo-las-peliculas-seleccionadas-para-estrenos-en-red-2024\/","url":"https:\/\/dev.antudigital.cl\/sites\/vc\/una-estimulante-opera-prima-y-un-delicado-retrato-de-la-amistad-y-el-duelo-las-peliculas-seleccionadas-para-estrenos-en-red-2024\/","name":"Una estimulante \u00f3pera prima y un delicado retrato de la amistad y el duelo: Las pel\u00edculas seleccionadas para Estrenos en RED 2024 - Valpara\u00ed\u00adso Creativo","isPartOf":{"@id":"https:\/\/dev.antudigital.cl\/sites\/vc\/#website"},"primaryImageOfPage":{"@id":"https:\/\/dev.antudigital.cl\/sites\/vc\/una-estimulante-opera-prima-y-un-delicado-retrato-de-la-amistad-y-el-duelo-las-peliculas-seleccionadas-para-estrenos-en-red-2024\/#primaryimage"},"image":{"@id":"https:\/\/dev.antudigital.cl\/sites\/vc\/una-estimulante-opera-prima-y-un-delicado-retrato-de-la-amistad-y-el-duelo-las-peliculas-seleccionadas-para-estrenos-en-red-2024\/#primaryimage"},"thumbnailUrl":"https:\/\/dev.antudigital.cl\/sites\/vc\/wp-content\/uploads\/2024\/07\/La-verdadera-historia-de-People-in-the-Dragon-2.png","datePublished":"2024-07-19T18:10:13+00:00","dateModified":"2024-07-19T18:10:30+00:00","author":{"@id":"https:\/\/dev.antudigital.cl\/sites\/vc\/#\/schema\/person\/c2b9da8dd545e27166fc5ab232837318"},"breadcrumb":{"@id":"https:\/\/dev.antudigital.cl\/sites\/vc\/una-estimulante-opera-prima-y-un-delicado-retrato-de-la-amistad-y-el-duelo-las-peliculas-seleccionadas-para-estrenos-en-red-2024\/#breadcrumb"},"inLanguage":"es","potentialAction":[{"@type":"ReadAction","target":["https:\/\/dev.antudigital.cl\/sites\/vc\/una-estimulante-opera-prima-y-un-delicado-retrato-de-la-amistad-y-el-duelo-las-peliculas-seleccionadas-para-estrenos-en-red-2024\/"]}]},{"@type":"ImageObject","inLanguage":"es","@id":"https:\/\/dev.antudigital.cl\/sites\/vc\/una-estimulante-opera-prima-y-un-delicado-retrato-de-la-amistad-y-el-duelo-las-peliculas-seleccionadas-para-estrenos-en-red-2024\/#primaryimage","url":"https:\/\/dev.antudigital.cl\/sites\/vc\/wp-content\/uploads\/2024\/07\/La-verdadera-historia-de-People-in-the-Dragon-2.png","contentUrl":"https:\/\/dev.antudigital.cl\/sites\/vc\/wp-content\/uploads\/2024\/07\/La-verdadera-historia-de-People-in-the-Dragon-2.png","width":1280,"height":582},{"@type":"BreadcrumbList","@id":"https:\/\/dev.antudigital.cl\/sites\/vc\/una-estimulante-opera-prima-y-un-delicado-retrato-de-la-amistad-y-el-duelo-las-peliculas-seleccionadas-para-estrenos-en-red-2024\/#breadcrumb","itemListElement":[{"@type":"ListItem","position":1,"name":"Home","item":"https:\/\/dev.antudigital.cl\/sites\/vc\/"},{"@type":"ListItem","position":2,"name":"Una estimulante \u00f3pera prima y un delicado retrato de la amistad y el duelo: Las pel\u00edculas seleccionadas para Estrenos en RED 2024"}]},{"@type":"WebSite","@id":"https:\/\/dev.antudigital.cl\/sites\/vc\/#website","url":"https:\/\/dev.antudigital.cl\/sites\/vc\/","name":"Valpara\u00ed\u00adso Creativo","description":"","potentialAction":[{"@type":"SearchAction","target":{"@type":"EntryPoint","urlTemplate":"https:\/\/dev.antudigital.cl\/sites\/vc\/?s={search_term_string}"},"query-input":{"@type":"PropertyValueSpecification","valueRequired":true,"valueName":"search_term_string"}}],"inLanguage":"es"},{"@type":"Person","@id":"https:\/\/dev.antudigital.cl\/sites\/vc\/#\/schema\/person\/c2b9da8dd545e27166fc5ab232837318","name":"Valpara\u00edso Creativo","description":"Periodista de cultura en la Regi\u00f3n de Valpara\u00edso.","url":"https:\/\/dev.antudigital.cl\/sites\/vc\/author\/valpoadmin\/"}]}},"_links":{"self":[{"href":"https:\/\/dev.antudigital.cl\/sites\/vc\/wp-json\/wp\/v2\/posts\/19774","targetHints":{"allow":["GET"]}}],"collection":[{"href":"https:\/\/dev.antudigital.cl\/sites\/vc\/wp-json\/wp\/v2\/posts"}],"about":[{"href":"https:\/\/dev.antudigital.cl\/sites\/vc\/wp-json\/wp\/v2\/types\/post"}],"author":[{"embeddable":true,"href":"https:\/\/dev.antudigital.cl\/sites\/vc\/wp-json\/wp\/v2\/users\/1"}],"replies":[{"embeddable":true,"href":"https:\/\/dev.antudigital.cl\/sites\/vc\/wp-json\/wp\/v2\/comments?post=19774"}],"version-history":[{"count":1,"href":"https:\/\/dev.antudigital.cl\/sites\/vc\/wp-json\/wp\/v2\/posts\/19774\/revisions"}],"predecessor-version":[{"id":19777,"href":"https:\/\/dev.antudigital.cl\/sites\/vc\/wp-json\/wp\/v2\/posts\/19774\/revisions\/19777"}],"wp:featuredmedia":[{"embeddable":true,"href":"https:\/\/dev.antudigital.cl\/sites\/vc\/wp-json\/wp\/v2\/media\/19775"}],"wp:attachment":[{"href":"https:\/\/dev.antudigital.cl\/sites\/vc\/wp-json\/wp\/v2\/media?parent=19774"}],"wp:term":[{"taxonomy":"category","embeddable":true,"href":"https:\/\/dev.antudigital.cl\/sites\/vc\/wp-json\/wp\/v2\/categories?post=19774"},{"taxonomy":"post_tag","embeddable":true,"href":"https:\/\/dev.antudigital.cl\/sites\/vc\/wp-json\/wp\/v2\/tags?post=19774"}],"curies":[{"name":"wp","href":"https:\/\/api.w.org\/{rel}","templated":true}]}}