{"id":19778,"date":"2024-07-19T20:04:11","date_gmt":"2024-07-19T20:04:11","guid":{"rendered":"https:\/\/www.valparaisocreativo.cl\/?p=19778"},"modified":"2024-07-19T20:04:27","modified_gmt":"2024-07-19T20:04:27","slug":"baj-valparaiso-invita-a-una-nueva-version-de-sonidos-de-casa","status":"publish","type":"post","link":"https:\/\/dev.antudigital.cl\/sites\/vc\/baj-valparaiso-invita-a-una-nueva-version-de-sonidos-de-casa\/","title":{"rendered":"BAJ Valpara\u00edso invita a una nueva versi\u00f3n de \u00abSonidos de Casa\u00bb"},"content":{"rendered":"\n<p><strong>Balmaceda Arte Joven Valpara\u00edso presenta un nuevo concierto de su ciclo \u00abSonidos de Casa\u00bb. Este evento, que se realiza cada dos meses, est\u00e1 dedicado a celebrar y promover el talento musical local de Valpara\u00edso, brindando una plataforma para que los m\u00fasicos locales compartan su arte con la comunidad y fortalezcan la escena musical en la regi\u00f3n.&nbsp;<\/strong><\/p>\n\n\n\n<p>Durante el evento, se presentar\u00e1n <strong>Astarosta, Maitinada ft Kaida <\/strong>y <strong>Ro Garc\u00eda<\/strong>, artistas que han participado en diversas ediciones del Laboratorio de Producci\u00f3n Musical de BAJ Valpo. Este laboratorio, que se realiza anualmente, culmina con la producci\u00f3n de un disco compilatorio que est\u00e1 disponible en varias plataformas digitales.<\/p>\n\n\n\n<p>El evento tendr\u00e1 lugar el viernes 26 de julio a las 18:00 horas en el Teatro de BAJ Valpo. Durante esta ocasi\u00f3n, el p\u00fablico podr\u00e1 explorar y disfrutar de la m\u00fasica de los artistas, ofreciendo una excelente oportunidad para sumergirse en un ambiente din\u00e1mico y lleno de talento.<\/p>\n\n\n\n<figure class=\"wp-block-image size-large\"><img fetchpriority=\"high\" decoding=\"async\" width=\"1024\" height=\"1024\" src=\"https:\/\/www.valparaisocreativo.cl\/wp-content\/uploads\/2024\/07\/SDC-JULIO-1X1-1024x1024.png\" alt=\"\" class=\"wp-image-19780\" srcset=\"https:\/\/dev.antudigital.cl\/sites\/vc\/wp-content\/uploads\/2024\/07\/SDC-JULIO-1X1-1024x1024.png 1024w, https:\/\/dev.antudigital.cl\/sites\/vc\/wp-content\/uploads\/2024\/07\/SDC-JULIO-1X1-300x300.png 300w, https:\/\/dev.antudigital.cl\/sites\/vc\/wp-content\/uploads\/2024\/07\/SDC-JULIO-1X1-150x150.png 150w, https:\/\/dev.antudigital.cl\/sites\/vc\/wp-content\/uploads\/2024\/07\/SDC-JULIO-1X1-768x768.png 768w, https:\/\/dev.antudigital.cl\/sites\/vc\/wp-content\/uploads\/2024\/07\/SDC-JULIO-1X1-980x980.png 980w, https:\/\/dev.antudigital.cl\/sites\/vc\/wp-content\/uploads\/2024\/07\/SDC-JULIO-1X1-480x480.png 480w, https:\/\/dev.antudigital.cl\/sites\/vc\/wp-content\/uploads\/2024\/07\/SDC-JULIO-1X1-24x24.png 24w, https:\/\/dev.antudigital.cl\/sites\/vc\/wp-content\/uploads\/2024\/07\/SDC-JULIO-1X1-36x36.png 36w, https:\/\/dev.antudigital.cl\/sites\/vc\/wp-content\/uploads\/2024\/07\/SDC-JULIO-1X1-48x48.png 48w, https:\/\/dev.antudigital.cl\/sites\/vc\/wp-content\/uploads\/2024\/07\/SDC-JULIO-1X1.png 1080w\" sizes=\"(max-width: 1024px) 100vw, 1024px\" \/><\/figure>\n\n\n\n<p><br>Astarosta cautivar\u00e1 a la audiencia con sus sonidos digitales en directo, presentando una est\u00e9tica electr\u00f3nica lo-fi y envolvente. Maitinada ft. Kaida explorar\u00e1 la m\u00fasica experimental a trav\u00e9s de g\u00e9neros como el pop art, el indie experimental y fusiones innovadoras. Por su parte, Ro Garc\u00eda evocar\u00e1 la melancol\u00eda caracter\u00edstica de la costa central, inspir\u00e1ndose en diversas sensaciones que brotan del amor y otros estados del esp\u00edritu.<\/p>\n\n\n\n<p><strong>Conoce a lxs exponentes:<\/strong><\/p>\n\n\n\n<p><strong>Maitinada<\/strong> es el proyecto solista de Maida Arumanti, tambi\u00e9n vocalista de la banda Kaida, ambos emergentes de Valpara\u00edso desde principios de 2023. En esta presentaci\u00f3n se fusionar\u00e1n la m\u00fasica intuitiva de Maitinada y la experimental de Kaida. Ambos proyectos se centran en la m\u00fasica \u201cexperiencial\u201d, explorando g\u00e9neros como pop art, indie experimental y fusi\u00f3n. Sus letras abordan la existencia humana, invitando a un viaje de autodescubrimiento y expresi\u00f3n.<\/p>\n\n\n\n<p>El proyecto <strong>Astarosta<\/strong> se destaca por su uso de Live Looping y sonidos digitales en vivo, con una est\u00e9tica electr\u00f3nica lofi y bailable. Astarosta lanz\u00f3 un live show en YouTube, y estren\u00f3 el primer sencillo de adelanto de su \u00e1lbum debut, que se lanzar\u00e1 en septiembre. Forma parte del equipo de AcidLab Studio, un espacio de grabaci\u00f3n y producci\u00f3n musical dirigido por el ingeniero de sonido Jaime Vries. En sus shows, integran el repertorio de AcidLab junto con los artistas que han colaborado y publicado canciones con ellos.<br><br>El proyecto solista de <strong>Ro Garc\u00eda<\/strong> surgi\u00f3 en 2022 como una necesidad urgente de crear y compartir canciones que hab\u00edan sido gestadas en la intimidad del escritorio durante varios a\u00f1os. Su m\u00fasica busca retratar una melancol\u00eda caracter\u00edstica del litoral central, inspirada en diversas sensaciones que emergen del amor y otros estados del alma.<\/p>\n\n\n\n<p>La entrada al concierto es gratuita y no hay restricci\u00f3n de edad. Se sugiere llegar puntualmente debido a la capacidad limitada del espacio.<\/p>\n\n\n\n<p><strong>\u00bfD\u00f3nde?: Balmaceda Arte Joven Valpara\u00edso. Santa Isabel 739, cerro Alegre, Valpara\u00edso.<\/strong><\/p>\n\n\n\n<p><strong>\u00bfCu\u00e1ndo?: Viernes 26 de julio a las 18:00 horas<\/strong><\/p>\n","protected":false},"excerpt":{"rendered":"<p>Balmaceda Arte Joven Valpara\u00edso presenta un nuevo concierto de su ciclo \u00abSonidos de Casa\u00bb. Este evento, que se realiza cada dos meses, est\u00e1 dedicado a celebrar y promover el talento musical local de Valpara\u00edso, brindando una plataforma para que los m\u00fasicos locales compartan su arte con la comunidad y fortalezcan la escena musical en la [&hellip;]<\/p>\n","protected":false},"author":1,"featured_media":19779,"comment_status":"closed","ping_status":"closed","sticky":false,"template":"","format":"standard","meta":{"_acf_changed":false,"footnotes":""},"categories":[1],"tags":[],"class_list":["post-19778","post","type-post","status-publish","format-standard","has-post-thumbnail","hentry","category-uncategorized"],"acf":[],"yoast_head":"<!-- This site is optimized with the Yoast SEO plugin v27.1.1 - https:\/\/yoast.com\/product\/yoast-seo-wordpress\/ -->\n<title>BAJ Valpara\u00edso invita a una nueva versi\u00f3n de &quot;Sonidos de Casa&quot; - Valpara\u00ed\u00adso Creativo<\/title>\n<meta name=\"robots\" content=\"index, follow, max-snippet:-1, max-image-preview:large, max-video-preview:-1\" \/>\n<link rel=\"canonical\" href=\"https:\/\/dev.antudigital.cl\/sites\/vc\/baj-valparaiso-invita-a-una-nueva-version-de-sonidos-de-casa\/\" \/>\n<meta property=\"og:locale\" content=\"es_ES\" \/>\n<meta property=\"og:type\" content=\"article\" \/>\n<meta property=\"og:title\" content=\"BAJ Valpara\u00edso invita a una nueva versi\u00f3n de &quot;Sonidos de Casa&quot; - Valpara\u00ed\u00adso Creativo\" \/>\n<meta property=\"og:description\" content=\"Balmaceda Arte Joven Valpara\u00edso presenta un nuevo concierto de su ciclo \u00abSonidos de Casa\u00bb. Este evento, que se realiza cada dos meses, est\u00e1 dedicado a celebrar y promover el talento musical local de Valpara\u00edso, brindando una plataforma para que los m\u00fasicos locales compartan su arte con la comunidad y fortalezcan la escena musical en la [&hellip;]\" \/>\n<meta property=\"og:url\" content=\"https:\/\/dev.antudigital.cl\/sites\/vc\/baj-valparaiso-invita-a-una-nueva-version-de-sonidos-de-casa\/\" \/>\n<meta property=\"og:site_name\" content=\"Valpara\u00ed\u00adso Creativo\" \/>\n<meta property=\"article:published_time\" content=\"2024-07-19T20:04:11+00:00\" \/>\n<meta property=\"article:modified_time\" content=\"2024-07-19T20:04:27+00:00\" \/>\n<meta property=\"og:image\" content=\"https:\/\/dev.antudigital.cl\/sites\/vc\/wp-content\/uploads\/2024\/07\/ASTAROSTA-scaled.jpg\" \/>\n\t<meta property=\"og:image:width\" content=\"2560\" \/>\n\t<meta property=\"og:image:height\" content=\"1707\" \/>\n\t<meta property=\"og:image:type\" content=\"image\/jpeg\" \/>\n<meta name=\"author\" content=\"Valpara\u00edso Creativo\" \/>\n<meta name=\"twitter:card\" content=\"summary_large_image\" \/>\n<meta name=\"twitter:label1\" content=\"Escrito por\" \/>\n\t<meta name=\"twitter:data1\" content=\"Valpara\u00edso Creativo\" \/>\n\t<meta name=\"twitter:label2\" content=\"Tiempo de lectura\" \/>\n\t<meta name=\"twitter:data2\" content=\"3 minutos\" \/>\n<script type=\"application\/ld+json\" class=\"yoast-schema-graph\">{\"@context\":\"https:\/\/schema.org\",\"@graph\":[{\"@type\":\"Article\",\"@id\":\"https:\/\/dev.antudigital.cl\/sites\/vc\/baj-valparaiso-invita-a-una-nueva-version-de-sonidos-de-casa\/#article\",\"isPartOf\":{\"@id\":\"https:\/\/dev.antudigital.cl\/sites\/vc\/baj-valparaiso-invita-a-una-nueva-version-de-sonidos-de-casa\/\"},\"author\":{\"name\":\"Valpara\u00edso Creativo\",\"@id\":\"https:\/\/dev.antudigital.cl\/sites\/vc\/#\/schema\/person\/c2b9da8dd545e27166fc5ab232837318\"},\"headline\":\"BAJ Valpara\u00edso invita a una nueva versi\u00f3n de \u00abSonidos de Casa\u00bb\",\"datePublished\":\"2024-07-19T20:04:11+00:00\",\"dateModified\":\"2024-07-19T20:04:27+00:00\",\"mainEntityOfPage\":{\"@id\":\"https:\/\/dev.antudigital.cl\/sites\/vc\/baj-valparaiso-invita-a-una-nueva-version-de-sonidos-de-casa\/\"},\"wordCount\":526,\"image\":{\"@id\":\"https:\/\/dev.antudigital.cl\/sites\/vc\/baj-valparaiso-invita-a-una-nueva-version-de-sonidos-de-casa\/#primaryimage\"},\"thumbnailUrl\":\"https:\/\/dev.antudigital.cl\/sites\/vc\/wp-content\/uploads\/2024\/07\/ASTAROSTA-scaled.jpg\",\"articleSection\":[\"Uncategorized\"],\"inLanguage\":\"es\"},{\"@type\":\"WebPage\",\"@id\":\"https:\/\/dev.antudigital.cl\/sites\/vc\/baj-valparaiso-invita-a-una-nueva-version-de-sonidos-de-casa\/\",\"url\":\"https:\/\/dev.antudigital.cl\/sites\/vc\/baj-valparaiso-invita-a-una-nueva-version-de-sonidos-de-casa\/\",\"name\":\"BAJ Valpara\u00edso invita a una nueva versi\u00f3n de \\\"Sonidos de Casa\\\" - Valpara\u00ed\u00adso Creativo\",\"isPartOf\":{\"@id\":\"https:\/\/dev.antudigital.cl\/sites\/vc\/#website\"},\"primaryImageOfPage\":{\"@id\":\"https:\/\/dev.antudigital.cl\/sites\/vc\/baj-valparaiso-invita-a-una-nueva-version-de-sonidos-de-casa\/#primaryimage\"},\"image\":{\"@id\":\"https:\/\/dev.antudigital.cl\/sites\/vc\/baj-valparaiso-invita-a-una-nueva-version-de-sonidos-de-casa\/#primaryimage\"},\"thumbnailUrl\":\"https:\/\/dev.antudigital.cl\/sites\/vc\/wp-content\/uploads\/2024\/07\/ASTAROSTA-scaled.jpg\",\"datePublished\":\"2024-07-19T20:04:11+00:00\",\"dateModified\":\"2024-07-19T20:04:27+00:00\",\"author\":{\"@id\":\"https:\/\/dev.antudigital.cl\/sites\/vc\/#\/schema\/person\/c2b9da8dd545e27166fc5ab232837318\"},\"breadcrumb\":{\"@id\":\"https:\/\/dev.antudigital.cl\/sites\/vc\/baj-valparaiso-invita-a-una-nueva-version-de-sonidos-de-casa\/#breadcrumb\"},\"inLanguage\":\"es\",\"potentialAction\":[{\"@type\":\"ReadAction\",\"target\":[\"https:\/\/dev.antudigital.cl\/sites\/vc\/baj-valparaiso-invita-a-una-nueva-version-de-sonidos-de-casa\/\"]}]},{\"@type\":\"ImageObject\",\"inLanguage\":\"es\",\"@id\":\"https:\/\/dev.antudigital.cl\/sites\/vc\/baj-valparaiso-invita-a-una-nueva-version-de-sonidos-de-casa\/#primaryimage\",\"url\":\"https:\/\/dev.antudigital.cl\/sites\/vc\/wp-content\/uploads\/2024\/07\/ASTAROSTA-scaled.jpg\",\"contentUrl\":\"https:\/\/dev.antudigital.cl\/sites\/vc\/wp-content\/uploads\/2024\/07\/ASTAROSTA-scaled.jpg\",\"width\":2560,\"height\":1707},{\"@type\":\"BreadcrumbList\",\"@id\":\"https:\/\/dev.antudigital.cl\/sites\/vc\/baj-valparaiso-invita-a-una-nueva-version-de-sonidos-de-casa\/#breadcrumb\",\"itemListElement\":[{\"@type\":\"ListItem\",\"position\":1,\"name\":\"Home\",\"item\":\"https:\/\/dev.antudigital.cl\/sites\/vc\/\"},{\"@type\":\"ListItem\",\"position\":2,\"name\":\"BAJ Valpara\u00edso invita a una nueva versi\u00f3n de \u00abSonidos de Casa\u00bb\"}]},{\"@type\":\"WebSite\",\"@id\":\"https:\/\/dev.antudigital.cl\/sites\/vc\/#website\",\"url\":\"https:\/\/dev.antudigital.cl\/sites\/vc\/\",\"name\":\"Valpara\u00ed\u00adso Creativo\",\"description\":\"\",\"potentialAction\":[{\"@type\":\"SearchAction\",\"target\":{\"@type\":\"EntryPoint\",\"urlTemplate\":\"https:\/\/dev.antudigital.cl\/sites\/vc\/?s={search_term_string}\"},\"query-input\":{\"@type\":\"PropertyValueSpecification\",\"valueRequired\":true,\"valueName\":\"search_term_string\"}}],\"inLanguage\":\"es\"},{\"@type\":\"Person\",\"@id\":\"https:\/\/dev.antudigital.cl\/sites\/vc\/#\/schema\/person\/c2b9da8dd545e27166fc5ab232837318\",\"name\":\"Valpara\u00edso Creativo\",\"description\":\"Periodista de cultura en la Regi\u00f3n de Valpara\u00edso.\",\"url\":\"https:\/\/dev.antudigital.cl\/sites\/vc\/author\/valpoadmin\/\"}]}<\/script>\n<!-- \/ Yoast SEO plugin. -->","yoast_head_json":{"title":"BAJ Valpara\u00edso invita a una nueva versi\u00f3n de \"Sonidos de Casa\" - Valpara\u00ed\u00adso Creativo","robots":{"index":"index","follow":"follow","max-snippet":"max-snippet:-1","max-image-preview":"max-image-preview:large","max-video-preview":"max-video-preview:-1"},"canonical":"https:\/\/dev.antudigital.cl\/sites\/vc\/baj-valparaiso-invita-a-una-nueva-version-de-sonidos-de-casa\/","og_locale":"es_ES","og_type":"article","og_title":"BAJ Valpara\u00edso invita a una nueva versi\u00f3n de \"Sonidos de Casa\" - Valpara\u00ed\u00adso Creativo","og_description":"Balmaceda Arte Joven Valpara\u00edso presenta un nuevo concierto de su ciclo \u00abSonidos de Casa\u00bb. Este evento, que se realiza cada dos meses, est\u00e1 dedicado a celebrar y promover el talento musical local de Valpara\u00edso, brindando una plataforma para que los m\u00fasicos locales compartan su arte con la comunidad y fortalezcan la escena musical en la [&hellip;]","og_url":"https:\/\/dev.antudigital.cl\/sites\/vc\/baj-valparaiso-invita-a-una-nueva-version-de-sonidos-de-casa\/","og_site_name":"Valpara\u00ed\u00adso Creativo","article_published_time":"2024-07-19T20:04:11+00:00","article_modified_time":"2024-07-19T20:04:27+00:00","og_image":[{"width":2560,"height":1707,"url":"https:\/\/dev.antudigital.cl\/sites\/vc\/wp-content\/uploads\/2024\/07\/ASTAROSTA-scaled.jpg","type":"image\/jpeg"}],"author":"Valpara\u00edso Creativo","twitter_card":"summary_large_image","twitter_misc":{"Escrito por":"Valpara\u00edso Creativo","Tiempo de lectura":"3 minutos"},"schema":{"@context":"https:\/\/schema.org","@graph":[{"@type":"Article","@id":"https:\/\/dev.antudigital.cl\/sites\/vc\/baj-valparaiso-invita-a-una-nueva-version-de-sonidos-de-casa\/#article","isPartOf":{"@id":"https:\/\/dev.antudigital.cl\/sites\/vc\/baj-valparaiso-invita-a-una-nueva-version-de-sonidos-de-casa\/"},"author":{"name":"Valpara\u00edso Creativo","@id":"https:\/\/dev.antudigital.cl\/sites\/vc\/#\/schema\/person\/c2b9da8dd545e27166fc5ab232837318"},"headline":"BAJ Valpara\u00edso invita a una nueva versi\u00f3n de \u00abSonidos de Casa\u00bb","datePublished":"2024-07-19T20:04:11+00:00","dateModified":"2024-07-19T20:04:27+00:00","mainEntityOfPage":{"@id":"https:\/\/dev.antudigital.cl\/sites\/vc\/baj-valparaiso-invita-a-una-nueva-version-de-sonidos-de-casa\/"},"wordCount":526,"image":{"@id":"https:\/\/dev.antudigital.cl\/sites\/vc\/baj-valparaiso-invita-a-una-nueva-version-de-sonidos-de-casa\/#primaryimage"},"thumbnailUrl":"https:\/\/dev.antudigital.cl\/sites\/vc\/wp-content\/uploads\/2024\/07\/ASTAROSTA-scaled.jpg","articleSection":["Uncategorized"],"inLanguage":"es"},{"@type":"WebPage","@id":"https:\/\/dev.antudigital.cl\/sites\/vc\/baj-valparaiso-invita-a-una-nueva-version-de-sonidos-de-casa\/","url":"https:\/\/dev.antudigital.cl\/sites\/vc\/baj-valparaiso-invita-a-una-nueva-version-de-sonidos-de-casa\/","name":"BAJ Valpara\u00edso invita a una nueva versi\u00f3n de \"Sonidos de Casa\" - Valpara\u00ed\u00adso Creativo","isPartOf":{"@id":"https:\/\/dev.antudigital.cl\/sites\/vc\/#website"},"primaryImageOfPage":{"@id":"https:\/\/dev.antudigital.cl\/sites\/vc\/baj-valparaiso-invita-a-una-nueva-version-de-sonidos-de-casa\/#primaryimage"},"image":{"@id":"https:\/\/dev.antudigital.cl\/sites\/vc\/baj-valparaiso-invita-a-una-nueva-version-de-sonidos-de-casa\/#primaryimage"},"thumbnailUrl":"https:\/\/dev.antudigital.cl\/sites\/vc\/wp-content\/uploads\/2024\/07\/ASTAROSTA-scaled.jpg","datePublished":"2024-07-19T20:04:11+00:00","dateModified":"2024-07-19T20:04:27+00:00","author":{"@id":"https:\/\/dev.antudigital.cl\/sites\/vc\/#\/schema\/person\/c2b9da8dd545e27166fc5ab232837318"},"breadcrumb":{"@id":"https:\/\/dev.antudigital.cl\/sites\/vc\/baj-valparaiso-invita-a-una-nueva-version-de-sonidos-de-casa\/#breadcrumb"},"inLanguage":"es","potentialAction":[{"@type":"ReadAction","target":["https:\/\/dev.antudigital.cl\/sites\/vc\/baj-valparaiso-invita-a-una-nueva-version-de-sonidos-de-casa\/"]}]},{"@type":"ImageObject","inLanguage":"es","@id":"https:\/\/dev.antudigital.cl\/sites\/vc\/baj-valparaiso-invita-a-una-nueva-version-de-sonidos-de-casa\/#primaryimage","url":"https:\/\/dev.antudigital.cl\/sites\/vc\/wp-content\/uploads\/2024\/07\/ASTAROSTA-scaled.jpg","contentUrl":"https:\/\/dev.antudigital.cl\/sites\/vc\/wp-content\/uploads\/2024\/07\/ASTAROSTA-scaled.jpg","width":2560,"height":1707},{"@type":"BreadcrumbList","@id":"https:\/\/dev.antudigital.cl\/sites\/vc\/baj-valparaiso-invita-a-una-nueva-version-de-sonidos-de-casa\/#breadcrumb","itemListElement":[{"@type":"ListItem","position":1,"name":"Home","item":"https:\/\/dev.antudigital.cl\/sites\/vc\/"},{"@type":"ListItem","position":2,"name":"BAJ Valpara\u00edso invita a una nueva versi\u00f3n de \u00abSonidos de Casa\u00bb"}]},{"@type":"WebSite","@id":"https:\/\/dev.antudigital.cl\/sites\/vc\/#website","url":"https:\/\/dev.antudigital.cl\/sites\/vc\/","name":"Valpara\u00ed\u00adso Creativo","description":"","potentialAction":[{"@type":"SearchAction","target":{"@type":"EntryPoint","urlTemplate":"https:\/\/dev.antudigital.cl\/sites\/vc\/?s={search_term_string}"},"query-input":{"@type":"PropertyValueSpecification","valueRequired":true,"valueName":"search_term_string"}}],"inLanguage":"es"},{"@type":"Person","@id":"https:\/\/dev.antudigital.cl\/sites\/vc\/#\/schema\/person\/c2b9da8dd545e27166fc5ab232837318","name":"Valpara\u00edso Creativo","description":"Periodista de cultura en la Regi\u00f3n de Valpara\u00edso.","url":"https:\/\/dev.antudigital.cl\/sites\/vc\/author\/valpoadmin\/"}]}},"_links":{"self":[{"href":"https:\/\/dev.antudigital.cl\/sites\/vc\/wp-json\/wp\/v2\/posts\/19778","targetHints":{"allow":["GET"]}}],"collection":[{"href":"https:\/\/dev.antudigital.cl\/sites\/vc\/wp-json\/wp\/v2\/posts"}],"about":[{"href":"https:\/\/dev.antudigital.cl\/sites\/vc\/wp-json\/wp\/v2\/types\/post"}],"author":[{"embeddable":true,"href":"https:\/\/dev.antudigital.cl\/sites\/vc\/wp-json\/wp\/v2\/users\/1"}],"replies":[{"embeddable":true,"href":"https:\/\/dev.antudigital.cl\/sites\/vc\/wp-json\/wp\/v2\/comments?post=19778"}],"version-history":[{"count":1,"href":"https:\/\/dev.antudigital.cl\/sites\/vc\/wp-json\/wp\/v2\/posts\/19778\/revisions"}],"predecessor-version":[{"id":19781,"href":"https:\/\/dev.antudigital.cl\/sites\/vc\/wp-json\/wp\/v2\/posts\/19778\/revisions\/19781"}],"wp:featuredmedia":[{"embeddable":true,"href":"https:\/\/dev.antudigital.cl\/sites\/vc\/wp-json\/wp\/v2\/media\/19779"}],"wp:attachment":[{"href":"https:\/\/dev.antudigital.cl\/sites\/vc\/wp-json\/wp\/v2\/media?parent=19778"}],"wp:term":[{"taxonomy":"category","embeddable":true,"href":"https:\/\/dev.antudigital.cl\/sites\/vc\/wp-json\/wp\/v2\/categories?post=19778"},{"taxonomy":"post_tag","embeddable":true,"href":"https:\/\/dev.antudigital.cl\/sites\/vc\/wp-json\/wp\/v2\/tags?post=19778"}],"curies":[{"name":"wp","href":"https:\/\/api.w.org\/{rel}","templated":true}]}}