{"id":19790,"date":"2024-07-22T18:53:17","date_gmt":"2024-07-22T18:53:17","guid":{"rendered":"https:\/\/www.valparaisocreativo.cl\/?p=19790"},"modified":"2024-07-22T18:53:33","modified_gmt":"2024-07-22T18:53:33","slug":"binder-el-nuevo-single-de-vero-que-invita-a-vivir-el-deseo","status":"publish","type":"post","link":"https:\/\/dev.antudigital.cl\/sites\/vc\/binder-el-nuevo-single-de-vero-que-invita-a-vivir-el-deseo\/","title":{"rendered":"\u00abBinder\u00bb, el nuevo single de Ver\u00f3 que invita a vivir el deseo"},"content":{"rendered":"\n<p>Con una mezcla de sensualidad y ritmos pegajosos, la artista Ver\u00f3 lanz\u00f3 \u00abBinder\u00bb, el nuevo single que promete ser el m\u00e1s bailable y seductor de su pr\u00f3ximo disco.<\/p>\n\n\n\n<p>La canci\u00f3n, que ya est\u00e1 disponible en plataformas digitales, es una celebraci\u00f3n del deseo en todas sus formas, un canto a la intimidad libre y consensuada que atraviesa las fronteras de g\u00e9nero e identidad. La letra, sugerente y directa, invita a soltar tensiones y a vivir el deseo en el cuerpo de quien sea que lo consienta.&nbsp;<\/p>\n\n\n\n<p>\u00ab<em>Desde el inicio de mi carrera, los pilares fundamentales han sido la poes\u00eda y la intimidad. Con el tiempo esto \u00faltimo ha crecido y cobrado fuerza entendiendo que lo personal es pol\u00edtico y mi decisi\u00f3n activa de ocupar mi tarima en el mundo con convicci\u00f3n. En este momento de mi camino me encuentro explorando el bolero y sonidos m\u00e1s latinos, adem\u00e1s de abrirme a cantar sobre amor, teniendo muy presente mi identidad no binarie y mi biograf\u00eda queer<\/em>\u00ab, comenta Ver\u00f3 sobre su nueva creaci\u00f3n.<\/p>\n\n\n\n<p><strong>Producci\u00f3n musical<\/strong><\/p>\n\n\n\n<p>\u00abBinder\u00bb fue grabado en Valpara\u00edso por Mat\u00edas Sald\u00edas, en los estudios Mescalina y Susurro Ensordece, bajo la producci\u00f3n musical de Sebasti\u00e1n Mancilla y Luciano Correa, integrantes de la incubadora y aceleradora de artistas Probeta Music. A cargo de la mezcla estuvo Joaqu\u00edn Alvear, mientras que la masterizaci\u00f3n qued\u00f3 en manos de Chalo Gonz\u00e1lez.&nbsp;<\/p>\n\n\n\n<p>La composici\u00f3n y autor\u00eda de esta canci\u00f3n pertenecen a Ver\u00f3nica Quezada y Sebasti\u00e1n Mancilla, quien adem\u00e1s grab\u00f3 guitarra el\u00e9ctrica. Son parte tambi\u00e9n de esta obra musical Luciano Correa, tambi\u00e9n conocido por su nombre art\u00edstico Luciano Altair (guitarra ac\u00fastica, coros, drum machines y sintetizadores) y Fabi\u00e1n Villalobos (bajo el\u00e9ctrico).<\/p>\n\n\n\n<p>Cabe destacar que la portada del single estuvo a cargo de la fot\u00f3grafa Bel\u00e9n Escalona y Ang\u00e9lica Quezada en direcci\u00f3n de arte y vestuario.<\/p>\n\n\n\n<p>Con \u00abBinder\u00bb, Ver\u00f3 no s\u00f3lo entrega un adelanto de lo que ser\u00e1 su nuevo disco, sino tambi\u00e9n una invitaci\u00f3n a dejarse llevar por el ritmo y vivir el deseo con libertad y autenticidad. En ese sentido, la artista reconoce que se encuentra en un momento de exploraci\u00f3n musical, abri\u00e9ndose a nuevos sonidos: \u00ab<em>Binder abre la puerta a otros ritmos y relatos que tambi\u00e9n son parte de m\u00ed y que tengo muchas ganas de compartir con mis fans y nuevxs oyentes. Definitivamente, tambi\u00e9n es el paso hacia adelante certero de que ya no me importa lo que diga mi familia sobre mis letras (un saludo a mi mam\u00e1 que se sabe todas mis canciones y hace poco me pregunt\u00f3 qu\u00e9 significaba el verso \u2018al otro lado del sexo est\u00e1s t\u00fa\u2019)<\/em>.\u00bb<\/p>\n\n\n\n<p><strong>\u00abOtrxs canciones\u00bb<\/strong><\/p>\n\n\n\n<p>El nuevo disco de Ver\u00f3 lleva por nombre \u00abOtrxs canciones\u00bb, ver\u00e1 la luz en agosto de 2024 y tiene como protagonista el orgullo no binarie y LGBTIQ+, a trav\u00e9s de neoboleros que narran historias de amor, corazones rotos, deseo, rabia y comunidad, \u00ab<em>que abrazan mis influencias del bolero con el rock, el reggaeton y los sintetizadores<\/em>\u00ab, se\u00f1ala.<\/p>\n\n\n\n<p>As\u00ed mismo, para la cantautora este a\u00f1o viene cargado de emociones y experiencias personales, siempre desde una perspectiva queer y no binarie. \u00ab<em>Este 2024 es todo sobre ser mi ser m\u00e1s aut\u00e9ntico, estrenar este nuevo EP y compartirlo con mi gente. Celebrar nuestras identidades y tocar en vivo con nueva formaci\u00f3n. Tengo infinitas ganas de entregar todo de m\u00ed en la performance y sobre todo bailar e invitar a bailar: lento, apretado, hasta abajo, c\u00f3mo sea, pero bailar<\/em>\u00ab.<\/p>\n\n\n\n<p>\u00abBinder\u00bb ya se encuentra disponible en&nbsp;<a href=\"https:\/\/open.spotify.com\/intl-es\/track\/4C0XYgbc717QDOKb9pNk8c?si=d4dc87438c094630\" target=\"_blank\" rel=\"noreferrer noopener\">Spotify&nbsp;<\/a>y todas las<a href=\"https:\/\/onerpm.link\/491164450920\" target=\"_blank\" rel=\"noreferrer noopener\">&nbsp;plataformas digitales de m\u00fasica.<\/a>&nbsp;Puedes conocer el trabajo de Ver\u00f3 y los adelantos de su nuevo disco en sus redes sociales&nbsp;<a href=\"https:\/\/www.instagram.com\/verocomomiro\/\" target=\"_blank\" rel=\"noreferrer noopener\">@verocomomiro<\/a>&nbsp;y el canal oficial de&nbsp;<a href=\"https:\/\/www.youtube.com\/verocomomiro\" target=\"_blank\" rel=\"noreferrer noopener\">Youtube<\/a>.<\/p>\n","protected":false},"excerpt":{"rendered":"<p>Con una mezcla de sensualidad y ritmos pegajosos, la artista Ver\u00f3 lanz\u00f3 \u00abBinder\u00bb, el nuevo single que promete ser el m\u00e1s bailable y seductor de su pr\u00f3ximo disco. La canci\u00f3n, que ya est\u00e1 disponible en plataformas digitales, es una celebraci\u00f3n del deseo en todas sus formas, un canto a la intimidad libre y consensuada que [&hellip;]<\/p>\n","protected":false},"author":1,"featured_media":19791,"comment_status":"closed","ping_status":"closed","sticky":false,"template":"","format":"standard","meta":{"_acf_changed":false,"footnotes":""},"categories":[1],"tags":[],"class_list":["post-19790","post","type-post","status-publish","format-standard","has-post-thumbnail","hentry","category-uncategorized"],"acf":[],"yoast_head":"<!-- This site is optimized with the Yoast SEO plugin v27.1.1 - https:\/\/yoast.com\/product\/yoast-seo-wordpress\/ -->\n<title>&quot;Binder&quot;, el nuevo single de Ver\u00f3 que invita a vivir el deseo - Valpara\u00ed\u00adso Creativo<\/title>\n<meta name=\"robots\" content=\"index, follow, max-snippet:-1, max-image-preview:large, max-video-preview:-1\" \/>\n<link rel=\"canonical\" href=\"https:\/\/dev.antudigital.cl\/sites\/vc\/binder-el-nuevo-single-de-vero-que-invita-a-vivir-el-deseo\/\" \/>\n<meta property=\"og:locale\" content=\"es_ES\" \/>\n<meta property=\"og:type\" content=\"article\" \/>\n<meta property=\"og:title\" content=\"&quot;Binder&quot;, el nuevo single de Ver\u00f3 que invita a vivir el deseo - Valpara\u00ed\u00adso Creativo\" \/>\n<meta property=\"og:description\" content=\"Con una mezcla de sensualidad y ritmos pegajosos, la artista Ver\u00f3 lanz\u00f3 \u00abBinder\u00bb, el nuevo single que promete ser el m\u00e1s bailable y seductor de su pr\u00f3ximo disco. La canci\u00f3n, que ya est\u00e1 disponible en plataformas digitales, es una celebraci\u00f3n del deseo en todas sus formas, un canto a la intimidad libre y consensuada que [&hellip;]\" \/>\n<meta property=\"og:url\" content=\"https:\/\/dev.antudigital.cl\/sites\/vc\/binder-el-nuevo-single-de-vero-que-invita-a-vivir-el-deseo\/\" \/>\n<meta property=\"og:site_name\" content=\"Valpara\u00ed\u00adso Creativo\" \/>\n<meta property=\"article:published_time\" content=\"2024-07-22T18:53:17+00:00\" \/>\n<meta property=\"article:modified_time\" content=\"2024-07-22T18:53:33+00:00\" \/>\n<meta property=\"og:image\" content=\"https:\/\/dev.antudigital.cl\/sites\/vc\/wp-content\/uploads\/2024\/07\/Binder_Vero-scaled.jpg\" \/>\n\t<meta property=\"og:image:width\" content=\"2560\" \/>\n\t<meta property=\"og:image:height\" content=\"1706\" \/>\n\t<meta property=\"og:image:type\" content=\"image\/jpeg\" \/>\n<meta name=\"author\" content=\"Valpara\u00edso Creativo\" \/>\n<meta name=\"twitter:card\" content=\"summary_large_image\" \/>\n<meta name=\"twitter:label1\" content=\"Escrito por\" \/>\n\t<meta name=\"twitter:data1\" content=\"Valpara\u00edso Creativo\" \/>\n\t<meta name=\"twitter:label2\" content=\"Tiempo de lectura\" \/>\n\t<meta name=\"twitter:data2\" content=\"3 minutos\" \/>\n<script type=\"application\/ld+json\" class=\"yoast-schema-graph\">{\"@context\":\"https:\/\/schema.org\",\"@graph\":[{\"@type\":\"Article\",\"@id\":\"https:\/\/dev.antudigital.cl\/sites\/vc\/binder-el-nuevo-single-de-vero-que-invita-a-vivir-el-deseo\/#article\",\"isPartOf\":{\"@id\":\"https:\/\/dev.antudigital.cl\/sites\/vc\/binder-el-nuevo-single-de-vero-que-invita-a-vivir-el-deseo\/\"},\"author\":{\"name\":\"Valpara\u00edso Creativo\",\"@id\":\"https:\/\/dev.antudigital.cl\/sites\/vc\/#\/schema\/person\/c2b9da8dd545e27166fc5ab232837318\"},\"headline\":\"\u00abBinder\u00bb, el nuevo single de Ver\u00f3 que invita a vivir el deseo\",\"datePublished\":\"2024-07-22T18:53:17+00:00\",\"dateModified\":\"2024-07-22T18:53:33+00:00\",\"mainEntityOfPage\":{\"@id\":\"https:\/\/dev.antudigital.cl\/sites\/vc\/binder-el-nuevo-single-de-vero-que-invita-a-vivir-el-deseo\/\"},\"wordCount\":674,\"image\":{\"@id\":\"https:\/\/dev.antudigital.cl\/sites\/vc\/binder-el-nuevo-single-de-vero-que-invita-a-vivir-el-deseo\/#primaryimage\"},\"thumbnailUrl\":\"https:\/\/dev.antudigital.cl\/sites\/vc\/wp-content\/uploads\/2024\/07\/Binder_Vero-scaled.jpg\",\"articleSection\":[\"Uncategorized\"],\"inLanguage\":\"es\"},{\"@type\":\"WebPage\",\"@id\":\"https:\/\/dev.antudigital.cl\/sites\/vc\/binder-el-nuevo-single-de-vero-que-invita-a-vivir-el-deseo\/\",\"url\":\"https:\/\/dev.antudigital.cl\/sites\/vc\/binder-el-nuevo-single-de-vero-que-invita-a-vivir-el-deseo\/\",\"name\":\"\\\"Binder\\\", el nuevo single de Ver\u00f3 que invita a vivir el deseo - Valpara\u00ed\u00adso Creativo\",\"isPartOf\":{\"@id\":\"https:\/\/dev.antudigital.cl\/sites\/vc\/#website\"},\"primaryImageOfPage\":{\"@id\":\"https:\/\/dev.antudigital.cl\/sites\/vc\/binder-el-nuevo-single-de-vero-que-invita-a-vivir-el-deseo\/#primaryimage\"},\"image\":{\"@id\":\"https:\/\/dev.antudigital.cl\/sites\/vc\/binder-el-nuevo-single-de-vero-que-invita-a-vivir-el-deseo\/#primaryimage\"},\"thumbnailUrl\":\"https:\/\/dev.antudigital.cl\/sites\/vc\/wp-content\/uploads\/2024\/07\/Binder_Vero-scaled.jpg\",\"datePublished\":\"2024-07-22T18:53:17+00:00\",\"dateModified\":\"2024-07-22T18:53:33+00:00\",\"author\":{\"@id\":\"https:\/\/dev.antudigital.cl\/sites\/vc\/#\/schema\/person\/c2b9da8dd545e27166fc5ab232837318\"},\"breadcrumb\":{\"@id\":\"https:\/\/dev.antudigital.cl\/sites\/vc\/binder-el-nuevo-single-de-vero-que-invita-a-vivir-el-deseo\/#breadcrumb\"},\"inLanguage\":\"es\",\"potentialAction\":[{\"@type\":\"ReadAction\",\"target\":[\"https:\/\/dev.antudigital.cl\/sites\/vc\/binder-el-nuevo-single-de-vero-que-invita-a-vivir-el-deseo\/\"]}]},{\"@type\":\"ImageObject\",\"inLanguage\":\"es\",\"@id\":\"https:\/\/dev.antudigital.cl\/sites\/vc\/binder-el-nuevo-single-de-vero-que-invita-a-vivir-el-deseo\/#primaryimage\",\"url\":\"https:\/\/dev.antudigital.cl\/sites\/vc\/wp-content\/uploads\/2024\/07\/Binder_Vero-scaled.jpg\",\"contentUrl\":\"https:\/\/dev.antudigital.cl\/sites\/vc\/wp-content\/uploads\/2024\/07\/Binder_Vero-scaled.jpg\",\"width\":2560,\"height\":1706},{\"@type\":\"BreadcrumbList\",\"@id\":\"https:\/\/dev.antudigital.cl\/sites\/vc\/binder-el-nuevo-single-de-vero-que-invita-a-vivir-el-deseo\/#breadcrumb\",\"itemListElement\":[{\"@type\":\"ListItem\",\"position\":1,\"name\":\"Home\",\"item\":\"https:\/\/dev.antudigital.cl\/sites\/vc\/\"},{\"@type\":\"ListItem\",\"position\":2,\"name\":\"\u00abBinder\u00bb, el nuevo single de Ver\u00f3 que invita a vivir el deseo\"}]},{\"@type\":\"WebSite\",\"@id\":\"https:\/\/dev.antudigital.cl\/sites\/vc\/#website\",\"url\":\"https:\/\/dev.antudigital.cl\/sites\/vc\/\",\"name\":\"Valpara\u00ed\u00adso Creativo\",\"description\":\"\",\"potentialAction\":[{\"@type\":\"SearchAction\",\"target\":{\"@type\":\"EntryPoint\",\"urlTemplate\":\"https:\/\/dev.antudigital.cl\/sites\/vc\/?s={search_term_string}\"},\"query-input\":{\"@type\":\"PropertyValueSpecification\",\"valueRequired\":true,\"valueName\":\"search_term_string\"}}],\"inLanguage\":\"es\"},{\"@type\":\"Person\",\"@id\":\"https:\/\/dev.antudigital.cl\/sites\/vc\/#\/schema\/person\/c2b9da8dd545e27166fc5ab232837318\",\"name\":\"Valpara\u00edso Creativo\",\"description\":\"Periodista de cultura en la Regi\u00f3n de Valpara\u00edso.\",\"url\":\"https:\/\/dev.antudigital.cl\/sites\/vc\/author\/valpoadmin\/\"}]}<\/script>\n<!-- \/ Yoast SEO plugin. -->","yoast_head_json":{"title":"\"Binder\", el nuevo single de Ver\u00f3 que invita a vivir el deseo - Valpara\u00ed\u00adso Creativo","robots":{"index":"index","follow":"follow","max-snippet":"max-snippet:-1","max-image-preview":"max-image-preview:large","max-video-preview":"max-video-preview:-1"},"canonical":"https:\/\/dev.antudigital.cl\/sites\/vc\/binder-el-nuevo-single-de-vero-que-invita-a-vivir-el-deseo\/","og_locale":"es_ES","og_type":"article","og_title":"\"Binder\", el nuevo single de Ver\u00f3 que invita a vivir el deseo - Valpara\u00ed\u00adso Creativo","og_description":"Con una mezcla de sensualidad y ritmos pegajosos, la artista Ver\u00f3 lanz\u00f3 \u00abBinder\u00bb, el nuevo single que promete ser el m\u00e1s bailable y seductor de su pr\u00f3ximo disco. La canci\u00f3n, que ya est\u00e1 disponible en plataformas digitales, es una celebraci\u00f3n del deseo en todas sus formas, un canto a la intimidad libre y consensuada que [&hellip;]","og_url":"https:\/\/dev.antudigital.cl\/sites\/vc\/binder-el-nuevo-single-de-vero-que-invita-a-vivir-el-deseo\/","og_site_name":"Valpara\u00ed\u00adso Creativo","article_published_time":"2024-07-22T18:53:17+00:00","article_modified_time":"2024-07-22T18:53:33+00:00","og_image":[{"width":2560,"height":1706,"url":"https:\/\/dev.antudigital.cl\/sites\/vc\/wp-content\/uploads\/2024\/07\/Binder_Vero-scaled.jpg","type":"image\/jpeg"}],"author":"Valpara\u00edso Creativo","twitter_card":"summary_large_image","twitter_misc":{"Escrito por":"Valpara\u00edso Creativo","Tiempo de lectura":"3 minutos"},"schema":{"@context":"https:\/\/schema.org","@graph":[{"@type":"Article","@id":"https:\/\/dev.antudigital.cl\/sites\/vc\/binder-el-nuevo-single-de-vero-que-invita-a-vivir-el-deseo\/#article","isPartOf":{"@id":"https:\/\/dev.antudigital.cl\/sites\/vc\/binder-el-nuevo-single-de-vero-que-invita-a-vivir-el-deseo\/"},"author":{"name":"Valpara\u00edso Creativo","@id":"https:\/\/dev.antudigital.cl\/sites\/vc\/#\/schema\/person\/c2b9da8dd545e27166fc5ab232837318"},"headline":"\u00abBinder\u00bb, el nuevo single de Ver\u00f3 que invita a vivir el deseo","datePublished":"2024-07-22T18:53:17+00:00","dateModified":"2024-07-22T18:53:33+00:00","mainEntityOfPage":{"@id":"https:\/\/dev.antudigital.cl\/sites\/vc\/binder-el-nuevo-single-de-vero-que-invita-a-vivir-el-deseo\/"},"wordCount":674,"image":{"@id":"https:\/\/dev.antudigital.cl\/sites\/vc\/binder-el-nuevo-single-de-vero-que-invita-a-vivir-el-deseo\/#primaryimage"},"thumbnailUrl":"https:\/\/dev.antudigital.cl\/sites\/vc\/wp-content\/uploads\/2024\/07\/Binder_Vero-scaled.jpg","articleSection":["Uncategorized"],"inLanguage":"es"},{"@type":"WebPage","@id":"https:\/\/dev.antudigital.cl\/sites\/vc\/binder-el-nuevo-single-de-vero-que-invita-a-vivir-el-deseo\/","url":"https:\/\/dev.antudigital.cl\/sites\/vc\/binder-el-nuevo-single-de-vero-que-invita-a-vivir-el-deseo\/","name":"\"Binder\", el nuevo single de Ver\u00f3 que invita a vivir el deseo - Valpara\u00ed\u00adso Creativo","isPartOf":{"@id":"https:\/\/dev.antudigital.cl\/sites\/vc\/#website"},"primaryImageOfPage":{"@id":"https:\/\/dev.antudigital.cl\/sites\/vc\/binder-el-nuevo-single-de-vero-que-invita-a-vivir-el-deseo\/#primaryimage"},"image":{"@id":"https:\/\/dev.antudigital.cl\/sites\/vc\/binder-el-nuevo-single-de-vero-que-invita-a-vivir-el-deseo\/#primaryimage"},"thumbnailUrl":"https:\/\/dev.antudigital.cl\/sites\/vc\/wp-content\/uploads\/2024\/07\/Binder_Vero-scaled.jpg","datePublished":"2024-07-22T18:53:17+00:00","dateModified":"2024-07-22T18:53:33+00:00","author":{"@id":"https:\/\/dev.antudigital.cl\/sites\/vc\/#\/schema\/person\/c2b9da8dd545e27166fc5ab232837318"},"breadcrumb":{"@id":"https:\/\/dev.antudigital.cl\/sites\/vc\/binder-el-nuevo-single-de-vero-que-invita-a-vivir-el-deseo\/#breadcrumb"},"inLanguage":"es","potentialAction":[{"@type":"ReadAction","target":["https:\/\/dev.antudigital.cl\/sites\/vc\/binder-el-nuevo-single-de-vero-que-invita-a-vivir-el-deseo\/"]}]},{"@type":"ImageObject","inLanguage":"es","@id":"https:\/\/dev.antudigital.cl\/sites\/vc\/binder-el-nuevo-single-de-vero-que-invita-a-vivir-el-deseo\/#primaryimage","url":"https:\/\/dev.antudigital.cl\/sites\/vc\/wp-content\/uploads\/2024\/07\/Binder_Vero-scaled.jpg","contentUrl":"https:\/\/dev.antudigital.cl\/sites\/vc\/wp-content\/uploads\/2024\/07\/Binder_Vero-scaled.jpg","width":2560,"height":1706},{"@type":"BreadcrumbList","@id":"https:\/\/dev.antudigital.cl\/sites\/vc\/binder-el-nuevo-single-de-vero-que-invita-a-vivir-el-deseo\/#breadcrumb","itemListElement":[{"@type":"ListItem","position":1,"name":"Home","item":"https:\/\/dev.antudigital.cl\/sites\/vc\/"},{"@type":"ListItem","position":2,"name":"\u00abBinder\u00bb, el nuevo single de Ver\u00f3 que invita a vivir el deseo"}]},{"@type":"WebSite","@id":"https:\/\/dev.antudigital.cl\/sites\/vc\/#website","url":"https:\/\/dev.antudigital.cl\/sites\/vc\/","name":"Valpara\u00ed\u00adso Creativo","description":"","potentialAction":[{"@type":"SearchAction","target":{"@type":"EntryPoint","urlTemplate":"https:\/\/dev.antudigital.cl\/sites\/vc\/?s={search_term_string}"},"query-input":{"@type":"PropertyValueSpecification","valueRequired":true,"valueName":"search_term_string"}}],"inLanguage":"es"},{"@type":"Person","@id":"https:\/\/dev.antudigital.cl\/sites\/vc\/#\/schema\/person\/c2b9da8dd545e27166fc5ab232837318","name":"Valpara\u00edso Creativo","description":"Periodista de cultura en la Regi\u00f3n de Valpara\u00edso.","url":"https:\/\/dev.antudigital.cl\/sites\/vc\/author\/valpoadmin\/"}]}},"_links":{"self":[{"href":"https:\/\/dev.antudigital.cl\/sites\/vc\/wp-json\/wp\/v2\/posts\/19790","targetHints":{"allow":["GET"]}}],"collection":[{"href":"https:\/\/dev.antudigital.cl\/sites\/vc\/wp-json\/wp\/v2\/posts"}],"about":[{"href":"https:\/\/dev.antudigital.cl\/sites\/vc\/wp-json\/wp\/v2\/types\/post"}],"author":[{"embeddable":true,"href":"https:\/\/dev.antudigital.cl\/sites\/vc\/wp-json\/wp\/v2\/users\/1"}],"replies":[{"embeddable":true,"href":"https:\/\/dev.antudigital.cl\/sites\/vc\/wp-json\/wp\/v2\/comments?post=19790"}],"version-history":[{"count":1,"href":"https:\/\/dev.antudigital.cl\/sites\/vc\/wp-json\/wp\/v2\/posts\/19790\/revisions"}],"predecessor-version":[{"id":19792,"href":"https:\/\/dev.antudigital.cl\/sites\/vc\/wp-json\/wp\/v2\/posts\/19790\/revisions\/19792"}],"wp:featuredmedia":[{"embeddable":true,"href":"https:\/\/dev.antudigital.cl\/sites\/vc\/wp-json\/wp\/v2\/media\/19791"}],"wp:attachment":[{"href":"https:\/\/dev.antudigital.cl\/sites\/vc\/wp-json\/wp\/v2\/media?parent=19790"}],"wp:term":[{"taxonomy":"category","embeddable":true,"href":"https:\/\/dev.antudigital.cl\/sites\/vc\/wp-json\/wp\/v2\/categories?post=19790"},{"taxonomy":"post_tag","embeddable":true,"href":"https:\/\/dev.antudigital.cl\/sites\/vc\/wp-json\/wp\/v2\/tags?post=19790"}],"curies":[{"name":"wp","href":"https:\/\/api.w.org\/{rel}","templated":true}]}}