{"id":19800,"date":"2024-07-22T23:35:49","date_gmt":"2024-07-22T23:35:49","guid":{"rendered":"https:\/\/www.valparaisocreativo.cl\/?p=19800"},"modified":"2024-07-25T21:53:11","modified_gmt":"2024-07-25T21:53:11","slug":"contenido-con-enfoque-regional-gastronomia-y-enoturismo-desde-la-ciudad-puerto","status":"publish","type":"post","link":"https:\/\/dev.antudigital.cl\/sites\/vc\/contenido-con-enfoque-regional-gastronomia-y-enoturismo-desde-la-ciudad-puerto\/","title":{"rendered":"Contenido con enfoque regional: gastronom\u00eda y enoturismo desde la ciudad puerto"},"content":{"rendered":"\n<p><a href=\"https:\/\/www.instagram.com\/reinafoodie\/\"><em>Mar\u00eda Jes\u00fas Bujanda<\/em><\/a><em> es periodista especializada en gastronom\u00eda y enoturismo. Aunque es originaria de Santiago, su familia es de Valpara\u00edso, lo que junto a sus intereses la trajeron a vivir al puerto durante desde un tiempo a esta parte.<\/em><\/p>\n\n\n\n<p>Esta decisi\u00f3n vino acompa\u00f1ada de oportunidades profesionales: colabora escribiendo columnas sobre gastronom\u00eda local en El Mostrador, trabaja con algunas asociaciones gremiales del centro de la ciudad y genera v\u00ednculos y contenido desde la ciudad puerto.<\/p>\n\n\n\n<p>En sus palabras: \u201cSiempre he tenido una relaci\u00f3n s\u00faper cercana y nost\u00e1lgica con Valpara\u00edso. Ven\u00eda a ver a mi abuelo, quien me mostraba los cerros, \u00edbamos al Cinzano, todo siempre ligado a la gastronom\u00eda, porque \u00e9ramos buenos para comer\u201d.<\/p>\n\n\n\n<p>Es creadora de contenido en el blog <a href=\"https:\/\/www.instagram.com\/reinafoodie\/\">Reina Foodie<\/a>, desde donde conecta a trav\u00e9s de la comida y sus historias.<\/p>\n\n\n\n<p><strong>Primero, nos gustar\u00eda conocer m\u00e1s sobre tu historia. \u00bfQu\u00e9 te impuls\u00f3 a especializarte en la gastronom\u00eda y enoturismo?<\/strong><\/p>\n\n\n\n<p>&#8211; MJB: Estudi\u00e9 periodismo y me fui inclinando hacia el mundo del vino, que es a lo que estoy m\u00e1s ligada actualmente. Trabaj\u00e9 en agencias de comunicaci\u00f3n con temas como belleza y marcas, hasta que mi ex jefe sugiri\u00f3 que comenzar\u00e1 a enfocarme en los vinos. Aunque al principio no ten\u00eda idea de ese mundo, me fui involucrando hasta crear mi propia agencia de comunicaciones en 2018.<\/p>\n\n\n\n<p>Trabaj\u00e9 con distintos clientes hasta que lleg\u00f3 el Estallido Social y perd\u00ed a la mayor\u00eda. Durante la pandemia, me desarroll\u00e9 en otras \u00e1reas, volviendo a conectarme con el mundo del vino y creando el blog Reina Foodie, que empez\u00f3 con recetas y luego evolucion\u00f3 a noticias y m\u00e1s contenido.<\/p>\n\n\n\n<p>Eventualmente tom\u00e9 cursos con <a href=\"https:\/\/www.instagram.com\/chezcarlita\/\">Chez Carlita<\/a>, cada vez m\u00e1s involucrada con el vino y luego surgi\u00f3 la posibilidad de hacer el Diplomado en Enoturismo y Gastronom\u00eda en Argentina, donde la industria del enoturismo est\u00e1 mucho m\u00e1s desarrollada que en Chile.<\/p>\n\n\n\n<p>Decid\u00ed comunicar mis habilidades en l\u00ednea y hacer contenido en redes. Comenc\u00e9 a trav\u00e9s de un amigo con la revista Turismo 4, escribiendo sobre vi\u00f1edos, lo que me llev\u00f3 a Valpara\u00edso a hacer un reportaje sobre experiencias tur\u00edsticas. Hice buenas migas con los locatarios, nos conectamos y yo empec\u00e9 a viajar m\u00e1s a la ciudad. Ah\u00ed surgi\u00f3 la oportunidad de escribir para El Mostrador sobre iniciativas de turismo y gastronom\u00eda, entre otras cosas.<\/p>\n\n\n\n<figure class=\"wp-block-image size-large\"><img fetchpriority=\"high\" decoding=\"async\" width=\"1024\" height=\"736\" src=\"https:\/\/www.valparaisocreativo.cl\/wp-content\/uploads\/2024\/07\/Reina-Foodie-1024x736.jpg\" alt=\"\" class=\"wp-image-19801\" srcset=\"https:\/\/dev.antudigital.cl\/sites\/vc\/wp-content\/uploads\/2024\/07\/Reina-Foodie-1024x736.jpg 1024w, https:\/\/dev.antudigital.cl\/sites\/vc\/wp-content\/uploads\/2024\/07\/Reina-Foodie-300x216.jpg 300w, https:\/\/dev.antudigital.cl\/sites\/vc\/wp-content\/uploads\/2024\/07\/Reina-Foodie-768x552.jpg 768w, https:\/\/dev.antudigital.cl\/sites\/vc\/wp-content\/uploads\/2024\/07\/Reina-Foodie-1080x777.jpg 1080w, https:\/\/dev.antudigital.cl\/sites\/vc\/wp-content\/uploads\/2024\/07\/Reina-Foodie-980x705.jpg 980w, https:\/\/dev.antudigital.cl\/sites\/vc\/wp-content\/uploads\/2024\/07\/Reina-Foodie-480x345.jpg 480w, https:\/\/dev.antudigital.cl\/sites\/vc\/wp-content\/uploads\/2024\/07\/Reina-Foodie-24x17.jpg 24w, https:\/\/dev.antudigital.cl\/sites\/vc\/wp-content\/uploads\/2024\/07\/Reina-Foodie-36x26.jpg 36w, https:\/\/dev.antudigital.cl\/sites\/vc\/wp-content\/uploads\/2024\/07\/Reina-Foodie-48x35.jpg 48w, https:\/\/dev.antudigital.cl\/sites\/vc\/wp-content\/uploads\/2024\/07\/Reina-Foodie.jpg 1200w\" sizes=\"(max-width: 1024px) 100vw, 1024px\" \/><\/figure>\n\n\n\n<p><strong>\u00bfDe qu\u00e9 manera te vinculaste inicialmente con los vecinos de la Asociaci\u00f3n Gremial Bellavista Florida?<\/strong><\/p>\n\n\n\n<p>&#8211; MJB: Entre estos viajes les conoc\u00ed y surgi\u00f3 la posibilidad de trabajar con&nbsp; ellos debido a la relaci\u00f3n de amistad que se fue generando. Me invitaron a postular a una licitaci\u00f3n para la Asociaci\u00f3n Gremial, lo que result\u00f3 y a la vez abri\u00f3 puertas para trabajar colaborativamente con la Corporaci\u00f3n Regional de Turismo de Valpara\u00edso despu\u00e9s.&nbsp;<\/p>\n\n\n\n<p><strong>\u00bfC\u00f3mo es el proceso creativo, de crear contenido? Tanto escrito como audiovisual, desde tu sitio web a las redes sociales que manejas<\/strong><\/p>\n\n\n\n<p>&#8211; MJB: Es necesario actualizarse constantemente. Empec\u00e9 en otro formato en cuanto a las redes, pero me atrev\u00ed a ir probando algo m\u00e1s testimonial, contando historias y mostr\u00e1ndome. As\u00ed retom\u00e9 Reina Foodie. Durante la pandemia ten\u00eda 1.600 o 2.000 seguidores, y crecieron a medida que creaba contenido m\u00e1s actual y aut\u00e9ntico, apuntando a crear una comunidad.<\/p>\n\n\n\n<p>En t\u00e9rminos period\u00edsticos, es distinto gestionar prensa que relatar historias. He aprendido la importancia de contar la historia de la persona detr\u00e1s del negocio, que eso tambi\u00e9n es un punto importante: c\u00f3mo ayudar desde mi vitrina y potenciar estos proyectos que tienen a gente esforzada tras ellos.<\/p>\n\n\n\n<p><strong>\u00bfCu\u00e1l es tu mirada de la Regi\u00f3n de Valpara\u00edso y de qu\u00e9 manera buscas aportar a trav\u00e9s de la difusi\u00f3n de su identidad y atributos?<\/strong><\/p>\n\n\n\n<p>&#8211; MJB: Como dec\u00eda, quiero ayudar a que los negocios que se esfuerzan sean visibles. Actualmente trabajo con la Corporaci\u00f3n Regional de Turismo en una convocatoria para Cafeter\u00edas Patrimoniales, por ejemplo.&nbsp;<\/p>\n\n\n\n<p>Estamos buscando aportar a los due\u00f1os de los locales, mediante expertos de la capital que vengan para retroalimentar a cafeter\u00edas que tengan elementos patrimoniales, desde sus tem\u00e1ticas o del rescate de la arquitectura del lugar. Para dar recomendaciones y generar una gu\u00eda de recorrido tur\u00edstico en torno a sus cafeter\u00edas patrimoniales. Eso actualmente.<\/p>\n\n\n\n<p><strong>En tu experiencia, \u00bfPor qu\u00e9 crees importante la asociatividad y acciones para la gremializaci\u00f3n?&nbsp;<\/strong><\/p>\n\n\n\n<p>&#8211; MJB: Soy parte de la C\u00e1mara de Comercio, que est\u00e1 resurgiendo y reestructur\u00e1ndose, lo cual incluye atracci\u00f3n nuevos socios. Esto es algo nuevo para m\u00ed. Los gremios son esenciales para cumplir los objetivos del sector: proteger el turismo, tener mayor seguridad, rescatar patrimonios, entre otros. Cada barrio tiene sus necesidades que se pueden alcanzar m\u00e1s f\u00e1cilmente en conjunto, lo veo con las AG con las que trabajo.<\/p>\n\n\n\n<figure class=\"wp-block-image size-full\"><img decoding=\"async\" width=\"747\" height=\"556\" src=\"https:\/\/www.valparaisocreativo.cl\/wp-content\/uploads\/2024\/07\/Reina-Foodie-3.jpg\" alt=\"\" class=\"wp-image-19802\" srcset=\"https:\/\/dev.antudigital.cl\/sites\/vc\/wp-content\/uploads\/2024\/07\/Reina-Foodie-3.jpg 747w, https:\/\/dev.antudigital.cl\/sites\/vc\/wp-content\/uploads\/2024\/07\/Reina-Foodie-3-300x223.jpg 300w, https:\/\/dev.antudigital.cl\/sites\/vc\/wp-content\/uploads\/2024\/07\/Reina-Foodie-3-480x357.jpg 480w, https:\/\/dev.antudigital.cl\/sites\/vc\/wp-content\/uploads\/2024\/07\/Reina-Foodie-3-24x18.jpg 24w, https:\/\/dev.antudigital.cl\/sites\/vc\/wp-content\/uploads\/2024\/07\/Reina-Foodie-3-36x27.jpg 36w, https:\/\/dev.antudigital.cl\/sites\/vc\/wp-content\/uploads\/2024\/07\/Reina-Foodie-3-48x36.jpg 48w\" sizes=\"(max-width: 747px) 100vw, 747px\" \/><\/figure>\n\n\n\n<p><strong>\u00bfY puedes profundizar m\u00e1s en la experiencia con la C\u00e1mara de Comercio?<\/strong><\/p>\n\n\n\n<p>&#8211; MJB: Bueno, estoy hace poquito. Empec\u00e9 primero a apoyar&nbsp; en distintas cosas, hab\u00eda que hacer mucho. Yo he ayudado haciendo presentaciones para captar nuevos socios, redactando cartas. Ha sido una buena experiencia porque me ha permitido conocer tambi\u00e9n a gente de otros barrios. Antes no participaba en nada de este tipo, ahora me involucro mucho m\u00e1s.<\/p>\n\n\n\n<p><strong>\u00bfCu\u00e1les han sido tus mayores descubrimientos recorriendo Valpara\u00edso? \u00bfQu\u00e9 ha sido lo \u00faltimo con lo que te sorprendiste?<\/strong><\/p>\n\n\n\n<p>&#8211; MJB: Me llam\u00f3 la atenci\u00f3n <a href=\"https:\/\/www.instagram.com\/puertonaturahotelspa\/\"><em>Puerto Natura<\/em><\/a>, el \u00fanico spa en Valpara\u00edso, con sauna, masajes, tinajas con hierbitas y un jard\u00edn interior. Era la casa de Sebasti\u00e1n Collado, arquitecto de La Sebastiana, y su fachada tiene esa impronta, ya que \u00e9l ten\u00eda una f\u00e1brica de azulejos que se llama El Sol y en Puerto Natura hay una chimenea con puro azulejos hermoso. Despu\u00e9s tiene un jard\u00edn interior con una fuente llena de azulejos, es impactante.&nbsp;<\/p>\n\n\n\n<p>En t\u00e9rminos gastron\u00f3micos, me sorprendi\u00f3 <a href=\"https:\/\/www.instagram.com\/cafeinavalpo\/\"><em>Cafeina<\/em><\/a>, donde el edificio es un antiguo hotel reconstruido, que en t\u00e9rminos de dise\u00f1o, qued\u00f3 s\u00faper bueno. Y en cu\u00e1nto a comida, muy rico tambi\u00e9n. Trabajan colaborativamente con vecinos del Cerro Concepci\u00f3n: las galletas, las tortas, todo eso..&nbsp;<\/p>\n\n\n\n<p>Tambi\u00e9n tengo una picada, pero espectacular, se llama <a href=\"https:\/\/www.instagram.com\/cocineriabellavista\/\"><em>Cociner\u00eda Bellavista<\/em><\/a>. Me encantaron. Est\u00e1 al lado de la iglesia de Las Carmelitas en Cerro Bellavista. El otro d\u00eda fui y me com\u00ed unos ravioles rellenos de locos con salsa como de aj\u00ed verde, deliciosos. En ese mismo sector, destaco la <a href=\"https:\/\/www.instagram.com\/trattoriafattoincasa\/?hl=es\">Trattoria Fatto in Casa<\/a>, dedicado a las pastas y preparaciones italianas.<\/p>\n\n\n\n<p><strong>\u00bfQu\u00e9 crees que es un potencial no explotado en la ciudad en cuanto a t\u00e9rminos tur\u00edsticos?&nbsp;<\/strong><\/p>\n\n\n\n<p>&#8211; MJB: Creo que va por trabajar el plan de la ciudad, que es lo primero que ven los turistas. Tienen que pasar por Avenida Argentina, Pedro Montt, antes de subir a los cerros. Siento que el plan de Valpara\u00edso en t\u00e9rminos tur\u00edsticos est\u00e1 maltratado. Lo otro que creo que falta explotar es el tema de la se\u00f1alizaci\u00f3n para poder llegar a hitos tur\u00edsticos en los cerros. Yo siento que eso mejorar\u00eda para que la gente realmente pueda ir a explorarlos, porque quiz\u00e1 en t\u00e9rminos de accesibilidad no es tan f\u00e1cil.<\/p>\n","protected":false},"excerpt":{"rendered":"<p>Mar\u00eda Jes\u00fas Bujanda es periodista especializada en gastronom\u00eda y enoturismo. Aunque es originaria de Santiago, su familia es de Valpara\u00edso, lo que junto a sus intereses la trajeron a vivir al puerto durante desde un tiempo a esta parte. Esta decisi\u00f3n vino acompa\u00f1ada de oportunidades profesionales: colabora escribiendo columnas sobre gastronom\u00eda local en El Mostrador, [&hellip;]<\/p>\n","protected":false},"author":1,"featured_media":19803,"comment_status":"closed","ping_status":"closed","sticky":false,"template":"","format":"standard","meta":{"_acf_changed":false,"footnotes":""},"categories":[218],"tags":[],"class_list":["post-19800","post","type-post","status-publish","format-standard","has-post-thumbnail","hentry","category-blog"],"acf":[],"yoast_head":"<!-- This site is optimized with the Yoast SEO plugin v27.1.1 - https:\/\/yoast.com\/product\/yoast-seo-wordpress\/ -->\n<title>Contenido con enfoque regional: gastronom\u00eda y enoturismo desde la ciudad puerto - Valpara\u00ed\u00adso Creativo<\/title>\n<meta name=\"robots\" content=\"index, follow, max-snippet:-1, max-image-preview:large, max-video-preview:-1\" \/>\n<link rel=\"canonical\" href=\"https:\/\/dev.antudigital.cl\/sites\/vc\/contenido-con-enfoque-regional-gastronomia-y-enoturismo-desde-la-ciudad-puerto\/\" \/>\n<meta property=\"og:locale\" content=\"es_ES\" \/>\n<meta property=\"og:type\" content=\"article\" \/>\n<meta property=\"og:title\" content=\"Contenido con enfoque regional: gastronom\u00eda y enoturismo desde la ciudad puerto - Valpara\u00ed\u00adso Creativo\" \/>\n<meta property=\"og:description\" content=\"Mar\u00eda Jes\u00fas Bujanda es periodista especializada en gastronom\u00eda y enoturismo. Aunque es originaria de Santiago, su familia es de Valpara\u00edso, lo que junto a sus intereses la trajeron a vivir al puerto durante desde un tiempo a esta parte. Esta decisi\u00f3n vino acompa\u00f1ada de oportunidades profesionales: colabora escribiendo columnas sobre gastronom\u00eda local en El Mostrador, [&hellip;]\" \/>\n<meta property=\"og:url\" content=\"https:\/\/dev.antudigital.cl\/sites\/vc\/contenido-con-enfoque-regional-gastronomia-y-enoturismo-desde-la-ciudad-puerto\/\" \/>\n<meta property=\"og:site_name\" content=\"Valpara\u00ed\u00adso Creativo\" \/>\n<meta property=\"article:published_time\" content=\"2024-07-22T23:35:49+00:00\" \/>\n<meta property=\"article:modified_time\" content=\"2024-07-25T21:53:11+00:00\" \/>\n<meta property=\"og:image\" content=\"https:\/\/dev.antudigital.cl\/sites\/vc\/wp-content\/uploads\/2024\/07\/Reina-Foodie-2.jpg\" \/>\n\t<meta property=\"og:image:width\" content=\"960\" \/>\n\t<meta property=\"og:image:height\" content=\"547\" \/>\n\t<meta property=\"og:image:type\" content=\"image\/jpeg\" \/>\n<meta name=\"author\" content=\"Valpara\u00edso Creativo\" \/>\n<meta name=\"twitter:card\" content=\"summary_large_image\" \/>\n<meta name=\"twitter:label1\" content=\"Escrito por\" \/>\n\t<meta name=\"twitter:data1\" content=\"Valpara\u00edso Creativo\" \/>\n\t<meta name=\"twitter:label2\" content=\"Tiempo de lectura\" \/>\n\t<meta name=\"twitter:data2\" content=\"6 minutos\" \/>\n<script type=\"application\/ld+json\" class=\"yoast-schema-graph\">{\"@context\":\"https:\/\/schema.org\",\"@graph\":[{\"@type\":\"Article\",\"@id\":\"https:\/\/dev.antudigital.cl\/sites\/vc\/contenido-con-enfoque-regional-gastronomia-y-enoturismo-desde-la-ciudad-puerto\/#article\",\"isPartOf\":{\"@id\":\"https:\/\/dev.antudigital.cl\/sites\/vc\/contenido-con-enfoque-regional-gastronomia-y-enoturismo-desde-la-ciudad-puerto\/\"},\"author\":{\"name\":\"Valpara\u00edso Creativo\",\"@id\":\"https:\/\/dev.antudigital.cl\/sites\/vc\/#\/schema\/person\/c2b9da8dd545e27166fc5ab232837318\"},\"headline\":\"Contenido con enfoque regional: gastronom\u00eda y enoturismo desde la ciudad puerto\",\"datePublished\":\"2024-07-22T23:35:49+00:00\",\"dateModified\":\"2024-07-25T21:53:11+00:00\",\"mainEntityOfPage\":{\"@id\":\"https:\/\/dev.antudigital.cl\/sites\/vc\/contenido-con-enfoque-regional-gastronomia-y-enoturismo-desde-la-ciudad-puerto\/\"},\"wordCount\":1265,\"image\":{\"@id\":\"https:\/\/dev.antudigital.cl\/sites\/vc\/contenido-con-enfoque-regional-gastronomia-y-enoturismo-desde-la-ciudad-puerto\/#primaryimage\"},\"thumbnailUrl\":\"https:\/\/dev.antudigital.cl\/sites\/vc\/wp-content\/uploads\/2024\/07\/Reina-Foodie-2.jpg\",\"articleSection\":[\"Blog\"],\"inLanguage\":\"es\"},{\"@type\":\"WebPage\",\"@id\":\"https:\/\/dev.antudigital.cl\/sites\/vc\/contenido-con-enfoque-regional-gastronomia-y-enoturismo-desde-la-ciudad-puerto\/\",\"url\":\"https:\/\/dev.antudigital.cl\/sites\/vc\/contenido-con-enfoque-regional-gastronomia-y-enoturismo-desde-la-ciudad-puerto\/\",\"name\":\"Contenido con enfoque regional: gastronom\u00eda y enoturismo desde la ciudad puerto - Valpara\u00ed\u00adso Creativo\",\"isPartOf\":{\"@id\":\"https:\/\/dev.antudigital.cl\/sites\/vc\/#website\"},\"primaryImageOfPage\":{\"@id\":\"https:\/\/dev.antudigital.cl\/sites\/vc\/contenido-con-enfoque-regional-gastronomia-y-enoturismo-desde-la-ciudad-puerto\/#primaryimage\"},\"image\":{\"@id\":\"https:\/\/dev.antudigital.cl\/sites\/vc\/contenido-con-enfoque-regional-gastronomia-y-enoturismo-desde-la-ciudad-puerto\/#primaryimage\"},\"thumbnailUrl\":\"https:\/\/dev.antudigital.cl\/sites\/vc\/wp-content\/uploads\/2024\/07\/Reina-Foodie-2.jpg\",\"datePublished\":\"2024-07-22T23:35:49+00:00\",\"dateModified\":\"2024-07-25T21:53:11+00:00\",\"author\":{\"@id\":\"https:\/\/dev.antudigital.cl\/sites\/vc\/#\/schema\/person\/c2b9da8dd545e27166fc5ab232837318\"},\"breadcrumb\":{\"@id\":\"https:\/\/dev.antudigital.cl\/sites\/vc\/contenido-con-enfoque-regional-gastronomia-y-enoturismo-desde-la-ciudad-puerto\/#breadcrumb\"},\"inLanguage\":\"es\",\"potentialAction\":[{\"@type\":\"ReadAction\",\"target\":[\"https:\/\/dev.antudigital.cl\/sites\/vc\/contenido-con-enfoque-regional-gastronomia-y-enoturismo-desde-la-ciudad-puerto\/\"]}]},{\"@type\":\"ImageObject\",\"inLanguage\":\"es\",\"@id\":\"https:\/\/dev.antudigital.cl\/sites\/vc\/contenido-con-enfoque-regional-gastronomia-y-enoturismo-desde-la-ciudad-puerto\/#primaryimage\",\"url\":\"https:\/\/dev.antudigital.cl\/sites\/vc\/wp-content\/uploads\/2024\/07\/Reina-Foodie-2.jpg\",\"contentUrl\":\"https:\/\/dev.antudigital.cl\/sites\/vc\/wp-content\/uploads\/2024\/07\/Reina-Foodie-2.jpg\",\"width\":960,\"height\":547},{\"@type\":\"BreadcrumbList\",\"@id\":\"https:\/\/dev.antudigital.cl\/sites\/vc\/contenido-con-enfoque-regional-gastronomia-y-enoturismo-desde-la-ciudad-puerto\/#breadcrumb\",\"itemListElement\":[{\"@type\":\"ListItem\",\"position\":1,\"name\":\"Home\",\"item\":\"https:\/\/dev.antudigital.cl\/sites\/vc\/\"},{\"@type\":\"ListItem\",\"position\":2,\"name\":\"Contenido con enfoque regional: gastronom\u00eda y enoturismo desde la ciudad puerto\"}]},{\"@type\":\"WebSite\",\"@id\":\"https:\/\/dev.antudigital.cl\/sites\/vc\/#website\",\"url\":\"https:\/\/dev.antudigital.cl\/sites\/vc\/\",\"name\":\"Valpara\u00ed\u00adso Creativo\",\"description\":\"\",\"potentialAction\":[{\"@type\":\"SearchAction\",\"target\":{\"@type\":\"EntryPoint\",\"urlTemplate\":\"https:\/\/dev.antudigital.cl\/sites\/vc\/?s={search_term_string}\"},\"query-input\":{\"@type\":\"PropertyValueSpecification\",\"valueRequired\":true,\"valueName\":\"search_term_string\"}}],\"inLanguage\":\"es\"},{\"@type\":\"Person\",\"@id\":\"https:\/\/dev.antudigital.cl\/sites\/vc\/#\/schema\/person\/c2b9da8dd545e27166fc5ab232837318\",\"name\":\"Valpara\u00edso Creativo\",\"description\":\"Periodista de cultura en la Regi\u00f3n de Valpara\u00edso.\",\"url\":\"https:\/\/dev.antudigital.cl\/sites\/vc\/author\/valpoadmin\/\"}]}<\/script>\n<!-- \/ Yoast SEO plugin. -->","yoast_head_json":{"title":"Contenido con enfoque regional: gastronom\u00eda y enoturismo desde la ciudad puerto - Valpara\u00ed\u00adso Creativo","robots":{"index":"index","follow":"follow","max-snippet":"max-snippet:-1","max-image-preview":"max-image-preview:large","max-video-preview":"max-video-preview:-1"},"canonical":"https:\/\/dev.antudigital.cl\/sites\/vc\/contenido-con-enfoque-regional-gastronomia-y-enoturismo-desde-la-ciudad-puerto\/","og_locale":"es_ES","og_type":"article","og_title":"Contenido con enfoque regional: gastronom\u00eda y enoturismo desde la ciudad puerto - Valpara\u00ed\u00adso Creativo","og_description":"Mar\u00eda Jes\u00fas Bujanda es periodista especializada en gastronom\u00eda y enoturismo. Aunque es originaria de Santiago, su familia es de Valpara\u00edso, lo que junto a sus intereses la trajeron a vivir al puerto durante desde un tiempo a esta parte. Esta decisi\u00f3n vino acompa\u00f1ada de oportunidades profesionales: colabora escribiendo columnas sobre gastronom\u00eda local en El Mostrador, [&hellip;]","og_url":"https:\/\/dev.antudigital.cl\/sites\/vc\/contenido-con-enfoque-regional-gastronomia-y-enoturismo-desde-la-ciudad-puerto\/","og_site_name":"Valpara\u00ed\u00adso Creativo","article_published_time":"2024-07-22T23:35:49+00:00","article_modified_time":"2024-07-25T21:53:11+00:00","og_image":[{"width":960,"height":547,"url":"https:\/\/dev.antudigital.cl\/sites\/vc\/wp-content\/uploads\/2024\/07\/Reina-Foodie-2.jpg","type":"image\/jpeg"}],"author":"Valpara\u00edso Creativo","twitter_card":"summary_large_image","twitter_misc":{"Escrito por":"Valpara\u00edso Creativo","Tiempo de lectura":"6 minutos"},"schema":{"@context":"https:\/\/schema.org","@graph":[{"@type":"Article","@id":"https:\/\/dev.antudigital.cl\/sites\/vc\/contenido-con-enfoque-regional-gastronomia-y-enoturismo-desde-la-ciudad-puerto\/#article","isPartOf":{"@id":"https:\/\/dev.antudigital.cl\/sites\/vc\/contenido-con-enfoque-regional-gastronomia-y-enoturismo-desde-la-ciudad-puerto\/"},"author":{"name":"Valpara\u00edso Creativo","@id":"https:\/\/dev.antudigital.cl\/sites\/vc\/#\/schema\/person\/c2b9da8dd545e27166fc5ab232837318"},"headline":"Contenido con enfoque regional: gastronom\u00eda y enoturismo desde la ciudad puerto","datePublished":"2024-07-22T23:35:49+00:00","dateModified":"2024-07-25T21:53:11+00:00","mainEntityOfPage":{"@id":"https:\/\/dev.antudigital.cl\/sites\/vc\/contenido-con-enfoque-regional-gastronomia-y-enoturismo-desde-la-ciudad-puerto\/"},"wordCount":1265,"image":{"@id":"https:\/\/dev.antudigital.cl\/sites\/vc\/contenido-con-enfoque-regional-gastronomia-y-enoturismo-desde-la-ciudad-puerto\/#primaryimage"},"thumbnailUrl":"https:\/\/dev.antudigital.cl\/sites\/vc\/wp-content\/uploads\/2024\/07\/Reina-Foodie-2.jpg","articleSection":["Blog"],"inLanguage":"es"},{"@type":"WebPage","@id":"https:\/\/dev.antudigital.cl\/sites\/vc\/contenido-con-enfoque-regional-gastronomia-y-enoturismo-desde-la-ciudad-puerto\/","url":"https:\/\/dev.antudigital.cl\/sites\/vc\/contenido-con-enfoque-regional-gastronomia-y-enoturismo-desde-la-ciudad-puerto\/","name":"Contenido con enfoque regional: gastronom\u00eda y enoturismo desde la ciudad puerto - Valpara\u00ed\u00adso Creativo","isPartOf":{"@id":"https:\/\/dev.antudigital.cl\/sites\/vc\/#website"},"primaryImageOfPage":{"@id":"https:\/\/dev.antudigital.cl\/sites\/vc\/contenido-con-enfoque-regional-gastronomia-y-enoturismo-desde-la-ciudad-puerto\/#primaryimage"},"image":{"@id":"https:\/\/dev.antudigital.cl\/sites\/vc\/contenido-con-enfoque-regional-gastronomia-y-enoturismo-desde-la-ciudad-puerto\/#primaryimage"},"thumbnailUrl":"https:\/\/dev.antudigital.cl\/sites\/vc\/wp-content\/uploads\/2024\/07\/Reina-Foodie-2.jpg","datePublished":"2024-07-22T23:35:49+00:00","dateModified":"2024-07-25T21:53:11+00:00","author":{"@id":"https:\/\/dev.antudigital.cl\/sites\/vc\/#\/schema\/person\/c2b9da8dd545e27166fc5ab232837318"},"breadcrumb":{"@id":"https:\/\/dev.antudigital.cl\/sites\/vc\/contenido-con-enfoque-regional-gastronomia-y-enoturismo-desde-la-ciudad-puerto\/#breadcrumb"},"inLanguage":"es","potentialAction":[{"@type":"ReadAction","target":["https:\/\/dev.antudigital.cl\/sites\/vc\/contenido-con-enfoque-regional-gastronomia-y-enoturismo-desde-la-ciudad-puerto\/"]}]},{"@type":"ImageObject","inLanguage":"es","@id":"https:\/\/dev.antudigital.cl\/sites\/vc\/contenido-con-enfoque-regional-gastronomia-y-enoturismo-desde-la-ciudad-puerto\/#primaryimage","url":"https:\/\/dev.antudigital.cl\/sites\/vc\/wp-content\/uploads\/2024\/07\/Reina-Foodie-2.jpg","contentUrl":"https:\/\/dev.antudigital.cl\/sites\/vc\/wp-content\/uploads\/2024\/07\/Reina-Foodie-2.jpg","width":960,"height":547},{"@type":"BreadcrumbList","@id":"https:\/\/dev.antudigital.cl\/sites\/vc\/contenido-con-enfoque-regional-gastronomia-y-enoturismo-desde-la-ciudad-puerto\/#breadcrumb","itemListElement":[{"@type":"ListItem","position":1,"name":"Home","item":"https:\/\/dev.antudigital.cl\/sites\/vc\/"},{"@type":"ListItem","position":2,"name":"Contenido con enfoque regional: gastronom\u00eda y enoturismo desde la ciudad puerto"}]},{"@type":"WebSite","@id":"https:\/\/dev.antudigital.cl\/sites\/vc\/#website","url":"https:\/\/dev.antudigital.cl\/sites\/vc\/","name":"Valpara\u00ed\u00adso Creativo","description":"","potentialAction":[{"@type":"SearchAction","target":{"@type":"EntryPoint","urlTemplate":"https:\/\/dev.antudigital.cl\/sites\/vc\/?s={search_term_string}"},"query-input":{"@type":"PropertyValueSpecification","valueRequired":true,"valueName":"search_term_string"}}],"inLanguage":"es"},{"@type":"Person","@id":"https:\/\/dev.antudigital.cl\/sites\/vc\/#\/schema\/person\/c2b9da8dd545e27166fc5ab232837318","name":"Valpara\u00edso Creativo","description":"Periodista de cultura en la Regi\u00f3n de Valpara\u00edso.","url":"https:\/\/dev.antudigital.cl\/sites\/vc\/author\/valpoadmin\/"}]}},"_links":{"self":[{"href":"https:\/\/dev.antudigital.cl\/sites\/vc\/wp-json\/wp\/v2\/posts\/19800","targetHints":{"allow":["GET"]}}],"collection":[{"href":"https:\/\/dev.antudigital.cl\/sites\/vc\/wp-json\/wp\/v2\/posts"}],"about":[{"href":"https:\/\/dev.antudigital.cl\/sites\/vc\/wp-json\/wp\/v2\/types\/post"}],"author":[{"embeddable":true,"href":"https:\/\/dev.antudigital.cl\/sites\/vc\/wp-json\/wp\/v2\/users\/1"}],"replies":[{"embeddable":true,"href":"https:\/\/dev.antudigital.cl\/sites\/vc\/wp-json\/wp\/v2\/comments?post=19800"}],"version-history":[{"count":2,"href":"https:\/\/dev.antudigital.cl\/sites\/vc\/wp-json\/wp\/v2\/posts\/19800\/revisions"}],"predecessor-version":[{"id":19855,"href":"https:\/\/dev.antudigital.cl\/sites\/vc\/wp-json\/wp\/v2\/posts\/19800\/revisions\/19855"}],"wp:featuredmedia":[{"embeddable":true,"href":"https:\/\/dev.antudigital.cl\/sites\/vc\/wp-json\/wp\/v2\/media\/19803"}],"wp:attachment":[{"href":"https:\/\/dev.antudigital.cl\/sites\/vc\/wp-json\/wp\/v2\/media?parent=19800"}],"wp:term":[{"taxonomy":"category","embeddable":true,"href":"https:\/\/dev.antudigital.cl\/sites\/vc\/wp-json\/wp\/v2\/categories?post=19800"},{"taxonomy":"post_tag","embeddable":true,"href":"https:\/\/dev.antudigital.cl\/sites\/vc\/wp-json\/wp\/v2\/tags?post=19800"}],"curies":[{"name":"wp","href":"https:\/\/api.w.org\/{rel}","templated":true}]}}