{"id":19805,"date":"2024-07-22T23:45:03","date_gmt":"2024-07-22T23:45:03","guid":{"rendered":"https:\/\/www.valparaisocreativo.cl\/?p=19805"},"modified":"2024-07-22T23:45:21","modified_gmt":"2024-07-22T23:45:21","slug":"valparaiso-creativo-y-arcos-destacan-programa-conversor-que-apoya-a-artistas-en-temas-de-emprendimiento-y-finanzas","status":"publish","type":"post","link":"https:\/\/dev.antudigital.cl\/sites\/vc\/valparaiso-creativo-y-arcos-destacan-programa-conversor-que-apoya-a-artistas-en-temas-de-emprendimiento-y-finanzas\/","title":{"rendered":"Valpara\u00edso Creativo y ARCOS destacan Programa Conversor que apoya a artistas en temas de emprendimiento y finanzas"},"content":{"rendered":"\n<p><em>El pasado viernes 12 de julio, en el Hub Creativo de Valpara\u00edso, se gener\u00f3 el lanzamiento del portal del programa Conversor, instancia formativa creada por ONG Valpara\u00edso en Colores, en colaboraci\u00f3n con Proaxis Consultores, Instituto profesional ARCOS, Valpara\u00edso Creativo y la Universidad de Valpara\u00edso.&nbsp;<\/em><\/p>\n\n\n\n<p>Conversor tiene por prop\u00f3sito entregar herramientas concretas para el sector creativo, entregando a artistas de diversos rubros, elementos pr\u00e1cticos en su propio lenguaje, con el objetivo de potenciar y formalizar sus proyectos.<\/p>\n\n\n\n<p>Horacio Silva, director de Valpara\u00edso en Colores, mencion\u00f3 que han \u201cidentificado como tema que los centros de estudio no ense\u00f1an algunos temas que son importantes para que trabajadores y trabajadoras de las artes puedan sobrevivir en el \u2018mundo real\u2019. Conversor apunta a transferir conocimiento para el desarrollo de pymes y proyectos creativos, con el fin de que los y las artistas puedan manejarse con las l\u00f3gicas comerciales\u201d.<\/p>\n\n\n\n<figure class=\"wp-block-image size-large\"><img fetchpriority=\"high\" decoding=\"async\" width=\"1024\" height=\"684\" src=\"https:\/\/www.valparaisocreativo.cl\/wp-content\/uploads\/2024\/07\/Modulo-Derechos-de-Autor-1024x684.png\" alt=\"\" class=\"wp-image-19807\" srcset=\"https:\/\/dev.antudigital.cl\/sites\/vc\/wp-content\/uploads\/2024\/07\/Modulo-Derechos-de-Autor-1024x684.png 1024w, https:\/\/dev.antudigital.cl\/sites\/vc\/wp-content\/uploads\/2024\/07\/Modulo-Derechos-de-Autor-300x200.png 300w, https:\/\/dev.antudigital.cl\/sites\/vc\/wp-content\/uploads\/2024\/07\/Modulo-Derechos-de-Autor-768x513.png 768w, https:\/\/dev.antudigital.cl\/sites\/vc\/wp-content\/uploads\/2024\/07\/Modulo-Derechos-de-Autor-1536x1027.png 1536w, https:\/\/dev.antudigital.cl\/sites\/vc\/wp-content\/uploads\/2024\/07\/Modulo-Derechos-de-Autor-1080x722.png 1080w, https:\/\/dev.antudigital.cl\/sites\/vc\/wp-content\/uploads\/2024\/07\/Modulo-Derechos-de-Autor-1280x855.png 1280w, https:\/\/dev.antudigital.cl\/sites\/vc\/wp-content\/uploads\/2024\/07\/Modulo-Derechos-de-Autor-980x655.png 980w, https:\/\/dev.antudigital.cl\/sites\/vc\/wp-content\/uploads\/2024\/07\/Modulo-Derechos-de-Autor-480x321.png 480w, https:\/\/dev.antudigital.cl\/sites\/vc\/wp-content\/uploads\/2024\/07\/Modulo-Derechos-de-Autor-24x16.png 24w, https:\/\/dev.antudigital.cl\/sites\/vc\/wp-content\/uploads\/2024\/07\/Modulo-Derechos-de-Autor-36x24.png 36w, https:\/\/dev.antudigital.cl\/sites\/vc\/wp-content\/uploads\/2024\/07\/Modulo-Derechos-de-Autor-48x32.png 48w, https:\/\/dev.antudigital.cl\/sites\/vc\/wp-content\/uploads\/2024\/07\/Modulo-Derechos-de-Autor.png 1616w\" sizes=\"(max-width: 1024px) 100vw, 1024px\" \/><\/figure>\n\n\n\n<p>De hecho, el nombre <em>Conversor<\/em> alude precisamente a convertir los contenidos al lenguaje y experiencias que el sector creativo requiere. Este programa de estudios se divide en una etapa online y otra presencial, donde el Instituto Profesional ARCOS y la Universidad de Valpara\u00edso despliegan sus roles a trav\u00e9s de un equipo acad\u00e9mico en ambas modalidades. Es un programa breve, apuntando a poder ser \u00fatil y de r\u00e1pida aplicaci\u00f3n de conceptos, con 20 horas que contienen 7 m\u00f3dulos presenciales y clases en l\u00ednea.&nbsp;<\/p>\n\n\n\n<p>De esta manera, se entregan contenidos valiosos por profesionales de cada \u00e1rea, usando un lenguaje com\u00fan para que sea aplicado en sus diversas iniciativas. En este sentido, Horacio agrega que \u201cal entregar estos conceptos, se debe hacer con sensibilidad y buscando invitar a que todos y todas puedan participar en ambos m\u00f3dulos, con cursos relativos a las leyes laborales, marketing, derechos de autor y otras tem\u00e1ticas que nutren la propuesta\u201d.<\/p>\n\n\n\n<figure class=\"wp-block-image size-large\"><img decoding=\"async\" width=\"1024\" height=\"684\" src=\"https:\/\/www.valparaisocreativo.cl\/wp-content\/uploads\/2024\/07\/6-Marketing-personal.-Imparte-Horacio-Silva.-Saabados-18-25-de-mayo-en-ARCOS-1024x684.png\" alt=\"\" class=\"wp-image-19808\" srcset=\"https:\/\/dev.antudigital.cl\/sites\/vc\/wp-content\/uploads\/2024\/07\/6-Marketing-personal.-Imparte-Horacio-Silva.-Saabados-18-25-de-mayo-en-ARCOS-1024x684.png 1024w, https:\/\/dev.antudigital.cl\/sites\/vc\/wp-content\/uploads\/2024\/07\/6-Marketing-personal.-Imparte-Horacio-Silva.-Saabados-18-25-de-mayo-en-ARCOS-300x200.png 300w, https:\/\/dev.antudigital.cl\/sites\/vc\/wp-content\/uploads\/2024\/07\/6-Marketing-personal.-Imparte-Horacio-Silva.-Saabados-18-25-de-mayo-en-ARCOS-768x513.png 768w, https:\/\/dev.antudigital.cl\/sites\/vc\/wp-content\/uploads\/2024\/07\/6-Marketing-personal.-Imparte-Horacio-Silva.-Saabados-18-25-de-mayo-en-ARCOS-1536x1027.png 1536w, https:\/\/dev.antudigital.cl\/sites\/vc\/wp-content\/uploads\/2024\/07\/6-Marketing-personal.-Imparte-Horacio-Silva.-Saabados-18-25-de-mayo-en-ARCOS-1080x722.png 1080w, https:\/\/dev.antudigital.cl\/sites\/vc\/wp-content\/uploads\/2024\/07\/6-Marketing-personal.-Imparte-Horacio-Silva.-Saabados-18-25-de-mayo-en-ARCOS-1280x855.png 1280w, https:\/\/dev.antudigital.cl\/sites\/vc\/wp-content\/uploads\/2024\/07\/6-Marketing-personal.-Imparte-Horacio-Silva.-Saabados-18-25-de-mayo-en-ARCOS-980x655.png 980w, https:\/\/dev.antudigital.cl\/sites\/vc\/wp-content\/uploads\/2024\/07\/6-Marketing-personal.-Imparte-Horacio-Silva.-Saabados-18-25-de-mayo-en-ARCOS-480x321.png 480w, https:\/\/dev.antudigital.cl\/sites\/vc\/wp-content\/uploads\/2024\/07\/6-Marketing-personal.-Imparte-Horacio-Silva.-Saabados-18-25-de-mayo-en-ARCOS-24x16.png 24w, https:\/\/dev.antudigital.cl\/sites\/vc\/wp-content\/uploads\/2024\/07\/6-Marketing-personal.-Imparte-Horacio-Silva.-Saabados-18-25-de-mayo-en-ARCOS-36x24.png 36w, https:\/\/dev.antudigital.cl\/sites\/vc\/wp-content\/uploads\/2024\/07\/6-Marketing-personal.-Imparte-Horacio-Silva.-Saabados-18-25-de-mayo-en-ARCOS-48x32.png 48w, https:\/\/dev.antudigital.cl\/sites\/vc\/wp-content\/uploads\/2024\/07\/6-Marketing-personal.-Imparte-Horacio-Silva.-Saabados-18-25-de-mayo-en-ARCOS.png 1616w\" sizes=\"(max-width: 1024px) 100vw, 1024px\" \/><\/figure>\n\n\n\n<p>Hasta la fecha, m\u00e1s de 300 inscritos en el programa demuestran la gran acogida que ha tenido la propuesta, algunos de los cuales hablan de su experiencia en el recientemente estrenado canal de Youtube de Conversor, plataforma donde cada domingo se publican entrevistas a artistas, visibilizando experiencias de \u00e9xito detr\u00e1s de la gesti\u00f3n de sus talentos.&nbsp;<\/p>\n\n\n\n<p>\u201cLa idea es aprovechar la experiencia de artistas que llevan tiempo triunfando en sus \u00e1reas, para que aborden el trabajo y las gestiones que tuvieron que hacer para poder llegar a vivir de su arte, sea muralismo, pintura, m\u00fasica, cine, arte textil o cualquier otro\u201d, comenta Mario Cuche, encargado del canal y de la serie de entrevistas denominada <em>Conversores<\/em>.<\/p>\n\n\n\n<p>\u201cLo importante es que Programa Conversor tiene como base una capacitaci\u00f3n, pero es mucho m\u00e1s que eso: es un movimiento que promueve un cambio de mentalidad y paradigma respecto del trabajo art\u00edstico en Chile, naturalizando la econom\u00eda y desarrollo sin complejos del ser econ\u00f3mico en cada artista. Por eso tambi\u00e9n abrimos el canal en el que a los creativos casi no se les pregunta por sus creaciones o sus motivaciones art\u00edsticas, sino que se enfoca en c\u00f3mo logran salir adelante econ\u00f3micamente con su trabajo art\u00edstico\u201d, complementa Horacio Silva, gestor del proyecto.<\/p>\n\n\n\n<p>Para los\/as artistas que deseen participar en estos programas de capacitaci\u00f3n gratuitos, solo deben cumplir con el requisito de asistencia presencial, previo al m\u00f3dulo en l\u00ednea.&nbsp;<\/p>\n\n\n\n<figure class=\"wp-block-embed is-type-wp-embed is-provider-programa-conversor wp-block-embed-programa-conversor\"><div class=\"wp-block-embed__wrapper\">\n<blockquote class=\"wp-embedded-content\" data-secret=\"9paJFxJshF\"><a href=\"https:\/\/www.programaconversor.com\/\">Home<\/a><\/blockquote><iframe class=\"wp-embedded-content\" sandbox=\"allow-scripts\" security=\"restricted\" style=\"position: absolute; visibility: hidden;\" title=\"\u00abHome\u00bb \u2014 Programa Conversor\" src=\"https:\/\/www.programaconversor.com\/embed\/#?secret=WedWxIq8uv#?secret=9paJFxJshF\" data-secret=\"9paJFxJshF\" width=\"600\" height=\"338\" frameborder=\"0\" marginwidth=\"0\" marginheight=\"0\" scrolling=\"no\"><\/iframe>\n<\/div><\/figure>\n\n\n\n<figure class=\"wp-block-embed is-type-video is-provider-youtube wp-block-embed-youtube wp-embed-aspect-16-9 wp-has-aspect-ratio\"><div class=\"wp-block-embed__wrapper\">\n<iframe title=\"Programa Conversor, serie Conversores, T 1 Cap 03, Gisela Verdessi: Crecer con la pintura\" width=\"800\" height=\"450\" src=\"https:\/\/www.youtube.com\/embed\/OxH8tXW4hfQ?feature=oembed\" frameborder=\"0\" allow=\"accelerometer; autoplay; clipboard-write; encrypted-media; gyroscope; picture-in-picture; web-share\" referrerpolicy=\"strict-origin-when-cross-origin\" allowfullscreen><\/iframe>\n<\/div><\/figure>\n","protected":false},"excerpt":{"rendered":"<p>El pasado viernes 12 de julio, en el Hub Creativo de Valpara\u00edso, se gener\u00f3 el lanzamiento del portal del programa Conversor, instancia formativa creada por ONG Valpara\u00edso en Colores, en colaboraci\u00f3n con Proaxis Consultores, Instituto profesional ARCOS, Valpara\u00edso Creativo y la Universidad de Valpara\u00edso.&nbsp; Conversor tiene por prop\u00f3sito entregar herramientas concretas para el sector creativo, [&hellip;]<\/p>\n","protected":false},"author":1,"featured_media":19806,"comment_status":"closed","ping_status":"closed","sticky":false,"template":"","format":"standard","meta":{"_acf_changed":false,"footnotes":""},"categories":[218],"tags":[],"class_list":["post-19805","post","type-post","status-publish","format-standard","has-post-thumbnail","hentry","category-blog"],"acf":[],"yoast_head":"<!-- This site is optimized with the Yoast SEO plugin v27.1.1 - https:\/\/yoast.com\/product\/yoast-seo-wordpress\/ -->\n<title>Valpara\u00edso Creativo y ARCOS destacan Programa Conversor que apoya a artistas en temas de emprendimiento y finanzas - Valpara\u00ed\u00adso Creativo<\/title>\n<meta name=\"robots\" content=\"index, follow, max-snippet:-1, max-image-preview:large, max-video-preview:-1\" \/>\n<link rel=\"canonical\" href=\"https:\/\/dev.antudigital.cl\/sites\/vc\/valparaiso-creativo-y-arcos-destacan-programa-conversor-que-apoya-a-artistas-en-temas-de-emprendimiento-y-finanzas\/\" \/>\n<meta property=\"og:locale\" content=\"es_ES\" \/>\n<meta property=\"og:type\" content=\"article\" \/>\n<meta property=\"og:title\" content=\"Valpara\u00edso Creativo y ARCOS destacan Programa Conversor que apoya a artistas en temas de emprendimiento y finanzas - Valpara\u00ed\u00adso Creativo\" \/>\n<meta property=\"og:description\" content=\"El pasado viernes 12 de julio, en el Hub Creativo de Valpara\u00edso, se gener\u00f3 el lanzamiento del portal del programa Conversor, instancia formativa creada por ONG Valpara\u00edso en Colores, en colaboraci\u00f3n con Proaxis Consultores, Instituto profesional ARCOS, Valpara\u00edso Creativo y la Universidad de Valpara\u00edso.&nbsp; Conversor tiene por prop\u00f3sito entregar herramientas concretas para el sector creativo, [&hellip;]\" \/>\n<meta property=\"og:url\" content=\"https:\/\/dev.antudigital.cl\/sites\/vc\/valparaiso-creativo-y-arcos-destacan-programa-conversor-que-apoya-a-artistas-en-temas-de-emprendimiento-y-finanzas\/\" \/>\n<meta property=\"og:site_name\" content=\"Valpara\u00ed\u00adso Creativo\" \/>\n<meta property=\"article:published_time\" content=\"2024-07-22T23:45:03+00:00\" \/>\n<meta property=\"article:modified_time\" content=\"2024-07-22T23:45:21+00:00\" \/>\n<meta property=\"og:image\" content=\"https:\/\/dev.antudigital.cl\/sites\/vc\/wp-content\/uploads\/2024\/07\/lanzamiento-web-CONVERSOR-2.jpg\" \/>\n\t<meta property=\"og:image:width\" content=\"1280\" \/>\n\t<meta property=\"og:image:height\" content=\"960\" \/>\n\t<meta property=\"og:image:type\" content=\"image\/jpeg\" \/>\n<meta name=\"author\" content=\"Valpara\u00edso Creativo\" \/>\n<meta name=\"twitter:card\" content=\"summary_large_image\" \/>\n<meta name=\"twitter:label1\" content=\"Escrito por\" \/>\n\t<meta name=\"twitter:data1\" content=\"Valpara\u00edso Creativo\" \/>\n\t<meta name=\"twitter:label2\" content=\"Tiempo de lectura\" \/>\n\t<meta name=\"twitter:data2\" content=\"4 minutos\" \/>\n<script type=\"application\/ld+json\" class=\"yoast-schema-graph\">{\"@context\":\"https:\/\/schema.org\",\"@graph\":[{\"@type\":\"Article\",\"@id\":\"https:\/\/dev.antudigital.cl\/sites\/vc\/valparaiso-creativo-y-arcos-destacan-programa-conversor-que-apoya-a-artistas-en-temas-de-emprendimiento-y-finanzas\/#article\",\"isPartOf\":{\"@id\":\"https:\/\/dev.antudigital.cl\/sites\/vc\/valparaiso-creativo-y-arcos-destacan-programa-conversor-que-apoya-a-artistas-en-temas-de-emprendimiento-y-finanzas\/\"},\"author\":{\"name\":\"Valpara\u00edso Creativo\",\"@id\":\"https:\/\/dev.antudigital.cl\/sites\/vc\/#\/schema\/person\/c2b9da8dd545e27166fc5ab232837318\"},\"headline\":\"Valpara\u00edso Creativo y ARCOS destacan Programa Conversor que apoya a artistas en temas de emprendimiento y finanzas\",\"datePublished\":\"2024-07-22T23:45:03+00:00\",\"dateModified\":\"2024-07-22T23:45:21+00:00\",\"mainEntityOfPage\":{\"@id\":\"https:\/\/dev.antudigital.cl\/sites\/vc\/valparaiso-creativo-y-arcos-destacan-programa-conversor-que-apoya-a-artistas-en-temas-de-emprendimiento-y-finanzas\/\"},\"wordCount\":596,\"image\":{\"@id\":\"https:\/\/dev.antudigital.cl\/sites\/vc\/valparaiso-creativo-y-arcos-destacan-programa-conversor-que-apoya-a-artistas-en-temas-de-emprendimiento-y-finanzas\/#primaryimage\"},\"thumbnailUrl\":\"https:\/\/dev.antudigital.cl\/sites\/vc\/wp-content\/uploads\/2024\/07\/lanzamiento-web-CONVERSOR-2.jpg\",\"articleSection\":[\"Blog\"],\"inLanguage\":\"es\"},{\"@type\":\"WebPage\",\"@id\":\"https:\/\/dev.antudigital.cl\/sites\/vc\/valparaiso-creativo-y-arcos-destacan-programa-conversor-que-apoya-a-artistas-en-temas-de-emprendimiento-y-finanzas\/\",\"url\":\"https:\/\/dev.antudigital.cl\/sites\/vc\/valparaiso-creativo-y-arcos-destacan-programa-conversor-que-apoya-a-artistas-en-temas-de-emprendimiento-y-finanzas\/\",\"name\":\"Valpara\u00edso Creativo y ARCOS destacan Programa Conversor que apoya a artistas en temas de emprendimiento y finanzas - Valpara\u00ed\u00adso Creativo\",\"isPartOf\":{\"@id\":\"https:\/\/dev.antudigital.cl\/sites\/vc\/#website\"},\"primaryImageOfPage\":{\"@id\":\"https:\/\/dev.antudigital.cl\/sites\/vc\/valparaiso-creativo-y-arcos-destacan-programa-conversor-que-apoya-a-artistas-en-temas-de-emprendimiento-y-finanzas\/#primaryimage\"},\"image\":{\"@id\":\"https:\/\/dev.antudigital.cl\/sites\/vc\/valparaiso-creativo-y-arcos-destacan-programa-conversor-que-apoya-a-artistas-en-temas-de-emprendimiento-y-finanzas\/#primaryimage\"},\"thumbnailUrl\":\"https:\/\/dev.antudigital.cl\/sites\/vc\/wp-content\/uploads\/2024\/07\/lanzamiento-web-CONVERSOR-2.jpg\",\"datePublished\":\"2024-07-22T23:45:03+00:00\",\"dateModified\":\"2024-07-22T23:45:21+00:00\",\"author\":{\"@id\":\"https:\/\/dev.antudigital.cl\/sites\/vc\/#\/schema\/person\/c2b9da8dd545e27166fc5ab232837318\"},\"breadcrumb\":{\"@id\":\"https:\/\/dev.antudigital.cl\/sites\/vc\/valparaiso-creativo-y-arcos-destacan-programa-conversor-que-apoya-a-artistas-en-temas-de-emprendimiento-y-finanzas\/#breadcrumb\"},\"inLanguage\":\"es\",\"potentialAction\":[{\"@type\":\"ReadAction\",\"target\":[\"https:\/\/dev.antudigital.cl\/sites\/vc\/valparaiso-creativo-y-arcos-destacan-programa-conversor-que-apoya-a-artistas-en-temas-de-emprendimiento-y-finanzas\/\"]}]},{\"@type\":\"ImageObject\",\"inLanguage\":\"es\",\"@id\":\"https:\/\/dev.antudigital.cl\/sites\/vc\/valparaiso-creativo-y-arcos-destacan-programa-conversor-que-apoya-a-artistas-en-temas-de-emprendimiento-y-finanzas\/#primaryimage\",\"url\":\"https:\/\/dev.antudigital.cl\/sites\/vc\/wp-content\/uploads\/2024\/07\/lanzamiento-web-CONVERSOR-2.jpg\",\"contentUrl\":\"https:\/\/dev.antudigital.cl\/sites\/vc\/wp-content\/uploads\/2024\/07\/lanzamiento-web-CONVERSOR-2.jpg\",\"width\":1280,\"height\":960},{\"@type\":\"BreadcrumbList\",\"@id\":\"https:\/\/dev.antudigital.cl\/sites\/vc\/valparaiso-creativo-y-arcos-destacan-programa-conversor-que-apoya-a-artistas-en-temas-de-emprendimiento-y-finanzas\/#breadcrumb\",\"itemListElement\":[{\"@type\":\"ListItem\",\"position\":1,\"name\":\"Home\",\"item\":\"https:\/\/dev.antudigital.cl\/sites\/vc\/\"},{\"@type\":\"ListItem\",\"position\":2,\"name\":\"Valpara\u00edso Creativo y ARCOS destacan Programa Conversor que apoya a artistas en temas de emprendimiento y finanzas\"}]},{\"@type\":\"WebSite\",\"@id\":\"https:\/\/dev.antudigital.cl\/sites\/vc\/#website\",\"url\":\"https:\/\/dev.antudigital.cl\/sites\/vc\/\",\"name\":\"Valpara\u00ed\u00adso Creativo\",\"description\":\"\",\"potentialAction\":[{\"@type\":\"SearchAction\",\"target\":{\"@type\":\"EntryPoint\",\"urlTemplate\":\"https:\/\/dev.antudigital.cl\/sites\/vc\/?s={search_term_string}\"},\"query-input\":{\"@type\":\"PropertyValueSpecification\",\"valueRequired\":true,\"valueName\":\"search_term_string\"}}],\"inLanguage\":\"es\"},{\"@type\":\"Person\",\"@id\":\"https:\/\/dev.antudigital.cl\/sites\/vc\/#\/schema\/person\/c2b9da8dd545e27166fc5ab232837318\",\"name\":\"Valpara\u00edso Creativo\",\"description\":\"Periodista de cultura en la Regi\u00f3n de Valpara\u00edso.\",\"url\":\"https:\/\/dev.antudigital.cl\/sites\/vc\/author\/valpoadmin\/\"}]}<\/script>\n<!-- \/ Yoast SEO plugin. -->","yoast_head_json":{"title":"Valpara\u00edso Creativo y ARCOS destacan Programa Conversor que apoya a artistas en temas de emprendimiento y finanzas - Valpara\u00ed\u00adso Creativo","robots":{"index":"index","follow":"follow","max-snippet":"max-snippet:-1","max-image-preview":"max-image-preview:large","max-video-preview":"max-video-preview:-1"},"canonical":"https:\/\/dev.antudigital.cl\/sites\/vc\/valparaiso-creativo-y-arcos-destacan-programa-conversor-que-apoya-a-artistas-en-temas-de-emprendimiento-y-finanzas\/","og_locale":"es_ES","og_type":"article","og_title":"Valpara\u00edso Creativo y ARCOS destacan Programa Conversor que apoya a artistas en temas de emprendimiento y finanzas - Valpara\u00ed\u00adso Creativo","og_description":"El pasado viernes 12 de julio, en el Hub Creativo de Valpara\u00edso, se gener\u00f3 el lanzamiento del portal del programa Conversor, instancia formativa creada por ONG Valpara\u00edso en Colores, en colaboraci\u00f3n con Proaxis Consultores, Instituto profesional ARCOS, Valpara\u00edso Creativo y la Universidad de Valpara\u00edso.&nbsp; Conversor tiene por prop\u00f3sito entregar herramientas concretas para el sector creativo, [&hellip;]","og_url":"https:\/\/dev.antudigital.cl\/sites\/vc\/valparaiso-creativo-y-arcos-destacan-programa-conversor-que-apoya-a-artistas-en-temas-de-emprendimiento-y-finanzas\/","og_site_name":"Valpara\u00ed\u00adso Creativo","article_published_time":"2024-07-22T23:45:03+00:00","article_modified_time":"2024-07-22T23:45:21+00:00","og_image":[{"width":1280,"height":960,"url":"https:\/\/dev.antudigital.cl\/sites\/vc\/wp-content\/uploads\/2024\/07\/lanzamiento-web-CONVERSOR-2.jpg","type":"image\/jpeg"}],"author":"Valpara\u00edso Creativo","twitter_card":"summary_large_image","twitter_misc":{"Escrito por":"Valpara\u00edso Creativo","Tiempo de lectura":"4 minutos"},"schema":{"@context":"https:\/\/schema.org","@graph":[{"@type":"Article","@id":"https:\/\/dev.antudigital.cl\/sites\/vc\/valparaiso-creativo-y-arcos-destacan-programa-conversor-que-apoya-a-artistas-en-temas-de-emprendimiento-y-finanzas\/#article","isPartOf":{"@id":"https:\/\/dev.antudigital.cl\/sites\/vc\/valparaiso-creativo-y-arcos-destacan-programa-conversor-que-apoya-a-artistas-en-temas-de-emprendimiento-y-finanzas\/"},"author":{"name":"Valpara\u00edso Creativo","@id":"https:\/\/dev.antudigital.cl\/sites\/vc\/#\/schema\/person\/c2b9da8dd545e27166fc5ab232837318"},"headline":"Valpara\u00edso Creativo y ARCOS destacan Programa Conversor que apoya a artistas en temas de emprendimiento y finanzas","datePublished":"2024-07-22T23:45:03+00:00","dateModified":"2024-07-22T23:45:21+00:00","mainEntityOfPage":{"@id":"https:\/\/dev.antudigital.cl\/sites\/vc\/valparaiso-creativo-y-arcos-destacan-programa-conversor-que-apoya-a-artistas-en-temas-de-emprendimiento-y-finanzas\/"},"wordCount":596,"image":{"@id":"https:\/\/dev.antudigital.cl\/sites\/vc\/valparaiso-creativo-y-arcos-destacan-programa-conversor-que-apoya-a-artistas-en-temas-de-emprendimiento-y-finanzas\/#primaryimage"},"thumbnailUrl":"https:\/\/dev.antudigital.cl\/sites\/vc\/wp-content\/uploads\/2024\/07\/lanzamiento-web-CONVERSOR-2.jpg","articleSection":["Blog"],"inLanguage":"es"},{"@type":"WebPage","@id":"https:\/\/dev.antudigital.cl\/sites\/vc\/valparaiso-creativo-y-arcos-destacan-programa-conversor-que-apoya-a-artistas-en-temas-de-emprendimiento-y-finanzas\/","url":"https:\/\/dev.antudigital.cl\/sites\/vc\/valparaiso-creativo-y-arcos-destacan-programa-conversor-que-apoya-a-artistas-en-temas-de-emprendimiento-y-finanzas\/","name":"Valpara\u00edso Creativo y ARCOS destacan Programa Conversor que apoya a artistas en temas de emprendimiento y finanzas - Valpara\u00ed\u00adso Creativo","isPartOf":{"@id":"https:\/\/dev.antudigital.cl\/sites\/vc\/#website"},"primaryImageOfPage":{"@id":"https:\/\/dev.antudigital.cl\/sites\/vc\/valparaiso-creativo-y-arcos-destacan-programa-conversor-que-apoya-a-artistas-en-temas-de-emprendimiento-y-finanzas\/#primaryimage"},"image":{"@id":"https:\/\/dev.antudigital.cl\/sites\/vc\/valparaiso-creativo-y-arcos-destacan-programa-conversor-que-apoya-a-artistas-en-temas-de-emprendimiento-y-finanzas\/#primaryimage"},"thumbnailUrl":"https:\/\/dev.antudigital.cl\/sites\/vc\/wp-content\/uploads\/2024\/07\/lanzamiento-web-CONVERSOR-2.jpg","datePublished":"2024-07-22T23:45:03+00:00","dateModified":"2024-07-22T23:45:21+00:00","author":{"@id":"https:\/\/dev.antudigital.cl\/sites\/vc\/#\/schema\/person\/c2b9da8dd545e27166fc5ab232837318"},"breadcrumb":{"@id":"https:\/\/dev.antudigital.cl\/sites\/vc\/valparaiso-creativo-y-arcos-destacan-programa-conversor-que-apoya-a-artistas-en-temas-de-emprendimiento-y-finanzas\/#breadcrumb"},"inLanguage":"es","potentialAction":[{"@type":"ReadAction","target":["https:\/\/dev.antudigital.cl\/sites\/vc\/valparaiso-creativo-y-arcos-destacan-programa-conversor-que-apoya-a-artistas-en-temas-de-emprendimiento-y-finanzas\/"]}]},{"@type":"ImageObject","inLanguage":"es","@id":"https:\/\/dev.antudigital.cl\/sites\/vc\/valparaiso-creativo-y-arcos-destacan-programa-conversor-que-apoya-a-artistas-en-temas-de-emprendimiento-y-finanzas\/#primaryimage","url":"https:\/\/dev.antudigital.cl\/sites\/vc\/wp-content\/uploads\/2024\/07\/lanzamiento-web-CONVERSOR-2.jpg","contentUrl":"https:\/\/dev.antudigital.cl\/sites\/vc\/wp-content\/uploads\/2024\/07\/lanzamiento-web-CONVERSOR-2.jpg","width":1280,"height":960},{"@type":"BreadcrumbList","@id":"https:\/\/dev.antudigital.cl\/sites\/vc\/valparaiso-creativo-y-arcos-destacan-programa-conversor-que-apoya-a-artistas-en-temas-de-emprendimiento-y-finanzas\/#breadcrumb","itemListElement":[{"@type":"ListItem","position":1,"name":"Home","item":"https:\/\/dev.antudigital.cl\/sites\/vc\/"},{"@type":"ListItem","position":2,"name":"Valpara\u00edso Creativo y ARCOS destacan Programa Conversor que apoya a artistas en temas de emprendimiento y finanzas"}]},{"@type":"WebSite","@id":"https:\/\/dev.antudigital.cl\/sites\/vc\/#website","url":"https:\/\/dev.antudigital.cl\/sites\/vc\/","name":"Valpara\u00ed\u00adso Creativo","description":"","potentialAction":[{"@type":"SearchAction","target":{"@type":"EntryPoint","urlTemplate":"https:\/\/dev.antudigital.cl\/sites\/vc\/?s={search_term_string}"},"query-input":{"@type":"PropertyValueSpecification","valueRequired":true,"valueName":"search_term_string"}}],"inLanguage":"es"},{"@type":"Person","@id":"https:\/\/dev.antudigital.cl\/sites\/vc\/#\/schema\/person\/c2b9da8dd545e27166fc5ab232837318","name":"Valpara\u00edso Creativo","description":"Periodista de cultura en la Regi\u00f3n de Valpara\u00edso.","url":"https:\/\/dev.antudigital.cl\/sites\/vc\/author\/valpoadmin\/"}]}},"_links":{"self":[{"href":"https:\/\/dev.antudigital.cl\/sites\/vc\/wp-json\/wp\/v2\/posts\/19805","targetHints":{"allow":["GET"]}}],"collection":[{"href":"https:\/\/dev.antudigital.cl\/sites\/vc\/wp-json\/wp\/v2\/posts"}],"about":[{"href":"https:\/\/dev.antudigital.cl\/sites\/vc\/wp-json\/wp\/v2\/types\/post"}],"author":[{"embeddable":true,"href":"https:\/\/dev.antudigital.cl\/sites\/vc\/wp-json\/wp\/v2\/users\/1"}],"replies":[{"embeddable":true,"href":"https:\/\/dev.antudigital.cl\/sites\/vc\/wp-json\/wp\/v2\/comments?post=19805"}],"version-history":[{"count":1,"href":"https:\/\/dev.antudigital.cl\/sites\/vc\/wp-json\/wp\/v2\/posts\/19805\/revisions"}],"predecessor-version":[{"id":19809,"href":"https:\/\/dev.antudigital.cl\/sites\/vc\/wp-json\/wp\/v2\/posts\/19805\/revisions\/19809"}],"wp:featuredmedia":[{"embeddable":true,"href":"https:\/\/dev.antudigital.cl\/sites\/vc\/wp-json\/wp\/v2\/media\/19806"}],"wp:attachment":[{"href":"https:\/\/dev.antudigital.cl\/sites\/vc\/wp-json\/wp\/v2\/media?parent=19805"}],"wp:term":[{"taxonomy":"category","embeddable":true,"href":"https:\/\/dev.antudigital.cl\/sites\/vc\/wp-json\/wp\/v2\/categories?post=19805"},{"taxonomy":"post_tag","embeddable":true,"href":"https:\/\/dev.antudigital.cl\/sites\/vc\/wp-json\/wp\/v2\/tags?post=19805"}],"curies":[{"name":"wp","href":"https:\/\/api.w.org\/{rel}","templated":true}]}}