{"id":19810,"date":"2024-07-23T00:01:58","date_gmt":"2024-07-23T00:01:58","guid":{"rendered":"https:\/\/www.valparaisocreativo.cl\/?p=19810"},"modified":"2024-07-23T00:02:17","modified_gmt":"2024-07-23T00:02:17","slug":"convocatoria-corfo-abierta-innova-region","status":"publish","type":"post","link":"https:\/\/dev.antudigital.cl\/sites\/vc\/convocatoria-corfo-abierta-innova-region\/","title":{"rendered":"Convocatoria Corfo abierta: Innova Regi\u00f3n"},"content":{"rendered":"\n<p>Disponible hasta el 15 de agosto.<\/p>\n\n\n\n<h1 class=\"wp-block-heading\">\u00bfQu\u00e9 es?<\/h1>\n\n\n\n<p>Apoyar el desarrollo de nuevos o mejorados productos (bienes o servicios) y\/o procesos desde la fase de prototipo, hasta la fase de validaci\u00f3n t\u00e9cnica a escala productiva y\/o validaci\u00f3n comercial, que aporten a la econom\u00eda regional y fortalezcan las capacidades de innovaci\u00f3n en la empresa.<\/p>\n\n\n\n<h2 class=\"wp-block-heading\">\u00bfQui\u00e9nes pueden postular?<\/h2>\n\n\n\n<p>Personas jur\u00eddicas constituidas en Chile<\/p>\n\n\n\n<p>Personas naturales con, a lo menos, 18 a\u00f1os cumplidos al momento de postular.<\/p>\n\n\n\n<p><a href=\"https:\/\/www.corfo.cl\/sites\/cpp\/convocatorias\/innova_region_valparaiso#legales\">Bases legales<\/a><\/p>\n\n\n\n<p>Adem\u00e1s, al momento de la postulaci\u00f3n, en relaci\u00f3n con el beneficiario, se deber\u00e1 cumplir con los siguientes requisitos:<\/p>\n\n\n\n<ul class=\"wp-block-list\">\n<li>Haber transcurrido, a lo menos, 18 meses, contados desde la fecha de inicio de actividades en un giro empresarial de primera categor\u00eda, de conformidad con lo establecido en el art\u00edculo 20 de la Ley de Impuesto a la Renta (D.L. 824, de 1974), el cual debe encontrarse vigente.<\/li>\n\n\n\n<li>Acreditar ingresos por ventas dentro de los 18 meses previos a la postulaci\u00f3n (no necesariamente en todos los meses).<\/li>\n<\/ul>\n\n\n\n<p><\/p>\n\n\n\n<p><strong>InnovaChile cofinanciar\u00e1 los proyectos con un tope de hasta $60.000.000.- (sesenta millones de pesos).<\/strong><\/p>\n\n\n\n<p>Se financiar\u00e1 un porcentaje del costo total del proyecto, dependiendo de los ingresos por ventas del beneficiario:<\/p>\n\n\n\n<ul class=\"wp-block-list\">\n<li>Empresa Micro y peque\u00f1a (ventas por hasta 25.000 UF anual): hasta 80%<\/li>\n\n\n\n<li>Empresa Mediana (ventas por sobre 25.000 UF y hasta 100.000 UF anual) hasta 60%<\/li>\n\n\n\n<li>Empresa Grande (ventas por sobre 100.000 UF anual) hasta 40%<\/li>\n<\/ul>\n\n\n\n<p>&#8211; Aumento de hasta un 10 % m\u00e1s de cofinanciamiento para \u201cEmpresas lideradas por mujeres\u201d.<\/p>\n\n\n\n<p>&#8211; Beneficio para PYMES que cuenten con el \u00abSello 40 horas\u00bb.<\/p>\n\n\n\n<p><strong><a href=\"https:\/\/www.corfo.cl\/sites\/cpp\/convocatorias\/innova_region_valparaiso\">Revisa todos los detalles aqu\u00ed.<\/a><\/strong><\/p>\n","protected":false},"excerpt":{"rendered":"<p>Disponible hasta el 15 de agosto. \u00bfQu\u00e9 es? Apoyar el desarrollo de nuevos o mejorados productos (bienes o servicios) y\/o procesos desde la fase de prototipo, hasta la fase de validaci\u00f3n t\u00e9cnica a escala productiva y\/o validaci\u00f3n comercial, que aporten a la econom\u00eda regional y fortalezcan las capacidades de innovaci\u00f3n en la empresa. \u00bfQui\u00e9nes pueden [&hellip;]<\/p>\n","protected":false},"author":1,"featured_media":19447,"comment_status":"closed","ping_status":"closed","sticky":false,"template":"","format":"standard","meta":{"_acf_changed":false,"footnotes":""},"categories":[8],"tags":[],"class_list":["post-19810","post","type-post","status-publish","format-standard","has-post-thumbnail","hentry","category-noticia"],"acf":[],"yoast_head":"<!-- This site is optimized with the Yoast SEO plugin v27.1.1 - https:\/\/yoast.com\/product\/yoast-seo-wordpress\/ -->\n<title>Convocatoria Corfo abierta: Innova Regi\u00f3n - Valpara\u00ed\u00adso Creativo<\/title>\n<meta name=\"robots\" content=\"index, follow, max-snippet:-1, max-image-preview:large, max-video-preview:-1\" \/>\n<link rel=\"canonical\" href=\"https:\/\/dev.antudigital.cl\/sites\/vc\/convocatoria-corfo-abierta-innova-region\/\" \/>\n<meta property=\"og:locale\" content=\"es_ES\" \/>\n<meta property=\"og:type\" content=\"article\" \/>\n<meta property=\"og:title\" content=\"Convocatoria Corfo abierta: Innova Regi\u00f3n - Valpara\u00ed\u00adso Creativo\" \/>\n<meta property=\"og:description\" content=\"Disponible hasta el 15 de agosto. \u00bfQu\u00e9 es? Apoyar el desarrollo de nuevos o mejorados productos (bienes o servicios) y\/o procesos desde la fase de prototipo, hasta la fase de validaci\u00f3n t\u00e9cnica a escala productiva y\/o validaci\u00f3n comercial, que aporten a la econom\u00eda regional y fortalezcan las capacidades de innovaci\u00f3n en la empresa. \u00bfQui\u00e9nes pueden [&hellip;]\" \/>\n<meta property=\"og:url\" content=\"https:\/\/dev.antudigital.cl\/sites\/vc\/convocatoria-corfo-abierta-innova-region\/\" \/>\n<meta property=\"og:site_name\" content=\"Valpara\u00ed\u00adso Creativo\" \/>\n<meta property=\"article:published_time\" content=\"2024-07-23T00:01:58+00:00\" \/>\n<meta property=\"article:modified_time\" content=\"2024-07-23T00:02:17+00:00\" \/>\n<meta property=\"og:image\" content=\"https:\/\/dev.antudigital.cl\/sites\/vc\/wp-content\/uploads\/2024\/06\/Captura-de-Pantalla-2024-06-17-a-las-22.43.33.png\" \/>\n\t<meta property=\"og:image:width\" content=\"546\" \/>\n\t<meta property=\"og:image:height\" content=\"166\" \/>\n\t<meta property=\"og:image:type\" content=\"image\/png\" \/>\n<meta name=\"author\" content=\"Valpara\u00edso Creativo\" \/>\n<meta name=\"twitter:card\" content=\"summary_large_image\" \/>\n<meta name=\"twitter:label1\" content=\"Escrito por\" \/>\n\t<meta name=\"twitter:data1\" content=\"Valpara\u00edso Creativo\" \/>\n\t<meta name=\"twitter:label2\" content=\"Tiempo de lectura\" \/>\n\t<meta name=\"twitter:data2\" content=\"2 minutos\" \/>\n<script type=\"application\/ld+json\" class=\"yoast-schema-graph\">{\"@context\":\"https:\/\/schema.org\",\"@graph\":[{\"@type\":\"Article\",\"@id\":\"https:\/\/dev.antudigital.cl\/sites\/vc\/convocatoria-corfo-abierta-innova-region\/#article\",\"isPartOf\":{\"@id\":\"https:\/\/dev.antudigital.cl\/sites\/vc\/convocatoria-corfo-abierta-innova-region\/\"},\"author\":{\"name\":\"Valpara\u00edso Creativo\",\"@id\":\"https:\/\/dev.antudigital.cl\/sites\/vc\/#\/schema\/person\/c2b9da8dd545e27166fc5ab232837318\"},\"headline\":\"Convocatoria Corfo abierta: Innova Regi\u00f3n\",\"datePublished\":\"2024-07-23T00:01:58+00:00\",\"dateModified\":\"2024-07-23T00:02:17+00:00\",\"mainEntityOfPage\":{\"@id\":\"https:\/\/dev.antudigital.cl\/sites\/vc\/convocatoria-corfo-abierta-innova-region\/\"},\"wordCount\":267,\"image\":{\"@id\":\"https:\/\/dev.antudigital.cl\/sites\/vc\/convocatoria-corfo-abierta-innova-region\/#primaryimage\"},\"thumbnailUrl\":\"https:\/\/dev.antudigital.cl\/sites\/vc\/wp-content\/uploads\/2024\/06\/Captura-de-Pantalla-2024-06-17-a-las-22.43.33.png\",\"articleSection\":[\"Noticia\"],\"inLanguage\":\"es\"},{\"@type\":\"WebPage\",\"@id\":\"https:\/\/dev.antudigital.cl\/sites\/vc\/convocatoria-corfo-abierta-innova-region\/\",\"url\":\"https:\/\/dev.antudigital.cl\/sites\/vc\/convocatoria-corfo-abierta-innova-region\/\",\"name\":\"Convocatoria Corfo abierta: Innova Regi\u00f3n - Valpara\u00ed\u00adso Creativo\",\"isPartOf\":{\"@id\":\"https:\/\/dev.antudigital.cl\/sites\/vc\/#website\"},\"primaryImageOfPage\":{\"@id\":\"https:\/\/dev.antudigital.cl\/sites\/vc\/convocatoria-corfo-abierta-innova-region\/#primaryimage\"},\"image\":{\"@id\":\"https:\/\/dev.antudigital.cl\/sites\/vc\/convocatoria-corfo-abierta-innova-region\/#primaryimage\"},\"thumbnailUrl\":\"https:\/\/dev.antudigital.cl\/sites\/vc\/wp-content\/uploads\/2024\/06\/Captura-de-Pantalla-2024-06-17-a-las-22.43.33.png\",\"datePublished\":\"2024-07-23T00:01:58+00:00\",\"dateModified\":\"2024-07-23T00:02:17+00:00\",\"author\":{\"@id\":\"https:\/\/dev.antudigital.cl\/sites\/vc\/#\/schema\/person\/c2b9da8dd545e27166fc5ab232837318\"},\"breadcrumb\":{\"@id\":\"https:\/\/dev.antudigital.cl\/sites\/vc\/convocatoria-corfo-abierta-innova-region\/#breadcrumb\"},\"inLanguage\":\"es\",\"potentialAction\":[{\"@type\":\"ReadAction\",\"target\":[\"https:\/\/dev.antudigital.cl\/sites\/vc\/convocatoria-corfo-abierta-innova-region\/\"]}]},{\"@type\":\"ImageObject\",\"inLanguage\":\"es\",\"@id\":\"https:\/\/dev.antudigital.cl\/sites\/vc\/convocatoria-corfo-abierta-innova-region\/#primaryimage\",\"url\":\"https:\/\/dev.antudigital.cl\/sites\/vc\/wp-content\/uploads\/2024\/06\/Captura-de-Pantalla-2024-06-17-a-las-22.43.33.png\",\"contentUrl\":\"https:\/\/dev.antudigital.cl\/sites\/vc\/wp-content\/uploads\/2024\/06\/Captura-de-Pantalla-2024-06-17-a-las-22.43.33.png\",\"width\":546,\"height\":166},{\"@type\":\"BreadcrumbList\",\"@id\":\"https:\/\/dev.antudigital.cl\/sites\/vc\/convocatoria-corfo-abierta-innova-region\/#breadcrumb\",\"itemListElement\":[{\"@type\":\"ListItem\",\"position\":1,\"name\":\"Home\",\"item\":\"https:\/\/dev.antudigital.cl\/sites\/vc\/\"},{\"@type\":\"ListItem\",\"position\":2,\"name\":\"Convocatoria Corfo abierta: Innova Regi\u00f3n\"}]},{\"@type\":\"WebSite\",\"@id\":\"https:\/\/dev.antudigital.cl\/sites\/vc\/#website\",\"url\":\"https:\/\/dev.antudigital.cl\/sites\/vc\/\",\"name\":\"Valpara\u00ed\u00adso Creativo\",\"description\":\"\",\"potentialAction\":[{\"@type\":\"SearchAction\",\"target\":{\"@type\":\"EntryPoint\",\"urlTemplate\":\"https:\/\/dev.antudigital.cl\/sites\/vc\/?s={search_term_string}\"},\"query-input\":{\"@type\":\"PropertyValueSpecification\",\"valueRequired\":true,\"valueName\":\"search_term_string\"}}],\"inLanguage\":\"es\"},{\"@type\":\"Person\",\"@id\":\"https:\/\/dev.antudigital.cl\/sites\/vc\/#\/schema\/person\/c2b9da8dd545e27166fc5ab232837318\",\"name\":\"Valpara\u00edso Creativo\",\"description\":\"Periodista de cultura en la Regi\u00f3n de Valpara\u00edso.\",\"url\":\"https:\/\/dev.antudigital.cl\/sites\/vc\/author\/valpoadmin\/\"}]}<\/script>\n<!-- \/ Yoast SEO plugin. -->","yoast_head_json":{"title":"Convocatoria Corfo abierta: Innova Regi\u00f3n - Valpara\u00ed\u00adso Creativo","robots":{"index":"index","follow":"follow","max-snippet":"max-snippet:-1","max-image-preview":"max-image-preview:large","max-video-preview":"max-video-preview:-1"},"canonical":"https:\/\/dev.antudigital.cl\/sites\/vc\/convocatoria-corfo-abierta-innova-region\/","og_locale":"es_ES","og_type":"article","og_title":"Convocatoria Corfo abierta: Innova Regi\u00f3n - Valpara\u00ed\u00adso Creativo","og_description":"Disponible hasta el 15 de agosto. \u00bfQu\u00e9 es? Apoyar el desarrollo de nuevos o mejorados productos (bienes o servicios) y\/o procesos desde la fase de prototipo, hasta la fase de validaci\u00f3n t\u00e9cnica a escala productiva y\/o validaci\u00f3n comercial, que aporten a la econom\u00eda regional y fortalezcan las capacidades de innovaci\u00f3n en la empresa. \u00bfQui\u00e9nes pueden [&hellip;]","og_url":"https:\/\/dev.antudigital.cl\/sites\/vc\/convocatoria-corfo-abierta-innova-region\/","og_site_name":"Valpara\u00ed\u00adso Creativo","article_published_time":"2024-07-23T00:01:58+00:00","article_modified_time":"2024-07-23T00:02:17+00:00","og_image":[{"width":546,"height":166,"url":"https:\/\/dev.antudigital.cl\/sites\/vc\/wp-content\/uploads\/2024\/06\/Captura-de-Pantalla-2024-06-17-a-las-22.43.33.png","type":"image\/png"}],"author":"Valpara\u00edso Creativo","twitter_card":"summary_large_image","twitter_misc":{"Escrito por":"Valpara\u00edso Creativo","Tiempo de lectura":"2 minutos"},"schema":{"@context":"https:\/\/schema.org","@graph":[{"@type":"Article","@id":"https:\/\/dev.antudigital.cl\/sites\/vc\/convocatoria-corfo-abierta-innova-region\/#article","isPartOf":{"@id":"https:\/\/dev.antudigital.cl\/sites\/vc\/convocatoria-corfo-abierta-innova-region\/"},"author":{"name":"Valpara\u00edso Creativo","@id":"https:\/\/dev.antudigital.cl\/sites\/vc\/#\/schema\/person\/c2b9da8dd545e27166fc5ab232837318"},"headline":"Convocatoria Corfo abierta: Innova Regi\u00f3n","datePublished":"2024-07-23T00:01:58+00:00","dateModified":"2024-07-23T00:02:17+00:00","mainEntityOfPage":{"@id":"https:\/\/dev.antudigital.cl\/sites\/vc\/convocatoria-corfo-abierta-innova-region\/"},"wordCount":267,"image":{"@id":"https:\/\/dev.antudigital.cl\/sites\/vc\/convocatoria-corfo-abierta-innova-region\/#primaryimage"},"thumbnailUrl":"https:\/\/dev.antudigital.cl\/sites\/vc\/wp-content\/uploads\/2024\/06\/Captura-de-Pantalla-2024-06-17-a-las-22.43.33.png","articleSection":["Noticia"],"inLanguage":"es"},{"@type":"WebPage","@id":"https:\/\/dev.antudigital.cl\/sites\/vc\/convocatoria-corfo-abierta-innova-region\/","url":"https:\/\/dev.antudigital.cl\/sites\/vc\/convocatoria-corfo-abierta-innova-region\/","name":"Convocatoria Corfo abierta: Innova Regi\u00f3n - Valpara\u00ed\u00adso Creativo","isPartOf":{"@id":"https:\/\/dev.antudigital.cl\/sites\/vc\/#website"},"primaryImageOfPage":{"@id":"https:\/\/dev.antudigital.cl\/sites\/vc\/convocatoria-corfo-abierta-innova-region\/#primaryimage"},"image":{"@id":"https:\/\/dev.antudigital.cl\/sites\/vc\/convocatoria-corfo-abierta-innova-region\/#primaryimage"},"thumbnailUrl":"https:\/\/dev.antudigital.cl\/sites\/vc\/wp-content\/uploads\/2024\/06\/Captura-de-Pantalla-2024-06-17-a-las-22.43.33.png","datePublished":"2024-07-23T00:01:58+00:00","dateModified":"2024-07-23T00:02:17+00:00","author":{"@id":"https:\/\/dev.antudigital.cl\/sites\/vc\/#\/schema\/person\/c2b9da8dd545e27166fc5ab232837318"},"breadcrumb":{"@id":"https:\/\/dev.antudigital.cl\/sites\/vc\/convocatoria-corfo-abierta-innova-region\/#breadcrumb"},"inLanguage":"es","potentialAction":[{"@type":"ReadAction","target":["https:\/\/dev.antudigital.cl\/sites\/vc\/convocatoria-corfo-abierta-innova-region\/"]}]},{"@type":"ImageObject","inLanguage":"es","@id":"https:\/\/dev.antudigital.cl\/sites\/vc\/convocatoria-corfo-abierta-innova-region\/#primaryimage","url":"https:\/\/dev.antudigital.cl\/sites\/vc\/wp-content\/uploads\/2024\/06\/Captura-de-Pantalla-2024-06-17-a-las-22.43.33.png","contentUrl":"https:\/\/dev.antudigital.cl\/sites\/vc\/wp-content\/uploads\/2024\/06\/Captura-de-Pantalla-2024-06-17-a-las-22.43.33.png","width":546,"height":166},{"@type":"BreadcrumbList","@id":"https:\/\/dev.antudigital.cl\/sites\/vc\/convocatoria-corfo-abierta-innova-region\/#breadcrumb","itemListElement":[{"@type":"ListItem","position":1,"name":"Home","item":"https:\/\/dev.antudigital.cl\/sites\/vc\/"},{"@type":"ListItem","position":2,"name":"Convocatoria Corfo abierta: Innova Regi\u00f3n"}]},{"@type":"WebSite","@id":"https:\/\/dev.antudigital.cl\/sites\/vc\/#website","url":"https:\/\/dev.antudigital.cl\/sites\/vc\/","name":"Valpara\u00ed\u00adso Creativo","description":"","potentialAction":[{"@type":"SearchAction","target":{"@type":"EntryPoint","urlTemplate":"https:\/\/dev.antudigital.cl\/sites\/vc\/?s={search_term_string}"},"query-input":{"@type":"PropertyValueSpecification","valueRequired":true,"valueName":"search_term_string"}}],"inLanguage":"es"},{"@type":"Person","@id":"https:\/\/dev.antudigital.cl\/sites\/vc\/#\/schema\/person\/c2b9da8dd545e27166fc5ab232837318","name":"Valpara\u00edso Creativo","description":"Periodista de cultura en la Regi\u00f3n de Valpara\u00edso.","url":"https:\/\/dev.antudigital.cl\/sites\/vc\/author\/valpoadmin\/"}]}},"_links":{"self":[{"href":"https:\/\/dev.antudigital.cl\/sites\/vc\/wp-json\/wp\/v2\/posts\/19810","targetHints":{"allow":["GET"]}}],"collection":[{"href":"https:\/\/dev.antudigital.cl\/sites\/vc\/wp-json\/wp\/v2\/posts"}],"about":[{"href":"https:\/\/dev.antudigital.cl\/sites\/vc\/wp-json\/wp\/v2\/types\/post"}],"author":[{"embeddable":true,"href":"https:\/\/dev.antudigital.cl\/sites\/vc\/wp-json\/wp\/v2\/users\/1"}],"replies":[{"embeddable":true,"href":"https:\/\/dev.antudigital.cl\/sites\/vc\/wp-json\/wp\/v2\/comments?post=19810"}],"version-history":[{"count":1,"href":"https:\/\/dev.antudigital.cl\/sites\/vc\/wp-json\/wp\/v2\/posts\/19810\/revisions"}],"predecessor-version":[{"id":19811,"href":"https:\/\/dev.antudigital.cl\/sites\/vc\/wp-json\/wp\/v2\/posts\/19810\/revisions\/19811"}],"wp:featuredmedia":[{"embeddable":true,"href":"https:\/\/dev.antudigital.cl\/sites\/vc\/wp-json\/wp\/v2\/media\/19447"}],"wp:attachment":[{"href":"https:\/\/dev.antudigital.cl\/sites\/vc\/wp-json\/wp\/v2\/media?parent=19810"}],"wp:term":[{"taxonomy":"category","embeddable":true,"href":"https:\/\/dev.antudigital.cl\/sites\/vc\/wp-json\/wp\/v2\/categories?post=19810"},{"taxonomy":"post_tag","embeddable":true,"href":"https:\/\/dev.antudigital.cl\/sites\/vc\/wp-json\/wp\/v2\/tags?post=19810"}],"curies":[{"name":"wp","href":"https:\/\/api.w.org\/{rel}","templated":true}]}}