{"id":19812,"date":"2024-07-23T00:06:19","date_gmt":"2024-07-23T00:06:19","guid":{"rendered":"https:\/\/www.valparaisocreativo.cl\/?p=19812"},"modified":"2024-07-23T00:06:33","modified_gmt":"2024-07-23T00:06:33","slug":"programa-fortalecimiento-de-organizaciones-nacionales","status":"publish","type":"post","link":"https:\/\/dev.antudigital.cl\/sites\/vc\/programa-fortalecimiento-de-organizaciones-nacionales\/","title":{"rendered":"Programa Fortalecimiento de Organizaciones Nacionales"},"content":{"rendered":"\n<h3 class=\"wp-block-heading\">\u00bfQu\u00e9 es?<\/h3>\n\n\n\n<p>Es un fondo concursable que busca fortalecer la asociatividad y capacidad de gesti\u00f3n de las confederaciones y federaciones de micro y peque\u00f1os empresarios, gremios y cooperativas, institutos auxiliares y asociaciones gremiales de car\u00e1cter nacional, ya existentes en el pa\u00eds, poniendo especial \u00e9nfasis en \u00e1mbitos como la asociatividad, sustentabilidad, internacionalizaci\u00f3n y enfoque de g\u00e9nero.<\/p>\n\n\n\n<h3 class=\"wp-block-heading\">\u00bfQu\u00e9 apoyo entrega?<\/h3>\n\n\n\n<p>Otorga un financiamiento no reembolsable de hasta $20.000.000, destinado a desarrollar actividades que permitan a la organizaci\u00f3n fortalecer su asociatividad, capacidad de gesti\u00f3n, representatividad a nivel nacional, y generaci\u00f3n o desarrollo de servicios para sus asociados, as\u00ed como la realizaci\u00f3n de actividades que apunten a fortalecer el quehacer de los gremios nacionales en el pa\u00eds.<br>Cada organizaci\u00f3n seleccionada deber\u00e1 realizar un co-aporte equivalente al 10% del monto del subsidio Sercotec.<\/p>\n\n\n\n<h3 class=\"wp-block-heading\">\u00bfA qui\u00e9nes va dirigido?<\/h3>\n\n\n\n<p>El programa est\u00e1 dirigido a confederaciones, federaciones o asociaciones gremiales de car\u00e1cter nacional, e institutos auxiliares vigentes. Se entender\u00e1 que poseen el car\u00e1cter nacional aquellas organizaciones cuyos socios (federaciones o asociaciones gremiales) tengan domicilio en m\u00e1s de una regi\u00f3n.<\/p>\n\n\n\n<h3 class=\"wp-block-heading\">\u00bfC\u00f3mo postular?<\/h3>\n\n\n\n<ul class=\"wp-block-list\">\n<li><strong>Paso 1.\u00a0<\/strong>Descargar y leer detenidamente las bases y anexos de la convocatoria.<\/li>\n\n\n\n<li><strong>Paso 2.\u00a0<\/strong>Registrarse como usuario o usuaria de Sercotec y vincular a la organizaci\u00f3n postulante con su perfil en la opci\u00f3n \u201cMis Organizaciones\u201d.<\/li>\n\n\n\n<li><strong>Paso 3.\u00a0<\/strong>Completar y enviar el formulario de postulaci\u00f3n con los documentos requeridos, verificando que cumplan con el formato y contenido solicitados, en el plazo establecido.<\/li>\n<\/ul>\n\n\n\n<p><a href=\"https:\/\/www.sercotec.cl\/gremios-nacionales\/\"><strong>Revisa los detalles y postula aqu\u00ed.<\/strong><\/a><\/p>\n","protected":false},"excerpt":{"rendered":"<p>\u00bfQu\u00e9 es? Es un fondo concursable que busca fortalecer la asociatividad y capacidad de gesti\u00f3n de las confederaciones y federaciones de micro y peque\u00f1os empresarios, gremios y cooperativas, institutos auxiliares y asociaciones gremiales de car\u00e1cter nacional, ya existentes en el pa\u00eds, poniendo especial \u00e9nfasis en \u00e1mbitos como la asociatividad, sustentabilidad, internacionalizaci\u00f3n y enfoque de g\u00e9nero. [&hellip;]<\/p>\n","protected":false},"author":1,"featured_media":19813,"comment_status":"closed","ping_status":"closed","sticky":false,"template":"","format":"standard","meta":{"_acf_changed":false,"footnotes":""},"categories":[8],"tags":[],"class_list":["post-19812","post","type-post","status-publish","format-standard","has-post-thumbnail","hentry","category-noticia"],"acf":[],"yoast_head":"<!-- This site is optimized with the Yoast SEO plugin v27.1.1 - https:\/\/yoast.com\/product\/yoast-seo-wordpress\/ -->\n<title>Programa Fortalecimiento de Organizaciones Nacionales - Valpara\u00ed\u00adso Creativo<\/title>\n<meta name=\"robots\" content=\"index, follow, max-snippet:-1, max-image-preview:large, max-video-preview:-1\" \/>\n<link rel=\"canonical\" href=\"https:\/\/dev.antudigital.cl\/sites\/vc\/programa-fortalecimiento-de-organizaciones-nacionales\/\" \/>\n<meta property=\"og:locale\" content=\"es_ES\" \/>\n<meta property=\"og:type\" content=\"article\" \/>\n<meta property=\"og:title\" content=\"Programa Fortalecimiento de Organizaciones Nacionales - Valpara\u00ed\u00adso Creativo\" \/>\n<meta property=\"og:description\" content=\"\u00bfQu\u00e9 es? Es un fondo concursable que busca fortalecer la asociatividad y capacidad de gesti\u00f3n de las confederaciones y federaciones de micro y peque\u00f1os empresarios, gremios y cooperativas, institutos auxiliares y asociaciones gremiales de car\u00e1cter nacional, ya existentes en el pa\u00eds, poniendo especial \u00e9nfasis en \u00e1mbitos como la asociatividad, sustentabilidad, internacionalizaci\u00f3n y enfoque de g\u00e9nero. [&hellip;]\" \/>\n<meta property=\"og:url\" content=\"https:\/\/dev.antudigital.cl\/sites\/vc\/programa-fortalecimiento-de-organizaciones-nacionales\/\" \/>\n<meta property=\"og:site_name\" content=\"Valpara\u00ed\u00adso Creativo\" \/>\n<meta property=\"article:published_time\" content=\"2024-07-23T00:06:19+00:00\" \/>\n<meta property=\"article:modified_time\" content=\"2024-07-23T00:06:33+00:00\" \/>\n<meta property=\"og:image\" content=\"https:\/\/dev.antudigital.cl\/sites\/vc\/wp-content\/uploads\/2024\/07\/Captura-de-Pantalla-2024-07-22-a-las-20.05.25.png\" \/>\n\t<meta property=\"og:image:width\" content=\"1054\" \/>\n\t<meta property=\"og:image:height\" content=\"202\" \/>\n\t<meta property=\"og:image:type\" content=\"image\/png\" \/>\n<meta name=\"author\" content=\"Valpara\u00edso Creativo\" \/>\n<meta name=\"twitter:card\" content=\"summary_large_image\" \/>\n<meta name=\"twitter:label1\" content=\"Escrito por\" \/>\n\t<meta name=\"twitter:data1\" content=\"Valpara\u00edso Creativo\" \/>\n\t<meta name=\"twitter:label2\" content=\"Tiempo de lectura\" \/>\n\t<meta name=\"twitter:data2\" content=\"2 minutos\" \/>\n<script type=\"application\/ld+json\" class=\"yoast-schema-graph\">{\"@context\":\"https:\/\/schema.org\",\"@graph\":[{\"@type\":\"Article\",\"@id\":\"https:\/\/dev.antudigital.cl\/sites\/vc\/programa-fortalecimiento-de-organizaciones-nacionales\/#article\",\"isPartOf\":{\"@id\":\"https:\/\/dev.antudigital.cl\/sites\/vc\/programa-fortalecimiento-de-organizaciones-nacionales\/\"},\"author\":{\"name\":\"Valpara\u00edso Creativo\",\"@id\":\"https:\/\/dev.antudigital.cl\/sites\/vc\/#\/schema\/person\/c2b9da8dd545e27166fc5ab232837318\"},\"headline\":\"Programa Fortalecimiento de Organizaciones Nacionales\",\"datePublished\":\"2024-07-23T00:06:19+00:00\",\"dateModified\":\"2024-07-23T00:06:33+00:00\",\"mainEntityOfPage\":{\"@id\":\"https:\/\/dev.antudigital.cl\/sites\/vc\/programa-fortalecimiento-de-organizaciones-nacionales\/\"},\"wordCount\":262,\"image\":{\"@id\":\"https:\/\/dev.antudigital.cl\/sites\/vc\/programa-fortalecimiento-de-organizaciones-nacionales\/#primaryimage\"},\"thumbnailUrl\":\"https:\/\/dev.antudigital.cl\/sites\/vc\/wp-content\/uploads\/2024\/07\/Captura-de-Pantalla-2024-07-22-a-las-20.05.25.png\",\"articleSection\":[\"Noticia\"],\"inLanguage\":\"es\"},{\"@type\":\"WebPage\",\"@id\":\"https:\/\/dev.antudigital.cl\/sites\/vc\/programa-fortalecimiento-de-organizaciones-nacionales\/\",\"url\":\"https:\/\/dev.antudigital.cl\/sites\/vc\/programa-fortalecimiento-de-organizaciones-nacionales\/\",\"name\":\"Programa Fortalecimiento de Organizaciones Nacionales - Valpara\u00ed\u00adso Creativo\",\"isPartOf\":{\"@id\":\"https:\/\/dev.antudigital.cl\/sites\/vc\/#website\"},\"primaryImageOfPage\":{\"@id\":\"https:\/\/dev.antudigital.cl\/sites\/vc\/programa-fortalecimiento-de-organizaciones-nacionales\/#primaryimage\"},\"image\":{\"@id\":\"https:\/\/dev.antudigital.cl\/sites\/vc\/programa-fortalecimiento-de-organizaciones-nacionales\/#primaryimage\"},\"thumbnailUrl\":\"https:\/\/dev.antudigital.cl\/sites\/vc\/wp-content\/uploads\/2024\/07\/Captura-de-Pantalla-2024-07-22-a-las-20.05.25.png\",\"datePublished\":\"2024-07-23T00:06:19+00:00\",\"dateModified\":\"2024-07-23T00:06:33+00:00\",\"author\":{\"@id\":\"https:\/\/dev.antudigital.cl\/sites\/vc\/#\/schema\/person\/c2b9da8dd545e27166fc5ab232837318\"},\"breadcrumb\":{\"@id\":\"https:\/\/dev.antudigital.cl\/sites\/vc\/programa-fortalecimiento-de-organizaciones-nacionales\/#breadcrumb\"},\"inLanguage\":\"es\",\"potentialAction\":[{\"@type\":\"ReadAction\",\"target\":[\"https:\/\/dev.antudigital.cl\/sites\/vc\/programa-fortalecimiento-de-organizaciones-nacionales\/\"]}]},{\"@type\":\"ImageObject\",\"inLanguage\":\"es\",\"@id\":\"https:\/\/dev.antudigital.cl\/sites\/vc\/programa-fortalecimiento-de-organizaciones-nacionales\/#primaryimage\",\"url\":\"https:\/\/dev.antudigital.cl\/sites\/vc\/wp-content\/uploads\/2024\/07\/Captura-de-Pantalla-2024-07-22-a-las-20.05.25.png\",\"contentUrl\":\"https:\/\/dev.antudigital.cl\/sites\/vc\/wp-content\/uploads\/2024\/07\/Captura-de-Pantalla-2024-07-22-a-las-20.05.25.png\",\"width\":1054,\"height\":202},{\"@type\":\"BreadcrumbList\",\"@id\":\"https:\/\/dev.antudigital.cl\/sites\/vc\/programa-fortalecimiento-de-organizaciones-nacionales\/#breadcrumb\",\"itemListElement\":[{\"@type\":\"ListItem\",\"position\":1,\"name\":\"Home\",\"item\":\"https:\/\/dev.antudigital.cl\/sites\/vc\/\"},{\"@type\":\"ListItem\",\"position\":2,\"name\":\"Programa Fortalecimiento de Organizaciones Nacionales\"}]},{\"@type\":\"WebSite\",\"@id\":\"https:\/\/dev.antudigital.cl\/sites\/vc\/#website\",\"url\":\"https:\/\/dev.antudigital.cl\/sites\/vc\/\",\"name\":\"Valpara\u00ed\u00adso Creativo\",\"description\":\"\",\"potentialAction\":[{\"@type\":\"SearchAction\",\"target\":{\"@type\":\"EntryPoint\",\"urlTemplate\":\"https:\/\/dev.antudigital.cl\/sites\/vc\/?s={search_term_string}\"},\"query-input\":{\"@type\":\"PropertyValueSpecification\",\"valueRequired\":true,\"valueName\":\"search_term_string\"}}],\"inLanguage\":\"es\"},{\"@type\":\"Person\",\"@id\":\"https:\/\/dev.antudigital.cl\/sites\/vc\/#\/schema\/person\/c2b9da8dd545e27166fc5ab232837318\",\"name\":\"Valpara\u00edso Creativo\",\"description\":\"Periodista de cultura en la Regi\u00f3n de Valpara\u00edso.\",\"url\":\"https:\/\/dev.antudigital.cl\/sites\/vc\/author\/valpoadmin\/\"}]}<\/script>\n<!-- \/ Yoast SEO plugin. -->","yoast_head_json":{"title":"Programa Fortalecimiento de Organizaciones Nacionales - Valpara\u00ed\u00adso Creativo","robots":{"index":"index","follow":"follow","max-snippet":"max-snippet:-1","max-image-preview":"max-image-preview:large","max-video-preview":"max-video-preview:-1"},"canonical":"https:\/\/dev.antudigital.cl\/sites\/vc\/programa-fortalecimiento-de-organizaciones-nacionales\/","og_locale":"es_ES","og_type":"article","og_title":"Programa Fortalecimiento de Organizaciones Nacionales - Valpara\u00ed\u00adso Creativo","og_description":"\u00bfQu\u00e9 es? Es un fondo concursable que busca fortalecer la asociatividad y capacidad de gesti\u00f3n de las confederaciones y federaciones de micro y peque\u00f1os empresarios, gremios y cooperativas, institutos auxiliares y asociaciones gremiales de car\u00e1cter nacional, ya existentes en el pa\u00eds, poniendo especial \u00e9nfasis en \u00e1mbitos como la asociatividad, sustentabilidad, internacionalizaci\u00f3n y enfoque de g\u00e9nero. [&hellip;]","og_url":"https:\/\/dev.antudigital.cl\/sites\/vc\/programa-fortalecimiento-de-organizaciones-nacionales\/","og_site_name":"Valpara\u00ed\u00adso Creativo","article_published_time":"2024-07-23T00:06:19+00:00","article_modified_time":"2024-07-23T00:06:33+00:00","og_image":[{"width":1054,"height":202,"url":"https:\/\/dev.antudigital.cl\/sites\/vc\/wp-content\/uploads\/2024\/07\/Captura-de-Pantalla-2024-07-22-a-las-20.05.25.png","type":"image\/png"}],"author":"Valpara\u00edso Creativo","twitter_card":"summary_large_image","twitter_misc":{"Escrito por":"Valpara\u00edso Creativo","Tiempo de lectura":"2 minutos"},"schema":{"@context":"https:\/\/schema.org","@graph":[{"@type":"Article","@id":"https:\/\/dev.antudigital.cl\/sites\/vc\/programa-fortalecimiento-de-organizaciones-nacionales\/#article","isPartOf":{"@id":"https:\/\/dev.antudigital.cl\/sites\/vc\/programa-fortalecimiento-de-organizaciones-nacionales\/"},"author":{"name":"Valpara\u00edso Creativo","@id":"https:\/\/dev.antudigital.cl\/sites\/vc\/#\/schema\/person\/c2b9da8dd545e27166fc5ab232837318"},"headline":"Programa Fortalecimiento de Organizaciones Nacionales","datePublished":"2024-07-23T00:06:19+00:00","dateModified":"2024-07-23T00:06:33+00:00","mainEntityOfPage":{"@id":"https:\/\/dev.antudigital.cl\/sites\/vc\/programa-fortalecimiento-de-organizaciones-nacionales\/"},"wordCount":262,"image":{"@id":"https:\/\/dev.antudigital.cl\/sites\/vc\/programa-fortalecimiento-de-organizaciones-nacionales\/#primaryimage"},"thumbnailUrl":"https:\/\/dev.antudigital.cl\/sites\/vc\/wp-content\/uploads\/2024\/07\/Captura-de-Pantalla-2024-07-22-a-las-20.05.25.png","articleSection":["Noticia"],"inLanguage":"es"},{"@type":"WebPage","@id":"https:\/\/dev.antudigital.cl\/sites\/vc\/programa-fortalecimiento-de-organizaciones-nacionales\/","url":"https:\/\/dev.antudigital.cl\/sites\/vc\/programa-fortalecimiento-de-organizaciones-nacionales\/","name":"Programa Fortalecimiento de Organizaciones Nacionales - Valpara\u00ed\u00adso Creativo","isPartOf":{"@id":"https:\/\/dev.antudigital.cl\/sites\/vc\/#website"},"primaryImageOfPage":{"@id":"https:\/\/dev.antudigital.cl\/sites\/vc\/programa-fortalecimiento-de-organizaciones-nacionales\/#primaryimage"},"image":{"@id":"https:\/\/dev.antudigital.cl\/sites\/vc\/programa-fortalecimiento-de-organizaciones-nacionales\/#primaryimage"},"thumbnailUrl":"https:\/\/dev.antudigital.cl\/sites\/vc\/wp-content\/uploads\/2024\/07\/Captura-de-Pantalla-2024-07-22-a-las-20.05.25.png","datePublished":"2024-07-23T00:06:19+00:00","dateModified":"2024-07-23T00:06:33+00:00","author":{"@id":"https:\/\/dev.antudigital.cl\/sites\/vc\/#\/schema\/person\/c2b9da8dd545e27166fc5ab232837318"},"breadcrumb":{"@id":"https:\/\/dev.antudigital.cl\/sites\/vc\/programa-fortalecimiento-de-organizaciones-nacionales\/#breadcrumb"},"inLanguage":"es","potentialAction":[{"@type":"ReadAction","target":["https:\/\/dev.antudigital.cl\/sites\/vc\/programa-fortalecimiento-de-organizaciones-nacionales\/"]}]},{"@type":"ImageObject","inLanguage":"es","@id":"https:\/\/dev.antudigital.cl\/sites\/vc\/programa-fortalecimiento-de-organizaciones-nacionales\/#primaryimage","url":"https:\/\/dev.antudigital.cl\/sites\/vc\/wp-content\/uploads\/2024\/07\/Captura-de-Pantalla-2024-07-22-a-las-20.05.25.png","contentUrl":"https:\/\/dev.antudigital.cl\/sites\/vc\/wp-content\/uploads\/2024\/07\/Captura-de-Pantalla-2024-07-22-a-las-20.05.25.png","width":1054,"height":202},{"@type":"BreadcrumbList","@id":"https:\/\/dev.antudigital.cl\/sites\/vc\/programa-fortalecimiento-de-organizaciones-nacionales\/#breadcrumb","itemListElement":[{"@type":"ListItem","position":1,"name":"Home","item":"https:\/\/dev.antudigital.cl\/sites\/vc\/"},{"@type":"ListItem","position":2,"name":"Programa Fortalecimiento de Organizaciones Nacionales"}]},{"@type":"WebSite","@id":"https:\/\/dev.antudigital.cl\/sites\/vc\/#website","url":"https:\/\/dev.antudigital.cl\/sites\/vc\/","name":"Valpara\u00ed\u00adso Creativo","description":"","potentialAction":[{"@type":"SearchAction","target":{"@type":"EntryPoint","urlTemplate":"https:\/\/dev.antudigital.cl\/sites\/vc\/?s={search_term_string}"},"query-input":{"@type":"PropertyValueSpecification","valueRequired":true,"valueName":"search_term_string"}}],"inLanguage":"es"},{"@type":"Person","@id":"https:\/\/dev.antudigital.cl\/sites\/vc\/#\/schema\/person\/c2b9da8dd545e27166fc5ab232837318","name":"Valpara\u00edso Creativo","description":"Periodista de cultura en la Regi\u00f3n de Valpara\u00edso.","url":"https:\/\/dev.antudigital.cl\/sites\/vc\/author\/valpoadmin\/"}]}},"_links":{"self":[{"href":"https:\/\/dev.antudigital.cl\/sites\/vc\/wp-json\/wp\/v2\/posts\/19812","targetHints":{"allow":["GET"]}}],"collection":[{"href":"https:\/\/dev.antudigital.cl\/sites\/vc\/wp-json\/wp\/v2\/posts"}],"about":[{"href":"https:\/\/dev.antudigital.cl\/sites\/vc\/wp-json\/wp\/v2\/types\/post"}],"author":[{"embeddable":true,"href":"https:\/\/dev.antudigital.cl\/sites\/vc\/wp-json\/wp\/v2\/users\/1"}],"replies":[{"embeddable":true,"href":"https:\/\/dev.antudigital.cl\/sites\/vc\/wp-json\/wp\/v2\/comments?post=19812"}],"version-history":[{"count":1,"href":"https:\/\/dev.antudigital.cl\/sites\/vc\/wp-json\/wp\/v2\/posts\/19812\/revisions"}],"predecessor-version":[{"id":19814,"href":"https:\/\/dev.antudigital.cl\/sites\/vc\/wp-json\/wp\/v2\/posts\/19812\/revisions\/19814"}],"wp:featuredmedia":[{"embeddable":true,"href":"https:\/\/dev.antudigital.cl\/sites\/vc\/wp-json\/wp\/v2\/media\/19813"}],"wp:attachment":[{"href":"https:\/\/dev.antudigital.cl\/sites\/vc\/wp-json\/wp\/v2\/media?parent=19812"}],"wp:term":[{"taxonomy":"category","embeddable":true,"href":"https:\/\/dev.antudigital.cl\/sites\/vc\/wp-json\/wp\/v2\/categories?post=19812"},{"taxonomy":"post_tag","embeddable":true,"href":"https:\/\/dev.antudigital.cl\/sites\/vc\/wp-json\/wp\/v2\/tags?post=19812"}],"curies":[{"name":"wp","href":"https:\/\/api.w.org\/{rel}","templated":true}]}}