{"id":19816,"date":"2024-07-23T00:12:20","date_gmt":"2024-07-23T00:12:20","guid":{"rendered":"https:\/\/www.valparaisocreativo.cl\/?p=19816"},"modified":"2024-07-23T00:12:36","modified_gmt":"2024-07-23T00:12:36","slug":"la-tendala-obra-familiar-de-mascaras-llega-a-barrio-puerto","status":"publish","type":"post","link":"https:\/\/dev.antudigital.cl\/sites\/vc\/la-tendala-obra-familiar-de-mascaras-llega-a-barrio-puerto\/","title":{"rendered":"La Tendal\u00e1: Obra familiar de M\u00e1scaras llega a Barrio puerto"},"content":{"rendered":"\n<p><strong>En manos de la <a href=\"https:\/\/www.instagram.com\/cooperativateatral\">Cooperativa Teatral de Valpara\u00edso<\/a>, se presentar\u00e1 la obra de teatro<\/strong><\/p>\n\n\n\n<p><strong><em>\u00abLa Tendal\u00e1\u00bb,<\/em><\/strong><strong> con una temporada de funciones, el viernes 26 y s\u00e1bado 27 de julio a las 19 hrs y una funci\u00f3n especial el d\u00eda Domingo 28 a las 12 del med\u00eda d\u00eda, en la sala de Artes Esc\u00e9nicas Olga Quezada en CEAC, Barrio Puerto.&nbsp;<\/strong><\/p>\n\n\n\n<p>La nueva y tercera creaci\u00f3n de la Cooperativa Teatral de Valpara\u00edso (<em>En la puerta del horno se quema el pan, <\/em>2021<em> y Buenaventura: El A\u00f1o Repetido, <\/em>2022) trae una apuesta callejera y de teatro popular, sostenida por nueve m\u00e1scaras en escena, que cuenta la historia de una familia porte\u00f1a numerosa, que se re\u00fane en pleno invierno para celebrar el cumplea\u00f1os de la matriarca de la familia. Es en este contexto festivo, donde quedar\u00e1&nbsp; <em>La tendal\u00e1<\/em>. Una historia sencilla que pone \u00e9nfasis en el cuerpo, la improvisaci\u00f3n y la m\u00e1scara como soportes centrales para abordar tem\u00e1ticas como el arraigo, la identidad y la memoria colectiva.&nbsp;<\/p>\n\n\n\n<p>El actor, Elias Flores comenta sobre la obra: \u201cLa Tendal\u00e1 es un viaje sensible y emotivo para nuestra memoria familiar, un homenaje a las madres o matriarcas que con inteligencia y calidez siempre est\u00e1n navegando las adversidades. Adem\u00e1s durante la obra nos conectamos con la chispa del porte\u00f1o, poniendo en valor su resiliencia y el humor con el que siempre aflora a pesar de las dificultades.\u201d<\/p>\n\n\n\n<p>El proyecto \u201cFisonom\u00eda Esc\u00e9nica del Puerto\u201d <em>(FICVAL 2023)<\/em> fue el puntapi\u00e9 para poder crear este montaje familiar, que tuvo su estreno y muestra el 27, 28 y 29 de diciembre, en donde contaron con las colaboraciones de Silvana Bustos (investigadora teatral), Gabriela Gonz\u00e1lez (fot\u00f3grafa y arquitecta) y la reconocida Isis Maldonado (directora, mascarera y actriz), aunando sus saberes en cada disciplina para preguntarse: \u00bfHay una relaci\u00f3n entre el gesto de las y los habitantes porte\u00f1os y las tragedias circunscritas a la geograf\u00eda porte\u00f1a? \u00bfCu\u00e1les son las huellas que dejan f\u00edsicamente las tragedias de nuestra ciudad en los habitantes?<\/p>\n\n\n\n<p><strong>Este nuevo trabajo de la Cooperativa Teatral Valpara\u00edso se presentar\u00e1 el viernes 26 y S\u00e1bado 27 de Julio a las 19 horas, con una funci\u00f3n especial en horario diferido el d\u00eda Domingo 28 a las 12 del d\u00eda. La cita es en la Sala de Artes Esc\u00e9nicas Olga Quezada en CEAC, ubicada en Calle Cochrane #440, Barrio Puerto de Valpara\u00edso. Las entradas tienen un costo de preventa a $4.000 para quienes compren antes del d\u00eda Jueves 25 Julio y en puerta el mismo d\u00eda con modalidad de \u201cpaga lo que puedas\u201d ($5.000, $7.000 y\/o $10.000) para adquirirlas escribe al correo: <\/strong><strong>cooperativateatralvalparaiso@gmail.com<\/strong><strong>&nbsp;<\/strong><\/p>\n\n\n\n<figure class=\"wp-block-image size-large\"><img fetchpriority=\"high\" decoding=\"async\" width=\"1024\" height=\"683\" src=\"https:\/\/www.valparaisocreativo.cl\/wp-content\/uploads\/2024\/07\/Tendala-1-1024x683.jpg\" alt=\"\" class=\"wp-image-19817\" srcset=\"https:\/\/dev.antudigital.cl\/sites\/vc\/wp-content\/uploads\/2024\/07\/Tendala-1-1024x683.jpg 1024w, https:\/\/dev.antudigital.cl\/sites\/vc\/wp-content\/uploads\/2024\/07\/Tendala-1-300x200.jpg 300w, https:\/\/dev.antudigital.cl\/sites\/vc\/wp-content\/uploads\/2024\/07\/Tendala-1-768x512.jpg 768w, https:\/\/dev.antudigital.cl\/sites\/vc\/wp-content\/uploads\/2024\/07\/Tendala-1-1536x1024.jpg 1536w, https:\/\/dev.antudigital.cl\/sites\/vc\/wp-content\/uploads\/2024\/07\/Tendala-1-2048x1365.jpg 2048w, https:\/\/dev.antudigital.cl\/sites\/vc\/wp-content\/uploads\/2024\/07\/Tendala-1-1080x720.jpg 1080w, https:\/\/dev.antudigital.cl\/sites\/vc\/wp-content\/uploads\/2024\/07\/Tendala-1-1280x854.jpg 1280w, https:\/\/dev.antudigital.cl\/sites\/vc\/wp-content\/uploads\/2024\/07\/Tendala-1-980x653.jpg 980w, https:\/\/dev.antudigital.cl\/sites\/vc\/wp-content\/uploads\/2024\/07\/Tendala-1-480x320.jpg 480w, https:\/\/dev.antudigital.cl\/sites\/vc\/wp-content\/uploads\/2024\/07\/Tendala-1-24x16.jpg 24w, https:\/\/dev.antudigital.cl\/sites\/vc\/wp-content\/uploads\/2024\/07\/Tendala-1-36x24.jpg 36w, https:\/\/dev.antudigital.cl\/sites\/vc\/wp-content\/uploads\/2024\/07\/Tendala-1-48x32.jpg 48w\" sizes=\"(max-width: 1024px) 100vw, 1024px\" \/><\/figure>\n\n\n\n<p>Ficha Art\u00edstica<\/p>\n\n\n\n<p>Elenco: El\u00edas Flores Saavedra<\/p>\n\n\n\n<p>&nbsp;&nbsp;&nbsp;&nbsp;&nbsp;&nbsp;&nbsp;&nbsp;&nbsp;&nbsp;&nbsp;&nbsp;&nbsp;Constanza Segovia Chamorro<\/p>\n\n\n\n<p>&nbsp;&nbsp;&nbsp;&nbsp;&nbsp;&nbsp;&nbsp;&nbsp;&nbsp;&nbsp;&nbsp;&nbsp;&nbsp;Ruby Fr\u00edas Tobar<\/p>\n\n\n\n<p>Direcci\u00f3n: Sebasti\u00e1n Caro Caro&nbsp;<\/p>\n\n\n\n<p>Apoyo T\u00e9cnico: Krishna Morales<\/p>\n\n\n\n<p>Dise\u00f1o Integral: Cooperativa Teatral de Valpara\u00edso.<\/p>\n\n\n\n<p>Dramaturgismo: Sebasti\u00e1n Caro Caro (Textos de Alfonso Alcalde y Juvenal Pizarro).<\/p>\n\n\n\n<p>Acompa\u00f1amiento construcci\u00f3n m\u00e1scaras: Isis Maldonado.<\/p>\n\n\n\n<p>Dise\u00f1o Gr\u00e1fico: Pulso Gr\u00e1fico.<\/p>\n\n\n\n<p>Producci\u00f3n: Constanza Segovia Ch.<\/p>\n\n\n\n<p>Colaboraciones: Melisa Torrealba, Alejandra Perales y Mar\u00eda Jos\u00e9 Farfal.<\/p>\n\n\n\n<p>Duraci\u00f3n: 55 minutos.<\/p>\n\n\n\n<p>Publico Objetivo: Familiar<\/p>\n\n\n\n<p><strong>Contacto: <\/strong><a href=\"mailto:Cooperativateatralvalparaiso@gmail.com\"><strong>Cooperativateatralvalparaiso@gmail.com<\/strong><\/a><strong>&nbsp;&nbsp;<\/strong><\/p>\n\n\n\n<p><\/p>\n\n\n\n<p><\/p>\n","protected":false},"excerpt":{"rendered":"<p>En manos de la Cooperativa Teatral de Valpara\u00edso, se presentar\u00e1 la obra de teatro \u00abLa Tendal\u00e1\u00bb, con una temporada de funciones, el viernes 26 y s\u00e1bado 27 de julio a las 19 hrs y una funci\u00f3n especial el d\u00eda Domingo 28 a las 12 del med\u00eda d\u00eda, en la sala de Artes Esc\u00e9nicas Olga Quezada [&hellip;]<\/p>\n","protected":false},"author":1,"featured_media":19818,"comment_status":"closed","ping_status":"closed","sticky":false,"template":"","format":"standard","meta":{"_acf_changed":false,"footnotes":""},"categories":[8],"tags":[],"class_list":["post-19816","post","type-post","status-publish","format-standard","has-post-thumbnail","hentry","category-noticia"],"acf":[],"yoast_head":"<!-- This site is optimized with the Yoast SEO plugin v27.1.1 - https:\/\/yoast.com\/product\/yoast-seo-wordpress\/ -->\n<title>La Tendal\u00e1: Obra familiar de M\u00e1scaras llega a Barrio puerto - Valpara\u00ed\u00adso Creativo<\/title>\n<meta name=\"robots\" content=\"index, follow, max-snippet:-1, max-image-preview:large, max-video-preview:-1\" \/>\n<link rel=\"canonical\" href=\"https:\/\/dev.antudigital.cl\/sites\/vc\/la-tendala-obra-familiar-de-mascaras-llega-a-barrio-puerto\/\" \/>\n<meta property=\"og:locale\" content=\"es_ES\" \/>\n<meta property=\"og:type\" content=\"article\" \/>\n<meta property=\"og:title\" content=\"La Tendal\u00e1: Obra familiar de M\u00e1scaras llega a Barrio puerto - Valpara\u00ed\u00adso Creativo\" \/>\n<meta property=\"og:description\" content=\"En manos de la Cooperativa Teatral de Valpara\u00edso, se presentar\u00e1 la obra de teatro \u00abLa Tendal\u00e1\u00bb, con una temporada de funciones, el viernes 26 y s\u00e1bado 27 de julio a las 19 hrs y una funci\u00f3n especial el d\u00eda Domingo 28 a las 12 del med\u00eda d\u00eda, en la sala de Artes Esc\u00e9nicas Olga Quezada [&hellip;]\" \/>\n<meta property=\"og:url\" content=\"https:\/\/dev.antudigital.cl\/sites\/vc\/la-tendala-obra-familiar-de-mascaras-llega-a-barrio-puerto\/\" \/>\n<meta property=\"og:site_name\" content=\"Valpara\u00ed\u00adso Creativo\" \/>\n<meta property=\"article:published_time\" content=\"2024-07-23T00:12:20+00:00\" \/>\n<meta property=\"article:modified_time\" content=\"2024-07-23T00:12:36+00:00\" \/>\n<meta property=\"og:image\" content=\"https:\/\/dev.antudigital.cl\/sites\/vc\/wp-content\/uploads\/2024\/07\/Tendala-9-scaled.jpg\" \/>\n\t<meta property=\"og:image:width\" content=\"2560\" \/>\n\t<meta property=\"og:image:height\" content=\"1632\" \/>\n\t<meta property=\"og:image:type\" content=\"image\/jpeg\" \/>\n<meta name=\"author\" content=\"Valpara\u00edso Creativo\" \/>\n<meta name=\"twitter:card\" content=\"summary_large_image\" \/>\n<meta name=\"twitter:label1\" content=\"Escrito por\" \/>\n\t<meta name=\"twitter:data1\" content=\"Valpara\u00edso Creativo\" \/>\n\t<meta name=\"twitter:label2\" content=\"Tiempo de lectura\" \/>\n\t<meta name=\"twitter:data2\" content=\"3 minutos\" \/>\n<script type=\"application\/ld+json\" class=\"yoast-schema-graph\">{\"@context\":\"https:\/\/schema.org\",\"@graph\":[{\"@type\":\"Article\",\"@id\":\"https:\/\/dev.antudigital.cl\/sites\/vc\/la-tendala-obra-familiar-de-mascaras-llega-a-barrio-puerto\/#article\",\"isPartOf\":{\"@id\":\"https:\/\/dev.antudigital.cl\/sites\/vc\/la-tendala-obra-familiar-de-mascaras-llega-a-barrio-puerto\/\"},\"author\":{\"name\":\"Valpara\u00edso Creativo\",\"@id\":\"https:\/\/dev.antudigital.cl\/sites\/vc\/#\/schema\/person\/c2b9da8dd545e27166fc5ab232837318\"},\"headline\":\"La Tendal\u00e1: Obra familiar de M\u00e1scaras llega a Barrio puerto\",\"datePublished\":\"2024-07-23T00:12:20+00:00\",\"dateModified\":\"2024-07-23T00:12:36+00:00\",\"mainEntityOfPage\":{\"@id\":\"https:\/\/dev.antudigital.cl\/sites\/vc\/la-tendala-obra-familiar-de-mascaras-llega-a-barrio-puerto\/\"},\"wordCount\":578,\"image\":{\"@id\":\"https:\/\/dev.antudigital.cl\/sites\/vc\/la-tendala-obra-familiar-de-mascaras-llega-a-barrio-puerto\/#primaryimage\"},\"thumbnailUrl\":\"https:\/\/dev.antudigital.cl\/sites\/vc\/wp-content\/uploads\/2024\/07\/Tendala-9-scaled.jpg\",\"articleSection\":[\"Noticia\"],\"inLanguage\":\"es\"},{\"@type\":\"WebPage\",\"@id\":\"https:\/\/dev.antudigital.cl\/sites\/vc\/la-tendala-obra-familiar-de-mascaras-llega-a-barrio-puerto\/\",\"url\":\"https:\/\/dev.antudigital.cl\/sites\/vc\/la-tendala-obra-familiar-de-mascaras-llega-a-barrio-puerto\/\",\"name\":\"La Tendal\u00e1: Obra familiar de M\u00e1scaras llega a Barrio puerto - Valpara\u00ed\u00adso Creativo\",\"isPartOf\":{\"@id\":\"https:\/\/dev.antudigital.cl\/sites\/vc\/#website\"},\"primaryImageOfPage\":{\"@id\":\"https:\/\/dev.antudigital.cl\/sites\/vc\/la-tendala-obra-familiar-de-mascaras-llega-a-barrio-puerto\/#primaryimage\"},\"image\":{\"@id\":\"https:\/\/dev.antudigital.cl\/sites\/vc\/la-tendala-obra-familiar-de-mascaras-llega-a-barrio-puerto\/#primaryimage\"},\"thumbnailUrl\":\"https:\/\/dev.antudigital.cl\/sites\/vc\/wp-content\/uploads\/2024\/07\/Tendala-9-scaled.jpg\",\"datePublished\":\"2024-07-23T00:12:20+00:00\",\"dateModified\":\"2024-07-23T00:12:36+00:00\",\"author\":{\"@id\":\"https:\/\/dev.antudigital.cl\/sites\/vc\/#\/schema\/person\/c2b9da8dd545e27166fc5ab232837318\"},\"breadcrumb\":{\"@id\":\"https:\/\/dev.antudigital.cl\/sites\/vc\/la-tendala-obra-familiar-de-mascaras-llega-a-barrio-puerto\/#breadcrumb\"},\"inLanguage\":\"es\",\"potentialAction\":[{\"@type\":\"ReadAction\",\"target\":[\"https:\/\/dev.antudigital.cl\/sites\/vc\/la-tendala-obra-familiar-de-mascaras-llega-a-barrio-puerto\/\"]}]},{\"@type\":\"ImageObject\",\"inLanguage\":\"es\",\"@id\":\"https:\/\/dev.antudigital.cl\/sites\/vc\/la-tendala-obra-familiar-de-mascaras-llega-a-barrio-puerto\/#primaryimage\",\"url\":\"https:\/\/dev.antudigital.cl\/sites\/vc\/wp-content\/uploads\/2024\/07\/Tendala-9-scaled.jpg\",\"contentUrl\":\"https:\/\/dev.antudigital.cl\/sites\/vc\/wp-content\/uploads\/2024\/07\/Tendala-9-scaled.jpg\",\"width\":2560,\"height\":1632},{\"@type\":\"BreadcrumbList\",\"@id\":\"https:\/\/dev.antudigital.cl\/sites\/vc\/la-tendala-obra-familiar-de-mascaras-llega-a-barrio-puerto\/#breadcrumb\",\"itemListElement\":[{\"@type\":\"ListItem\",\"position\":1,\"name\":\"Home\",\"item\":\"https:\/\/dev.antudigital.cl\/sites\/vc\/\"},{\"@type\":\"ListItem\",\"position\":2,\"name\":\"La Tendal\u00e1: Obra familiar de M\u00e1scaras llega a Barrio puerto\"}]},{\"@type\":\"WebSite\",\"@id\":\"https:\/\/dev.antudigital.cl\/sites\/vc\/#website\",\"url\":\"https:\/\/dev.antudigital.cl\/sites\/vc\/\",\"name\":\"Valpara\u00ed\u00adso Creativo\",\"description\":\"\",\"potentialAction\":[{\"@type\":\"SearchAction\",\"target\":{\"@type\":\"EntryPoint\",\"urlTemplate\":\"https:\/\/dev.antudigital.cl\/sites\/vc\/?s={search_term_string}\"},\"query-input\":{\"@type\":\"PropertyValueSpecification\",\"valueRequired\":true,\"valueName\":\"search_term_string\"}}],\"inLanguage\":\"es\"},{\"@type\":\"Person\",\"@id\":\"https:\/\/dev.antudigital.cl\/sites\/vc\/#\/schema\/person\/c2b9da8dd545e27166fc5ab232837318\",\"name\":\"Valpara\u00edso Creativo\",\"description\":\"Periodista de cultura en la Regi\u00f3n de Valpara\u00edso.\",\"url\":\"https:\/\/dev.antudigital.cl\/sites\/vc\/author\/valpoadmin\/\"}]}<\/script>\n<!-- \/ Yoast SEO plugin. -->","yoast_head_json":{"title":"La Tendal\u00e1: Obra familiar de M\u00e1scaras llega a Barrio puerto - Valpara\u00ed\u00adso Creativo","robots":{"index":"index","follow":"follow","max-snippet":"max-snippet:-1","max-image-preview":"max-image-preview:large","max-video-preview":"max-video-preview:-1"},"canonical":"https:\/\/dev.antudigital.cl\/sites\/vc\/la-tendala-obra-familiar-de-mascaras-llega-a-barrio-puerto\/","og_locale":"es_ES","og_type":"article","og_title":"La Tendal\u00e1: Obra familiar de M\u00e1scaras llega a Barrio puerto - Valpara\u00ed\u00adso Creativo","og_description":"En manos de la Cooperativa Teatral de Valpara\u00edso, se presentar\u00e1 la obra de teatro \u00abLa Tendal\u00e1\u00bb, con una temporada de funciones, el viernes 26 y s\u00e1bado 27 de julio a las 19 hrs y una funci\u00f3n especial el d\u00eda Domingo 28 a las 12 del med\u00eda d\u00eda, en la sala de Artes Esc\u00e9nicas Olga Quezada [&hellip;]","og_url":"https:\/\/dev.antudigital.cl\/sites\/vc\/la-tendala-obra-familiar-de-mascaras-llega-a-barrio-puerto\/","og_site_name":"Valpara\u00ed\u00adso Creativo","article_published_time":"2024-07-23T00:12:20+00:00","article_modified_time":"2024-07-23T00:12:36+00:00","og_image":[{"width":2560,"height":1632,"url":"https:\/\/dev.antudigital.cl\/sites\/vc\/wp-content\/uploads\/2024\/07\/Tendala-9-scaled.jpg","type":"image\/jpeg"}],"author":"Valpara\u00edso Creativo","twitter_card":"summary_large_image","twitter_misc":{"Escrito por":"Valpara\u00edso Creativo","Tiempo de lectura":"3 minutos"},"schema":{"@context":"https:\/\/schema.org","@graph":[{"@type":"Article","@id":"https:\/\/dev.antudigital.cl\/sites\/vc\/la-tendala-obra-familiar-de-mascaras-llega-a-barrio-puerto\/#article","isPartOf":{"@id":"https:\/\/dev.antudigital.cl\/sites\/vc\/la-tendala-obra-familiar-de-mascaras-llega-a-barrio-puerto\/"},"author":{"name":"Valpara\u00edso Creativo","@id":"https:\/\/dev.antudigital.cl\/sites\/vc\/#\/schema\/person\/c2b9da8dd545e27166fc5ab232837318"},"headline":"La Tendal\u00e1: Obra familiar de M\u00e1scaras llega a Barrio puerto","datePublished":"2024-07-23T00:12:20+00:00","dateModified":"2024-07-23T00:12:36+00:00","mainEntityOfPage":{"@id":"https:\/\/dev.antudigital.cl\/sites\/vc\/la-tendala-obra-familiar-de-mascaras-llega-a-barrio-puerto\/"},"wordCount":578,"image":{"@id":"https:\/\/dev.antudigital.cl\/sites\/vc\/la-tendala-obra-familiar-de-mascaras-llega-a-barrio-puerto\/#primaryimage"},"thumbnailUrl":"https:\/\/dev.antudigital.cl\/sites\/vc\/wp-content\/uploads\/2024\/07\/Tendala-9-scaled.jpg","articleSection":["Noticia"],"inLanguage":"es"},{"@type":"WebPage","@id":"https:\/\/dev.antudigital.cl\/sites\/vc\/la-tendala-obra-familiar-de-mascaras-llega-a-barrio-puerto\/","url":"https:\/\/dev.antudigital.cl\/sites\/vc\/la-tendala-obra-familiar-de-mascaras-llega-a-barrio-puerto\/","name":"La Tendal\u00e1: Obra familiar de M\u00e1scaras llega a Barrio puerto - Valpara\u00ed\u00adso Creativo","isPartOf":{"@id":"https:\/\/dev.antudigital.cl\/sites\/vc\/#website"},"primaryImageOfPage":{"@id":"https:\/\/dev.antudigital.cl\/sites\/vc\/la-tendala-obra-familiar-de-mascaras-llega-a-barrio-puerto\/#primaryimage"},"image":{"@id":"https:\/\/dev.antudigital.cl\/sites\/vc\/la-tendala-obra-familiar-de-mascaras-llega-a-barrio-puerto\/#primaryimage"},"thumbnailUrl":"https:\/\/dev.antudigital.cl\/sites\/vc\/wp-content\/uploads\/2024\/07\/Tendala-9-scaled.jpg","datePublished":"2024-07-23T00:12:20+00:00","dateModified":"2024-07-23T00:12:36+00:00","author":{"@id":"https:\/\/dev.antudigital.cl\/sites\/vc\/#\/schema\/person\/c2b9da8dd545e27166fc5ab232837318"},"breadcrumb":{"@id":"https:\/\/dev.antudigital.cl\/sites\/vc\/la-tendala-obra-familiar-de-mascaras-llega-a-barrio-puerto\/#breadcrumb"},"inLanguage":"es","potentialAction":[{"@type":"ReadAction","target":["https:\/\/dev.antudigital.cl\/sites\/vc\/la-tendala-obra-familiar-de-mascaras-llega-a-barrio-puerto\/"]}]},{"@type":"ImageObject","inLanguage":"es","@id":"https:\/\/dev.antudigital.cl\/sites\/vc\/la-tendala-obra-familiar-de-mascaras-llega-a-barrio-puerto\/#primaryimage","url":"https:\/\/dev.antudigital.cl\/sites\/vc\/wp-content\/uploads\/2024\/07\/Tendala-9-scaled.jpg","contentUrl":"https:\/\/dev.antudigital.cl\/sites\/vc\/wp-content\/uploads\/2024\/07\/Tendala-9-scaled.jpg","width":2560,"height":1632},{"@type":"BreadcrumbList","@id":"https:\/\/dev.antudigital.cl\/sites\/vc\/la-tendala-obra-familiar-de-mascaras-llega-a-barrio-puerto\/#breadcrumb","itemListElement":[{"@type":"ListItem","position":1,"name":"Home","item":"https:\/\/dev.antudigital.cl\/sites\/vc\/"},{"@type":"ListItem","position":2,"name":"La Tendal\u00e1: Obra familiar de M\u00e1scaras llega a Barrio puerto"}]},{"@type":"WebSite","@id":"https:\/\/dev.antudigital.cl\/sites\/vc\/#website","url":"https:\/\/dev.antudigital.cl\/sites\/vc\/","name":"Valpara\u00ed\u00adso Creativo","description":"","potentialAction":[{"@type":"SearchAction","target":{"@type":"EntryPoint","urlTemplate":"https:\/\/dev.antudigital.cl\/sites\/vc\/?s={search_term_string}"},"query-input":{"@type":"PropertyValueSpecification","valueRequired":true,"valueName":"search_term_string"}}],"inLanguage":"es"},{"@type":"Person","@id":"https:\/\/dev.antudigital.cl\/sites\/vc\/#\/schema\/person\/c2b9da8dd545e27166fc5ab232837318","name":"Valpara\u00edso Creativo","description":"Periodista de cultura en la Regi\u00f3n de Valpara\u00edso.","url":"https:\/\/dev.antudigital.cl\/sites\/vc\/author\/valpoadmin\/"}]}},"_links":{"self":[{"href":"https:\/\/dev.antudigital.cl\/sites\/vc\/wp-json\/wp\/v2\/posts\/19816","targetHints":{"allow":["GET"]}}],"collection":[{"href":"https:\/\/dev.antudigital.cl\/sites\/vc\/wp-json\/wp\/v2\/posts"}],"about":[{"href":"https:\/\/dev.antudigital.cl\/sites\/vc\/wp-json\/wp\/v2\/types\/post"}],"author":[{"embeddable":true,"href":"https:\/\/dev.antudigital.cl\/sites\/vc\/wp-json\/wp\/v2\/users\/1"}],"replies":[{"embeddable":true,"href":"https:\/\/dev.antudigital.cl\/sites\/vc\/wp-json\/wp\/v2\/comments?post=19816"}],"version-history":[{"count":1,"href":"https:\/\/dev.antudigital.cl\/sites\/vc\/wp-json\/wp\/v2\/posts\/19816\/revisions"}],"predecessor-version":[{"id":19819,"href":"https:\/\/dev.antudigital.cl\/sites\/vc\/wp-json\/wp\/v2\/posts\/19816\/revisions\/19819"}],"wp:featuredmedia":[{"embeddable":true,"href":"https:\/\/dev.antudigital.cl\/sites\/vc\/wp-json\/wp\/v2\/media\/19818"}],"wp:attachment":[{"href":"https:\/\/dev.antudigital.cl\/sites\/vc\/wp-json\/wp\/v2\/media?parent=19816"}],"wp:term":[{"taxonomy":"category","embeddable":true,"href":"https:\/\/dev.antudigital.cl\/sites\/vc\/wp-json\/wp\/v2\/categories?post=19816"},{"taxonomy":"post_tag","embeddable":true,"href":"https:\/\/dev.antudigital.cl\/sites\/vc\/wp-json\/wp\/v2\/tags?post=19816"}],"curies":[{"name":"wp","href":"https:\/\/api.w.org\/{rel}","templated":true}]}}