{"id":19832,"date":"2024-07-25T20:52:57","date_gmt":"2024-07-25T20:52:57","guid":{"rendered":"https:\/\/www.valparaisocreativo.cl\/?p=19832"},"modified":"2024-07-25T20:53:17","modified_gmt":"2024-07-25T20:53:17","slug":"insomnia-estrena-pelicula-chilena-duele-y-deadpool-wolverine","status":"publish","type":"post","link":"https:\/\/dev.antudigital.cl\/sites\/vc\/insomnia-estrena-pelicula-chilena-duele-y-deadpool-wolverine\/","title":{"rendered":"INSOMNIA estrena pel\u00edcula chilena \u201cDuele\u201d y \u201cDeadpool &amp; Wolverine\u201d"},"content":{"rendered":"\n<p>Esta es una semana de estrenos por partida doble en INSOMNIA Teatro Condell. El jueves 25 a las 19:10 horas se estrena la pel\u00edcula chilena \u201cDuele\u201d con un cine foro que contar\u00e1 con la presencia del director Cote Ram\u00edrez. Posteriormente, a las 21:00 horas se estrena \u201cDeadpool &amp; Wolverine\u201d, una pel\u00edcula hilarante de humor negro y acci\u00f3n que re\u00fane por primera vez a estos antih\u00e9roes en el Universo de Marvel C\u00f3mics para salvar al multiverso del colapso. La pel\u00edcula, dirigida por Shawn Levy, est\u00e1 calificada para mayores de 14 a\u00f1os.<\/p>\n\n\n\n<p>Duele, es una pel\u00edcula del director Cote Ram\u00edrez que cuenta la historia de Sergio, un retra\u00eddo vestuarista que decide aceptar ser dominante en encuentros sadomasoquistas con Carmen (una actriz famosa), con tal de pagar el tratamiento m\u00e9dico que necesita su madre Helena. Estas sesiones lo har\u00e1n explorar la relaci\u00f3n entre el dolor y el placer, llev\u00e1ndolo a distanciarse de su madre y a empujar los l\u00edmites de lo que est\u00e1 dispuesto a hacer por ella o por \u00e9l. En ruinas, Sergio ataca a su madre y al ser rechazado por Carmen, decide explorar su suerte en un evento BDSM.<\/p>\n\n\n\n<figure class=\"wp-block-image size-large\"><img fetchpriority=\"high\" decoding=\"async\" width=\"1024\" height=\"576\" src=\"https:\/\/www.valparaisocreativo.cl\/wp-content\/uploads\/2024\/07\/duele_by_cote_ramirez-1080p.00_35_23_04.Imagen-fija014-1024x576.png\" alt=\"\" class=\"wp-image-19833\" srcset=\"https:\/\/dev.antudigital.cl\/sites\/vc\/wp-content\/uploads\/2024\/07\/duele_by_cote_ramirez-1080p.00_35_23_04.Imagen-fija014-1024x576.png 1024w, https:\/\/dev.antudigital.cl\/sites\/vc\/wp-content\/uploads\/2024\/07\/duele_by_cote_ramirez-1080p.00_35_23_04.Imagen-fija014-300x169.png 300w, https:\/\/dev.antudigital.cl\/sites\/vc\/wp-content\/uploads\/2024\/07\/duele_by_cote_ramirez-1080p.00_35_23_04.Imagen-fija014-768x432.png 768w, https:\/\/dev.antudigital.cl\/sites\/vc\/wp-content\/uploads\/2024\/07\/duele_by_cote_ramirez-1080p.00_35_23_04.Imagen-fija014-1536x864.png 1536w, https:\/\/dev.antudigital.cl\/sites\/vc\/wp-content\/uploads\/2024\/07\/duele_by_cote_ramirez-1080p.00_35_23_04.Imagen-fija014-1080x608.png 1080w, https:\/\/dev.antudigital.cl\/sites\/vc\/wp-content\/uploads\/2024\/07\/duele_by_cote_ramirez-1080p.00_35_23_04.Imagen-fija014-1280x720.png 1280w, https:\/\/dev.antudigital.cl\/sites\/vc\/wp-content\/uploads\/2024\/07\/duele_by_cote_ramirez-1080p.00_35_23_04.Imagen-fija014-980x551.png 980w, https:\/\/dev.antudigital.cl\/sites\/vc\/wp-content\/uploads\/2024\/07\/duele_by_cote_ramirez-1080p.00_35_23_04.Imagen-fija014-480x270.png 480w, https:\/\/dev.antudigital.cl\/sites\/vc\/wp-content\/uploads\/2024\/07\/duele_by_cote_ramirez-1080p.00_35_23_04.Imagen-fija014-24x14.png 24w, https:\/\/dev.antudigital.cl\/sites\/vc\/wp-content\/uploads\/2024\/07\/duele_by_cote_ramirez-1080p.00_35_23_04.Imagen-fija014-36x20.png 36w, https:\/\/dev.antudigital.cl\/sites\/vc\/wp-content\/uploads\/2024\/07\/duele_by_cote_ramirez-1080p.00_35_23_04.Imagen-fija014-48x27.png 48w, https:\/\/dev.antudigital.cl\/sites\/vc\/wp-content\/uploads\/2024\/07\/duele_by_cote_ramirez-1080p.00_35_23_04.Imagen-fija014.png 1920w\" sizes=\"(max-width: 1024px) 100vw, 1024px\" \/><\/figure>\n\n\n\n<p>El director de la pel\u00edcula, Cote Ram\u00edrez, se\u00f1al\u00f3 que: \u201cla pel\u00edcula pone en discusi\u00f3n ideas de roles y est\u00e1ndares sociales que se manifiestan en el espacio familiar. Siguiendo a un personaje hombre, joven e hijo \u00fanico de una madre soltera y cat\u00f3lica que vive en un sector semi rural se entra a una din\u00e1mica que constantemente reprime los anhelos y la identidad del protagonista. La situaci\u00f3n dada por el accidente de la madre potencia en el personaje la presi\u00f3n familiar de que debe cumplir con el rol del hombre de la casa que tiene que hacerse cargo y dejar a un lado sus aspiraciones personales. Es seguido que escuchamos que \u201cla familia va primero\u201d sin darle un mayor valor a que eso lleva consigo un sacrificio de uno mismo. Desde ah\u00ed se desprende la pregunta: \u00bfHasta qu\u00e9 punto uno es capaz de ceder de s\u00ed mismo en funci\u00f3n a su familia? \u00bfC\u00f3mo juzgamos a qui\u00e9n no lo hace?\u201d.<\/p>\n\n\n\n<p>Por su parte, Claudio Pereira, indic\u00f3 que: \u201cen DUELE, \u00f3pera prima de Cote Ram\u00edrez, las manos del protagonista tratan con agujas, telas y una m\u00e1quina de coser que puede ser hasta ser peligrosa, funcionando a modo de met\u00e1fora con la pr\u00e1ctica del BDSM, puerta hacia lo salvaje y liberaci\u00f3n de la l\u00edvido. La pel\u00edcula hace un interesante contraste entre la fragilidad y timidez de su joven protagonista, con la tensi\u00f3n para estar atento a no sobrepasar el l\u00edmite del dolor, palpando un cuerpo a punto de estallar. Deseo y tab\u00fa, dolor y sensibilidad son parte de esta interesante pel\u00edcula que estrenamos en nuestra pantalla insomne\u201d. El film se proyectar\u00e1 los d\u00edas jueves 25 (19:10) y mi\u00e9rcoles 31 (17:00), y tendr\u00e1 m\u00e1s funciones en el mes de agosto.<\/p>\n\n\n\n<p><strong>\u201cDeadpool &amp; Wolverine\u201d unidos para salvar el multiverso<\/strong><\/p>\n\n\n\n<p>Uno de los estrenos m\u00e1s esperados para los fan\u00e1ticos del Universo de Marvel C\u00f3mics es la \u00faltima pel\u00edcula de la saga del antih\u00e9roe Deadpool, querido por el p\u00fablico por su moral ambigua y humor negro. En esta ocasi\u00f3n, lo acompa\u00f1a Wolverine, otro h\u00e9roe con similares poderes de autocuraci\u00f3n en el film titulado \u201cDeadpool &amp; Wolverine\u201d que protagonizan Ryan Reynolds y Hugh Jackman. Ambos personajes comparten la misma f\u00f3rmula: luchan contra sus propios demonios mientras trabajar por el bien com\u00fan, sin ser perfectos.<\/p>\n\n\n\n<p>Esta \u00faltima entrega promete dar un gran espect\u00e1culo al p\u00fablico: con una qu\u00edmica indiscutible entre ambos actores, actuaciones carism\u00e1ticas y excelentes guiones \u00e1cidos e hilarantes, volvemos a enfrentarnos con los desaf\u00edos que tiene la humanidad para salvarse cuando el multiverso se pone en peligro.<\/p>\n\n\n\n<figure class=\"wp-block-image size-full\"><img decoding=\"async\" width=\"640\" height=\"360\" src=\"https:\/\/www.valparaisocreativo.cl\/wp-content\/uploads\/2024\/07\/Deadpool-Wolverine-640x360-1.png\" alt=\"\" class=\"wp-image-19834\" srcset=\"https:\/\/dev.antudigital.cl\/sites\/vc\/wp-content\/uploads\/2024\/07\/Deadpool-Wolverine-640x360-1.png 640w, https:\/\/dev.antudigital.cl\/sites\/vc\/wp-content\/uploads\/2024\/07\/Deadpool-Wolverine-640x360-1-300x169.png 300w, https:\/\/dev.antudigital.cl\/sites\/vc\/wp-content\/uploads\/2024\/07\/Deadpool-Wolverine-640x360-1-480x270.png 480w, https:\/\/dev.antudigital.cl\/sites\/vc\/wp-content\/uploads\/2024\/07\/Deadpool-Wolverine-640x360-1-24x14.png 24w, https:\/\/dev.antudigital.cl\/sites\/vc\/wp-content\/uploads\/2024\/07\/Deadpool-Wolverine-640x360-1-36x20.png 36w, https:\/\/dev.antudigital.cl\/sites\/vc\/wp-content\/uploads\/2024\/07\/Deadpool-Wolverine-640x360-1-48x27.png 48w\" sizes=\"(max-width: 640px) 100vw, 640px\" \/><\/figure>\n\n\n\n<p>En el film vemos a un ap\u00e1tico Wade Wilson que lleva mucho tiempo alejado de las pistas como superh\u00e9roe. Sus d\u00edas como el mercenario moralmente flexible, Deadpool, quedaron atr\u00e1s. Cuando su mundo natal se enfrenta a una amenaza existencial, Wade debe volver a ponerse el traje a rega\u00f1adientes con un a\u00fan m\u00e1s reacio Wolverine, al cual debe convencer para que lo acompa\u00f1e en esta nueva aventura.<\/p>\n\n\n\n<p>\u201cDeadpool &amp; Wolverine\u201d se estrena este jueves 25 de julio a las 21:00 horas y tendr\u00e1 m\u00e1s proyecciones los d\u00edas: viernes 26 (19:00), s\u00e1bado 27 (15:00), domingo 28 (17:00), lunes 29 (15:00) y martes 30 (17:30). Las entradas pueden adquirirse presencialmente en boleter\u00eda ubicada en Condell 1585, a partir de las 14:00 horas. Para m\u00e1s informaci\u00f3n visita&nbsp;<a href=\"http:\/\/www.insomniacine.cl\/\" target=\"_blank\" rel=\"noreferrer noopener\">www.insomniacine.cl<\/a>.<\/p>\n","protected":false},"excerpt":{"rendered":"<p>Esta es una semana de estrenos por partida doble en INSOMNIA Teatro Condell. El jueves 25 a las 19:10 horas se estrena la pel\u00edcula chilena \u201cDuele\u201d con un cine foro que contar\u00e1 con la presencia del director Cote Ram\u00edrez. Posteriormente, a las 21:00 horas se estrena \u201cDeadpool &amp; Wolverine\u201d, una pel\u00edcula hilarante de humor negro [&hellip;]<\/p>\n","protected":false},"author":1,"featured_media":19835,"comment_status":"closed","ping_status":"closed","sticky":false,"template":"","format":"standard","meta":{"_acf_changed":false,"footnotes":""},"categories":[1],"tags":[],"class_list":["post-19832","post","type-post","status-publish","format-standard","has-post-thumbnail","hentry","category-uncategorized"],"acf":[],"yoast_head":"<!-- This site is optimized with the Yoast SEO plugin v27.1.1 - https:\/\/yoast.com\/product\/yoast-seo-wordpress\/ -->\n<title>INSOMNIA estrena pel\u00edcula chilena \u201cDuele\u201d y \u201cDeadpool &amp; Wolverine\u201d - Valpara\u00ed\u00adso Creativo<\/title>\n<meta name=\"robots\" content=\"index, follow, max-snippet:-1, max-image-preview:large, max-video-preview:-1\" \/>\n<link rel=\"canonical\" href=\"https:\/\/dev.antudigital.cl\/sites\/vc\/insomnia-estrena-pelicula-chilena-duele-y-deadpool-wolverine\/\" \/>\n<meta property=\"og:locale\" content=\"es_ES\" \/>\n<meta property=\"og:type\" content=\"article\" \/>\n<meta property=\"og:title\" content=\"INSOMNIA estrena pel\u00edcula chilena \u201cDuele\u201d y \u201cDeadpool &amp; Wolverine\u201d - Valpara\u00ed\u00adso Creativo\" \/>\n<meta property=\"og:description\" content=\"Esta es una semana de estrenos por partida doble en INSOMNIA Teatro Condell. El jueves 25 a las 19:10 horas se estrena la pel\u00edcula chilena \u201cDuele\u201d con un cine foro que contar\u00e1 con la presencia del director Cote Ram\u00edrez. Posteriormente, a las 21:00 horas se estrena \u201cDeadpool &amp; Wolverine\u201d, una pel\u00edcula hilarante de humor negro [&hellip;]\" \/>\n<meta property=\"og:url\" content=\"https:\/\/dev.antudigital.cl\/sites\/vc\/insomnia-estrena-pelicula-chilena-duele-y-deadpool-wolverine\/\" \/>\n<meta property=\"og:site_name\" content=\"Valpara\u00ed\u00adso Creativo\" \/>\n<meta property=\"article:published_time\" content=\"2024-07-25T20:52:57+00:00\" \/>\n<meta property=\"article:modified_time\" content=\"2024-07-25T20:53:17+00:00\" \/>\n<meta property=\"og:image\" content=\"https:\/\/dev.antudigital.cl\/sites\/vc\/wp-content\/uploads\/2024\/07\/Deadpool-Wolverine-2.jpg\" \/>\n\t<meta property=\"og:image:width\" content=\"1500\" \/>\n\t<meta property=\"og:image:height\" content=\"1000\" \/>\n\t<meta property=\"og:image:type\" content=\"image\/jpeg\" \/>\n<meta name=\"author\" content=\"Valpara\u00edso Creativo\" \/>\n<meta name=\"twitter:card\" content=\"summary_large_image\" \/>\n<meta name=\"twitter:label1\" content=\"Escrito por\" \/>\n\t<meta name=\"twitter:data1\" content=\"Valpara\u00edso Creativo\" \/>\n\t<meta name=\"twitter:label2\" content=\"Tiempo de lectura\" \/>\n\t<meta name=\"twitter:data2\" content=\"4 minutos\" \/>\n<script type=\"application\/ld+json\" class=\"yoast-schema-graph\">{\"@context\":\"https:\/\/schema.org\",\"@graph\":[{\"@type\":\"Article\",\"@id\":\"https:\/\/dev.antudigital.cl\/sites\/vc\/insomnia-estrena-pelicula-chilena-duele-y-deadpool-wolverine\/#article\",\"isPartOf\":{\"@id\":\"https:\/\/dev.antudigital.cl\/sites\/vc\/insomnia-estrena-pelicula-chilena-duele-y-deadpool-wolverine\/\"},\"author\":{\"name\":\"Valpara\u00edso Creativo\",\"@id\":\"https:\/\/dev.antudigital.cl\/sites\/vc\/#\/schema\/person\/c2b9da8dd545e27166fc5ab232837318\"},\"headline\":\"INSOMNIA estrena pel\u00edcula chilena \u201cDuele\u201d y \u201cDeadpool &amp; Wolverine\u201d\",\"datePublished\":\"2024-07-25T20:52:57+00:00\",\"dateModified\":\"2024-07-25T20:53:17+00:00\",\"mainEntityOfPage\":{\"@id\":\"https:\/\/dev.antudigital.cl\/sites\/vc\/insomnia-estrena-pelicula-chilena-duele-y-deadpool-wolverine\/\"},\"wordCount\":797,\"image\":{\"@id\":\"https:\/\/dev.antudigital.cl\/sites\/vc\/insomnia-estrena-pelicula-chilena-duele-y-deadpool-wolverine\/#primaryimage\"},\"thumbnailUrl\":\"https:\/\/dev.antudigital.cl\/sites\/vc\/wp-content\/uploads\/2024\/07\/Deadpool-Wolverine-2.jpg\",\"articleSection\":[\"Uncategorized\"],\"inLanguage\":\"es\"},{\"@type\":\"WebPage\",\"@id\":\"https:\/\/dev.antudigital.cl\/sites\/vc\/insomnia-estrena-pelicula-chilena-duele-y-deadpool-wolverine\/\",\"url\":\"https:\/\/dev.antudigital.cl\/sites\/vc\/insomnia-estrena-pelicula-chilena-duele-y-deadpool-wolverine\/\",\"name\":\"INSOMNIA estrena pel\u00edcula chilena \u201cDuele\u201d y \u201cDeadpool &amp; Wolverine\u201d - Valpara\u00ed\u00adso Creativo\",\"isPartOf\":{\"@id\":\"https:\/\/dev.antudigital.cl\/sites\/vc\/#website\"},\"primaryImageOfPage\":{\"@id\":\"https:\/\/dev.antudigital.cl\/sites\/vc\/insomnia-estrena-pelicula-chilena-duele-y-deadpool-wolverine\/#primaryimage\"},\"image\":{\"@id\":\"https:\/\/dev.antudigital.cl\/sites\/vc\/insomnia-estrena-pelicula-chilena-duele-y-deadpool-wolverine\/#primaryimage\"},\"thumbnailUrl\":\"https:\/\/dev.antudigital.cl\/sites\/vc\/wp-content\/uploads\/2024\/07\/Deadpool-Wolverine-2.jpg\",\"datePublished\":\"2024-07-25T20:52:57+00:00\",\"dateModified\":\"2024-07-25T20:53:17+00:00\",\"author\":{\"@id\":\"https:\/\/dev.antudigital.cl\/sites\/vc\/#\/schema\/person\/c2b9da8dd545e27166fc5ab232837318\"},\"breadcrumb\":{\"@id\":\"https:\/\/dev.antudigital.cl\/sites\/vc\/insomnia-estrena-pelicula-chilena-duele-y-deadpool-wolverine\/#breadcrumb\"},\"inLanguage\":\"es\",\"potentialAction\":[{\"@type\":\"ReadAction\",\"target\":[\"https:\/\/dev.antudigital.cl\/sites\/vc\/insomnia-estrena-pelicula-chilena-duele-y-deadpool-wolverine\/\"]}]},{\"@type\":\"ImageObject\",\"inLanguage\":\"es\",\"@id\":\"https:\/\/dev.antudigital.cl\/sites\/vc\/insomnia-estrena-pelicula-chilena-duele-y-deadpool-wolverine\/#primaryimage\",\"url\":\"https:\/\/dev.antudigital.cl\/sites\/vc\/wp-content\/uploads\/2024\/07\/Deadpool-Wolverine-2.jpg\",\"contentUrl\":\"https:\/\/dev.antudigital.cl\/sites\/vc\/wp-content\/uploads\/2024\/07\/Deadpool-Wolverine-2.jpg\",\"width\":1500,\"height\":1000},{\"@type\":\"BreadcrumbList\",\"@id\":\"https:\/\/dev.antudigital.cl\/sites\/vc\/insomnia-estrena-pelicula-chilena-duele-y-deadpool-wolverine\/#breadcrumb\",\"itemListElement\":[{\"@type\":\"ListItem\",\"position\":1,\"name\":\"Home\",\"item\":\"https:\/\/dev.antudigital.cl\/sites\/vc\/\"},{\"@type\":\"ListItem\",\"position\":2,\"name\":\"INSOMNIA estrena pel\u00edcula chilena \u201cDuele\u201d y \u201cDeadpool &amp; Wolverine\u201d\"}]},{\"@type\":\"WebSite\",\"@id\":\"https:\/\/dev.antudigital.cl\/sites\/vc\/#website\",\"url\":\"https:\/\/dev.antudigital.cl\/sites\/vc\/\",\"name\":\"Valpara\u00ed\u00adso Creativo\",\"description\":\"\",\"potentialAction\":[{\"@type\":\"SearchAction\",\"target\":{\"@type\":\"EntryPoint\",\"urlTemplate\":\"https:\/\/dev.antudigital.cl\/sites\/vc\/?s={search_term_string}\"},\"query-input\":{\"@type\":\"PropertyValueSpecification\",\"valueRequired\":true,\"valueName\":\"search_term_string\"}}],\"inLanguage\":\"es\"},{\"@type\":\"Person\",\"@id\":\"https:\/\/dev.antudigital.cl\/sites\/vc\/#\/schema\/person\/c2b9da8dd545e27166fc5ab232837318\",\"name\":\"Valpara\u00edso Creativo\",\"description\":\"Periodista de cultura en la Regi\u00f3n de Valpara\u00edso.\",\"url\":\"https:\/\/dev.antudigital.cl\/sites\/vc\/author\/valpoadmin\/\"}]}<\/script>\n<!-- \/ Yoast SEO plugin. -->","yoast_head_json":{"title":"INSOMNIA estrena pel\u00edcula chilena \u201cDuele\u201d y \u201cDeadpool &amp; Wolverine\u201d - Valpara\u00ed\u00adso Creativo","robots":{"index":"index","follow":"follow","max-snippet":"max-snippet:-1","max-image-preview":"max-image-preview:large","max-video-preview":"max-video-preview:-1"},"canonical":"https:\/\/dev.antudigital.cl\/sites\/vc\/insomnia-estrena-pelicula-chilena-duele-y-deadpool-wolverine\/","og_locale":"es_ES","og_type":"article","og_title":"INSOMNIA estrena pel\u00edcula chilena \u201cDuele\u201d y \u201cDeadpool &amp; Wolverine\u201d - Valpara\u00ed\u00adso Creativo","og_description":"Esta es una semana de estrenos por partida doble en INSOMNIA Teatro Condell. El jueves 25 a las 19:10 horas se estrena la pel\u00edcula chilena \u201cDuele\u201d con un cine foro que contar\u00e1 con la presencia del director Cote Ram\u00edrez. Posteriormente, a las 21:00 horas se estrena \u201cDeadpool &amp; Wolverine\u201d, una pel\u00edcula hilarante de humor negro [&hellip;]","og_url":"https:\/\/dev.antudigital.cl\/sites\/vc\/insomnia-estrena-pelicula-chilena-duele-y-deadpool-wolverine\/","og_site_name":"Valpara\u00ed\u00adso Creativo","article_published_time":"2024-07-25T20:52:57+00:00","article_modified_time":"2024-07-25T20:53:17+00:00","og_image":[{"width":1500,"height":1000,"url":"https:\/\/dev.antudigital.cl\/sites\/vc\/wp-content\/uploads\/2024\/07\/Deadpool-Wolverine-2.jpg","type":"image\/jpeg"}],"author":"Valpara\u00edso Creativo","twitter_card":"summary_large_image","twitter_misc":{"Escrito por":"Valpara\u00edso Creativo","Tiempo de lectura":"4 minutos"},"schema":{"@context":"https:\/\/schema.org","@graph":[{"@type":"Article","@id":"https:\/\/dev.antudigital.cl\/sites\/vc\/insomnia-estrena-pelicula-chilena-duele-y-deadpool-wolverine\/#article","isPartOf":{"@id":"https:\/\/dev.antudigital.cl\/sites\/vc\/insomnia-estrena-pelicula-chilena-duele-y-deadpool-wolverine\/"},"author":{"name":"Valpara\u00edso Creativo","@id":"https:\/\/dev.antudigital.cl\/sites\/vc\/#\/schema\/person\/c2b9da8dd545e27166fc5ab232837318"},"headline":"INSOMNIA estrena pel\u00edcula chilena \u201cDuele\u201d y \u201cDeadpool &amp; Wolverine\u201d","datePublished":"2024-07-25T20:52:57+00:00","dateModified":"2024-07-25T20:53:17+00:00","mainEntityOfPage":{"@id":"https:\/\/dev.antudigital.cl\/sites\/vc\/insomnia-estrena-pelicula-chilena-duele-y-deadpool-wolverine\/"},"wordCount":797,"image":{"@id":"https:\/\/dev.antudigital.cl\/sites\/vc\/insomnia-estrena-pelicula-chilena-duele-y-deadpool-wolverine\/#primaryimage"},"thumbnailUrl":"https:\/\/dev.antudigital.cl\/sites\/vc\/wp-content\/uploads\/2024\/07\/Deadpool-Wolverine-2.jpg","articleSection":["Uncategorized"],"inLanguage":"es"},{"@type":"WebPage","@id":"https:\/\/dev.antudigital.cl\/sites\/vc\/insomnia-estrena-pelicula-chilena-duele-y-deadpool-wolverine\/","url":"https:\/\/dev.antudigital.cl\/sites\/vc\/insomnia-estrena-pelicula-chilena-duele-y-deadpool-wolverine\/","name":"INSOMNIA estrena pel\u00edcula chilena \u201cDuele\u201d y \u201cDeadpool &amp; Wolverine\u201d - Valpara\u00ed\u00adso Creativo","isPartOf":{"@id":"https:\/\/dev.antudigital.cl\/sites\/vc\/#website"},"primaryImageOfPage":{"@id":"https:\/\/dev.antudigital.cl\/sites\/vc\/insomnia-estrena-pelicula-chilena-duele-y-deadpool-wolverine\/#primaryimage"},"image":{"@id":"https:\/\/dev.antudigital.cl\/sites\/vc\/insomnia-estrena-pelicula-chilena-duele-y-deadpool-wolverine\/#primaryimage"},"thumbnailUrl":"https:\/\/dev.antudigital.cl\/sites\/vc\/wp-content\/uploads\/2024\/07\/Deadpool-Wolverine-2.jpg","datePublished":"2024-07-25T20:52:57+00:00","dateModified":"2024-07-25T20:53:17+00:00","author":{"@id":"https:\/\/dev.antudigital.cl\/sites\/vc\/#\/schema\/person\/c2b9da8dd545e27166fc5ab232837318"},"breadcrumb":{"@id":"https:\/\/dev.antudigital.cl\/sites\/vc\/insomnia-estrena-pelicula-chilena-duele-y-deadpool-wolverine\/#breadcrumb"},"inLanguage":"es","potentialAction":[{"@type":"ReadAction","target":["https:\/\/dev.antudigital.cl\/sites\/vc\/insomnia-estrena-pelicula-chilena-duele-y-deadpool-wolverine\/"]}]},{"@type":"ImageObject","inLanguage":"es","@id":"https:\/\/dev.antudigital.cl\/sites\/vc\/insomnia-estrena-pelicula-chilena-duele-y-deadpool-wolverine\/#primaryimage","url":"https:\/\/dev.antudigital.cl\/sites\/vc\/wp-content\/uploads\/2024\/07\/Deadpool-Wolverine-2.jpg","contentUrl":"https:\/\/dev.antudigital.cl\/sites\/vc\/wp-content\/uploads\/2024\/07\/Deadpool-Wolverine-2.jpg","width":1500,"height":1000},{"@type":"BreadcrumbList","@id":"https:\/\/dev.antudigital.cl\/sites\/vc\/insomnia-estrena-pelicula-chilena-duele-y-deadpool-wolverine\/#breadcrumb","itemListElement":[{"@type":"ListItem","position":1,"name":"Home","item":"https:\/\/dev.antudigital.cl\/sites\/vc\/"},{"@type":"ListItem","position":2,"name":"INSOMNIA estrena pel\u00edcula chilena \u201cDuele\u201d y \u201cDeadpool &amp; Wolverine\u201d"}]},{"@type":"WebSite","@id":"https:\/\/dev.antudigital.cl\/sites\/vc\/#website","url":"https:\/\/dev.antudigital.cl\/sites\/vc\/","name":"Valpara\u00ed\u00adso Creativo","description":"","potentialAction":[{"@type":"SearchAction","target":{"@type":"EntryPoint","urlTemplate":"https:\/\/dev.antudigital.cl\/sites\/vc\/?s={search_term_string}"},"query-input":{"@type":"PropertyValueSpecification","valueRequired":true,"valueName":"search_term_string"}}],"inLanguage":"es"},{"@type":"Person","@id":"https:\/\/dev.antudigital.cl\/sites\/vc\/#\/schema\/person\/c2b9da8dd545e27166fc5ab232837318","name":"Valpara\u00edso Creativo","description":"Periodista de cultura en la Regi\u00f3n de Valpara\u00edso.","url":"https:\/\/dev.antudigital.cl\/sites\/vc\/author\/valpoadmin\/"}]}},"_links":{"self":[{"href":"https:\/\/dev.antudigital.cl\/sites\/vc\/wp-json\/wp\/v2\/posts\/19832","targetHints":{"allow":["GET"]}}],"collection":[{"href":"https:\/\/dev.antudigital.cl\/sites\/vc\/wp-json\/wp\/v2\/posts"}],"about":[{"href":"https:\/\/dev.antudigital.cl\/sites\/vc\/wp-json\/wp\/v2\/types\/post"}],"author":[{"embeddable":true,"href":"https:\/\/dev.antudigital.cl\/sites\/vc\/wp-json\/wp\/v2\/users\/1"}],"replies":[{"embeddable":true,"href":"https:\/\/dev.antudigital.cl\/sites\/vc\/wp-json\/wp\/v2\/comments?post=19832"}],"version-history":[{"count":1,"href":"https:\/\/dev.antudigital.cl\/sites\/vc\/wp-json\/wp\/v2\/posts\/19832\/revisions"}],"predecessor-version":[{"id":19836,"href":"https:\/\/dev.antudigital.cl\/sites\/vc\/wp-json\/wp\/v2\/posts\/19832\/revisions\/19836"}],"wp:featuredmedia":[{"embeddable":true,"href":"https:\/\/dev.antudigital.cl\/sites\/vc\/wp-json\/wp\/v2\/media\/19835"}],"wp:attachment":[{"href":"https:\/\/dev.antudigital.cl\/sites\/vc\/wp-json\/wp\/v2\/media?parent=19832"}],"wp:term":[{"taxonomy":"category","embeddable":true,"href":"https:\/\/dev.antudigital.cl\/sites\/vc\/wp-json\/wp\/v2\/categories?post=19832"},{"taxonomy":"post_tag","embeddable":true,"href":"https:\/\/dev.antudigital.cl\/sites\/vc\/wp-json\/wp\/v2\/tags?post=19832"}],"curies":[{"name":"wp","href":"https:\/\/api.w.org\/{rel}","templated":true}]}}