{"id":19841,"date":"2024-07-25T21:16:55","date_gmt":"2024-07-25T21:16:55","guid":{"rendered":"https:\/\/www.valparaisocreativo.cl\/?p=19841"},"modified":"2024-07-25T21:17:12","modified_gmt":"2024-07-25T21:17:12","slug":"nueva-convocatoria-a-laboratorio-de-produccion-musical-de-balmaceda-arte-joven-valparaiso","status":"publish","type":"post","link":"https:\/\/dev.antudigital.cl\/sites\/vc\/nueva-convocatoria-a-laboratorio-de-produccion-musical-de-balmaceda-arte-joven-valparaiso\/","title":{"rendered":"Nueva convocatoria a Laboratorio de Producci\u00f3n Musical de Balmaceda Arte Joven Valpara\u00edso"},"content":{"rendered":"\n<p><strong>En su d\u00e9cima edici\u00f3n, el Laboratorio de Producci\u00f3n Musical (LPM), una iniciativa promovida y organizada por Balmaceda Arte Joven Valpara\u00edso, abre su nueva convocatoria dirigida a j\u00f3venes solistas emergentes y futuros productores musicales de la regi\u00f3n.<\/strong><\/p>\n\n\n\n<p>Dirigido a j\u00f3venes de entre 18 y 29 a\u00f1os, el programa formativo LPM invita a personas interesadas en la profesionalizaci\u00f3n musical a participar en nuestra convocatoria. Esta iniciativa ofrece valiosas herramientas t\u00e9cnico-pr\u00e1cticas que fortalecer\u00e1n sus habilidades en creaci\u00f3n, composici\u00f3n, trabajo en equipo e identidad musical. Las postulaciones estar\u00e1n abiertas hasta el 04 de agosto de 2024.<\/p>\n\n\n\n<p>El prop\u00f3sito es fortalecer los diversos aspectos del desarrollo de m\u00fasica popular, fusionando g\u00e9neros que van desde el rock hasta el folk y lo urbano, entre otros estilos. Adem\u00e1s, se explorar\u00e1n las fases de elaboraci\u00f3n de un plan de trabajo y producci\u00f3n ejecutiva, incluyendo aspectos de derechos de autor, promoci\u00f3n, distribuci\u00f3n digital y el contexto actual de la industria musical en el pa\u00eds.<\/p>\n\n\n\n<figure class=\"wp-block-image size-large\"><img fetchpriority=\"high\" decoding=\"async\" width=\"1024\" height=\"684\" src=\"https:\/\/www.valparaisocreativo.cl\/wp-content\/uploads\/2024\/07\/LPM-1024x684.jpg\" alt=\"\" class=\"wp-image-19843\" srcset=\"https:\/\/dev.antudigital.cl\/sites\/vc\/wp-content\/uploads\/2024\/07\/LPM-1024x684.jpg 1024w, https:\/\/dev.antudigital.cl\/sites\/vc\/wp-content\/uploads\/2024\/07\/LPM-300x200.jpg 300w, https:\/\/dev.antudigital.cl\/sites\/vc\/wp-content\/uploads\/2024\/07\/LPM-768x513.jpg 768w, https:\/\/dev.antudigital.cl\/sites\/vc\/wp-content\/uploads\/2024\/07\/LPM-1536x1026.jpg 1536w, https:\/\/dev.antudigital.cl\/sites\/vc\/wp-content\/uploads\/2024\/07\/LPM-2048x1368.jpg 2048w, https:\/\/dev.antudigital.cl\/sites\/vc\/wp-content\/uploads\/2024\/07\/LPM-1080x721.jpg 1080w, https:\/\/dev.antudigital.cl\/sites\/vc\/wp-content\/uploads\/2024\/07\/LPM-1280x855.jpg 1280w, https:\/\/dev.antudigital.cl\/sites\/vc\/wp-content\/uploads\/2024\/07\/LPM-980x655.jpg 980w, https:\/\/dev.antudigital.cl\/sites\/vc\/wp-content\/uploads\/2024\/07\/LPM-480x321.jpg 480w, https:\/\/dev.antudigital.cl\/sites\/vc\/wp-content\/uploads\/2024\/07\/LPM-24x16.jpg 24w, https:\/\/dev.antudigital.cl\/sites\/vc\/wp-content\/uploads\/2024\/07\/LPM-36x24.jpg 36w, https:\/\/dev.antudigital.cl\/sites\/vc\/wp-content\/uploads\/2024\/07\/LPM-48x32.jpg 48w\" sizes=\"(max-width: 1024px) 100vw, 1024px\" \/><\/figure>\n\n\n\n<p>El desarrollo ser\u00e1 coordinado por&nbsp;<strong>Charlie Checkz<\/strong>, productor musical, quien a trabajado con artistas como Acord2, Afy, Shamanes Crew, Mc Brow y Movimiento Original, produciendo \u00e1lbumes galardonados como \u00abMOV Rap and Reggae\u00bb.<\/p>\n\n\n\n<p>A lo largo del programa, se llevar\u00e1n a cabo clases magistrales a cargo de destacadxs l\u00edderes de la industria de la m\u00fasica popular chilena. Estas sesiones ofrecer\u00e1n una oportunidad \u00fanica para aprender de la experiencia y el conocimiento de destacadxs agentes del sector, quienes compartir\u00e1n insights valiosos sobre tendencias, estrategias y pr\u00e1cticas actuales en el \u00e1mbito musical nacional.<\/p>\n\n\n\n<p>El laboratorio concluir\u00e1 con un concierto presencial abierto al p\u00fablico, que servir\u00e1 como plataforma para destacar a los artistas y sus proyectos musicales dentro del Festival Volar 2024. Adem\u00e1s, se llevar\u00e1 a cabo la grabaci\u00f3n de un disco compilatorio en formato digital para cerrar el programa.<\/p>\n\n\n\n<p><strong>Con un total de 15 sesiones, las clases se realizar\u00e1n de manera presencial todos los martes y jueves, desde las 17:00 a 19:00 hrs, desde el martes 20 de agosto hasta el 15 de octubre del 2024.<\/strong><br><strong><br><\/strong><strong>El Laboratorio es completamente gratuito.<\/strong><\/p>\n\n\n\n<p>\u00bfQuieres conocer m\u00e1s del proyecto?, <strong>revisa las bases y postula en baj.cl&nbsp;<\/strong><\/p>\n","protected":false},"excerpt":{"rendered":"<p>En su d\u00e9cima edici\u00f3n, el Laboratorio de Producci\u00f3n Musical (LPM), una iniciativa promovida y organizada por Balmaceda Arte Joven Valpara\u00edso, abre su nueva convocatoria dirigida a j\u00f3venes solistas emergentes y futuros productores musicales de la regi\u00f3n. Dirigido a j\u00f3venes de entre 18 y 29 a\u00f1os, el programa formativo LPM invita a personas interesadas en la [&hellip;]<\/p>\n","protected":false},"author":1,"featured_media":19842,"comment_status":"closed","ping_status":"closed","sticky":false,"template":"","format":"standard","meta":{"_acf_changed":false,"footnotes":""},"categories":[8],"tags":[],"class_list":["post-19841","post","type-post","status-publish","format-standard","has-post-thumbnail","hentry","category-noticia"],"acf":[],"yoast_head":"<!-- This site is optimized with the Yoast SEO plugin v27.1.1 - https:\/\/yoast.com\/product\/yoast-seo-wordpress\/ -->\n<title>Nueva convocatoria a Laboratorio de Producci\u00f3n Musical de Balmaceda Arte Joven Valpara\u00edso - Valpara\u00ed\u00adso Creativo<\/title>\n<meta name=\"robots\" content=\"index, follow, max-snippet:-1, max-image-preview:large, max-video-preview:-1\" \/>\n<link rel=\"canonical\" href=\"https:\/\/dev.antudigital.cl\/sites\/vc\/nueva-convocatoria-a-laboratorio-de-produccion-musical-de-balmaceda-arte-joven-valparaiso\/\" \/>\n<meta property=\"og:locale\" content=\"es_ES\" \/>\n<meta property=\"og:type\" content=\"article\" \/>\n<meta property=\"og:title\" content=\"Nueva convocatoria a Laboratorio de Producci\u00f3n Musical de Balmaceda Arte Joven Valpara\u00edso - Valpara\u00ed\u00adso Creativo\" \/>\n<meta property=\"og:description\" content=\"En su d\u00e9cima edici\u00f3n, el Laboratorio de Producci\u00f3n Musical (LPM), una iniciativa promovida y organizada por Balmaceda Arte Joven Valpara\u00edso, abre su nueva convocatoria dirigida a j\u00f3venes solistas emergentes y futuros productores musicales de la regi\u00f3n. Dirigido a j\u00f3venes de entre 18 y 29 a\u00f1os, el programa formativo LPM invita a personas interesadas en la [&hellip;]\" \/>\n<meta property=\"og:url\" content=\"https:\/\/dev.antudigital.cl\/sites\/vc\/nueva-convocatoria-a-laboratorio-de-produccion-musical-de-balmaceda-arte-joven-valparaiso\/\" \/>\n<meta property=\"og:site_name\" content=\"Valpara\u00ed\u00adso Creativo\" \/>\n<meta property=\"article:published_time\" content=\"2024-07-25T21:16:55+00:00\" \/>\n<meta property=\"article:modified_time\" content=\"2024-07-25T21:17:12+00:00\" \/>\n<meta property=\"og:image\" content=\"https:\/\/dev.antudigital.cl\/sites\/vc\/wp-content\/uploads\/2024\/07\/LPMBANNER.png\" \/>\n\t<meta property=\"og:image:width\" content=\"1340\" \/>\n\t<meta property=\"og:image:height\" content=\"818\" \/>\n\t<meta property=\"og:image:type\" content=\"image\/png\" \/>\n<meta name=\"author\" content=\"Valpara\u00edso Creativo\" \/>\n<meta name=\"twitter:card\" content=\"summary_large_image\" \/>\n<meta name=\"twitter:label1\" content=\"Escrito por\" \/>\n\t<meta name=\"twitter:data1\" content=\"Valpara\u00edso Creativo\" \/>\n\t<meta name=\"twitter:label2\" content=\"Tiempo de lectura\" \/>\n\t<meta name=\"twitter:data2\" content=\"2 minutos\" \/>\n<script type=\"application\/ld+json\" class=\"yoast-schema-graph\">{\"@context\":\"https:\/\/schema.org\",\"@graph\":[{\"@type\":\"Article\",\"@id\":\"https:\/\/dev.antudigital.cl\/sites\/vc\/nueva-convocatoria-a-laboratorio-de-produccion-musical-de-balmaceda-arte-joven-valparaiso\/#article\",\"isPartOf\":{\"@id\":\"https:\/\/dev.antudigital.cl\/sites\/vc\/nueva-convocatoria-a-laboratorio-de-produccion-musical-de-balmaceda-arte-joven-valparaiso\/\"},\"author\":{\"name\":\"Valpara\u00edso Creativo\",\"@id\":\"https:\/\/dev.antudigital.cl\/sites\/vc\/#\/schema\/person\/c2b9da8dd545e27166fc5ab232837318\"},\"headline\":\"Nueva convocatoria a Laboratorio de Producci\u00f3n Musical de Balmaceda Arte Joven Valpara\u00edso\",\"datePublished\":\"2024-07-25T21:16:55+00:00\",\"dateModified\":\"2024-07-25T21:17:12+00:00\",\"mainEntityOfPage\":{\"@id\":\"https:\/\/dev.antudigital.cl\/sites\/vc\/nueva-convocatoria-a-laboratorio-de-produccion-musical-de-balmaceda-arte-joven-valparaiso\/\"},\"wordCount\":387,\"image\":{\"@id\":\"https:\/\/dev.antudigital.cl\/sites\/vc\/nueva-convocatoria-a-laboratorio-de-produccion-musical-de-balmaceda-arte-joven-valparaiso\/#primaryimage\"},\"thumbnailUrl\":\"https:\/\/dev.antudigital.cl\/sites\/vc\/wp-content\/uploads\/2024\/07\/LPMBANNER.png\",\"articleSection\":[\"Noticia\"],\"inLanguage\":\"es\"},{\"@type\":\"WebPage\",\"@id\":\"https:\/\/dev.antudigital.cl\/sites\/vc\/nueva-convocatoria-a-laboratorio-de-produccion-musical-de-balmaceda-arte-joven-valparaiso\/\",\"url\":\"https:\/\/dev.antudigital.cl\/sites\/vc\/nueva-convocatoria-a-laboratorio-de-produccion-musical-de-balmaceda-arte-joven-valparaiso\/\",\"name\":\"Nueva convocatoria a Laboratorio de Producci\u00f3n Musical de Balmaceda Arte Joven Valpara\u00edso - Valpara\u00ed\u00adso Creativo\",\"isPartOf\":{\"@id\":\"https:\/\/dev.antudigital.cl\/sites\/vc\/#website\"},\"primaryImageOfPage\":{\"@id\":\"https:\/\/dev.antudigital.cl\/sites\/vc\/nueva-convocatoria-a-laboratorio-de-produccion-musical-de-balmaceda-arte-joven-valparaiso\/#primaryimage\"},\"image\":{\"@id\":\"https:\/\/dev.antudigital.cl\/sites\/vc\/nueva-convocatoria-a-laboratorio-de-produccion-musical-de-balmaceda-arte-joven-valparaiso\/#primaryimage\"},\"thumbnailUrl\":\"https:\/\/dev.antudigital.cl\/sites\/vc\/wp-content\/uploads\/2024\/07\/LPMBANNER.png\",\"datePublished\":\"2024-07-25T21:16:55+00:00\",\"dateModified\":\"2024-07-25T21:17:12+00:00\",\"author\":{\"@id\":\"https:\/\/dev.antudigital.cl\/sites\/vc\/#\/schema\/person\/c2b9da8dd545e27166fc5ab232837318\"},\"breadcrumb\":{\"@id\":\"https:\/\/dev.antudigital.cl\/sites\/vc\/nueva-convocatoria-a-laboratorio-de-produccion-musical-de-balmaceda-arte-joven-valparaiso\/#breadcrumb\"},\"inLanguage\":\"es\",\"potentialAction\":[{\"@type\":\"ReadAction\",\"target\":[\"https:\/\/dev.antudigital.cl\/sites\/vc\/nueva-convocatoria-a-laboratorio-de-produccion-musical-de-balmaceda-arte-joven-valparaiso\/\"]}]},{\"@type\":\"ImageObject\",\"inLanguage\":\"es\",\"@id\":\"https:\/\/dev.antudigital.cl\/sites\/vc\/nueva-convocatoria-a-laboratorio-de-produccion-musical-de-balmaceda-arte-joven-valparaiso\/#primaryimage\",\"url\":\"https:\/\/dev.antudigital.cl\/sites\/vc\/wp-content\/uploads\/2024\/07\/LPMBANNER.png\",\"contentUrl\":\"https:\/\/dev.antudigital.cl\/sites\/vc\/wp-content\/uploads\/2024\/07\/LPMBANNER.png\",\"width\":1340,\"height\":818},{\"@type\":\"BreadcrumbList\",\"@id\":\"https:\/\/dev.antudigital.cl\/sites\/vc\/nueva-convocatoria-a-laboratorio-de-produccion-musical-de-balmaceda-arte-joven-valparaiso\/#breadcrumb\",\"itemListElement\":[{\"@type\":\"ListItem\",\"position\":1,\"name\":\"Home\",\"item\":\"https:\/\/dev.antudigital.cl\/sites\/vc\/\"},{\"@type\":\"ListItem\",\"position\":2,\"name\":\"Nueva convocatoria a Laboratorio de Producci\u00f3n Musical de Balmaceda Arte Joven Valpara\u00edso\"}]},{\"@type\":\"WebSite\",\"@id\":\"https:\/\/dev.antudigital.cl\/sites\/vc\/#website\",\"url\":\"https:\/\/dev.antudigital.cl\/sites\/vc\/\",\"name\":\"Valpara\u00ed\u00adso Creativo\",\"description\":\"\",\"potentialAction\":[{\"@type\":\"SearchAction\",\"target\":{\"@type\":\"EntryPoint\",\"urlTemplate\":\"https:\/\/dev.antudigital.cl\/sites\/vc\/?s={search_term_string}\"},\"query-input\":{\"@type\":\"PropertyValueSpecification\",\"valueRequired\":true,\"valueName\":\"search_term_string\"}}],\"inLanguage\":\"es\"},{\"@type\":\"Person\",\"@id\":\"https:\/\/dev.antudigital.cl\/sites\/vc\/#\/schema\/person\/c2b9da8dd545e27166fc5ab232837318\",\"name\":\"Valpara\u00edso Creativo\",\"description\":\"Periodista de cultura en la Regi\u00f3n de Valpara\u00edso.\",\"url\":\"https:\/\/dev.antudigital.cl\/sites\/vc\/author\/valpoadmin\/\"}]}<\/script>\n<!-- \/ Yoast SEO plugin. -->","yoast_head_json":{"title":"Nueva convocatoria a Laboratorio de Producci\u00f3n Musical de Balmaceda Arte Joven Valpara\u00edso - Valpara\u00ed\u00adso Creativo","robots":{"index":"index","follow":"follow","max-snippet":"max-snippet:-1","max-image-preview":"max-image-preview:large","max-video-preview":"max-video-preview:-1"},"canonical":"https:\/\/dev.antudigital.cl\/sites\/vc\/nueva-convocatoria-a-laboratorio-de-produccion-musical-de-balmaceda-arte-joven-valparaiso\/","og_locale":"es_ES","og_type":"article","og_title":"Nueva convocatoria a Laboratorio de Producci\u00f3n Musical de Balmaceda Arte Joven Valpara\u00edso - Valpara\u00ed\u00adso Creativo","og_description":"En su d\u00e9cima edici\u00f3n, el Laboratorio de Producci\u00f3n Musical (LPM), una iniciativa promovida y organizada por Balmaceda Arte Joven Valpara\u00edso, abre su nueva convocatoria dirigida a j\u00f3venes solistas emergentes y futuros productores musicales de la regi\u00f3n. Dirigido a j\u00f3venes de entre 18 y 29 a\u00f1os, el programa formativo LPM invita a personas interesadas en la [&hellip;]","og_url":"https:\/\/dev.antudigital.cl\/sites\/vc\/nueva-convocatoria-a-laboratorio-de-produccion-musical-de-balmaceda-arte-joven-valparaiso\/","og_site_name":"Valpara\u00ed\u00adso Creativo","article_published_time":"2024-07-25T21:16:55+00:00","article_modified_time":"2024-07-25T21:17:12+00:00","og_image":[{"width":1340,"height":818,"url":"https:\/\/dev.antudigital.cl\/sites\/vc\/wp-content\/uploads\/2024\/07\/LPMBANNER.png","type":"image\/png"}],"author":"Valpara\u00edso Creativo","twitter_card":"summary_large_image","twitter_misc":{"Escrito por":"Valpara\u00edso Creativo","Tiempo de lectura":"2 minutos"},"schema":{"@context":"https:\/\/schema.org","@graph":[{"@type":"Article","@id":"https:\/\/dev.antudigital.cl\/sites\/vc\/nueva-convocatoria-a-laboratorio-de-produccion-musical-de-balmaceda-arte-joven-valparaiso\/#article","isPartOf":{"@id":"https:\/\/dev.antudigital.cl\/sites\/vc\/nueva-convocatoria-a-laboratorio-de-produccion-musical-de-balmaceda-arte-joven-valparaiso\/"},"author":{"name":"Valpara\u00edso Creativo","@id":"https:\/\/dev.antudigital.cl\/sites\/vc\/#\/schema\/person\/c2b9da8dd545e27166fc5ab232837318"},"headline":"Nueva convocatoria a Laboratorio de Producci\u00f3n Musical de Balmaceda Arte Joven Valpara\u00edso","datePublished":"2024-07-25T21:16:55+00:00","dateModified":"2024-07-25T21:17:12+00:00","mainEntityOfPage":{"@id":"https:\/\/dev.antudigital.cl\/sites\/vc\/nueva-convocatoria-a-laboratorio-de-produccion-musical-de-balmaceda-arte-joven-valparaiso\/"},"wordCount":387,"image":{"@id":"https:\/\/dev.antudigital.cl\/sites\/vc\/nueva-convocatoria-a-laboratorio-de-produccion-musical-de-balmaceda-arte-joven-valparaiso\/#primaryimage"},"thumbnailUrl":"https:\/\/dev.antudigital.cl\/sites\/vc\/wp-content\/uploads\/2024\/07\/LPMBANNER.png","articleSection":["Noticia"],"inLanguage":"es"},{"@type":"WebPage","@id":"https:\/\/dev.antudigital.cl\/sites\/vc\/nueva-convocatoria-a-laboratorio-de-produccion-musical-de-balmaceda-arte-joven-valparaiso\/","url":"https:\/\/dev.antudigital.cl\/sites\/vc\/nueva-convocatoria-a-laboratorio-de-produccion-musical-de-balmaceda-arte-joven-valparaiso\/","name":"Nueva convocatoria a Laboratorio de Producci\u00f3n Musical de Balmaceda Arte Joven Valpara\u00edso - Valpara\u00ed\u00adso Creativo","isPartOf":{"@id":"https:\/\/dev.antudigital.cl\/sites\/vc\/#website"},"primaryImageOfPage":{"@id":"https:\/\/dev.antudigital.cl\/sites\/vc\/nueva-convocatoria-a-laboratorio-de-produccion-musical-de-balmaceda-arte-joven-valparaiso\/#primaryimage"},"image":{"@id":"https:\/\/dev.antudigital.cl\/sites\/vc\/nueva-convocatoria-a-laboratorio-de-produccion-musical-de-balmaceda-arte-joven-valparaiso\/#primaryimage"},"thumbnailUrl":"https:\/\/dev.antudigital.cl\/sites\/vc\/wp-content\/uploads\/2024\/07\/LPMBANNER.png","datePublished":"2024-07-25T21:16:55+00:00","dateModified":"2024-07-25T21:17:12+00:00","author":{"@id":"https:\/\/dev.antudigital.cl\/sites\/vc\/#\/schema\/person\/c2b9da8dd545e27166fc5ab232837318"},"breadcrumb":{"@id":"https:\/\/dev.antudigital.cl\/sites\/vc\/nueva-convocatoria-a-laboratorio-de-produccion-musical-de-balmaceda-arte-joven-valparaiso\/#breadcrumb"},"inLanguage":"es","potentialAction":[{"@type":"ReadAction","target":["https:\/\/dev.antudigital.cl\/sites\/vc\/nueva-convocatoria-a-laboratorio-de-produccion-musical-de-balmaceda-arte-joven-valparaiso\/"]}]},{"@type":"ImageObject","inLanguage":"es","@id":"https:\/\/dev.antudigital.cl\/sites\/vc\/nueva-convocatoria-a-laboratorio-de-produccion-musical-de-balmaceda-arte-joven-valparaiso\/#primaryimage","url":"https:\/\/dev.antudigital.cl\/sites\/vc\/wp-content\/uploads\/2024\/07\/LPMBANNER.png","contentUrl":"https:\/\/dev.antudigital.cl\/sites\/vc\/wp-content\/uploads\/2024\/07\/LPMBANNER.png","width":1340,"height":818},{"@type":"BreadcrumbList","@id":"https:\/\/dev.antudigital.cl\/sites\/vc\/nueva-convocatoria-a-laboratorio-de-produccion-musical-de-balmaceda-arte-joven-valparaiso\/#breadcrumb","itemListElement":[{"@type":"ListItem","position":1,"name":"Home","item":"https:\/\/dev.antudigital.cl\/sites\/vc\/"},{"@type":"ListItem","position":2,"name":"Nueva convocatoria a Laboratorio de Producci\u00f3n Musical de Balmaceda Arte Joven Valpara\u00edso"}]},{"@type":"WebSite","@id":"https:\/\/dev.antudigital.cl\/sites\/vc\/#website","url":"https:\/\/dev.antudigital.cl\/sites\/vc\/","name":"Valpara\u00ed\u00adso Creativo","description":"","potentialAction":[{"@type":"SearchAction","target":{"@type":"EntryPoint","urlTemplate":"https:\/\/dev.antudigital.cl\/sites\/vc\/?s={search_term_string}"},"query-input":{"@type":"PropertyValueSpecification","valueRequired":true,"valueName":"search_term_string"}}],"inLanguage":"es"},{"@type":"Person","@id":"https:\/\/dev.antudigital.cl\/sites\/vc\/#\/schema\/person\/c2b9da8dd545e27166fc5ab232837318","name":"Valpara\u00edso Creativo","description":"Periodista de cultura en la Regi\u00f3n de Valpara\u00edso.","url":"https:\/\/dev.antudigital.cl\/sites\/vc\/author\/valpoadmin\/"}]}},"_links":{"self":[{"href":"https:\/\/dev.antudigital.cl\/sites\/vc\/wp-json\/wp\/v2\/posts\/19841","targetHints":{"allow":["GET"]}}],"collection":[{"href":"https:\/\/dev.antudigital.cl\/sites\/vc\/wp-json\/wp\/v2\/posts"}],"about":[{"href":"https:\/\/dev.antudigital.cl\/sites\/vc\/wp-json\/wp\/v2\/types\/post"}],"author":[{"embeddable":true,"href":"https:\/\/dev.antudigital.cl\/sites\/vc\/wp-json\/wp\/v2\/users\/1"}],"replies":[{"embeddable":true,"href":"https:\/\/dev.antudigital.cl\/sites\/vc\/wp-json\/wp\/v2\/comments?post=19841"}],"version-history":[{"count":1,"href":"https:\/\/dev.antudigital.cl\/sites\/vc\/wp-json\/wp\/v2\/posts\/19841\/revisions"}],"predecessor-version":[{"id":19844,"href":"https:\/\/dev.antudigital.cl\/sites\/vc\/wp-json\/wp\/v2\/posts\/19841\/revisions\/19844"}],"wp:featuredmedia":[{"embeddable":true,"href":"https:\/\/dev.antudigital.cl\/sites\/vc\/wp-json\/wp\/v2\/media\/19842"}],"wp:attachment":[{"href":"https:\/\/dev.antudigital.cl\/sites\/vc\/wp-json\/wp\/v2\/media?parent=19841"}],"wp:term":[{"taxonomy":"category","embeddable":true,"href":"https:\/\/dev.antudigital.cl\/sites\/vc\/wp-json\/wp\/v2\/categories?post=19841"},{"taxonomy":"post_tag","embeddable":true,"href":"https:\/\/dev.antudigital.cl\/sites\/vc\/wp-json\/wp\/v2\/tags?post=19841"}],"curies":[{"name":"wp","href":"https:\/\/api.w.org\/{rel}","templated":true}]}}