{"id":19850,"date":"2024-07-25T21:25:57","date_gmt":"2024-07-25T21:25:57","guid":{"rendered":"https:\/\/www.valparaisocreativo.cl\/?p=19850"},"modified":"2024-07-25T21:26:14","modified_gmt":"2024-07-25T21:26:14","slug":"crtic-fest-el-evento-que-trae-a-chile-a-un-ganador-de-un-emmy-por-su-trabajo-en-game-of-thrones","status":"publish","type":"post","link":"https:\/\/dev.antudigital.cl\/sites\/vc\/crtic-fest-el-evento-que-trae-a-chile-a-un-ganador-de-un-emmy-por-su-trabajo-en-game-of-thrones\/","title":{"rendered":"CRTIC Fest: el evento que trae a Chile a un ganador de un Emmy por su trabajo en Game of Thrones"},"content":{"rendered":"\n<p><em>El Festival es gratuito y se llevar\u00e1 a cabo entre el 7 y el 9 agosto en Santiago y del 10 al 11 en Puc\u00f3n y Villarrica.<\/em><\/p>\n\n\n\n<p>Una invitaci\u00f3n a sumarse \u201ca la revoluci\u00f3n tecnocreativa de Chile al mundo\u201d es lo que propone el CRTIC Fest: una iniciativa impulsada por el Centro para la Revoluci\u00f3n Tecnol\u00f3gica en Industrias Creativas (<a href=\"https:\/\/www.crtic.cl\/\" target=\"_blank\" rel=\"noreferrer noopener\">CRTIC<\/a>) y que busca visibilizar la importancia del cruce entre tecnolog\u00eda y creatividad para impulsar la innovaci\u00f3n y el desarrollo de soluciones disruptivas a los desaf\u00edos actuales.&nbsp;<\/p>\n\n\n\n<p>El CRTIC es un proyecto gestionado por la Fundaci\u00f3n para la Revoluci\u00f3n Tecnocreativa; entidad liderada por Bizarro Live Entertainment (parte de Be Live Group), junto a socios como la Universidad de La Frontera, Inria Chile, Centro de Innovaci\u00f3n UC, Screen Capital, Santa Cruz IP, la Corporaci\u00f3n Regional de Santiago e impulsada por CORFO para desarrollar estrategias e infraestructura especializada de vanguardia, 100% dedicada a acercar el I+D+i (Investigaci\u00f3n + Desarrollo + innovaci\u00f3n tecnol\u00f3gica) a iniciativas del sector creativo, propiciando proyectos que impacten, diversifiquen y fomenten la matriz productiva nacional.<\/p>\n\n\n\n<p>\u201cCRTIC Fest ser\u00e1 una gran ventana internacional para mostrar el enorme talento tecnocreativo en Chile, adem\u00e1s de reunir en nuestro pa\u00eds a los mayores exponentes del ecosistema a nivel mundial. Vamos a ver personas que han pasado por los equipos de Game of Thrones y Fortnite, as\u00ed como del&nbsp;<a href=\"https:\/\/www.youtube.com\/watch?v=FE6siXmPCP8\" target=\"_blank\" rel=\"noreferrer noopener\">Museo inmersivo de Mozart<\/a>\u201d, explica Isidora Cabez\u00f3n, directora ejecutiva del CRTIC.<\/p>\n\n\n\n<p>Pero \u00bfqu\u00e9 es la tecnocreatividad? Esta consiste en la capacidad de aprovechar el potencial tecnol\u00f3gico existente para dar rienda suelta a la creatividad humana. Se trata de la posibilidad de ir m\u00e1s all\u00e1 de nuestra imaginaci\u00f3n, transformando el talento de hoy en la innovaci\u00f3n del ma\u00f1ana al unir dos nociones que para muchas personas pueden parecer opuestas: la creatividad (ligada a la imaginaci\u00f3n y la libertad) y la tecnolog\u00eda (ligada a la racionalidad y el an\u00e1lisis). Algo as\u00ed como un nuevo impulso para pensar soluciones innovadoras y disruptivas.<\/p>\n\n\n\n<p>As\u00ed, la realidad virtual, las experiencias sonoras inmersivas, la producci\u00f3n virtual, el mapping y las animaciones digitales ser\u00e1n protagonistas de este espacio tecnocreativo que adem\u00e1s contar\u00e1 con m\u00e1s de 10 speakers nacionales e internacionales, como Adam Dubov, ganador de un Emmy por su trabajo en Game of Thrones y Michael Sehgal, desarrollador de Unreal Engine: el principal motor de videojuegos en la actualidad.&nbsp;<\/p>\n\n\n\n<p>Dubov es un destacado productor ejecutivo reconocido como estratega de contenido y director creativo con una trayectoria de tres d\u00e9cadas de \u00e9xitos en cine, televisi\u00f3n, medios digitales, y tecnolog\u00edas emergentes como la Realidad Aumentada. En tanto, Sehgal se ha destacado por su expertise en tecnolog\u00edas gr\u00e1ficas, softwares interactivos, desarrollo de juegos, animaci\u00f3n 3D y producci\u00f3n de largometrajes con efectos visuales (VFX). Desde 2019 se ha desempe\u00f1ado como Estratega Global para el Programa de Socios de Unreal Engine en Epic Games, liderando iniciativas clave en la vanguardia de la industria tecnol\u00f3gica y del entretenimiento a nivel mundial.<\/p>\n\n\n\n<p><strong>\u00bfC\u00f3mo participar?<\/strong><\/p>\n\n\n\n<p>El primer \u201cc\u00f3nclave tecnocreativo\u201d de Chile contar\u00e1 con c\u00e1tedras magistrales, talleres, paneles y exhibiciones abiertas a p\u00fablico general previa inscripci\u00f3n a trav\u00e9s del&nbsp;<a href=\"https:\/\/crticfest.cl\/\" target=\"_blank\" rel=\"noreferrer noopener\">sitio web<\/a>. Todo esto en un encuentro de cinco d\u00edas que se llevar\u00e1 a cabo desde el 7 al 11 de agosto entre Santiago (Centro Cultural CEINA), Villarrica y Puc\u00f3n.<\/p>\n\n\n\n<p>\u00abEste festival es un claro ejemplo de c\u00f3mo la colaboraci\u00f3n entre el sector p\u00fablico y privado puede generar iniciativas transformadoras. Al unir fuerzas con universidades, empresas y centros de innovaci\u00f3n, estamos creando un ecosistema que no solo impulsa el desarrollo tecnol\u00f3gico, sino que tambi\u00e9n fortalece la identidad cultural y creativa de Chile\u00bb, sostiene Jos\u00e9 Miguel Benavente, Vicepresidente Ejecutivo de Corfo.<\/p>\n\n\n\n<p>Revisa la programaci\u00f3n del evento&nbsp;<a href=\"https:\/\/crticfest.cl\/\" target=\"_blank\" rel=\"noreferrer noopener\">aqu\u00ed<\/a>.<\/p>\n\n\n\n<figure class=\"wp-block-image size-large\"><img fetchpriority=\"high\" decoding=\"async\" width=\"1024\" height=\"1024\" src=\"https:\/\/www.valparaisocreativo.cl\/wp-content\/uploads\/2024\/07\/ANUNCIO-OFICIAL_Mesa-de-trabajo-1-1-1024x1024.png\" alt=\"\" class=\"wp-image-19851\" srcset=\"https:\/\/dev.antudigital.cl\/sites\/vc\/wp-content\/uploads\/2024\/07\/ANUNCIO-OFICIAL_Mesa-de-trabajo-1-1-1024x1024.png 1024w, https:\/\/dev.antudigital.cl\/sites\/vc\/wp-content\/uploads\/2024\/07\/ANUNCIO-OFICIAL_Mesa-de-trabajo-1-1-300x300.png 300w, https:\/\/dev.antudigital.cl\/sites\/vc\/wp-content\/uploads\/2024\/07\/ANUNCIO-OFICIAL_Mesa-de-trabajo-1-1-150x150.png 150w, https:\/\/dev.antudigital.cl\/sites\/vc\/wp-content\/uploads\/2024\/07\/ANUNCIO-OFICIAL_Mesa-de-trabajo-1-1-768x768.png 768w, https:\/\/dev.antudigital.cl\/sites\/vc\/wp-content\/uploads\/2024\/07\/ANUNCIO-OFICIAL_Mesa-de-trabajo-1-1-1536x1536.png 1536w, https:\/\/dev.antudigital.cl\/sites\/vc\/wp-content\/uploads\/2024\/07\/ANUNCIO-OFICIAL_Mesa-de-trabajo-1-1-2048x2048.png 2048w, https:\/\/dev.antudigital.cl\/sites\/vc\/wp-content\/uploads\/2024\/07\/ANUNCIO-OFICIAL_Mesa-de-trabajo-1-1-1080x1080.png 1080w, https:\/\/dev.antudigital.cl\/sites\/vc\/wp-content\/uploads\/2024\/07\/ANUNCIO-OFICIAL_Mesa-de-trabajo-1-1-1280x1280.png 1280w, https:\/\/dev.antudigital.cl\/sites\/vc\/wp-content\/uploads\/2024\/07\/ANUNCIO-OFICIAL_Mesa-de-trabajo-1-1-980x980.png 980w, https:\/\/dev.antudigital.cl\/sites\/vc\/wp-content\/uploads\/2024\/07\/ANUNCIO-OFICIAL_Mesa-de-trabajo-1-1-480x480.png 480w, https:\/\/dev.antudigital.cl\/sites\/vc\/wp-content\/uploads\/2024\/07\/ANUNCIO-OFICIAL_Mesa-de-trabajo-1-1-24x24.png 24w, https:\/\/dev.antudigital.cl\/sites\/vc\/wp-content\/uploads\/2024\/07\/ANUNCIO-OFICIAL_Mesa-de-trabajo-1-1-36x36.png 36w, https:\/\/dev.antudigital.cl\/sites\/vc\/wp-content\/uploads\/2024\/07\/ANUNCIO-OFICIAL_Mesa-de-trabajo-1-1-48x48.png 48w\" sizes=\"(max-width: 1024px) 100vw, 1024px\" \/><\/figure>\n","protected":false},"excerpt":{"rendered":"<p>El Festival es gratuito y se llevar\u00e1 a cabo entre el 7 y el 9 agosto en Santiago y del 10 al 11 en Puc\u00f3n y Villarrica. Una invitaci\u00f3n a sumarse \u201ca la revoluci\u00f3n tecnocreativa de Chile al mundo\u201d es lo que propone el CRTIC Fest: una iniciativa impulsada por el Centro para la Revoluci\u00f3n [&hellip;]<\/p>\n","protected":false},"author":1,"featured_media":19852,"comment_status":"closed","ping_status":"closed","sticky":false,"template":"","format":"standard","meta":{"_acf_changed":false,"footnotes":""},"categories":[8],"tags":[],"class_list":["post-19850","post","type-post","status-publish","format-standard","has-post-thumbnail","hentry","category-noticia"],"acf":[],"yoast_head":"<!-- This site is optimized with the Yoast SEO plugin v27.1.1 - https:\/\/yoast.com\/product\/yoast-seo-wordpress\/ -->\n<title>CRTIC Fest: el evento que trae a Chile a un ganador de un Emmy por su trabajo en Game of Thrones - Valpara\u00ed\u00adso Creativo<\/title>\n<meta name=\"robots\" content=\"index, follow, max-snippet:-1, max-image-preview:large, max-video-preview:-1\" \/>\n<link rel=\"canonical\" href=\"https:\/\/dev.antudigital.cl\/sites\/vc\/crtic-fest-el-evento-que-trae-a-chile-a-un-ganador-de-un-emmy-por-su-trabajo-en-game-of-thrones\/\" \/>\n<meta property=\"og:locale\" content=\"es_ES\" \/>\n<meta property=\"og:type\" content=\"article\" \/>\n<meta property=\"og:title\" content=\"CRTIC Fest: el evento que trae a Chile a un ganador de un Emmy por su trabajo en Game of Thrones - Valpara\u00ed\u00adso Creativo\" \/>\n<meta property=\"og:description\" content=\"El Festival es gratuito y se llevar\u00e1 a cabo entre el 7 y el 9 agosto en Santiago y del 10 al 11 en Puc\u00f3n y Villarrica. Una invitaci\u00f3n a sumarse \u201ca la revoluci\u00f3n tecnocreativa de Chile al mundo\u201d es lo que propone el CRTIC Fest: una iniciativa impulsada por el Centro para la Revoluci\u00f3n [&hellip;]\" \/>\n<meta property=\"og:url\" content=\"https:\/\/dev.antudigital.cl\/sites\/vc\/crtic-fest-el-evento-que-trae-a-chile-a-un-ganador-de-un-emmy-por-su-trabajo-en-game-of-thrones\/\" \/>\n<meta property=\"og:site_name\" content=\"Valpara\u00ed\u00adso Creativo\" \/>\n<meta property=\"article:published_time\" content=\"2024-07-25T21:25:57+00:00\" \/>\n<meta property=\"article:modified_time\" content=\"2024-07-25T21:26:14+00:00\" \/>\n<meta property=\"og:image\" content=\"https:\/\/dev.antudigital.cl\/sites\/vc\/wp-content\/uploads\/2024\/07\/DSC04867-scaled.jpg\" \/>\n\t<meta property=\"og:image:width\" content=\"2560\" \/>\n\t<meta property=\"og:image:height\" content=\"1707\" \/>\n\t<meta property=\"og:image:type\" content=\"image\/jpeg\" \/>\n<meta name=\"author\" content=\"Valpara\u00edso Creativo\" \/>\n<meta name=\"twitter:card\" content=\"summary_large_image\" \/>\n<meta name=\"twitter:label1\" content=\"Escrito por\" \/>\n\t<meta name=\"twitter:data1\" content=\"Valpara\u00edso Creativo\" \/>\n\t<meta name=\"twitter:label2\" content=\"Tiempo de lectura\" \/>\n\t<meta name=\"twitter:data2\" content=\"4 minutos\" \/>\n<script type=\"application\/ld+json\" class=\"yoast-schema-graph\">{\"@context\":\"https:\/\/schema.org\",\"@graph\":[{\"@type\":\"Article\",\"@id\":\"https:\/\/dev.antudigital.cl\/sites\/vc\/crtic-fest-el-evento-que-trae-a-chile-a-un-ganador-de-un-emmy-por-su-trabajo-en-game-of-thrones\/#article\",\"isPartOf\":{\"@id\":\"https:\/\/dev.antudigital.cl\/sites\/vc\/crtic-fest-el-evento-que-trae-a-chile-a-un-ganador-de-un-emmy-por-su-trabajo-en-game-of-thrones\/\"},\"author\":{\"name\":\"Valpara\u00edso Creativo\",\"@id\":\"https:\/\/dev.antudigital.cl\/sites\/vc\/#\/schema\/person\/c2b9da8dd545e27166fc5ab232837318\"},\"headline\":\"CRTIC Fest: el evento que trae a Chile a un ganador de un Emmy por su trabajo en Game of Thrones\",\"datePublished\":\"2024-07-25T21:25:57+00:00\",\"dateModified\":\"2024-07-25T21:26:14+00:00\",\"mainEntityOfPage\":{\"@id\":\"https:\/\/dev.antudigital.cl\/sites\/vc\/crtic-fest-el-evento-que-trae-a-chile-a-un-ganador-de-un-emmy-por-su-trabajo-en-game-of-thrones\/\"},\"wordCount\":674,\"image\":{\"@id\":\"https:\/\/dev.antudigital.cl\/sites\/vc\/crtic-fest-el-evento-que-trae-a-chile-a-un-ganador-de-un-emmy-por-su-trabajo-en-game-of-thrones\/#primaryimage\"},\"thumbnailUrl\":\"https:\/\/dev.antudigital.cl\/sites\/vc\/wp-content\/uploads\/2024\/07\/DSC04867-scaled.jpg\",\"articleSection\":[\"Noticia\"],\"inLanguage\":\"es\"},{\"@type\":\"WebPage\",\"@id\":\"https:\/\/dev.antudigital.cl\/sites\/vc\/crtic-fest-el-evento-que-trae-a-chile-a-un-ganador-de-un-emmy-por-su-trabajo-en-game-of-thrones\/\",\"url\":\"https:\/\/dev.antudigital.cl\/sites\/vc\/crtic-fest-el-evento-que-trae-a-chile-a-un-ganador-de-un-emmy-por-su-trabajo-en-game-of-thrones\/\",\"name\":\"CRTIC Fest: el evento que trae a Chile a un ganador de un Emmy por su trabajo en Game of Thrones - Valpara\u00ed\u00adso Creativo\",\"isPartOf\":{\"@id\":\"https:\/\/dev.antudigital.cl\/sites\/vc\/#website\"},\"primaryImageOfPage\":{\"@id\":\"https:\/\/dev.antudigital.cl\/sites\/vc\/crtic-fest-el-evento-que-trae-a-chile-a-un-ganador-de-un-emmy-por-su-trabajo-en-game-of-thrones\/#primaryimage\"},\"image\":{\"@id\":\"https:\/\/dev.antudigital.cl\/sites\/vc\/crtic-fest-el-evento-que-trae-a-chile-a-un-ganador-de-un-emmy-por-su-trabajo-en-game-of-thrones\/#primaryimage\"},\"thumbnailUrl\":\"https:\/\/dev.antudigital.cl\/sites\/vc\/wp-content\/uploads\/2024\/07\/DSC04867-scaled.jpg\",\"datePublished\":\"2024-07-25T21:25:57+00:00\",\"dateModified\":\"2024-07-25T21:26:14+00:00\",\"author\":{\"@id\":\"https:\/\/dev.antudigital.cl\/sites\/vc\/#\/schema\/person\/c2b9da8dd545e27166fc5ab232837318\"},\"breadcrumb\":{\"@id\":\"https:\/\/dev.antudigital.cl\/sites\/vc\/crtic-fest-el-evento-que-trae-a-chile-a-un-ganador-de-un-emmy-por-su-trabajo-en-game-of-thrones\/#breadcrumb\"},\"inLanguage\":\"es\",\"potentialAction\":[{\"@type\":\"ReadAction\",\"target\":[\"https:\/\/dev.antudigital.cl\/sites\/vc\/crtic-fest-el-evento-que-trae-a-chile-a-un-ganador-de-un-emmy-por-su-trabajo-en-game-of-thrones\/\"]}]},{\"@type\":\"ImageObject\",\"inLanguage\":\"es\",\"@id\":\"https:\/\/dev.antudigital.cl\/sites\/vc\/crtic-fest-el-evento-que-trae-a-chile-a-un-ganador-de-un-emmy-por-su-trabajo-en-game-of-thrones\/#primaryimage\",\"url\":\"https:\/\/dev.antudigital.cl\/sites\/vc\/wp-content\/uploads\/2024\/07\/DSC04867-scaled.jpg\",\"contentUrl\":\"https:\/\/dev.antudigital.cl\/sites\/vc\/wp-content\/uploads\/2024\/07\/DSC04867-scaled.jpg\",\"width\":2560,\"height\":1707},{\"@type\":\"BreadcrumbList\",\"@id\":\"https:\/\/dev.antudigital.cl\/sites\/vc\/crtic-fest-el-evento-que-trae-a-chile-a-un-ganador-de-un-emmy-por-su-trabajo-en-game-of-thrones\/#breadcrumb\",\"itemListElement\":[{\"@type\":\"ListItem\",\"position\":1,\"name\":\"Home\",\"item\":\"https:\/\/dev.antudigital.cl\/sites\/vc\/\"},{\"@type\":\"ListItem\",\"position\":2,\"name\":\"CRTIC Fest: el evento que trae a Chile a un ganador de un Emmy por su trabajo en Game of Thrones\"}]},{\"@type\":\"WebSite\",\"@id\":\"https:\/\/dev.antudigital.cl\/sites\/vc\/#website\",\"url\":\"https:\/\/dev.antudigital.cl\/sites\/vc\/\",\"name\":\"Valpara\u00ed\u00adso Creativo\",\"description\":\"\",\"potentialAction\":[{\"@type\":\"SearchAction\",\"target\":{\"@type\":\"EntryPoint\",\"urlTemplate\":\"https:\/\/dev.antudigital.cl\/sites\/vc\/?s={search_term_string}\"},\"query-input\":{\"@type\":\"PropertyValueSpecification\",\"valueRequired\":true,\"valueName\":\"search_term_string\"}}],\"inLanguage\":\"es\"},{\"@type\":\"Person\",\"@id\":\"https:\/\/dev.antudigital.cl\/sites\/vc\/#\/schema\/person\/c2b9da8dd545e27166fc5ab232837318\",\"name\":\"Valpara\u00edso Creativo\",\"description\":\"Periodista de cultura en la Regi\u00f3n de Valpara\u00edso.\",\"url\":\"https:\/\/dev.antudigital.cl\/sites\/vc\/author\/valpoadmin\/\"}]}<\/script>\n<!-- \/ Yoast SEO plugin. -->","yoast_head_json":{"title":"CRTIC Fest: el evento que trae a Chile a un ganador de un Emmy por su trabajo en Game of Thrones - Valpara\u00ed\u00adso Creativo","robots":{"index":"index","follow":"follow","max-snippet":"max-snippet:-1","max-image-preview":"max-image-preview:large","max-video-preview":"max-video-preview:-1"},"canonical":"https:\/\/dev.antudigital.cl\/sites\/vc\/crtic-fest-el-evento-que-trae-a-chile-a-un-ganador-de-un-emmy-por-su-trabajo-en-game-of-thrones\/","og_locale":"es_ES","og_type":"article","og_title":"CRTIC Fest: el evento que trae a Chile a un ganador de un Emmy por su trabajo en Game of Thrones - Valpara\u00ed\u00adso Creativo","og_description":"El Festival es gratuito y se llevar\u00e1 a cabo entre el 7 y el 9 agosto en Santiago y del 10 al 11 en Puc\u00f3n y Villarrica. Una invitaci\u00f3n a sumarse \u201ca la revoluci\u00f3n tecnocreativa de Chile al mundo\u201d es lo que propone el CRTIC Fest: una iniciativa impulsada por el Centro para la Revoluci\u00f3n [&hellip;]","og_url":"https:\/\/dev.antudigital.cl\/sites\/vc\/crtic-fest-el-evento-que-trae-a-chile-a-un-ganador-de-un-emmy-por-su-trabajo-en-game-of-thrones\/","og_site_name":"Valpara\u00ed\u00adso Creativo","article_published_time":"2024-07-25T21:25:57+00:00","article_modified_time":"2024-07-25T21:26:14+00:00","og_image":[{"width":2560,"height":1707,"url":"https:\/\/dev.antudigital.cl\/sites\/vc\/wp-content\/uploads\/2024\/07\/DSC04867-scaled.jpg","type":"image\/jpeg"}],"author":"Valpara\u00edso Creativo","twitter_card":"summary_large_image","twitter_misc":{"Escrito por":"Valpara\u00edso Creativo","Tiempo de lectura":"4 minutos"},"schema":{"@context":"https:\/\/schema.org","@graph":[{"@type":"Article","@id":"https:\/\/dev.antudigital.cl\/sites\/vc\/crtic-fest-el-evento-que-trae-a-chile-a-un-ganador-de-un-emmy-por-su-trabajo-en-game-of-thrones\/#article","isPartOf":{"@id":"https:\/\/dev.antudigital.cl\/sites\/vc\/crtic-fest-el-evento-que-trae-a-chile-a-un-ganador-de-un-emmy-por-su-trabajo-en-game-of-thrones\/"},"author":{"name":"Valpara\u00edso Creativo","@id":"https:\/\/dev.antudigital.cl\/sites\/vc\/#\/schema\/person\/c2b9da8dd545e27166fc5ab232837318"},"headline":"CRTIC Fest: el evento que trae a Chile a un ganador de un Emmy por su trabajo en Game of Thrones","datePublished":"2024-07-25T21:25:57+00:00","dateModified":"2024-07-25T21:26:14+00:00","mainEntityOfPage":{"@id":"https:\/\/dev.antudigital.cl\/sites\/vc\/crtic-fest-el-evento-que-trae-a-chile-a-un-ganador-de-un-emmy-por-su-trabajo-en-game-of-thrones\/"},"wordCount":674,"image":{"@id":"https:\/\/dev.antudigital.cl\/sites\/vc\/crtic-fest-el-evento-que-trae-a-chile-a-un-ganador-de-un-emmy-por-su-trabajo-en-game-of-thrones\/#primaryimage"},"thumbnailUrl":"https:\/\/dev.antudigital.cl\/sites\/vc\/wp-content\/uploads\/2024\/07\/DSC04867-scaled.jpg","articleSection":["Noticia"],"inLanguage":"es"},{"@type":"WebPage","@id":"https:\/\/dev.antudigital.cl\/sites\/vc\/crtic-fest-el-evento-que-trae-a-chile-a-un-ganador-de-un-emmy-por-su-trabajo-en-game-of-thrones\/","url":"https:\/\/dev.antudigital.cl\/sites\/vc\/crtic-fest-el-evento-que-trae-a-chile-a-un-ganador-de-un-emmy-por-su-trabajo-en-game-of-thrones\/","name":"CRTIC Fest: el evento que trae a Chile a un ganador de un Emmy por su trabajo en Game of Thrones - Valpara\u00ed\u00adso Creativo","isPartOf":{"@id":"https:\/\/dev.antudigital.cl\/sites\/vc\/#website"},"primaryImageOfPage":{"@id":"https:\/\/dev.antudigital.cl\/sites\/vc\/crtic-fest-el-evento-que-trae-a-chile-a-un-ganador-de-un-emmy-por-su-trabajo-en-game-of-thrones\/#primaryimage"},"image":{"@id":"https:\/\/dev.antudigital.cl\/sites\/vc\/crtic-fest-el-evento-que-trae-a-chile-a-un-ganador-de-un-emmy-por-su-trabajo-en-game-of-thrones\/#primaryimage"},"thumbnailUrl":"https:\/\/dev.antudigital.cl\/sites\/vc\/wp-content\/uploads\/2024\/07\/DSC04867-scaled.jpg","datePublished":"2024-07-25T21:25:57+00:00","dateModified":"2024-07-25T21:26:14+00:00","author":{"@id":"https:\/\/dev.antudigital.cl\/sites\/vc\/#\/schema\/person\/c2b9da8dd545e27166fc5ab232837318"},"breadcrumb":{"@id":"https:\/\/dev.antudigital.cl\/sites\/vc\/crtic-fest-el-evento-que-trae-a-chile-a-un-ganador-de-un-emmy-por-su-trabajo-en-game-of-thrones\/#breadcrumb"},"inLanguage":"es","potentialAction":[{"@type":"ReadAction","target":["https:\/\/dev.antudigital.cl\/sites\/vc\/crtic-fest-el-evento-que-trae-a-chile-a-un-ganador-de-un-emmy-por-su-trabajo-en-game-of-thrones\/"]}]},{"@type":"ImageObject","inLanguage":"es","@id":"https:\/\/dev.antudigital.cl\/sites\/vc\/crtic-fest-el-evento-que-trae-a-chile-a-un-ganador-de-un-emmy-por-su-trabajo-en-game-of-thrones\/#primaryimage","url":"https:\/\/dev.antudigital.cl\/sites\/vc\/wp-content\/uploads\/2024\/07\/DSC04867-scaled.jpg","contentUrl":"https:\/\/dev.antudigital.cl\/sites\/vc\/wp-content\/uploads\/2024\/07\/DSC04867-scaled.jpg","width":2560,"height":1707},{"@type":"BreadcrumbList","@id":"https:\/\/dev.antudigital.cl\/sites\/vc\/crtic-fest-el-evento-que-trae-a-chile-a-un-ganador-de-un-emmy-por-su-trabajo-en-game-of-thrones\/#breadcrumb","itemListElement":[{"@type":"ListItem","position":1,"name":"Home","item":"https:\/\/dev.antudigital.cl\/sites\/vc\/"},{"@type":"ListItem","position":2,"name":"CRTIC Fest: el evento que trae a Chile a un ganador de un Emmy por su trabajo en Game of Thrones"}]},{"@type":"WebSite","@id":"https:\/\/dev.antudigital.cl\/sites\/vc\/#website","url":"https:\/\/dev.antudigital.cl\/sites\/vc\/","name":"Valpara\u00ed\u00adso Creativo","description":"","potentialAction":[{"@type":"SearchAction","target":{"@type":"EntryPoint","urlTemplate":"https:\/\/dev.antudigital.cl\/sites\/vc\/?s={search_term_string}"},"query-input":{"@type":"PropertyValueSpecification","valueRequired":true,"valueName":"search_term_string"}}],"inLanguage":"es"},{"@type":"Person","@id":"https:\/\/dev.antudigital.cl\/sites\/vc\/#\/schema\/person\/c2b9da8dd545e27166fc5ab232837318","name":"Valpara\u00edso Creativo","description":"Periodista de cultura en la Regi\u00f3n de Valpara\u00edso.","url":"https:\/\/dev.antudigital.cl\/sites\/vc\/author\/valpoadmin\/"}]}},"_links":{"self":[{"href":"https:\/\/dev.antudigital.cl\/sites\/vc\/wp-json\/wp\/v2\/posts\/19850","targetHints":{"allow":["GET"]}}],"collection":[{"href":"https:\/\/dev.antudigital.cl\/sites\/vc\/wp-json\/wp\/v2\/posts"}],"about":[{"href":"https:\/\/dev.antudigital.cl\/sites\/vc\/wp-json\/wp\/v2\/types\/post"}],"author":[{"embeddable":true,"href":"https:\/\/dev.antudigital.cl\/sites\/vc\/wp-json\/wp\/v2\/users\/1"}],"replies":[{"embeddable":true,"href":"https:\/\/dev.antudigital.cl\/sites\/vc\/wp-json\/wp\/v2\/comments?post=19850"}],"version-history":[{"count":1,"href":"https:\/\/dev.antudigital.cl\/sites\/vc\/wp-json\/wp\/v2\/posts\/19850\/revisions"}],"predecessor-version":[{"id":19853,"href":"https:\/\/dev.antudigital.cl\/sites\/vc\/wp-json\/wp\/v2\/posts\/19850\/revisions\/19853"}],"wp:featuredmedia":[{"embeddable":true,"href":"https:\/\/dev.antudigital.cl\/sites\/vc\/wp-json\/wp\/v2\/media\/19852"}],"wp:attachment":[{"href":"https:\/\/dev.antudigital.cl\/sites\/vc\/wp-json\/wp\/v2\/media?parent=19850"}],"wp:term":[{"taxonomy":"category","embeddable":true,"href":"https:\/\/dev.antudigital.cl\/sites\/vc\/wp-json\/wp\/v2\/categories?post=19850"},{"taxonomy":"post_tag","embeddable":true,"href":"https:\/\/dev.antudigital.cl\/sites\/vc\/wp-json\/wp\/v2\/tags?post=19850"}],"curies":[{"name":"wp","href":"https:\/\/api.w.org\/{rel}","templated":true}]}}