{"id":19859,"date":"2024-07-29T22:26:51","date_gmt":"2024-07-29T22:26:51","guid":{"rendered":"https:\/\/www.valparaisocreativo.cl\/?p=19859"},"modified":"2024-07-29T22:32:01","modified_gmt":"2024-07-29T22:32:01","slug":"la-melancolia-ruidosa-de-siniestra-pandora","status":"publish","type":"post","link":"https:\/\/dev.antudigital.cl\/sites\/vc\/la-melancolia-ruidosa-de-siniestra-pandora\/","title":{"rendered":"La melancol\u00eda ruidosa de Siniestra Pandora"},"content":{"rendered":"\n<p>Siniestra Pandora es una banda de m\u00fasicos de\u00a0 Valpara\u00edso \u200b\u200bque proponen sonidos melanc\u00f3licos, on\u00edricos. Recientemente lanzaron su \u00faltimo trabajo, \u201cEleg\u00eda\u201d, re\u00fane un cuerpo de canciones entrelazadas por la sensaci\u00f3n de duelo en sus letras y melod\u00edas nost\u00e1lgicas.<\/p>\n\n\n\n<p>Nos reunimos en el Hub Creativo, donde anteriormente realizaron el Listening party de \u201cEleg\u00eda\u201d, para conversar sobre su m\u00fasica, su estilo y su conexi\u00f3n con la ciudad puerto.<\/p>\n\n\n\n<p><strong>Partamos por lo esencial: \u00bfqu\u00e9 es el heavy shoegaze?<\/strong><\/p>\n\n\n\n<p>&#8211; Es una mezcla de estilos que surge principalmente en los a\u00f1os 90. El shoegaze emergi\u00f3 paralelamente al grunge, que tuvo m\u00e1s impacto comercial, dejando al shoegaze en segundo plano. Aunque no fue tan influyente en su momento, bandas como My Bloody Valentine y Slowdive son emblem\u00e1ticas del g\u00e9nero. Cerca de 2010, se empez\u00f3 a escuchar una mezcla de estos sonidos. Combinando la distorsi\u00f3n y el peso de bandas como Nirvana y Smashing Pumpkins, con los efectos atmosf\u00e9ricos y on\u00edricos del shoegaze. Despu\u00e9s de 2012, se populariz\u00f3 el t\u00e9rmino heavy shoegaze o post shoegaze, que describe esta fusi\u00f3n de estilos.<\/p>\n\n\n\n<figure class=\"wp-block-embed is-type-video is-provider-youtube wp-block-embed-youtube wp-embed-aspect-4-3 wp-has-aspect-ratio\"><div class=\"wp-block-embed__wrapper\">\n<iframe title=\"En la ciudad\" width=\"800\" height=\"600\" src=\"https:\/\/www.youtube.com\/embed\/aJwd7pO8nn8?feature=oembed\" frameborder=\"0\" allow=\"accelerometer; autoplay; clipboard-write; encrypted-media; gyroscope; picture-in-picture; web-share\" referrerpolicy=\"strict-origin-when-cross-origin\" allowfullscreen><\/iframe>\n<\/div><\/figure>\n\n\n\n<p><strong>\u00bfTienen referentes locales de la historia de la m\u00fasica nacional?.<\/strong><\/p>\n\n\n\n<p>&#8211; Quiz\u00e1s no tan directamente, Lucybell creo que es una de las primeras bandas que experimentan en este sentido, su disco Rojo encuentro que se parece bastante a lo que hacemos. Quiz\u00e1s ellos son m\u00e1s post-rock, pero tambi\u00e9n tiene esta volada on\u00edrica y lenta que nosotros agarramos un poco.&nbsp;<\/p>\n\n\n\n<p>Los Ni\u00f1os del Cerro, si bien no nos influencian directamente, generan un ruido que me atrae. De hecho hay una canci\u00f3n en la que agarramos el beat de un tema de Lucybell y lo transformamos en un tema de nosotros. As\u00ed que s\u00ed, es una influencia directa. Adelaida es otra banda local que nos ha influenciado y es de ac\u00e1 de Valpara\u00edso. Creo que nosotros llegamos al sonido que tenemos y despu\u00e9s nos fuimos dando cuenta de que, mira, esto se parece a tal. Todos escuchan m\u00fasica muy distinta, entonces es raro decir una influencia tan directa.&nbsp;<\/p>\n\n\n\n<p><strong>\u00bfActualmente viven de la m\u00fasica o est\u00e1n en v\u00edas de? Sin duda es un gran desaf\u00edo.<\/strong><\/p>\n\n\n\n<p>&#8211; Hay de todo un poco, porque claro, hay algunos de nosotros que a\u00fan estamos estudiando, por lo que a\u00fan tienen el apoyo de sus familias. mientras que otros tienen trabajos no vinculados a la m\u00fasica, como en una cafeter\u00eda. Hay quienes se dedican totalmente a esto (como Trist\u00e1n), aunque a\u00fan no generamos ingresos suficientes. Organizar y lleva adelante el proyecto es un desaf\u00edo, pero tambi\u00e9n esperamos que en alg\u00fan momento esto nos permita sustentarnos. Sabemos que es dif\u00edcil vivir de esto, pero todo suma: recursos econ\u00f3micos, favores y contactos, para impulsar nuestra carrera. Esperamos que esto se solidifique cada vez m\u00e1s y podamos vivir de la m\u00fasica.<\/p>\n\n\n\n<figure class=\"wp-block-image size-large\"><img fetchpriority=\"high\" decoding=\"async\" width=\"1024\" height=\"616\" src=\"https:\/\/www.valparaisocreativo.cl\/wp-content\/uploads\/2024\/07\/1000073495-1024x616.jpg\" alt=\"\" class=\"wp-image-19862\" srcset=\"https:\/\/dev.antudigital.cl\/sites\/vc\/wp-content\/uploads\/2024\/07\/1000073495-1024x616.jpg 1024w, https:\/\/dev.antudigital.cl\/sites\/vc\/wp-content\/uploads\/2024\/07\/1000073495-300x181.jpg 300w, https:\/\/dev.antudigital.cl\/sites\/vc\/wp-content\/uploads\/2024\/07\/1000073495-768x462.jpg 768w, https:\/\/dev.antudigital.cl\/sites\/vc\/wp-content\/uploads\/2024\/07\/1000073495-1536x925.jpg 1536w, https:\/\/dev.antudigital.cl\/sites\/vc\/wp-content\/uploads\/2024\/07\/1000073495-2048x1233.jpg 2048w, https:\/\/dev.antudigital.cl\/sites\/vc\/wp-content\/uploads\/2024\/07\/1000073495-1080x650.jpg 1080w, https:\/\/dev.antudigital.cl\/sites\/vc\/wp-content\/uploads\/2024\/07\/1000073495-1280x771.jpg 1280w, https:\/\/dev.antudigital.cl\/sites\/vc\/wp-content\/uploads\/2024\/07\/1000073495-980x590.jpg 980w, https:\/\/dev.antudigital.cl\/sites\/vc\/wp-content\/uploads\/2024\/07\/1000073495-480x289.jpg 480w, https:\/\/dev.antudigital.cl\/sites\/vc\/wp-content\/uploads\/2024\/07\/1000073495-24x14.jpg 24w, https:\/\/dev.antudigital.cl\/sites\/vc\/wp-content\/uploads\/2024\/07\/1000073495-36x22.jpg 36w, https:\/\/dev.antudigital.cl\/sites\/vc\/wp-content\/uploads\/2024\/07\/1000073495-48x29.jpg 48w\" sizes=\"(max-width: 1024px) 100vw, 1024px\" \/><\/figure>\n\n\n\n<p><strong>Este disco, \u201cEleg\u00eda\u201d, toca el duelo por situaciones personales. \u00bfC\u00f3mo describir\u00edan ese duelo?<\/strong><\/p>\n\n\n\n<p>El disco \u201cEleg\u00eda\u201d aborda diferentes p\u00e9rdidas, comenzando con la muerte de un familiar muy cercano de Trist\u00e1n, lo que inspir\u00f3 las letras. Adem\u00e1s las canciones hablan de la sensaci\u00f3n de p\u00e9rdida, de la ruptura de relaciones y amistades, encapsulando la sensaci\u00f3n de p\u00e9rdida, en un sentido positivo y negativo. Todo porque adem\u00e1s se estaban cortando ciertos v\u00ednculos en nuestro entorno, lo que termina siendo a veces para bien, otras para mal. La grabaci\u00f3n coincidi\u00f3 con estas experiencias personales, lo que conect\u00f3 todo el proceso con un cambio interior y luego miras afuera y en la ciudad no cambia nada. No hay tanto tiempo para procesar el luto, de eso es lo que habla el disco.&nbsp;<\/p>\n\n\n\n<p>Tambi\u00e9n, cuando empezamos a tocar juntos, empezaron a salir nuevos sonidos, conect\u00e1ndonos a algo m\u00e1s personal, generando cierta complicidad, apertura a hablar de estos temas y afrontarlo de alguna manera.<\/p>\n\n\n\n<figure class=\"wp-block-image size-large\"><img decoding=\"async\" width=\"1024\" height=\"810\" src=\"https:\/\/www.valparaisocreativo.cl\/wp-content\/uploads\/2024\/07\/1000073323-1-1024x810.jpg\" alt=\"\" class=\"wp-image-19860\" srcset=\"https:\/\/dev.antudigital.cl\/sites\/vc\/wp-content\/uploads\/2024\/07\/1000073323-1-1024x810.jpg 1024w, https:\/\/dev.antudigital.cl\/sites\/vc\/wp-content\/uploads\/2024\/07\/1000073323-1-300x237.jpg 300w, https:\/\/dev.antudigital.cl\/sites\/vc\/wp-content\/uploads\/2024\/07\/1000073323-1-768x607.jpg 768w, https:\/\/dev.antudigital.cl\/sites\/vc\/wp-content\/uploads\/2024\/07\/1000073323-1-1536x1215.jpg 1536w, https:\/\/dev.antudigital.cl\/sites\/vc\/wp-content\/uploads\/2024\/07\/1000073323-1-2048x1619.jpg 2048w, https:\/\/dev.antudigital.cl\/sites\/vc\/wp-content\/uploads\/2024\/07\/1000073323-1-1080x854.jpg 1080w, https:\/\/dev.antudigital.cl\/sites\/vc\/wp-content\/uploads\/2024\/07\/1000073323-1-1280x1012.jpg 1280w, https:\/\/dev.antudigital.cl\/sites\/vc\/wp-content\/uploads\/2024\/07\/1000073323-1-980x775.jpg 980w, https:\/\/dev.antudigital.cl\/sites\/vc\/wp-content\/uploads\/2024\/07\/1000073323-1-480x380.jpg 480w, https:\/\/dev.antudigital.cl\/sites\/vc\/wp-content\/uploads\/2024\/07\/1000073323-1-24x19.jpg 24w, https:\/\/dev.antudigital.cl\/sites\/vc\/wp-content\/uploads\/2024\/07\/1000073323-1-36x28.jpg 36w, https:\/\/dev.antudigital.cl\/sites\/vc\/wp-content\/uploads\/2024\/07\/1000073323-1-48x38.jpg 48w\" sizes=\"(max-width: 1024px) 100vw, 1024px\" \/><\/figure>\n\n\n\n<p><strong>\u00bfC\u00f3mo se relacionan con el gremio de la m\u00fasica desde Valpara\u00edso?&nbsp;<\/strong><\/p>\n\n\n\n<p>Contamos con el apoyo de nuestras familias, ah\u00ed empieza todo. Tambi\u00e9n est\u00e1n las redes que hemos ido construyendo a trav\u00e9s del Sello Leviat\u00e1n, que es de Valpara\u00edso y del cual somos parte junto a otras bandas locales con las cuales colaboramos. cada uno aporta con lo que tiene, y as\u00ed vamos a poder construir algo que nos beneficie a todos. Porque al final creo que todos entendemos que la colaboraci\u00f3n es importante. La exposici\u00f3n no solo me sirve a m\u00ed, sino que tambi\u00e9n a mis colegas, todos ganamos.<\/p>\n\n\n\n<p>Recientemente postulamos para una gira, nunca hab\u00edamos hecho un presupuesto de gira y nos dimos cuenta que es hiper inalcanzable, ya que somos cinco, necesitamos como cinco millones, y eso es imposible con los trabajos que tenemos.&nbsp; Entonces, es muy valioso que en el colectivo nos apoyemos, ofreciendo conocimientos y generando instancias como festivales o encuentros donde tienes la oportunidad de construir conexiones con otras bandas.<\/p>\n\n\n\n<p><strong>Finalmente, \u00bfqu\u00e9 im\u00e1genes quieren evocar con su m\u00fasica? M\u00e1s all\u00e1 de la emoci\u00f3n, hablando del sonido.&nbsp;<\/strong><\/p>\n\n\n\n<p>Nuestra m\u00fasica busca evocar un mundo on\u00edrico y una melancol\u00eda ruidosa, transitando entre la energ\u00eda potente y la emocionalidad, creando una mezcla \u00fanica entre ambos extremos.&nbsp;<\/p>\n\n\n\n<figure class=\"wp-block-embed is-type-rich is-provider-spotify wp-block-embed-spotify wp-embed-aspect-21-9 wp-has-aspect-ratio\"><div class=\"wp-block-embed__wrapper\">\n<iframe title=\"Spotify Embed: Eleg\u00eda\" style=\"border-radius: 12px\" width=\"100%\" height=\"352\" frameborder=\"0\" allowfullscreen allow=\"autoplay; clipboard-write; encrypted-media; fullscreen; picture-in-picture\" loading=\"lazy\" src=\"https:\/\/open.spotify.com\/embed\/album\/6EEkWd8f7a1zctFgoptqUj?si=aNe-1Bm8Rb-yLKFLwoiA5A&#038;utm_source=oembed\"><\/iframe>\n<\/div><\/figure>\n","protected":false},"excerpt":{"rendered":"<p>Siniestra Pandora es una banda de m\u00fasicos de\u00a0 Valpara\u00edso \u200b\u200bque proponen sonidos melanc\u00f3licos, on\u00edricos. Recientemente lanzaron su \u00faltimo trabajo, \u201cEleg\u00eda\u201d, re\u00fane un cuerpo de canciones entrelazadas por la sensaci\u00f3n de duelo en sus letras y melod\u00edas nost\u00e1lgicas. Nos reunimos en el Hub Creativo, donde anteriormente realizaron el Listening party de \u201cEleg\u00eda\u201d, para conversar sobre su [&hellip;]<\/p>\n","protected":false},"author":1,"featured_media":19861,"comment_status":"closed","ping_status":"closed","sticky":false,"template":"","format":"standard","meta":{"_acf_changed":false,"footnotes":""},"categories":[218],"tags":[],"class_list":["post-19859","post","type-post","status-publish","format-standard","has-post-thumbnail","hentry","category-blog"],"acf":[],"yoast_head":"<!-- This site is optimized with the Yoast SEO plugin v27.1.1 - https:\/\/yoast.com\/product\/yoast-seo-wordpress\/ -->\n<title>La melancol\u00eda ruidosa de Siniestra Pandora - Valpara\u00ed\u00adso Creativo<\/title>\n<meta name=\"robots\" content=\"index, follow, max-snippet:-1, max-image-preview:large, max-video-preview:-1\" \/>\n<link rel=\"canonical\" href=\"https:\/\/dev.antudigital.cl\/sites\/vc\/la-melancolia-ruidosa-de-siniestra-pandora\/\" \/>\n<meta property=\"og:locale\" content=\"es_ES\" \/>\n<meta property=\"og:type\" content=\"article\" \/>\n<meta property=\"og:title\" content=\"La melancol\u00eda ruidosa de Siniestra Pandora - Valpara\u00ed\u00adso Creativo\" \/>\n<meta property=\"og:description\" content=\"Siniestra Pandora es una banda de m\u00fasicos de\u00a0 Valpara\u00edso \u200b\u200bque proponen sonidos melanc\u00f3licos, on\u00edricos. Recientemente lanzaron su \u00faltimo trabajo, \u201cEleg\u00eda\u201d, re\u00fane un cuerpo de canciones entrelazadas por la sensaci\u00f3n de duelo en sus letras y melod\u00edas nost\u00e1lgicas. Nos reunimos en el Hub Creativo, donde anteriormente realizaron el Listening party de \u201cEleg\u00eda\u201d, para conversar sobre su [&hellip;]\" \/>\n<meta property=\"og:url\" content=\"https:\/\/dev.antudigital.cl\/sites\/vc\/la-melancolia-ruidosa-de-siniestra-pandora\/\" \/>\n<meta property=\"og:site_name\" content=\"Valpara\u00ed\u00adso Creativo\" \/>\n<meta property=\"article:published_time\" content=\"2024-07-29T22:26:51+00:00\" \/>\n<meta property=\"article:modified_time\" content=\"2024-07-29T22:32:01+00:00\" \/>\n<meta property=\"og:image\" content=\"https:\/\/dev.antudigital.cl\/sites\/vc\/wp-content\/uploads\/2024\/07\/1000073462-scaled.jpg\" \/>\n\t<meta property=\"og:image:width\" content=\"2560\" \/>\n\t<meta property=\"og:image:height\" content=\"1643\" \/>\n\t<meta property=\"og:image:type\" content=\"image\/jpeg\" \/>\n<meta name=\"author\" content=\"Valpara\u00edso Creativo\" \/>\n<meta name=\"twitter:card\" content=\"summary_large_image\" \/>\n<meta name=\"twitter:label1\" content=\"Escrito por\" \/>\n\t<meta name=\"twitter:data1\" content=\"Valpara\u00edso Creativo\" \/>\n\t<meta name=\"twitter:label2\" content=\"Tiempo de lectura\" \/>\n\t<meta name=\"twitter:data2\" content=\"5 minutos\" \/>\n<script type=\"application\/ld+json\" class=\"yoast-schema-graph\">{\"@context\":\"https:\/\/schema.org\",\"@graph\":[{\"@type\":\"Article\",\"@id\":\"https:\/\/dev.antudigital.cl\/sites\/vc\/la-melancolia-ruidosa-de-siniestra-pandora\/#article\",\"isPartOf\":{\"@id\":\"https:\/\/dev.antudigital.cl\/sites\/vc\/la-melancolia-ruidosa-de-siniestra-pandora\/\"},\"author\":{\"name\":\"Valpara\u00edso Creativo\",\"@id\":\"https:\/\/dev.antudigital.cl\/sites\/vc\/#\/schema\/person\/c2b9da8dd545e27166fc5ab232837318\"},\"headline\":\"La melancol\u00eda ruidosa de Siniestra Pandora\",\"datePublished\":\"2024-07-29T22:26:51+00:00\",\"dateModified\":\"2024-07-29T22:32:01+00:00\",\"mainEntityOfPage\":{\"@id\":\"https:\/\/dev.antudigital.cl\/sites\/vc\/la-melancolia-ruidosa-de-siniestra-pandora\/\"},\"wordCount\":942,\"image\":{\"@id\":\"https:\/\/dev.antudigital.cl\/sites\/vc\/la-melancolia-ruidosa-de-siniestra-pandora\/#primaryimage\"},\"thumbnailUrl\":\"https:\/\/dev.antudigital.cl\/sites\/vc\/wp-content\/uploads\/2024\/07\/1000073462-scaled.jpg\",\"articleSection\":[\"Blog\"],\"inLanguage\":\"es\"},{\"@type\":\"WebPage\",\"@id\":\"https:\/\/dev.antudigital.cl\/sites\/vc\/la-melancolia-ruidosa-de-siniestra-pandora\/\",\"url\":\"https:\/\/dev.antudigital.cl\/sites\/vc\/la-melancolia-ruidosa-de-siniestra-pandora\/\",\"name\":\"La melancol\u00eda ruidosa de Siniestra Pandora - Valpara\u00ed\u00adso Creativo\",\"isPartOf\":{\"@id\":\"https:\/\/dev.antudigital.cl\/sites\/vc\/#website\"},\"primaryImageOfPage\":{\"@id\":\"https:\/\/dev.antudigital.cl\/sites\/vc\/la-melancolia-ruidosa-de-siniestra-pandora\/#primaryimage\"},\"image\":{\"@id\":\"https:\/\/dev.antudigital.cl\/sites\/vc\/la-melancolia-ruidosa-de-siniestra-pandora\/#primaryimage\"},\"thumbnailUrl\":\"https:\/\/dev.antudigital.cl\/sites\/vc\/wp-content\/uploads\/2024\/07\/1000073462-scaled.jpg\",\"datePublished\":\"2024-07-29T22:26:51+00:00\",\"dateModified\":\"2024-07-29T22:32:01+00:00\",\"author\":{\"@id\":\"https:\/\/dev.antudigital.cl\/sites\/vc\/#\/schema\/person\/c2b9da8dd545e27166fc5ab232837318\"},\"breadcrumb\":{\"@id\":\"https:\/\/dev.antudigital.cl\/sites\/vc\/la-melancolia-ruidosa-de-siniestra-pandora\/#breadcrumb\"},\"inLanguage\":\"es\",\"potentialAction\":[{\"@type\":\"ReadAction\",\"target\":[\"https:\/\/dev.antudigital.cl\/sites\/vc\/la-melancolia-ruidosa-de-siniestra-pandora\/\"]}]},{\"@type\":\"ImageObject\",\"inLanguage\":\"es\",\"@id\":\"https:\/\/dev.antudigital.cl\/sites\/vc\/la-melancolia-ruidosa-de-siniestra-pandora\/#primaryimage\",\"url\":\"https:\/\/dev.antudigital.cl\/sites\/vc\/wp-content\/uploads\/2024\/07\/1000073462-scaled.jpg\",\"contentUrl\":\"https:\/\/dev.antudigital.cl\/sites\/vc\/wp-content\/uploads\/2024\/07\/1000073462-scaled.jpg\",\"width\":2560,\"height\":1643},{\"@type\":\"BreadcrumbList\",\"@id\":\"https:\/\/dev.antudigital.cl\/sites\/vc\/la-melancolia-ruidosa-de-siniestra-pandora\/#breadcrumb\",\"itemListElement\":[{\"@type\":\"ListItem\",\"position\":1,\"name\":\"Home\",\"item\":\"https:\/\/dev.antudigital.cl\/sites\/vc\/\"},{\"@type\":\"ListItem\",\"position\":2,\"name\":\"La melancol\u00eda ruidosa de Siniestra Pandora\"}]},{\"@type\":\"WebSite\",\"@id\":\"https:\/\/dev.antudigital.cl\/sites\/vc\/#website\",\"url\":\"https:\/\/dev.antudigital.cl\/sites\/vc\/\",\"name\":\"Valpara\u00ed\u00adso Creativo\",\"description\":\"\",\"potentialAction\":[{\"@type\":\"SearchAction\",\"target\":{\"@type\":\"EntryPoint\",\"urlTemplate\":\"https:\/\/dev.antudigital.cl\/sites\/vc\/?s={search_term_string}\"},\"query-input\":{\"@type\":\"PropertyValueSpecification\",\"valueRequired\":true,\"valueName\":\"search_term_string\"}}],\"inLanguage\":\"es\"},{\"@type\":\"Person\",\"@id\":\"https:\/\/dev.antudigital.cl\/sites\/vc\/#\/schema\/person\/c2b9da8dd545e27166fc5ab232837318\",\"name\":\"Valpara\u00edso Creativo\",\"description\":\"Periodista de cultura en la Regi\u00f3n de Valpara\u00edso.\",\"url\":\"https:\/\/dev.antudigital.cl\/sites\/vc\/author\/valpoadmin\/\"}]}<\/script>\n<!-- \/ Yoast SEO plugin. -->","yoast_head_json":{"title":"La melancol\u00eda ruidosa de Siniestra Pandora - Valpara\u00ed\u00adso Creativo","robots":{"index":"index","follow":"follow","max-snippet":"max-snippet:-1","max-image-preview":"max-image-preview:large","max-video-preview":"max-video-preview:-1"},"canonical":"https:\/\/dev.antudigital.cl\/sites\/vc\/la-melancolia-ruidosa-de-siniestra-pandora\/","og_locale":"es_ES","og_type":"article","og_title":"La melancol\u00eda ruidosa de Siniestra Pandora - Valpara\u00ed\u00adso Creativo","og_description":"Siniestra Pandora es una banda de m\u00fasicos de\u00a0 Valpara\u00edso \u200b\u200bque proponen sonidos melanc\u00f3licos, on\u00edricos. Recientemente lanzaron su \u00faltimo trabajo, \u201cEleg\u00eda\u201d, re\u00fane un cuerpo de canciones entrelazadas por la sensaci\u00f3n de duelo en sus letras y melod\u00edas nost\u00e1lgicas. Nos reunimos en el Hub Creativo, donde anteriormente realizaron el Listening party de \u201cEleg\u00eda\u201d, para conversar sobre su [&hellip;]","og_url":"https:\/\/dev.antudigital.cl\/sites\/vc\/la-melancolia-ruidosa-de-siniestra-pandora\/","og_site_name":"Valpara\u00ed\u00adso Creativo","article_published_time":"2024-07-29T22:26:51+00:00","article_modified_time":"2024-07-29T22:32:01+00:00","og_image":[{"width":2560,"height":1643,"url":"https:\/\/dev.antudigital.cl\/sites\/vc\/wp-content\/uploads\/2024\/07\/1000073462-scaled.jpg","type":"image\/jpeg"}],"author":"Valpara\u00edso Creativo","twitter_card":"summary_large_image","twitter_misc":{"Escrito por":"Valpara\u00edso Creativo","Tiempo de lectura":"5 minutos"},"schema":{"@context":"https:\/\/schema.org","@graph":[{"@type":"Article","@id":"https:\/\/dev.antudigital.cl\/sites\/vc\/la-melancolia-ruidosa-de-siniestra-pandora\/#article","isPartOf":{"@id":"https:\/\/dev.antudigital.cl\/sites\/vc\/la-melancolia-ruidosa-de-siniestra-pandora\/"},"author":{"name":"Valpara\u00edso Creativo","@id":"https:\/\/dev.antudigital.cl\/sites\/vc\/#\/schema\/person\/c2b9da8dd545e27166fc5ab232837318"},"headline":"La melancol\u00eda ruidosa de Siniestra Pandora","datePublished":"2024-07-29T22:26:51+00:00","dateModified":"2024-07-29T22:32:01+00:00","mainEntityOfPage":{"@id":"https:\/\/dev.antudigital.cl\/sites\/vc\/la-melancolia-ruidosa-de-siniestra-pandora\/"},"wordCount":942,"image":{"@id":"https:\/\/dev.antudigital.cl\/sites\/vc\/la-melancolia-ruidosa-de-siniestra-pandora\/#primaryimage"},"thumbnailUrl":"https:\/\/dev.antudigital.cl\/sites\/vc\/wp-content\/uploads\/2024\/07\/1000073462-scaled.jpg","articleSection":["Blog"],"inLanguage":"es"},{"@type":"WebPage","@id":"https:\/\/dev.antudigital.cl\/sites\/vc\/la-melancolia-ruidosa-de-siniestra-pandora\/","url":"https:\/\/dev.antudigital.cl\/sites\/vc\/la-melancolia-ruidosa-de-siniestra-pandora\/","name":"La melancol\u00eda ruidosa de Siniestra Pandora - Valpara\u00ed\u00adso Creativo","isPartOf":{"@id":"https:\/\/dev.antudigital.cl\/sites\/vc\/#website"},"primaryImageOfPage":{"@id":"https:\/\/dev.antudigital.cl\/sites\/vc\/la-melancolia-ruidosa-de-siniestra-pandora\/#primaryimage"},"image":{"@id":"https:\/\/dev.antudigital.cl\/sites\/vc\/la-melancolia-ruidosa-de-siniestra-pandora\/#primaryimage"},"thumbnailUrl":"https:\/\/dev.antudigital.cl\/sites\/vc\/wp-content\/uploads\/2024\/07\/1000073462-scaled.jpg","datePublished":"2024-07-29T22:26:51+00:00","dateModified":"2024-07-29T22:32:01+00:00","author":{"@id":"https:\/\/dev.antudigital.cl\/sites\/vc\/#\/schema\/person\/c2b9da8dd545e27166fc5ab232837318"},"breadcrumb":{"@id":"https:\/\/dev.antudigital.cl\/sites\/vc\/la-melancolia-ruidosa-de-siniestra-pandora\/#breadcrumb"},"inLanguage":"es","potentialAction":[{"@type":"ReadAction","target":["https:\/\/dev.antudigital.cl\/sites\/vc\/la-melancolia-ruidosa-de-siniestra-pandora\/"]}]},{"@type":"ImageObject","inLanguage":"es","@id":"https:\/\/dev.antudigital.cl\/sites\/vc\/la-melancolia-ruidosa-de-siniestra-pandora\/#primaryimage","url":"https:\/\/dev.antudigital.cl\/sites\/vc\/wp-content\/uploads\/2024\/07\/1000073462-scaled.jpg","contentUrl":"https:\/\/dev.antudigital.cl\/sites\/vc\/wp-content\/uploads\/2024\/07\/1000073462-scaled.jpg","width":2560,"height":1643},{"@type":"BreadcrumbList","@id":"https:\/\/dev.antudigital.cl\/sites\/vc\/la-melancolia-ruidosa-de-siniestra-pandora\/#breadcrumb","itemListElement":[{"@type":"ListItem","position":1,"name":"Home","item":"https:\/\/dev.antudigital.cl\/sites\/vc\/"},{"@type":"ListItem","position":2,"name":"La melancol\u00eda ruidosa de Siniestra Pandora"}]},{"@type":"WebSite","@id":"https:\/\/dev.antudigital.cl\/sites\/vc\/#website","url":"https:\/\/dev.antudigital.cl\/sites\/vc\/","name":"Valpara\u00ed\u00adso Creativo","description":"","potentialAction":[{"@type":"SearchAction","target":{"@type":"EntryPoint","urlTemplate":"https:\/\/dev.antudigital.cl\/sites\/vc\/?s={search_term_string}"},"query-input":{"@type":"PropertyValueSpecification","valueRequired":true,"valueName":"search_term_string"}}],"inLanguage":"es"},{"@type":"Person","@id":"https:\/\/dev.antudigital.cl\/sites\/vc\/#\/schema\/person\/c2b9da8dd545e27166fc5ab232837318","name":"Valpara\u00edso Creativo","description":"Periodista de cultura en la Regi\u00f3n de Valpara\u00edso.","url":"https:\/\/dev.antudigital.cl\/sites\/vc\/author\/valpoadmin\/"}]}},"_links":{"self":[{"href":"https:\/\/dev.antudigital.cl\/sites\/vc\/wp-json\/wp\/v2\/posts\/19859","targetHints":{"allow":["GET"]}}],"collection":[{"href":"https:\/\/dev.antudigital.cl\/sites\/vc\/wp-json\/wp\/v2\/posts"}],"about":[{"href":"https:\/\/dev.antudigital.cl\/sites\/vc\/wp-json\/wp\/v2\/types\/post"}],"author":[{"embeddable":true,"href":"https:\/\/dev.antudigital.cl\/sites\/vc\/wp-json\/wp\/v2\/users\/1"}],"replies":[{"embeddable":true,"href":"https:\/\/dev.antudigital.cl\/sites\/vc\/wp-json\/wp\/v2\/comments?post=19859"}],"version-history":[{"count":2,"href":"https:\/\/dev.antudigital.cl\/sites\/vc\/wp-json\/wp\/v2\/posts\/19859\/revisions"}],"predecessor-version":[{"id":19865,"href":"https:\/\/dev.antudigital.cl\/sites\/vc\/wp-json\/wp\/v2\/posts\/19859\/revisions\/19865"}],"wp:featuredmedia":[{"embeddable":true,"href":"https:\/\/dev.antudigital.cl\/sites\/vc\/wp-json\/wp\/v2\/media\/19861"}],"wp:attachment":[{"href":"https:\/\/dev.antudigital.cl\/sites\/vc\/wp-json\/wp\/v2\/media?parent=19859"}],"wp:term":[{"taxonomy":"category","embeddable":true,"href":"https:\/\/dev.antudigital.cl\/sites\/vc\/wp-json\/wp\/v2\/categories?post=19859"},{"taxonomy":"post_tag","embeddable":true,"href":"https:\/\/dev.antudigital.cl\/sites\/vc\/wp-json\/wp\/v2\/tags?post=19859"}],"curies":[{"name":"wp","href":"https:\/\/api.w.org\/{rel}","templated":true}]}}