{"id":19864,"date":"2024-07-29T22:48:14","date_gmt":"2024-07-29T22:48:14","guid":{"rendered":"https:\/\/www.valparaisocreativo.cl\/?p=19864"},"modified":"2024-07-29T22:48:34","modified_gmt":"2024-07-29T22:48:34","slug":"asociatividad-y-desarrollo-arcos-y-valparaiso-creativo-en-la-red-nacional-de-territorios-creativos","status":"publish","type":"post","link":"https:\/\/dev.antudigital.cl\/sites\/vc\/asociatividad-y-desarrollo-arcos-y-valparaiso-creativo-en-la-red-nacional-de-territorios-creativos\/","title":{"rendered":"ASOCIATIVIDAD Y DESARROLLO: ARCOS Y VALPARA\u00cdSO CREATIVO EN LA RED NACIONAL DE TERRITORIOS CREATIVOS"},"content":{"rendered":"\n<p>Desde el a\u00f1o 2021, se genera la <a href=\"https:\/\/redterritorioscreativos.chilecreativo.cl\/\">Red Nacional de Territorios Creativos<\/a>, RNTC, instancia que busca promover la Econom\u00eda Creativa y su desarrollo a trav\u00e9s de la articulaci\u00f3n de actores p\u00fablicos y privados de diversas regiones del pa\u00eds. En este sentido, Instituto Profesional ARCOS y Valpara\u00edso Creativo han mantenido un trabajo en colaboraci\u00f3n desde los inicios de la Red.<\/p>\n\n\n\n<p>Se trata de 12 regiones del pa\u00eds representadas por instituciones y agentes del quehacer cultural y creativo, con el prop\u00f3sito de conectarse y generar un intercambio de conocimientos y experiencias, adem\u00e1s de impulsar iniciativas que se relacionen con posicionar la Econom\u00eda Creativa a nivel local y nacional.<\/p>\n\n\n\n<p>De esta manera, desde sus gestiones iniciales el a\u00f1o 2020, se generan acciones de trabajo colaborativo en pos del desarrollo econ\u00f3mico local y nacional. Algunos de los miembros que est\u00e1n desde el inicio, son la Subsecretar\u00eda de Econom\u00eda Creativa del Ministerio de las Culturas, las Artes y el Patrimonio; CORFO, UNESCO, Chile Creativo, Fundaci\u00f3n Plades y Municipalidad de Concepci\u00f3n, entre otras.<\/p>\n\n\n\n<figure class=\"wp-block-image size-large\"><img fetchpriority=\"high\" decoding=\"async\" width=\"1024\" height=\"768\" src=\"https:\/\/www.valparaisocreativo.cl\/wp-content\/uploads\/2024\/07\/image_123650291-1-1024x768.jpg\" alt=\"\" class=\"wp-image-19868\" srcset=\"https:\/\/dev.antudigital.cl\/sites\/vc\/wp-content\/uploads\/2024\/07\/image_123650291-1-1024x768.jpg 1024w, https:\/\/dev.antudigital.cl\/sites\/vc\/wp-content\/uploads\/2024\/07\/image_123650291-1-300x225.jpg 300w, https:\/\/dev.antudigital.cl\/sites\/vc\/wp-content\/uploads\/2024\/07\/image_123650291-1-768x576.jpg 768w, https:\/\/dev.antudigital.cl\/sites\/vc\/wp-content\/uploads\/2024\/07\/image_123650291-1-510x382.jpg 510w, https:\/\/dev.antudigital.cl\/sites\/vc\/wp-content\/uploads\/2024\/07\/image_123650291-1-980x735.jpg 980w, https:\/\/dev.antudigital.cl\/sites\/vc\/wp-content\/uploads\/2024\/07\/image_123650291-1-480x360.jpg 480w, https:\/\/dev.antudigital.cl\/sites\/vc\/wp-content\/uploads\/2024\/07\/image_123650291-1-24x18.jpg 24w, https:\/\/dev.antudigital.cl\/sites\/vc\/wp-content\/uploads\/2024\/07\/image_123650291-1-36x27.jpg 36w, https:\/\/dev.antudigital.cl\/sites\/vc\/wp-content\/uploads\/2024\/07\/image_123650291-1-48x36.jpg 48w, https:\/\/dev.antudigital.cl\/sites\/vc\/wp-content\/uploads\/2024\/07\/image_123650291-1.jpg 1080w\" sizes=\"(max-width: 1024px) 100vw, 1024px\" \/><\/figure>\n\n\n\n<p>Ximena Duarte, directora de Vinculaci\u00f3n con el Medio y Comunicaciones de ARCOS est\u00e1 involucrada desde el principio en la Red. \u201cDesde Territorio Pe\u00f1alol\u00e9n Creativa, que componemos el Instituto y la municipalidad de Pe\u00f1alol\u00e9n, especialmente, nos integramos junto a los territorios de Arica y Parinacota, Valpara\u00edso, O&#8217;Higgins, \u00d1uble, B\u00edo-B\u00edo, Los R\u00edos y Los Lagos, y estamos desde el 2022 en el directorio de la RNTC. Desde entonces, la participaci\u00f3n ha estado llena de trabajo colaborativo, horizontal y aut\u00e9ntico, con el \u00e1nimo de situar la cultura y la Econom\u00eda Creativa al centro del desarrollo local\u201d. A la vez, la directora recalca que \u201cfuimos pocas y pocos quienes cre\u00edmos que en la asociatividad encontrar\u00edamos una \u00e9tica compartida y una nueva forma de accionar que ir\u00eda otorg\u00e1ndonos cada vez m\u00e1s pertinencia territorial. Creo que no nos hemos equivocado\u201d.<\/p>\n\n\n\n<p>Acerca de la participaci\u00f3n del Valpara\u00edso Creativo como programa estrat\u00e9gico de CORFO, Mauricio Cifuentes, su gerente general, comenta que \u201cla experiencia ha sido super enriquecedora, sobre todo porque conoces realidades de otros territorios y te das cuenta de similitudes y simetr\u00eda en cuanto a la gesti\u00f3n de los territorios desde el punto de vista de la cultura\u201d.&nbsp;<\/p>\n\n\n\n<p>Mediante reuniones mensuales, se genera un intercambio valioso para quienes participan, encontrando puntos en com\u00fan, adem\u00e1s de propiciar articulaciones que se traducen en acciones concretas para el sector creativo.<\/p>\n\n\n\n<figure class=\"wp-block-image size-large\"><img decoding=\"async\" width=\"1024\" height=\"683\" src=\"https:\/\/www.valparaisocreativo.cl\/wp-content\/uploads\/2024\/07\/RNTC-2-1024x683.jpg\" alt=\"\" class=\"wp-image-19869\" srcset=\"https:\/\/dev.antudigital.cl\/sites\/vc\/wp-content\/uploads\/2024\/07\/RNTC-2-1024x683.jpg 1024w, https:\/\/dev.antudigital.cl\/sites\/vc\/wp-content\/uploads\/2024\/07\/RNTC-2-300x200.jpg 300w, https:\/\/dev.antudigital.cl\/sites\/vc\/wp-content\/uploads\/2024\/07\/RNTC-2-768x512.jpg 768w, https:\/\/dev.antudigital.cl\/sites\/vc\/wp-content\/uploads\/2024\/07\/RNTC-2-1080x720.jpg 1080w, https:\/\/dev.antudigital.cl\/sites\/vc\/wp-content\/uploads\/2024\/07\/RNTC-2-980x653.jpg 980w, https:\/\/dev.antudigital.cl\/sites\/vc\/wp-content\/uploads\/2024\/07\/RNTC-2-480x320.jpg 480w, https:\/\/dev.antudigital.cl\/sites\/vc\/wp-content\/uploads\/2024\/07\/RNTC-2-24x16.jpg 24w, https:\/\/dev.antudigital.cl\/sites\/vc\/wp-content\/uploads\/2024\/07\/RNTC-2-36x24.jpg 36w, https:\/\/dev.antudigital.cl\/sites\/vc\/wp-content\/uploads\/2024\/07\/RNTC-2-48x32.jpg 48w, https:\/\/dev.antudigital.cl\/sites\/vc\/wp-content\/uploads\/2024\/07\/RNTC-2.jpg 1200w\" sizes=\"(max-width: 1024px) 100vw, 1024px\" \/><\/figure>\n\n\n\n<p>Tomando esto en cuenta, Cifuentes especifica que en algunas regiones hay mucho por hacer. \u201cHay gente que se est\u00e1 organizando, como podemos ver con la mesa MAEC en la Araucan\u00eda, una mesa p\u00fablico-privada que se ha articulado r\u00e1pidamente. Tambi\u00e9n lo que est\u00e1n haciendo algunas individualidades en territorios alejados del centro de la capital, como el caso de Arica con el proyecto Qiri, que pone en valor el patrimonio cultural de la ciudad por medio de tecnolog\u00eda. Hemos aprendido much\u00edsimo de eso\u201d.&nbsp;<\/p>\n\n\n\n<p>A trav\u00e9s del tiempo, tambi\u00e9n han surgido alianzas virtuosas que se expanden internacionalmente, como lo ha sido el conocer casos internacionales y vincularse con la organizaci\u00f3n Conexiones Creativas de Colombia, con quienes se han gestionado encuentros presenciales, asesor\u00edas y capacitaciones en torno al concepto de Distritos Creativos.<\/p>\n\n\n\n<p>En este sentido, tanto el Instituto como Valpara\u00edso Creativo, han podido aportar y capacitarse. Adem\u00e1s, esta Red fue pieza clave para fomentar la uni\u00f3n y colaboraci\u00f3n entre ambas instituciones, trabajo que se ha afiatado y busca impactar conjuntamente en el territorio regional.<\/p>\n\n\n\n<p>Sobre esta activa participaci\u00f3n de ARCOS, Ximena Duarte comenta que \u201ces como haber llegado a casa. Los focos que ARCOS prioriza desde el 2015 en su Plan de Desarrollo, alineado con el Plan Nacional de Econom\u00edas Creativas, encontraron sentido y proyecci\u00f3n en una comunidad que habla el mismo lenguaje y que se juega d\u00eda a d\u00eda por construir una escena donde la creaci\u00f3n se despliegue activando barrios, esquinas, plazas y ciudades enteras. El trabajo colaborativo nos ha permitido conocer de primera fuente casos de \u00e9xito y desaf\u00edos en Chile y en diversos pa\u00edses latinoamericanos y de Europa. Ese aprendizaje es incalculable no solo para ARCOS, sino tambi\u00e9n para los territorios donde despliega su accionar y, con ello, para innumerables organizaciones p\u00fablicas y privadas, empresas, creativos y creativas que promueven el desarrollo de la cultura y las industrias creativas como una alternativa viable para el desarrollo local\u201d.<\/p>\n\n\n\n<figure class=\"wp-block-image size-full\"><img decoding=\"async\" width=\"1024\" height=\"768\" src=\"https:\/\/www.valparaisocreativo.cl\/wp-content\/uploads\/2024\/07\/RNTC-3.jpg\" alt=\"\" class=\"wp-image-19870\" srcset=\"https:\/\/dev.antudigital.cl\/sites\/vc\/wp-content\/uploads\/2024\/07\/RNTC-3.jpg 1024w, https:\/\/dev.antudigital.cl\/sites\/vc\/wp-content\/uploads\/2024\/07\/RNTC-3-300x225.jpg 300w, https:\/\/dev.antudigital.cl\/sites\/vc\/wp-content\/uploads\/2024\/07\/RNTC-3-768x576.jpg 768w, https:\/\/dev.antudigital.cl\/sites\/vc\/wp-content\/uploads\/2024\/07\/RNTC-3-510x382.jpg 510w, https:\/\/dev.antudigital.cl\/sites\/vc\/wp-content\/uploads\/2024\/07\/RNTC-3-980x735.jpg 980w, https:\/\/dev.antudigital.cl\/sites\/vc\/wp-content\/uploads\/2024\/07\/RNTC-3-480x360.jpg 480w, https:\/\/dev.antudigital.cl\/sites\/vc\/wp-content\/uploads\/2024\/07\/RNTC-3-24x18.jpg 24w, https:\/\/dev.antudigital.cl\/sites\/vc\/wp-content\/uploads\/2024\/07\/RNTC-3-36x27.jpg 36w, https:\/\/dev.antudigital.cl\/sites\/vc\/wp-content\/uploads\/2024\/07\/RNTC-3-48x36.jpg 48w\" sizes=\"(max-width: 1024px) 100vw, 1024px\" \/><\/figure>\n\n\n\n<p>\u201cAmbas instituciones han cre\u00eddo desde el inicio en la Red, siendo actualmente miembros activos del directorio. Creo que eso es clave. Hemos podido generar alianzas y trabajar en conjunto, apoyando la importante decisi\u00f3n que toma ARCOS de invertir en Valpara\u00edso y acompa\u00f1arlos en ese proceso. Adem\u00e1s, Tom\u00e1s Albagly, director de ARCOS regi\u00f3n de Valpara\u00edso, es presidente de nuestro Comit\u00e9 Ejecutivo\u201d, remarca Mauricio Cifuentes de Valpara\u00edso Creativo.<\/p>\n\n\n\n<p>Desde Valpara\u00edso, Tom\u00e1s Albagly, director de ARCOS en la regi\u00f3n y presidente del Comit\u00e9 Ejecutivo del programa de Corfo Valpara\u00edso Creativo, destac\u00f3 que \u201cen este territorio somos tres actores que participan- La Municipalidad de Valpara\u00edso, Valpara\u00edso Creativo y nosotros como Instituto Profesional ARCOS. Esta asociatividad es trascendental para la regi\u00f3n, sobre todo porque Valpara\u00edso Creativo es un agente muy importante para la red en este territorio, dado el valioso aporte del programa al desarrollo de las econom\u00edas creativas en nuestro pa\u00eds\u201d.<\/p>\n\n\n\n<figure class=\"wp-block-embed is-type-wp-embed is-provider-red-nacional-de-territorios-creativos wp-block-embed-red-nacional-de-territorios-creativos\"><div class=\"wp-block-embed__wrapper\">\n<blockquote class=\"wp-embedded-content\" data-secret=\"Qujr6w7esf\"><a href=\"https:\/\/redterritorioscreativos.chilecreativo.cl\/\">Inicio<\/a><\/blockquote><iframe class=\"wp-embedded-content\" sandbox=\"allow-scripts\" security=\"restricted\" style=\"position: absolute; visibility: hidden;\" title=\"&#8220;Inicio&#8221; &#8212; Red Nacional de Territorios Creativos\" src=\"https:\/\/redterritorioscreativos.chilecreativo.cl\/embed\/#?secret=FnERF3ttVd#?secret=Qujr6w7esf\" data-secret=\"Qujr6w7esf\" width=\"600\" height=\"338\" frameborder=\"0\" marginwidth=\"0\" marginheight=\"0\" scrolling=\"no\"><\/iframe>\n<\/div><\/figure>\n\n\n\n<p><a href=\"https:\/\/www.instagram.com\/territorioscreativos\">https:\/\/www.instagram.com\/territorioscreativos<\/a><\/p>\n","protected":false},"excerpt":{"rendered":"<p>Desde el a\u00f1o 2021, se genera la Red Nacional de Territorios Creativos, RNTC, instancia que busca promover la Econom\u00eda Creativa y su desarrollo a trav\u00e9s de la articulaci\u00f3n de actores p\u00fablicos y privados de diversas regiones del pa\u00eds. En este sentido, Instituto Profesional ARCOS y Valpara\u00edso Creativo han mantenido un trabajo en colaboraci\u00f3n desde los [&hellip;]<\/p>\n","protected":false},"author":1,"featured_media":19867,"comment_status":"closed","ping_status":"closed","sticky":false,"template":"","format":"standard","meta":{"_acf_changed":false,"footnotes":""},"categories":[218],"tags":[],"class_list":["post-19864","post","type-post","status-publish","format-standard","has-post-thumbnail","hentry","category-blog"],"acf":[],"yoast_head":"<!-- This site is optimized with the Yoast SEO plugin v27.1.1 - https:\/\/yoast.com\/product\/yoast-seo-wordpress\/ -->\n<title>ASOCIATIVIDAD Y DESARROLLO: ARCOS Y VALPARA\u00cdSO CREATIVO EN LA RED NACIONAL DE TERRITORIOS CREATIVOS - Valpara\u00ed\u00adso Creativo<\/title>\n<meta name=\"robots\" content=\"index, follow, max-snippet:-1, max-image-preview:large, max-video-preview:-1\" \/>\n<link rel=\"canonical\" href=\"https:\/\/dev.antudigital.cl\/sites\/vc\/asociatividad-y-desarrollo-arcos-y-valparaiso-creativo-en-la-red-nacional-de-territorios-creativos\/\" \/>\n<meta property=\"og:locale\" content=\"es_ES\" \/>\n<meta property=\"og:type\" content=\"article\" \/>\n<meta property=\"og:title\" content=\"ASOCIATIVIDAD Y DESARROLLO: ARCOS Y VALPARA\u00cdSO CREATIVO EN LA RED NACIONAL DE TERRITORIOS CREATIVOS - Valpara\u00ed\u00adso Creativo\" \/>\n<meta property=\"og:description\" content=\"Desde el a\u00f1o 2021, se genera la Red Nacional de Territorios Creativos, RNTC, instancia que busca promover la Econom\u00eda Creativa y su desarrollo a trav\u00e9s de la articulaci\u00f3n de actores p\u00fablicos y privados de diversas regiones del pa\u00eds. En este sentido, Instituto Profesional ARCOS y Valpara\u00edso Creativo han mantenido un trabajo en colaboraci\u00f3n desde los [&hellip;]\" \/>\n<meta property=\"og:url\" content=\"https:\/\/dev.antudigital.cl\/sites\/vc\/asociatividad-y-desarrollo-arcos-y-valparaiso-creativo-en-la-red-nacional-de-territorios-creativos\/\" \/>\n<meta property=\"og:site_name\" content=\"Valpara\u00ed\u00adso Creativo\" \/>\n<meta property=\"article:published_time\" content=\"2024-07-29T22:48:14+00:00\" \/>\n<meta property=\"article:modified_time\" content=\"2024-07-29T22:48:34+00:00\" \/>\n<meta property=\"og:image\" content=\"https:\/\/dev.antudigital.cl\/sites\/vc\/wp-content\/uploads\/2024\/07\/image_123650291.jpg\" \/>\n\t<meta property=\"og:image:width\" content=\"1080\" \/>\n\t<meta property=\"og:image:height\" content=\"810\" \/>\n\t<meta property=\"og:image:type\" content=\"image\/jpeg\" \/>\n<meta name=\"author\" content=\"Valpara\u00edso Creativo\" \/>\n<meta name=\"twitter:card\" content=\"summary_large_image\" \/>\n<meta name=\"twitter:label1\" content=\"Escrito por\" \/>\n\t<meta name=\"twitter:data1\" content=\"Valpara\u00edso Creativo\" \/>\n\t<meta name=\"twitter:label2\" content=\"Tiempo de lectura\" \/>\n\t<meta name=\"twitter:data2\" content=\"5 minutos\" \/>\n<script type=\"application\/ld+json\" class=\"yoast-schema-graph\">{\"@context\":\"https:\/\/schema.org\",\"@graph\":[{\"@type\":\"Article\",\"@id\":\"https:\/\/dev.antudigital.cl\/sites\/vc\/asociatividad-y-desarrollo-arcos-y-valparaiso-creativo-en-la-red-nacional-de-territorios-creativos\/#article\",\"isPartOf\":{\"@id\":\"https:\/\/dev.antudigital.cl\/sites\/vc\/asociatividad-y-desarrollo-arcos-y-valparaiso-creativo-en-la-red-nacional-de-territorios-creativos\/\"},\"author\":{\"name\":\"Valpara\u00edso Creativo\",\"@id\":\"https:\/\/dev.antudigital.cl\/sites\/vc\/#\/schema\/person\/c2b9da8dd545e27166fc5ab232837318\"},\"headline\":\"ASOCIATIVIDAD Y DESARROLLO: ARCOS Y VALPARA\u00cdSO CREATIVO EN LA RED NACIONAL DE TERRITORIOS CREATIVOS\",\"datePublished\":\"2024-07-29T22:48:14+00:00\",\"dateModified\":\"2024-07-29T22:48:34+00:00\",\"mainEntityOfPage\":{\"@id\":\"https:\/\/dev.antudigital.cl\/sites\/vc\/asociatividad-y-desarrollo-arcos-y-valparaiso-creativo-en-la-red-nacional-de-territorios-creativos\/\"},\"wordCount\":959,\"image\":{\"@id\":\"https:\/\/dev.antudigital.cl\/sites\/vc\/asociatividad-y-desarrollo-arcos-y-valparaiso-creativo-en-la-red-nacional-de-territorios-creativos\/#primaryimage\"},\"thumbnailUrl\":\"https:\/\/dev.antudigital.cl\/sites\/vc\/wp-content\/uploads\/2024\/07\/image_123650291.jpg\",\"articleSection\":[\"Blog\"],\"inLanguage\":\"es\"},{\"@type\":\"WebPage\",\"@id\":\"https:\/\/dev.antudigital.cl\/sites\/vc\/asociatividad-y-desarrollo-arcos-y-valparaiso-creativo-en-la-red-nacional-de-territorios-creativos\/\",\"url\":\"https:\/\/dev.antudigital.cl\/sites\/vc\/asociatividad-y-desarrollo-arcos-y-valparaiso-creativo-en-la-red-nacional-de-territorios-creativos\/\",\"name\":\"ASOCIATIVIDAD Y DESARROLLO: ARCOS Y VALPARA\u00cdSO CREATIVO EN LA RED NACIONAL DE TERRITORIOS CREATIVOS - Valpara\u00ed\u00adso Creativo\",\"isPartOf\":{\"@id\":\"https:\/\/dev.antudigital.cl\/sites\/vc\/#website\"},\"primaryImageOfPage\":{\"@id\":\"https:\/\/dev.antudigital.cl\/sites\/vc\/asociatividad-y-desarrollo-arcos-y-valparaiso-creativo-en-la-red-nacional-de-territorios-creativos\/#primaryimage\"},\"image\":{\"@id\":\"https:\/\/dev.antudigital.cl\/sites\/vc\/asociatividad-y-desarrollo-arcos-y-valparaiso-creativo-en-la-red-nacional-de-territorios-creativos\/#primaryimage\"},\"thumbnailUrl\":\"https:\/\/dev.antudigital.cl\/sites\/vc\/wp-content\/uploads\/2024\/07\/image_123650291.jpg\",\"datePublished\":\"2024-07-29T22:48:14+00:00\",\"dateModified\":\"2024-07-29T22:48:34+00:00\",\"author\":{\"@id\":\"https:\/\/dev.antudigital.cl\/sites\/vc\/#\/schema\/person\/c2b9da8dd545e27166fc5ab232837318\"},\"breadcrumb\":{\"@id\":\"https:\/\/dev.antudigital.cl\/sites\/vc\/asociatividad-y-desarrollo-arcos-y-valparaiso-creativo-en-la-red-nacional-de-territorios-creativos\/#breadcrumb\"},\"inLanguage\":\"es\",\"potentialAction\":[{\"@type\":\"ReadAction\",\"target\":[\"https:\/\/dev.antudigital.cl\/sites\/vc\/asociatividad-y-desarrollo-arcos-y-valparaiso-creativo-en-la-red-nacional-de-territorios-creativos\/\"]}]},{\"@type\":\"ImageObject\",\"inLanguage\":\"es\",\"@id\":\"https:\/\/dev.antudigital.cl\/sites\/vc\/asociatividad-y-desarrollo-arcos-y-valparaiso-creativo-en-la-red-nacional-de-territorios-creativos\/#primaryimage\",\"url\":\"https:\/\/dev.antudigital.cl\/sites\/vc\/wp-content\/uploads\/2024\/07\/image_123650291.jpg\",\"contentUrl\":\"https:\/\/dev.antudigital.cl\/sites\/vc\/wp-content\/uploads\/2024\/07\/image_123650291.jpg\",\"width\":1080,\"height\":810},{\"@type\":\"BreadcrumbList\",\"@id\":\"https:\/\/dev.antudigital.cl\/sites\/vc\/asociatividad-y-desarrollo-arcos-y-valparaiso-creativo-en-la-red-nacional-de-territorios-creativos\/#breadcrumb\",\"itemListElement\":[{\"@type\":\"ListItem\",\"position\":1,\"name\":\"Home\",\"item\":\"https:\/\/dev.antudigital.cl\/sites\/vc\/\"},{\"@type\":\"ListItem\",\"position\":2,\"name\":\"ASOCIATIVIDAD Y DESARROLLO: ARCOS Y VALPARA\u00cdSO CREATIVO EN LA RED NACIONAL DE TERRITORIOS CREATIVOS\"}]},{\"@type\":\"WebSite\",\"@id\":\"https:\/\/dev.antudigital.cl\/sites\/vc\/#website\",\"url\":\"https:\/\/dev.antudigital.cl\/sites\/vc\/\",\"name\":\"Valpara\u00ed\u00adso Creativo\",\"description\":\"\",\"potentialAction\":[{\"@type\":\"SearchAction\",\"target\":{\"@type\":\"EntryPoint\",\"urlTemplate\":\"https:\/\/dev.antudigital.cl\/sites\/vc\/?s={search_term_string}\"},\"query-input\":{\"@type\":\"PropertyValueSpecification\",\"valueRequired\":true,\"valueName\":\"search_term_string\"}}],\"inLanguage\":\"es\"},{\"@type\":\"Person\",\"@id\":\"https:\/\/dev.antudigital.cl\/sites\/vc\/#\/schema\/person\/c2b9da8dd545e27166fc5ab232837318\",\"name\":\"Valpara\u00edso Creativo\",\"description\":\"Periodista de cultura en la Regi\u00f3n de Valpara\u00edso.\",\"url\":\"https:\/\/dev.antudigital.cl\/sites\/vc\/author\/valpoadmin\/\"}]}<\/script>\n<!-- \/ Yoast SEO plugin. -->","yoast_head_json":{"title":"ASOCIATIVIDAD Y DESARROLLO: ARCOS Y VALPARA\u00cdSO CREATIVO EN LA RED NACIONAL DE TERRITORIOS CREATIVOS - Valpara\u00ed\u00adso Creativo","robots":{"index":"index","follow":"follow","max-snippet":"max-snippet:-1","max-image-preview":"max-image-preview:large","max-video-preview":"max-video-preview:-1"},"canonical":"https:\/\/dev.antudigital.cl\/sites\/vc\/asociatividad-y-desarrollo-arcos-y-valparaiso-creativo-en-la-red-nacional-de-territorios-creativos\/","og_locale":"es_ES","og_type":"article","og_title":"ASOCIATIVIDAD Y DESARROLLO: ARCOS Y VALPARA\u00cdSO CREATIVO EN LA RED NACIONAL DE TERRITORIOS CREATIVOS - Valpara\u00ed\u00adso Creativo","og_description":"Desde el a\u00f1o 2021, se genera la Red Nacional de Territorios Creativos, RNTC, instancia que busca promover la Econom\u00eda Creativa y su desarrollo a trav\u00e9s de la articulaci\u00f3n de actores p\u00fablicos y privados de diversas regiones del pa\u00eds. En este sentido, Instituto Profesional ARCOS y Valpara\u00edso Creativo han mantenido un trabajo en colaboraci\u00f3n desde los [&hellip;]","og_url":"https:\/\/dev.antudigital.cl\/sites\/vc\/asociatividad-y-desarrollo-arcos-y-valparaiso-creativo-en-la-red-nacional-de-territorios-creativos\/","og_site_name":"Valpara\u00ed\u00adso Creativo","article_published_time":"2024-07-29T22:48:14+00:00","article_modified_time":"2024-07-29T22:48:34+00:00","og_image":[{"width":1080,"height":810,"url":"https:\/\/dev.antudigital.cl\/sites\/vc\/wp-content\/uploads\/2024\/07\/image_123650291.jpg","type":"image\/jpeg"}],"author":"Valpara\u00edso Creativo","twitter_card":"summary_large_image","twitter_misc":{"Escrito por":"Valpara\u00edso Creativo","Tiempo de lectura":"5 minutos"},"schema":{"@context":"https:\/\/schema.org","@graph":[{"@type":"Article","@id":"https:\/\/dev.antudigital.cl\/sites\/vc\/asociatividad-y-desarrollo-arcos-y-valparaiso-creativo-en-la-red-nacional-de-territorios-creativos\/#article","isPartOf":{"@id":"https:\/\/dev.antudigital.cl\/sites\/vc\/asociatividad-y-desarrollo-arcos-y-valparaiso-creativo-en-la-red-nacional-de-territorios-creativos\/"},"author":{"name":"Valpara\u00edso Creativo","@id":"https:\/\/dev.antudigital.cl\/sites\/vc\/#\/schema\/person\/c2b9da8dd545e27166fc5ab232837318"},"headline":"ASOCIATIVIDAD Y DESARROLLO: ARCOS Y VALPARA\u00cdSO CREATIVO EN LA RED NACIONAL DE TERRITORIOS CREATIVOS","datePublished":"2024-07-29T22:48:14+00:00","dateModified":"2024-07-29T22:48:34+00:00","mainEntityOfPage":{"@id":"https:\/\/dev.antudigital.cl\/sites\/vc\/asociatividad-y-desarrollo-arcos-y-valparaiso-creativo-en-la-red-nacional-de-territorios-creativos\/"},"wordCount":959,"image":{"@id":"https:\/\/dev.antudigital.cl\/sites\/vc\/asociatividad-y-desarrollo-arcos-y-valparaiso-creativo-en-la-red-nacional-de-territorios-creativos\/#primaryimage"},"thumbnailUrl":"https:\/\/dev.antudigital.cl\/sites\/vc\/wp-content\/uploads\/2024\/07\/image_123650291.jpg","articleSection":["Blog"],"inLanguage":"es"},{"@type":"WebPage","@id":"https:\/\/dev.antudigital.cl\/sites\/vc\/asociatividad-y-desarrollo-arcos-y-valparaiso-creativo-en-la-red-nacional-de-territorios-creativos\/","url":"https:\/\/dev.antudigital.cl\/sites\/vc\/asociatividad-y-desarrollo-arcos-y-valparaiso-creativo-en-la-red-nacional-de-territorios-creativos\/","name":"ASOCIATIVIDAD Y DESARROLLO: ARCOS Y VALPARA\u00cdSO CREATIVO EN LA RED NACIONAL DE TERRITORIOS CREATIVOS - Valpara\u00ed\u00adso Creativo","isPartOf":{"@id":"https:\/\/dev.antudigital.cl\/sites\/vc\/#website"},"primaryImageOfPage":{"@id":"https:\/\/dev.antudigital.cl\/sites\/vc\/asociatividad-y-desarrollo-arcos-y-valparaiso-creativo-en-la-red-nacional-de-territorios-creativos\/#primaryimage"},"image":{"@id":"https:\/\/dev.antudigital.cl\/sites\/vc\/asociatividad-y-desarrollo-arcos-y-valparaiso-creativo-en-la-red-nacional-de-territorios-creativos\/#primaryimage"},"thumbnailUrl":"https:\/\/dev.antudigital.cl\/sites\/vc\/wp-content\/uploads\/2024\/07\/image_123650291.jpg","datePublished":"2024-07-29T22:48:14+00:00","dateModified":"2024-07-29T22:48:34+00:00","author":{"@id":"https:\/\/dev.antudigital.cl\/sites\/vc\/#\/schema\/person\/c2b9da8dd545e27166fc5ab232837318"},"breadcrumb":{"@id":"https:\/\/dev.antudigital.cl\/sites\/vc\/asociatividad-y-desarrollo-arcos-y-valparaiso-creativo-en-la-red-nacional-de-territorios-creativos\/#breadcrumb"},"inLanguage":"es","potentialAction":[{"@type":"ReadAction","target":["https:\/\/dev.antudigital.cl\/sites\/vc\/asociatividad-y-desarrollo-arcos-y-valparaiso-creativo-en-la-red-nacional-de-territorios-creativos\/"]}]},{"@type":"ImageObject","inLanguage":"es","@id":"https:\/\/dev.antudigital.cl\/sites\/vc\/asociatividad-y-desarrollo-arcos-y-valparaiso-creativo-en-la-red-nacional-de-territorios-creativos\/#primaryimage","url":"https:\/\/dev.antudigital.cl\/sites\/vc\/wp-content\/uploads\/2024\/07\/image_123650291.jpg","contentUrl":"https:\/\/dev.antudigital.cl\/sites\/vc\/wp-content\/uploads\/2024\/07\/image_123650291.jpg","width":1080,"height":810},{"@type":"BreadcrumbList","@id":"https:\/\/dev.antudigital.cl\/sites\/vc\/asociatividad-y-desarrollo-arcos-y-valparaiso-creativo-en-la-red-nacional-de-territorios-creativos\/#breadcrumb","itemListElement":[{"@type":"ListItem","position":1,"name":"Home","item":"https:\/\/dev.antudigital.cl\/sites\/vc\/"},{"@type":"ListItem","position":2,"name":"ASOCIATIVIDAD Y DESARROLLO: ARCOS Y VALPARA\u00cdSO CREATIVO EN LA RED NACIONAL DE TERRITORIOS CREATIVOS"}]},{"@type":"WebSite","@id":"https:\/\/dev.antudigital.cl\/sites\/vc\/#website","url":"https:\/\/dev.antudigital.cl\/sites\/vc\/","name":"Valpara\u00ed\u00adso Creativo","description":"","potentialAction":[{"@type":"SearchAction","target":{"@type":"EntryPoint","urlTemplate":"https:\/\/dev.antudigital.cl\/sites\/vc\/?s={search_term_string}"},"query-input":{"@type":"PropertyValueSpecification","valueRequired":true,"valueName":"search_term_string"}}],"inLanguage":"es"},{"@type":"Person","@id":"https:\/\/dev.antudigital.cl\/sites\/vc\/#\/schema\/person\/c2b9da8dd545e27166fc5ab232837318","name":"Valpara\u00edso Creativo","description":"Periodista de cultura en la Regi\u00f3n de Valpara\u00edso.","url":"https:\/\/dev.antudigital.cl\/sites\/vc\/author\/valpoadmin\/"}]}},"_links":{"self":[{"href":"https:\/\/dev.antudigital.cl\/sites\/vc\/wp-json\/wp\/v2\/posts\/19864","targetHints":{"allow":["GET"]}}],"collection":[{"href":"https:\/\/dev.antudigital.cl\/sites\/vc\/wp-json\/wp\/v2\/posts"}],"about":[{"href":"https:\/\/dev.antudigital.cl\/sites\/vc\/wp-json\/wp\/v2\/types\/post"}],"author":[{"embeddable":true,"href":"https:\/\/dev.antudigital.cl\/sites\/vc\/wp-json\/wp\/v2\/users\/1"}],"replies":[{"embeddable":true,"href":"https:\/\/dev.antudigital.cl\/sites\/vc\/wp-json\/wp\/v2\/comments?post=19864"}],"version-history":[{"count":1,"href":"https:\/\/dev.antudigital.cl\/sites\/vc\/wp-json\/wp\/v2\/posts\/19864\/revisions"}],"predecessor-version":[{"id":19871,"href":"https:\/\/dev.antudigital.cl\/sites\/vc\/wp-json\/wp\/v2\/posts\/19864\/revisions\/19871"}],"wp:featuredmedia":[{"embeddable":true,"href":"https:\/\/dev.antudigital.cl\/sites\/vc\/wp-json\/wp\/v2\/media\/19867"}],"wp:attachment":[{"href":"https:\/\/dev.antudigital.cl\/sites\/vc\/wp-json\/wp\/v2\/media?parent=19864"}],"wp:term":[{"taxonomy":"category","embeddable":true,"href":"https:\/\/dev.antudigital.cl\/sites\/vc\/wp-json\/wp\/v2\/categories?post=19864"},{"taxonomy":"post_tag","embeddable":true,"href":"https:\/\/dev.antudigital.cl\/sites\/vc\/wp-json\/wp\/v2\/tags?post=19864"}],"curies":[{"name":"wp","href":"https:\/\/api.w.org\/{rel}","templated":true}]}}