{"id":19874,"date":"2024-07-29T22:59:05","date_gmt":"2024-07-29T22:59:05","guid":{"rendered":"https:\/\/www.valparaisocreativo.cl\/?p=19874"},"modified":"2024-07-29T22:59:22","modified_gmt":"2024-07-29T22:59:22","slug":"gestion-de-recursos-hidricos-en-las-empresas-e-inteligencia-artificial-son-algunos-de-los-principales-temas-del-28eetravesia-organizado-por-la-crcp","status":"publish","type":"post","link":"https:\/\/dev.antudigital.cl\/sites\/vc\/gestion-de-recursos-hidricos-en-las-empresas-e-inteligencia-artificial-son-algunos-de-los-principales-temas-del-28eetravesia-organizado-por-la-crcp\/","title":{"rendered":"Gesti\u00f3n de recursos h\u00eddricos en las empresas e Inteligencia Artificial son algunos de los principales temas del 28eeTravesIA organizado por la CRCP"},"content":{"rendered":"\n<p><strong>En su versi\u00f3n n\u00famero 28, el encuentro reunir\u00e1 a representantes del mundo empresarial, gremial, autoridades regionales y nacionales, y emprendedores de la zona.<\/strong><\/p>\n\n\n\n<p>El pr\u00f3ximo 7 y 8 de agosto se llevar\u00e1 a cabo en Enjoy Vi\u00f1a del Mar el 28ee: TravesIA, organizado por la C\u00e1mara Regional del Comercio de Valpara\u00edso, y que cuenta con el apoyo de Corfo, la colaboraci\u00f3n estrat\u00e9gica de ProChile, adem\u00e1s de empresas socias de la CRCP para realizar el evento.<\/p>\n\n\n\n<p>La actividad, cuya ceremonia inaugural estar\u00e1 encabezada por el presidente CRCP, Javier Torrej\u00f3n, estar\u00e1 enfocada en tratar diversos temas como Inteligencia Artificial, Gesti\u00f3n de Recursos H\u00eddricos en las Empresa entre otros, donde expositores nacionales e internacionales, ser\u00e1n los protagonistas de diversas charlas y seminarios durante los dos d\u00edas,<\/p>\n\n\n\n<p>En este contexto, el presidente del gremio organizador mencion\u00f3 \u201ceste a\u00f1o hemos denominado a nuestro tradicional encuentro como 28ee: TravesIA, como una invitaci\u00f3n a embarcarse en un viaje emocionante hacia nuevas ideas para un desarrollo sostenible, que requiere de una visi\u00f3n de futuro compartida y que no se podr\u00eda alcanzar sin el trabajo colaborativo entre diversos actores para impulsar esta transformaci\u00f3n hacia el futuro, generando nuevas oportunidades de vinculaci\u00f3n que fortalezcan al ecosistema. En esta edici\u00f3n, que cuenta con el apoyo de Corfo y la colaboraci\u00f3n estrat\u00e9gica de ProChile, contempla la realizaci\u00f3n de seminarios, charlas magistrales, actividades de networking, ruedas de negocios internacionales, showroom y mucho m\u00e1s, transform\u00e1ndose as\u00ed en un espacio clave para el entramado empresarial y emprendedor de la regi\u00f3n. Adem\u00e1s, pondremos \u00e9nfasis en materias como la inteligencia artificial, el impacto de los emprendimientos de base cient\u00edfico-tecnol\u00f3gica, la innovaci\u00f3n sostenible, el turismo y la gesti\u00f3n sustentable de los recursos h\u00eddricos, temas que invitar\u00e1n al di\u00e1logo y la reflexi\u00f3n durante los d\u00edas 07 y 08 de agosto\u201d.<\/p>\n\n\n\n<p>A esto agreg\u00f3 \u201cAs\u00ed tambi\u00e9n, tendremos grandes invitados nacionales e internacionales que abordar\u00e1n los desaf\u00edos que tiene el mundo empresarial y del emprendimiento, como Eilon Adar, director del Instituto de Investigaci\u00f3n del Agua de la Universidad Ben-Gurion; y Elizabeth Ritter, consultora experta en transferencia de tecnolog\u00eda y ex asesora de la Organizaci\u00f3n Mundial de Propiedad Intelectual, entre otros. Sin duda, estamos trabajando para transformar al 28ee: TravesIA, tal como en a\u00f1os anteriores, en uno de los encuentros internacionales m\u00e1s relevantes de la zona, impulsando el desarrollo econ\u00f3mico sostenible de la regi\u00f3n y convirti\u00e9ndose en una importante vitrina de negocios para el ecosistema regional y en un espacio de generaci\u00f3n de redes, poniendo en valor el emprendimiento y la innovaci\u00f3n\u201d.<\/p>\n\n\n\n<p>Por su parte, Etienne Choupay, director regional de Corfo Valpara\u00edso, destac\u00f3 la focalizaci\u00f3n del 28ee: TravesIA desarrollado por la C\u00e1mara Regional de Comercio de Valpara\u00edso, con apoyo Corfo precisando que es fundamental que hoy las empresas avancen en pr\u00e1cticas sustentables en el desarrollo de sus actividades productivas tales como la gesti\u00f3n de recursos h\u00eddricos y la eficiencia energ\u00e9tica. \u201cHoy el cambio clim\u00e1tico y la crisis h\u00eddrica es una realidad que nos debe preocupar. Desde Corfo estamos contribuyendo a que empresas y emprendedores de la regi\u00f3n desarrollen innovaciones tecnol\u00f3gicas que justamente aborden los desaf\u00edos de la crisis clim\u00e1tica\u201d, coment\u00f3 Choupay.<\/p>\n\n\n\n<p>La inscripci\u00f3n es totalmente gratuita, y se puede realizar en la p\u00e1gina www.28ee.cl<\/p>\n\n\n\n<p><strong>Rueda de Negocios&nbsp;<\/strong><\/p>\n\n\n\n<p>En paralelo, y en el marco del 28ee: TravesIA, al igual que en a\u00f1os anteriores se desarrollar\u00e1 la \u00abRueda de Negocios Internacional Valpara\u00edso 2024\u00bb, organizada en conjunto con ProChile, donde representantes de diversos sectores productivos de la regi\u00f3n y el pa\u00eds tendr\u00e1n la posibilidad de vincularse con empresas de Latinoam\u00e9rica, generando una importante oportunidad para fomentar el networking, la apertura a nuevos mercados y la alianza colaborativa. \u201cEn la versi\u00f3n 2024 de la Rueda de Negocios Internacional Valpara\u00edso, contaremos con destacados compradores de mercados de Argentina, Bolivia, Brasil, Colombia, M\u00e9xico y Per\u00fa que se reunir\u00e1n con empresas de la Regi\u00f3n de Valpara\u00edso pertenecientes a los sectores de Industrias 4.0 y Servicios. Este 2024 en que ProChile celebra 50 a\u00f1os, seguimos trabajando en la diversificaci\u00f3n de nuestra matriz exportadora; las empresas regionales presentan una oferta competitiva a nivel mundial, con componentes de innovaci\u00f3n, sostenibilidad y base tecnol\u00f3gica. Esperamos que estas reuniones faciliten conexiones comerciales y generen negocios que potencien la internacionalizaci\u00f3n de los productos y servicios de nuestra regi\u00f3n\u201d.<\/p>\n","protected":false},"excerpt":{"rendered":"<p>En su versi\u00f3n n\u00famero 28, el encuentro reunir\u00e1 a representantes del mundo empresarial, gremial, autoridades regionales y nacionales, y emprendedores de la zona. El pr\u00f3ximo 7 y 8 de agosto se llevar\u00e1 a cabo en Enjoy Vi\u00f1a del Mar el 28ee: TravesIA, organizado por la C\u00e1mara Regional del Comercio de Valpara\u00edso, y que cuenta con [&hellip;]<\/p>\n","protected":false},"author":1,"featured_media":19875,"comment_status":"closed","ping_status":"closed","sticky":false,"template":"","format":"standard","meta":{"_acf_changed":false,"footnotes":""},"categories":[8],"tags":[],"class_list":["post-19874","post","type-post","status-publish","format-standard","has-post-thumbnail","hentry","category-noticia"],"acf":[],"yoast_head":"<!-- This site is optimized with the Yoast SEO plugin v27.1.1 - https:\/\/yoast.com\/product\/yoast-seo-wordpress\/ -->\n<title>Gesti\u00f3n de recursos h\u00eddricos en las empresas e Inteligencia Artificial son algunos de los principales temas del 28eeTravesIA organizado por la CRCP - Valpara\u00ed\u00adso Creativo<\/title>\n<meta name=\"robots\" content=\"index, follow, max-snippet:-1, max-image-preview:large, max-video-preview:-1\" \/>\n<link rel=\"canonical\" href=\"https:\/\/dev.antudigital.cl\/sites\/vc\/gestion-de-recursos-hidricos-en-las-empresas-e-inteligencia-artificial-son-algunos-de-los-principales-temas-del-28eetravesia-organizado-por-la-crcp\/\" \/>\n<meta property=\"og:locale\" content=\"es_ES\" \/>\n<meta property=\"og:type\" content=\"article\" \/>\n<meta property=\"og:title\" content=\"Gesti\u00f3n de recursos h\u00eddricos en las empresas e Inteligencia Artificial son algunos de los principales temas del 28eeTravesIA organizado por la CRCP - Valpara\u00ed\u00adso Creativo\" \/>\n<meta property=\"og:description\" content=\"En su versi\u00f3n n\u00famero 28, el encuentro reunir\u00e1 a representantes del mundo empresarial, gremial, autoridades regionales y nacionales, y emprendedores de la zona. El pr\u00f3ximo 7 y 8 de agosto se llevar\u00e1 a cabo en Enjoy Vi\u00f1a del Mar el 28ee: TravesIA, organizado por la C\u00e1mara Regional del Comercio de Valpara\u00edso, y que cuenta con [&hellip;]\" \/>\n<meta property=\"og:url\" content=\"https:\/\/dev.antudigital.cl\/sites\/vc\/gestion-de-recursos-hidricos-en-las-empresas-e-inteligencia-artificial-son-algunos-de-los-principales-temas-del-28eetravesia-organizado-por-la-crcp\/\" \/>\n<meta property=\"og:site_name\" content=\"Valpara\u00ed\u00adso Creativo\" \/>\n<meta property=\"article:published_time\" content=\"2024-07-29T22:59:05+00:00\" \/>\n<meta property=\"article:modified_time\" content=\"2024-07-29T22:59:22+00:00\" \/>\n<meta property=\"og:image\" content=\"https:\/\/dev.antudigital.cl\/sites\/vc\/wp-content\/uploads\/2024\/07\/Captura-de-Pantalla-2024-07-29-a-las-18.58.01.png\" \/>\n\t<meta property=\"og:image:width\" content=\"629\" \/>\n\t<meta property=\"og:image:height\" content=\"473\" \/>\n\t<meta property=\"og:image:type\" content=\"image\/png\" \/>\n<meta name=\"author\" content=\"Valpara\u00edso Creativo\" \/>\n<meta name=\"twitter:card\" content=\"summary_large_image\" \/>\n<meta name=\"twitter:label1\" content=\"Escrito por\" \/>\n\t<meta name=\"twitter:data1\" content=\"Valpara\u00edso Creativo\" \/>\n\t<meta name=\"twitter:label2\" content=\"Tiempo de lectura\" \/>\n\t<meta name=\"twitter:data2\" content=\"4 minutos\" \/>\n<script type=\"application\/ld+json\" class=\"yoast-schema-graph\">{\"@context\":\"https:\/\/schema.org\",\"@graph\":[{\"@type\":\"Article\",\"@id\":\"https:\/\/dev.antudigital.cl\/sites\/vc\/gestion-de-recursos-hidricos-en-las-empresas-e-inteligencia-artificial-son-algunos-de-los-principales-temas-del-28eetravesia-organizado-por-la-crcp\/#article\",\"isPartOf\":{\"@id\":\"https:\/\/dev.antudigital.cl\/sites\/vc\/gestion-de-recursos-hidricos-en-las-empresas-e-inteligencia-artificial-son-algunos-de-los-principales-temas-del-28eetravesia-organizado-por-la-crcp\/\"},\"author\":{\"name\":\"Valpara\u00edso Creativo\",\"@id\":\"https:\/\/dev.antudigital.cl\/sites\/vc\/#\/schema\/person\/c2b9da8dd545e27166fc5ab232837318\"},\"headline\":\"Gesti\u00f3n de recursos h\u00eddricos en las empresas e Inteligencia Artificial son algunos de los principales temas del 28eeTravesIA organizado por la CRCP\",\"datePublished\":\"2024-07-29T22:59:05+00:00\",\"dateModified\":\"2024-07-29T22:59:22+00:00\",\"mainEntityOfPage\":{\"@id\":\"https:\/\/dev.antudigital.cl\/sites\/vc\/gestion-de-recursos-hidricos-en-las-empresas-e-inteligencia-artificial-son-algunos-de-los-principales-temas-del-28eetravesia-organizado-por-la-crcp\/\"},\"wordCount\":794,\"image\":{\"@id\":\"https:\/\/dev.antudigital.cl\/sites\/vc\/gestion-de-recursos-hidricos-en-las-empresas-e-inteligencia-artificial-son-algunos-de-los-principales-temas-del-28eetravesia-organizado-por-la-crcp\/#primaryimage\"},\"thumbnailUrl\":\"https:\/\/dev.antudigital.cl\/sites\/vc\/wp-content\/uploads\/2024\/07\/Captura-de-Pantalla-2024-07-29-a-las-18.58.01.png\",\"articleSection\":[\"Noticia\"],\"inLanguage\":\"es\"},{\"@type\":\"WebPage\",\"@id\":\"https:\/\/dev.antudigital.cl\/sites\/vc\/gestion-de-recursos-hidricos-en-las-empresas-e-inteligencia-artificial-son-algunos-de-los-principales-temas-del-28eetravesia-organizado-por-la-crcp\/\",\"url\":\"https:\/\/dev.antudigital.cl\/sites\/vc\/gestion-de-recursos-hidricos-en-las-empresas-e-inteligencia-artificial-son-algunos-de-los-principales-temas-del-28eetravesia-organizado-por-la-crcp\/\",\"name\":\"Gesti\u00f3n de recursos h\u00eddricos en las empresas e Inteligencia Artificial son algunos de los principales temas del 28eeTravesIA organizado por la CRCP - Valpara\u00ed\u00adso Creativo\",\"isPartOf\":{\"@id\":\"https:\/\/dev.antudigital.cl\/sites\/vc\/#website\"},\"primaryImageOfPage\":{\"@id\":\"https:\/\/dev.antudigital.cl\/sites\/vc\/gestion-de-recursos-hidricos-en-las-empresas-e-inteligencia-artificial-son-algunos-de-los-principales-temas-del-28eetravesia-organizado-por-la-crcp\/#primaryimage\"},\"image\":{\"@id\":\"https:\/\/dev.antudigital.cl\/sites\/vc\/gestion-de-recursos-hidricos-en-las-empresas-e-inteligencia-artificial-son-algunos-de-los-principales-temas-del-28eetravesia-organizado-por-la-crcp\/#primaryimage\"},\"thumbnailUrl\":\"https:\/\/dev.antudigital.cl\/sites\/vc\/wp-content\/uploads\/2024\/07\/Captura-de-Pantalla-2024-07-29-a-las-18.58.01.png\",\"datePublished\":\"2024-07-29T22:59:05+00:00\",\"dateModified\":\"2024-07-29T22:59:22+00:00\",\"author\":{\"@id\":\"https:\/\/dev.antudigital.cl\/sites\/vc\/#\/schema\/person\/c2b9da8dd545e27166fc5ab232837318\"},\"breadcrumb\":{\"@id\":\"https:\/\/dev.antudigital.cl\/sites\/vc\/gestion-de-recursos-hidricos-en-las-empresas-e-inteligencia-artificial-son-algunos-de-los-principales-temas-del-28eetravesia-organizado-por-la-crcp\/#breadcrumb\"},\"inLanguage\":\"es\",\"potentialAction\":[{\"@type\":\"ReadAction\",\"target\":[\"https:\/\/dev.antudigital.cl\/sites\/vc\/gestion-de-recursos-hidricos-en-las-empresas-e-inteligencia-artificial-son-algunos-de-los-principales-temas-del-28eetravesia-organizado-por-la-crcp\/\"]}]},{\"@type\":\"ImageObject\",\"inLanguage\":\"es\",\"@id\":\"https:\/\/dev.antudigital.cl\/sites\/vc\/gestion-de-recursos-hidricos-en-las-empresas-e-inteligencia-artificial-son-algunos-de-los-principales-temas-del-28eetravesia-organizado-por-la-crcp\/#primaryimage\",\"url\":\"https:\/\/dev.antudigital.cl\/sites\/vc\/wp-content\/uploads\/2024\/07\/Captura-de-Pantalla-2024-07-29-a-las-18.58.01.png\",\"contentUrl\":\"https:\/\/dev.antudigital.cl\/sites\/vc\/wp-content\/uploads\/2024\/07\/Captura-de-Pantalla-2024-07-29-a-las-18.58.01.png\",\"width\":629,\"height\":473},{\"@type\":\"BreadcrumbList\",\"@id\":\"https:\/\/dev.antudigital.cl\/sites\/vc\/gestion-de-recursos-hidricos-en-las-empresas-e-inteligencia-artificial-son-algunos-de-los-principales-temas-del-28eetravesia-organizado-por-la-crcp\/#breadcrumb\",\"itemListElement\":[{\"@type\":\"ListItem\",\"position\":1,\"name\":\"Home\",\"item\":\"https:\/\/dev.antudigital.cl\/sites\/vc\/\"},{\"@type\":\"ListItem\",\"position\":2,\"name\":\"Gesti\u00f3n de recursos h\u00eddricos en las empresas e Inteligencia Artificial son algunos de los principales temas del 28eeTravesIA organizado por la CRCP\"}]},{\"@type\":\"WebSite\",\"@id\":\"https:\/\/dev.antudigital.cl\/sites\/vc\/#website\",\"url\":\"https:\/\/dev.antudigital.cl\/sites\/vc\/\",\"name\":\"Valpara\u00ed\u00adso Creativo\",\"description\":\"\",\"potentialAction\":[{\"@type\":\"SearchAction\",\"target\":{\"@type\":\"EntryPoint\",\"urlTemplate\":\"https:\/\/dev.antudigital.cl\/sites\/vc\/?s={search_term_string}\"},\"query-input\":{\"@type\":\"PropertyValueSpecification\",\"valueRequired\":true,\"valueName\":\"search_term_string\"}}],\"inLanguage\":\"es\"},{\"@type\":\"Person\",\"@id\":\"https:\/\/dev.antudigital.cl\/sites\/vc\/#\/schema\/person\/c2b9da8dd545e27166fc5ab232837318\",\"name\":\"Valpara\u00edso Creativo\",\"description\":\"Periodista de cultura en la Regi\u00f3n de Valpara\u00edso.\",\"url\":\"https:\/\/dev.antudigital.cl\/sites\/vc\/author\/valpoadmin\/\"}]}<\/script>\n<!-- \/ Yoast SEO plugin. -->","yoast_head_json":{"title":"Gesti\u00f3n de recursos h\u00eddricos en las empresas e Inteligencia Artificial son algunos de los principales temas del 28eeTravesIA organizado por la CRCP - Valpara\u00ed\u00adso Creativo","robots":{"index":"index","follow":"follow","max-snippet":"max-snippet:-1","max-image-preview":"max-image-preview:large","max-video-preview":"max-video-preview:-1"},"canonical":"https:\/\/dev.antudigital.cl\/sites\/vc\/gestion-de-recursos-hidricos-en-las-empresas-e-inteligencia-artificial-son-algunos-de-los-principales-temas-del-28eetravesia-organizado-por-la-crcp\/","og_locale":"es_ES","og_type":"article","og_title":"Gesti\u00f3n de recursos h\u00eddricos en las empresas e Inteligencia Artificial son algunos de los principales temas del 28eeTravesIA organizado por la CRCP - Valpara\u00ed\u00adso Creativo","og_description":"En su versi\u00f3n n\u00famero 28, el encuentro reunir\u00e1 a representantes del mundo empresarial, gremial, autoridades regionales y nacionales, y emprendedores de la zona. El pr\u00f3ximo 7 y 8 de agosto se llevar\u00e1 a cabo en Enjoy Vi\u00f1a del Mar el 28ee: TravesIA, organizado por la C\u00e1mara Regional del Comercio de Valpara\u00edso, y que cuenta con [&hellip;]","og_url":"https:\/\/dev.antudigital.cl\/sites\/vc\/gestion-de-recursos-hidricos-en-las-empresas-e-inteligencia-artificial-son-algunos-de-los-principales-temas-del-28eetravesia-organizado-por-la-crcp\/","og_site_name":"Valpara\u00ed\u00adso Creativo","article_published_time":"2024-07-29T22:59:05+00:00","article_modified_time":"2024-07-29T22:59:22+00:00","og_image":[{"width":629,"height":473,"url":"https:\/\/dev.antudigital.cl\/sites\/vc\/wp-content\/uploads\/2024\/07\/Captura-de-Pantalla-2024-07-29-a-las-18.58.01.png","type":"image\/png"}],"author":"Valpara\u00edso Creativo","twitter_card":"summary_large_image","twitter_misc":{"Escrito por":"Valpara\u00edso Creativo","Tiempo de lectura":"4 minutos"},"schema":{"@context":"https:\/\/schema.org","@graph":[{"@type":"Article","@id":"https:\/\/dev.antudigital.cl\/sites\/vc\/gestion-de-recursos-hidricos-en-las-empresas-e-inteligencia-artificial-son-algunos-de-los-principales-temas-del-28eetravesia-organizado-por-la-crcp\/#article","isPartOf":{"@id":"https:\/\/dev.antudigital.cl\/sites\/vc\/gestion-de-recursos-hidricos-en-las-empresas-e-inteligencia-artificial-son-algunos-de-los-principales-temas-del-28eetravesia-organizado-por-la-crcp\/"},"author":{"name":"Valpara\u00edso Creativo","@id":"https:\/\/dev.antudigital.cl\/sites\/vc\/#\/schema\/person\/c2b9da8dd545e27166fc5ab232837318"},"headline":"Gesti\u00f3n de recursos h\u00eddricos en las empresas e Inteligencia Artificial son algunos de los principales temas del 28eeTravesIA organizado por la CRCP","datePublished":"2024-07-29T22:59:05+00:00","dateModified":"2024-07-29T22:59:22+00:00","mainEntityOfPage":{"@id":"https:\/\/dev.antudigital.cl\/sites\/vc\/gestion-de-recursos-hidricos-en-las-empresas-e-inteligencia-artificial-son-algunos-de-los-principales-temas-del-28eetravesia-organizado-por-la-crcp\/"},"wordCount":794,"image":{"@id":"https:\/\/dev.antudigital.cl\/sites\/vc\/gestion-de-recursos-hidricos-en-las-empresas-e-inteligencia-artificial-son-algunos-de-los-principales-temas-del-28eetravesia-organizado-por-la-crcp\/#primaryimage"},"thumbnailUrl":"https:\/\/dev.antudigital.cl\/sites\/vc\/wp-content\/uploads\/2024\/07\/Captura-de-Pantalla-2024-07-29-a-las-18.58.01.png","articleSection":["Noticia"],"inLanguage":"es"},{"@type":"WebPage","@id":"https:\/\/dev.antudigital.cl\/sites\/vc\/gestion-de-recursos-hidricos-en-las-empresas-e-inteligencia-artificial-son-algunos-de-los-principales-temas-del-28eetravesia-organizado-por-la-crcp\/","url":"https:\/\/dev.antudigital.cl\/sites\/vc\/gestion-de-recursos-hidricos-en-las-empresas-e-inteligencia-artificial-son-algunos-de-los-principales-temas-del-28eetravesia-organizado-por-la-crcp\/","name":"Gesti\u00f3n de recursos h\u00eddricos en las empresas e Inteligencia Artificial son algunos de los principales temas del 28eeTravesIA organizado por la CRCP - Valpara\u00ed\u00adso Creativo","isPartOf":{"@id":"https:\/\/dev.antudigital.cl\/sites\/vc\/#website"},"primaryImageOfPage":{"@id":"https:\/\/dev.antudigital.cl\/sites\/vc\/gestion-de-recursos-hidricos-en-las-empresas-e-inteligencia-artificial-son-algunos-de-los-principales-temas-del-28eetravesia-organizado-por-la-crcp\/#primaryimage"},"image":{"@id":"https:\/\/dev.antudigital.cl\/sites\/vc\/gestion-de-recursos-hidricos-en-las-empresas-e-inteligencia-artificial-son-algunos-de-los-principales-temas-del-28eetravesia-organizado-por-la-crcp\/#primaryimage"},"thumbnailUrl":"https:\/\/dev.antudigital.cl\/sites\/vc\/wp-content\/uploads\/2024\/07\/Captura-de-Pantalla-2024-07-29-a-las-18.58.01.png","datePublished":"2024-07-29T22:59:05+00:00","dateModified":"2024-07-29T22:59:22+00:00","author":{"@id":"https:\/\/dev.antudigital.cl\/sites\/vc\/#\/schema\/person\/c2b9da8dd545e27166fc5ab232837318"},"breadcrumb":{"@id":"https:\/\/dev.antudigital.cl\/sites\/vc\/gestion-de-recursos-hidricos-en-las-empresas-e-inteligencia-artificial-son-algunos-de-los-principales-temas-del-28eetravesia-organizado-por-la-crcp\/#breadcrumb"},"inLanguage":"es","potentialAction":[{"@type":"ReadAction","target":["https:\/\/dev.antudigital.cl\/sites\/vc\/gestion-de-recursos-hidricos-en-las-empresas-e-inteligencia-artificial-son-algunos-de-los-principales-temas-del-28eetravesia-organizado-por-la-crcp\/"]}]},{"@type":"ImageObject","inLanguage":"es","@id":"https:\/\/dev.antudigital.cl\/sites\/vc\/gestion-de-recursos-hidricos-en-las-empresas-e-inteligencia-artificial-son-algunos-de-los-principales-temas-del-28eetravesia-organizado-por-la-crcp\/#primaryimage","url":"https:\/\/dev.antudigital.cl\/sites\/vc\/wp-content\/uploads\/2024\/07\/Captura-de-Pantalla-2024-07-29-a-las-18.58.01.png","contentUrl":"https:\/\/dev.antudigital.cl\/sites\/vc\/wp-content\/uploads\/2024\/07\/Captura-de-Pantalla-2024-07-29-a-las-18.58.01.png","width":629,"height":473},{"@type":"BreadcrumbList","@id":"https:\/\/dev.antudigital.cl\/sites\/vc\/gestion-de-recursos-hidricos-en-las-empresas-e-inteligencia-artificial-son-algunos-de-los-principales-temas-del-28eetravesia-organizado-por-la-crcp\/#breadcrumb","itemListElement":[{"@type":"ListItem","position":1,"name":"Home","item":"https:\/\/dev.antudigital.cl\/sites\/vc\/"},{"@type":"ListItem","position":2,"name":"Gesti\u00f3n de recursos h\u00eddricos en las empresas e Inteligencia Artificial son algunos de los principales temas del 28eeTravesIA organizado por la CRCP"}]},{"@type":"WebSite","@id":"https:\/\/dev.antudigital.cl\/sites\/vc\/#website","url":"https:\/\/dev.antudigital.cl\/sites\/vc\/","name":"Valpara\u00ed\u00adso Creativo","description":"","potentialAction":[{"@type":"SearchAction","target":{"@type":"EntryPoint","urlTemplate":"https:\/\/dev.antudigital.cl\/sites\/vc\/?s={search_term_string}"},"query-input":{"@type":"PropertyValueSpecification","valueRequired":true,"valueName":"search_term_string"}}],"inLanguage":"es"},{"@type":"Person","@id":"https:\/\/dev.antudigital.cl\/sites\/vc\/#\/schema\/person\/c2b9da8dd545e27166fc5ab232837318","name":"Valpara\u00edso Creativo","description":"Periodista de cultura en la Regi\u00f3n de Valpara\u00edso.","url":"https:\/\/dev.antudigital.cl\/sites\/vc\/author\/valpoadmin\/"}]}},"_links":{"self":[{"href":"https:\/\/dev.antudigital.cl\/sites\/vc\/wp-json\/wp\/v2\/posts\/19874","targetHints":{"allow":["GET"]}}],"collection":[{"href":"https:\/\/dev.antudigital.cl\/sites\/vc\/wp-json\/wp\/v2\/posts"}],"about":[{"href":"https:\/\/dev.antudigital.cl\/sites\/vc\/wp-json\/wp\/v2\/types\/post"}],"author":[{"embeddable":true,"href":"https:\/\/dev.antudigital.cl\/sites\/vc\/wp-json\/wp\/v2\/users\/1"}],"replies":[{"embeddable":true,"href":"https:\/\/dev.antudigital.cl\/sites\/vc\/wp-json\/wp\/v2\/comments?post=19874"}],"version-history":[{"count":1,"href":"https:\/\/dev.antudigital.cl\/sites\/vc\/wp-json\/wp\/v2\/posts\/19874\/revisions"}],"predecessor-version":[{"id":19876,"href":"https:\/\/dev.antudigital.cl\/sites\/vc\/wp-json\/wp\/v2\/posts\/19874\/revisions\/19876"}],"wp:featuredmedia":[{"embeddable":true,"href":"https:\/\/dev.antudigital.cl\/sites\/vc\/wp-json\/wp\/v2\/media\/19875"}],"wp:attachment":[{"href":"https:\/\/dev.antudigital.cl\/sites\/vc\/wp-json\/wp\/v2\/media?parent=19874"}],"wp:term":[{"taxonomy":"category","embeddable":true,"href":"https:\/\/dev.antudigital.cl\/sites\/vc\/wp-json\/wp\/v2\/categories?post=19874"},{"taxonomy":"post_tag","embeddable":true,"href":"https:\/\/dev.antudigital.cl\/sites\/vc\/wp-json\/wp\/v2\/tags?post=19874"}],"curies":[{"name":"wp","href":"https:\/\/api.w.org\/{rel}","templated":true}]}}