{"id":19877,"date":"2024-07-29T23:01:54","date_gmt":"2024-07-29T23:01:54","guid":{"rendered":"https:\/\/www.valparaisocreativo.cl\/?p=19877"},"modified":"2024-07-29T23:02:12","modified_gmt":"2024-07-29T23:02:12","slug":"ipa-celebra-el-mes-de-la-ninez-con-funcion-matine-de-anku-un-nino-aymara","status":"publish","type":"post","link":"https:\/\/dev.antudigital.cl\/sites\/vc\/ipa-celebra-el-mes-de-la-ninez-con-funcion-matine-de-anku-un-nino-aymara\/","title":{"rendered":"IPA celebra el Mes de la Ni\u00f1ez con funci\u00f3n Matin\u00e9 de \u201cANKU, Un ni\u00f1o Aymara\u201d"},"content":{"rendered":"\n<p><em>Esta iniciativa cuenta con el financiamiento del Ministerio de las Culturas, las Artes y el Patrimonio a trav\u00e9s de su Programa de Apoyo a Organizaciones Culturales Colaboradoras<\/em><\/p>\n\n\n\n<p>El s\u00e1bado 3 de agosto a las 12:00 horas hay funci\u00f3n Matin\u00e9 de la obra teatral \u201cAnku, Un ni\u00f1o Aymara\u201d, parte de la Programaci\u00f3n del Mes de la Ni\u00f1ez. Esta obra nos sumerge en la cultura de Anku, un peque\u00f1o ni\u00f1o Aymara cuyo nombre significa \u201cindomable\u201d. La diversi\u00f3n y la identidad se cruzan en este montaje teatral, que cuenta con m\u00fasica en vivo, manipulaci\u00f3n de marionetas y diferentes t\u00e9cnicas de teatro de manipulaci\u00f3n de objetos. Las reservas se deben realizar v\u00eda&nbsp;<a href=\"https:\/\/www.passline.com\/eventos\/anku-un-nino-aymara-289973\" target=\"_blank\" rel=\"noreferrer noopener\">Passline<\/a>, siendo $2500 el aporte sugerido.<\/p>\n\n\n\n<figure class=\"wp-block-image size-large\"><img fetchpriority=\"high\" decoding=\"async\" width=\"1024\" height=\"768\" src=\"https:\/\/www.valparaisocreativo.cl\/wp-content\/uploads\/2024\/07\/DSC09985-1024x768.jpg\" alt=\"\" class=\"wp-image-19880\" srcset=\"https:\/\/dev.antudigital.cl\/sites\/vc\/wp-content\/uploads\/2024\/07\/DSC09985-1024x768.jpg 1024w, https:\/\/dev.antudigital.cl\/sites\/vc\/wp-content\/uploads\/2024\/07\/DSC09985-300x225.jpg 300w, https:\/\/dev.antudigital.cl\/sites\/vc\/wp-content\/uploads\/2024\/07\/DSC09985-768x576.jpg 768w, https:\/\/dev.antudigital.cl\/sites\/vc\/wp-content\/uploads\/2024\/07\/DSC09985-1536x1153.jpg 1536w, https:\/\/dev.antudigital.cl\/sites\/vc\/wp-content\/uploads\/2024\/07\/DSC09985-510x382.jpg 510w, https:\/\/dev.antudigital.cl\/sites\/vc\/wp-content\/uploads\/2024\/07\/DSC09985-1080x811.jpg 1080w, https:\/\/dev.antudigital.cl\/sites\/vc\/wp-content\/uploads\/2024\/07\/DSC09985-1280x961.jpg 1280w, https:\/\/dev.antudigital.cl\/sites\/vc\/wp-content\/uploads\/2024\/07\/DSC09985-980x735.jpg 980w, https:\/\/dev.antudigital.cl\/sites\/vc\/wp-content\/uploads\/2024\/07\/DSC09985-480x360.jpg 480w, https:\/\/dev.antudigital.cl\/sites\/vc\/wp-content\/uploads\/2024\/07\/DSC09985-24x18.jpg 24w, https:\/\/dev.antudigital.cl\/sites\/vc\/wp-content\/uploads\/2024\/07\/DSC09985-36x27.jpg 36w, https:\/\/dev.antudigital.cl\/sites\/vc\/wp-content\/uploads\/2024\/07\/DSC09985-48x36.jpg 48w, https:\/\/dev.antudigital.cl\/sites\/vc\/wp-content\/uploads\/2024\/07\/DSC09985.jpg 1599w\" sizes=\"(max-width: 1024px) 100vw, 1024px\" \/><\/figure>\n\n\n\n<p>Esta funci\u00f3n es parte del Proyecto \u00abCONTINUIDAD DE LA PROGRAMACI\u00d3N DE LA SALA DE TEATRO DEL CENTRO CULTURAL IPA: 95 a\u00f1os de arte y cultura local\u00bb, iniciativa que cuenta con el financiamiento del Ministerio de las Culturas, las Artes y el Patrimonio a trav\u00e9s de su Programa de Apoyo a Organizaciones Culturales Colaboradoras.<\/p>\n\n\n\n<p><strong>Rodrigo Reyes, int\u00e9rprete del montaje<\/strong>, se\u00f1ala: \u201cMi parte favorita de la obra es cuando Anku se encuentra con un turista extranjero, es muy divertido como tratan de comunicarse cada uno en su lengua, as\u00ed que invito a todos los ni\u00f1os y ni\u00f1as a conocer un poco m\u00e1s del pueblo Aymara a trav\u00e9s de las historias del peque\u00f1o y travieso Anku, les aseguro que lo pasar\u00e1n muy bien. \u00a1Les esperamos!\u201d.<\/p>\n\n\n\n<p><strong>Diego Arenas, int\u00e9rprete<\/strong>, comparte: \u201cLo que m\u00e1s rescato del proceso creativo es la buena organizaci\u00f3n y compromiso con el trabajo. Eso nos permite poder desplegar nuestra imaginaci\u00f3n de una manera mucho m\u00e1s espec\u00edfica y concreta. Estamos felices de celebrar el Mes de la Ni\u00f1ez con esta funci\u00f3n, es una obra preparada con dedicaci\u00f3n y cari\u00f1o\u201d.&nbsp;<\/p>\n\n\n\n<figure class=\"wp-block-image size-large\"><img decoding=\"async\" width=\"1024\" height=\"768\" src=\"https:\/\/www.valparaisocreativo.cl\/wp-content\/uploads\/2024\/07\/DSC09950-1024x768.jpg\" alt=\"\" class=\"wp-image-19879\" srcset=\"https:\/\/dev.antudigital.cl\/sites\/vc\/wp-content\/uploads\/2024\/07\/DSC09950-1024x768.jpg 1024w, https:\/\/dev.antudigital.cl\/sites\/vc\/wp-content\/uploads\/2024\/07\/DSC09950-300x225.jpg 300w, https:\/\/dev.antudigital.cl\/sites\/vc\/wp-content\/uploads\/2024\/07\/DSC09950-768x576.jpg 768w, https:\/\/dev.antudigital.cl\/sites\/vc\/wp-content\/uploads\/2024\/07\/DSC09950-1536x1153.jpg 1536w, https:\/\/dev.antudigital.cl\/sites\/vc\/wp-content\/uploads\/2024\/07\/DSC09950-510x382.jpg 510w, https:\/\/dev.antudigital.cl\/sites\/vc\/wp-content\/uploads\/2024\/07\/DSC09950-1080x811.jpg 1080w, https:\/\/dev.antudigital.cl\/sites\/vc\/wp-content\/uploads\/2024\/07\/DSC09950-1280x961.jpg 1280w, https:\/\/dev.antudigital.cl\/sites\/vc\/wp-content\/uploads\/2024\/07\/DSC09950-980x735.jpg 980w, https:\/\/dev.antudigital.cl\/sites\/vc\/wp-content\/uploads\/2024\/07\/DSC09950-480x360.jpg 480w, https:\/\/dev.antudigital.cl\/sites\/vc\/wp-content\/uploads\/2024\/07\/DSC09950-24x18.jpg 24w, https:\/\/dev.antudigital.cl\/sites\/vc\/wp-content\/uploads\/2024\/07\/DSC09950-36x27.jpg 36w, https:\/\/dev.antudigital.cl\/sites\/vc\/wp-content\/uploads\/2024\/07\/DSC09950-48x36.jpg 48w, https:\/\/dev.antudigital.cl\/sites\/vc\/wp-content\/uploads\/2024\/07\/DSC09950.jpg 1599w\" sizes=\"(max-width: 1024px) 100vw, 1024px\" \/><\/figure>\n\n\n\n<p>El proyecto \u201cCONTINUIDAD DE LA PROGRAMACI\u00d3N DE LA SALA DE TEATRO DEL CENTRO CULTURAL IPA: 95 a\u00f1os de arte y cultura local\u201d forma parte del Programa de Apoyo a Organizaciones Culturales Colaboradoras del Ministerio de las Culturas, las Artes y el Patrimonio, que busca fortalecer y dar continuidad a instituciones y organizaciones culturales de derecho privado y sin fines de lucro.&nbsp;<\/p>\n\n\n\n<p>Este programa adem\u00e1s es parte del Sistema de Financiamiento a Organizaciones e Infraestructura Cultural del Ministerio de las Culturas, las Artes y el Patrimonio que integra, articula y coordina de forma transversal los planes, programas y fondos orientados al fomento y apoyo de las organizaciones, de la infraestructura cultural, y de la mediaci\u00f3n art\u00edstica. Todo esto con una vocaci\u00f3n descentralizada, mecanismos participativos, y la promoci\u00f3n de la creaci\u00f3n de redes y asociaciones.<\/p>\n","protected":false},"excerpt":{"rendered":"<p>Esta iniciativa cuenta con el financiamiento del Ministerio de las Culturas, las Artes y el Patrimonio a trav\u00e9s de su Programa de Apoyo a Organizaciones Culturales Colaboradoras El s\u00e1bado 3 de agosto a las 12:00 horas hay funci\u00f3n Matin\u00e9 de la obra teatral \u201cAnku, Un ni\u00f1o Aymara\u201d, parte de la Programaci\u00f3n del Mes de la [&hellip;]<\/p>\n","protected":false},"author":1,"featured_media":19878,"comment_status":"closed","ping_status":"closed","sticky":false,"template":"","format":"standard","meta":{"_acf_changed":false,"footnotes":""},"categories":[8],"tags":[],"class_list":["post-19877","post","type-post","status-publish","format-standard","has-post-thumbnail","hentry","category-noticia"],"acf":[],"yoast_head":"<!-- This site is optimized with the Yoast SEO plugin v27.1.1 - https:\/\/yoast.com\/product\/yoast-seo-wordpress\/ -->\n<title>IPA celebra el Mes de la Ni\u00f1ez con funci\u00f3n Matin\u00e9 de \u201cANKU, Un ni\u00f1o Aymara\u201d - Valpara\u00ed\u00adso Creativo<\/title>\n<meta name=\"robots\" content=\"index, follow, max-snippet:-1, max-image-preview:large, max-video-preview:-1\" \/>\n<link rel=\"canonical\" href=\"https:\/\/dev.antudigital.cl\/sites\/vc\/ipa-celebra-el-mes-de-la-ninez-con-funcion-matine-de-anku-un-nino-aymara\/\" \/>\n<meta property=\"og:locale\" content=\"es_ES\" \/>\n<meta property=\"og:type\" content=\"article\" \/>\n<meta property=\"og:title\" content=\"IPA celebra el Mes de la Ni\u00f1ez con funci\u00f3n Matin\u00e9 de \u201cANKU, Un ni\u00f1o Aymara\u201d - Valpara\u00ed\u00adso Creativo\" \/>\n<meta property=\"og:description\" content=\"Esta iniciativa cuenta con el financiamiento del Ministerio de las Culturas, las Artes y el Patrimonio a trav\u00e9s de su Programa de Apoyo a Organizaciones Culturales Colaboradoras El s\u00e1bado 3 de agosto a las 12:00 horas hay funci\u00f3n Matin\u00e9 de la obra teatral \u201cAnku, Un ni\u00f1o Aymara\u201d, parte de la Programaci\u00f3n del Mes de la [&hellip;]\" \/>\n<meta property=\"og:url\" content=\"https:\/\/dev.antudigital.cl\/sites\/vc\/ipa-celebra-el-mes-de-la-ninez-con-funcion-matine-de-anku-un-nino-aymara\/\" \/>\n<meta property=\"og:site_name\" content=\"Valpara\u00ed\u00adso Creativo\" \/>\n<meta property=\"article:published_time\" content=\"2024-07-29T23:01:54+00:00\" \/>\n<meta property=\"article:modified_time\" content=\"2024-07-29T23:02:12+00:00\" \/>\n<meta property=\"og:image\" content=\"https:\/\/dev.antudigital.cl\/sites\/vc\/wp-content\/uploads\/2024\/07\/DSC09874.jpg\" \/>\n\t<meta property=\"og:image:width\" content=\"1599\" \/>\n\t<meta property=\"og:image:height\" content=\"1200\" \/>\n\t<meta property=\"og:image:type\" content=\"image\/jpeg\" \/>\n<meta name=\"author\" content=\"Valpara\u00edso Creativo\" \/>\n<meta name=\"twitter:card\" content=\"summary_large_image\" \/>\n<meta name=\"twitter:label1\" content=\"Escrito por\" \/>\n\t<meta name=\"twitter:data1\" content=\"Valpara\u00edso Creativo\" \/>\n\t<meta name=\"twitter:label2\" content=\"Tiempo de lectura\" \/>\n\t<meta name=\"twitter:data2\" content=\"3 minutos\" \/>\n<script type=\"application\/ld+json\" class=\"yoast-schema-graph\">{\"@context\":\"https:\/\/schema.org\",\"@graph\":[{\"@type\":\"Article\",\"@id\":\"https:\/\/dev.antudigital.cl\/sites\/vc\/ipa-celebra-el-mes-de-la-ninez-con-funcion-matine-de-anku-un-nino-aymara\/#article\",\"isPartOf\":{\"@id\":\"https:\/\/dev.antudigital.cl\/sites\/vc\/ipa-celebra-el-mes-de-la-ninez-con-funcion-matine-de-anku-un-nino-aymara\/\"},\"author\":{\"name\":\"Valpara\u00edso Creativo\",\"@id\":\"https:\/\/dev.antudigital.cl\/sites\/vc\/#\/schema\/person\/c2b9da8dd545e27166fc5ab232837318\"},\"headline\":\"IPA celebra el Mes de la Ni\u00f1ez con funci\u00f3n Matin\u00e9 de \u201cANKU, Un ni\u00f1o Aymara\u201d\",\"datePublished\":\"2024-07-29T23:01:54+00:00\",\"dateModified\":\"2024-07-29T23:02:12+00:00\",\"mainEntityOfPage\":{\"@id\":\"https:\/\/dev.antudigital.cl\/sites\/vc\/ipa-celebra-el-mes-de-la-ninez-con-funcion-matine-de-anku-un-nino-aymara\/\"},\"wordCount\":484,\"image\":{\"@id\":\"https:\/\/dev.antudigital.cl\/sites\/vc\/ipa-celebra-el-mes-de-la-ninez-con-funcion-matine-de-anku-un-nino-aymara\/#primaryimage\"},\"thumbnailUrl\":\"https:\/\/dev.antudigital.cl\/sites\/vc\/wp-content\/uploads\/2024\/07\/DSC09874.jpg\",\"articleSection\":[\"Noticia\"],\"inLanguage\":\"es\"},{\"@type\":\"WebPage\",\"@id\":\"https:\/\/dev.antudigital.cl\/sites\/vc\/ipa-celebra-el-mes-de-la-ninez-con-funcion-matine-de-anku-un-nino-aymara\/\",\"url\":\"https:\/\/dev.antudigital.cl\/sites\/vc\/ipa-celebra-el-mes-de-la-ninez-con-funcion-matine-de-anku-un-nino-aymara\/\",\"name\":\"IPA celebra el Mes de la Ni\u00f1ez con funci\u00f3n Matin\u00e9 de \u201cANKU, Un ni\u00f1o Aymara\u201d - Valpara\u00ed\u00adso Creativo\",\"isPartOf\":{\"@id\":\"https:\/\/dev.antudigital.cl\/sites\/vc\/#website\"},\"primaryImageOfPage\":{\"@id\":\"https:\/\/dev.antudigital.cl\/sites\/vc\/ipa-celebra-el-mes-de-la-ninez-con-funcion-matine-de-anku-un-nino-aymara\/#primaryimage\"},\"image\":{\"@id\":\"https:\/\/dev.antudigital.cl\/sites\/vc\/ipa-celebra-el-mes-de-la-ninez-con-funcion-matine-de-anku-un-nino-aymara\/#primaryimage\"},\"thumbnailUrl\":\"https:\/\/dev.antudigital.cl\/sites\/vc\/wp-content\/uploads\/2024\/07\/DSC09874.jpg\",\"datePublished\":\"2024-07-29T23:01:54+00:00\",\"dateModified\":\"2024-07-29T23:02:12+00:00\",\"author\":{\"@id\":\"https:\/\/dev.antudigital.cl\/sites\/vc\/#\/schema\/person\/c2b9da8dd545e27166fc5ab232837318\"},\"breadcrumb\":{\"@id\":\"https:\/\/dev.antudigital.cl\/sites\/vc\/ipa-celebra-el-mes-de-la-ninez-con-funcion-matine-de-anku-un-nino-aymara\/#breadcrumb\"},\"inLanguage\":\"es\",\"potentialAction\":[{\"@type\":\"ReadAction\",\"target\":[\"https:\/\/dev.antudigital.cl\/sites\/vc\/ipa-celebra-el-mes-de-la-ninez-con-funcion-matine-de-anku-un-nino-aymara\/\"]}]},{\"@type\":\"ImageObject\",\"inLanguage\":\"es\",\"@id\":\"https:\/\/dev.antudigital.cl\/sites\/vc\/ipa-celebra-el-mes-de-la-ninez-con-funcion-matine-de-anku-un-nino-aymara\/#primaryimage\",\"url\":\"https:\/\/dev.antudigital.cl\/sites\/vc\/wp-content\/uploads\/2024\/07\/DSC09874.jpg\",\"contentUrl\":\"https:\/\/dev.antudigital.cl\/sites\/vc\/wp-content\/uploads\/2024\/07\/DSC09874.jpg\",\"width\":1599,\"height\":1200},{\"@type\":\"BreadcrumbList\",\"@id\":\"https:\/\/dev.antudigital.cl\/sites\/vc\/ipa-celebra-el-mes-de-la-ninez-con-funcion-matine-de-anku-un-nino-aymara\/#breadcrumb\",\"itemListElement\":[{\"@type\":\"ListItem\",\"position\":1,\"name\":\"Home\",\"item\":\"https:\/\/dev.antudigital.cl\/sites\/vc\/\"},{\"@type\":\"ListItem\",\"position\":2,\"name\":\"IPA celebra el Mes de la Ni\u00f1ez con funci\u00f3n Matin\u00e9 de \u201cANKU, Un ni\u00f1o Aymara\u201d\"}]},{\"@type\":\"WebSite\",\"@id\":\"https:\/\/dev.antudigital.cl\/sites\/vc\/#website\",\"url\":\"https:\/\/dev.antudigital.cl\/sites\/vc\/\",\"name\":\"Valpara\u00ed\u00adso Creativo\",\"description\":\"\",\"potentialAction\":[{\"@type\":\"SearchAction\",\"target\":{\"@type\":\"EntryPoint\",\"urlTemplate\":\"https:\/\/dev.antudigital.cl\/sites\/vc\/?s={search_term_string}\"},\"query-input\":{\"@type\":\"PropertyValueSpecification\",\"valueRequired\":true,\"valueName\":\"search_term_string\"}}],\"inLanguage\":\"es\"},{\"@type\":\"Person\",\"@id\":\"https:\/\/dev.antudigital.cl\/sites\/vc\/#\/schema\/person\/c2b9da8dd545e27166fc5ab232837318\",\"name\":\"Valpara\u00edso Creativo\",\"description\":\"Periodista de cultura en la Regi\u00f3n de Valpara\u00edso.\",\"url\":\"https:\/\/dev.antudigital.cl\/sites\/vc\/author\/valpoadmin\/\"}]}<\/script>\n<!-- \/ Yoast SEO plugin. -->","yoast_head_json":{"title":"IPA celebra el Mes de la Ni\u00f1ez con funci\u00f3n Matin\u00e9 de \u201cANKU, Un ni\u00f1o Aymara\u201d - Valpara\u00ed\u00adso Creativo","robots":{"index":"index","follow":"follow","max-snippet":"max-snippet:-1","max-image-preview":"max-image-preview:large","max-video-preview":"max-video-preview:-1"},"canonical":"https:\/\/dev.antudigital.cl\/sites\/vc\/ipa-celebra-el-mes-de-la-ninez-con-funcion-matine-de-anku-un-nino-aymara\/","og_locale":"es_ES","og_type":"article","og_title":"IPA celebra el Mes de la Ni\u00f1ez con funci\u00f3n Matin\u00e9 de \u201cANKU, Un ni\u00f1o Aymara\u201d - Valpara\u00ed\u00adso Creativo","og_description":"Esta iniciativa cuenta con el financiamiento del Ministerio de las Culturas, las Artes y el Patrimonio a trav\u00e9s de su Programa de Apoyo a Organizaciones Culturales Colaboradoras El s\u00e1bado 3 de agosto a las 12:00 horas hay funci\u00f3n Matin\u00e9 de la obra teatral \u201cAnku, Un ni\u00f1o Aymara\u201d, parte de la Programaci\u00f3n del Mes de la [&hellip;]","og_url":"https:\/\/dev.antudigital.cl\/sites\/vc\/ipa-celebra-el-mes-de-la-ninez-con-funcion-matine-de-anku-un-nino-aymara\/","og_site_name":"Valpara\u00ed\u00adso Creativo","article_published_time":"2024-07-29T23:01:54+00:00","article_modified_time":"2024-07-29T23:02:12+00:00","og_image":[{"width":1599,"height":1200,"url":"https:\/\/dev.antudigital.cl\/sites\/vc\/wp-content\/uploads\/2024\/07\/DSC09874.jpg","type":"image\/jpeg"}],"author":"Valpara\u00edso Creativo","twitter_card":"summary_large_image","twitter_misc":{"Escrito por":"Valpara\u00edso Creativo","Tiempo de lectura":"3 minutos"},"schema":{"@context":"https:\/\/schema.org","@graph":[{"@type":"Article","@id":"https:\/\/dev.antudigital.cl\/sites\/vc\/ipa-celebra-el-mes-de-la-ninez-con-funcion-matine-de-anku-un-nino-aymara\/#article","isPartOf":{"@id":"https:\/\/dev.antudigital.cl\/sites\/vc\/ipa-celebra-el-mes-de-la-ninez-con-funcion-matine-de-anku-un-nino-aymara\/"},"author":{"name":"Valpara\u00edso Creativo","@id":"https:\/\/dev.antudigital.cl\/sites\/vc\/#\/schema\/person\/c2b9da8dd545e27166fc5ab232837318"},"headline":"IPA celebra el Mes de la Ni\u00f1ez con funci\u00f3n Matin\u00e9 de \u201cANKU, Un ni\u00f1o Aymara\u201d","datePublished":"2024-07-29T23:01:54+00:00","dateModified":"2024-07-29T23:02:12+00:00","mainEntityOfPage":{"@id":"https:\/\/dev.antudigital.cl\/sites\/vc\/ipa-celebra-el-mes-de-la-ninez-con-funcion-matine-de-anku-un-nino-aymara\/"},"wordCount":484,"image":{"@id":"https:\/\/dev.antudigital.cl\/sites\/vc\/ipa-celebra-el-mes-de-la-ninez-con-funcion-matine-de-anku-un-nino-aymara\/#primaryimage"},"thumbnailUrl":"https:\/\/dev.antudigital.cl\/sites\/vc\/wp-content\/uploads\/2024\/07\/DSC09874.jpg","articleSection":["Noticia"],"inLanguage":"es"},{"@type":"WebPage","@id":"https:\/\/dev.antudigital.cl\/sites\/vc\/ipa-celebra-el-mes-de-la-ninez-con-funcion-matine-de-anku-un-nino-aymara\/","url":"https:\/\/dev.antudigital.cl\/sites\/vc\/ipa-celebra-el-mes-de-la-ninez-con-funcion-matine-de-anku-un-nino-aymara\/","name":"IPA celebra el Mes de la Ni\u00f1ez con funci\u00f3n Matin\u00e9 de \u201cANKU, Un ni\u00f1o Aymara\u201d - Valpara\u00ed\u00adso Creativo","isPartOf":{"@id":"https:\/\/dev.antudigital.cl\/sites\/vc\/#website"},"primaryImageOfPage":{"@id":"https:\/\/dev.antudigital.cl\/sites\/vc\/ipa-celebra-el-mes-de-la-ninez-con-funcion-matine-de-anku-un-nino-aymara\/#primaryimage"},"image":{"@id":"https:\/\/dev.antudigital.cl\/sites\/vc\/ipa-celebra-el-mes-de-la-ninez-con-funcion-matine-de-anku-un-nino-aymara\/#primaryimage"},"thumbnailUrl":"https:\/\/dev.antudigital.cl\/sites\/vc\/wp-content\/uploads\/2024\/07\/DSC09874.jpg","datePublished":"2024-07-29T23:01:54+00:00","dateModified":"2024-07-29T23:02:12+00:00","author":{"@id":"https:\/\/dev.antudigital.cl\/sites\/vc\/#\/schema\/person\/c2b9da8dd545e27166fc5ab232837318"},"breadcrumb":{"@id":"https:\/\/dev.antudigital.cl\/sites\/vc\/ipa-celebra-el-mes-de-la-ninez-con-funcion-matine-de-anku-un-nino-aymara\/#breadcrumb"},"inLanguage":"es","potentialAction":[{"@type":"ReadAction","target":["https:\/\/dev.antudigital.cl\/sites\/vc\/ipa-celebra-el-mes-de-la-ninez-con-funcion-matine-de-anku-un-nino-aymara\/"]}]},{"@type":"ImageObject","inLanguage":"es","@id":"https:\/\/dev.antudigital.cl\/sites\/vc\/ipa-celebra-el-mes-de-la-ninez-con-funcion-matine-de-anku-un-nino-aymara\/#primaryimage","url":"https:\/\/dev.antudigital.cl\/sites\/vc\/wp-content\/uploads\/2024\/07\/DSC09874.jpg","contentUrl":"https:\/\/dev.antudigital.cl\/sites\/vc\/wp-content\/uploads\/2024\/07\/DSC09874.jpg","width":1599,"height":1200},{"@type":"BreadcrumbList","@id":"https:\/\/dev.antudigital.cl\/sites\/vc\/ipa-celebra-el-mes-de-la-ninez-con-funcion-matine-de-anku-un-nino-aymara\/#breadcrumb","itemListElement":[{"@type":"ListItem","position":1,"name":"Home","item":"https:\/\/dev.antudigital.cl\/sites\/vc\/"},{"@type":"ListItem","position":2,"name":"IPA celebra el Mes de la Ni\u00f1ez con funci\u00f3n Matin\u00e9 de \u201cANKU, Un ni\u00f1o Aymara\u201d"}]},{"@type":"WebSite","@id":"https:\/\/dev.antudigital.cl\/sites\/vc\/#website","url":"https:\/\/dev.antudigital.cl\/sites\/vc\/","name":"Valpara\u00ed\u00adso Creativo","description":"","potentialAction":[{"@type":"SearchAction","target":{"@type":"EntryPoint","urlTemplate":"https:\/\/dev.antudigital.cl\/sites\/vc\/?s={search_term_string}"},"query-input":{"@type":"PropertyValueSpecification","valueRequired":true,"valueName":"search_term_string"}}],"inLanguage":"es"},{"@type":"Person","@id":"https:\/\/dev.antudigital.cl\/sites\/vc\/#\/schema\/person\/c2b9da8dd545e27166fc5ab232837318","name":"Valpara\u00edso Creativo","description":"Periodista de cultura en la Regi\u00f3n de Valpara\u00edso.","url":"https:\/\/dev.antudigital.cl\/sites\/vc\/author\/valpoadmin\/"}]}},"_links":{"self":[{"href":"https:\/\/dev.antudigital.cl\/sites\/vc\/wp-json\/wp\/v2\/posts\/19877","targetHints":{"allow":["GET"]}}],"collection":[{"href":"https:\/\/dev.antudigital.cl\/sites\/vc\/wp-json\/wp\/v2\/posts"}],"about":[{"href":"https:\/\/dev.antudigital.cl\/sites\/vc\/wp-json\/wp\/v2\/types\/post"}],"author":[{"embeddable":true,"href":"https:\/\/dev.antudigital.cl\/sites\/vc\/wp-json\/wp\/v2\/users\/1"}],"replies":[{"embeddable":true,"href":"https:\/\/dev.antudigital.cl\/sites\/vc\/wp-json\/wp\/v2\/comments?post=19877"}],"version-history":[{"count":1,"href":"https:\/\/dev.antudigital.cl\/sites\/vc\/wp-json\/wp\/v2\/posts\/19877\/revisions"}],"predecessor-version":[{"id":19881,"href":"https:\/\/dev.antudigital.cl\/sites\/vc\/wp-json\/wp\/v2\/posts\/19877\/revisions\/19881"}],"wp:featuredmedia":[{"embeddable":true,"href":"https:\/\/dev.antudigital.cl\/sites\/vc\/wp-json\/wp\/v2\/media\/19878"}],"wp:attachment":[{"href":"https:\/\/dev.antudigital.cl\/sites\/vc\/wp-json\/wp\/v2\/media?parent=19877"}],"wp:term":[{"taxonomy":"category","embeddable":true,"href":"https:\/\/dev.antudigital.cl\/sites\/vc\/wp-json\/wp\/v2\/categories?post=19877"},{"taxonomy":"post_tag","embeddable":true,"href":"https:\/\/dev.antudigital.cl\/sites\/vc\/wp-json\/wp\/v2\/tags?post=19877"}],"curies":[{"name":"wp","href":"https:\/\/api.w.org\/{rel}","templated":true}]}}