{"id":19882,"date":"2024-07-31T15:25:48","date_gmt":"2024-07-31T15:25:48","guid":{"rendered":"https:\/\/www.valparaisocreativo.cl\/?p=19882"},"modified":"2024-07-31T15:26:05","modified_gmt":"2024-07-31T15:26:05","slug":"insomnia-se-llena-de-relatos-sublimes-con-los-estrenos-de-el-mal-no-existe-y-tuesday-el-ultimo-abrazo","status":"publish","type":"post","link":"https:\/\/dev.antudigital.cl\/sites\/vc\/insomnia-se-llena-de-relatos-sublimes-con-los-estrenos-de-el-mal-no-existe-y-tuesday-el-ultimo-abrazo\/","title":{"rendered":"INSOMNIA se llena de Relatos Sublimes con los estrenos de \u201cEl Mal no existe\u201d y \u201cTuesday\u201d, el \u00faltimo abrazo\u201d"},"content":{"rendered":"\n<p>Esta semana INSOMNIA Teatro Condell estrena pel\u00edculas que llevan al otro lado del coraz\u00f3n, un lugar \u00edntimo, sublime, delicado, ese lugar donde se alojan las emociones m\u00e1s profundas. Los estrenos tienen en el centro de sus relatos la relaci\u00f3n entre padres-madres e hijos. Por lo mismo, para acompa\u00f1ar estos estrenos ha preparado el Ciclo \u201cRelatos Sublimes\u201d, una serie de pel\u00edculas japonesas que acompa\u00f1an al director ganador del Oscar Ry\u00fbsuke Hamaguchi (Drive my car), quien esta vez nos presenta la pel\u00edcula \u201cEl mal no existe\u201d. Adem\u00e1s, veremos a la actriz Julia Louis-Dreyfus, conocida como comediante en la serie Seinfeld, interpretando otro registro en \u201cTuesday, el \u00faltimo abrazo\u201d junto a la actriz Lola Petticrew, bajo la direcci\u00f3n de la directora Daina Oniunas-Pusic.<\/p>\n\n\n\n<p>El mal no existe (Aku Wa Sonzai Shinai en su versi\u00f3n japonesa) es una pel\u00edcula del director Ry\u00fbsuke Hamaguchi que se estrenar\u00e1 este jueves 1 de agosto a las 19:00 horas. En este filme, Takumi y su hija, Hana, viven en un pueblo cercano a Tokyo. Su vida se ver\u00e1 profundamente afectada cuando descubren que cerca de su casa se va a construir un glamouroso camping para que los habitantes de la ciudad hagan escapadas c\u00f3modas a la naturaleza. Cuando dos representantes de una empresa de Tokio llegan al pueblo para celebrar una reuni\u00f3n, queda claro que el proyecto tendr\u00e1 un impacto negativo en el suministro de agua local y provocar\u00e1 problemas. Las intenciones de la agencia ponen en peligro tanto el equilibrio ecol\u00f3gico de la meseta como su forma de vida, con consecuencias que afectan profundamente la vida de Takumi.<\/p>\n\n\n\n<figure class=\"wp-block-image size-large\"><img fetchpriority=\"high\" decoding=\"async\" width=\"1024\" height=\"576\" src=\"https:\/\/www.valparaisocreativo.cl\/wp-content\/uploads\/2024\/07\/imagen-de-el-mal-no-existe-1024x576.png\" alt=\"\" class=\"wp-image-19884\" srcset=\"https:\/\/dev.antudigital.cl\/sites\/vc\/wp-content\/uploads\/2024\/07\/imagen-de-el-mal-no-existe-1024x576.png 1024w, https:\/\/dev.antudigital.cl\/sites\/vc\/wp-content\/uploads\/2024\/07\/imagen-de-el-mal-no-existe-300x169.png 300w, https:\/\/dev.antudigital.cl\/sites\/vc\/wp-content\/uploads\/2024\/07\/imagen-de-el-mal-no-existe-768x432.png 768w, https:\/\/dev.antudigital.cl\/sites\/vc\/wp-content\/uploads\/2024\/07\/imagen-de-el-mal-no-existe-1536x864.png 1536w, https:\/\/dev.antudigital.cl\/sites\/vc\/wp-content\/uploads\/2024\/07\/imagen-de-el-mal-no-existe-1080x608.png 1080w, https:\/\/dev.antudigital.cl\/sites\/vc\/wp-content\/uploads\/2024\/07\/imagen-de-el-mal-no-existe-1280x720.png 1280w, https:\/\/dev.antudigital.cl\/sites\/vc\/wp-content\/uploads\/2024\/07\/imagen-de-el-mal-no-existe-980x551.png 980w, https:\/\/dev.antudigital.cl\/sites\/vc\/wp-content\/uploads\/2024\/07\/imagen-de-el-mal-no-existe-480x270.png 480w, https:\/\/dev.antudigital.cl\/sites\/vc\/wp-content\/uploads\/2024\/07\/imagen-de-el-mal-no-existe-24x14.png 24w, https:\/\/dev.antudigital.cl\/sites\/vc\/wp-content\/uploads\/2024\/07\/imagen-de-el-mal-no-existe-36x20.png 36w, https:\/\/dev.antudigital.cl\/sites\/vc\/wp-content\/uploads\/2024\/07\/imagen-de-el-mal-no-existe-48x27.png 48w, https:\/\/dev.antudigital.cl\/sites\/vc\/wp-content\/uploads\/2024\/07\/imagen-de-el-mal-no-existe.png 1920w\" sizes=\"(max-width: 1024px) 100vw, 1024px\" \/><\/figure>\n\n\n\n<p>Para Claudio Pereira, programador de INSOMNIA: \u201ctratar de abordar el cine japon\u00e9s es tan dif\u00edcil como inabarcable, tanto por la cantidad de obras maestras que posee su extensa filmograf\u00eda, como por la complejidad de sus tem\u00e1ticas, que oscilan entre po\u00e9ticas sobre la muerte, observaci\u00f3n de lo cotidiano y la puestas en escenas de la violencia.&nbsp;<strong>\u201cRelatos sublimes\u201d<\/strong>&nbsp;es un ciclo a prop\u00f3sito del estreno del \u00faltimo film de Ry\u00fbsuke Hamaguchi&nbsp;<strong>El mal no existe,&nbsp;<\/strong>d\u00f3nde aparece lo sutil y delicado de su cine que gira en torno a reflexiones de la familia y la b\u00fasqueda de equilibrio con la naturaleza que se ve amenazada, algo que ya pudimos ver en su anterior film ganador del Oscar en 2022, Drive my car\u201d.<\/p>\n\n\n\n<p>\u201cQueremos que sea la ocasi\u00f3n para conocer grandes obras como la de Kenji Mizoguchi con la ic\u00f3nica&nbsp;<strong>Ugetsu cuentos de la luna p\u00e1lida<\/strong>, una de las m\u00e1s importantes pel\u00edculas despu\u00e9s de la guerra y referente de lo que se conoce como jidaigeki que es una mirada a la \u00e9poca feudal de Jap\u00f3n. La tierna mirada hacia la b\u00fasqueda de la familia en&nbsp;<strong>El verano de Kikujiro<\/strong>, del multifac\u00e9tico actor y director Takeshi Kitano. Las&nbsp;animaciones<strong>&nbsp;El cuento de la princesa Kaguya&nbsp;<\/strong>de uno de los fundadores del Studio Ghibli Isao Takahata y la surrealista&nbsp;<strong>Paprika&nbsp;<\/strong>de Satoshi Kon\u201d, precis\u00f3.&nbsp;<\/p>\n\n\n\n<p>El Ciclo Relatos Sublimes contin\u00faa con la ganadora del Oscar a Mejor pel\u00edcula de habla no inglesa 2008&nbsp;<strong>Despedidas&nbsp;<\/strong>dirigida por Y\u014djir\u014d Takita. Adem\u00e1s, Pereira se\u00f1al\u00f3 que \u201cde forma especial para el d\u00eda 6 de agosto (d\u00eda&nbsp;en el que se conmemoran 79 a\u00f1os de la bomba nuclear en Hiroshima)&nbsp;exhibiremos&nbsp;<strong>Hiroshima, mon amour<\/strong>&nbsp;dirigido por Alain Resnais, pel\u00edcula fundadora de la Nueva Ola francesa, ensayo po\u00e9tico escrito por Marguerite Duras y que reflexiona sobre c\u00f3mo se empieza a mirar y hablar de Hiroshima despu\u00e9s del desastre. Para finalizar, proyectaremos&nbsp;<strong>T\u00f4ky\u00f4!<\/strong>&nbsp;trilog\u00eda de relatos po\u00e9ticos, excesivos y sublimes, reuniendo a los grandes directores contempor\u00e1neos como son Bong Joon-ho, Leos Carax y Michel Gondry\u201d.<\/p>\n\n\n\n<figure class=\"wp-block-image size-large\"><img decoding=\"async\" width=\"1024\" height=\"614\" src=\"https:\/\/www.valparaisocreativo.cl\/wp-content\/uploads\/2024\/07\/El-mal-no-existe-1024x614.png\" alt=\"\" class=\"wp-image-19883\" srcset=\"https:\/\/dev.antudigital.cl\/sites\/vc\/wp-content\/uploads\/2024\/07\/El-mal-no-existe-1024x614.png 1024w, https:\/\/dev.antudigital.cl\/sites\/vc\/wp-content\/uploads\/2024\/07\/El-mal-no-existe-300x180.png 300w, https:\/\/dev.antudigital.cl\/sites\/vc\/wp-content\/uploads\/2024\/07\/El-mal-no-existe-768x461.png 768w, https:\/\/dev.antudigital.cl\/sites\/vc\/wp-content\/uploads\/2024\/07\/El-mal-no-existe-1080x648.png 1080w, https:\/\/dev.antudigital.cl\/sites\/vc\/wp-content\/uploads\/2024\/07\/El-mal-no-existe-980x588.png 980w, https:\/\/dev.antudigital.cl\/sites\/vc\/wp-content\/uploads\/2024\/07\/El-mal-no-existe-480x288.png 480w, https:\/\/dev.antudigital.cl\/sites\/vc\/wp-content\/uploads\/2024\/07\/El-mal-no-existe-24x14.png 24w, https:\/\/dev.antudigital.cl\/sites\/vc\/wp-content\/uploads\/2024\/07\/El-mal-no-existe-36x22.png 36w, https:\/\/dev.antudigital.cl\/sites\/vc\/wp-content\/uploads\/2024\/07\/El-mal-no-existe-48x29.png 48w, https:\/\/dev.antudigital.cl\/sites\/vc\/wp-content\/uploads\/2024\/07\/El-mal-no-existe.png 1250w\" sizes=\"(max-width: 1024px) 100vw, 1024px\" \/><\/figure>\n\n\n\n<p>Adem\u00e1s, el d\u00eda viernes 2 de agosto a las 19:30 horas se estrenar\u00e1 la pel\u00edcula \u201cTuesday, el \u00faltimo abrazo\u201d, pel\u00edcula escrita y dirigida por Daina Oniunas-Pusic, quien nos presenta una pel\u00edcula cautivadora y profunda sobre una madre y su hija adolescente que deben enfrentar a la muerte cuando \u00e9sta aparece en la forma de un sorprendente p\u00e1jaro parlante.&nbsp;En su debut como directora, Daina nos entrega un drama profundo y conmovedor sobre la vida, el amor y dejar partir, en la situaci\u00f3n m\u00e1s dif\u00edcil de todas: una madre que debe despedir a su hija.<\/p>\n\n\n\n<p>\u201cQue todas las vidas llegan a un fin es una de las verdades m\u00e1s dif\u00edciles de aceptar, pero adem\u00e1s que una madre deba despedir a su hija, es algo antinatural, doloroso, impensable para muchas personas, y ese es el relato que nos muestra la directora Daina Oniunas-Pusic en su \u00f3pera prima. Destaca esta historia por la delicadeza de su narraci\u00f3n y por entregar a una Julia Louis-Dreyfus como nunca antes hab\u00edamos visto, lej\u00edsimos de la comedia a la que estamos acostumbrados. Hay actrices que esperan toda una vida para interpretar roles como este, simplemente imperdible\u201d, se\u00f1al\u00f3 Dafne Moncada, Encargada de Comunicaciones de INSOMNIA.<\/p>\n\n\n\n<p>Para conocer la programaci\u00f3n completa puedes visitar&nbsp;<a href=\"http:\/\/www.insomniacine.cl\/\" target=\"_blank\" rel=\"noreferrer noopener\">www.insomniacine.cl<\/a>&nbsp;y en Instagram insomnia_teatro_condell. Las entradas est\u00e1n a la venta presencialmente en boleter\u00eda en Condell 1585, Valpara\u00edso.<\/p>\n","protected":false},"excerpt":{"rendered":"<p>Esta semana INSOMNIA Teatro Condell estrena pel\u00edculas que llevan al otro lado del coraz\u00f3n, un lugar \u00edntimo, sublime, delicado, ese lugar donde se alojan las emociones m\u00e1s profundas. Los estrenos tienen en el centro de sus relatos la relaci\u00f3n entre padres-madres e hijos. Por lo mismo, para acompa\u00f1ar estos estrenos ha preparado el Ciclo \u201cRelatos [&hellip;]<\/p>\n","protected":false},"author":1,"featured_media":19885,"comment_status":"closed","ping_status":"closed","sticky":false,"template":"","format":"standard","meta":{"_acf_changed":false,"footnotes":""},"categories":[8],"tags":[],"class_list":["post-19882","post","type-post","status-publish","format-standard","has-post-thumbnail","hentry","category-noticia"],"acf":[],"yoast_head":"<!-- This site is optimized with the Yoast SEO plugin v27.1.1 - https:\/\/yoast.com\/product\/yoast-seo-wordpress\/ -->\n<title>INSOMNIA se llena de Relatos Sublimes con los estrenos de \u201cEl Mal no existe\u201d y \u201cTuesday\u201d, el \u00faltimo abrazo\u201d - Valpara\u00ed\u00adso Creativo<\/title>\n<meta name=\"robots\" content=\"index, follow, max-snippet:-1, max-image-preview:large, max-video-preview:-1\" \/>\n<link rel=\"canonical\" href=\"https:\/\/dev.antudigital.cl\/sites\/vc\/insomnia-se-llena-de-relatos-sublimes-con-los-estrenos-de-el-mal-no-existe-y-tuesday-el-ultimo-abrazo\/\" \/>\n<meta property=\"og:locale\" content=\"es_ES\" \/>\n<meta property=\"og:type\" content=\"article\" \/>\n<meta property=\"og:title\" content=\"INSOMNIA se llena de Relatos Sublimes con los estrenos de \u201cEl Mal no existe\u201d y \u201cTuesday\u201d, el \u00faltimo abrazo\u201d - Valpara\u00ed\u00adso Creativo\" \/>\n<meta property=\"og:description\" content=\"Esta semana INSOMNIA Teatro Condell estrena pel\u00edculas que llevan al otro lado del coraz\u00f3n, un lugar \u00edntimo, sublime, delicado, ese lugar donde se alojan las emociones m\u00e1s profundas. Los estrenos tienen en el centro de sus relatos la relaci\u00f3n entre padres-madres e hijos. Por lo mismo, para acompa\u00f1ar estos estrenos ha preparado el Ciclo \u201cRelatos [&hellip;]\" \/>\n<meta property=\"og:url\" content=\"https:\/\/dev.antudigital.cl\/sites\/vc\/insomnia-se-llena-de-relatos-sublimes-con-los-estrenos-de-el-mal-no-existe-y-tuesday-el-ultimo-abrazo\/\" \/>\n<meta property=\"og:site_name\" content=\"Valpara\u00ed\u00adso Creativo\" \/>\n<meta property=\"article:published_time\" content=\"2024-07-31T15:25:48+00:00\" \/>\n<meta property=\"article:modified_time\" content=\"2024-07-31T15:26:05+00:00\" \/>\n<meta property=\"og:image\" content=\"https:\/\/dev.antudigital.cl\/sites\/vc\/wp-content\/uploads\/2024\/07\/TUESDAY_03-scaled.jpg\" \/>\n\t<meta property=\"og:image:width\" content=\"2560\" \/>\n\t<meta property=\"og:image:height\" content=\"1703\" \/>\n\t<meta property=\"og:image:type\" content=\"image\/jpeg\" \/>\n<meta name=\"author\" content=\"Valpara\u00edso Creativo\" \/>\n<meta name=\"twitter:card\" content=\"summary_large_image\" \/>\n<meta name=\"twitter:label1\" content=\"Escrito por\" \/>\n\t<meta name=\"twitter:data1\" content=\"Valpara\u00edso Creativo\" \/>\n\t<meta name=\"twitter:label2\" content=\"Tiempo de lectura\" \/>\n\t<meta name=\"twitter:data2\" content=\"5 minutos\" \/>\n<script type=\"application\/ld+json\" class=\"yoast-schema-graph\">{\"@context\":\"https:\/\/schema.org\",\"@graph\":[{\"@type\":\"Article\",\"@id\":\"https:\/\/dev.antudigital.cl\/sites\/vc\/insomnia-se-llena-de-relatos-sublimes-con-los-estrenos-de-el-mal-no-existe-y-tuesday-el-ultimo-abrazo\/#article\",\"isPartOf\":{\"@id\":\"https:\/\/dev.antudigital.cl\/sites\/vc\/insomnia-se-llena-de-relatos-sublimes-con-los-estrenos-de-el-mal-no-existe-y-tuesday-el-ultimo-abrazo\/\"},\"author\":{\"name\":\"Valpara\u00edso Creativo\",\"@id\":\"https:\/\/dev.antudigital.cl\/sites\/vc\/#\/schema\/person\/c2b9da8dd545e27166fc5ab232837318\"},\"headline\":\"INSOMNIA se llena de Relatos Sublimes con los estrenos de \u201cEl Mal no existe\u201d y \u201cTuesday\u201d, el \u00faltimo abrazo\u201d\",\"datePublished\":\"2024-07-31T15:25:48+00:00\",\"dateModified\":\"2024-07-31T15:26:05+00:00\",\"mainEntityOfPage\":{\"@id\":\"https:\/\/dev.antudigital.cl\/sites\/vc\/insomnia-se-llena-de-relatos-sublimes-con-los-estrenos-de-el-mal-no-existe-y-tuesday-el-ultimo-abrazo\/\"},\"wordCount\":925,\"image\":{\"@id\":\"https:\/\/dev.antudigital.cl\/sites\/vc\/insomnia-se-llena-de-relatos-sublimes-con-los-estrenos-de-el-mal-no-existe-y-tuesday-el-ultimo-abrazo\/#primaryimage\"},\"thumbnailUrl\":\"https:\/\/dev.antudigital.cl\/sites\/vc\/wp-content\/uploads\/2024\/07\/TUESDAY_03-scaled.jpg\",\"articleSection\":[\"Noticia\"],\"inLanguage\":\"es\"},{\"@type\":\"WebPage\",\"@id\":\"https:\/\/dev.antudigital.cl\/sites\/vc\/insomnia-se-llena-de-relatos-sublimes-con-los-estrenos-de-el-mal-no-existe-y-tuesday-el-ultimo-abrazo\/\",\"url\":\"https:\/\/dev.antudigital.cl\/sites\/vc\/insomnia-se-llena-de-relatos-sublimes-con-los-estrenos-de-el-mal-no-existe-y-tuesday-el-ultimo-abrazo\/\",\"name\":\"INSOMNIA se llena de Relatos Sublimes con los estrenos de \u201cEl Mal no existe\u201d y \u201cTuesday\u201d, el \u00faltimo abrazo\u201d - Valpara\u00ed\u00adso Creativo\",\"isPartOf\":{\"@id\":\"https:\/\/dev.antudigital.cl\/sites\/vc\/#website\"},\"primaryImageOfPage\":{\"@id\":\"https:\/\/dev.antudigital.cl\/sites\/vc\/insomnia-se-llena-de-relatos-sublimes-con-los-estrenos-de-el-mal-no-existe-y-tuesday-el-ultimo-abrazo\/#primaryimage\"},\"image\":{\"@id\":\"https:\/\/dev.antudigital.cl\/sites\/vc\/insomnia-se-llena-de-relatos-sublimes-con-los-estrenos-de-el-mal-no-existe-y-tuesday-el-ultimo-abrazo\/#primaryimage\"},\"thumbnailUrl\":\"https:\/\/dev.antudigital.cl\/sites\/vc\/wp-content\/uploads\/2024\/07\/TUESDAY_03-scaled.jpg\",\"datePublished\":\"2024-07-31T15:25:48+00:00\",\"dateModified\":\"2024-07-31T15:26:05+00:00\",\"author\":{\"@id\":\"https:\/\/dev.antudigital.cl\/sites\/vc\/#\/schema\/person\/c2b9da8dd545e27166fc5ab232837318\"},\"breadcrumb\":{\"@id\":\"https:\/\/dev.antudigital.cl\/sites\/vc\/insomnia-se-llena-de-relatos-sublimes-con-los-estrenos-de-el-mal-no-existe-y-tuesday-el-ultimo-abrazo\/#breadcrumb\"},\"inLanguage\":\"es\",\"potentialAction\":[{\"@type\":\"ReadAction\",\"target\":[\"https:\/\/dev.antudigital.cl\/sites\/vc\/insomnia-se-llena-de-relatos-sublimes-con-los-estrenos-de-el-mal-no-existe-y-tuesday-el-ultimo-abrazo\/\"]}]},{\"@type\":\"ImageObject\",\"inLanguage\":\"es\",\"@id\":\"https:\/\/dev.antudigital.cl\/sites\/vc\/insomnia-se-llena-de-relatos-sublimes-con-los-estrenos-de-el-mal-no-existe-y-tuesday-el-ultimo-abrazo\/#primaryimage\",\"url\":\"https:\/\/dev.antudigital.cl\/sites\/vc\/wp-content\/uploads\/2024\/07\/TUESDAY_03-scaled.jpg\",\"contentUrl\":\"https:\/\/dev.antudigital.cl\/sites\/vc\/wp-content\/uploads\/2024\/07\/TUESDAY_03-scaled.jpg\",\"width\":2560,\"height\":1703,\"caption\":\"20210701_DAY_024_028.NEF\"},{\"@type\":\"BreadcrumbList\",\"@id\":\"https:\/\/dev.antudigital.cl\/sites\/vc\/insomnia-se-llena-de-relatos-sublimes-con-los-estrenos-de-el-mal-no-existe-y-tuesday-el-ultimo-abrazo\/#breadcrumb\",\"itemListElement\":[{\"@type\":\"ListItem\",\"position\":1,\"name\":\"Home\",\"item\":\"https:\/\/dev.antudigital.cl\/sites\/vc\/\"},{\"@type\":\"ListItem\",\"position\":2,\"name\":\"INSOMNIA se llena de Relatos Sublimes con los estrenos de \u201cEl Mal no existe\u201d y \u201cTuesday\u201d, el \u00faltimo abrazo\u201d\"}]},{\"@type\":\"WebSite\",\"@id\":\"https:\/\/dev.antudigital.cl\/sites\/vc\/#website\",\"url\":\"https:\/\/dev.antudigital.cl\/sites\/vc\/\",\"name\":\"Valpara\u00ed\u00adso Creativo\",\"description\":\"\",\"potentialAction\":[{\"@type\":\"SearchAction\",\"target\":{\"@type\":\"EntryPoint\",\"urlTemplate\":\"https:\/\/dev.antudigital.cl\/sites\/vc\/?s={search_term_string}\"},\"query-input\":{\"@type\":\"PropertyValueSpecification\",\"valueRequired\":true,\"valueName\":\"search_term_string\"}}],\"inLanguage\":\"es\"},{\"@type\":\"Person\",\"@id\":\"https:\/\/dev.antudigital.cl\/sites\/vc\/#\/schema\/person\/c2b9da8dd545e27166fc5ab232837318\",\"name\":\"Valpara\u00edso Creativo\",\"description\":\"Periodista de cultura en la Regi\u00f3n de Valpara\u00edso.\",\"url\":\"https:\/\/dev.antudigital.cl\/sites\/vc\/author\/valpoadmin\/\"}]}<\/script>\n<!-- \/ Yoast SEO plugin. -->","yoast_head_json":{"title":"INSOMNIA se llena de Relatos Sublimes con los estrenos de \u201cEl Mal no existe\u201d y \u201cTuesday\u201d, el \u00faltimo abrazo\u201d - Valpara\u00ed\u00adso Creativo","robots":{"index":"index","follow":"follow","max-snippet":"max-snippet:-1","max-image-preview":"max-image-preview:large","max-video-preview":"max-video-preview:-1"},"canonical":"https:\/\/dev.antudigital.cl\/sites\/vc\/insomnia-se-llena-de-relatos-sublimes-con-los-estrenos-de-el-mal-no-existe-y-tuesday-el-ultimo-abrazo\/","og_locale":"es_ES","og_type":"article","og_title":"INSOMNIA se llena de Relatos Sublimes con los estrenos de \u201cEl Mal no existe\u201d y \u201cTuesday\u201d, el \u00faltimo abrazo\u201d - Valpara\u00ed\u00adso Creativo","og_description":"Esta semana INSOMNIA Teatro Condell estrena pel\u00edculas que llevan al otro lado del coraz\u00f3n, un lugar \u00edntimo, sublime, delicado, ese lugar donde se alojan las emociones m\u00e1s profundas. Los estrenos tienen en el centro de sus relatos la relaci\u00f3n entre padres-madres e hijos. Por lo mismo, para acompa\u00f1ar estos estrenos ha preparado el Ciclo \u201cRelatos [&hellip;]","og_url":"https:\/\/dev.antudigital.cl\/sites\/vc\/insomnia-se-llena-de-relatos-sublimes-con-los-estrenos-de-el-mal-no-existe-y-tuesday-el-ultimo-abrazo\/","og_site_name":"Valpara\u00ed\u00adso Creativo","article_published_time":"2024-07-31T15:25:48+00:00","article_modified_time":"2024-07-31T15:26:05+00:00","og_image":[{"width":2560,"height":1703,"url":"https:\/\/dev.antudigital.cl\/sites\/vc\/wp-content\/uploads\/2024\/07\/TUESDAY_03-scaled.jpg","type":"image\/jpeg"}],"author":"Valpara\u00edso Creativo","twitter_card":"summary_large_image","twitter_misc":{"Escrito por":"Valpara\u00edso Creativo","Tiempo de lectura":"5 minutos"},"schema":{"@context":"https:\/\/schema.org","@graph":[{"@type":"Article","@id":"https:\/\/dev.antudigital.cl\/sites\/vc\/insomnia-se-llena-de-relatos-sublimes-con-los-estrenos-de-el-mal-no-existe-y-tuesday-el-ultimo-abrazo\/#article","isPartOf":{"@id":"https:\/\/dev.antudigital.cl\/sites\/vc\/insomnia-se-llena-de-relatos-sublimes-con-los-estrenos-de-el-mal-no-existe-y-tuesday-el-ultimo-abrazo\/"},"author":{"name":"Valpara\u00edso Creativo","@id":"https:\/\/dev.antudigital.cl\/sites\/vc\/#\/schema\/person\/c2b9da8dd545e27166fc5ab232837318"},"headline":"INSOMNIA se llena de Relatos Sublimes con los estrenos de \u201cEl Mal no existe\u201d y \u201cTuesday\u201d, el \u00faltimo abrazo\u201d","datePublished":"2024-07-31T15:25:48+00:00","dateModified":"2024-07-31T15:26:05+00:00","mainEntityOfPage":{"@id":"https:\/\/dev.antudigital.cl\/sites\/vc\/insomnia-se-llena-de-relatos-sublimes-con-los-estrenos-de-el-mal-no-existe-y-tuesday-el-ultimo-abrazo\/"},"wordCount":925,"image":{"@id":"https:\/\/dev.antudigital.cl\/sites\/vc\/insomnia-se-llena-de-relatos-sublimes-con-los-estrenos-de-el-mal-no-existe-y-tuesday-el-ultimo-abrazo\/#primaryimage"},"thumbnailUrl":"https:\/\/dev.antudigital.cl\/sites\/vc\/wp-content\/uploads\/2024\/07\/TUESDAY_03-scaled.jpg","articleSection":["Noticia"],"inLanguage":"es"},{"@type":"WebPage","@id":"https:\/\/dev.antudigital.cl\/sites\/vc\/insomnia-se-llena-de-relatos-sublimes-con-los-estrenos-de-el-mal-no-existe-y-tuesday-el-ultimo-abrazo\/","url":"https:\/\/dev.antudigital.cl\/sites\/vc\/insomnia-se-llena-de-relatos-sublimes-con-los-estrenos-de-el-mal-no-existe-y-tuesday-el-ultimo-abrazo\/","name":"INSOMNIA se llena de Relatos Sublimes con los estrenos de \u201cEl Mal no existe\u201d y \u201cTuesday\u201d, el \u00faltimo abrazo\u201d - Valpara\u00ed\u00adso Creativo","isPartOf":{"@id":"https:\/\/dev.antudigital.cl\/sites\/vc\/#website"},"primaryImageOfPage":{"@id":"https:\/\/dev.antudigital.cl\/sites\/vc\/insomnia-se-llena-de-relatos-sublimes-con-los-estrenos-de-el-mal-no-existe-y-tuesday-el-ultimo-abrazo\/#primaryimage"},"image":{"@id":"https:\/\/dev.antudigital.cl\/sites\/vc\/insomnia-se-llena-de-relatos-sublimes-con-los-estrenos-de-el-mal-no-existe-y-tuesday-el-ultimo-abrazo\/#primaryimage"},"thumbnailUrl":"https:\/\/dev.antudigital.cl\/sites\/vc\/wp-content\/uploads\/2024\/07\/TUESDAY_03-scaled.jpg","datePublished":"2024-07-31T15:25:48+00:00","dateModified":"2024-07-31T15:26:05+00:00","author":{"@id":"https:\/\/dev.antudigital.cl\/sites\/vc\/#\/schema\/person\/c2b9da8dd545e27166fc5ab232837318"},"breadcrumb":{"@id":"https:\/\/dev.antudigital.cl\/sites\/vc\/insomnia-se-llena-de-relatos-sublimes-con-los-estrenos-de-el-mal-no-existe-y-tuesday-el-ultimo-abrazo\/#breadcrumb"},"inLanguage":"es","potentialAction":[{"@type":"ReadAction","target":["https:\/\/dev.antudigital.cl\/sites\/vc\/insomnia-se-llena-de-relatos-sublimes-con-los-estrenos-de-el-mal-no-existe-y-tuesday-el-ultimo-abrazo\/"]}]},{"@type":"ImageObject","inLanguage":"es","@id":"https:\/\/dev.antudigital.cl\/sites\/vc\/insomnia-se-llena-de-relatos-sublimes-con-los-estrenos-de-el-mal-no-existe-y-tuesday-el-ultimo-abrazo\/#primaryimage","url":"https:\/\/dev.antudigital.cl\/sites\/vc\/wp-content\/uploads\/2024\/07\/TUESDAY_03-scaled.jpg","contentUrl":"https:\/\/dev.antudigital.cl\/sites\/vc\/wp-content\/uploads\/2024\/07\/TUESDAY_03-scaled.jpg","width":2560,"height":1703,"caption":"20210701_DAY_024_028.NEF"},{"@type":"BreadcrumbList","@id":"https:\/\/dev.antudigital.cl\/sites\/vc\/insomnia-se-llena-de-relatos-sublimes-con-los-estrenos-de-el-mal-no-existe-y-tuesday-el-ultimo-abrazo\/#breadcrumb","itemListElement":[{"@type":"ListItem","position":1,"name":"Home","item":"https:\/\/dev.antudigital.cl\/sites\/vc\/"},{"@type":"ListItem","position":2,"name":"INSOMNIA se llena de Relatos Sublimes con los estrenos de \u201cEl Mal no existe\u201d y \u201cTuesday\u201d, el \u00faltimo abrazo\u201d"}]},{"@type":"WebSite","@id":"https:\/\/dev.antudigital.cl\/sites\/vc\/#website","url":"https:\/\/dev.antudigital.cl\/sites\/vc\/","name":"Valpara\u00ed\u00adso Creativo","description":"","potentialAction":[{"@type":"SearchAction","target":{"@type":"EntryPoint","urlTemplate":"https:\/\/dev.antudigital.cl\/sites\/vc\/?s={search_term_string}"},"query-input":{"@type":"PropertyValueSpecification","valueRequired":true,"valueName":"search_term_string"}}],"inLanguage":"es"},{"@type":"Person","@id":"https:\/\/dev.antudigital.cl\/sites\/vc\/#\/schema\/person\/c2b9da8dd545e27166fc5ab232837318","name":"Valpara\u00edso Creativo","description":"Periodista de cultura en la Regi\u00f3n de Valpara\u00edso.","url":"https:\/\/dev.antudigital.cl\/sites\/vc\/author\/valpoadmin\/"}]}},"_links":{"self":[{"href":"https:\/\/dev.antudigital.cl\/sites\/vc\/wp-json\/wp\/v2\/posts\/19882","targetHints":{"allow":["GET"]}}],"collection":[{"href":"https:\/\/dev.antudigital.cl\/sites\/vc\/wp-json\/wp\/v2\/posts"}],"about":[{"href":"https:\/\/dev.antudigital.cl\/sites\/vc\/wp-json\/wp\/v2\/types\/post"}],"author":[{"embeddable":true,"href":"https:\/\/dev.antudigital.cl\/sites\/vc\/wp-json\/wp\/v2\/users\/1"}],"replies":[{"embeddable":true,"href":"https:\/\/dev.antudigital.cl\/sites\/vc\/wp-json\/wp\/v2\/comments?post=19882"}],"version-history":[{"count":1,"href":"https:\/\/dev.antudigital.cl\/sites\/vc\/wp-json\/wp\/v2\/posts\/19882\/revisions"}],"predecessor-version":[{"id":19886,"href":"https:\/\/dev.antudigital.cl\/sites\/vc\/wp-json\/wp\/v2\/posts\/19882\/revisions\/19886"}],"wp:featuredmedia":[{"embeddable":true,"href":"https:\/\/dev.antudigital.cl\/sites\/vc\/wp-json\/wp\/v2\/media\/19885"}],"wp:attachment":[{"href":"https:\/\/dev.antudigital.cl\/sites\/vc\/wp-json\/wp\/v2\/media?parent=19882"}],"wp:term":[{"taxonomy":"category","embeddable":true,"href":"https:\/\/dev.antudigital.cl\/sites\/vc\/wp-json\/wp\/v2\/categories?post=19882"},{"taxonomy":"post_tag","embeddable":true,"href":"https:\/\/dev.antudigital.cl\/sites\/vc\/wp-json\/wp\/v2\/tags?post=19882"}],"curies":[{"name":"wp","href":"https:\/\/api.w.org\/{rel}","templated":true}]}}