{"id":19893,"date":"2024-07-31T19:32:32","date_gmt":"2024-07-31T19:32:32","guid":{"rendered":"https:\/\/www.valparaisocreativo.cl\/?p=19893"},"modified":"2024-07-31T19:32:51","modified_gmt":"2024-07-31T19:32:51","slug":"gardenia-bar-anuncia-talleres-creativos-y-dulce-y-agraz-da-el-punto-de-partida","status":"publish","type":"post","link":"https:\/\/dev.antudigital.cl\/sites\/vc\/gardenia-bar-anuncia-talleres-creativos-y-dulce-y-agraz-da-el-punto-de-partida\/","title":{"rendered":"Gardenia Bar anuncia talleres creativos y Dulce y Agraz da el punto de partida"},"content":{"rendered":"\n<p><em>El bar que se consolida como un espacio cultural en Valpara\u00edso, llega con una propuesta de talleres enfocados en la creaci\u00f3n art\u00edstica.<\/em><\/p>\n\n\n\n<p>Desde shows en vivo con destacados artistas nacionales, hasta los mejores comediantes y standperos del momento se han presentado en el escenario de Gardenia Bar desde que abrieron sus puertas el 2022 en Cerro Alegre de la ciudad puerto.&nbsp;<\/p>\n\n\n\n<p>Esta vez, traen consigo no tan s\u00f3lo a notables m\u00fasicos nacionales que presentan shows en vivo, si no, que tambi\u00e9n se abre a la posibilidad de que estos artistas hagan talleres en las \u00e1reas que se desempe\u00f1an. Quien abre estos ciclos es Dulce y Agraz, cantautora chilena, destacada en los c\u00edrculos del indie nacional tanto por sus letras, como por sus melod\u00edas pop y electro pop.&nbsp;<\/p>\n\n\n\n<figure class=\"wp-block-image size-full\"><img fetchpriority=\"high\" decoding=\"async\" width=\"1000\" height=\"1000\" src=\"https:\/\/www.valparaisocreativo.cl\/wp-content\/uploads\/2024\/07\/5717.jpg\" alt=\"\" class=\"wp-image-19895\" srcset=\"https:\/\/dev.antudigital.cl\/sites\/vc\/wp-content\/uploads\/2024\/07\/5717.jpg 1000w, https:\/\/dev.antudigital.cl\/sites\/vc\/wp-content\/uploads\/2024\/07\/5717-300x300.jpg 300w, https:\/\/dev.antudigital.cl\/sites\/vc\/wp-content\/uploads\/2024\/07\/5717-150x150.jpg 150w, https:\/\/dev.antudigital.cl\/sites\/vc\/wp-content\/uploads\/2024\/07\/5717-768x768.jpg 768w, https:\/\/dev.antudigital.cl\/sites\/vc\/wp-content\/uploads\/2024\/07\/5717-980x980.jpg 980w, https:\/\/dev.antudigital.cl\/sites\/vc\/wp-content\/uploads\/2024\/07\/5717-480x480.jpg 480w, https:\/\/dev.antudigital.cl\/sites\/vc\/wp-content\/uploads\/2024\/07\/5717-24x24.jpg 24w, https:\/\/dev.antudigital.cl\/sites\/vc\/wp-content\/uploads\/2024\/07\/5717-36x36.jpg 36w, https:\/\/dev.antudigital.cl\/sites\/vc\/wp-content\/uploads\/2024\/07\/5717-48x48.jpg 48w\" sizes=\"(max-width: 1000px) 100vw, 1000px\" \/><\/figure>\n\n\n\n<p>Taller de las primeras canciones con Dulce y Agraz, es el nombre de este laboratorio de creaci\u00f3n musical, que busca que los asistentes trabajen en la vinculaci\u00f3n de las palabras y el sonido de forma l\u00fadica y creativa. En esta instancia la cantautora, entregar\u00e1 herramientas de composici\u00f3n musical, l\u00edrica y t\u00e9cnica vocal a trav\u00e9s de experiencias sensoriales que permitan una exploraci\u00f3n profunda de sus capacidades creativas.&nbsp;<\/p>\n\n\n\n<p>\u201c A trav\u00e9s de nuestro primer taller, buscamos acercar el arte a todos los vecinos, invit\u00e1ndolos a participar activamente en un proceso creativo compartido. Nuestro objetivo es crear un ambiente donde artistas sensibles a esta conexi\u00f3n puedan interactuar y colaborar con un p\u00fablico interesado en explorar y desarrollar su creatividad en un entorno acogedor y enriquecedor.\u201d Se\u00f1alan desde Gardenia Bar.<\/p>\n\n\n\n<p>El taller est\u00e1 orientado a j\u00f3venes y adultos que sientan curiosidad o afinidad por la m\u00fasica y quieran experimentar en ella, aunque no tengan experiencia previa. Adem\u00e1s, busca potenciar a talentos locales, estimular la creatividad y aportar al desarrollo de la inteligencia emocional en la comunidad para lograr una comunicaci\u00f3n asertiva, emp\u00e1tica y sensible, promoviendo la composici\u00f3n musical.<\/p>\n\n\n\n<p>\u201cAdem\u00e1s de m\u00e9todos introductorios e iniciales, voy a entregarles mi proceso, la forma en la que yo escribo, mis acercamientos a la poes\u00eda, a la canci\u00f3n y a la voz. Voy a compartirles mi proceso personal, as\u00ed que es una instancia en la que puede venir toda la gente, no importa si son m\u00fasicos o la edad que tengan, ni la experiencia, cualquier persona es bienvenida al taller\u201d. Profundiza la cantautora.<\/p>\n\n\n\n<figure class=\"wp-block-image size-large\"><img decoding=\"async\" width=\"1024\" height=\"768\" src=\"https:\/\/www.valparaisocreativo.cl\/wp-content\/uploads\/2024\/07\/52655724507_b1f45aaf1e_o-1024x768.jpg\" alt=\"\" class=\"wp-image-19894\" srcset=\"https:\/\/dev.antudigital.cl\/sites\/vc\/wp-content\/uploads\/2024\/07\/52655724507_b1f45aaf1e_o-1024x768.jpg 1024w, https:\/\/dev.antudigital.cl\/sites\/vc\/wp-content\/uploads\/2024\/07\/52655724507_b1f45aaf1e_o-300x225.jpg 300w, https:\/\/dev.antudigital.cl\/sites\/vc\/wp-content\/uploads\/2024\/07\/52655724507_b1f45aaf1e_o-768x576.jpg 768w, https:\/\/dev.antudigital.cl\/sites\/vc\/wp-content\/uploads\/2024\/07\/52655724507_b1f45aaf1e_o-1536x1152.jpg 1536w, https:\/\/dev.antudigital.cl\/sites\/vc\/wp-content\/uploads\/2024\/07\/52655724507_b1f45aaf1e_o-2048x1536.jpg 2048w, https:\/\/dev.antudigital.cl\/sites\/vc\/wp-content\/uploads\/2024\/07\/52655724507_b1f45aaf1e_o-510x382.jpg 510w, https:\/\/dev.antudigital.cl\/sites\/vc\/wp-content\/uploads\/2024\/07\/52655724507_b1f45aaf1e_o-1080x810.jpg 1080w, https:\/\/dev.antudigital.cl\/sites\/vc\/wp-content\/uploads\/2024\/07\/52655724507_b1f45aaf1e_o-1280x960.jpg 1280w, https:\/\/dev.antudigital.cl\/sites\/vc\/wp-content\/uploads\/2024\/07\/52655724507_b1f45aaf1e_o-980x735.jpg 980w, https:\/\/dev.antudigital.cl\/sites\/vc\/wp-content\/uploads\/2024\/07\/52655724507_b1f45aaf1e_o-480x360.jpg 480w, https:\/\/dev.antudigital.cl\/sites\/vc\/wp-content\/uploads\/2024\/07\/52655724507_b1f45aaf1e_o-24x18.jpg 24w, https:\/\/dev.antudigital.cl\/sites\/vc\/wp-content\/uploads\/2024\/07\/52655724507_b1f45aaf1e_o-36x27.jpg 36w, https:\/\/dev.antudigital.cl\/sites\/vc\/wp-content\/uploads\/2024\/07\/52655724507_b1f45aaf1e_o-48x36.jpg 48w\" sizes=\"(max-width: 1024px) 100vw, 1024px\" \/><\/figure>\n\n\n\n<p>La jornada de taller incluye brunch y bebestibles, lo que hace de esta una experiencia \u00fanica y completa. Esta se realizar\u00e1, un d\u00eda despu\u00e9s que Dulce y Agraz presente un concierto \u00edntimo en el bar.&nbsp;<\/p>\n\n\n\n<p>La cita es para este viernes 2 de agosto en Paseo Dimalow 263, segundo piso. Cerro Alegre, Valpara\u00edso. Un lugar inclusivo, que combina el arte, sabor y un entorno c\u00e1lido y acogedor.&nbsp; Las entradas est\u00e1n disponibles en PortalTickets&nbsp;<\/p>\n\n\n\n<p><a href=\"https:\/\/www.portaldisc.com\/evento\/dulceyagraztallermusica.\">https:\/\/www.portaldisc.com\/evento\/dulceyagraztallermusica.<\/a><\/p>\n","protected":false},"excerpt":{"rendered":"<p>El bar que se consolida como un espacio cultural en Valpara\u00edso, llega con una propuesta de talleres enfocados en la creaci\u00f3n art\u00edstica. Desde shows en vivo con destacados artistas nacionales, hasta los mejores comediantes y standperos del momento se han presentado en el escenario de Gardenia Bar desde que abrieron sus puertas el 2022 en [&hellip;]<\/p>\n","protected":false},"author":1,"featured_media":19896,"comment_status":"closed","ping_status":"closed","sticky":false,"template":"","format":"standard","meta":{"_acf_changed":false,"footnotes":""},"categories":[8],"tags":[],"class_list":["post-19893","post","type-post","status-publish","format-standard","has-post-thumbnail","hentry","category-noticia"],"acf":[],"yoast_head":"<!-- This site is optimized with the Yoast SEO plugin v27.1.1 - https:\/\/yoast.com\/product\/yoast-seo-wordpress\/ -->\n<title>Gardenia Bar anuncia talleres creativos y Dulce y Agraz da el punto de partida - Valpara\u00ed\u00adso Creativo<\/title>\n<meta name=\"robots\" content=\"index, follow, max-snippet:-1, max-image-preview:large, max-video-preview:-1\" \/>\n<link rel=\"canonical\" href=\"https:\/\/dev.antudigital.cl\/sites\/vc\/gardenia-bar-anuncia-talleres-creativos-y-dulce-y-agraz-da-el-punto-de-partida\/\" \/>\n<meta property=\"og:locale\" content=\"es_ES\" \/>\n<meta property=\"og:type\" content=\"article\" \/>\n<meta property=\"og:title\" content=\"Gardenia Bar anuncia talleres creativos y Dulce y Agraz da el punto de partida - Valpara\u00ed\u00adso Creativo\" \/>\n<meta property=\"og:description\" content=\"El bar que se consolida como un espacio cultural en Valpara\u00edso, llega con una propuesta de talleres enfocados en la creaci\u00f3n art\u00edstica. Desde shows en vivo con destacados artistas nacionales, hasta los mejores comediantes y standperos del momento se han presentado en el escenario de Gardenia Bar desde que abrieron sus puertas el 2022 en [&hellip;]\" \/>\n<meta property=\"og:url\" content=\"https:\/\/dev.antudigital.cl\/sites\/vc\/gardenia-bar-anuncia-talleres-creativos-y-dulce-y-agraz-da-el-punto-de-partida\/\" \/>\n<meta property=\"og:site_name\" content=\"Valpara\u00ed\u00adso Creativo\" \/>\n<meta property=\"article:published_time\" content=\"2024-07-31T19:32:32+00:00\" \/>\n<meta property=\"article:modified_time\" content=\"2024-07-31T19:32:51+00:00\" \/>\n<meta property=\"og:image\" content=\"https:\/\/dev.antudigital.cl\/sites\/vc\/wp-content\/uploads\/2024\/07\/IMG_8786-scaled.jpg\" \/>\n\t<meta property=\"og:image:width\" content=\"2560\" \/>\n\t<meta property=\"og:image:height\" content=\"1920\" \/>\n\t<meta property=\"og:image:type\" content=\"image\/jpeg\" \/>\n<meta name=\"author\" content=\"Valpara\u00edso Creativo\" \/>\n<meta name=\"twitter:card\" content=\"summary_large_image\" \/>\n<meta name=\"twitter:label1\" content=\"Escrito por\" \/>\n\t<meta name=\"twitter:data1\" content=\"Valpara\u00edso Creativo\" \/>\n\t<meta name=\"twitter:label2\" content=\"Tiempo de lectura\" \/>\n\t<meta name=\"twitter:data2\" content=\"3 minutos\" \/>\n<script type=\"application\/ld+json\" class=\"yoast-schema-graph\">{\"@context\":\"https:\/\/schema.org\",\"@graph\":[{\"@type\":\"Article\",\"@id\":\"https:\/\/dev.antudigital.cl\/sites\/vc\/gardenia-bar-anuncia-talleres-creativos-y-dulce-y-agraz-da-el-punto-de-partida\/#article\",\"isPartOf\":{\"@id\":\"https:\/\/dev.antudigital.cl\/sites\/vc\/gardenia-bar-anuncia-talleres-creativos-y-dulce-y-agraz-da-el-punto-de-partida\/\"},\"author\":{\"name\":\"Valpara\u00edso Creativo\",\"@id\":\"https:\/\/dev.antudigital.cl\/sites\/vc\/#\/schema\/person\/c2b9da8dd545e27166fc5ab232837318\"},\"headline\":\"Gardenia Bar anuncia talleres creativos y Dulce y Agraz da el punto de partida\",\"datePublished\":\"2024-07-31T19:32:32+00:00\",\"dateModified\":\"2024-07-31T19:32:51+00:00\",\"mainEntityOfPage\":{\"@id\":\"https:\/\/dev.antudigital.cl\/sites\/vc\/gardenia-bar-anuncia-talleres-creativos-y-dulce-y-agraz-da-el-punto-de-partida\/\"},\"wordCount\":515,\"image\":{\"@id\":\"https:\/\/dev.antudigital.cl\/sites\/vc\/gardenia-bar-anuncia-talleres-creativos-y-dulce-y-agraz-da-el-punto-de-partida\/#primaryimage\"},\"thumbnailUrl\":\"https:\/\/dev.antudigital.cl\/sites\/vc\/wp-content\/uploads\/2024\/07\/IMG_8786-scaled.jpg\",\"articleSection\":[\"Noticia\"],\"inLanguage\":\"es\"},{\"@type\":\"WebPage\",\"@id\":\"https:\/\/dev.antudigital.cl\/sites\/vc\/gardenia-bar-anuncia-talleres-creativos-y-dulce-y-agraz-da-el-punto-de-partida\/\",\"url\":\"https:\/\/dev.antudigital.cl\/sites\/vc\/gardenia-bar-anuncia-talleres-creativos-y-dulce-y-agraz-da-el-punto-de-partida\/\",\"name\":\"Gardenia Bar anuncia talleres creativos y Dulce y Agraz da el punto de partida - Valpara\u00ed\u00adso Creativo\",\"isPartOf\":{\"@id\":\"https:\/\/dev.antudigital.cl\/sites\/vc\/#website\"},\"primaryImageOfPage\":{\"@id\":\"https:\/\/dev.antudigital.cl\/sites\/vc\/gardenia-bar-anuncia-talleres-creativos-y-dulce-y-agraz-da-el-punto-de-partida\/#primaryimage\"},\"image\":{\"@id\":\"https:\/\/dev.antudigital.cl\/sites\/vc\/gardenia-bar-anuncia-talleres-creativos-y-dulce-y-agraz-da-el-punto-de-partida\/#primaryimage\"},\"thumbnailUrl\":\"https:\/\/dev.antudigital.cl\/sites\/vc\/wp-content\/uploads\/2024\/07\/IMG_8786-scaled.jpg\",\"datePublished\":\"2024-07-31T19:32:32+00:00\",\"dateModified\":\"2024-07-31T19:32:51+00:00\",\"author\":{\"@id\":\"https:\/\/dev.antudigital.cl\/sites\/vc\/#\/schema\/person\/c2b9da8dd545e27166fc5ab232837318\"},\"breadcrumb\":{\"@id\":\"https:\/\/dev.antudigital.cl\/sites\/vc\/gardenia-bar-anuncia-talleres-creativos-y-dulce-y-agraz-da-el-punto-de-partida\/#breadcrumb\"},\"inLanguage\":\"es\",\"potentialAction\":[{\"@type\":\"ReadAction\",\"target\":[\"https:\/\/dev.antudigital.cl\/sites\/vc\/gardenia-bar-anuncia-talleres-creativos-y-dulce-y-agraz-da-el-punto-de-partida\/\"]}]},{\"@type\":\"ImageObject\",\"inLanguage\":\"es\",\"@id\":\"https:\/\/dev.antudigital.cl\/sites\/vc\/gardenia-bar-anuncia-talleres-creativos-y-dulce-y-agraz-da-el-punto-de-partida\/#primaryimage\",\"url\":\"https:\/\/dev.antudigital.cl\/sites\/vc\/wp-content\/uploads\/2024\/07\/IMG_8786-scaled.jpg\",\"contentUrl\":\"https:\/\/dev.antudigital.cl\/sites\/vc\/wp-content\/uploads\/2024\/07\/IMG_8786-scaled.jpg\",\"width\":2560,\"height\":1920},{\"@type\":\"BreadcrumbList\",\"@id\":\"https:\/\/dev.antudigital.cl\/sites\/vc\/gardenia-bar-anuncia-talleres-creativos-y-dulce-y-agraz-da-el-punto-de-partida\/#breadcrumb\",\"itemListElement\":[{\"@type\":\"ListItem\",\"position\":1,\"name\":\"Home\",\"item\":\"https:\/\/dev.antudigital.cl\/sites\/vc\/\"},{\"@type\":\"ListItem\",\"position\":2,\"name\":\"Gardenia Bar anuncia talleres creativos y Dulce y Agraz da el punto de partida\"}]},{\"@type\":\"WebSite\",\"@id\":\"https:\/\/dev.antudigital.cl\/sites\/vc\/#website\",\"url\":\"https:\/\/dev.antudigital.cl\/sites\/vc\/\",\"name\":\"Valpara\u00ed\u00adso Creativo\",\"description\":\"\",\"potentialAction\":[{\"@type\":\"SearchAction\",\"target\":{\"@type\":\"EntryPoint\",\"urlTemplate\":\"https:\/\/dev.antudigital.cl\/sites\/vc\/?s={search_term_string}\"},\"query-input\":{\"@type\":\"PropertyValueSpecification\",\"valueRequired\":true,\"valueName\":\"search_term_string\"}}],\"inLanguage\":\"es\"},{\"@type\":\"Person\",\"@id\":\"https:\/\/dev.antudigital.cl\/sites\/vc\/#\/schema\/person\/c2b9da8dd545e27166fc5ab232837318\",\"name\":\"Valpara\u00edso Creativo\",\"description\":\"Periodista de cultura en la Regi\u00f3n de Valpara\u00edso.\",\"url\":\"https:\/\/dev.antudigital.cl\/sites\/vc\/author\/valpoadmin\/\"}]}<\/script>\n<!-- \/ Yoast SEO plugin. -->","yoast_head_json":{"title":"Gardenia Bar anuncia talleres creativos y Dulce y Agraz da el punto de partida - Valpara\u00ed\u00adso Creativo","robots":{"index":"index","follow":"follow","max-snippet":"max-snippet:-1","max-image-preview":"max-image-preview:large","max-video-preview":"max-video-preview:-1"},"canonical":"https:\/\/dev.antudigital.cl\/sites\/vc\/gardenia-bar-anuncia-talleres-creativos-y-dulce-y-agraz-da-el-punto-de-partida\/","og_locale":"es_ES","og_type":"article","og_title":"Gardenia Bar anuncia talleres creativos y Dulce y Agraz da el punto de partida - Valpara\u00ed\u00adso Creativo","og_description":"El bar que se consolida como un espacio cultural en Valpara\u00edso, llega con una propuesta de talleres enfocados en la creaci\u00f3n art\u00edstica. Desde shows en vivo con destacados artistas nacionales, hasta los mejores comediantes y standperos del momento se han presentado en el escenario de Gardenia Bar desde que abrieron sus puertas el 2022 en [&hellip;]","og_url":"https:\/\/dev.antudigital.cl\/sites\/vc\/gardenia-bar-anuncia-talleres-creativos-y-dulce-y-agraz-da-el-punto-de-partida\/","og_site_name":"Valpara\u00ed\u00adso Creativo","article_published_time":"2024-07-31T19:32:32+00:00","article_modified_time":"2024-07-31T19:32:51+00:00","og_image":[{"width":2560,"height":1920,"url":"https:\/\/dev.antudigital.cl\/sites\/vc\/wp-content\/uploads\/2024\/07\/IMG_8786-scaled.jpg","type":"image\/jpeg"}],"author":"Valpara\u00edso Creativo","twitter_card":"summary_large_image","twitter_misc":{"Escrito por":"Valpara\u00edso Creativo","Tiempo de lectura":"3 minutos"},"schema":{"@context":"https:\/\/schema.org","@graph":[{"@type":"Article","@id":"https:\/\/dev.antudigital.cl\/sites\/vc\/gardenia-bar-anuncia-talleres-creativos-y-dulce-y-agraz-da-el-punto-de-partida\/#article","isPartOf":{"@id":"https:\/\/dev.antudigital.cl\/sites\/vc\/gardenia-bar-anuncia-talleres-creativos-y-dulce-y-agraz-da-el-punto-de-partida\/"},"author":{"name":"Valpara\u00edso Creativo","@id":"https:\/\/dev.antudigital.cl\/sites\/vc\/#\/schema\/person\/c2b9da8dd545e27166fc5ab232837318"},"headline":"Gardenia Bar anuncia talleres creativos y Dulce y Agraz da el punto de partida","datePublished":"2024-07-31T19:32:32+00:00","dateModified":"2024-07-31T19:32:51+00:00","mainEntityOfPage":{"@id":"https:\/\/dev.antudigital.cl\/sites\/vc\/gardenia-bar-anuncia-talleres-creativos-y-dulce-y-agraz-da-el-punto-de-partida\/"},"wordCount":515,"image":{"@id":"https:\/\/dev.antudigital.cl\/sites\/vc\/gardenia-bar-anuncia-talleres-creativos-y-dulce-y-agraz-da-el-punto-de-partida\/#primaryimage"},"thumbnailUrl":"https:\/\/dev.antudigital.cl\/sites\/vc\/wp-content\/uploads\/2024\/07\/IMG_8786-scaled.jpg","articleSection":["Noticia"],"inLanguage":"es"},{"@type":"WebPage","@id":"https:\/\/dev.antudigital.cl\/sites\/vc\/gardenia-bar-anuncia-talleres-creativos-y-dulce-y-agraz-da-el-punto-de-partida\/","url":"https:\/\/dev.antudigital.cl\/sites\/vc\/gardenia-bar-anuncia-talleres-creativos-y-dulce-y-agraz-da-el-punto-de-partida\/","name":"Gardenia Bar anuncia talleres creativos y Dulce y Agraz da el punto de partida - Valpara\u00ed\u00adso Creativo","isPartOf":{"@id":"https:\/\/dev.antudigital.cl\/sites\/vc\/#website"},"primaryImageOfPage":{"@id":"https:\/\/dev.antudigital.cl\/sites\/vc\/gardenia-bar-anuncia-talleres-creativos-y-dulce-y-agraz-da-el-punto-de-partida\/#primaryimage"},"image":{"@id":"https:\/\/dev.antudigital.cl\/sites\/vc\/gardenia-bar-anuncia-talleres-creativos-y-dulce-y-agraz-da-el-punto-de-partida\/#primaryimage"},"thumbnailUrl":"https:\/\/dev.antudigital.cl\/sites\/vc\/wp-content\/uploads\/2024\/07\/IMG_8786-scaled.jpg","datePublished":"2024-07-31T19:32:32+00:00","dateModified":"2024-07-31T19:32:51+00:00","author":{"@id":"https:\/\/dev.antudigital.cl\/sites\/vc\/#\/schema\/person\/c2b9da8dd545e27166fc5ab232837318"},"breadcrumb":{"@id":"https:\/\/dev.antudigital.cl\/sites\/vc\/gardenia-bar-anuncia-talleres-creativos-y-dulce-y-agraz-da-el-punto-de-partida\/#breadcrumb"},"inLanguage":"es","potentialAction":[{"@type":"ReadAction","target":["https:\/\/dev.antudigital.cl\/sites\/vc\/gardenia-bar-anuncia-talleres-creativos-y-dulce-y-agraz-da-el-punto-de-partida\/"]}]},{"@type":"ImageObject","inLanguage":"es","@id":"https:\/\/dev.antudigital.cl\/sites\/vc\/gardenia-bar-anuncia-talleres-creativos-y-dulce-y-agraz-da-el-punto-de-partida\/#primaryimage","url":"https:\/\/dev.antudigital.cl\/sites\/vc\/wp-content\/uploads\/2024\/07\/IMG_8786-scaled.jpg","contentUrl":"https:\/\/dev.antudigital.cl\/sites\/vc\/wp-content\/uploads\/2024\/07\/IMG_8786-scaled.jpg","width":2560,"height":1920},{"@type":"BreadcrumbList","@id":"https:\/\/dev.antudigital.cl\/sites\/vc\/gardenia-bar-anuncia-talleres-creativos-y-dulce-y-agraz-da-el-punto-de-partida\/#breadcrumb","itemListElement":[{"@type":"ListItem","position":1,"name":"Home","item":"https:\/\/dev.antudigital.cl\/sites\/vc\/"},{"@type":"ListItem","position":2,"name":"Gardenia Bar anuncia talleres creativos y Dulce y Agraz da el punto de partida"}]},{"@type":"WebSite","@id":"https:\/\/dev.antudigital.cl\/sites\/vc\/#website","url":"https:\/\/dev.antudigital.cl\/sites\/vc\/","name":"Valpara\u00ed\u00adso Creativo","description":"","potentialAction":[{"@type":"SearchAction","target":{"@type":"EntryPoint","urlTemplate":"https:\/\/dev.antudigital.cl\/sites\/vc\/?s={search_term_string}"},"query-input":{"@type":"PropertyValueSpecification","valueRequired":true,"valueName":"search_term_string"}}],"inLanguage":"es"},{"@type":"Person","@id":"https:\/\/dev.antudigital.cl\/sites\/vc\/#\/schema\/person\/c2b9da8dd545e27166fc5ab232837318","name":"Valpara\u00edso Creativo","description":"Periodista de cultura en la Regi\u00f3n de Valpara\u00edso.","url":"https:\/\/dev.antudigital.cl\/sites\/vc\/author\/valpoadmin\/"}]}},"_links":{"self":[{"href":"https:\/\/dev.antudigital.cl\/sites\/vc\/wp-json\/wp\/v2\/posts\/19893","targetHints":{"allow":["GET"]}}],"collection":[{"href":"https:\/\/dev.antudigital.cl\/sites\/vc\/wp-json\/wp\/v2\/posts"}],"about":[{"href":"https:\/\/dev.antudigital.cl\/sites\/vc\/wp-json\/wp\/v2\/types\/post"}],"author":[{"embeddable":true,"href":"https:\/\/dev.antudigital.cl\/sites\/vc\/wp-json\/wp\/v2\/users\/1"}],"replies":[{"embeddable":true,"href":"https:\/\/dev.antudigital.cl\/sites\/vc\/wp-json\/wp\/v2\/comments?post=19893"}],"version-history":[{"count":1,"href":"https:\/\/dev.antudigital.cl\/sites\/vc\/wp-json\/wp\/v2\/posts\/19893\/revisions"}],"predecessor-version":[{"id":19897,"href":"https:\/\/dev.antudigital.cl\/sites\/vc\/wp-json\/wp\/v2\/posts\/19893\/revisions\/19897"}],"wp:featuredmedia":[{"embeddable":true,"href":"https:\/\/dev.antudigital.cl\/sites\/vc\/wp-json\/wp\/v2\/media\/19896"}],"wp:attachment":[{"href":"https:\/\/dev.antudigital.cl\/sites\/vc\/wp-json\/wp\/v2\/media?parent=19893"}],"wp:term":[{"taxonomy":"category","embeddable":true,"href":"https:\/\/dev.antudigital.cl\/sites\/vc\/wp-json\/wp\/v2\/categories?post=19893"},{"taxonomy":"post_tag","embeddable":true,"href":"https:\/\/dev.antudigital.cl\/sites\/vc\/wp-json\/wp\/v2\/tags?post=19893"}],"curies":[{"name":"wp","href":"https:\/\/api.w.org\/{rel}","templated":true}]}}