{"id":19908,"date":"2024-08-02T23:31:20","date_gmt":"2024-08-02T23:31:20","guid":{"rendered":"https:\/\/www.valparaisocreativo.cl\/?p=19908"},"modified":"2024-08-02T23:31:41","modified_gmt":"2024-08-02T23:31:41","slug":"experiencia-humana-te-invita-a-desatino-de-la-soledad","status":"publish","type":"post","link":"https:\/\/dev.antudigital.cl\/sites\/vc\/experiencia-humana-te-invita-a-desatino-de-la-soledad\/","title":{"rendered":"Experiencia Humana te invita a \u00abDesatino de la soledad\u00bb"},"content":{"rendered":"\n<p>El Colectivo Interdisciplinario Experiencia Humana invita a sumergirse en su m\u00e1s reciente creaci\u00f3n, \u00abDesatino de la soledad\u00bb, una propuesta que explora las profundidades de la soledad desde una perspectiva \u00fanica e inmersiva. Con tres a\u00f1os de trayectoria en la b\u00fasqueda y experimentaci\u00f3n art\u00edstica, este colectivo ha logrado consolidar un espacio de creaci\u00f3n y contenci\u00f3n, transformando experiencias cotidianas en gestos est\u00e9ticos que invitan a la reflexi\u00f3n y la participaci\u00f3n activa.<\/p>\n\n\n\n<p><strong>Rese\u00f1a de \u00abDesatino de la soledad\u00bb:<\/strong><\/p>\n\n\n\n<p>\u00abDesatino de la soledad\u00bb es la tercera entrega de la trilog\u00eda \u00abExperiencias humanas\u00bb, un proyecto que contin\u00faa la investigaci\u00f3n sobre c\u00f3mo se habitan las emociones en la vida cotidiana. Esta pieza esc\u00e9nica busca provocar una reflexi\u00f3n profunda sobre la soledad, presentando un abanico de sensaciones que van desde la euforia hasta la incomodidad. A trav\u00e9s de una puesta en escena innovadora, los espectadores se convierten en co-creadores de la experiencia, interactuando y aportando al desarrollo de la obra.<\/p>\n\n\n\n<figure class=\"wp-block-image size-large\"><img fetchpriority=\"high\" decoding=\"async\" width=\"1024\" height=\"683\" src=\"https:\/\/www.valparaisocreativo.cl\/wp-content\/uploads\/2024\/08\/Desatino-3-1024x683.jpg\" alt=\"\" class=\"wp-image-19910\" srcset=\"https:\/\/dev.antudigital.cl\/sites\/vc\/wp-content\/uploads\/2024\/08\/Desatino-3-1024x683.jpg 1024w, https:\/\/dev.antudigital.cl\/sites\/vc\/wp-content\/uploads\/2024\/08\/Desatino-3-300x200.jpg 300w, https:\/\/dev.antudigital.cl\/sites\/vc\/wp-content\/uploads\/2024\/08\/Desatino-3-768x512.jpg 768w, https:\/\/dev.antudigital.cl\/sites\/vc\/wp-content\/uploads\/2024\/08\/Desatino-3-1536x1024.jpg 1536w, https:\/\/dev.antudigital.cl\/sites\/vc\/wp-content\/uploads\/2024\/08\/Desatino-3-2048x1366.jpg 2048w, https:\/\/dev.antudigital.cl\/sites\/vc\/wp-content\/uploads\/2024\/08\/Desatino-3-1080x720.jpg 1080w, https:\/\/dev.antudigital.cl\/sites\/vc\/wp-content\/uploads\/2024\/08\/Desatino-3-1280x854.jpg 1280w, https:\/\/dev.antudigital.cl\/sites\/vc\/wp-content\/uploads\/2024\/08\/Desatino-3-980x653.jpg 980w, https:\/\/dev.antudigital.cl\/sites\/vc\/wp-content\/uploads\/2024\/08\/Desatino-3-480x320.jpg 480w, https:\/\/dev.antudigital.cl\/sites\/vc\/wp-content\/uploads\/2024\/08\/Desatino-3-24x16.jpg 24w, https:\/\/dev.antudigital.cl\/sites\/vc\/wp-content\/uploads\/2024\/08\/Desatino-3-36x24.jpg 36w, https:\/\/dev.antudigital.cl\/sites\/vc\/wp-content\/uploads\/2024\/08\/Desatino-3-48x32.jpg 48w\" sizes=\"(max-width: 1024px) 100vw, 1024px\" \/><\/figure>\n\n\n\n<ul class=\"wp-block-list\">\n<li><strong>Lugar:<\/strong> \u00abLa Madriguera\u00bb, Washington 180, Cerro O\u2019Higgins, Valpara\u00edso<\/li>\n\n\n\n<li><strong>Fechas y Horarios:<\/strong>\n<ul class=\"wp-block-list\">\n<li>Viernes, 9 de agosto a las 20:00 hrs<\/li>\n\n\n\n<li>S\u00e1bado, 10 de agosto a las 19:00 hrs<\/li>\n\n\n\n<li>Domingo, 11 de agosto a las 19:00 hrs<\/li>\n<\/ul>\n<\/li>\n<\/ul>\n\n\n\n<p>Las entradas ya est\u00e1n disponibles y pueden adquirirse a trav\u00e9s de la plataforma Passline en el siguiente <a href=\"https:\/\/www.passline.com\/sitio\/despedida-experiencia-humana\">link<\/a> <\/p>\n\n\n\n<p>No te pierdas esta oportunidad de ser parte de una experiencia \u00fanica que te permitir\u00e1 explorar y reflexionar sobre la soledad desde una nueva perspectiva. <\/p>\n","protected":false},"excerpt":{"rendered":"<p>El Colectivo Interdisciplinario Experiencia Humana invita a sumergirse en su m\u00e1s reciente creaci\u00f3n, \u00abDesatino de la soledad\u00bb, una propuesta que explora las profundidades de la soledad desde una perspectiva \u00fanica e inmersiva. Con tres a\u00f1os de trayectoria en la b\u00fasqueda y experimentaci\u00f3n art\u00edstica, este colectivo ha logrado consolidar un espacio de creaci\u00f3n y contenci\u00f3n, transformando [&hellip;]<\/p>\n","protected":false},"author":1,"featured_media":19909,"comment_status":"closed","ping_status":"closed","sticky":false,"template":"","format":"standard","meta":{"_acf_changed":false,"footnotes":""},"categories":[8],"tags":[],"class_list":["post-19908","post","type-post","status-publish","format-standard","has-post-thumbnail","hentry","category-noticia"],"acf":[],"yoast_head":"<!-- This site is optimized with the Yoast SEO plugin v27.1.1 - https:\/\/yoast.com\/product\/yoast-seo-wordpress\/ -->\n<title>Experiencia Humana te invita a &quot;Desatino de la soledad&quot; - Valpara\u00ed\u00adso Creativo<\/title>\n<meta name=\"robots\" content=\"index, follow, max-snippet:-1, max-image-preview:large, max-video-preview:-1\" \/>\n<link rel=\"canonical\" href=\"https:\/\/dev.antudigital.cl\/sites\/vc\/experiencia-humana-te-invita-a-desatino-de-la-soledad\/\" \/>\n<meta property=\"og:locale\" content=\"es_ES\" \/>\n<meta property=\"og:type\" content=\"article\" \/>\n<meta property=\"og:title\" content=\"Experiencia Humana te invita a &quot;Desatino de la soledad&quot; - Valpara\u00ed\u00adso Creativo\" \/>\n<meta property=\"og:description\" content=\"El Colectivo Interdisciplinario Experiencia Humana invita a sumergirse en su m\u00e1s reciente creaci\u00f3n, \u00abDesatino de la soledad\u00bb, una propuesta que explora las profundidades de la soledad desde una perspectiva \u00fanica e inmersiva. Con tres a\u00f1os de trayectoria en la b\u00fasqueda y experimentaci\u00f3n art\u00edstica, este colectivo ha logrado consolidar un espacio de creaci\u00f3n y contenci\u00f3n, transformando [&hellip;]\" \/>\n<meta property=\"og:url\" content=\"https:\/\/dev.antudigital.cl\/sites\/vc\/experiencia-humana-te-invita-a-desatino-de-la-soledad\/\" \/>\n<meta property=\"og:site_name\" content=\"Valpara\u00ed\u00adso Creativo\" \/>\n<meta property=\"article:published_time\" content=\"2024-08-02T23:31:20+00:00\" \/>\n<meta property=\"article:modified_time\" content=\"2024-08-02T23:31:41+00:00\" \/>\n<meta property=\"og:image\" content=\"https:\/\/dev.antudigital.cl\/sites\/vc\/wp-content\/uploads\/2024\/08\/Desatino-1-scaled.jpg\" \/>\n\t<meta property=\"og:image:width\" content=\"2560\" \/>\n\t<meta property=\"og:image:height\" content=\"1707\" \/>\n\t<meta property=\"og:image:type\" content=\"image\/jpeg\" \/>\n<meta name=\"author\" content=\"Valpara\u00edso Creativo\" \/>\n<meta name=\"twitter:card\" content=\"summary_large_image\" \/>\n<meta name=\"twitter:label1\" content=\"Escrito por\" \/>\n\t<meta name=\"twitter:data1\" content=\"Valpara\u00edso Creativo\" \/>\n\t<meta name=\"twitter:label2\" content=\"Tiempo de lectura\" \/>\n\t<meta name=\"twitter:data2\" content=\"2 minutos\" \/>\n<script type=\"application\/ld+json\" class=\"yoast-schema-graph\">{\"@context\":\"https:\/\/schema.org\",\"@graph\":[{\"@type\":\"Article\",\"@id\":\"https:\/\/dev.antudigital.cl\/sites\/vc\/experiencia-humana-te-invita-a-desatino-de-la-soledad\/#article\",\"isPartOf\":{\"@id\":\"https:\/\/dev.antudigital.cl\/sites\/vc\/experiencia-humana-te-invita-a-desatino-de-la-soledad\/\"},\"author\":{\"name\":\"Valpara\u00edso Creativo\",\"@id\":\"https:\/\/dev.antudigital.cl\/sites\/vc\/#\/schema\/person\/c2b9da8dd545e27166fc5ab232837318\"},\"headline\":\"Experiencia Humana te invita a \u00abDesatino de la soledad\u00bb\",\"datePublished\":\"2024-08-02T23:31:20+00:00\",\"dateModified\":\"2024-08-02T23:31:41+00:00\",\"mainEntityOfPage\":{\"@id\":\"https:\/\/dev.antudigital.cl\/sites\/vc\/experiencia-humana-te-invita-a-desatino-de-la-soledad\/\"},\"wordCount\":257,\"image\":{\"@id\":\"https:\/\/dev.antudigital.cl\/sites\/vc\/experiencia-humana-te-invita-a-desatino-de-la-soledad\/#primaryimage\"},\"thumbnailUrl\":\"https:\/\/dev.antudigital.cl\/sites\/vc\/wp-content\/uploads\/2024\/08\/Desatino-1-scaled.jpg\",\"articleSection\":[\"Noticia\"],\"inLanguage\":\"es\"},{\"@type\":\"WebPage\",\"@id\":\"https:\/\/dev.antudigital.cl\/sites\/vc\/experiencia-humana-te-invita-a-desatino-de-la-soledad\/\",\"url\":\"https:\/\/dev.antudigital.cl\/sites\/vc\/experiencia-humana-te-invita-a-desatino-de-la-soledad\/\",\"name\":\"Experiencia Humana te invita a \\\"Desatino de la soledad\\\" - Valpara\u00ed\u00adso Creativo\",\"isPartOf\":{\"@id\":\"https:\/\/dev.antudigital.cl\/sites\/vc\/#website\"},\"primaryImageOfPage\":{\"@id\":\"https:\/\/dev.antudigital.cl\/sites\/vc\/experiencia-humana-te-invita-a-desatino-de-la-soledad\/#primaryimage\"},\"image\":{\"@id\":\"https:\/\/dev.antudigital.cl\/sites\/vc\/experiencia-humana-te-invita-a-desatino-de-la-soledad\/#primaryimage\"},\"thumbnailUrl\":\"https:\/\/dev.antudigital.cl\/sites\/vc\/wp-content\/uploads\/2024\/08\/Desatino-1-scaled.jpg\",\"datePublished\":\"2024-08-02T23:31:20+00:00\",\"dateModified\":\"2024-08-02T23:31:41+00:00\",\"author\":{\"@id\":\"https:\/\/dev.antudigital.cl\/sites\/vc\/#\/schema\/person\/c2b9da8dd545e27166fc5ab232837318\"},\"breadcrumb\":{\"@id\":\"https:\/\/dev.antudigital.cl\/sites\/vc\/experiencia-humana-te-invita-a-desatino-de-la-soledad\/#breadcrumb\"},\"inLanguage\":\"es\",\"potentialAction\":[{\"@type\":\"ReadAction\",\"target\":[\"https:\/\/dev.antudigital.cl\/sites\/vc\/experiencia-humana-te-invita-a-desatino-de-la-soledad\/\"]}]},{\"@type\":\"ImageObject\",\"inLanguage\":\"es\",\"@id\":\"https:\/\/dev.antudigital.cl\/sites\/vc\/experiencia-humana-te-invita-a-desatino-de-la-soledad\/#primaryimage\",\"url\":\"https:\/\/dev.antudigital.cl\/sites\/vc\/wp-content\/uploads\/2024\/08\/Desatino-1-scaled.jpg\",\"contentUrl\":\"https:\/\/dev.antudigital.cl\/sites\/vc\/wp-content\/uploads\/2024\/08\/Desatino-1-scaled.jpg\",\"width\":2560,\"height\":1707},{\"@type\":\"BreadcrumbList\",\"@id\":\"https:\/\/dev.antudigital.cl\/sites\/vc\/experiencia-humana-te-invita-a-desatino-de-la-soledad\/#breadcrumb\",\"itemListElement\":[{\"@type\":\"ListItem\",\"position\":1,\"name\":\"Home\",\"item\":\"https:\/\/dev.antudigital.cl\/sites\/vc\/\"},{\"@type\":\"ListItem\",\"position\":2,\"name\":\"Experiencia Humana te invita a \u00abDesatino de la soledad\u00bb\"}]},{\"@type\":\"WebSite\",\"@id\":\"https:\/\/dev.antudigital.cl\/sites\/vc\/#website\",\"url\":\"https:\/\/dev.antudigital.cl\/sites\/vc\/\",\"name\":\"Valpara\u00ed\u00adso Creativo\",\"description\":\"\",\"potentialAction\":[{\"@type\":\"SearchAction\",\"target\":{\"@type\":\"EntryPoint\",\"urlTemplate\":\"https:\/\/dev.antudigital.cl\/sites\/vc\/?s={search_term_string}\"},\"query-input\":{\"@type\":\"PropertyValueSpecification\",\"valueRequired\":true,\"valueName\":\"search_term_string\"}}],\"inLanguage\":\"es\"},{\"@type\":\"Person\",\"@id\":\"https:\/\/dev.antudigital.cl\/sites\/vc\/#\/schema\/person\/c2b9da8dd545e27166fc5ab232837318\",\"name\":\"Valpara\u00edso Creativo\",\"description\":\"Periodista de cultura en la Regi\u00f3n de Valpara\u00edso.\",\"url\":\"https:\/\/dev.antudigital.cl\/sites\/vc\/author\/valpoadmin\/\"}]}<\/script>\n<!-- \/ Yoast SEO plugin. -->","yoast_head_json":{"title":"Experiencia Humana te invita a \"Desatino de la soledad\" - Valpara\u00ed\u00adso Creativo","robots":{"index":"index","follow":"follow","max-snippet":"max-snippet:-1","max-image-preview":"max-image-preview:large","max-video-preview":"max-video-preview:-1"},"canonical":"https:\/\/dev.antudigital.cl\/sites\/vc\/experiencia-humana-te-invita-a-desatino-de-la-soledad\/","og_locale":"es_ES","og_type":"article","og_title":"Experiencia Humana te invita a \"Desatino de la soledad\" - Valpara\u00ed\u00adso Creativo","og_description":"El Colectivo Interdisciplinario Experiencia Humana invita a sumergirse en su m\u00e1s reciente creaci\u00f3n, \u00abDesatino de la soledad\u00bb, una propuesta que explora las profundidades de la soledad desde una perspectiva \u00fanica e inmersiva. Con tres a\u00f1os de trayectoria en la b\u00fasqueda y experimentaci\u00f3n art\u00edstica, este colectivo ha logrado consolidar un espacio de creaci\u00f3n y contenci\u00f3n, transformando [&hellip;]","og_url":"https:\/\/dev.antudigital.cl\/sites\/vc\/experiencia-humana-te-invita-a-desatino-de-la-soledad\/","og_site_name":"Valpara\u00ed\u00adso Creativo","article_published_time":"2024-08-02T23:31:20+00:00","article_modified_time":"2024-08-02T23:31:41+00:00","og_image":[{"width":2560,"height":1707,"url":"https:\/\/dev.antudigital.cl\/sites\/vc\/wp-content\/uploads\/2024\/08\/Desatino-1-scaled.jpg","type":"image\/jpeg"}],"author":"Valpara\u00edso Creativo","twitter_card":"summary_large_image","twitter_misc":{"Escrito por":"Valpara\u00edso Creativo","Tiempo de lectura":"2 minutos"},"schema":{"@context":"https:\/\/schema.org","@graph":[{"@type":"Article","@id":"https:\/\/dev.antudigital.cl\/sites\/vc\/experiencia-humana-te-invita-a-desatino-de-la-soledad\/#article","isPartOf":{"@id":"https:\/\/dev.antudigital.cl\/sites\/vc\/experiencia-humana-te-invita-a-desatino-de-la-soledad\/"},"author":{"name":"Valpara\u00edso Creativo","@id":"https:\/\/dev.antudigital.cl\/sites\/vc\/#\/schema\/person\/c2b9da8dd545e27166fc5ab232837318"},"headline":"Experiencia Humana te invita a \u00abDesatino de la soledad\u00bb","datePublished":"2024-08-02T23:31:20+00:00","dateModified":"2024-08-02T23:31:41+00:00","mainEntityOfPage":{"@id":"https:\/\/dev.antudigital.cl\/sites\/vc\/experiencia-humana-te-invita-a-desatino-de-la-soledad\/"},"wordCount":257,"image":{"@id":"https:\/\/dev.antudigital.cl\/sites\/vc\/experiencia-humana-te-invita-a-desatino-de-la-soledad\/#primaryimage"},"thumbnailUrl":"https:\/\/dev.antudigital.cl\/sites\/vc\/wp-content\/uploads\/2024\/08\/Desatino-1-scaled.jpg","articleSection":["Noticia"],"inLanguage":"es"},{"@type":"WebPage","@id":"https:\/\/dev.antudigital.cl\/sites\/vc\/experiencia-humana-te-invita-a-desatino-de-la-soledad\/","url":"https:\/\/dev.antudigital.cl\/sites\/vc\/experiencia-humana-te-invita-a-desatino-de-la-soledad\/","name":"Experiencia Humana te invita a \"Desatino de la soledad\" - Valpara\u00ed\u00adso Creativo","isPartOf":{"@id":"https:\/\/dev.antudigital.cl\/sites\/vc\/#website"},"primaryImageOfPage":{"@id":"https:\/\/dev.antudigital.cl\/sites\/vc\/experiencia-humana-te-invita-a-desatino-de-la-soledad\/#primaryimage"},"image":{"@id":"https:\/\/dev.antudigital.cl\/sites\/vc\/experiencia-humana-te-invita-a-desatino-de-la-soledad\/#primaryimage"},"thumbnailUrl":"https:\/\/dev.antudigital.cl\/sites\/vc\/wp-content\/uploads\/2024\/08\/Desatino-1-scaled.jpg","datePublished":"2024-08-02T23:31:20+00:00","dateModified":"2024-08-02T23:31:41+00:00","author":{"@id":"https:\/\/dev.antudigital.cl\/sites\/vc\/#\/schema\/person\/c2b9da8dd545e27166fc5ab232837318"},"breadcrumb":{"@id":"https:\/\/dev.antudigital.cl\/sites\/vc\/experiencia-humana-te-invita-a-desatino-de-la-soledad\/#breadcrumb"},"inLanguage":"es","potentialAction":[{"@type":"ReadAction","target":["https:\/\/dev.antudigital.cl\/sites\/vc\/experiencia-humana-te-invita-a-desatino-de-la-soledad\/"]}]},{"@type":"ImageObject","inLanguage":"es","@id":"https:\/\/dev.antudigital.cl\/sites\/vc\/experiencia-humana-te-invita-a-desatino-de-la-soledad\/#primaryimage","url":"https:\/\/dev.antudigital.cl\/sites\/vc\/wp-content\/uploads\/2024\/08\/Desatino-1-scaled.jpg","contentUrl":"https:\/\/dev.antudigital.cl\/sites\/vc\/wp-content\/uploads\/2024\/08\/Desatino-1-scaled.jpg","width":2560,"height":1707},{"@type":"BreadcrumbList","@id":"https:\/\/dev.antudigital.cl\/sites\/vc\/experiencia-humana-te-invita-a-desatino-de-la-soledad\/#breadcrumb","itemListElement":[{"@type":"ListItem","position":1,"name":"Home","item":"https:\/\/dev.antudigital.cl\/sites\/vc\/"},{"@type":"ListItem","position":2,"name":"Experiencia Humana te invita a \u00abDesatino de la soledad\u00bb"}]},{"@type":"WebSite","@id":"https:\/\/dev.antudigital.cl\/sites\/vc\/#website","url":"https:\/\/dev.antudigital.cl\/sites\/vc\/","name":"Valpara\u00ed\u00adso Creativo","description":"","potentialAction":[{"@type":"SearchAction","target":{"@type":"EntryPoint","urlTemplate":"https:\/\/dev.antudigital.cl\/sites\/vc\/?s={search_term_string}"},"query-input":{"@type":"PropertyValueSpecification","valueRequired":true,"valueName":"search_term_string"}}],"inLanguage":"es"},{"@type":"Person","@id":"https:\/\/dev.antudigital.cl\/sites\/vc\/#\/schema\/person\/c2b9da8dd545e27166fc5ab232837318","name":"Valpara\u00edso Creativo","description":"Periodista de cultura en la Regi\u00f3n de Valpara\u00edso.","url":"https:\/\/dev.antudigital.cl\/sites\/vc\/author\/valpoadmin\/"}]}},"_links":{"self":[{"href":"https:\/\/dev.antudigital.cl\/sites\/vc\/wp-json\/wp\/v2\/posts\/19908","targetHints":{"allow":["GET"]}}],"collection":[{"href":"https:\/\/dev.antudigital.cl\/sites\/vc\/wp-json\/wp\/v2\/posts"}],"about":[{"href":"https:\/\/dev.antudigital.cl\/sites\/vc\/wp-json\/wp\/v2\/types\/post"}],"author":[{"embeddable":true,"href":"https:\/\/dev.antudigital.cl\/sites\/vc\/wp-json\/wp\/v2\/users\/1"}],"replies":[{"embeddable":true,"href":"https:\/\/dev.antudigital.cl\/sites\/vc\/wp-json\/wp\/v2\/comments?post=19908"}],"version-history":[{"count":1,"href":"https:\/\/dev.antudigital.cl\/sites\/vc\/wp-json\/wp\/v2\/posts\/19908\/revisions"}],"predecessor-version":[{"id":19911,"href":"https:\/\/dev.antudigital.cl\/sites\/vc\/wp-json\/wp\/v2\/posts\/19908\/revisions\/19911"}],"wp:featuredmedia":[{"embeddable":true,"href":"https:\/\/dev.antudigital.cl\/sites\/vc\/wp-json\/wp\/v2\/media\/19909"}],"wp:attachment":[{"href":"https:\/\/dev.antudigital.cl\/sites\/vc\/wp-json\/wp\/v2\/media?parent=19908"}],"wp:term":[{"taxonomy":"category","embeddable":true,"href":"https:\/\/dev.antudigital.cl\/sites\/vc\/wp-json\/wp\/v2\/categories?post=19908"},{"taxonomy":"post_tag","embeddable":true,"href":"https:\/\/dev.antudigital.cl\/sites\/vc\/wp-json\/wp\/v2\/tags?post=19908"}],"curies":[{"name":"wp","href":"https:\/\/api.w.org\/{rel}","templated":true}]}}