{"id":19920,"date":"2024-08-05T22:51:28","date_gmt":"2024-08-05T22:51:28","guid":{"rendered":"https:\/\/www.valparaisocreativo.cl\/?p=19920"},"modified":"2024-08-05T22:51:51","modified_gmt":"2024-08-05T22:51:51","slug":"cartelera-teatro-munipal-de-vina-del-mar","status":"publish","type":"post","link":"https:\/\/dev.antudigital.cl\/sites\/vc\/cartelera-teatro-munipal-de-vina-del-mar\/","title":{"rendered":"Cartelera Teatro Munipal de Vi\u00f1a del Mar"},"content":{"rendered":"\n<p>El Municipio de Cuidados se complace en presentar la cartelera de agosto del Teatro Municipal. Este mes, ofrecemos una programaci\u00f3n diversa y emocionante para todos los gustos. No te pierdas la obra familiar \u201cPapelucho Casi, Caaasi Hu\u00e9rfano\u201d, de la Compa\u00f1\u00eda Teatro del Canto, el en\u00e9rgico espect\u00e1culo de Illapu con \u201cEl Grito de la Raza\u201d, y un concierto impresionante de la Orquesta Sinf\u00f3nica Nacional de Chile. Tambi\u00e9n podr\u00e1s disfrutar de la obra \u201cMi Fuego, Delirios Teatrales para Ni\u00f1xs\u201d de la Compa\u00f1\u00eda La Patri\u00f3tico Interesante. Adem\u00e1s, Lisandro Aristimu\u00f1o traer\u00e1 su talento, el Ballet Nacional Chileno ofrecer\u00e1 un espect\u00e1culo de Danza y Piano, y Luis Jara se presentar\u00e1 con su Latin Swing Tour 2024.<\/p>\n\n\n\n<p>Completa tu experiencia con el stand-up de Pedro Ruminot, el Concierto del Coro de C\u00e1mara PUCV con coros escolares, y los Conciertos Candlelight para una experiencia musical \u00edntima. La Orquesta Marga Marga y Fernando Ubiergo y su Quinteto tambi\u00e9n estar\u00e1n en el programa, junto con el aclamado musical \u201cCats\u201d.&#x1f408;&#x1f63b;&#x1f63b;<\/p>\n\n\n\n<p>Revisa el detalle e inscripciones ac\u00e1:<\/p>\n\n\n\n<p><a href=\"https:\/\/visitavina.munivina.cl\/wp-content\/uploads\/2024\/07\/08.agosto-CULTURAS.pdf\">CARTELERA<\/a><\/p>\n\n\n\n<p>&#x1f39f;Tu entrada ser\u00e1 enviada a tu correo electr\u00f3nico. Por favor, verifica tu carpeta de correo no deseado si no encuentras el mensaje en tu bandeja de entrada principal. Cada asistente debe inscribirse en el formulario de registro de manera individual.<\/p>\n","protected":false},"excerpt":{"rendered":"<p>El Municipio de Cuidados se complace en presentar la cartelera de agosto del Teatro Municipal. Este mes, ofrecemos una programaci\u00f3n diversa y emocionante para todos los gustos. No te pierdas la obra familiar \u201cPapelucho Casi, Caaasi Hu\u00e9rfano\u201d, de la Compa\u00f1\u00eda Teatro del Canto, el en\u00e9rgico espect\u00e1culo de Illapu con \u201cEl Grito de la Raza\u201d, y [&hellip;]<\/p>\n","protected":false},"author":1,"featured_media":19921,"comment_status":"closed","ping_status":"closed","sticky":false,"template":"","format":"standard","meta":{"_acf_changed":false,"footnotes":""},"categories":[8],"tags":[],"class_list":["post-19920","post","type-post","status-publish","format-standard","has-post-thumbnail","hentry","category-noticia"],"acf":[],"yoast_head":"<!-- This site is optimized with the Yoast SEO plugin v27.1.1 - https:\/\/yoast.com\/product\/yoast-seo-wordpress\/ -->\n<title>Cartelera Teatro Munipal de Vi\u00f1a del Mar - Valpara\u00ed\u00adso Creativo<\/title>\n<meta name=\"robots\" content=\"index, follow, max-snippet:-1, max-image-preview:large, max-video-preview:-1\" \/>\n<link rel=\"canonical\" href=\"https:\/\/dev.antudigital.cl\/sites\/vc\/cartelera-teatro-munipal-de-vina-del-mar\/\" \/>\n<meta property=\"og:locale\" content=\"es_ES\" \/>\n<meta property=\"og:type\" content=\"article\" \/>\n<meta property=\"og:title\" content=\"Cartelera Teatro Munipal de Vi\u00f1a del Mar - Valpara\u00ed\u00adso Creativo\" \/>\n<meta property=\"og:description\" content=\"El Municipio de Cuidados se complace en presentar la cartelera de agosto del Teatro Municipal. Este mes, ofrecemos una programaci\u00f3n diversa y emocionante para todos los gustos. No te pierdas la obra familiar \u201cPapelucho Casi, Caaasi Hu\u00e9rfano\u201d, de la Compa\u00f1\u00eda Teatro del Canto, el en\u00e9rgico espect\u00e1culo de Illapu con \u201cEl Grito de la Raza\u201d, y [&hellip;]\" \/>\n<meta property=\"og:url\" content=\"https:\/\/dev.antudigital.cl\/sites\/vc\/cartelera-teatro-munipal-de-vina-del-mar\/\" \/>\n<meta property=\"og:site_name\" content=\"Valpara\u00ed\u00adso Creativo\" \/>\n<meta property=\"article:published_time\" content=\"2024-08-05T22:51:28+00:00\" \/>\n<meta property=\"article:modified_time\" content=\"2024-08-05T22:51:51+00:00\" \/>\n<meta property=\"og:image\" content=\"https:\/\/dev.antudigital.cl\/sites\/vc\/wp-content\/uploads\/2024\/08\/Captura-de-Pantalla-2024-08-05-a-las-18.48.17.png\" \/>\n\t<meta property=\"og:image:width\" content=\"623\" \/>\n\t<meta property=\"og:image:height\" content=\"626\" \/>\n\t<meta property=\"og:image:type\" content=\"image\/png\" \/>\n<meta name=\"author\" content=\"Valpara\u00edso Creativo\" \/>\n<meta name=\"twitter:card\" content=\"summary_large_image\" \/>\n<meta name=\"twitter:label1\" content=\"Escrito por\" \/>\n\t<meta name=\"twitter:data1\" content=\"Valpara\u00edso Creativo\" \/>\n\t<meta name=\"twitter:label2\" content=\"Tiempo de lectura\" \/>\n\t<meta name=\"twitter:data2\" content=\"2 minutos\" \/>\n<script type=\"application\/ld+json\" class=\"yoast-schema-graph\">{\"@context\":\"https:\/\/schema.org\",\"@graph\":[{\"@type\":\"Article\",\"@id\":\"https:\/\/dev.antudigital.cl\/sites\/vc\/cartelera-teatro-munipal-de-vina-del-mar\/#article\",\"isPartOf\":{\"@id\":\"https:\/\/dev.antudigital.cl\/sites\/vc\/cartelera-teatro-munipal-de-vina-del-mar\/\"},\"author\":{\"name\":\"Valpara\u00edso Creativo\",\"@id\":\"https:\/\/dev.antudigital.cl\/sites\/vc\/#\/schema\/person\/c2b9da8dd545e27166fc5ab232837318\"},\"headline\":\"Cartelera Teatro Munipal de Vi\u00f1a del Mar\",\"datePublished\":\"2024-08-05T22:51:28+00:00\",\"dateModified\":\"2024-08-05T22:51:51+00:00\",\"mainEntityOfPage\":{\"@id\":\"https:\/\/dev.antudigital.cl\/sites\/vc\/cartelera-teatro-munipal-de-vina-del-mar\/\"},\"wordCount\":243,\"image\":{\"@id\":\"https:\/\/dev.antudigital.cl\/sites\/vc\/cartelera-teatro-munipal-de-vina-del-mar\/#primaryimage\"},\"thumbnailUrl\":\"https:\/\/dev.antudigital.cl\/sites\/vc\/wp-content\/uploads\/2024\/08\/Captura-de-Pantalla-2024-08-05-a-las-18.48.17.png\",\"articleSection\":[\"Noticia\"],\"inLanguage\":\"es\"},{\"@type\":\"WebPage\",\"@id\":\"https:\/\/dev.antudigital.cl\/sites\/vc\/cartelera-teatro-munipal-de-vina-del-mar\/\",\"url\":\"https:\/\/dev.antudigital.cl\/sites\/vc\/cartelera-teatro-munipal-de-vina-del-mar\/\",\"name\":\"Cartelera Teatro Munipal de Vi\u00f1a del Mar - Valpara\u00ed\u00adso Creativo\",\"isPartOf\":{\"@id\":\"https:\/\/dev.antudigital.cl\/sites\/vc\/#website\"},\"primaryImageOfPage\":{\"@id\":\"https:\/\/dev.antudigital.cl\/sites\/vc\/cartelera-teatro-munipal-de-vina-del-mar\/#primaryimage\"},\"image\":{\"@id\":\"https:\/\/dev.antudigital.cl\/sites\/vc\/cartelera-teatro-munipal-de-vina-del-mar\/#primaryimage\"},\"thumbnailUrl\":\"https:\/\/dev.antudigital.cl\/sites\/vc\/wp-content\/uploads\/2024\/08\/Captura-de-Pantalla-2024-08-05-a-las-18.48.17.png\",\"datePublished\":\"2024-08-05T22:51:28+00:00\",\"dateModified\":\"2024-08-05T22:51:51+00:00\",\"author\":{\"@id\":\"https:\/\/dev.antudigital.cl\/sites\/vc\/#\/schema\/person\/c2b9da8dd545e27166fc5ab232837318\"},\"breadcrumb\":{\"@id\":\"https:\/\/dev.antudigital.cl\/sites\/vc\/cartelera-teatro-munipal-de-vina-del-mar\/#breadcrumb\"},\"inLanguage\":\"es\",\"potentialAction\":[{\"@type\":\"ReadAction\",\"target\":[\"https:\/\/dev.antudigital.cl\/sites\/vc\/cartelera-teatro-munipal-de-vina-del-mar\/\"]}]},{\"@type\":\"ImageObject\",\"inLanguage\":\"es\",\"@id\":\"https:\/\/dev.antudigital.cl\/sites\/vc\/cartelera-teatro-munipal-de-vina-del-mar\/#primaryimage\",\"url\":\"https:\/\/dev.antudigital.cl\/sites\/vc\/wp-content\/uploads\/2024\/08\/Captura-de-Pantalla-2024-08-05-a-las-18.48.17.png\",\"contentUrl\":\"https:\/\/dev.antudigital.cl\/sites\/vc\/wp-content\/uploads\/2024\/08\/Captura-de-Pantalla-2024-08-05-a-las-18.48.17.png\",\"width\":623,\"height\":626},{\"@type\":\"BreadcrumbList\",\"@id\":\"https:\/\/dev.antudigital.cl\/sites\/vc\/cartelera-teatro-munipal-de-vina-del-mar\/#breadcrumb\",\"itemListElement\":[{\"@type\":\"ListItem\",\"position\":1,\"name\":\"Home\",\"item\":\"https:\/\/dev.antudigital.cl\/sites\/vc\/\"},{\"@type\":\"ListItem\",\"position\":2,\"name\":\"Cartelera Teatro Munipal de Vi\u00f1a del Mar\"}]},{\"@type\":\"WebSite\",\"@id\":\"https:\/\/dev.antudigital.cl\/sites\/vc\/#website\",\"url\":\"https:\/\/dev.antudigital.cl\/sites\/vc\/\",\"name\":\"Valpara\u00ed\u00adso Creativo\",\"description\":\"\",\"potentialAction\":[{\"@type\":\"SearchAction\",\"target\":{\"@type\":\"EntryPoint\",\"urlTemplate\":\"https:\/\/dev.antudigital.cl\/sites\/vc\/?s={search_term_string}\"},\"query-input\":{\"@type\":\"PropertyValueSpecification\",\"valueRequired\":true,\"valueName\":\"search_term_string\"}}],\"inLanguage\":\"es\"},{\"@type\":\"Person\",\"@id\":\"https:\/\/dev.antudigital.cl\/sites\/vc\/#\/schema\/person\/c2b9da8dd545e27166fc5ab232837318\",\"name\":\"Valpara\u00edso Creativo\",\"description\":\"Periodista de cultura en la Regi\u00f3n de Valpara\u00edso.\",\"url\":\"https:\/\/dev.antudigital.cl\/sites\/vc\/author\/valpoadmin\/\"}]}<\/script>\n<!-- \/ Yoast SEO plugin. -->","yoast_head_json":{"title":"Cartelera Teatro Munipal de Vi\u00f1a del Mar - Valpara\u00ed\u00adso Creativo","robots":{"index":"index","follow":"follow","max-snippet":"max-snippet:-1","max-image-preview":"max-image-preview:large","max-video-preview":"max-video-preview:-1"},"canonical":"https:\/\/dev.antudigital.cl\/sites\/vc\/cartelera-teatro-munipal-de-vina-del-mar\/","og_locale":"es_ES","og_type":"article","og_title":"Cartelera Teatro Munipal de Vi\u00f1a del Mar - Valpara\u00ed\u00adso Creativo","og_description":"El Municipio de Cuidados se complace en presentar la cartelera de agosto del Teatro Municipal. Este mes, ofrecemos una programaci\u00f3n diversa y emocionante para todos los gustos. No te pierdas la obra familiar \u201cPapelucho Casi, Caaasi Hu\u00e9rfano\u201d, de la Compa\u00f1\u00eda Teatro del Canto, el en\u00e9rgico espect\u00e1culo de Illapu con \u201cEl Grito de la Raza\u201d, y [&hellip;]","og_url":"https:\/\/dev.antudigital.cl\/sites\/vc\/cartelera-teatro-munipal-de-vina-del-mar\/","og_site_name":"Valpara\u00ed\u00adso Creativo","article_published_time":"2024-08-05T22:51:28+00:00","article_modified_time":"2024-08-05T22:51:51+00:00","og_image":[{"width":623,"height":626,"url":"https:\/\/dev.antudigital.cl\/sites\/vc\/wp-content\/uploads\/2024\/08\/Captura-de-Pantalla-2024-08-05-a-las-18.48.17.png","type":"image\/png"}],"author":"Valpara\u00edso Creativo","twitter_card":"summary_large_image","twitter_misc":{"Escrito por":"Valpara\u00edso Creativo","Tiempo de lectura":"2 minutos"},"schema":{"@context":"https:\/\/schema.org","@graph":[{"@type":"Article","@id":"https:\/\/dev.antudigital.cl\/sites\/vc\/cartelera-teatro-munipal-de-vina-del-mar\/#article","isPartOf":{"@id":"https:\/\/dev.antudigital.cl\/sites\/vc\/cartelera-teatro-munipal-de-vina-del-mar\/"},"author":{"name":"Valpara\u00edso Creativo","@id":"https:\/\/dev.antudigital.cl\/sites\/vc\/#\/schema\/person\/c2b9da8dd545e27166fc5ab232837318"},"headline":"Cartelera Teatro Munipal de Vi\u00f1a del Mar","datePublished":"2024-08-05T22:51:28+00:00","dateModified":"2024-08-05T22:51:51+00:00","mainEntityOfPage":{"@id":"https:\/\/dev.antudigital.cl\/sites\/vc\/cartelera-teatro-munipal-de-vina-del-mar\/"},"wordCount":243,"image":{"@id":"https:\/\/dev.antudigital.cl\/sites\/vc\/cartelera-teatro-munipal-de-vina-del-mar\/#primaryimage"},"thumbnailUrl":"https:\/\/dev.antudigital.cl\/sites\/vc\/wp-content\/uploads\/2024\/08\/Captura-de-Pantalla-2024-08-05-a-las-18.48.17.png","articleSection":["Noticia"],"inLanguage":"es"},{"@type":"WebPage","@id":"https:\/\/dev.antudigital.cl\/sites\/vc\/cartelera-teatro-munipal-de-vina-del-mar\/","url":"https:\/\/dev.antudigital.cl\/sites\/vc\/cartelera-teatro-munipal-de-vina-del-mar\/","name":"Cartelera Teatro Munipal de Vi\u00f1a del Mar - Valpara\u00ed\u00adso Creativo","isPartOf":{"@id":"https:\/\/dev.antudigital.cl\/sites\/vc\/#website"},"primaryImageOfPage":{"@id":"https:\/\/dev.antudigital.cl\/sites\/vc\/cartelera-teatro-munipal-de-vina-del-mar\/#primaryimage"},"image":{"@id":"https:\/\/dev.antudigital.cl\/sites\/vc\/cartelera-teatro-munipal-de-vina-del-mar\/#primaryimage"},"thumbnailUrl":"https:\/\/dev.antudigital.cl\/sites\/vc\/wp-content\/uploads\/2024\/08\/Captura-de-Pantalla-2024-08-05-a-las-18.48.17.png","datePublished":"2024-08-05T22:51:28+00:00","dateModified":"2024-08-05T22:51:51+00:00","author":{"@id":"https:\/\/dev.antudigital.cl\/sites\/vc\/#\/schema\/person\/c2b9da8dd545e27166fc5ab232837318"},"breadcrumb":{"@id":"https:\/\/dev.antudigital.cl\/sites\/vc\/cartelera-teatro-munipal-de-vina-del-mar\/#breadcrumb"},"inLanguage":"es","potentialAction":[{"@type":"ReadAction","target":["https:\/\/dev.antudigital.cl\/sites\/vc\/cartelera-teatro-munipal-de-vina-del-mar\/"]}]},{"@type":"ImageObject","inLanguage":"es","@id":"https:\/\/dev.antudigital.cl\/sites\/vc\/cartelera-teatro-munipal-de-vina-del-mar\/#primaryimage","url":"https:\/\/dev.antudigital.cl\/sites\/vc\/wp-content\/uploads\/2024\/08\/Captura-de-Pantalla-2024-08-05-a-las-18.48.17.png","contentUrl":"https:\/\/dev.antudigital.cl\/sites\/vc\/wp-content\/uploads\/2024\/08\/Captura-de-Pantalla-2024-08-05-a-las-18.48.17.png","width":623,"height":626},{"@type":"BreadcrumbList","@id":"https:\/\/dev.antudigital.cl\/sites\/vc\/cartelera-teatro-munipal-de-vina-del-mar\/#breadcrumb","itemListElement":[{"@type":"ListItem","position":1,"name":"Home","item":"https:\/\/dev.antudigital.cl\/sites\/vc\/"},{"@type":"ListItem","position":2,"name":"Cartelera Teatro Munipal de Vi\u00f1a del Mar"}]},{"@type":"WebSite","@id":"https:\/\/dev.antudigital.cl\/sites\/vc\/#website","url":"https:\/\/dev.antudigital.cl\/sites\/vc\/","name":"Valpara\u00ed\u00adso Creativo","description":"","potentialAction":[{"@type":"SearchAction","target":{"@type":"EntryPoint","urlTemplate":"https:\/\/dev.antudigital.cl\/sites\/vc\/?s={search_term_string}"},"query-input":{"@type":"PropertyValueSpecification","valueRequired":true,"valueName":"search_term_string"}}],"inLanguage":"es"},{"@type":"Person","@id":"https:\/\/dev.antudigital.cl\/sites\/vc\/#\/schema\/person\/c2b9da8dd545e27166fc5ab232837318","name":"Valpara\u00edso Creativo","description":"Periodista de cultura en la Regi\u00f3n de Valpara\u00edso.","url":"https:\/\/dev.antudigital.cl\/sites\/vc\/author\/valpoadmin\/"}]}},"_links":{"self":[{"href":"https:\/\/dev.antudigital.cl\/sites\/vc\/wp-json\/wp\/v2\/posts\/19920","targetHints":{"allow":["GET"]}}],"collection":[{"href":"https:\/\/dev.antudigital.cl\/sites\/vc\/wp-json\/wp\/v2\/posts"}],"about":[{"href":"https:\/\/dev.antudigital.cl\/sites\/vc\/wp-json\/wp\/v2\/types\/post"}],"author":[{"embeddable":true,"href":"https:\/\/dev.antudigital.cl\/sites\/vc\/wp-json\/wp\/v2\/users\/1"}],"replies":[{"embeddable":true,"href":"https:\/\/dev.antudigital.cl\/sites\/vc\/wp-json\/wp\/v2\/comments?post=19920"}],"version-history":[{"count":1,"href":"https:\/\/dev.antudigital.cl\/sites\/vc\/wp-json\/wp\/v2\/posts\/19920\/revisions"}],"predecessor-version":[{"id":19922,"href":"https:\/\/dev.antudigital.cl\/sites\/vc\/wp-json\/wp\/v2\/posts\/19920\/revisions\/19922"}],"wp:featuredmedia":[{"embeddable":true,"href":"https:\/\/dev.antudigital.cl\/sites\/vc\/wp-json\/wp\/v2\/media\/19921"}],"wp:attachment":[{"href":"https:\/\/dev.antudigital.cl\/sites\/vc\/wp-json\/wp\/v2\/media?parent=19920"}],"wp:term":[{"taxonomy":"category","embeddable":true,"href":"https:\/\/dev.antudigital.cl\/sites\/vc\/wp-json\/wp\/v2\/categories?post=19920"},{"taxonomy":"post_tag","embeddable":true,"href":"https:\/\/dev.antudigital.cl\/sites\/vc\/wp-json\/wp\/v2\/tags?post=19920"}],"curies":[{"name":"wp","href":"https:\/\/api.w.org\/{rel}","templated":true}]}}