{"id":19926,"date":"2024-08-05T23:01:36","date_gmt":"2024-08-05T23:01:36","guid":{"rendered":"https:\/\/www.valparaisocreativo.cl\/?p=19926"},"modified":"2024-08-05T23:02:01","modified_gmt":"2024-08-05T23:02:01","slug":"junto-a-instituto-arcos-te-invitamos-a-disfrutar-y-conocer-mas-sobre-el-mes-de-la-fotografia","status":"publish","type":"post","link":"https:\/\/dev.antudigital.cl\/sites\/vc\/junto-a-instituto-arcos-te-invitamos-a-disfrutar-y-conocer-mas-sobre-el-mes-de-la-fotografia\/","title":{"rendered":"Junto a Instituto ARCOS, te invitamos a disfrutar y conocer m\u00e1s sobre el Mes de la Fotograf\u00eda"},"content":{"rendered":"\n<p>Fotograf\u00eda de: Claudio Garc\u00eda<\/p>\n\n\n\n<p>Llega agosto y con eso el Mes de la Fotograf\u00eda, disciplina que tiene gran espacio en Valpara\u00edso. La ciudad puerto, por sus caracter\u00edsticas, ha sido lugar de vanguardias en m\u00faltiples disciplinas art\u00edsticas, como lo es la fotograf\u00eda. A\u00f1o tras a\u00f1o, obras emergen desde la zona y los colores de los cerros y el mar son parte de un imaginario que llama a artistas audiovisuales de todas partes del mundo.<\/p>\n\n\n\n<p>El origen de este arte se remonta al 19 de agosto de 1839, fecha hist\u00f3rica en la que Louis Daguerre present\u00f3 el daguerrotipo en Francia. El invento revolucion\u00f3 al mundo y marc\u00f3 el nacimiento de la fotograf\u00eda como la conocemos, abriendo las posibilidades a retratar, registrar y crear desde la misma.<\/p>\n\n\n\n<figure class=\"wp-block-image size-large is-resized\"><img fetchpriority=\"high\" decoding=\"async\" width=\"682\" height=\"1024\" src=\"https:\/\/www.valparaisocreativo.cl\/wp-content\/uploads\/2024\/08\/2-Jesus-Gonzalez-Segundo-Lugar-Camara-Fotomaraton-682x1024.jpeg\" alt=\"\" class=\"wp-image-19928\" style=\"width:823px;height:auto\" srcset=\"https:\/\/dev.antudigital.cl\/sites\/vc\/wp-content\/uploads\/2024\/08\/2-Jesus-Gonzalez-Segundo-Lugar-Camara-Fotomaraton-682x1024.jpeg 682w, https:\/\/dev.antudigital.cl\/sites\/vc\/wp-content\/uploads\/2024\/08\/2-Jesus-Gonzalez-Segundo-Lugar-Camara-Fotomaraton-200x300.jpeg 200w, https:\/\/dev.antudigital.cl\/sites\/vc\/wp-content\/uploads\/2024\/08\/2-Jesus-Gonzalez-Segundo-Lugar-Camara-Fotomaraton-768x1153.jpeg 768w, https:\/\/dev.antudigital.cl\/sites\/vc\/wp-content\/uploads\/2024\/08\/2-Jesus-Gonzalez-Segundo-Lugar-Camara-Fotomaraton-1023x1536.jpeg 1023w, https:\/\/dev.antudigital.cl\/sites\/vc\/wp-content\/uploads\/2024\/08\/2-Jesus-Gonzalez-Segundo-Lugar-Camara-Fotomaraton-980x1471.jpeg 980w, https:\/\/dev.antudigital.cl\/sites\/vc\/wp-content\/uploads\/2024\/08\/2-Jesus-Gonzalez-Segundo-Lugar-Camara-Fotomaraton-480x720.jpeg 480w, https:\/\/dev.antudigital.cl\/sites\/vc\/wp-content\/uploads\/2024\/08\/2-Jesus-Gonzalez-Segundo-Lugar-Camara-Fotomaraton-16x24.jpeg 16w, https:\/\/dev.antudigital.cl\/sites\/vc\/wp-content\/uploads\/2024\/08\/2-Jesus-Gonzalez-Segundo-Lugar-Camara-Fotomaraton-24x36.jpeg 24w, https:\/\/dev.antudigital.cl\/sites\/vc\/wp-content\/uploads\/2024\/08\/2-Jesus-Gonzalez-Segundo-Lugar-Camara-Fotomaraton-32x48.jpeg 32w, https:\/\/dev.antudigital.cl\/sites\/vc\/wp-content\/uploads\/2024\/08\/2-Jesus-Gonzalez-Segundo-Lugar-Camara-Fotomaraton.jpeg 1066w\" sizes=\"(max-width: 682px) 100vw, 682px\" \/><\/figure>\n\n\n\n<p>Fotograf\u00eda de Jes\u00fas Gonz\u00e1lez.<\/p>\n\n\n\n<p>Con el tiempo, la fotograf\u00eda ha ganado su espacio y reputaci\u00f3n, siendo Valpara\u00edso una sede de esta expresi\u00f3n, con m\u00faltiples autores que han inspirado su trabajo en la ciudad o han ejercido desde aqu\u00ed. Sergio Larra\u00edn es un gran ejemplo de ello, e instancias como el Festival Internacional de Fotograf\u00eda en Valpara\u00edso son pruebas de lo viva que est\u00e1 la escena local.<\/p>\n\n\n\n<p>En este sentido, hay otras actividades que se han instaurado desde la regi\u00f3n, movilizando a realizadores\/as de todo el pa\u00eds a crear, pensar y compartir sus obras.<\/p>\n\n\n\n<p><strong>INICIATIVAS DE I. P. ARCOS EN MES DE LA FOTOGRAF\u00cdA<\/strong><\/p>\n\n\n\n<p>Este a\u00f1o, uno de los eventos que se propone realizar una masiva celebraci\u00f3n en la ciudad en torno a la fotograf\u00eda es <strong>FOTOMARAT\u00d3N<\/strong>, el concurso de fotograf\u00eda urbana donde cualquier aficionado\/a a la imagen puede participar, capturando retratos de Valpara\u00edso, con su <strong>C\u00e1mara Fotogr\u00e1fica<\/strong> o de <strong>Celular<\/strong>. Este concurso es organizado por el Instituto Profesional ARCOS, a trav\u00e9s de su Escuela de Fotograf\u00eda y Vinculaci\u00f3n con el Medio, y en su versi\u00f3n n\u00famero 16 busca cautivar a residentes y visitantes con una competencia fotogr\u00e1fica al estilo marat\u00f3n, en un \u00fanico e intensivo d\u00eda, el pr\u00f3ximo s\u00e1bado 24 de agosto.&nbsp;<\/p>\n\n\n\n<figure class=\"wp-block-image size-large\"><img decoding=\"async\" width=\"1024\" height=\"576\" src=\"https:\/\/www.valparaisocreativo.cl\/wp-content\/uploads\/2024\/08\/image_123650291-2-1024x576.jpg\" alt=\"\" class=\"wp-image-19929\" srcset=\"https:\/\/dev.antudigital.cl\/sites\/vc\/wp-content\/uploads\/2024\/08\/image_123650291-2-1024x576.jpg 1024w, https:\/\/dev.antudigital.cl\/sites\/vc\/wp-content\/uploads\/2024\/08\/image_123650291-2-300x169.jpg 300w, https:\/\/dev.antudigital.cl\/sites\/vc\/wp-content\/uploads\/2024\/08\/image_123650291-2-768x432.jpg 768w, https:\/\/dev.antudigital.cl\/sites\/vc\/wp-content\/uploads\/2024\/08\/image_123650291-2-1080x607.jpg 1080w, https:\/\/dev.antudigital.cl\/sites\/vc\/wp-content\/uploads\/2024\/08\/image_123650291-2-1280x720.jpg 1280w, https:\/\/dev.antudigital.cl\/sites\/vc\/wp-content\/uploads\/2024\/08\/image_123650291-2-980x551.jpg 980w, https:\/\/dev.antudigital.cl\/sites\/vc\/wp-content\/uploads\/2024\/08\/image_123650291-2-480x270.jpg 480w, https:\/\/dev.antudigital.cl\/sites\/vc\/wp-content\/uploads\/2024\/08\/image_123650291-2-24x13.jpg 24w, https:\/\/dev.antudigital.cl\/sites\/vc\/wp-content\/uploads\/2024\/08\/image_123650291-2-36x20.jpg 36w, https:\/\/dev.antudigital.cl\/sites\/vc\/wp-content\/uploads\/2024\/08\/image_123650291-2-48x27.jpg 48w, https:\/\/dev.antudigital.cl\/sites\/vc\/wp-content\/uploads\/2024\/08\/image_123650291-2.jpg 1334w\" sizes=\"(max-width: 1024px) 100vw, 1024px\" \/><\/figure>\n\n\n\n<p>Para esta versi\u00f3n, FOTOMARAT\u00d3N nuevamente cuenta con la colaboraci\u00f3n del Centro de Extensi\u00f3n del Ministerio de las Culturas, las Artes y el Patrimonio, Centex, que ser\u00e1 la sede del evento, el cual iniciar\u00e1 a contar de las 10:00 horas, albergando diversas actividades, desde la entrega de n\u00fameros a los competidores, impresi\u00f3n, exhibici\u00f3n de las im\u00e1genes hasta la premiaci\u00f3n, as\u00ed como tambi\u00e9n muestra de documentales de fotograf\u00eda durante la jornada. La inscripci\u00f3n es gratuita y pueden participar todas las personas apasionadas por la fotograf\u00eda, sin requisito de experiencia previa. Las bases del certamen e inscripciones est\u00e1n disponibles en el sitio web oficial arcos.cl, hasta el 21 de agosto.&nbsp;<\/p>\n\n\n\n<p><strong>IMAGEN EN LLAMAS<\/strong><\/p>\n\n\n\n<p>Un hito para la Escuela con sede en Vi\u00f1a del Mar durante agosto fue el lanzamiento del fotolibro <strong><em>Imagen en Llamas<\/em><\/strong>, en el marco de la 3\u00b0 Encuentro y Feria del Fotolibro Latinoamericana STGOFOTO. La publicaci\u00f3n destaca por ser un trabajo colectivo de j\u00f3venes fot\u00f3grafos\/as del Instituto, que entretejen sus relatos visuales con los archivos del joven fot\u00f3grafo Rodrigo Rojas de Negri, configurando un esencial y sensible aporte de memoria desde la fotograf\u00eda. Este proyecto, que prepara nuevas presentaciones en la ciudad, cont\u00f3 con la colaboraci\u00f3n de Ver\u00f3nica de Negri y se encuentra disponible escribiendo al contacto: <a href=\"mailto:daniela.bertolini@arcos.cl\">daniela.bertolini@arcos.cl<\/a>.&nbsp;<\/p>\n\n\n\n<p>Mientras que desde Aguaderramada, la editorial de ARCOS, destacan nuevos lanzamientos, como el del fotolibro <strong><em>Patina o muere<\/em><\/strong>, de Laura Torres, que tambi\u00e9n tuvo su debut en el evento STGOFOTO. Este cat\u00e1logo completo se encontrar\u00e1 asequible, de forma f\u00edsica, en el Instituto a partir del 19 de agosto y de forma online, a trav\u00e9s del contacto: <a href=\"mailto:aguaderramada@arcos.cl\">aguaderramada@arcos.cl<\/a>&nbsp;<\/p>\n\n\n\n<figure class=\"wp-block-image size-large\"><img decoding=\"async\" width=\"768\" height=\"1024\" src=\"https:\/\/www.valparaisocreativo.cl\/wp-content\/uploads\/2024\/08\/image_123650291-3-768x1024.jpg\" alt=\"\" class=\"wp-image-19930\" srcset=\"https:\/\/dev.antudigital.cl\/sites\/vc\/wp-content\/uploads\/2024\/08\/image_123650291-3-768x1024.jpg 768w, https:\/\/dev.antudigital.cl\/sites\/vc\/wp-content\/uploads\/2024\/08\/image_123650291-3-225x300.jpg 225w, https:\/\/dev.antudigital.cl\/sites\/vc\/wp-content\/uploads\/2024\/08\/image_123650291-3-1152x1536.jpg 1152w, https:\/\/dev.antudigital.cl\/sites\/vc\/wp-content\/uploads\/2024\/08\/image_123650291-3-1536x2048.jpg 1536w, https:\/\/dev.antudigital.cl\/sites\/vc\/wp-content\/uploads\/2024\/08\/image_123650291-3-1080x1440.jpg 1080w, https:\/\/dev.antudigital.cl\/sites\/vc\/wp-content\/uploads\/2024\/08\/image_123650291-3-1280x1707.jpg 1280w, https:\/\/dev.antudigital.cl\/sites\/vc\/wp-content\/uploads\/2024\/08\/image_123650291-3-980x1307.jpg 980w, https:\/\/dev.antudigital.cl\/sites\/vc\/wp-content\/uploads\/2024\/08\/image_123650291-3-480x640.jpg 480w, https:\/\/dev.antudigital.cl\/sites\/vc\/wp-content\/uploads\/2024\/08\/image_123650291-3-18x24.jpg 18w, https:\/\/dev.antudigital.cl\/sites\/vc\/wp-content\/uploads\/2024\/08\/image_123650291-3-27x36.jpg 27w, https:\/\/dev.antudigital.cl\/sites\/vc\/wp-content\/uploads\/2024\/08\/image_123650291-3-36x48.jpg 36w, https:\/\/dev.antudigital.cl\/sites\/vc\/wp-content\/uploads\/2024\/08\/image_123650291-3-scaled.jpg 1920w\" sizes=\"(max-width: 768px) 100vw, 768px\" \/><\/figure>\n\n\n\n<p>Otra de las inauguraciones que tendr\u00e1 agosto en esta disciplina, es la exposici\u00f3n <strong><em>Viral Violence<\/em><\/strong>, en Balmaceda Arte Joven Valpara\u00edso, el pr\u00f3ximo jueves 8 de agosto. Esta exhibici\u00f3n re\u00fane miradas y reflexiones que emergen de cinco proyectos a cargo de estudiantes de escuelas de arte de la regi\u00f3n, que confluyen en un ejercicio colaborativo que ser\u00e1 exhibido en esta ocasi\u00f3n, problematizando la imagen en el medio virtual.&nbsp;<\/p>\n\n\n\n<p>Una actividad, que desde <strong>Valpara\u00edso Creativo<\/strong> se apoya es <strong>Mek\u00e1nica. Encuentro de Fotograf\u00eda<\/strong>, a realizarse el 24 y 25 de agosto en Centex. El evento convoca a su primera edici\u00f3n que busca reunir a fot\u00f3grafos, editores, coleccionistas y m\u00e1s, dise\u00f1ado para proporcionar una plataforma de intercambio cultural y fomentar la creatividad, expandiendo el conocimiento sobre la fotograf\u00eda y la producci\u00f3n editorial.<\/p>\n","protected":false},"excerpt":{"rendered":"<p>Fotograf\u00eda de: Claudio Garc\u00eda Llega agosto y con eso el Mes de la Fotograf\u00eda, disciplina que tiene gran espacio en Valpara\u00edso. La ciudad puerto, por sus caracter\u00edsticas, ha sido lugar de vanguardias en m\u00faltiples disciplinas art\u00edsticas, como lo es la fotograf\u00eda. A\u00f1o tras a\u00f1o, obras emergen desde la zona y los colores de los cerros [&hellip;]<\/p>\n","protected":false},"author":1,"featured_media":19927,"comment_status":"closed","ping_status":"closed","sticky":false,"template":"","format":"standard","meta":{"_acf_changed":false,"footnotes":""},"categories":[218],"tags":[],"class_list":["post-19926","post","type-post","status-publish","format-standard","has-post-thumbnail","hentry","category-blog"],"acf":[],"yoast_head":"<!-- This site is optimized with the Yoast SEO plugin v27.1.1 - https:\/\/yoast.com\/product\/yoast-seo-wordpress\/ -->\n<title>Junto a Instituto ARCOS, te invitamos a disfrutar y conocer m\u00e1s sobre el Mes de la Fotograf\u00eda - Valpara\u00ed\u00adso Creativo<\/title>\n<meta name=\"robots\" content=\"index, follow, max-snippet:-1, max-image-preview:large, max-video-preview:-1\" \/>\n<link rel=\"canonical\" href=\"https:\/\/dev.antudigital.cl\/sites\/vc\/junto-a-instituto-arcos-te-invitamos-a-disfrutar-y-conocer-mas-sobre-el-mes-de-la-fotografia\/\" \/>\n<meta property=\"og:locale\" content=\"es_ES\" \/>\n<meta property=\"og:type\" content=\"article\" \/>\n<meta property=\"og:title\" content=\"Junto a Instituto ARCOS, te invitamos a disfrutar y conocer m\u00e1s sobre el Mes de la Fotograf\u00eda - Valpara\u00ed\u00adso Creativo\" \/>\n<meta property=\"og:description\" content=\"Fotograf\u00eda de: Claudio Garc\u00eda Llega agosto y con eso el Mes de la Fotograf\u00eda, disciplina que tiene gran espacio en Valpara\u00edso. La ciudad puerto, por sus caracter\u00edsticas, ha sido lugar de vanguardias en m\u00faltiples disciplinas art\u00edsticas, como lo es la fotograf\u00eda. A\u00f1o tras a\u00f1o, obras emergen desde la zona y los colores de los cerros [&hellip;]\" \/>\n<meta property=\"og:url\" content=\"https:\/\/dev.antudigital.cl\/sites\/vc\/junto-a-instituto-arcos-te-invitamos-a-disfrutar-y-conocer-mas-sobre-el-mes-de-la-fotografia\/\" \/>\n<meta property=\"og:site_name\" content=\"Valpara\u00ed\u00adso Creativo\" \/>\n<meta property=\"article:published_time\" content=\"2024-08-05T23:01:36+00:00\" \/>\n<meta property=\"article:modified_time\" content=\"2024-08-05T23:02:01+00:00\" \/>\n<meta property=\"og:image\" content=\"https:\/\/dev.antudigital.cl\/sites\/vc\/wp-content\/uploads\/2024\/08\/1-Claudio-garcia-primer-lugar-Camara-C.jpg\" \/>\n\t<meta property=\"og:image:width\" content=\"2048\" \/>\n\t<meta property=\"og:image:height\" content=\"1498\" \/>\n\t<meta property=\"og:image:type\" content=\"image\/jpeg\" \/>\n<meta name=\"author\" content=\"Valpara\u00edso Creativo\" \/>\n<meta name=\"twitter:card\" content=\"summary_large_image\" \/>\n<meta name=\"twitter:label1\" content=\"Escrito por\" \/>\n\t<meta name=\"twitter:data1\" content=\"Valpara\u00edso Creativo\" \/>\n\t<meta name=\"twitter:label2\" content=\"Tiempo de lectura\" \/>\n\t<meta name=\"twitter:data2\" content=\"5 minutos\" \/>\n<script type=\"application\/ld+json\" class=\"yoast-schema-graph\">{\"@context\":\"https:\/\/schema.org\",\"@graph\":[{\"@type\":\"Article\",\"@id\":\"https:\/\/dev.antudigital.cl\/sites\/vc\/junto-a-instituto-arcos-te-invitamos-a-disfrutar-y-conocer-mas-sobre-el-mes-de-la-fotografia\/#article\",\"isPartOf\":{\"@id\":\"https:\/\/dev.antudigital.cl\/sites\/vc\/junto-a-instituto-arcos-te-invitamos-a-disfrutar-y-conocer-mas-sobre-el-mes-de-la-fotografia\/\"},\"author\":{\"name\":\"Valpara\u00edso Creativo\",\"@id\":\"https:\/\/dev.antudigital.cl\/sites\/vc\/#\/schema\/person\/c2b9da8dd545e27166fc5ab232837318\"},\"headline\":\"Junto a Instituto ARCOS, te invitamos a disfrutar y conocer m\u00e1s sobre el Mes de la Fotograf\u00eda\",\"datePublished\":\"2024-08-05T23:01:36+00:00\",\"dateModified\":\"2024-08-05T23:02:01+00:00\",\"mainEntityOfPage\":{\"@id\":\"https:\/\/dev.antudigital.cl\/sites\/vc\/junto-a-instituto-arcos-te-invitamos-a-disfrutar-y-conocer-mas-sobre-el-mes-de-la-fotografia\/\"},\"wordCount\":827,\"image\":{\"@id\":\"https:\/\/dev.antudigital.cl\/sites\/vc\/junto-a-instituto-arcos-te-invitamos-a-disfrutar-y-conocer-mas-sobre-el-mes-de-la-fotografia\/#primaryimage\"},\"thumbnailUrl\":\"https:\/\/dev.antudigital.cl\/sites\/vc\/wp-content\/uploads\/2024\/08\/1-Claudio-garcia-primer-lugar-Camara-C.jpg\",\"articleSection\":[\"Blog\"],\"inLanguage\":\"es\"},{\"@type\":\"WebPage\",\"@id\":\"https:\/\/dev.antudigital.cl\/sites\/vc\/junto-a-instituto-arcos-te-invitamos-a-disfrutar-y-conocer-mas-sobre-el-mes-de-la-fotografia\/\",\"url\":\"https:\/\/dev.antudigital.cl\/sites\/vc\/junto-a-instituto-arcos-te-invitamos-a-disfrutar-y-conocer-mas-sobre-el-mes-de-la-fotografia\/\",\"name\":\"Junto a Instituto ARCOS, te invitamos a disfrutar y conocer m\u00e1s sobre el Mes de la Fotograf\u00eda - Valpara\u00ed\u00adso Creativo\",\"isPartOf\":{\"@id\":\"https:\/\/dev.antudigital.cl\/sites\/vc\/#website\"},\"primaryImageOfPage\":{\"@id\":\"https:\/\/dev.antudigital.cl\/sites\/vc\/junto-a-instituto-arcos-te-invitamos-a-disfrutar-y-conocer-mas-sobre-el-mes-de-la-fotografia\/#primaryimage\"},\"image\":{\"@id\":\"https:\/\/dev.antudigital.cl\/sites\/vc\/junto-a-instituto-arcos-te-invitamos-a-disfrutar-y-conocer-mas-sobre-el-mes-de-la-fotografia\/#primaryimage\"},\"thumbnailUrl\":\"https:\/\/dev.antudigital.cl\/sites\/vc\/wp-content\/uploads\/2024\/08\/1-Claudio-garcia-primer-lugar-Camara-C.jpg\",\"datePublished\":\"2024-08-05T23:01:36+00:00\",\"dateModified\":\"2024-08-05T23:02:01+00:00\",\"author\":{\"@id\":\"https:\/\/dev.antudigital.cl\/sites\/vc\/#\/schema\/person\/c2b9da8dd545e27166fc5ab232837318\"},\"breadcrumb\":{\"@id\":\"https:\/\/dev.antudigital.cl\/sites\/vc\/junto-a-instituto-arcos-te-invitamos-a-disfrutar-y-conocer-mas-sobre-el-mes-de-la-fotografia\/#breadcrumb\"},\"inLanguage\":\"es\",\"potentialAction\":[{\"@type\":\"ReadAction\",\"target\":[\"https:\/\/dev.antudigital.cl\/sites\/vc\/junto-a-instituto-arcos-te-invitamos-a-disfrutar-y-conocer-mas-sobre-el-mes-de-la-fotografia\/\"]}]},{\"@type\":\"ImageObject\",\"inLanguage\":\"es\",\"@id\":\"https:\/\/dev.antudigital.cl\/sites\/vc\/junto-a-instituto-arcos-te-invitamos-a-disfrutar-y-conocer-mas-sobre-el-mes-de-la-fotografia\/#primaryimage\",\"url\":\"https:\/\/dev.antudigital.cl\/sites\/vc\/wp-content\/uploads\/2024\/08\/1-Claudio-garcia-primer-lugar-Camara-C.jpg\",\"contentUrl\":\"https:\/\/dev.antudigital.cl\/sites\/vc\/wp-content\/uploads\/2024\/08\/1-Claudio-garcia-primer-lugar-Camara-C.jpg\",\"width\":2048,\"height\":1498},{\"@type\":\"BreadcrumbList\",\"@id\":\"https:\/\/dev.antudigital.cl\/sites\/vc\/junto-a-instituto-arcos-te-invitamos-a-disfrutar-y-conocer-mas-sobre-el-mes-de-la-fotografia\/#breadcrumb\",\"itemListElement\":[{\"@type\":\"ListItem\",\"position\":1,\"name\":\"Home\",\"item\":\"https:\/\/dev.antudigital.cl\/sites\/vc\/\"},{\"@type\":\"ListItem\",\"position\":2,\"name\":\"Junto a Instituto ARCOS, te invitamos a disfrutar y conocer m\u00e1s sobre el Mes de la Fotograf\u00eda\"}]},{\"@type\":\"WebSite\",\"@id\":\"https:\/\/dev.antudigital.cl\/sites\/vc\/#website\",\"url\":\"https:\/\/dev.antudigital.cl\/sites\/vc\/\",\"name\":\"Valpara\u00ed\u00adso Creativo\",\"description\":\"\",\"potentialAction\":[{\"@type\":\"SearchAction\",\"target\":{\"@type\":\"EntryPoint\",\"urlTemplate\":\"https:\/\/dev.antudigital.cl\/sites\/vc\/?s={search_term_string}\"},\"query-input\":{\"@type\":\"PropertyValueSpecification\",\"valueRequired\":true,\"valueName\":\"search_term_string\"}}],\"inLanguage\":\"es\"},{\"@type\":\"Person\",\"@id\":\"https:\/\/dev.antudigital.cl\/sites\/vc\/#\/schema\/person\/c2b9da8dd545e27166fc5ab232837318\",\"name\":\"Valpara\u00edso Creativo\",\"description\":\"Periodista de cultura en la Regi\u00f3n de Valpara\u00edso.\",\"url\":\"https:\/\/dev.antudigital.cl\/sites\/vc\/author\/valpoadmin\/\"}]}<\/script>\n<!-- \/ Yoast SEO plugin. -->","yoast_head_json":{"title":"Junto a Instituto ARCOS, te invitamos a disfrutar y conocer m\u00e1s sobre el Mes de la Fotograf\u00eda - Valpara\u00ed\u00adso Creativo","robots":{"index":"index","follow":"follow","max-snippet":"max-snippet:-1","max-image-preview":"max-image-preview:large","max-video-preview":"max-video-preview:-1"},"canonical":"https:\/\/dev.antudigital.cl\/sites\/vc\/junto-a-instituto-arcos-te-invitamos-a-disfrutar-y-conocer-mas-sobre-el-mes-de-la-fotografia\/","og_locale":"es_ES","og_type":"article","og_title":"Junto a Instituto ARCOS, te invitamos a disfrutar y conocer m\u00e1s sobre el Mes de la Fotograf\u00eda - Valpara\u00ed\u00adso Creativo","og_description":"Fotograf\u00eda de: Claudio Garc\u00eda Llega agosto y con eso el Mes de la Fotograf\u00eda, disciplina que tiene gran espacio en Valpara\u00edso. La ciudad puerto, por sus caracter\u00edsticas, ha sido lugar de vanguardias en m\u00faltiples disciplinas art\u00edsticas, como lo es la fotograf\u00eda. A\u00f1o tras a\u00f1o, obras emergen desde la zona y los colores de los cerros [&hellip;]","og_url":"https:\/\/dev.antudigital.cl\/sites\/vc\/junto-a-instituto-arcos-te-invitamos-a-disfrutar-y-conocer-mas-sobre-el-mes-de-la-fotografia\/","og_site_name":"Valpara\u00ed\u00adso Creativo","article_published_time":"2024-08-05T23:01:36+00:00","article_modified_time":"2024-08-05T23:02:01+00:00","og_image":[{"width":2048,"height":1498,"url":"https:\/\/dev.antudigital.cl\/sites\/vc\/wp-content\/uploads\/2024\/08\/1-Claudio-garcia-primer-lugar-Camara-C.jpg","type":"image\/jpeg"}],"author":"Valpara\u00edso Creativo","twitter_card":"summary_large_image","twitter_misc":{"Escrito por":"Valpara\u00edso Creativo","Tiempo de lectura":"5 minutos"},"schema":{"@context":"https:\/\/schema.org","@graph":[{"@type":"Article","@id":"https:\/\/dev.antudigital.cl\/sites\/vc\/junto-a-instituto-arcos-te-invitamos-a-disfrutar-y-conocer-mas-sobre-el-mes-de-la-fotografia\/#article","isPartOf":{"@id":"https:\/\/dev.antudigital.cl\/sites\/vc\/junto-a-instituto-arcos-te-invitamos-a-disfrutar-y-conocer-mas-sobre-el-mes-de-la-fotografia\/"},"author":{"name":"Valpara\u00edso Creativo","@id":"https:\/\/dev.antudigital.cl\/sites\/vc\/#\/schema\/person\/c2b9da8dd545e27166fc5ab232837318"},"headline":"Junto a Instituto ARCOS, te invitamos a disfrutar y conocer m\u00e1s sobre el Mes de la Fotograf\u00eda","datePublished":"2024-08-05T23:01:36+00:00","dateModified":"2024-08-05T23:02:01+00:00","mainEntityOfPage":{"@id":"https:\/\/dev.antudigital.cl\/sites\/vc\/junto-a-instituto-arcos-te-invitamos-a-disfrutar-y-conocer-mas-sobre-el-mes-de-la-fotografia\/"},"wordCount":827,"image":{"@id":"https:\/\/dev.antudigital.cl\/sites\/vc\/junto-a-instituto-arcos-te-invitamos-a-disfrutar-y-conocer-mas-sobre-el-mes-de-la-fotografia\/#primaryimage"},"thumbnailUrl":"https:\/\/dev.antudigital.cl\/sites\/vc\/wp-content\/uploads\/2024\/08\/1-Claudio-garcia-primer-lugar-Camara-C.jpg","articleSection":["Blog"],"inLanguage":"es"},{"@type":"WebPage","@id":"https:\/\/dev.antudigital.cl\/sites\/vc\/junto-a-instituto-arcos-te-invitamos-a-disfrutar-y-conocer-mas-sobre-el-mes-de-la-fotografia\/","url":"https:\/\/dev.antudigital.cl\/sites\/vc\/junto-a-instituto-arcos-te-invitamos-a-disfrutar-y-conocer-mas-sobre-el-mes-de-la-fotografia\/","name":"Junto a Instituto ARCOS, te invitamos a disfrutar y conocer m\u00e1s sobre el Mes de la Fotograf\u00eda - Valpara\u00ed\u00adso Creativo","isPartOf":{"@id":"https:\/\/dev.antudigital.cl\/sites\/vc\/#website"},"primaryImageOfPage":{"@id":"https:\/\/dev.antudigital.cl\/sites\/vc\/junto-a-instituto-arcos-te-invitamos-a-disfrutar-y-conocer-mas-sobre-el-mes-de-la-fotografia\/#primaryimage"},"image":{"@id":"https:\/\/dev.antudigital.cl\/sites\/vc\/junto-a-instituto-arcos-te-invitamos-a-disfrutar-y-conocer-mas-sobre-el-mes-de-la-fotografia\/#primaryimage"},"thumbnailUrl":"https:\/\/dev.antudigital.cl\/sites\/vc\/wp-content\/uploads\/2024\/08\/1-Claudio-garcia-primer-lugar-Camara-C.jpg","datePublished":"2024-08-05T23:01:36+00:00","dateModified":"2024-08-05T23:02:01+00:00","author":{"@id":"https:\/\/dev.antudigital.cl\/sites\/vc\/#\/schema\/person\/c2b9da8dd545e27166fc5ab232837318"},"breadcrumb":{"@id":"https:\/\/dev.antudigital.cl\/sites\/vc\/junto-a-instituto-arcos-te-invitamos-a-disfrutar-y-conocer-mas-sobre-el-mes-de-la-fotografia\/#breadcrumb"},"inLanguage":"es","potentialAction":[{"@type":"ReadAction","target":["https:\/\/dev.antudigital.cl\/sites\/vc\/junto-a-instituto-arcos-te-invitamos-a-disfrutar-y-conocer-mas-sobre-el-mes-de-la-fotografia\/"]}]},{"@type":"ImageObject","inLanguage":"es","@id":"https:\/\/dev.antudigital.cl\/sites\/vc\/junto-a-instituto-arcos-te-invitamos-a-disfrutar-y-conocer-mas-sobre-el-mes-de-la-fotografia\/#primaryimage","url":"https:\/\/dev.antudigital.cl\/sites\/vc\/wp-content\/uploads\/2024\/08\/1-Claudio-garcia-primer-lugar-Camara-C.jpg","contentUrl":"https:\/\/dev.antudigital.cl\/sites\/vc\/wp-content\/uploads\/2024\/08\/1-Claudio-garcia-primer-lugar-Camara-C.jpg","width":2048,"height":1498},{"@type":"BreadcrumbList","@id":"https:\/\/dev.antudigital.cl\/sites\/vc\/junto-a-instituto-arcos-te-invitamos-a-disfrutar-y-conocer-mas-sobre-el-mes-de-la-fotografia\/#breadcrumb","itemListElement":[{"@type":"ListItem","position":1,"name":"Home","item":"https:\/\/dev.antudigital.cl\/sites\/vc\/"},{"@type":"ListItem","position":2,"name":"Junto a Instituto ARCOS, te invitamos a disfrutar y conocer m\u00e1s sobre el Mes de la Fotograf\u00eda"}]},{"@type":"WebSite","@id":"https:\/\/dev.antudigital.cl\/sites\/vc\/#website","url":"https:\/\/dev.antudigital.cl\/sites\/vc\/","name":"Valpara\u00ed\u00adso Creativo","description":"","potentialAction":[{"@type":"SearchAction","target":{"@type":"EntryPoint","urlTemplate":"https:\/\/dev.antudigital.cl\/sites\/vc\/?s={search_term_string}"},"query-input":{"@type":"PropertyValueSpecification","valueRequired":true,"valueName":"search_term_string"}}],"inLanguage":"es"},{"@type":"Person","@id":"https:\/\/dev.antudigital.cl\/sites\/vc\/#\/schema\/person\/c2b9da8dd545e27166fc5ab232837318","name":"Valpara\u00edso Creativo","description":"Periodista de cultura en la Regi\u00f3n de Valpara\u00edso.","url":"https:\/\/dev.antudigital.cl\/sites\/vc\/author\/valpoadmin\/"}]}},"_links":{"self":[{"href":"https:\/\/dev.antudigital.cl\/sites\/vc\/wp-json\/wp\/v2\/posts\/19926","targetHints":{"allow":["GET"]}}],"collection":[{"href":"https:\/\/dev.antudigital.cl\/sites\/vc\/wp-json\/wp\/v2\/posts"}],"about":[{"href":"https:\/\/dev.antudigital.cl\/sites\/vc\/wp-json\/wp\/v2\/types\/post"}],"author":[{"embeddable":true,"href":"https:\/\/dev.antudigital.cl\/sites\/vc\/wp-json\/wp\/v2\/users\/1"}],"replies":[{"embeddable":true,"href":"https:\/\/dev.antudigital.cl\/sites\/vc\/wp-json\/wp\/v2\/comments?post=19926"}],"version-history":[{"count":1,"href":"https:\/\/dev.antudigital.cl\/sites\/vc\/wp-json\/wp\/v2\/posts\/19926\/revisions"}],"predecessor-version":[{"id":19931,"href":"https:\/\/dev.antudigital.cl\/sites\/vc\/wp-json\/wp\/v2\/posts\/19926\/revisions\/19931"}],"wp:featuredmedia":[{"embeddable":true,"href":"https:\/\/dev.antudigital.cl\/sites\/vc\/wp-json\/wp\/v2\/media\/19927"}],"wp:attachment":[{"href":"https:\/\/dev.antudigital.cl\/sites\/vc\/wp-json\/wp\/v2\/media?parent=19926"}],"wp:term":[{"taxonomy":"category","embeddable":true,"href":"https:\/\/dev.antudigital.cl\/sites\/vc\/wp-json\/wp\/v2\/categories?post=19926"},{"taxonomy":"post_tag","embeddable":true,"href":"https:\/\/dev.antudigital.cl\/sites\/vc\/wp-json\/wp\/v2\/tags?post=19926"}],"curies":[{"name":"wp","href":"https:\/\/api.w.org\/{rel}","templated":true}]}}