{"id":19948,"date":"2024-08-08T21:11:25","date_gmt":"2024-08-08T21:11:25","guid":{"rendered":"https:\/\/www.valparaisocreativo.cl\/?p=19948"},"modified":"2024-08-08T21:11:46","modified_gmt":"2024-08-08T21:11:46","slug":"canciones-sepia-la-brigida-orquesta-estrena-nuevo-ep-y-comienza-una-gira-nacional","status":"publish","type":"post","link":"https:\/\/dev.antudigital.cl\/sites\/vc\/canciones-sepia-la-brigida-orquesta-estrena-nuevo-ep-y-comienza-una-gira-nacional\/","title":{"rendered":"\u201cCanciones Sepia\u201d:\u00a0La Br\u00edgida Orquesta estrena nuevo EP\u00a0y comienza una gira nacional"},"content":{"rendered":"\n<p>Con un nuevo material discogr\u00e1fico bajo el brazo, la agrupaci\u00f3n ganadora del\u00a0Pulsar 2024 a Mejor Artista Urbano comienza un tour de lanzamiento que los tendr\u00e1 present\u00e1ndose en distintas regiones del pa\u00eds, incluyendo un paso por el Teatro Coliseo en Santiago el 5 de septiembre. Las entradas para todos los shows ya est\u00e1n a la venta.<\/p>\n\n\n\n<p>\u201c<a href=\"https:\/\/bh1ik.r.sp1-brevo.net\/mk\/cl\/f\/sh\/SMK1E8tHeG7uii03T4R5MsIWoheg\/Yfv8UDgM2aqI\" target=\"_blank\" rel=\"noreferrer noopener\"><strong>Canciones Sepia<\/strong><\/a>\u201d es el nombre del esperado nuevo EP de<a href=\"https:\/\/bh1ik.r.sp1-brevo.net\/mk\/cl\/f\/sh\/SMK1E8tHeGEmAqp0eEaZShbGn0Ew\/t9eZ-fgSOFBJ\" target=\"_blank\" rel=\"noreferrer noopener\"><strong>La Br\u00edgida Orquesta<\/strong><\/a>. Compuesto por cuatro canciones marcadas por una tonalidad oto\u00f1al, poderosas reflexiones internas y los ya caracter\u00edsticos arreglos de vientos con aires de jazz, el estreno expande el universo sonoro de una de las agrupaciones m\u00e1s reconocidas de la actual escena chilena de la mano de la incorporaci\u00f3n de un cuarteto de cuerdas y de una aplaudida colaboraci\u00f3n con la rapera chilena&nbsp;<strong>Ana Tijoux<\/strong>&nbsp;en el single promocional \u201c<a href=\"https:\/\/bh1ik.r.sp1-brevo.net\/mk\/cl\/f\/sh\/SMK1E8tHeGLdczdxpOk3YWu0lIpC\/aHjdLi6RAHtE\" target=\"_blank\" rel=\"noreferrer noopener\"><strong>Acaecer<\/strong><\/a>\u201d.<\/p>\n\n\n\n<figure class=\"wp-block-image size-large\"><img fetchpriority=\"high\" decoding=\"async\" width=\"1024\" height=\"683\" src=\"https:\/\/www.valparaisocreativo.cl\/wp-content\/uploads\/2024\/08\/Foto-2-x-La-Choco-1024x683.jpg\" alt=\"\" class=\"wp-image-19950\" srcset=\"https:\/\/dev.antudigital.cl\/sites\/vc\/wp-content\/uploads\/2024\/08\/Foto-2-x-La-Choco-1024x683.jpg 1024w, https:\/\/dev.antudigital.cl\/sites\/vc\/wp-content\/uploads\/2024\/08\/Foto-2-x-La-Choco-300x200.jpg 300w, https:\/\/dev.antudigital.cl\/sites\/vc\/wp-content\/uploads\/2024\/08\/Foto-2-x-La-Choco-768x512.jpg 768w, https:\/\/dev.antudigital.cl\/sites\/vc\/wp-content\/uploads\/2024\/08\/Foto-2-x-La-Choco-1536x1024.jpg 1536w, https:\/\/dev.antudigital.cl\/sites\/vc\/wp-content\/uploads\/2024\/08\/Foto-2-x-La-Choco-2048x1365.jpg 2048w, https:\/\/dev.antudigital.cl\/sites\/vc\/wp-content\/uploads\/2024\/08\/Foto-2-x-La-Choco-1080x720.jpg 1080w, https:\/\/dev.antudigital.cl\/sites\/vc\/wp-content\/uploads\/2024\/08\/Foto-2-x-La-Choco-1280x854.jpg 1280w, https:\/\/dev.antudigital.cl\/sites\/vc\/wp-content\/uploads\/2024\/08\/Foto-2-x-La-Choco-980x653.jpg 980w, https:\/\/dev.antudigital.cl\/sites\/vc\/wp-content\/uploads\/2024\/08\/Foto-2-x-La-Choco-480x320.jpg 480w, https:\/\/dev.antudigital.cl\/sites\/vc\/wp-content\/uploads\/2024\/08\/Foto-2-x-La-Choco-24x16.jpg 24w, https:\/\/dev.antudigital.cl\/sites\/vc\/wp-content\/uploads\/2024\/08\/Foto-2-x-La-Choco-36x24.jpg 36w, https:\/\/dev.antudigital.cl\/sites\/vc\/wp-content\/uploads\/2024\/08\/Foto-2-x-La-Choco-48x32.jpg 48w\" sizes=\"(max-width: 1024px) 100vw, 1024px\" \/><\/figure>\n\n\n\n<p>Producido por el compositor, pianista y director de la banda,&nbsp;<strong>Gabo Paillao<\/strong>, \u201c<strong>Canciones Sepia<\/strong>\u201d refleja el aqu\u00ed y ahora de&nbsp;<strong>La Br\u00edgida Orquesta,&nbsp;<\/strong>un momento de introspecci\u00f3n que los inspira a desafiarse y a experimentar con nuevos recursos que enriquezcan la b\u00fasqueda art\u00edstica: \u201cEstas nuevas canciones son una buena compa\u00f1\u00eda para una vuelta a casa o un viaje en soledad\u201d, expresa&nbsp;<strong>Gabo&nbsp;<\/strong>sobre la identidad del \u00e1lbum, y agrega: \u201cNo nos atamos a una manera de hacer las cosas, al contrario, jugamos a ir m\u00e1s all\u00e1. Lo br\u00edgido tiene que ver con eso, con expansi\u00f3n. Este disco tiene una mano distinta, lo grabamos nosotros mismos y la mezcla por primera vez la hice yo. Sorpresas ac\u00e1 hay varias y esperamos que la gente lo disfrute tanto como nosotros\u201d.<\/p>\n\n\n\n<p>\u201c<strong>Canciones Sepia<\/strong>\u201d llega en un momento de gran reconocimiento para los m\u00fasicos, quienes fueron\u00a0galardonados en los pasados\u00a0<strong>Premios Pulsar<\/strong>\u00a0en la categor\u00eda\u00a0<strong>Mejor Artista Urbano<\/strong>\u00a0y que adem\u00e1s se encuentran ad portas de iniciar\u00a0<strong>una nueva gira por Chile<\/strong>: \u201cHa sido toda una sorpresa ganar este Pulsar. Viene a respaldar, de alguna manera, el trabajo de hormiga que venimos haciendo en estos 7 a\u00f1os de\u00a0<a href=\"https:\/\/bh1ik.r.sp1-brevo.net\/mk\/cl\/f\/sh\/SMK1E8tHeGSV58Sv0YtXeMCkjbPS\/yrkMSFv74Yw9\" target=\"_blank\" rel=\"noreferrer noopener\">La Br\u00edgida Orquesta<\/a>. Nos lo tomamos felices, preparando con harto cari\u00f1o las fechas de lanzamiento del EP que tendremos\u201d, detalla la banda.<\/p>\n\n\n\n<figure class=\"wp-block-image size-large\"><img decoding=\"async\" width=\"1024\" height=\"819\" src=\"https:\/\/www.valparaisocreativo.cl\/wp-content\/uploads\/2024\/08\/Foto-1-x-La-Choco-1024x819.jpg\" alt=\"\" class=\"wp-image-19949\" srcset=\"https:\/\/dev.antudigital.cl\/sites\/vc\/wp-content\/uploads\/2024\/08\/Foto-1-x-La-Choco-1024x819.jpg 1024w, https:\/\/dev.antudigital.cl\/sites\/vc\/wp-content\/uploads\/2024\/08\/Foto-1-x-La-Choco-300x240.jpg 300w, https:\/\/dev.antudigital.cl\/sites\/vc\/wp-content\/uploads\/2024\/08\/Foto-1-x-La-Choco-768x614.jpg 768w, https:\/\/dev.antudigital.cl\/sites\/vc\/wp-content\/uploads\/2024\/08\/Foto-1-x-La-Choco-1536x1229.jpg 1536w, https:\/\/dev.antudigital.cl\/sites\/vc\/wp-content\/uploads\/2024\/08\/Foto-1-x-La-Choco-2048x1638.jpg 2048w, https:\/\/dev.antudigital.cl\/sites\/vc\/wp-content\/uploads\/2024\/08\/Foto-1-x-La-Choco-1080x864.jpg 1080w, https:\/\/dev.antudigital.cl\/sites\/vc\/wp-content\/uploads\/2024\/08\/Foto-1-x-La-Choco-1280x1024.jpg 1280w, https:\/\/dev.antudigital.cl\/sites\/vc\/wp-content\/uploads\/2024\/08\/Foto-1-x-La-Choco-980x784.jpg 980w, https:\/\/dev.antudigital.cl\/sites\/vc\/wp-content\/uploads\/2024\/08\/Foto-1-x-La-Choco-480x384.jpg 480w, https:\/\/dev.antudigital.cl\/sites\/vc\/wp-content\/uploads\/2024\/08\/Foto-1-x-La-Choco-24x19.jpg 24w, https:\/\/dev.antudigital.cl\/sites\/vc\/wp-content\/uploads\/2024\/08\/Foto-1-x-La-Choco-36x29.jpg 36w, https:\/\/dev.antudigital.cl\/sites\/vc\/wp-content\/uploads\/2024\/08\/Foto-1-x-La-Choco-48x38.jpg 48w\" sizes=\"(max-width: 1024px) 100vw, 1024px\" \/><\/figure>\n\n\n\n<p>El tour de presentaci\u00f3n de \u201c<strong>Canciones Sepia<\/strong>\u201d comenzar\u00e1 este jueves 22 de agosto en el Teatro Regional Cervantes, de Valdivia, y continuar\u00e1 por Puerto Montt, Temuco, Santiago, Quilpu\u00e9, Iquique, Antofagasta, Chill\u00e1n y Concepci\u00f3n.\u00a0<a href=\"https:\/\/bh1ik.r.sp1-brevo.net\/mk\/cl\/f\/sh\/SMK1E8tHeGgDzQ6pMtCVq0oEgCZy\/QtsDhPToqBWK\" target=\"_blank\" rel=\"noreferrer noopener\">Las entradas ya est\u00e1n a la venta a trav\u00e9s de PortalTickets.cl\u00a0<\/a><\/p>\n\n\n\n<p><a href=\"https:\/\/www.portaldisc.com\/evento\/brigidaquilpue\"><strong>En este link las entradas a Quilpu\u00e9<\/strong><\/a><\/p>\n","protected":false},"excerpt":{"rendered":"<p>Con un nuevo material discogr\u00e1fico bajo el brazo, la agrupaci\u00f3n ganadora del\u00a0Pulsar 2024 a Mejor Artista Urbano comienza un tour de lanzamiento que los tendr\u00e1 present\u00e1ndose en distintas regiones del pa\u00eds, incluyendo un paso por el Teatro Coliseo en Santiago el 5 de septiembre. Las entradas para todos los shows ya est\u00e1n a la venta. [&hellip;]<\/p>\n","protected":false},"author":1,"featured_media":19951,"comment_status":"closed","ping_status":"closed","sticky":false,"template":"","format":"standard","meta":{"_acf_changed":false,"footnotes":""},"categories":[8],"tags":[],"class_list":["post-19948","post","type-post","status-publish","format-standard","has-post-thumbnail","hentry","category-noticia"],"acf":[],"yoast_head":"<!-- This site is optimized with the Yoast SEO plugin v27.1.1 - https:\/\/yoast.com\/product\/yoast-seo-wordpress\/ -->\n<title>\u201cCanciones Sepia\u201d:\u00a0La Br\u00edgida Orquesta estrena nuevo EP\u00a0y comienza una gira nacional - Valpara\u00ed\u00adso Creativo<\/title>\n<meta name=\"robots\" content=\"index, follow, max-snippet:-1, max-image-preview:large, max-video-preview:-1\" \/>\n<link rel=\"canonical\" href=\"https:\/\/dev.antudigital.cl\/sites\/vc\/canciones-sepia-la-brigida-orquesta-estrena-nuevo-ep-y-comienza-una-gira-nacional\/\" \/>\n<meta property=\"og:locale\" content=\"es_ES\" \/>\n<meta property=\"og:type\" content=\"article\" \/>\n<meta property=\"og:title\" content=\"\u201cCanciones Sepia\u201d:\u00a0La Br\u00edgida Orquesta estrena nuevo EP\u00a0y comienza una gira nacional - Valpara\u00ed\u00adso Creativo\" \/>\n<meta property=\"og:description\" content=\"Con un nuevo material discogr\u00e1fico bajo el brazo, la agrupaci\u00f3n ganadora del\u00a0Pulsar 2024 a Mejor Artista Urbano comienza un tour de lanzamiento que los tendr\u00e1 present\u00e1ndose en distintas regiones del pa\u00eds, incluyendo un paso por el Teatro Coliseo en Santiago el 5 de septiembre. Las entradas para todos los shows ya est\u00e1n a la venta. [&hellip;]\" \/>\n<meta property=\"og:url\" content=\"https:\/\/dev.antudigital.cl\/sites\/vc\/canciones-sepia-la-brigida-orquesta-estrena-nuevo-ep-y-comienza-una-gira-nacional\/\" \/>\n<meta property=\"og:site_name\" content=\"Valpara\u00ed\u00adso Creativo\" \/>\n<meta property=\"article:published_time\" content=\"2024-08-08T21:11:25+00:00\" \/>\n<meta property=\"article:modified_time\" content=\"2024-08-08T21:11:46+00:00\" \/>\n<meta property=\"og:image\" content=\"https:\/\/dev.antudigital.cl\/sites\/vc\/wp-content\/uploads\/2024\/08\/Foto-3-x-La-Choco-scaled.jpg\" \/>\n\t<meta property=\"og:image:width\" content=\"2560\" \/>\n\t<meta property=\"og:image:height\" content=\"1707\" \/>\n\t<meta property=\"og:image:type\" content=\"image\/jpeg\" \/>\n<meta name=\"author\" content=\"Valpara\u00edso Creativo\" \/>\n<meta name=\"twitter:card\" content=\"summary_large_image\" \/>\n<meta name=\"twitter:label1\" content=\"Escrito por\" \/>\n\t<meta name=\"twitter:data1\" content=\"Valpara\u00edso Creativo\" \/>\n\t<meta name=\"twitter:label2\" content=\"Tiempo de lectura\" \/>\n\t<meta name=\"twitter:data2\" content=\"3 minutos\" \/>\n<script type=\"application\/ld+json\" class=\"yoast-schema-graph\">{\"@context\":\"https:\/\/schema.org\",\"@graph\":[{\"@type\":\"Article\",\"@id\":\"https:\/\/dev.antudigital.cl\/sites\/vc\/canciones-sepia-la-brigida-orquesta-estrena-nuevo-ep-y-comienza-una-gira-nacional\/#article\",\"isPartOf\":{\"@id\":\"https:\/\/dev.antudigital.cl\/sites\/vc\/canciones-sepia-la-brigida-orquesta-estrena-nuevo-ep-y-comienza-una-gira-nacional\/\"},\"author\":{\"name\":\"Valpara\u00edso Creativo\",\"@id\":\"https:\/\/dev.antudigital.cl\/sites\/vc\/#\/schema\/person\/c2b9da8dd545e27166fc5ab232837318\"},\"headline\":\"\u201cCanciones Sepia\u201d:\u00a0La Br\u00edgida Orquesta estrena nuevo EP\u00a0y comienza una gira nacional\",\"datePublished\":\"2024-08-08T21:11:25+00:00\",\"dateModified\":\"2024-08-08T21:11:46+00:00\",\"mainEntityOfPage\":{\"@id\":\"https:\/\/dev.antudigital.cl\/sites\/vc\/canciones-sepia-la-brigida-orquesta-estrena-nuevo-ep-y-comienza-una-gira-nacional\/\"},\"wordCount\":452,\"image\":{\"@id\":\"https:\/\/dev.antudigital.cl\/sites\/vc\/canciones-sepia-la-brigida-orquesta-estrena-nuevo-ep-y-comienza-una-gira-nacional\/#primaryimage\"},\"thumbnailUrl\":\"https:\/\/dev.antudigital.cl\/sites\/vc\/wp-content\/uploads\/2024\/08\/Foto-3-x-La-Choco-scaled.jpg\",\"articleSection\":[\"Noticia\"],\"inLanguage\":\"es\"},{\"@type\":\"WebPage\",\"@id\":\"https:\/\/dev.antudigital.cl\/sites\/vc\/canciones-sepia-la-brigida-orquesta-estrena-nuevo-ep-y-comienza-una-gira-nacional\/\",\"url\":\"https:\/\/dev.antudigital.cl\/sites\/vc\/canciones-sepia-la-brigida-orquesta-estrena-nuevo-ep-y-comienza-una-gira-nacional\/\",\"name\":\"\u201cCanciones Sepia\u201d:\u00a0La Br\u00edgida Orquesta estrena nuevo EP\u00a0y comienza una gira nacional - Valpara\u00ed\u00adso Creativo\",\"isPartOf\":{\"@id\":\"https:\/\/dev.antudigital.cl\/sites\/vc\/#website\"},\"primaryImageOfPage\":{\"@id\":\"https:\/\/dev.antudigital.cl\/sites\/vc\/canciones-sepia-la-brigida-orquesta-estrena-nuevo-ep-y-comienza-una-gira-nacional\/#primaryimage\"},\"image\":{\"@id\":\"https:\/\/dev.antudigital.cl\/sites\/vc\/canciones-sepia-la-brigida-orquesta-estrena-nuevo-ep-y-comienza-una-gira-nacional\/#primaryimage\"},\"thumbnailUrl\":\"https:\/\/dev.antudigital.cl\/sites\/vc\/wp-content\/uploads\/2024\/08\/Foto-3-x-La-Choco-scaled.jpg\",\"datePublished\":\"2024-08-08T21:11:25+00:00\",\"dateModified\":\"2024-08-08T21:11:46+00:00\",\"author\":{\"@id\":\"https:\/\/dev.antudigital.cl\/sites\/vc\/#\/schema\/person\/c2b9da8dd545e27166fc5ab232837318\"},\"breadcrumb\":{\"@id\":\"https:\/\/dev.antudigital.cl\/sites\/vc\/canciones-sepia-la-brigida-orquesta-estrena-nuevo-ep-y-comienza-una-gira-nacional\/#breadcrumb\"},\"inLanguage\":\"es\",\"potentialAction\":[{\"@type\":\"ReadAction\",\"target\":[\"https:\/\/dev.antudigital.cl\/sites\/vc\/canciones-sepia-la-brigida-orquesta-estrena-nuevo-ep-y-comienza-una-gira-nacional\/\"]}]},{\"@type\":\"ImageObject\",\"inLanguage\":\"es\",\"@id\":\"https:\/\/dev.antudigital.cl\/sites\/vc\/canciones-sepia-la-brigida-orquesta-estrena-nuevo-ep-y-comienza-una-gira-nacional\/#primaryimage\",\"url\":\"https:\/\/dev.antudigital.cl\/sites\/vc\/wp-content\/uploads\/2024\/08\/Foto-3-x-La-Choco-scaled.jpg\",\"contentUrl\":\"https:\/\/dev.antudigital.cl\/sites\/vc\/wp-content\/uploads\/2024\/08\/Foto-3-x-La-Choco-scaled.jpg\",\"width\":2560,\"height\":1707},{\"@type\":\"BreadcrumbList\",\"@id\":\"https:\/\/dev.antudigital.cl\/sites\/vc\/canciones-sepia-la-brigida-orquesta-estrena-nuevo-ep-y-comienza-una-gira-nacional\/#breadcrumb\",\"itemListElement\":[{\"@type\":\"ListItem\",\"position\":1,\"name\":\"Home\",\"item\":\"https:\/\/dev.antudigital.cl\/sites\/vc\/\"},{\"@type\":\"ListItem\",\"position\":2,\"name\":\"\u201cCanciones Sepia\u201d:\u00a0La Br\u00edgida Orquesta estrena nuevo EP\u00a0y comienza una gira nacional\"}]},{\"@type\":\"WebSite\",\"@id\":\"https:\/\/dev.antudigital.cl\/sites\/vc\/#website\",\"url\":\"https:\/\/dev.antudigital.cl\/sites\/vc\/\",\"name\":\"Valpara\u00ed\u00adso Creativo\",\"description\":\"\",\"potentialAction\":[{\"@type\":\"SearchAction\",\"target\":{\"@type\":\"EntryPoint\",\"urlTemplate\":\"https:\/\/dev.antudigital.cl\/sites\/vc\/?s={search_term_string}\"},\"query-input\":{\"@type\":\"PropertyValueSpecification\",\"valueRequired\":true,\"valueName\":\"search_term_string\"}}],\"inLanguage\":\"es\"},{\"@type\":\"Person\",\"@id\":\"https:\/\/dev.antudigital.cl\/sites\/vc\/#\/schema\/person\/c2b9da8dd545e27166fc5ab232837318\",\"name\":\"Valpara\u00edso Creativo\",\"description\":\"Periodista de cultura en la Regi\u00f3n de Valpara\u00edso.\",\"url\":\"https:\/\/dev.antudigital.cl\/sites\/vc\/author\/valpoadmin\/\"}]}<\/script>\n<!-- \/ Yoast SEO plugin. -->","yoast_head_json":{"title":"\u201cCanciones Sepia\u201d:\u00a0La Br\u00edgida Orquesta estrena nuevo EP\u00a0y comienza una gira nacional - Valpara\u00ed\u00adso Creativo","robots":{"index":"index","follow":"follow","max-snippet":"max-snippet:-1","max-image-preview":"max-image-preview:large","max-video-preview":"max-video-preview:-1"},"canonical":"https:\/\/dev.antudigital.cl\/sites\/vc\/canciones-sepia-la-brigida-orquesta-estrena-nuevo-ep-y-comienza-una-gira-nacional\/","og_locale":"es_ES","og_type":"article","og_title":"\u201cCanciones Sepia\u201d:\u00a0La Br\u00edgida Orquesta estrena nuevo EP\u00a0y comienza una gira nacional - Valpara\u00ed\u00adso Creativo","og_description":"Con un nuevo material discogr\u00e1fico bajo el brazo, la agrupaci\u00f3n ganadora del\u00a0Pulsar 2024 a Mejor Artista Urbano comienza un tour de lanzamiento que los tendr\u00e1 present\u00e1ndose en distintas regiones del pa\u00eds, incluyendo un paso por el Teatro Coliseo en Santiago el 5 de septiembre. Las entradas para todos los shows ya est\u00e1n a la venta. [&hellip;]","og_url":"https:\/\/dev.antudigital.cl\/sites\/vc\/canciones-sepia-la-brigida-orquesta-estrena-nuevo-ep-y-comienza-una-gira-nacional\/","og_site_name":"Valpara\u00ed\u00adso Creativo","article_published_time":"2024-08-08T21:11:25+00:00","article_modified_time":"2024-08-08T21:11:46+00:00","og_image":[{"width":2560,"height":1707,"url":"https:\/\/dev.antudigital.cl\/sites\/vc\/wp-content\/uploads\/2024\/08\/Foto-3-x-La-Choco-scaled.jpg","type":"image\/jpeg"}],"author":"Valpara\u00edso Creativo","twitter_card":"summary_large_image","twitter_misc":{"Escrito por":"Valpara\u00edso Creativo","Tiempo de lectura":"3 minutos"},"schema":{"@context":"https:\/\/schema.org","@graph":[{"@type":"Article","@id":"https:\/\/dev.antudigital.cl\/sites\/vc\/canciones-sepia-la-brigida-orquesta-estrena-nuevo-ep-y-comienza-una-gira-nacional\/#article","isPartOf":{"@id":"https:\/\/dev.antudigital.cl\/sites\/vc\/canciones-sepia-la-brigida-orquesta-estrena-nuevo-ep-y-comienza-una-gira-nacional\/"},"author":{"name":"Valpara\u00edso Creativo","@id":"https:\/\/dev.antudigital.cl\/sites\/vc\/#\/schema\/person\/c2b9da8dd545e27166fc5ab232837318"},"headline":"\u201cCanciones Sepia\u201d:\u00a0La Br\u00edgida Orquesta estrena nuevo EP\u00a0y comienza una gira nacional","datePublished":"2024-08-08T21:11:25+00:00","dateModified":"2024-08-08T21:11:46+00:00","mainEntityOfPage":{"@id":"https:\/\/dev.antudigital.cl\/sites\/vc\/canciones-sepia-la-brigida-orquesta-estrena-nuevo-ep-y-comienza-una-gira-nacional\/"},"wordCount":452,"image":{"@id":"https:\/\/dev.antudigital.cl\/sites\/vc\/canciones-sepia-la-brigida-orquesta-estrena-nuevo-ep-y-comienza-una-gira-nacional\/#primaryimage"},"thumbnailUrl":"https:\/\/dev.antudigital.cl\/sites\/vc\/wp-content\/uploads\/2024\/08\/Foto-3-x-La-Choco-scaled.jpg","articleSection":["Noticia"],"inLanguage":"es"},{"@type":"WebPage","@id":"https:\/\/dev.antudigital.cl\/sites\/vc\/canciones-sepia-la-brigida-orquesta-estrena-nuevo-ep-y-comienza-una-gira-nacional\/","url":"https:\/\/dev.antudigital.cl\/sites\/vc\/canciones-sepia-la-brigida-orquesta-estrena-nuevo-ep-y-comienza-una-gira-nacional\/","name":"\u201cCanciones Sepia\u201d:\u00a0La Br\u00edgida Orquesta estrena nuevo EP\u00a0y comienza una gira nacional - Valpara\u00ed\u00adso Creativo","isPartOf":{"@id":"https:\/\/dev.antudigital.cl\/sites\/vc\/#website"},"primaryImageOfPage":{"@id":"https:\/\/dev.antudigital.cl\/sites\/vc\/canciones-sepia-la-brigida-orquesta-estrena-nuevo-ep-y-comienza-una-gira-nacional\/#primaryimage"},"image":{"@id":"https:\/\/dev.antudigital.cl\/sites\/vc\/canciones-sepia-la-brigida-orquesta-estrena-nuevo-ep-y-comienza-una-gira-nacional\/#primaryimage"},"thumbnailUrl":"https:\/\/dev.antudigital.cl\/sites\/vc\/wp-content\/uploads\/2024\/08\/Foto-3-x-La-Choco-scaled.jpg","datePublished":"2024-08-08T21:11:25+00:00","dateModified":"2024-08-08T21:11:46+00:00","author":{"@id":"https:\/\/dev.antudigital.cl\/sites\/vc\/#\/schema\/person\/c2b9da8dd545e27166fc5ab232837318"},"breadcrumb":{"@id":"https:\/\/dev.antudigital.cl\/sites\/vc\/canciones-sepia-la-brigida-orquesta-estrena-nuevo-ep-y-comienza-una-gira-nacional\/#breadcrumb"},"inLanguage":"es","potentialAction":[{"@type":"ReadAction","target":["https:\/\/dev.antudigital.cl\/sites\/vc\/canciones-sepia-la-brigida-orquesta-estrena-nuevo-ep-y-comienza-una-gira-nacional\/"]}]},{"@type":"ImageObject","inLanguage":"es","@id":"https:\/\/dev.antudigital.cl\/sites\/vc\/canciones-sepia-la-brigida-orquesta-estrena-nuevo-ep-y-comienza-una-gira-nacional\/#primaryimage","url":"https:\/\/dev.antudigital.cl\/sites\/vc\/wp-content\/uploads\/2024\/08\/Foto-3-x-La-Choco-scaled.jpg","contentUrl":"https:\/\/dev.antudigital.cl\/sites\/vc\/wp-content\/uploads\/2024\/08\/Foto-3-x-La-Choco-scaled.jpg","width":2560,"height":1707},{"@type":"BreadcrumbList","@id":"https:\/\/dev.antudigital.cl\/sites\/vc\/canciones-sepia-la-brigida-orquesta-estrena-nuevo-ep-y-comienza-una-gira-nacional\/#breadcrumb","itemListElement":[{"@type":"ListItem","position":1,"name":"Home","item":"https:\/\/dev.antudigital.cl\/sites\/vc\/"},{"@type":"ListItem","position":2,"name":"\u201cCanciones Sepia\u201d:\u00a0La Br\u00edgida Orquesta estrena nuevo EP\u00a0y comienza una gira nacional"}]},{"@type":"WebSite","@id":"https:\/\/dev.antudigital.cl\/sites\/vc\/#website","url":"https:\/\/dev.antudigital.cl\/sites\/vc\/","name":"Valpara\u00ed\u00adso Creativo","description":"","potentialAction":[{"@type":"SearchAction","target":{"@type":"EntryPoint","urlTemplate":"https:\/\/dev.antudigital.cl\/sites\/vc\/?s={search_term_string}"},"query-input":{"@type":"PropertyValueSpecification","valueRequired":true,"valueName":"search_term_string"}}],"inLanguage":"es"},{"@type":"Person","@id":"https:\/\/dev.antudigital.cl\/sites\/vc\/#\/schema\/person\/c2b9da8dd545e27166fc5ab232837318","name":"Valpara\u00edso Creativo","description":"Periodista de cultura en la Regi\u00f3n de Valpara\u00edso.","url":"https:\/\/dev.antudigital.cl\/sites\/vc\/author\/valpoadmin\/"}]}},"_links":{"self":[{"href":"https:\/\/dev.antudigital.cl\/sites\/vc\/wp-json\/wp\/v2\/posts\/19948","targetHints":{"allow":["GET"]}}],"collection":[{"href":"https:\/\/dev.antudigital.cl\/sites\/vc\/wp-json\/wp\/v2\/posts"}],"about":[{"href":"https:\/\/dev.antudigital.cl\/sites\/vc\/wp-json\/wp\/v2\/types\/post"}],"author":[{"embeddable":true,"href":"https:\/\/dev.antudigital.cl\/sites\/vc\/wp-json\/wp\/v2\/users\/1"}],"replies":[{"embeddable":true,"href":"https:\/\/dev.antudigital.cl\/sites\/vc\/wp-json\/wp\/v2\/comments?post=19948"}],"version-history":[{"count":1,"href":"https:\/\/dev.antudigital.cl\/sites\/vc\/wp-json\/wp\/v2\/posts\/19948\/revisions"}],"predecessor-version":[{"id":19952,"href":"https:\/\/dev.antudigital.cl\/sites\/vc\/wp-json\/wp\/v2\/posts\/19948\/revisions\/19952"}],"wp:featuredmedia":[{"embeddable":true,"href":"https:\/\/dev.antudigital.cl\/sites\/vc\/wp-json\/wp\/v2\/media\/19951"}],"wp:attachment":[{"href":"https:\/\/dev.antudigital.cl\/sites\/vc\/wp-json\/wp\/v2\/media?parent=19948"}],"wp:term":[{"taxonomy":"category","embeddable":true,"href":"https:\/\/dev.antudigital.cl\/sites\/vc\/wp-json\/wp\/v2\/categories?post=19948"},{"taxonomy":"post_tag","embeddable":true,"href":"https:\/\/dev.antudigital.cl\/sites\/vc\/wp-json\/wp\/v2\/tags?post=19948"}],"curies":[{"name":"wp","href":"https:\/\/api.w.org\/{rel}","templated":true}]}}