{"id":19953,"date":"2024-08-08T21:18:15","date_gmt":"2024-08-08T21:18:15","guid":{"rendered":"https:\/\/www.valparaisocreativo.cl\/?p=19953"},"modified":"2024-08-08T21:18:33","modified_gmt":"2024-08-08T21:18:33","slug":"fundacion-oani-cumplio-10-anos-y-celebra-el-dia-de-la-ninez-con-muestra-y-taller-de-puesta-en-escena","status":"publish","type":"post","link":"https:\/\/dev.antudigital.cl\/sites\/vc\/fundacion-oani-cumplio-10-anos-y-celebra-el-dia-de-la-ninez-con-muestra-y-taller-de-puesta-en-escena\/","title":{"rendered":"Fundaci\u00f3n OANI cumpli\u00f3 10 a\u00f1os y celebra el D\u00eda de la Ni\u00f1ez con Muestra y Taller de Puesta en Escena"},"content":{"rendered":"\n<p><strong>El s\u00e1bado 10 de agosto, de 11:30 a 13:30 horas, se realizar\u00e1 la 7a MUESTRA DE TEATRO LAMBE LAMBE en la Junta de Vecinos N\u00ba72 del Cerro Jim\u00e9nez,&nbsp;<\/strong>ubicada en calle Vista al Mar #4, esquina calle Lo Venegas, Valpara\u00edso.<strong>&nbsp;<\/strong>Se presentar\u00e1n tres espect\u00e1culos de cuatro minutos cada uno: AMORES DE PUERTO, D\u00cdA DE VOLANT\u00cdN y EL PERRO BABARITO. Aporte voluntario a la gorra.<\/p>\n\n\n\n<p><strong>El s\u00e1bado 17 de agosto Camila Landon facilitar\u00e1 el Taller \u201cPUESTA EN ESCENA PARA TEATRO LAMBE LAMBE\u201d en Casa OANI<\/strong>, ubicada en Lo Venegas #489, Cerro C\u00e1rcel, Valpara\u00edso. La actividad es de 10:30 a 13:30 horas, previa reserva, con una inscripci\u00f3n de $5000 en el siguiente formulario:&nbsp;<a href=\"https:\/\/forms.gle\/dmk713fk44RK6LD37\" target=\"_blank\" rel=\"noreferrer noopener\"><strong>https:\/\/forms.gle\/dmk713fk44RK6LD37<\/strong><\/a><strong><\/strong><\/p>\n\n\n\n<p>Estas actividades cuentan con financiamiento de la&nbsp;<strong>Convocatoria 2023 de Apoyo a Puntos de Cultura Comunitaria del Ministerio de las Culturas, las Artes y el Patrimonio.<\/strong><\/p>\n\n\n\n<figure class=\"wp-block-image size-large\"><img fetchpriority=\"high\" decoding=\"async\" width=\"1024\" height=\"632\" src=\"https:\/\/www.valparaisocreativo.cl\/wp-content\/uploads\/2024\/08\/MUESTRA-LAMBE-LAMBE-1-1024x632.jpg\" alt=\"\" class=\"wp-image-19954\" srcset=\"https:\/\/dev.antudigital.cl\/sites\/vc\/wp-content\/uploads\/2024\/08\/MUESTRA-LAMBE-LAMBE-1-1024x632.jpg 1024w, https:\/\/dev.antudigital.cl\/sites\/vc\/wp-content\/uploads\/2024\/08\/MUESTRA-LAMBE-LAMBE-1-300x185.jpg 300w, https:\/\/dev.antudigital.cl\/sites\/vc\/wp-content\/uploads\/2024\/08\/MUESTRA-LAMBE-LAMBE-1-768x474.jpg 768w, https:\/\/dev.antudigital.cl\/sites\/vc\/wp-content\/uploads\/2024\/08\/MUESTRA-LAMBE-LAMBE-1-1536x949.jpg 1536w, https:\/\/dev.antudigital.cl\/sites\/vc\/wp-content\/uploads\/2024\/08\/MUESTRA-LAMBE-LAMBE-1-2048x1265.jpg 2048w, https:\/\/dev.antudigital.cl\/sites\/vc\/wp-content\/uploads\/2024\/08\/MUESTRA-LAMBE-LAMBE-1-1080x667.jpg 1080w, https:\/\/dev.antudigital.cl\/sites\/vc\/wp-content\/uploads\/2024\/08\/MUESTRA-LAMBE-LAMBE-1-1280x791.jpg 1280w, https:\/\/dev.antudigital.cl\/sites\/vc\/wp-content\/uploads\/2024\/08\/MUESTRA-LAMBE-LAMBE-1-980x605.jpg 980w, https:\/\/dev.antudigital.cl\/sites\/vc\/wp-content\/uploads\/2024\/08\/MUESTRA-LAMBE-LAMBE-1-480x296.jpg 480w, https:\/\/dev.antudigital.cl\/sites\/vc\/wp-content\/uploads\/2024\/08\/MUESTRA-LAMBE-LAMBE-1-24x15.jpg 24w, https:\/\/dev.antudigital.cl\/sites\/vc\/wp-content\/uploads\/2024\/08\/MUESTRA-LAMBE-LAMBE-1-36x22.jpg 36w, https:\/\/dev.antudigital.cl\/sites\/vc\/wp-content\/uploads\/2024\/08\/MUESTRA-LAMBE-LAMBE-1-48x30.jpg 48w\" sizes=\"(max-width: 1024px) 100vw, 1024px\" \/><\/figure>\n\n\n\n<p><strong>Ana Mar\u00eda Mu\u00f1oz, presidenta de la Junta de Vecinos N\u00ba72<\/strong>, es nacida y criada en el Cerro Jim\u00e9nez. Hace seis meses asumi\u00f3 este cargo en pos del bienestar de la comunidad e hizo teatro en su juventud. Comparte:<\/p>\n\n\n\n<p>\u201cEstamos felices de celebrar el D\u00eda de la Ni\u00f1ez junto a OANI Teatro, incentiva a la juventud, ni\u00f1os y no tan ni\u00f1os a conocer otros tipos de entretenci\u00f3n y aprendizaje. El teatro es algo maravilloso, una fuente laboral y de diversi\u00f3n para la comunidad. Vecinas y vecinos, est\u00e1n invitados a conocer el Teatro Lambe Lambe, es algo hermoso, en vivo, que te deja ese sabor dulce de lo que significa el teatro; vibrar, re\u00edr, poner atenci\u00f3n, comunicar, es algo muy bonito\u201d.<\/p>\n\n\n\n<p><strong>Camila Landon, Directora General del Punto de Cultura Comunitaria Casa OANI<\/strong>, se\u00f1ala: \u201cLa Fundaci\u00f3n OANI de Teatro cumple diez a\u00f1os de vida, un largo recorrido, considerando que como Compa\u00f1\u00eda de Teatro tenemos 26 a\u00f1os. Estamos en una etapa donde nos consolidamos como Punto de Cultura Comunitaria, en los cerros Jim\u00e9nez y C\u00e1rcel, y nos alegra enormemente aportar a la comunidad desde lo que podemos y sabemos, a trav\u00e9s de arte y cultura, que creemos que tanta falta hace siempre\u201d.<\/p>\n\n\n\n<p>\u201cLa primera Muestra de Teatro Lambe Lambe se realiz\u00f3 en Casa OANI, dando inicio a este primer ciclo de actividades, y esta \u00faltima Muestra se realizar\u00e1 en la sede de la Junta de Vecinos, que consideramos tambi\u00e9n debiese ser Punto de Cultura Comunitaria. Las juntas vecinales son un punto de encuentro comunitario espont\u00e1neo, y nosotros como vecinos queremos aportar a seguir generando redes de trabajo comunitario\u201d.&nbsp;<\/p>\n\n\n\n<p>Para m\u00e1s informaci\u00f3n seguir a&nbsp;<a href=\"https:\/\/www.instagram.com\/casaoani\/\" target=\"_blank\" rel=\"noreferrer noopener\">@casaoani<\/a>&nbsp;en Instagram.<\/p>\n\n\n\n<figure class=\"wp-block-image size-full\"><img decoding=\"async\" width=\"629\" height=\"626\" src=\"https:\/\/www.valparaisocreativo.cl\/wp-content\/uploads\/2024\/08\/Captura-de-Pantalla-2024-08-08-a-las-17.16.40.png\" alt=\"\" class=\"wp-image-19956\" srcset=\"https:\/\/dev.antudigital.cl\/sites\/vc\/wp-content\/uploads\/2024\/08\/Captura-de-Pantalla-2024-08-08-a-las-17.16.40.png 629w, https:\/\/dev.antudigital.cl\/sites\/vc\/wp-content\/uploads\/2024\/08\/Captura-de-Pantalla-2024-08-08-a-las-17.16.40-300x300.png 300w, https:\/\/dev.antudigital.cl\/sites\/vc\/wp-content\/uploads\/2024\/08\/Captura-de-Pantalla-2024-08-08-a-las-17.16.40-150x150.png 150w, https:\/\/dev.antudigital.cl\/sites\/vc\/wp-content\/uploads\/2024\/08\/Captura-de-Pantalla-2024-08-08-a-las-17.16.40-480x478.png 480w, https:\/\/dev.antudigital.cl\/sites\/vc\/wp-content\/uploads\/2024\/08\/Captura-de-Pantalla-2024-08-08-a-las-17.16.40-24x24.png 24w, https:\/\/dev.antudigital.cl\/sites\/vc\/wp-content\/uploads\/2024\/08\/Captura-de-Pantalla-2024-08-08-a-las-17.16.40-36x36.png 36w, https:\/\/dev.antudigital.cl\/sites\/vc\/wp-content\/uploads\/2024\/08\/Captura-de-Pantalla-2024-08-08-a-las-17.16.40-48x48.png 48w\" sizes=\"(max-width: 629px) 100vw, 629px\" \/><\/figure>\n","protected":false},"excerpt":{"rendered":"<p>El s\u00e1bado 10 de agosto, de 11:30 a 13:30 horas, se realizar\u00e1 la 7a MUESTRA DE TEATRO LAMBE LAMBE en la Junta de Vecinos N\u00ba72 del Cerro Jim\u00e9nez,&nbsp;ubicada en calle Vista al Mar #4, esquina calle Lo Venegas, Valpara\u00edso.&nbsp;Se presentar\u00e1n tres espect\u00e1culos de cuatro minutos cada uno: AMORES DE PUERTO, D\u00cdA DE VOLANT\u00cdN y EL [&hellip;]<\/p>\n","protected":false},"author":1,"featured_media":19955,"comment_status":"closed","ping_status":"closed","sticky":false,"template":"","format":"standard","meta":{"_acf_changed":false,"footnotes":""},"categories":[8],"tags":[],"class_list":["post-19953","post","type-post","status-publish","format-standard","has-post-thumbnail","hentry","category-noticia"],"acf":[],"yoast_head":"<!-- This site is optimized with the Yoast SEO plugin v27.1.1 - https:\/\/yoast.com\/product\/yoast-seo-wordpress\/ -->\n<title>Fundaci\u00f3n OANI cumpli\u00f3 10 a\u00f1os y celebra el D\u00eda de la Ni\u00f1ez con Muestra y Taller de Puesta en Escena - Valpara\u00ed\u00adso Creativo<\/title>\n<meta name=\"robots\" content=\"index, follow, max-snippet:-1, max-image-preview:large, max-video-preview:-1\" \/>\n<link rel=\"canonical\" href=\"https:\/\/dev.antudigital.cl\/sites\/vc\/fundacion-oani-cumplio-10-anos-y-celebra-el-dia-de-la-ninez-con-muestra-y-taller-de-puesta-en-escena\/\" \/>\n<meta property=\"og:locale\" content=\"es_ES\" \/>\n<meta property=\"og:type\" content=\"article\" \/>\n<meta property=\"og:title\" content=\"Fundaci\u00f3n OANI cumpli\u00f3 10 a\u00f1os y celebra el D\u00eda de la Ni\u00f1ez con Muestra y Taller de Puesta en Escena - Valpara\u00ed\u00adso Creativo\" \/>\n<meta property=\"og:description\" content=\"El s\u00e1bado 10 de agosto, de 11:30 a 13:30 horas, se realizar\u00e1 la 7a MUESTRA DE TEATRO LAMBE LAMBE en la Junta de Vecinos N\u00ba72 del Cerro Jim\u00e9nez,&nbsp;ubicada en calle Vista al Mar #4, esquina calle Lo Venegas, Valpara\u00edso.&nbsp;Se presentar\u00e1n tres espect\u00e1culos de cuatro minutos cada uno: AMORES DE PUERTO, D\u00cdA DE VOLANT\u00cdN y EL [&hellip;]\" \/>\n<meta property=\"og:url\" content=\"https:\/\/dev.antudigital.cl\/sites\/vc\/fundacion-oani-cumplio-10-anos-y-celebra-el-dia-de-la-ninez-con-muestra-y-taller-de-puesta-en-escena\/\" \/>\n<meta property=\"og:site_name\" content=\"Valpara\u00ed\u00adso Creativo\" \/>\n<meta property=\"article:published_time\" content=\"2024-08-08T21:18:15+00:00\" \/>\n<meta property=\"article:modified_time\" content=\"2024-08-08T21:18:33+00:00\" \/>\n<meta property=\"og:image\" content=\"https:\/\/dev.antudigital.cl\/sites\/vc\/wp-content\/uploads\/2024\/08\/MUESTRA-LAMBE-LAMBE-4-scaled.jpg\" \/>\n\t<meta property=\"og:image:width\" content=\"2560\" \/>\n\t<meta property=\"og:image:height\" content=\"1441\" \/>\n\t<meta property=\"og:image:type\" content=\"image\/jpeg\" \/>\n<meta name=\"author\" content=\"Valpara\u00edso Creativo\" \/>\n<meta name=\"twitter:card\" content=\"summary_large_image\" \/>\n<meta name=\"twitter:label1\" content=\"Escrito por\" \/>\n\t<meta name=\"twitter:data1\" content=\"Valpara\u00edso Creativo\" \/>\n\t<meta name=\"twitter:label2\" content=\"Tiempo de lectura\" \/>\n\t<meta name=\"twitter:data2\" content=\"3 minutos\" \/>\n<script type=\"application\/ld+json\" class=\"yoast-schema-graph\">{\"@context\":\"https:\/\/schema.org\",\"@graph\":[{\"@type\":\"Article\",\"@id\":\"https:\/\/dev.antudigital.cl\/sites\/vc\/fundacion-oani-cumplio-10-anos-y-celebra-el-dia-de-la-ninez-con-muestra-y-taller-de-puesta-en-escena\/#article\",\"isPartOf\":{\"@id\":\"https:\/\/dev.antudigital.cl\/sites\/vc\/fundacion-oani-cumplio-10-anos-y-celebra-el-dia-de-la-ninez-con-muestra-y-taller-de-puesta-en-escena\/\"},\"author\":{\"name\":\"Valpara\u00edso Creativo\",\"@id\":\"https:\/\/dev.antudigital.cl\/sites\/vc\/#\/schema\/person\/c2b9da8dd545e27166fc5ab232837318\"},\"headline\":\"Fundaci\u00f3n OANI cumpli\u00f3 10 a\u00f1os y celebra el D\u00eda de la Ni\u00f1ez con Muestra y Taller de Puesta en Escena\",\"datePublished\":\"2024-08-08T21:18:15+00:00\",\"dateModified\":\"2024-08-08T21:18:33+00:00\",\"mainEntityOfPage\":{\"@id\":\"https:\/\/dev.antudigital.cl\/sites\/vc\/fundacion-oani-cumplio-10-anos-y-celebra-el-dia-de-la-ninez-con-muestra-y-taller-de-puesta-en-escena\/\"},\"wordCount\":470,\"image\":{\"@id\":\"https:\/\/dev.antudigital.cl\/sites\/vc\/fundacion-oani-cumplio-10-anos-y-celebra-el-dia-de-la-ninez-con-muestra-y-taller-de-puesta-en-escena\/#primaryimage\"},\"thumbnailUrl\":\"https:\/\/dev.antudigital.cl\/sites\/vc\/wp-content\/uploads\/2024\/08\/MUESTRA-LAMBE-LAMBE-4-scaled.jpg\",\"articleSection\":[\"Noticia\"],\"inLanguage\":\"es\"},{\"@type\":\"WebPage\",\"@id\":\"https:\/\/dev.antudigital.cl\/sites\/vc\/fundacion-oani-cumplio-10-anos-y-celebra-el-dia-de-la-ninez-con-muestra-y-taller-de-puesta-en-escena\/\",\"url\":\"https:\/\/dev.antudigital.cl\/sites\/vc\/fundacion-oani-cumplio-10-anos-y-celebra-el-dia-de-la-ninez-con-muestra-y-taller-de-puesta-en-escena\/\",\"name\":\"Fundaci\u00f3n OANI cumpli\u00f3 10 a\u00f1os y celebra el D\u00eda de la Ni\u00f1ez con Muestra y Taller de Puesta en Escena - Valpara\u00ed\u00adso Creativo\",\"isPartOf\":{\"@id\":\"https:\/\/dev.antudigital.cl\/sites\/vc\/#website\"},\"primaryImageOfPage\":{\"@id\":\"https:\/\/dev.antudigital.cl\/sites\/vc\/fundacion-oani-cumplio-10-anos-y-celebra-el-dia-de-la-ninez-con-muestra-y-taller-de-puesta-en-escena\/#primaryimage\"},\"image\":{\"@id\":\"https:\/\/dev.antudigital.cl\/sites\/vc\/fundacion-oani-cumplio-10-anos-y-celebra-el-dia-de-la-ninez-con-muestra-y-taller-de-puesta-en-escena\/#primaryimage\"},\"thumbnailUrl\":\"https:\/\/dev.antudigital.cl\/sites\/vc\/wp-content\/uploads\/2024\/08\/MUESTRA-LAMBE-LAMBE-4-scaled.jpg\",\"datePublished\":\"2024-08-08T21:18:15+00:00\",\"dateModified\":\"2024-08-08T21:18:33+00:00\",\"author\":{\"@id\":\"https:\/\/dev.antudigital.cl\/sites\/vc\/#\/schema\/person\/c2b9da8dd545e27166fc5ab232837318\"},\"breadcrumb\":{\"@id\":\"https:\/\/dev.antudigital.cl\/sites\/vc\/fundacion-oani-cumplio-10-anos-y-celebra-el-dia-de-la-ninez-con-muestra-y-taller-de-puesta-en-escena\/#breadcrumb\"},\"inLanguage\":\"es\",\"potentialAction\":[{\"@type\":\"ReadAction\",\"target\":[\"https:\/\/dev.antudigital.cl\/sites\/vc\/fundacion-oani-cumplio-10-anos-y-celebra-el-dia-de-la-ninez-con-muestra-y-taller-de-puesta-en-escena\/\"]}]},{\"@type\":\"ImageObject\",\"inLanguage\":\"es\",\"@id\":\"https:\/\/dev.antudigital.cl\/sites\/vc\/fundacion-oani-cumplio-10-anos-y-celebra-el-dia-de-la-ninez-con-muestra-y-taller-de-puesta-en-escena\/#primaryimage\",\"url\":\"https:\/\/dev.antudigital.cl\/sites\/vc\/wp-content\/uploads\/2024\/08\/MUESTRA-LAMBE-LAMBE-4-scaled.jpg\",\"contentUrl\":\"https:\/\/dev.antudigital.cl\/sites\/vc\/wp-content\/uploads\/2024\/08\/MUESTRA-LAMBE-LAMBE-4-scaled.jpg\",\"width\":2560,\"height\":1441},{\"@type\":\"BreadcrumbList\",\"@id\":\"https:\/\/dev.antudigital.cl\/sites\/vc\/fundacion-oani-cumplio-10-anos-y-celebra-el-dia-de-la-ninez-con-muestra-y-taller-de-puesta-en-escena\/#breadcrumb\",\"itemListElement\":[{\"@type\":\"ListItem\",\"position\":1,\"name\":\"Home\",\"item\":\"https:\/\/dev.antudigital.cl\/sites\/vc\/\"},{\"@type\":\"ListItem\",\"position\":2,\"name\":\"Fundaci\u00f3n OANI cumpli\u00f3 10 a\u00f1os y celebra el D\u00eda de la Ni\u00f1ez con Muestra y Taller de Puesta en Escena\"}]},{\"@type\":\"WebSite\",\"@id\":\"https:\/\/dev.antudigital.cl\/sites\/vc\/#website\",\"url\":\"https:\/\/dev.antudigital.cl\/sites\/vc\/\",\"name\":\"Valpara\u00ed\u00adso Creativo\",\"description\":\"\",\"potentialAction\":[{\"@type\":\"SearchAction\",\"target\":{\"@type\":\"EntryPoint\",\"urlTemplate\":\"https:\/\/dev.antudigital.cl\/sites\/vc\/?s={search_term_string}\"},\"query-input\":{\"@type\":\"PropertyValueSpecification\",\"valueRequired\":true,\"valueName\":\"search_term_string\"}}],\"inLanguage\":\"es\"},{\"@type\":\"Person\",\"@id\":\"https:\/\/dev.antudigital.cl\/sites\/vc\/#\/schema\/person\/c2b9da8dd545e27166fc5ab232837318\",\"name\":\"Valpara\u00edso Creativo\",\"description\":\"Periodista de cultura en la Regi\u00f3n de Valpara\u00edso.\",\"url\":\"https:\/\/dev.antudigital.cl\/sites\/vc\/author\/valpoadmin\/\"}]}<\/script>\n<!-- \/ Yoast SEO plugin. -->","yoast_head_json":{"title":"Fundaci\u00f3n OANI cumpli\u00f3 10 a\u00f1os y celebra el D\u00eda de la Ni\u00f1ez con Muestra y Taller de Puesta en Escena - Valpara\u00ed\u00adso Creativo","robots":{"index":"index","follow":"follow","max-snippet":"max-snippet:-1","max-image-preview":"max-image-preview:large","max-video-preview":"max-video-preview:-1"},"canonical":"https:\/\/dev.antudigital.cl\/sites\/vc\/fundacion-oani-cumplio-10-anos-y-celebra-el-dia-de-la-ninez-con-muestra-y-taller-de-puesta-en-escena\/","og_locale":"es_ES","og_type":"article","og_title":"Fundaci\u00f3n OANI cumpli\u00f3 10 a\u00f1os y celebra el D\u00eda de la Ni\u00f1ez con Muestra y Taller de Puesta en Escena - Valpara\u00ed\u00adso Creativo","og_description":"El s\u00e1bado 10 de agosto, de 11:30 a 13:30 horas, se realizar\u00e1 la 7a MUESTRA DE TEATRO LAMBE LAMBE en la Junta de Vecinos N\u00ba72 del Cerro Jim\u00e9nez,&nbsp;ubicada en calle Vista al Mar #4, esquina calle Lo Venegas, Valpara\u00edso.&nbsp;Se presentar\u00e1n tres espect\u00e1culos de cuatro minutos cada uno: AMORES DE PUERTO, D\u00cdA DE VOLANT\u00cdN y EL [&hellip;]","og_url":"https:\/\/dev.antudigital.cl\/sites\/vc\/fundacion-oani-cumplio-10-anos-y-celebra-el-dia-de-la-ninez-con-muestra-y-taller-de-puesta-en-escena\/","og_site_name":"Valpara\u00ed\u00adso Creativo","article_published_time":"2024-08-08T21:18:15+00:00","article_modified_time":"2024-08-08T21:18:33+00:00","og_image":[{"width":2560,"height":1441,"url":"https:\/\/dev.antudigital.cl\/sites\/vc\/wp-content\/uploads\/2024\/08\/MUESTRA-LAMBE-LAMBE-4-scaled.jpg","type":"image\/jpeg"}],"author":"Valpara\u00edso Creativo","twitter_card":"summary_large_image","twitter_misc":{"Escrito por":"Valpara\u00edso Creativo","Tiempo de lectura":"3 minutos"},"schema":{"@context":"https:\/\/schema.org","@graph":[{"@type":"Article","@id":"https:\/\/dev.antudigital.cl\/sites\/vc\/fundacion-oani-cumplio-10-anos-y-celebra-el-dia-de-la-ninez-con-muestra-y-taller-de-puesta-en-escena\/#article","isPartOf":{"@id":"https:\/\/dev.antudigital.cl\/sites\/vc\/fundacion-oani-cumplio-10-anos-y-celebra-el-dia-de-la-ninez-con-muestra-y-taller-de-puesta-en-escena\/"},"author":{"name":"Valpara\u00edso Creativo","@id":"https:\/\/dev.antudigital.cl\/sites\/vc\/#\/schema\/person\/c2b9da8dd545e27166fc5ab232837318"},"headline":"Fundaci\u00f3n OANI cumpli\u00f3 10 a\u00f1os y celebra el D\u00eda de la Ni\u00f1ez con Muestra y Taller de Puesta en Escena","datePublished":"2024-08-08T21:18:15+00:00","dateModified":"2024-08-08T21:18:33+00:00","mainEntityOfPage":{"@id":"https:\/\/dev.antudigital.cl\/sites\/vc\/fundacion-oani-cumplio-10-anos-y-celebra-el-dia-de-la-ninez-con-muestra-y-taller-de-puesta-en-escena\/"},"wordCount":470,"image":{"@id":"https:\/\/dev.antudigital.cl\/sites\/vc\/fundacion-oani-cumplio-10-anos-y-celebra-el-dia-de-la-ninez-con-muestra-y-taller-de-puesta-en-escena\/#primaryimage"},"thumbnailUrl":"https:\/\/dev.antudigital.cl\/sites\/vc\/wp-content\/uploads\/2024\/08\/MUESTRA-LAMBE-LAMBE-4-scaled.jpg","articleSection":["Noticia"],"inLanguage":"es"},{"@type":"WebPage","@id":"https:\/\/dev.antudigital.cl\/sites\/vc\/fundacion-oani-cumplio-10-anos-y-celebra-el-dia-de-la-ninez-con-muestra-y-taller-de-puesta-en-escena\/","url":"https:\/\/dev.antudigital.cl\/sites\/vc\/fundacion-oani-cumplio-10-anos-y-celebra-el-dia-de-la-ninez-con-muestra-y-taller-de-puesta-en-escena\/","name":"Fundaci\u00f3n OANI cumpli\u00f3 10 a\u00f1os y celebra el D\u00eda de la Ni\u00f1ez con Muestra y Taller de Puesta en Escena - Valpara\u00ed\u00adso Creativo","isPartOf":{"@id":"https:\/\/dev.antudigital.cl\/sites\/vc\/#website"},"primaryImageOfPage":{"@id":"https:\/\/dev.antudigital.cl\/sites\/vc\/fundacion-oani-cumplio-10-anos-y-celebra-el-dia-de-la-ninez-con-muestra-y-taller-de-puesta-en-escena\/#primaryimage"},"image":{"@id":"https:\/\/dev.antudigital.cl\/sites\/vc\/fundacion-oani-cumplio-10-anos-y-celebra-el-dia-de-la-ninez-con-muestra-y-taller-de-puesta-en-escena\/#primaryimage"},"thumbnailUrl":"https:\/\/dev.antudigital.cl\/sites\/vc\/wp-content\/uploads\/2024\/08\/MUESTRA-LAMBE-LAMBE-4-scaled.jpg","datePublished":"2024-08-08T21:18:15+00:00","dateModified":"2024-08-08T21:18:33+00:00","author":{"@id":"https:\/\/dev.antudigital.cl\/sites\/vc\/#\/schema\/person\/c2b9da8dd545e27166fc5ab232837318"},"breadcrumb":{"@id":"https:\/\/dev.antudigital.cl\/sites\/vc\/fundacion-oani-cumplio-10-anos-y-celebra-el-dia-de-la-ninez-con-muestra-y-taller-de-puesta-en-escena\/#breadcrumb"},"inLanguage":"es","potentialAction":[{"@type":"ReadAction","target":["https:\/\/dev.antudigital.cl\/sites\/vc\/fundacion-oani-cumplio-10-anos-y-celebra-el-dia-de-la-ninez-con-muestra-y-taller-de-puesta-en-escena\/"]}]},{"@type":"ImageObject","inLanguage":"es","@id":"https:\/\/dev.antudigital.cl\/sites\/vc\/fundacion-oani-cumplio-10-anos-y-celebra-el-dia-de-la-ninez-con-muestra-y-taller-de-puesta-en-escena\/#primaryimage","url":"https:\/\/dev.antudigital.cl\/sites\/vc\/wp-content\/uploads\/2024\/08\/MUESTRA-LAMBE-LAMBE-4-scaled.jpg","contentUrl":"https:\/\/dev.antudigital.cl\/sites\/vc\/wp-content\/uploads\/2024\/08\/MUESTRA-LAMBE-LAMBE-4-scaled.jpg","width":2560,"height":1441},{"@type":"BreadcrumbList","@id":"https:\/\/dev.antudigital.cl\/sites\/vc\/fundacion-oani-cumplio-10-anos-y-celebra-el-dia-de-la-ninez-con-muestra-y-taller-de-puesta-en-escena\/#breadcrumb","itemListElement":[{"@type":"ListItem","position":1,"name":"Home","item":"https:\/\/dev.antudigital.cl\/sites\/vc\/"},{"@type":"ListItem","position":2,"name":"Fundaci\u00f3n OANI cumpli\u00f3 10 a\u00f1os y celebra el D\u00eda de la Ni\u00f1ez con Muestra y Taller de Puesta en Escena"}]},{"@type":"WebSite","@id":"https:\/\/dev.antudigital.cl\/sites\/vc\/#website","url":"https:\/\/dev.antudigital.cl\/sites\/vc\/","name":"Valpara\u00ed\u00adso Creativo","description":"","potentialAction":[{"@type":"SearchAction","target":{"@type":"EntryPoint","urlTemplate":"https:\/\/dev.antudigital.cl\/sites\/vc\/?s={search_term_string}"},"query-input":{"@type":"PropertyValueSpecification","valueRequired":true,"valueName":"search_term_string"}}],"inLanguage":"es"},{"@type":"Person","@id":"https:\/\/dev.antudigital.cl\/sites\/vc\/#\/schema\/person\/c2b9da8dd545e27166fc5ab232837318","name":"Valpara\u00edso Creativo","description":"Periodista de cultura en la Regi\u00f3n de Valpara\u00edso.","url":"https:\/\/dev.antudigital.cl\/sites\/vc\/author\/valpoadmin\/"}]}},"_links":{"self":[{"href":"https:\/\/dev.antudigital.cl\/sites\/vc\/wp-json\/wp\/v2\/posts\/19953","targetHints":{"allow":["GET"]}}],"collection":[{"href":"https:\/\/dev.antudigital.cl\/sites\/vc\/wp-json\/wp\/v2\/posts"}],"about":[{"href":"https:\/\/dev.antudigital.cl\/sites\/vc\/wp-json\/wp\/v2\/types\/post"}],"author":[{"embeddable":true,"href":"https:\/\/dev.antudigital.cl\/sites\/vc\/wp-json\/wp\/v2\/users\/1"}],"replies":[{"embeddable":true,"href":"https:\/\/dev.antudigital.cl\/sites\/vc\/wp-json\/wp\/v2\/comments?post=19953"}],"version-history":[{"count":1,"href":"https:\/\/dev.antudigital.cl\/sites\/vc\/wp-json\/wp\/v2\/posts\/19953\/revisions"}],"predecessor-version":[{"id":19957,"href":"https:\/\/dev.antudigital.cl\/sites\/vc\/wp-json\/wp\/v2\/posts\/19953\/revisions\/19957"}],"wp:featuredmedia":[{"embeddable":true,"href":"https:\/\/dev.antudigital.cl\/sites\/vc\/wp-json\/wp\/v2\/media\/19955"}],"wp:attachment":[{"href":"https:\/\/dev.antudigital.cl\/sites\/vc\/wp-json\/wp\/v2\/media?parent=19953"}],"wp:term":[{"taxonomy":"category","embeddable":true,"href":"https:\/\/dev.antudigital.cl\/sites\/vc\/wp-json\/wp\/v2\/categories?post=19953"},{"taxonomy":"post_tag","embeddable":true,"href":"https:\/\/dev.antudigital.cl\/sites\/vc\/wp-json\/wp\/v2\/tags?post=19953"}],"curies":[{"name":"wp","href":"https:\/\/api.w.org\/{rel}","templated":true}]}}