{"id":19962,"date":"2024-08-08T21:27:49","date_gmt":"2024-08-08T21:27:49","guid":{"rendered":"https:\/\/www.valparaisocreativo.cl\/?p=19962"},"modified":"2024-08-08T21:28:19","modified_gmt":"2024-08-08T21:28:19","slug":"insomnia-estrena-la-trampa-del-director-m-night-shyamalan","status":"publish","type":"post","link":"https:\/\/dev.antudigital.cl\/sites\/vc\/insomnia-estrena-la-trampa-del-director-m-night-shyamalan\/","title":{"rendered":"INSOMNIA estrena \u201cLa trampa\u201d del director M. Night Shyamalan"},"content":{"rendered":"\n<p>La trampa es una pel\u00edcula sobre un asesino en serie apodado \u201cEl carnicero\u201d (Josh Hartnett) que lleva a su hija (Ariel Donoghue) a un concierto de Lady Raven (Saleka Shyamalan, hija del director y compositora de toda la banda sonora), cuando se da cuenta que todo es un operativo encubierto para atraparlo. La idea original nace de la conversaci\u00f3n que tuvo el director M. Night Shyamalan con su hija Saleka sobre la idea de crear un concierto, combinando la experiencia teatral y la narrativa de una pel\u00edcula.<\/p>\n\n\n\n<p>El gui\u00f3n fue escrito en 5 meses por Shyamalan, quien describi\u00f3 a Trap como: \u201cel escenario de El silencio de los inocentes (1991) en un concierto de Taylor Swift\u201d. Esta pel\u00edcula vincula la intriga y el drama pero, sobre todo, nos presenta un personaje complejo con m\u00faltiples capas y la vida de una familia, muy fuera de lo com\u00fan, en la cual el actor Josh Hartnett se luce interpretando a un psic\u00f3pata \u00fanico y original.<\/p>\n\n\n\n<p>M. Night Shyamalan ha sido reconocido en todo el mundo por pel\u00edculas como \u201cEl sexto sentido\u201d, nominada a los premios \u00d3scar de la mano del rol protag\u00f3nico de Bruce Willis y el salto al estrellato de Haley Joel Osment; \u201cEl protegido\u201d, tambi\u00e9n protagonizada por Bruce Willis, esta vez junto a Samuel L. Jackson; \u201cSe\u00f1ales\u201d con Mel Gibson y \u201cLa villa\u201d que fue nominada a los premios Oscar por su banda sonora.<\/p>\n\n\n\n<figure class=\"wp-block-image size-full\"><img fetchpriority=\"high\" decoding=\"async\" width=\"900\" height=\"506\" src=\"https:\/\/www.valparaisocreativo.cl\/wp-content\/uploads\/2024\/08\/Captura-de-Pantalla-2024-08-08-a-las-17.25.57.png\" alt=\"\" class=\"wp-image-19964\" srcset=\"https:\/\/dev.antudigital.cl\/sites\/vc\/wp-content\/uploads\/2024\/08\/Captura-de-Pantalla-2024-08-08-a-las-17.25.57.png 900w, https:\/\/dev.antudigital.cl\/sites\/vc\/wp-content\/uploads\/2024\/08\/Captura-de-Pantalla-2024-08-08-a-las-17.25.57-300x169.png 300w, https:\/\/dev.antudigital.cl\/sites\/vc\/wp-content\/uploads\/2024\/08\/Captura-de-Pantalla-2024-08-08-a-las-17.25.57-768x432.png 768w, https:\/\/dev.antudigital.cl\/sites\/vc\/wp-content\/uploads\/2024\/08\/Captura-de-Pantalla-2024-08-08-a-las-17.25.57-480x270.png 480w, https:\/\/dev.antudigital.cl\/sites\/vc\/wp-content\/uploads\/2024\/08\/Captura-de-Pantalla-2024-08-08-a-las-17.25.57-24x13.png 24w, https:\/\/dev.antudigital.cl\/sites\/vc\/wp-content\/uploads\/2024\/08\/Captura-de-Pantalla-2024-08-08-a-las-17.25.57-36x20.png 36w, https:\/\/dev.antudigital.cl\/sites\/vc\/wp-content\/uploads\/2024\/08\/Captura-de-Pantalla-2024-08-08-a-las-17.25.57-48x27.png 48w\" sizes=\"(max-width: 900px) 100vw, 900px\" \/><\/figure>\n\n\n\n<p>Para Claudio Pereira, programador de INSOMNIA, se trata del estreno de un director fundamental: \u201chace 2 d\u00e9cadas que convivimos con el nombre de M. Night Shyamalan, ya que irrumpi\u00f3 bruscamente en el g\u00e9nero con \u201cEl sexto sentido\u201d, dando un fuerte empuje a una alica\u00edda producci\u00f3n industrial de pel\u00edculas de terror y en especial a darle un sustento a los giros de gui\u00f3n y al universo de lo sobrenatural. Este director, desarrolla una prol\u00edfica filmograf\u00eda entregando otros potentes t\u00edtulos como \u201cLa aldea\u201d abordando el concepto de lo siniestro y para zambullirse en la ciencia ficci\u00f3n y fant\u00e1stico en \u201cSe\u00f1ales\u201d y \u201cEl protegido\u201d.<\/p>\n\n\n\n<p>\u201cLlega a nuestra pantalla insomne su largometraje n\u00famero 16, titulado \u201cLa trampa\u201d, con una amplia experiencia en los c\u00f3digos de los g\u00e9neros como si fueran mecanismos de seducci\u00f3n de espectadores que se dejan encantar siempre por el buen cine y donde queremos ser manipulados, hasta el final, como bien nos ha entrenado desde el cine de Hichtcock hasta M. Night Shyamalan\u201d, precis\u00f3.<\/p>\n\n\n\n<p>En esta oportunidad, el elenco de La trampa est\u00e1 conformado por Josh Hartnett (Cooper Adams), Ariel Donoghue (como su hija Riley Adams), Hayley Mills (Dra. Josephine Grant), Saleka Shyamalan (Lady Raven) y Alison Pill (Rachel Adams), este film es producido por Blinding Edge Pictures y distribuido por Warner Bros. Adem\u00e1s de su fecha de estreno este jueves 8 de agosto a las 21:00 horas, la trampa se proyectar\u00e1 el viernes 9 (21:00) y martes 13 (20:00) en INSOMNIA Teatro Condell.<\/p>\n\n\n\n<figure class=\"wp-block-image size-full\"><img decoding=\"async\" width=\"627\" height=\"626\" src=\"https:\/\/www.valparaisocreativo.cl\/wp-content\/uploads\/2024\/08\/Captura-de-Pantalla-2024-08-08-a-las-17.26.32.png\" alt=\"\" class=\"wp-image-19963\" srcset=\"https:\/\/dev.antudigital.cl\/sites\/vc\/wp-content\/uploads\/2024\/08\/Captura-de-Pantalla-2024-08-08-a-las-17.26.32.png 627w, https:\/\/dev.antudigital.cl\/sites\/vc\/wp-content\/uploads\/2024\/08\/Captura-de-Pantalla-2024-08-08-a-las-17.26.32-300x300.png 300w, https:\/\/dev.antudigital.cl\/sites\/vc\/wp-content\/uploads\/2024\/08\/Captura-de-Pantalla-2024-08-08-a-las-17.26.32-150x150.png 150w, https:\/\/dev.antudigital.cl\/sites\/vc\/wp-content\/uploads\/2024\/08\/Captura-de-Pantalla-2024-08-08-a-las-17.26.32-480x479.png 480w, https:\/\/dev.antudigital.cl\/sites\/vc\/wp-content\/uploads\/2024\/08\/Captura-de-Pantalla-2024-08-08-a-las-17.26.32-24x24.png 24w, https:\/\/dev.antudigital.cl\/sites\/vc\/wp-content\/uploads\/2024\/08\/Captura-de-Pantalla-2024-08-08-a-las-17.26.32-36x36.png 36w, https:\/\/dev.antudigital.cl\/sites\/vc\/wp-content\/uploads\/2024\/08\/Captura-de-Pantalla-2024-08-08-a-las-17.26.32-48x48.png 48w\" sizes=\"(max-width: 627px) 100vw, 627px\" \/><\/figure>\n","protected":false},"excerpt":{"rendered":"<p>La trampa es una pel\u00edcula sobre un asesino en serie apodado \u201cEl carnicero\u201d (Josh Hartnett) que lleva a su hija (Ariel Donoghue) a un concierto de Lady Raven (Saleka Shyamalan, hija del director y compositora de toda la banda sonora), cuando se da cuenta que todo es un operativo encubierto para atraparlo. La idea original [&hellip;]<\/p>\n","protected":false},"author":1,"featured_media":19965,"comment_status":"closed","ping_status":"closed","sticky":false,"template":"","format":"standard","meta":{"_acf_changed":false,"footnotes":""},"categories":[8],"tags":[],"class_list":["post-19962","post","type-post","status-publish","format-standard","has-post-thumbnail","hentry","category-noticia"],"acf":[],"yoast_head":"<!-- This site is optimized with the Yoast SEO plugin v27.1.1 - https:\/\/yoast.com\/product\/yoast-seo-wordpress\/ -->\n<title>INSOMNIA estrena \u201cLa trampa\u201d del director M. Night Shyamalan - Valpara\u00ed\u00adso Creativo<\/title>\n<meta name=\"robots\" content=\"index, follow, max-snippet:-1, max-image-preview:large, max-video-preview:-1\" \/>\n<link rel=\"canonical\" href=\"https:\/\/dev.antudigital.cl\/sites\/vc\/insomnia-estrena-la-trampa-del-director-m-night-shyamalan\/\" \/>\n<meta property=\"og:locale\" content=\"es_ES\" \/>\n<meta property=\"og:type\" content=\"article\" \/>\n<meta property=\"og:title\" content=\"INSOMNIA estrena \u201cLa trampa\u201d del director M. Night Shyamalan - Valpara\u00ed\u00adso Creativo\" \/>\n<meta property=\"og:description\" content=\"La trampa es una pel\u00edcula sobre un asesino en serie apodado \u201cEl carnicero\u201d (Josh Hartnett) que lleva a su hija (Ariel Donoghue) a un concierto de Lady Raven (Saleka Shyamalan, hija del director y compositora de toda la banda sonora), cuando se da cuenta que todo es un operativo encubierto para atraparlo. La idea original [&hellip;]\" \/>\n<meta property=\"og:url\" content=\"https:\/\/dev.antudigital.cl\/sites\/vc\/insomnia-estrena-la-trampa-del-director-m-night-shyamalan\/\" \/>\n<meta property=\"og:site_name\" content=\"Valpara\u00ed\u00adso Creativo\" \/>\n<meta property=\"article:published_time\" content=\"2024-08-08T21:27:49+00:00\" \/>\n<meta property=\"article:modified_time\" content=\"2024-08-08T21:28:19+00:00\" \/>\n<meta property=\"og:image\" content=\"https:\/\/dev.antudigital.cl\/sites\/vc\/wp-content\/uploads\/2024\/08\/La-trampa-3-1024x576.png\" \/>\n\t<meta property=\"og:image:width\" content=\"1024\" \/>\n\t<meta property=\"og:image:height\" content=\"576\" \/>\n\t<meta property=\"og:image:type\" content=\"image\/png\" \/>\n<meta name=\"author\" content=\"Valpara\u00edso Creativo\" \/>\n<meta name=\"twitter:card\" content=\"summary_large_image\" \/>\n<meta name=\"twitter:label1\" content=\"Escrito por\" \/>\n\t<meta name=\"twitter:data1\" content=\"Valpara\u00edso Creativo\" \/>\n\t<meta name=\"twitter:label2\" content=\"Tiempo de lectura\" \/>\n\t<meta name=\"twitter:data2\" content=\"3 minutos\" \/>\n<script type=\"application\/ld+json\" class=\"yoast-schema-graph\">{\"@context\":\"https:\/\/schema.org\",\"@graph\":[{\"@type\":\"Article\",\"@id\":\"https:\/\/dev.antudigital.cl\/sites\/vc\/insomnia-estrena-la-trampa-del-director-m-night-shyamalan\/#article\",\"isPartOf\":{\"@id\":\"https:\/\/dev.antudigital.cl\/sites\/vc\/insomnia-estrena-la-trampa-del-director-m-night-shyamalan\/\"},\"author\":{\"name\":\"Valpara\u00edso Creativo\",\"@id\":\"https:\/\/dev.antudigital.cl\/sites\/vc\/#\/schema\/person\/c2b9da8dd545e27166fc5ab232837318\"},\"headline\":\"INSOMNIA estrena \u201cLa trampa\u201d del director M. Night Shyamalan\",\"datePublished\":\"2024-08-08T21:27:49+00:00\",\"dateModified\":\"2024-08-08T21:28:19+00:00\",\"mainEntityOfPage\":{\"@id\":\"https:\/\/dev.antudigital.cl\/sites\/vc\/insomnia-estrena-la-trampa-del-director-m-night-shyamalan\/\"},\"wordCount\":504,\"image\":{\"@id\":\"https:\/\/dev.antudigital.cl\/sites\/vc\/insomnia-estrena-la-trampa-del-director-m-night-shyamalan\/#primaryimage\"},\"thumbnailUrl\":\"https:\/\/dev.antudigital.cl\/sites\/vc\/wp-content\/uploads\/2024\/08\/La-trampa-3.png\",\"articleSection\":[\"Noticia\"],\"inLanguage\":\"es\"},{\"@type\":\"WebPage\",\"@id\":\"https:\/\/dev.antudigital.cl\/sites\/vc\/insomnia-estrena-la-trampa-del-director-m-night-shyamalan\/\",\"url\":\"https:\/\/dev.antudigital.cl\/sites\/vc\/insomnia-estrena-la-trampa-del-director-m-night-shyamalan\/\",\"name\":\"INSOMNIA estrena \u201cLa trampa\u201d del director M. Night Shyamalan - Valpara\u00ed\u00adso Creativo\",\"isPartOf\":{\"@id\":\"https:\/\/dev.antudigital.cl\/sites\/vc\/#website\"},\"primaryImageOfPage\":{\"@id\":\"https:\/\/dev.antudigital.cl\/sites\/vc\/insomnia-estrena-la-trampa-del-director-m-night-shyamalan\/#primaryimage\"},\"image\":{\"@id\":\"https:\/\/dev.antudigital.cl\/sites\/vc\/insomnia-estrena-la-trampa-del-director-m-night-shyamalan\/#primaryimage\"},\"thumbnailUrl\":\"https:\/\/dev.antudigital.cl\/sites\/vc\/wp-content\/uploads\/2024\/08\/La-trampa-3.png\",\"datePublished\":\"2024-08-08T21:27:49+00:00\",\"dateModified\":\"2024-08-08T21:28:19+00:00\",\"author\":{\"@id\":\"https:\/\/dev.antudigital.cl\/sites\/vc\/#\/schema\/person\/c2b9da8dd545e27166fc5ab232837318\"},\"breadcrumb\":{\"@id\":\"https:\/\/dev.antudigital.cl\/sites\/vc\/insomnia-estrena-la-trampa-del-director-m-night-shyamalan\/#breadcrumb\"},\"inLanguage\":\"es\",\"potentialAction\":[{\"@type\":\"ReadAction\",\"target\":[\"https:\/\/dev.antudigital.cl\/sites\/vc\/insomnia-estrena-la-trampa-del-director-m-night-shyamalan\/\"]}]},{\"@type\":\"ImageObject\",\"inLanguage\":\"es\",\"@id\":\"https:\/\/dev.antudigital.cl\/sites\/vc\/insomnia-estrena-la-trampa-del-director-m-night-shyamalan\/#primaryimage\",\"url\":\"https:\/\/dev.antudigital.cl\/sites\/vc\/wp-content\/uploads\/2024\/08\/La-trampa-3.png\",\"contentUrl\":\"https:\/\/dev.antudigital.cl\/sites\/vc\/wp-content\/uploads\/2024\/08\/La-trampa-3.png\",\"width\":3840,\"height\":2160},{\"@type\":\"BreadcrumbList\",\"@id\":\"https:\/\/dev.antudigital.cl\/sites\/vc\/insomnia-estrena-la-trampa-del-director-m-night-shyamalan\/#breadcrumb\",\"itemListElement\":[{\"@type\":\"ListItem\",\"position\":1,\"name\":\"Home\",\"item\":\"https:\/\/dev.antudigital.cl\/sites\/vc\/\"},{\"@type\":\"ListItem\",\"position\":2,\"name\":\"INSOMNIA estrena \u201cLa trampa\u201d del director M. Night Shyamalan\"}]},{\"@type\":\"WebSite\",\"@id\":\"https:\/\/dev.antudigital.cl\/sites\/vc\/#website\",\"url\":\"https:\/\/dev.antudigital.cl\/sites\/vc\/\",\"name\":\"Valpara\u00ed\u00adso Creativo\",\"description\":\"\",\"potentialAction\":[{\"@type\":\"SearchAction\",\"target\":{\"@type\":\"EntryPoint\",\"urlTemplate\":\"https:\/\/dev.antudigital.cl\/sites\/vc\/?s={search_term_string}\"},\"query-input\":{\"@type\":\"PropertyValueSpecification\",\"valueRequired\":true,\"valueName\":\"search_term_string\"}}],\"inLanguage\":\"es\"},{\"@type\":\"Person\",\"@id\":\"https:\/\/dev.antudigital.cl\/sites\/vc\/#\/schema\/person\/c2b9da8dd545e27166fc5ab232837318\",\"name\":\"Valpara\u00edso Creativo\",\"description\":\"Periodista de cultura en la Regi\u00f3n de Valpara\u00edso.\",\"url\":\"https:\/\/dev.antudigital.cl\/sites\/vc\/author\/valpoadmin\/\"}]}<\/script>\n<!-- \/ Yoast SEO plugin. -->","yoast_head_json":{"title":"INSOMNIA estrena \u201cLa trampa\u201d del director M. Night Shyamalan - Valpara\u00ed\u00adso Creativo","robots":{"index":"index","follow":"follow","max-snippet":"max-snippet:-1","max-image-preview":"max-image-preview:large","max-video-preview":"max-video-preview:-1"},"canonical":"https:\/\/dev.antudigital.cl\/sites\/vc\/insomnia-estrena-la-trampa-del-director-m-night-shyamalan\/","og_locale":"es_ES","og_type":"article","og_title":"INSOMNIA estrena \u201cLa trampa\u201d del director M. Night Shyamalan - Valpara\u00ed\u00adso Creativo","og_description":"La trampa es una pel\u00edcula sobre un asesino en serie apodado \u201cEl carnicero\u201d (Josh Hartnett) que lleva a su hija (Ariel Donoghue) a un concierto de Lady Raven (Saleka Shyamalan, hija del director y compositora de toda la banda sonora), cuando se da cuenta que todo es un operativo encubierto para atraparlo. La idea original [&hellip;]","og_url":"https:\/\/dev.antudigital.cl\/sites\/vc\/insomnia-estrena-la-trampa-del-director-m-night-shyamalan\/","og_site_name":"Valpara\u00ed\u00adso Creativo","article_published_time":"2024-08-08T21:27:49+00:00","article_modified_time":"2024-08-08T21:28:19+00:00","og_image":[{"width":1024,"height":576,"url":"https:\/\/dev.antudigital.cl\/sites\/vc\/wp-content\/uploads\/2024\/08\/La-trampa-3-1024x576.png","type":"image\/png"}],"author":"Valpara\u00edso Creativo","twitter_card":"summary_large_image","twitter_misc":{"Escrito por":"Valpara\u00edso Creativo","Tiempo de lectura":"3 minutos"},"schema":{"@context":"https:\/\/schema.org","@graph":[{"@type":"Article","@id":"https:\/\/dev.antudigital.cl\/sites\/vc\/insomnia-estrena-la-trampa-del-director-m-night-shyamalan\/#article","isPartOf":{"@id":"https:\/\/dev.antudigital.cl\/sites\/vc\/insomnia-estrena-la-trampa-del-director-m-night-shyamalan\/"},"author":{"name":"Valpara\u00edso Creativo","@id":"https:\/\/dev.antudigital.cl\/sites\/vc\/#\/schema\/person\/c2b9da8dd545e27166fc5ab232837318"},"headline":"INSOMNIA estrena \u201cLa trampa\u201d del director M. Night Shyamalan","datePublished":"2024-08-08T21:27:49+00:00","dateModified":"2024-08-08T21:28:19+00:00","mainEntityOfPage":{"@id":"https:\/\/dev.antudigital.cl\/sites\/vc\/insomnia-estrena-la-trampa-del-director-m-night-shyamalan\/"},"wordCount":504,"image":{"@id":"https:\/\/dev.antudigital.cl\/sites\/vc\/insomnia-estrena-la-trampa-del-director-m-night-shyamalan\/#primaryimage"},"thumbnailUrl":"https:\/\/dev.antudigital.cl\/sites\/vc\/wp-content\/uploads\/2024\/08\/La-trampa-3.png","articleSection":["Noticia"],"inLanguage":"es"},{"@type":"WebPage","@id":"https:\/\/dev.antudigital.cl\/sites\/vc\/insomnia-estrena-la-trampa-del-director-m-night-shyamalan\/","url":"https:\/\/dev.antudigital.cl\/sites\/vc\/insomnia-estrena-la-trampa-del-director-m-night-shyamalan\/","name":"INSOMNIA estrena \u201cLa trampa\u201d del director M. Night Shyamalan - Valpara\u00ed\u00adso Creativo","isPartOf":{"@id":"https:\/\/dev.antudigital.cl\/sites\/vc\/#website"},"primaryImageOfPage":{"@id":"https:\/\/dev.antudigital.cl\/sites\/vc\/insomnia-estrena-la-trampa-del-director-m-night-shyamalan\/#primaryimage"},"image":{"@id":"https:\/\/dev.antudigital.cl\/sites\/vc\/insomnia-estrena-la-trampa-del-director-m-night-shyamalan\/#primaryimage"},"thumbnailUrl":"https:\/\/dev.antudigital.cl\/sites\/vc\/wp-content\/uploads\/2024\/08\/La-trampa-3.png","datePublished":"2024-08-08T21:27:49+00:00","dateModified":"2024-08-08T21:28:19+00:00","author":{"@id":"https:\/\/dev.antudigital.cl\/sites\/vc\/#\/schema\/person\/c2b9da8dd545e27166fc5ab232837318"},"breadcrumb":{"@id":"https:\/\/dev.antudigital.cl\/sites\/vc\/insomnia-estrena-la-trampa-del-director-m-night-shyamalan\/#breadcrumb"},"inLanguage":"es","potentialAction":[{"@type":"ReadAction","target":["https:\/\/dev.antudigital.cl\/sites\/vc\/insomnia-estrena-la-trampa-del-director-m-night-shyamalan\/"]}]},{"@type":"ImageObject","inLanguage":"es","@id":"https:\/\/dev.antudigital.cl\/sites\/vc\/insomnia-estrena-la-trampa-del-director-m-night-shyamalan\/#primaryimage","url":"https:\/\/dev.antudigital.cl\/sites\/vc\/wp-content\/uploads\/2024\/08\/La-trampa-3.png","contentUrl":"https:\/\/dev.antudigital.cl\/sites\/vc\/wp-content\/uploads\/2024\/08\/La-trampa-3.png","width":3840,"height":2160},{"@type":"BreadcrumbList","@id":"https:\/\/dev.antudigital.cl\/sites\/vc\/insomnia-estrena-la-trampa-del-director-m-night-shyamalan\/#breadcrumb","itemListElement":[{"@type":"ListItem","position":1,"name":"Home","item":"https:\/\/dev.antudigital.cl\/sites\/vc\/"},{"@type":"ListItem","position":2,"name":"INSOMNIA estrena \u201cLa trampa\u201d del director M. Night Shyamalan"}]},{"@type":"WebSite","@id":"https:\/\/dev.antudigital.cl\/sites\/vc\/#website","url":"https:\/\/dev.antudigital.cl\/sites\/vc\/","name":"Valpara\u00ed\u00adso Creativo","description":"","potentialAction":[{"@type":"SearchAction","target":{"@type":"EntryPoint","urlTemplate":"https:\/\/dev.antudigital.cl\/sites\/vc\/?s={search_term_string}"},"query-input":{"@type":"PropertyValueSpecification","valueRequired":true,"valueName":"search_term_string"}}],"inLanguage":"es"},{"@type":"Person","@id":"https:\/\/dev.antudigital.cl\/sites\/vc\/#\/schema\/person\/c2b9da8dd545e27166fc5ab232837318","name":"Valpara\u00edso Creativo","description":"Periodista de cultura en la Regi\u00f3n de Valpara\u00edso.","url":"https:\/\/dev.antudigital.cl\/sites\/vc\/author\/valpoadmin\/"}]}},"_links":{"self":[{"href":"https:\/\/dev.antudigital.cl\/sites\/vc\/wp-json\/wp\/v2\/posts\/19962","targetHints":{"allow":["GET"]}}],"collection":[{"href":"https:\/\/dev.antudigital.cl\/sites\/vc\/wp-json\/wp\/v2\/posts"}],"about":[{"href":"https:\/\/dev.antudigital.cl\/sites\/vc\/wp-json\/wp\/v2\/types\/post"}],"author":[{"embeddable":true,"href":"https:\/\/dev.antudigital.cl\/sites\/vc\/wp-json\/wp\/v2\/users\/1"}],"replies":[{"embeddable":true,"href":"https:\/\/dev.antudigital.cl\/sites\/vc\/wp-json\/wp\/v2\/comments?post=19962"}],"version-history":[{"count":1,"href":"https:\/\/dev.antudigital.cl\/sites\/vc\/wp-json\/wp\/v2\/posts\/19962\/revisions"}],"predecessor-version":[{"id":19966,"href":"https:\/\/dev.antudigital.cl\/sites\/vc\/wp-json\/wp\/v2\/posts\/19962\/revisions\/19966"}],"wp:featuredmedia":[{"embeddable":true,"href":"https:\/\/dev.antudigital.cl\/sites\/vc\/wp-json\/wp\/v2\/media\/19965"}],"wp:attachment":[{"href":"https:\/\/dev.antudigital.cl\/sites\/vc\/wp-json\/wp\/v2\/media?parent=19962"}],"wp:term":[{"taxonomy":"category","embeddable":true,"href":"https:\/\/dev.antudigital.cl\/sites\/vc\/wp-json\/wp\/v2\/categories?post=19962"},{"taxonomy":"post_tag","embeddable":true,"href":"https:\/\/dev.antudigital.cl\/sites\/vc\/wp-json\/wp\/v2\/tags?post=19962"}],"curies":[{"name":"wp","href":"https:\/\/api.w.org\/{rel}","templated":true}]}}