{"id":19967,"date":"2024-08-08T21:39:08","date_gmt":"2024-08-08T21:39:08","guid":{"rendered":"https:\/\/www.valparaisocreativo.cl\/?p=19967"},"modified":"2024-08-08T22:12:44","modified_gmt":"2024-08-08T22:12:44","slug":"las-cosas-indefinidas-el-delicado-retrato-de-la-amistad-y-el-duelo-que-sera-presentado-por-su-directora-en-el-marco-de-estrenos-en-red-2024","status":"publish","type":"post","link":"https:\/\/dev.antudigital.cl\/sites\/vc\/las-cosas-indefinidas-el-delicado-retrato-de-la-amistad-y-el-duelo-que-sera-presentado-por-su-directora-en-el-marco-de-estrenos-en-red-2024\/","title":{"rendered":"Las cosas indefinidas: El delicado retrato de la amistad y el duelo que ser\u00e1 presentado por su directora en el marco de Estrenos en RED 2024"},"content":{"rendered":"\n<p><em>Las cosas indefinidas<\/em> es un \u00edntimo retrato de la amistad y el duelo que sigue a una montajista cuya vida se ve profundamente afectada tras la p\u00e9rdida de un amigo y colega. Dirigido por Mar\u00eda Aparicio y producido por Rodrigo Guerrero y Ana Apontes, es el tercer largometraje de la cineasta cordobesa, quien ya se ha transformado en una promesa del cine latinoamericano luego de <em>Las calles<\/em> (2016) y <em>Sobre las nubes<\/em> (2022), este \u00faltimo, ganador en la Competencia Largometraje del Festival de Cine de Valdivia en 2022.<\/p>\n\n\n\n<p>\u00abEsta nueva pel\u00edcula <em>c<\/em>onfirma a Mar\u00eda Aparicio como una de las cineastas contempor\u00e1neas m\u00e1s interesantes de Latinoam\u00e9rica en general y Argentina en particular. La directora de solo 32 a\u00f1os ha recibido numerosos reconocimientos internacionales con sus tres pel\u00edculas, las que tambi\u00e9n han sido ampliamente elogiadas en Chile\u201d, comenta Cynthia Garc\u00eda Calvo, encargada de programaci\u00f3n de la Red de Salas de Cine.&nbsp;<\/p>\n\n\n\n<figure class=\"wp-block-image size-large\"><img fetchpriority=\"high\" decoding=\"async\" width=\"1024\" height=\"568\" src=\"https:\/\/www.valparaisocreativo.cl\/wp-content\/uploads\/2024\/08\/Las-cosas-indefinidas-1-1024x568.png\" alt=\"\" class=\"wp-image-19968\" srcset=\"https:\/\/dev.antudigital.cl\/sites\/vc\/wp-content\/uploads\/2024\/08\/Las-cosas-indefinidas-1-1024x568.png 1024w, https:\/\/dev.antudigital.cl\/sites\/vc\/wp-content\/uploads\/2024\/08\/Las-cosas-indefinidas-1-300x166.png 300w, https:\/\/dev.antudigital.cl\/sites\/vc\/wp-content\/uploads\/2024\/08\/Las-cosas-indefinidas-1-768x426.png 768w, https:\/\/dev.antudigital.cl\/sites\/vc\/wp-content\/uploads\/2024\/08\/Las-cosas-indefinidas-1-1536x852.png 1536w, https:\/\/dev.antudigital.cl\/sites\/vc\/wp-content\/uploads\/2024\/08\/Las-cosas-indefinidas-1-1080x599.png 1080w, https:\/\/dev.antudigital.cl\/sites\/vc\/wp-content\/uploads\/2024\/08\/Las-cosas-indefinidas-1-1280x710.png 1280w, https:\/\/dev.antudigital.cl\/sites\/vc\/wp-content\/uploads\/2024\/08\/Las-cosas-indefinidas-1-980x544.png 980w, https:\/\/dev.antudigital.cl\/sites\/vc\/wp-content\/uploads\/2024\/08\/Las-cosas-indefinidas-1-480x266.png 480w, https:\/\/dev.antudigital.cl\/sites\/vc\/wp-content\/uploads\/2024\/08\/Las-cosas-indefinidas-1-24x13.png 24w, https:\/\/dev.antudigital.cl\/sites\/vc\/wp-content\/uploads\/2024\/08\/Las-cosas-indefinidas-1-36x20.png 36w, https:\/\/dev.antudigital.cl\/sites\/vc\/wp-content\/uploads\/2024\/08\/Las-cosas-indefinidas-1-48x27.png 48w, https:\/\/dev.antudigital.cl\/sites\/vc\/wp-content\/uploads\/2024\/08\/Las-cosas-indefinidas-1.png 1946w\" sizes=\"(max-width: 1024px) 100vw, 1024px\" \/><\/figure>\n\n\n\n<p>Tras ser premiada en los festivales de Marsella, Gij\u00f3n, Valdivia y Mar del Plata, y una aplaudida presentaci\u00f3n en la \u00faltima versi\u00f3n de SANFIC, <em>Las cosas indefinidas<\/em> llega a nuestro pa\u00eds para ser estrenada en los espacios de exhibici\u00f3n de la Red de Salas de Cine de Arica a Coyhaique, en el marco de Estrenos en RED, iniciativa que cuenta con el financiamiento del Ministerio de las Culturas, las Artes y el Patrimonio a trav\u00e9s de su Programa de Apoyo a Organizaciones Culturales Colaboradoras<\/p>\n\n\n\n<p>\u201cNuestro compromiso como exhibidores independientes est\u00e1 profundamente enlazado con los circuitos internacionales de circulaci\u00f3n y difusi\u00f3n del cine mundial. A trav\u00e9s de esta iniciativa, buscamos acercar a los espectadores pel\u00edculas que, como la de Aparicio, han sido ampliamente reconocidas tanto en festivales como por la cr\u00edtica, pero que hasta ahora no hab\u00edan tenido distribuci\u00f3n en las salas de exhibici\u00f3n nacional\u201d, se\u00f1ala Daniela Fuentes Posada, coordinadora general de la Red.<\/p>\n\n\n\n<p>La obra<em> <\/em>fue seleccionada como Largometraje Latinoamericano entre m\u00e1s de 50 postulaciones provenientes de Chile y otros 12 pa\u00edses de la Regi\u00f3n, en el marco de la quinta versi\u00f3n de Estrenos en RED, iniciativa de la Red Salas de Cine de Chile donde se selecciona a dos pel\u00edculas, sin estreno comercial en territorio nacional. La selecci\u00f3n en esta ocasi\u00f3n fue realizada por Cynthia Garc\u00eda Calvo en representaci\u00f3n de la Red Salas de Cine; Mart\u00edn Castillo de la sala Centro Arte Alameda ubicada en Santiago; y Dominique Rammsy de -1 CINE en Puerto Varas.&nbsp;<\/p>\n\n\n\n<p><em>Las cosas indefinidas<\/em> es una<em> <\/em>sutil reflexi\u00f3n sobre la creaci\u00f3n y la p\u00e9rdida que retrata a Eva, una mujer de cincuenta a\u00f1os que se dedica a editar pel\u00edculas. Mientras trabaja junto a su asistente Rami en un largometraje sobre personas con ceguera, parece haber perdido el entusiasmo por el cine. A esto se suma la reciente muerte de su amigo Juan, un director de cine cuyas pel\u00edculas ella editaba, que la ha marcado profundamente.<\/p>\n\n\n\n<figure class=\"wp-block-image size-large\"><img decoding=\"async\" width=\"1024\" height=\"576\" src=\"https:\/\/www.valparaisocreativo.cl\/wp-content\/uploads\/2024\/08\/Las-cosas-indefinidas-2-1024x576.png\" alt=\"\" class=\"wp-image-19970\" srcset=\"https:\/\/dev.antudigital.cl\/sites\/vc\/wp-content\/uploads\/2024\/08\/Las-cosas-indefinidas-2-1024x576.png 1024w, https:\/\/dev.antudigital.cl\/sites\/vc\/wp-content\/uploads\/2024\/08\/Las-cosas-indefinidas-2-300x169.png 300w, https:\/\/dev.antudigital.cl\/sites\/vc\/wp-content\/uploads\/2024\/08\/Las-cosas-indefinidas-2-768x432.png 768w, https:\/\/dev.antudigital.cl\/sites\/vc\/wp-content\/uploads\/2024\/08\/Las-cosas-indefinidas-2-1536x864.png 1536w, https:\/\/dev.antudigital.cl\/sites\/vc\/wp-content\/uploads\/2024\/08\/Las-cosas-indefinidas-2-1080x608.png 1080w, https:\/\/dev.antudigital.cl\/sites\/vc\/wp-content\/uploads\/2024\/08\/Las-cosas-indefinidas-2-1280x720.png 1280w, https:\/\/dev.antudigital.cl\/sites\/vc\/wp-content\/uploads\/2024\/08\/Las-cosas-indefinidas-2-980x551.png 980w, https:\/\/dev.antudigital.cl\/sites\/vc\/wp-content\/uploads\/2024\/08\/Las-cosas-indefinidas-2-480x270.png 480w, https:\/\/dev.antudigital.cl\/sites\/vc\/wp-content\/uploads\/2024\/08\/Las-cosas-indefinidas-2-24x14.png 24w, https:\/\/dev.antudigital.cl\/sites\/vc\/wp-content\/uploads\/2024\/08\/Las-cosas-indefinidas-2-36x20.png 36w, https:\/\/dev.antudigital.cl\/sites\/vc\/wp-content\/uploads\/2024\/08\/Las-cosas-indefinidas-2-48x27.png 48w, https:\/\/dev.antudigital.cl\/sites\/vc\/wp-content\/uploads\/2024\/08\/Las-cosas-indefinidas-2.png 1920w\" sizes=\"(max-width: 1024px) 100vw, 1024px\" \/><\/figure>\n\n\n\n<p>\u201cMar\u00eda demuestra su madurez como creadora para narrar una historia que reflexiona sobre el proceso creativo, las im\u00e1genes y el cine, pero tambi\u00e9n sobre el duelo, la memoria y el tiempo. Es tambi\u00e9n interesante que la obra se genera desde la provincia de C\u00f3rdoba, de donde ella es oriunda, lo que permite al espectador acercarse a otros escenarios, colores y acentos, que escapan a la hegemon\u00eda de la producci\u00f3n cinematogr\u00e1fica de la gran capital\u201d, explica Garc\u00eda Calvo.<\/p>\n\n\n\n<p>La pel\u00edcula ser\u00e1 exhibida a fines de agosto en salas de la Red de Salas de Cine de Arica a Coyhaique y en su semana de estreno contar\u00e1 con la participaci\u00f3n de su directora, Mar\u00eda Aparicio, quien estar\u00e1 presente en cineforos en la Regi\u00f3n Metropolitana y la Regi\u00f3n de Valpara\u00edso.&nbsp;<\/p>\n\n\n\n<p><strong>Funciones<\/strong><\/p>\n\n\n\n<p><strong><span style=\"text-decoration: underline;\">Martes 27 de agosto \u2013 Centro Cultural San Antonio en San Antonio (Pre estreno)<\/span><\/strong><\/p>\n\n\n\n<p><strong>Mi\u00e9rcoles 28 de agosto \u2013 Centro Arte Alameda en Santiago (Avant premiere)<br>Jueves 29 de agosto\u00a0\u2013 ESTRENO NACIONAL<\/strong><\/p>\n\n\n\n<p><strong><span style=\"text-decoration: underline;\">Viernes 30 de agosto \u2013 Insomnia Teatro Condell en Valpara\u00edso<\/span><\/strong><\/p>\n\n\n\n<p><strong>S\u00e1bado 31 de agosto \u2013 Cineteca Nacional de Chile en Santiago<\/strong><\/p>\n\n\n\n<p>La <strong>Asociaci\u00f3n Gremial de Salas Independientes de Cine de Chile<\/strong> forma parte del <strong>Programa de Apoyo a Organizaciones Culturales Colaboradoras del Ministerio de las Culturas, las Artes y el Patrimonio<\/strong>, que busca fortalecer y dar continuidad a instituciones y organizaciones culturales de derecho privado y sin fines de lucro. Este programa adem\u00e1s es parte del Sistema de Financiamiento a Organizaciones e Infraestructura Cultural del <strong>Ministerio de las Culturas, las Artes y el Patrimonio<\/strong> que integra, articula y coordina de forma transversal los planes, programas y fondos orientados al fomento y apoyo de las organizaciones, de la infraestructura cultural, y de la mediaci\u00f3n art\u00edstica. Todo esto con una vocaci\u00f3n descentralizada, mecanismos participativos, y la promoci\u00f3n de la creaci\u00f3n de redes y asociaciones.<\/p>\n\n\n\n<p><strong>M\u00e1s informaci\u00f3n en redsalasdecine.cl&nbsp;<\/strong><\/p>\n","protected":false},"excerpt":{"rendered":"<p>Las cosas indefinidas es un \u00edntimo retrato de la amistad y el duelo que sigue a una montajista cuya vida se ve profundamente afectada tras la p\u00e9rdida de un amigo y colega. Dirigido por Mar\u00eda Aparicio y producido por Rodrigo Guerrero y Ana Apontes, es el tercer largometraje de la cineasta cordobesa, quien ya se [&hellip;]<\/p>\n","protected":false},"author":1,"featured_media":19969,"comment_status":"closed","ping_status":"closed","sticky":false,"template":"","format":"standard","meta":{"_acf_changed":false,"footnotes":""},"categories":[8],"tags":[],"class_list":["post-19967","post","type-post","status-publish","format-standard","has-post-thumbnail","hentry","category-noticia"],"acf":[],"yoast_head":"<!-- This site is optimized with the Yoast SEO plugin v27.1.1 - https:\/\/yoast.com\/product\/yoast-seo-wordpress\/ -->\n<title>Las cosas indefinidas: El delicado retrato de la amistad y el duelo que ser\u00e1 presentado por su directora en el marco de Estrenos en RED 2024 - Valpara\u00ed\u00adso Creativo<\/title>\n<meta name=\"robots\" content=\"index, follow, max-snippet:-1, max-image-preview:large, max-video-preview:-1\" \/>\n<link rel=\"canonical\" href=\"https:\/\/dev.antudigital.cl\/sites\/vc\/las-cosas-indefinidas-el-delicado-retrato-de-la-amistad-y-el-duelo-que-sera-presentado-por-su-directora-en-el-marco-de-estrenos-en-red-2024\/\" \/>\n<meta property=\"og:locale\" content=\"es_ES\" \/>\n<meta property=\"og:type\" content=\"article\" \/>\n<meta property=\"og:title\" content=\"Las cosas indefinidas: El delicado retrato de la amistad y el duelo que ser\u00e1 presentado por su directora en el marco de Estrenos en RED 2024 - Valpara\u00ed\u00adso Creativo\" \/>\n<meta property=\"og:description\" content=\"Las cosas indefinidas es un \u00edntimo retrato de la amistad y el duelo que sigue a una montajista cuya vida se ve profundamente afectada tras la p\u00e9rdida de un amigo y colega. Dirigido por Mar\u00eda Aparicio y producido por Rodrigo Guerrero y Ana Apontes, es el tercer largometraje de la cineasta cordobesa, quien ya se [&hellip;]\" \/>\n<meta property=\"og:url\" content=\"https:\/\/dev.antudigital.cl\/sites\/vc\/las-cosas-indefinidas-el-delicado-retrato-de-la-amistad-y-el-duelo-que-sera-presentado-por-su-directora-en-el-marco-de-estrenos-en-red-2024\/\" \/>\n<meta property=\"og:site_name\" content=\"Valpara\u00ed\u00adso Creativo\" \/>\n<meta property=\"article:published_time\" content=\"2024-08-08T21:39:08+00:00\" \/>\n<meta property=\"article:modified_time\" content=\"2024-08-08T22:12:44+00:00\" \/>\n<meta property=\"og:image\" content=\"https:\/\/dev.antudigital.cl\/sites\/vc\/wp-content\/uploads\/2024\/08\/Las-cosas-indefinidas-3.png\" \/>\n\t<meta property=\"og:image:width\" content=\"1920\" \/>\n\t<meta property=\"og:image:height\" content=\"1080\" \/>\n\t<meta property=\"og:image:type\" content=\"image\/png\" \/>\n<meta name=\"author\" content=\"Valpara\u00edso Creativo\" \/>\n<meta name=\"twitter:card\" content=\"summary_large_image\" \/>\n<meta name=\"twitter:label1\" content=\"Escrito por\" \/>\n\t<meta name=\"twitter:data1\" content=\"Valpara\u00edso Creativo\" \/>\n\t<meta name=\"twitter:label2\" content=\"Tiempo de lectura\" \/>\n\t<meta name=\"twitter:data2\" content=\"5 minutos\" \/>\n<script type=\"application\/ld+json\" class=\"yoast-schema-graph\">{\"@context\":\"https:\/\/schema.org\",\"@graph\":[{\"@type\":\"Article\",\"@id\":\"https:\/\/dev.antudigital.cl\/sites\/vc\/las-cosas-indefinidas-el-delicado-retrato-de-la-amistad-y-el-duelo-que-sera-presentado-por-su-directora-en-el-marco-de-estrenos-en-red-2024\/#article\",\"isPartOf\":{\"@id\":\"https:\/\/dev.antudigital.cl\/sites\/vc\/las-cosas-indefinidas-el-delicado-retrato-de-la-amistad-y-el-duelo-que-sera-presentado-por-su-directora-en-el-marco-de-estrenos-en-red-2024\/\"},\"author\":{\"name\":\"Valpara\u00edso Creativo\",\"@id\":\"https:\/\/dev.antudigital.cl\/sites\/vc\/#\/schema\/person\/c2b9da8dd545e27166fc5ab232837318\"},\"headline\":\"Las cosas indefinidas: El delicado retrato de la amistad y el duelo que ser\u00e1 presentado por su directora en el marco de Estrenos en RED 2024\",\"datePublished\":\"2024-08-08T21:39:08+00:00\",\"dateModified\":\"2024-08-08T22:12:44+00:00\",\"mainEntityOfPage\":{\"@id\":\"https:\/\/dev.antudigital.cl\/sites\/vc\/las-cosas-indefinidas-el-delicado-retrato-de-la-amistad-y-el-duelo-que-sera-presentado-por-su-directora-en-el-marco-de-estrenos-en-red-2024\/\"},\"wordCount\":860,\"image\":{\"@id\":\"https:\/\/dev.antudigital.cl\/sites\/vc\/las-cosas-indefinidas-el-delicado-retrato-de-la-amistad-y-el-duelo-que-sera-presentado-por-su-directora-en-el-marco-de-estrenos-en-red-2024\/#primaryimage\"},\"thumbnailUrl\":\"https:\/\/dev.antudigital.cl\/sites\/vc\/wp-content\/uploads\/2024\/08\/Las-cosas-indefinidas-3.png\",\"articleSection\":[\"Noticia\"],\"inLanguage\":\"es\"},{\"@type\":\"WebPage\",\"@id\":\"https:\/\/dev.antudigital.cl\/sites\/vc\/las-cosas-indefinidas-el-delicado-retrato-de-la-amistad-y-el-duelo-que-sera-presentado-por-su-directora-en-el-marco-de-estrenos-en-red-2024\/\",\"url\":\"https:\/\/dev.antudigital.cl\/sites\/vc\/las-cosas-indefinidas-el-delicado-retrato-de-la-amistad-y-el-duelo-que-sera-presentado-por-su-directora-en-el-marco-de-estrenos-en-red-2024\/\",\"name\":\"Las cosas indefinidas: El delicado retrato de la amistad y el duelo que ser\u00e1 presentado por su directora en el marco de Estrenos en RED 2024 - Valpara\u00ed\u00adso Creativo\",\"isPartOf\":{\"@id\":\"https:\/\/dev.antudigital.cl\/sites\/vc\/#website\"},\"primaryImageOfPage\":{\"@id\":\"https:\/\/dev.antudigital.cl\/sites\/vc\/las-cosas-indefinidas-el-delicado-retrato-de-la-amistad-y-el-duelo-que-sera-presentado-por-su-directora-en-el-marco-de-estrenos-en-red-2024\/#primaryimage\"},\"image\":{\"@id\":\"https:\/\/dev.antudigital.cl\/sites\/vc\/las-cosas-indefinidas-el-delicado-retrato-de-la-amistad-y-el-duelo-que-sera-presentado-por-su-directora-en-el-marco-de-estrenos-en-red-2024\/#primaryimage\"},\"thumbnailUrl\":\"https:\/\/dev.antudigital.cl\/sites\/vc\/wp-content\/uploads\/2024\/08\/Las-cosas-indefinidas-3.png\",\"datePublished\":\"2024-08-08T21:39:08+00:00\",\"dateModified\":\"2024-08-08T22:12:44+00:00\",\"author\":{\"@id\":\"https:\/\/dev.antudigital.cl\/sites\/vc\/#\/schema\/person\/c2b9da8dd545e27166fc5ab232837318\"},\"breadcrumb\":{\"@id\":\"https:\/\/dev.antudigital.cl\/sites\/vc\/las-cosas-indefinidas-el-delicado-retrato-de-la-amistad-y-el-duelo-que-sera-presentado-por-su-directora-en-el-marco-de-estrenos-en-red-2024\/#breadcrumb\"},\"inLanguage\":\"es\",\"potentialAction\":[{\"@type\":\"ReadAction\",\"target\":[\"https:\/\/dev.antudigital.cl\/sites\/vc\/las-cosas-indefinidas-el-delicado-retrato-de-la-amistad-y-el-duelo-que-sera-presentado-por-su-directora-en-el-marco-de-estrenos-en-red-2024\/\"]}]},{\"@type\":\"ImageObject\",\"inLanguage\":\"es\",\"@id\":\"https:\/\/dev.antudigital.cl\/sites\/vc\/las-cosas-indefinidas-el-delicado-retrato-de-la-amistad-y-el-duelo-que-sera-presentado-por-su-directora-en-el-marco-de-estrenos-en-red-2024\/#primaryimage\",\"url\":\"https:\/\/dev.antudigital.cl\/sites\/vc\/wp-content\/uploads\/2024\/08\/Las-cosas-indefinidas-3.png\",\"contentUrl\":\"https:\/\/dev.antudigital.cl\/sites\/vc\/wp-content\/uploads\/2024\/08\/Las-cosas-indefinidas-3.png\",\"width\":1920,\"height\":1080},{\"@type\":\"BreadcrumbList\",\"@id\":\"https:\/\/dev.antudigital.cl\/sites\/vc\/las-cosas-indefinidas-el-delicado-retrato-de-la-amistad-y-el-duelo-que-sera-presentado-por-su-directora-en-el-marco-de-estrenos-en-red-2024\/#breadcrumb\",\"itemListElement\":[{\"@type\":\"ListItem\",\"position\":1,\"name\":\"Home\",\"item\":\"https:\/\/dev.antudigital.cl\/sites\/vc\/\"},{\"@type\":\"ListItem\",\"position\":2,\"name\":\"Las cosas indefinidas: El delicado retrato de la amistad y el duelo que ser\u00e1 presentado por su directora en el marco de Estrenos en RED 2024\"}]},{\"@type\":\"WebSite\",\"@id\":\"https:\/\/dev.antudigital.cl\/sites\/vc\/#website\",\"url\":\"https:\/\/dev.antudigital.cl\/sites\/vc\/\",\"name\":\"Valpara\u00ed\u00adso Creativo\",\"description\":\"\",\"potentialAction\":[{\"@type\":\"SearchAction\",\"target\":{\"@type\":\"EntryPoint\",\"urlTemplate\":\"https:\/\/dev.antudigital.cl\/sites\/vc\/?s={search_term_string}\"},\"query-input\":{\"@type\":\"PropertyValueSpecification\",\"valueRequired\":true,\"valueName\":\"search_term_string\"}}],\"inLanguage\":\"es\"},{\"@type\":\"Person\",\"@id\":\"https:\/\/dev.antudigital.cl\/sites\/vc\/#\/schema\/person\/c2b9da8dd545e27166fc5ab232837318\",\"name\":\"Valpara\u00edso Creativo\",\"description\":\"Periodista de cultura en la Regi\u00f3n de Valpara\u00edso.\",\"url\":\"https:\/\/dev.antudigital.cl\/sites\/vc\/author\/valpoadmin\/\"}]}<\/script>\n<!-- \/ Yoast SEO plugin. -->","yoast_head_json":{"title":"Las cosas indefinidas: El delicado retrato de la amistad y el duelo que ser\u00e1 presentado por su directora en el marco de Estrenos en RED 2024 - Valpara\u00ed\u00adso Creativo","robots":{"index":"index","follow":"follow","max-snippet":"max-snippet:-1","max-image-preview":"max-image-preview:large","max-video-preview":"max-video-preview:-1"},"canonical":"https:\/\/dev.antudigital.cl\/sites\/vc\/las-cosas-indefinidas-el-delicado-retrato-de-la-amistad-y-el-duelo-que-sera-presentado-por-su-directora-en-el-marco-de-estrenos-en-red-2024\/","og_locale":"es_ES","og_type":"article","og_title":"Las cosas indefinidas: El delicado retrato de la amistad y el duelo que ser\u00e1 presentado por su directora en el marco de Estrenos en RED 2024 - Valpara\u00ed\u00adso Creativo","og_description":"Las cosas indefinidas es un \u00edntimo retrato de la amistad y el duelo que sigue a una montajista cuya vida se ve profundamente afectada tras la p\u00e9rdida de un amigo y colega. Dirigido por Mar\u00eda Aparicio y producido por Rodrigo Guerrero y Ana Apontes, es el tercer largometraje de la cineasta cordobesa, quien ya se [&hellip;]","og_url":"https:\/\/dev.antudigital.cl\/sites\/vc\/las-cosas-indefinidas-el-delicado-retrato-de-la-amistad-y-el-duelo-que-sera-presentado-por-su-directora-en-el-marco-de-estrenos-en-red-2024\/","og_site_name":"Valpara\u00ed\u00adso Creativo","article_published_time":"2024-08-08T21:39:08+00:00","article_modified_time":"2024-08-08T22:12:44+00:00","og_image":[{"width":1920,"height":1080,"url":"https:\/\/dev.antudigital.cl\/sites\/vc\/wp-content\/uploads\/2024\/08\/Las-cosas-indefinidas-3.png","type":"image\/png"}],"author":"Valpara\u00edso Creativo","twitter_card":"summary_large_image","twitter_misc":{"Escrito por":"Valpara\u00edso Creativo","Tiempo de lectura":"5 minutos"},"schema":{"@context":"https:\/\/schema.org","@graph":[{"@type":"Article","@id":"https:\/\/dev.antudigital.cl\/sites\/vc\/las-cosas-indefinidas-el-delicado-retrato-de-la-amistad-y-el-duelo-que-sera-presentado-por-su-directora-en-el-marco-de-estrenos-en-red-2024\/#article","isPartOf":{"@id":"https:\/\/dev.antudigital.cl\/sites\/vc\/las-cosas-indefinidas-el-delicado-retrato-de-la-amistad-y-el-duelo-que-sera-presentado-por-su-directora-en-el-marco-de-estrenos-en-red-2024\/"},"author":{"name":"Valpara\u00edso Creativo","@id":"https:\/\/dev.antudigital.cl\/sites\/vc\/#\/schema\/person\/c2b9da8dd545e27166fc5ab232837318"},"headline":"Las cosas indefinidas: El delicado retrato de la amistad y el duelo que ser\u00e1 presentado por su directora en el marco de Estrenos en RED 2024","datePublished":"2024-08-08T21:39:08+00:00","dateModified":"2024-08-08T22:12:44+00:00","mainEntityOfPage":{"@id":"https:\/\/dev.antudigital.cl\/sites\/vc\/las-cosas-indefinidas-el-delicado-retrato-de-la-amistad-y-el-duelo-que-sera-presentado-por-su-directora-en-el-marco-de-estrenos-en-red-2024\/"},"wordCount":860,"image":{"@id":"https:\/\/dev.antudigital.cl\/sites\/vc\/las-cosas-indefinidas-el-delicado-retrato-de-la-amistad-y-el-duelo-que-sera-presentado-por-su-directora-en-el-marco-de-estrenos-en-red-2024\/#primaryimage"},"thumbnailUrl":"https:\/\/dev.antudigital.cl\/sites\/vc\/wp-content\/uploads\/2024\/08\/Las-cosas-indefinidas-3.png","articleSection":["Noticia"],"inLanguage":"es"},{"@type":"WebPage","@id":"https:\/\/dev.antudigital.cl\/sites\/vc\/las-cosas-indefinidas-el-delicado-retrato-de-la-amistad-y-el-duelo-que-sera-presentado-por-su-directora-en-el-marco-de-estrenos-en-red-2024\/","url":"https:\/\/dev.antudigital.cl\/sites\/vc\/las-cosas-indefinidas-el-delicado-retrato-de-la-amistad-y-el-duelo-que-sera-presentado-por-su-directora-en-el-marco-de-estrenos-en-red-2024\/","name":"Las cosas indefinidas: El delicado retrato de la amistad y el duelo que ser\u00e1 presentado por su directora en el marco de Estrenos en RED 2024 - Valpara\u00ed\u00adso Creativo","isPartOf":{"@id":"https:\/\/dev.antudigital.cl\/sites\/vc\/#website"},"primaryImageOfPage":{"@id":"https:\/\/dev.antudigital.cl\/sites\/vc\/las-cosas-indefinidas-el-delicado-retrato-de-la-amistad-y-el-duelo-que-sera-presentado-por-su-directora-en-el-marco-de-estrenos-en-red-2024\/#primaryimage"},"image":{"@id":"https:\/\/dev.antudigital.cl\/sites\/vc\/las-cosas-indefinidas-el-delicado-retrato-de-la-amistad-y-el-duelo-que-sera-presentado-por-su-directora-en-el-marco-de-estrenos-en-red-2024\/#primaryimage"},"thumbnailUrl":"https:\/\/dev.antudigital.cl\/sites\/vc\/wp-content\/uploads\/2024\/08\/Las-cosas-indefinidas-3.png","datePublished":"2024-08-08T21:39:08+00:00","dateModified":"2024-08-08T22:12:44+00:00","author":{"@id":"https:\/\/dev.antudigital.cl\/sites\/vc\/#\/schema\/person\/c2b9da8dd545e27166fc5ab232837318"},"breadcrumb":{"@id":"https:\/\/dev.antudigital.cl\/sites\/vc\/las-cosas-indefinidas-el-delicado-retrato-de-la-amistad-y-el-duelo-que-sera-presentado-por-su-directora-en-el-marco-de-estrenos-en-red-2024\/#breadcrumb"},"inLanguage":"es","potentialAction":[{"@type":"ReadAction","target":["https:\/\/dev.antudigital.cl\/sites\/vc\/las-cosas-indefinidas-el-delicado-retrato-de-la-amistad-y-el-duelo-que-sera-presentado-por-su-directora-en-el-marco-de-estrenos-en-red-2024\/"]}]},{"@type":"ImageObject","inLanguage":"es","@id":"https:\/\/dev.antudigital.cl\/sites\/vc\/las-cosas-indefinidas-el-delicado-retrato-de-la-amistad-y-el-duelo-que-sera-presentado-por-su-directora-en-el-marco-de-estrenos-en-red-2024\/#primaryimage","url":"https:\/\/dev.antudigital.cl\/sites\/vc\/wp-content\/uploads\/2024\/08\/Las-cosas-indefinidas-3.png","contentUrl":"https:\/\/dev.antudigital.cl\/sites\/vc\/wp-content\/uploads\/2024\/08\/Las-cosas-indefinidas-3.png","width":1920,"height":1080},{"@type":"BreadcrumbList","@id":"https:\/\/dev.antudigital.cl\/sites\/vc\/las-cosas-indefinidas-el-delicado-retrato-de-la-amistad-y-el-duelo-que-sera-presentado-por-su-directora-en-el-marco-de-estrenos-en-red-2024\/#breadcrumb","itemListElement":[{"@type":"ListItem","position":1,"name":"Home","item":"https:\/\/dev.antudigital.cl\/sites\/vc\/"},{"@type":"ListItem","position":2,"name":"Las cosas indefinidas: El delicado retrato de la amistad y el duelo que ser\u00e1 presentado por su directora en el marco de Estrenos en RED 2024"}]},{"@type":"WebSite","@id":"https:\/\/dev.antudigital.cl\/sites\/vc\/#website","url":"https:\/\/dev.antudigital.cl\/sites\/vc\/","name":"Valpara\u00ed\u00adso Creativo","description":"","potentialAction":[{"@type":"SearchAction","target":{"@type":"EntryPoint","urlTemplate":"https:\/\/dev.antudigital.cl\/sites\/vc\/?s={search_term_string}"},"query-input":{"@type":"PropertyValueSpecification","valueRequired":true,"valueName":"search_term_string"}}],"inLanguage":"es"},{"@type":"Person","@id":"https:\/\/dev.antudigital.cl\/sites\/vc\/#\/schema\/person\/c2b9da8dd545e27166fc5ab232837318","name":"Valpara\u00edso Creativo","description":"Periodista de cultura en la Regi\u00f3n de Valpara\u00edso.","url":"https:\/\/dev.antudigital.cl\/sites\/vc\/author\/valpoadmin\/"}]}},"_links":{"self":[{"href":"https:\/\/dev.antudigital.cl\/sites\/vc\/wp-json\/wp\/v2\/posts\/19967","targetHints":{"allow":["GET"]}}],"collection":[{"href":"https:\/\/dev.antudigital.cl\/sites\/vc\/wp-json\/wp\/v2\/posts"}],"about":[{"href":"https:\/\/dev.antudigital.cl\/sites\/vc\/wp-json\/wp\/v2\/types\/post"}],"author":[{"embeddable":true,"href":"https:\/\/dev.antudigital.cl\/sites\/vc\/wp-json\/wp\/v2\/users\/1"}],"replies":[{"embeddable":true,"href":"https:\/\/dev.antudigital.cl\/sites\/vc\/wp-json\/wp\/v2\/comments?post=19967"}],"version-history":[{"count":2,"href":"https:\/\/dev.antudigital.cl\/sites\/vc\/wp-json\/wp\/v2\/posts\/19967\/revisions"}],"predecessor-version":[{"id":19995,"href":"https:\/\/dev.antudigital.cl\/sites\/vc\/wp-json\/wp\/v2\/posts\/19967\/revisions\/19995"}],"wp:featuredmedia":[{"embeddable":true,"href":"https:\/\/dev.antudigital.cl\/sites\/vc\/wp-json\/wp\/v2\/media\/19969"}],"wp:attachment":[{"href":"https:\/\/dev.antudigital.cl\/sites\/vc\/wp-json\/wp\/v2\/media?parent=19967"}],"wp:term":[{"taxonomy":"category","embeddable":true,"href":"https:\/\/dev.antudigital.cl\/sites\/vc\/wp-json\/wp\/v2\/categories?post=19967"},{"taxonomy":"post_tag","embeddable":true,"href":"https:\/\/dev.antudigital.cl\/sites\/vc\/wp-json\/wp\/v2\/tags?post=19967"}],"curies":[{"name":"wp","href":"https:\/\/api.w.org\/{rel}","templated":true}]}}