{"id":19972,"date":"2024-08-08T21:42:05","date_gmt":"2024-08-08T21:42:05","guid":{"rendered":"https:\/\/www.valparaisocreativo.cl\/?p=19972"},"modified":"2024-08-08T21:42:23","modified_gmt":"2024-08-08T21:42:23","slug":"el-cine-chileno-llega-a-algarrobo-con-una-cartelera-dirigida-a-personas-mayores-y-publico-en-general","status":"publish","type":"post","link":"https:\/\/dev.antudigital.cl\/sites\/vc\/el-cine-chileno-llega-a-algarrobo-con-una-cartelera-dirigida-a-personas-mayores-y-publico-en-general\/","title":{"rendered":"El cine chileno llega a Algarrobo con una cartelera dirigida a personas mayores y p\u00fablico en general"},"content":{"rendered":"\n<p><em>Pel\u00edculas como \u201cEl Regalo\u201d, \u201cPadre nuestro\u201d y \u201cLos colonos\u201d dar\u00e1n vida a la parrilla program\u00e1tica.<\/em><\/p>\n\n\n\n<p>Tras itinerar por diversas comunas de la Regi\u00f3n de Valpara\u00edso, el Centro Cultural Quilpu\u00e9 Audiovisual llega por primera vez a Algarrobo con su programaci\u00f3n a trav\u00e9s del&nbsp;<strong>Ciclo de Cine Chileno&nbsp;<\/strong>dirigido a las&nbsp;<strong>personas mayores y al p\u00fablico general.<\/strong><\/p>\n\n\n\n<p>Al respecto,&nbsp;<strong>Alexis S\u00e1nchez,<\/strong>&nbsp;<strong>Coordinador y productor general<\/strong>&nbsp;afirma:&nbsp;<em>\u201cEstar por primera vez en Algarrobo nos emociona mucho, porque nos permite llegar a nuevos territorios donde la actividad cultural en torno a la difusi\u00f3n del cine chileno es escasa. Por eso invitamos a toda la comunidad a ser parte de este ciclo y que se puedan encantar con el cine chileno\u201d.<\/em><\/p>\n\n\n\n<p>Todas las funciones ser\u00e1n a las&nbsp;<strong>15:30 horas<\/strong>&nbsp;en el<strong>&nbsp;Centro Comunitario del Adulto Mayor<\/strong>&nbsp;ubicado en la calle Brasilia #1160. La entrada es liberada y se sostendr\u00e1n conversatorios despu\u00e9s de las proyecciones.<\/p>\n\n\n\n<p>La iniciativa es financiada por el&nbsp;<strong>Ministerio de las Culturas, las Artes y el Patrimonio<\/strong>&nbsp;a trav\u00e9s de su Programa de Apoyo a Organizaciones Culturales Colaboradoras&nbsp;y cuenta con la colaboraci\u00f3n de la&nbsp;<strong>Municipalidad de Algarrobo y el Servicio Nacional del Adulto Mayor, Senama.<\/strong><\/p>\n\n\n\n<figure class=\"wp-block-image size-large\"><img fetchpriority=\"high\" decoding=\"async\" width=\"1024\" height=\"576\" src=\"https:\/\/www.valparaisocreativo.cl\/wp-content\/uploads\/2024\/08\/El-Regalo-1024x576.png\" alt=\"\" class=\"wp-image-19974\" srcset=\"https:\/\/dev.antudigital.cl\/sites\/vc\/wp-content\/uploads\/2024\/08\/El-Regalo-1024x576.png 1024w, https:\/\/dev.antudigital.cl\/sites\/vc\/wp-content\/uploads\/2024\/08\/El-Regalo-300x169.png 300w, https:\/\/dev.antudigital.cl\/sites\/vc\/wp-content\/uploads\/2024\/08\/El-Regalo-768x432.png 768w, https:\/\/dev.antudigital.cl\/sites\/vc\/wp-content\/uploads\/2024\/08\/El-Regalo-1080x608.png 1080w, https:\/\/dev.antudigital.cl\/sites\/vc\/wp-content\/uploads\/2024\/08\/El-Regalo-980x551.png 980w, https:\/\/dev.antudigital.cl\/sites\/vc\/wp-content\/uploads\/2024\/08\/El-Regalo-480x270.png 480w, https:\/\/dev.antudigital.cl\/sites\/vc\/wp-content\/uploads\/2024\/08\/El-Regalo-24x14.png 24w, https:\/\/dev.antudigital.cl\/sites\/vc\/wp-content\/uploads\/2024\/08\/El-Regalo-36x20.png 36w, https:\/\/dev.antudigital.cl\/sites\/vc\/wp-content\/uploads\/2024\/08\/El-Regalo-48x27.png 48w, https:\/\/dev.antudigital.cl\/sites\/vc\/wp-content\/uploads\/2024\/08\/El-Regalo.png 1280w\" sizes=\"(max-width: 1024px) 100vw, 1024px\" \/><\/figure>\n\n\n\n<p><strong><u>Programaci\u00f3n Algarrobo<\/u><\/strong><\/p>\n\n\n\n<p>Para abrir la parrilla program\u00e1tica, el jueves<strong>&nbsp;1 de agosto<\/strong>&nbsp;se exhibir\u00e1&nbsp;<strong>\u201cUn concierto inolvidable\u201d<\/strong>, cinta dirigida por El\u00edas Llanos y que rinde un homenaje a un grupo de destacados cantantes nacionales, integrantes de \u201cLa Nueva Ola\u201c, movimiento surgido en los a\u00f1os 60. La pel\u00edcula narra la historia de estas 12 figuras de La Nueva Ola, que, movidos por su pasi\u00f3n musical y nostalgia, planean filmar su primera pel\u00edcula para la pantalla grande.<\/p>\n\n\n\n<p>Luego, el&nbsp;<strong>viernes 16<\/strong>&nbsp;ser\u00e1 el turno de la comedia&nbsp;<strong>\u201cEl Regalo\u201d<\/strong>, protagonizada por Nelson Villagra y Delfina Guzm\u00e1n, narra c\u00f3mo Francisco, un viudo y reci\u00e9n jubilado, est\u00e1 pasando por un momento dif\u00edcil y para animarlo, sus dos amigos deciden hacerle un regalo.<\/p>\n\n\n\n<p>Ya el&nbsp;<strong>viernes 23<\/strong>&nbsp;se presentar\u00e1&nbsp;<strong>\u201cPadre Nuestro\u201d<\/strong>, pel\u00edcula protagonizada por Jaime Vadell, Cecilia Roth, Amparo Noguera, Luis Gnecco, Francisco Perez Bannen y Coca Guazzini. El filme cuenta la historia de Caco, un vividor empedernido, que abandon\u00f3 a su familia 9 a\u00f1os atr\u00e1s. Y mientras pasa su \u00faltimo d\u00eda de vida en un hospital de Valpara\u00edso, le pide a sus hijos que lo saquen de ah\u00ed. Ellos no sospechan que ese viejo divertido, alegre y exc\u00e9ntrico de anta\u00f1o, esta vez habla en serio y va a hacer todo lo posible para reunir a su familia, aun cuando esto le lleve la vida.<\/p>\n\n\n\n<p>El ciclo finalizar\u00e1 el&nbsp;<strong>viernes 30<\/strong>&nbsp;con la proyecci\u00f3n de&nbsp;<strong>\u201cLos Colonos\u201d<\/strong>, \u00f3pera prima del director Felipe G\u00e1lvez y que retrata el genocidio del pueblo Selk\u2019nam en Tierra del Fuego. Chile, 1901. Un estanciero rico en Tierra del Fuego contrata a un teniente ingl\u00e9s y un mercenario estadounidense para abrir una ruta para sus ovejas hasta el Atl\u00e1ntico. Los gu\u00eda Segundo, un chileno mestizo que se vuelve c\u00f3mplice involuntario de una violenta cacer\u00eda de ind\u00edgenas. Siete a\u00f1os despu\u00e9s, un enviado del presidente visita las tierras civilizadas.<\/p>\n\n\n\n<p>El Centro Cultural Quilpu\u00e9 Audiovisual forma parte del Programa de Apoyo a Organizaciones Culturales Colaboradoras del Ministerio de las Culturas, las Artes y el Patrimonio, que busca fortalecer y dar continuidad a instituciones y organizaciones culturales de derecho privado y sin fines de lucro. Este programa adem\u00e1s es parte del Sistema de Financiamiento a Organizaciones e Infraestructura Cultural del Ministerio de las Culturas, las Artes y el Patrimonio que integra, articula y coordina de forma transversal los planes, programas y fondos orientados al fomento y apoyo de las organizaciones, de la infraestructura cultural, y de la mediaci\u00f3n art\u00edstica. Todo esto con una vocaci\u00f3n descentralizada, mecanismos participativos, y la promoci\u00f3n de la creaci\u00f3n de redes y asociaciones.<\/p>\n\n\n\n<p>Para m\u00e1s detalles sobre la cartelera mensual revisar&nbsp;<a href=\"http:\/\/www.quilpueaudiovisual.cl\/\" target=\"_blank\" rel=\"noreferrer noopener\">www.quilpueaudiovisual.cl<\/a><\/p>\n\n\n\n<p><strong>Redes sociales: @ccquilpueaudiovisual<\/strong><\/p>\n\n\n\n<figure class=\"wp-block-image size-large\"><img fetchpriority=\"high\" decoding=\"async\" width=\"1024\" height=\"576\" src=\"https:\/\/www.valparaisocreativo.cl\/wp-content\/uploads\/2024\/08\/El-Regalo-1024x576.png\" alt=\"\" class=\"wp-image-19974\" srcset=\"https:\/\/dev.antudigital.cl\/sites\/vc\/wp-content\/uploads\/2024\/08\/El-Regalo-1024x576.png 1024w, https:\/\/dev.antudigital.cl\/sites\/vc\/wp-content\/uploads\/2024\/08\/El-Regalo-300x169.png 300w, https:\/\/dev.antudigital.cl\/sites\/vc\/wp-content\/uploads\/2024\/08\/El-Regalo-768x432.png 768w, https:\/\/dev.antudigital.cl\/sites\/vc\/wp-content\/uploads\/2024\/08\/El-Regalo-1080x608.png 1080w, https:\/\/dev.antudigital.cl\/sites\/vc\/wp-content\/uploads\/2024\/08\/El-Regalo-980x551.png 980w, https:\/\/dev.antudigital.cl\/sites\/vc\/wp-content\/uploads\/2024\/08\/El-Regalo-480x270.png 480w, https:\/\/dev.antudigital.cl\/sites\/vc\/wp-content\/uploads\/2024\/08\/El-Regalo-24x14.png 24w, https:\/\/dev.antudigital.cl\/sites\/vc\/wp-content\/uploads\/2024\/08\/El-Regalo-36x20.png 36w, https:\/\/dev.antudigital.cl\/sites\/vc\/wp-content\/uploads\/2024\/08\/El-Regalo-48x27.png 48w, https:\/\/dev.antudigital.cl\/sites\/vc\/wp-content\/uploads\/2024\/08\/El-Regalo.png 1280w\" sizes=\"(max-width: 1024px) 100vw, 1024px\" \/><\/figure>\n","protected":false},"excerpt":{"rendered":"<p>Pel\u00edculas como \u201cEl Regalo\u201d, \u201cPadre nuestro\u201d y \u201cLos colonos\u201d dar\u00e1n vida a la parrilla program\u00e1tica. Tras itinerar por diversas comunas de la Regi\u00f3n de Valpara\u00edso, el Centro Cultural Quilpu\u00e9 Audiovisual llega por primera vez a Algarrobo con su programaci\u00f3n a trav\u00e9s del&nbsp;Ciclo de Cine Chileno&nbsp;dirigido a las&nbsp;personas mayores y al p\u00fablico general. Al respecto,&nbsp;Alexis S\u00e1nchez,&nbsp;Coordinador [&hellip;]<\/p>\n","protected":false},"author":1,"featured_media":19975,"comment_status":"closed","ping_status":"closed","sticky":false,"template":"","format":"standard","meta":{"_acf_changed":false,"footnotes":""},"categories":[8],"tags":[],"class_list":["post-19972","post","type-post","status-publish","format-standard","has-post-thumbnail","hentry","category-noticia"],"acf":[],"yoast_head":"<!-- This site is optimized with the Yoast SEO plugin v27.1.1 - https:\/\/yoast.com\/product\/yoast-seo-wordpress\/ -->\n<title>El cine chileno llega a Algarrobo con una cartelera dirigida a personas mayores y p\u00fablico en general - Valpara\u00ed\u00adso Creativo<\/title>\n<meta name=\"robots\" content=\"index, follow, max-snippet:-1, max-image-preview:large, max-video-preview:-1\" \/>\n<link rel=\"canonical\" href=\"https:\/\/dev.antudigital.cl\/sites\/vc\/el-cine-chileno-llega-a-algarrobo-con-una-cartelera-dirigida-a-personas-mayores-y-publico-en-general\/\" \/>\n<meta property=\"og:locale\" content=\"es_ES\" \/>\n<meta property=\"og:type\" content=\"article\" \/>\n<meta property=\"og:title\" content=\"El cine chileno llega a Algarrobo con una cartelera dirigida a personas mayores y p\u00fablico en general - Valpara\u00ed\u00adso Creativo\" \/>\n<meta property=\"og:description\" content=\"Pel\u00edculas como \u201cEl Regalo\u201d, \u201cPadre nuestro\u201d y \u201cLos colonos\u201d dar\u00e1n vida a la parrilla program\u00e1tica. Tras itinerar por diversas comunas de la Regi\u00f3n de Valpara\u00edso, el Centro Cultural Quilpu\u00e9 Audiovisual llega por primera vez a Algarrobo con su programaci\u00f3n a trav\u00e9s del&nbsp;Ciclo de Cine Chileno&nbsp;dirigido a las&nbsp;personas mayores y al p\u00fablico general. Al respecto,&nbsp;Alexis S\u00e1nchez,&nbsp;Coordinador [&hellip;]\" \/>\n<meta property=\"og:url\" content=\"https:\/\/dev.antudigital.cl\/sites\/vc\/el-cine-chileno-llega-a-algarrobo-con-una-cartelera-dirigida-a-personas-mayores-y-publico-en-general\/\" \/>\n<meta property=\"og:site_name\" content=\"Valpara\u00ed\u00adso Creativo\" \/>\n<meta property=\"article:published_time\" content=\"2024-08-08T21:42:05+00:00\" \/>\n<meta property=\"article:modified_time\" content=\"2024-08-08T21:42:23+00:00\" \/>\n<meta property=\"og:image\" content=\"https:\/\/dev.antudigital.cl\/sites\/vc\/wp-content\/uploads\/2024\/08\/Un-concierto-inolvidable-fotograma.jpg\" \/>\n\t<meta property=\"og:image:width\" content=\"740\" \/>\n\t<meta property=\"og:image:height\" content=\"512\" \/>\n\t<meta property=\"og:image:type\" content=\"image\/jpeg\" \/>\n<meta name=\"author\" content=\"Valpara\u00edso Creativo\" \/>\n<meta name=\"twitter:card\" content=\"summary_large_image\" \/>\n<meta name=\"twitter:label1\" content=\"Escrito por\" \/>\n\t<meta name=\"twitter:data1\" content=\"Valpara\u00edso Creativo\" \/>\n\t<meta name=\"twitter:label2\" content=\"Tiempo de lectura\" \/>\n\t<meta name=\"twitter:data2\" content=\"4 minutos\" \/>\n<script type=\"application\/ld+json\" class=\"yoast-schema-graph\">{\"@context\":\"https:\/\/schema.org\",\"@graph\":[{\"@type\":\"Article\",\"@id\":\"https:\/\/dev.antudigital.cl\/sites\/vc\/el-cine-chileno-llega-a-algarrobo-con-una-cartelera-dirigida-a-personas-mayores-y-publico-en-general\/#article\",\"isPartOf\":{\"@id\":\"https:\/\/dev.antudigital.cl\/sites\/vc\/el-cine-chileno-llega-a-algarrobo-con-una-cartelera-dirigida-a-personas-mayores-y-publico-en-general\/\"},\"author\":{\"name\":\"Valpara\u00edso Creativo\",\"@id\":\"https:\/\/dev.antudigital.cl\/sites\/vc\/#\/schema\/person\/c2b9da8dd545e27166fc5ab232837318\"},\"headline\":\"El cine chileno llega a Algarrobo con una cartelera dirigida a personas mayores y p\u00fablico en general\",\"datePublished\":\"2024-08-08T21:42:05+00:00\",\"dateModified\":\"2024-08-08T21:42:23+00:00\",\"mainEntityOfPage\":{\"@id\":\"https:\/\/dev.antudigital.cl\/sites\/vc\/el-cine-chileno-llega-a-algarrobo-con-una-cartelera-dirigida-a-personas-mayores-y-publico-en-general\/\"},\"wordCount\":716,\"image\":{\"@id\":\"https:\/\/dev.antudigital.cl\/sites\/vc\/el-cine-chileno-llega-a-algarrobo-con-una-cartelera-dirigida-a-personas-mayores-y-publico-en-general\/#primaryimage\"},\"thumbnailUrl\":\"https:\/\/dev.antudigital.cl\/sites\/vc\/wp-content\/uploads\/2024\/08\/Un-concierto-inolvidable-fotograma.jpg\",\"articleSection\":[\"Noticia\"],\"inLanguage\":\"es\"},{\"@type\":\"WebPage\",\"@id\":\"https:\/\/dev.antudigital.cl\/sites\/vc\/el-cine-chileno-llega-a-algarrobo-con-una-cartelera-dirigida-a-personas-mayores-y-publico-en-general\/\",\"url\":\"https:\/\/dev.antudigital.cl\/sites\/vc\/el-cine-chileno-llega-a-algarrobo-con-una-cartelera-dirigida-a-personas-mayores-y-publico-en-general\/\",\"name\":\"El cine chileno llega a Algarrobo con una cartelera dirigida a personas mayores y p\u00fablico en general - Valpara\u00ed\u00adso Creativo\",\"isPartOf\":{\"@id\":\"https:\/\/dev.antudigital.cl\/sites\/vc\/#website\"},\"primaryImageOfPage\":{\"@id\":\"https:\/\/dev.antudigital.cl\/sites\/vc\/el-cine-chileno-llega-a-algarrobo-con-una-cartelera-dirigida-a-personas-mayores-y-publico-en-general\/#primaryimage\"},\"image\":{\"@id\":\"https:\/\/dev.antudigital.cl\/sites\/vc\/el-cine-chileno-llega-a-algarrobo-con-una-cartelera-dirigida-a-personas-mayores-y-publico-en-general\/#primaryimage\"},\"thumbnailUrl\":\"https:\/\/dev.antudigital.cl\/sites\/vc\/wp-content\/uploads\/2024\/08\/Un-concierto-inolvidable-fotograma.jpg\",\"datePublished\":\"2024-08-08T21:42:05+00:00\",\"dateModified\":\"2024-08-08T21:42:23+00:00\",\"author\":{\"@id\":\"https:\/\/dev.antudigital.cl\/sites\/vc\/#\/schema\/person\/c2b9da8dd545e27166fc5ab232837318\"},\"breadcrumb\":{\"@id\":\"https:\/\/dev.antudigital.cl\/sites\/vc\/el-cine-chileno-llega-a-algarrobo-con-una-cartelera-dirigida-a-personas-mayores-y-publico-en-general\/#breadcrumb\"},\"inLanguage\":\"es\",\"potentialAction\":[{\"@type\":\"ReadAction\",\"target\":[\"https:\/\/dev.antudigital.cl\/sites\/vc\/el-cine-chileno-llega-a-algarrobo-con-una-cartelera-dirigida-a-personas-mayores-y-publico-en-general\/\"]}]},{\"@type\":\"ImageObject\",\"inLanguage\":\"es\",\"@id\":\"https:\/\/dev.antudigital.cl\/sites\/vc\/el-cine-chileno-llega-a-algarrobo-con-una-cartelera-dirigida-a-personas-mayores-y-publico-en-general\/#primaryimage\",\"url\":\"https:\/\/dev.antudigital.cl\/sites\/vc\/wp-content\/uploads\/2024\/08\/Un-concierto-inolvidable-fotograma.jpg\",\"contentUrl\":\"https:\/\/dev.antudigital.cl\/sites\/vc\/wp-content\/uploads\/2024\/08\/Un-concierto-inolvidable-fotograma.jpg\",\"width\":740,\"height\":512},{\"@type\":\"BreadcrumbList\",\"@id\":\"https:\/\/dev.antudigital.cl\/sites\/vc\/el-cine-chileno-llega-a-algarrobo-con-una-cartelera-dirigida-a-personas-mayores-y-publico-en-general\/#breadcrumb\",\"itemListElement\":[{\"@type\":\"ListItem\",\"position\":1,\"name\":\"Home\",\"item\":\"https:\/\/dev.antudigital.cl\/sites\/vc\/\"},{\"@type\":\"ListItem\",\"position\":2,\"name\":\"El cine chileno llega a Algarrobo con una cartelera dirigida a personas mayores y p\u00fablico en general\"}]},{\"@type\":\"WebSite\",\"@id\":\"https:\/\/dev.antudigital.cl\/sites\/vc\/#website\",\"url\":\"https:\/\/dev.antudigital.cl\/sites\/vc\/\",\"name\":\"Valpara\u00ed\u00adso Creativo\",\"description\":\"\",\"potentialAction\":[{\"@type\":\"SearchAction\",\"target\":{\"@type\":\"EntryPoint\",\"urlTemplate\":\"https:\/\/dev.antudigital.cl\/sites\/vc\/?s={search_term_string}\"},\"query-input\":{\"@type\":\"PropertyValueSpecification\",\"valueRequired\":true,\"valueName\":\"search_term_string\"}}],\"inLanguage\":\"es\"},{\"@type\":\"Person\",\"@id\":\"https:\/\/dev.antudigital.cl\/sites\/vc\/#\/schema\/person\/c2b9da8dd545e27166fc5ab232837318\",\"name\":\"Valpara\u00edso Creativo\",\"description\":\"Periodista de cultura en la Regi\u00f3n de Valpara\u00edso.\",\"url\":\"https:\/\/dev.antudigital.cl\/sites\/vc\/author\/valpoadmin\/\"}]}<\/script>\n<!-- \/ Yoast SEO plugin. -->","yoast_head_json":{"title":"El cine chileno llega a Algarrobo con una cartelera dirigida a personas mayores y p\u00fablico en general - Valpara\u00ed\u00adso Creativo","robots":{"index":"index","follow":"follow","max-snippet":"max-snippet:-1","max-image-preview":"max-image-preview:large","max-video-preview":"max-video-preview:-1"},"canonical":"https:\/\/dev.antudigital.cl\/sites\/vc\/el-cine-chileno-llega-a-algarrobo-con-una-cartelera-dirigida-a-personas-mayores-y-publico-en-general\/","og_locale":"es_ES","og_type":"article","og_title":"El cine chileno llega a Algarrobo con una cartelera dirigida a personas mayores y p\u00fablico en general - Valpara\u00ed\u00adso Creativo","og_description":"Pel\u00edculas como \u201cEl Regalo\u201d, \u201cPadre nuestro\u201d y \u201cLos colonos\u201d dar\u00e1n vida a la parrilla program\u00e1tica. Tras itinerar por diversas comunas de la Regi\u00f3n de Valpara\u00edso, el Centro Cultural Quilpu\u00e9 Audiovisual llega por primera vez a Algarrobo con su programaci\u00f3n a trav\u00e9s del&nbsp;Ciclo de Cine Chileno&nbsp;dirigido a las&nbsp;personas mayores y al p\u00fablico general. Al respecto,&nbsp;Alexis S\u00e1nchez,&nbsp;Coordinador [&hellip;]","og_url":"https:\/\/dev.antudigital.cl\/sites\/vc\/el-cine-chileno-llega-a-algarrobo-con-una-cartelera-dirigida-a-personas-mayores-y-publico-en-general\/","og_site_name":"Valpara\u00ed\u00adso Creativo","article_published_time":"2024-08-08T21:42:05+00:00","article_modified_time":"2024-08-08T21:42:23+00:00","og_image":[{"width":740,"height":512,"url":"https:\/\/dev.antudigital.cl\/sites\/vc\/wp-content\/uploads\/2024\/08\/Un-concierto-inolvidable-fotograma.jpg","type":"image\/jpeg"}],"author":"Valpara\u00edso Creativo","twitter_card":"summary_large_image","twitter_misc":{"Escrito por":"Valpara\u00edso Creativo","Tiempo de lectura":"4 minutos"},"schema":{"@context":"https:\/\/schema.org","@graph":[{"@type":"Article","@id":"https:\/\/dev.antudigital.cl\/sites\/vc\/el-cine-chileno-llega-a-algarrobo-con-una-cartelera-dirigida-a-personas-mayores-y-publico-en-general\/#article","isPartOf":{"@id":"https:\/\/dev.antudigital.cl\/sites\/vc\/el-cine-chileno-llega-a-algarrobo-con-una-cartelera-dirigida-a-personas-mayores-y-publico-en-general\/"},"author":{"name":"Valpara\u00edso Creativo","@id":"https:\/\/dev.antudigital.cl\/sites\/vc\/#\/schema\/person\/c2b9da8dd545e27166fc5ab232837318"},"headline":"El cine chileno llega a Algarrobo con una cartelera dirigida a personas mayores y p\u00fablico en general","datePublished":"2024-08-08T21:42:05+00:00","dateModified":"2024-08-08T21:42:23+00:00","mainEntityOfPage":{"@id":"https:\/\/dev.antudigital.cl\/sites\/vc\/el-cine-chileno-llega-a-algarrobo-con-una-cartelera-dirigida-a-personas-mayores-y-publico-en-general\/"},"wordCount":716,"image":{"@id":"https:\/\/dev.antudigital.cl\/sites\/vc\/el-cine-chileno-llega-a-algarrobo-con-una-cartelera-dirigida-a-personas-mayores-y-publico-en-general\/#primaryimage"},"thumbnailUrl":"https:\/\/dev.antudigital.cl\/sites\/vc\/wp-content\/uploads\/2024\/08\/Un-concierto-inolvidable-fotograma.jpg","articleSection":["Noticia"],"inLanguage":"es"},{"@type":"WebPage","@id":"https:\/\/dev.antudigital.cl\/sites\/vc\/el-cine-chileno-llega-a-algarrobo-con-una-cartelera-dirigida-a-personas-mayores-y-publico-en-general\/","url":"https:\/\/dev.antudigital.cl\/sites\/vc\/el-cine-chileno-llega-a-algarrobo-con-una-cartelera-dirigida-a-personas-mayores-y-publico-en-general\/","name":"El cine chileno llega a Algarrobo con una cartelera dirigida a personas mayores y p\u00fablico en general - Valpara\u00ed\u00adso Creativo","isPartOf":{"@id":"https:\/\/dev.antudigital.cl\/sites\/vc\/#website"},"primaryImageOfPage":{"@id":"https:\/\/dev.antudigital.cl\/sites\/vc\/el-cine-chileno-llega-a-algarrobo-con-una-cartelera-dirigida-a-personas-mayores-y-publico-en-general\/#primaryimage"},"image":{"@id":"https:\/\/dev.antudigital.cl\/sites\/vc\/el-cine-chileno-llega-a-algarrobo-con-una-cartelera-dirigida-a-personas-mayores-y-publico-en-general\/#primaryimage"},"thumbnailUrl":"https:\/\/dev.antudigital.cl\/sites\/vc\/wp-content\/uploads\/2024\/08\/Un-concierto-inolvidable-fotograma.jpg","datePublished":"2024-08-08T21:42:05+00:00","dateModified":"2024-08-08T21:42:23+00:00","author":{"@id":"https:\/\/dev.antudigital.cl\/sites\/vc\/#\/schema\/person\/c2b9da8dd545e27166fc5ab232837318"},"breadcrumb":{"@id":"https:\/\/dev.antudigital.cl\/sites\/vc\/el-cine-chileno-llega-a-algarrobo-con-una-cartelera-dirigida-a-personas-mayores-y-publico-en-general\/#breadcrumb"},"inLanguage":"es","potentialAction":[{"@type":"ReadAction","target":["https:\/\/dev.antudigital.cl\/sites\/vc\/el-cine-chileno-llega-a-algarrobo-con-una-cartelera-dirigida-a-personas-mayores-y-publico-en-general\/"]}]},{"@type":"ImageObject","inLanguage":"es","@id":"https:\/\/dev.antudigital.cl\/sites\/vc\/el-cine-chileno-llega-a-algarrobo-con-una-cartelera-dirigida-a-personas-mayores-y-publico-en-general\/#primaryimage","url":"https:\/\/dev.antudigital.cl\/sites\/vc\/wp-content\/uploads\/2024\/08\/Un-concierto-inolvidable-fotograma.jpg","contentUrl":"https:\/\/dev.antudigital.cl\/sites\/vc\/wp-content\/uploads\/2024\/08\/Un-concierto-inolvidable-fotograma.jpg","width":740,"height":512},{"@type":"BreadcrumbList","@id":"https:\/\/dev.antudigital.cl\/sites\/vc\/el-cine-chileno-llega-a-algarrobo-con-una-cartelera-dirigida-a-personas-mayores-y-publico-en-general\/#breadcrumb","itemListElement":[{"@type":"ListItem","position":1,"name":"Home","item":"https:\/\/dev.antudigital.cl\/sites\/vc\/"},{"@type":"ListItem","position":2,"name":"El cine chileno llega a Algarrobo con una cartelera dirigida a personas mayores y p\u00fablico en general"}]},{"@type":"WebSite","@id":"https:\/\/dev.antudigital.cl\/sites\/vc\/#website","url":"https:\/\/dev.antudigital.cl\/sites\/vc\/","name":"Valpara\u00ed\u00adso Creativo","description":"","potentialAction":[{"@type":"SearchAction","target":{"@type":"EntryPoint","urlTemplate":"https:\/\/dev.antudigital.cl\/sites\/vc\/?s={search_term_string}"},"query-input":{"@type":"PropertyValueSpecification","valueRequired":true,"valueName":"search_term_string"}}],"inLanguage":"es"},{"@type":"Person","@id":"https:\/\/dev.antudigital.cl\/sites\/vc\/#\/schema\/person\/c2b9da8dd545e27166fc5ab232837318","name":"Valpara\u00edso Creativo","description":"Periodista de cultura en la Regi\u00f3n de Valpara\u00edso.","url":"https:\/\/dev.antudigital.cl\/sites\/vc\/author\/valpoadmin\/"}]}},"_links":{"self":[{"href":"https:\/\/dev.antudigital.cl\/sites\/vc\/wp-json\/wp\/v2\/posts\/19972","targetHints":{"allow":["GET"]}}],"collection":[{"href":"https:\/\/dev.antudigital.cl\/sites\/vc\/wp-json\/wp\/v2\/posts"}],"about":[{"href":"https:\/\/dev.antudigital.cl\/sites\/vc\/wp-json\/wp\/v2\/types\/post"}],"author":[{"embeddable":true,"href":"https:\/\/dev.antudigital.cl\/sites\/vc\/wp-json\/wp\/v2\/users\/1"}],"replies":[{"embeddable":true,"href":"https:\/\/dev.antudigital.cl\/sites\/vc\/wp-json\/wp\/v2\/comments?post=19972"}],"version-history":[{"count":1,"href":"https:\/\/dev.antudigital.cl\/sites\/vc\/wp-json\/wp\/v2\/posts\/19972\/revisions"}],"predecessor-version":[{"id":19976,"href":"https:\/\/dev.antudigital.cl\/sites\/vc\/wp-json\/wp\/v2\/posts\/19972\/revisions\/19976"}],"wp:featuredmedia":[{"embeddable":true,"href":"https:\/\/dev.antudigital.cl\/sites\/vc\/wp-json\/wp\/v2\/media\/19975"}],"wp:attachment":[{"href":"https:\/\/dev.antudigital.cl\/sites\/vc\/wp-json\/wp\/v2\/media?parent=19972"}],"wp:term":[{"taxonomy":"category","embeddable":true,"href":"https:\/\/dev.antudigital.cl\/sites\/vc\/wp-json\/wp\/v2\/categories?post=19972"},{"taxonomy":"post_tag","embeddable":true,"href":"https:\/\/dev.antudigital.cl\/sites\/vc\/wp-json\/wp\/v2\/tags?post=19972"}],"curies":[{"name":"wp","href":"https:\/\/api.w.org\/{rel}","templated":true}]}}