{"id":19977,"date":"2024-08-08T21:48:04","date_gmt":"2024-08-08T21:48:04","guid":{"rendered":"https:\/\/www.valparaisocreativo.cl\/?p=19977"},"modified":"2024-08-08T21:48:20","modified_gmt":"2024-08-08T21:48:20","slug":"san-antonio-se-prepara-para-recibir-marejada-el-encuentro-musical-divergente","status":"publish","type":"post","link":"https:\/\/dev.antudigital.cl\/sites\/vc\/san-antonio-se-prepara-para-recibir-marejada-el-encuentro-musical-divergente\/","title":{"rendered":"San Antonio se prepara para recibir \u00abMarejada\u00bb: el encuentro musical divergente"},"content":{"rendered":"\n<p><strong>Sello Trigal&nbsp;<\/strong>y&nbsp;<strong>Colectivo No Lineal<\/strong>&nbsp;se unen para crear&nbsp;<strong>Marejada<\/strong>, encuentro que&nbsp;<strong>se llevar\u00e1 a cabo los d\u00edas 6 y 7 de septiembre, en la comuna de San Antonio<\/strong>, y que se establece como una instancia que dar\u00e1 voz y espacio a m\u00fasiques independientes, as\u00ed como a personas que trabajan dentro del ecosistema musical, con un enfoque pensado en y desde la comunidad LGBTIQANB+, mujeres y personas neurodivergentes.<\/p>\n\n\n\n<p>El evento, que ha sido posible gracias al fondo AMPLIFICA del MINCAP, contar\u00e1 con la participaci\u00f3n de destacades artistas, tales como&nbsp;<strong>Javiera Electra<\/strong>,&nbsp;<strong>Mar\u00eda y los Templos<\/strong>,&nbsp;<strong>pau<\/strong>,&nbsp;<strong>Todos Me Caen Bien<\/strong>,&nbsp;<strong>ROCAMADOUR<\/strong>,&nbsp;<strong>Alondra Noctvrna<\/strong>,&nbsp;<strong>Noches Primaverales<\/strong>,&nbsp;<strong>Sim\u00f3n Campusano<\/strong>, entre otres por confirmar.<\/p>\n\n\n\n<figure class=\"wp-block-image size-large\"><img fetchpriority=\"high\" decoding=\"async\" width=\"1024\" height=\"1024\" src=\"https:\/\/www.valparaisocreativo.cl\/wp-content\/uploads\/2024\/08\/CCSA_01-1024x1024.png\" alt=\"\" class=\"wp-image-19978\" srcset=\"https:\/\/dev.antudigital.cl\/sites\/vc\/wp-content\/uploads\/2024\/08\/CCSA_01-1024x1024.png 1024w, https:\/\/dev.antudigital.cl\/sites\/vc\/wp-content\/uploads\/2024\/08\/CCSA_01-300x300.png 300w, https:\/\/dev.antudigital.cl\/sites\/vc\/wp-content\/uploads\/2024\/08\/CCSA_01-150x150.png 150w, https:\/\/dev.antudigital.cl\/sites\/vc\/wp-content\/uploads\/2024\/08\/CCSA_01-768x768.png 768w, https:\/\/dev.antudigital.cl\/sites\/vc\/wp-content\/uploads\/2024\/08\/CCSA_01-1080x1080.png 1080w, https:\/\/dev.antudigital.cl\/sites\/vc\/wp-content\/uploads\/2024\/08\/CCSA_01-980x980.png 980w, https:\/\/dev.antudigital.cl\/sites\/vc\/wp-content\/uploads\/2024\/08\/CCSA_01-480x480.png 480w, https:\/\/dev.antudigital.cl\/sites\/vc\/wp-content\/uploads\/2024\/08\/CCSA_01-24x24.png 24w, https:\/\/dev.antudigital.cl\/sites\/vc\/wp-content\/uploads\/2024\/08\/CCSA_01-36x36.png 36w, https:\/\/dev.antudigital.cl\/sites\/vc\/wp-content\/uploads\/2024\/08\/CCSA_01-48x48.png 48w, https:\/\/dev.antudigital.cl\/sites\/vc\/wp-content\/uploads\/2024\/08\/CCSA_01.png 1100w\" sizes=\"(max-width: 1024px) 100vw, 1024px\" \/><\/figure>\n\n\n\n<p>En Marejada tambi\u00e9n habr\u00e1n&nbsp;<strong>ruedas de vinculaci\u00f3n<\/strong>,&nbsp;<strong>mesas de trabajo<\/strong>,&nbsp;<strong>paneles de conversaci\u00f3n,<\/strong>&nbsp;y una<strong>&nbsp;feria de sellos&nbsp;<\/strong>y<strong>&nbsp;emprendimientos de la m\u00fasica<\/strong>, donde la gente podr\u00e1 asistir y comprar diversas ediciones.<\/p>\n\n\n\n<p>Entre aspectos destacados del encuentro, \u00e9ste tendr\u00e1 adaptaciones como una sala de bajo est\u00edmulo sensorial para garantizar la comodidad y disfrute de les asistentes. Lo anterior, a ra\u00edz de buscar un compromiso tangible con las personas que convocamos y un deseo de ser un referente a nivel regional y nacional.<\/p>\n\n\n\n<p>Marejada est\u00e1 dise\u00f1ado tanto para agentes de la m\u00fasica independiente que buscan impulsar sus carreras, como para personas que disfrutan de la m\u00fasica en todas sus dimensiones. Este encuentro, es tambi\u00e9n, un espacio para familias y personas que desean participar en un evento musical \u00fanico en San Antonio.<\/p>\n\n\n\n<figure class=\"wp-block-image size-large\"><img decoding=\"async\" width=\"1024\" height=\"683\" src=\"https:\/\/www.valparaisocreativo.cl\/wp-content\/uploads\/2024\/08\/pau-por-Nadia-Belen-Garcia-Horizontal-07-1024x683.jpeg\" alt=\"\" class=\"wp-image-19980\" srcset=\"https:\/\/dev.antudigital.cl\/sites\/vc\/wp-content\/uploads\/2024\/08\/pau-por-Nadia-Belen-Garcia-Horizontal-07-1024x683.jpeg 1024w, https:\/\/dev.antudigital.cl\/sites\/vc\/wp-content\/uploads\/2024\/08\/pau-por-Nadia-Belen-Garcia-Horizontal-07-300x200.jpeg 300w, https:\/\/dev.antudigital.cl\/sites\/vc\/wp-content\/uploads\/2024\/08\/pau-por-Nadia-Belen-Garcia-Horizontal-07-768x512.jpeg 768w, https:\/\/dev.antudigital.cl\/sites\/vc\/wp-content\/uploads\/2024\/08\/pau-por-Nadia-Belen-Garcia-Horizontal-07-1536x1024.jpeg 1536w, https:\/\/dev.antudigital.cl\/sites\/vc\/wp-content\/uploads\/2024\/08\/pau-por-Nadia-Belen-Garcia-Horizontal-07-2048x1366.jpeg 2048w, https:\/\/dev.antudigital.cl\/sites\/vc\/wp-content\/uploads\/2024\/08\/pau-por-Nadia-Belen-Garcia-Horizontal-07-1080x720.jpeg 1080w, https:\/\/dev.antudigital.cl\/sites\/vc\/wp-content\/uploads\/2024\/08\/pau-por-Nadia-Belen-Garcia-Horizontal-07-1280x854.jpeg 1280w, https:\/\/dev.antudigital.cl\/sites\/vc\/wp-content\/uploads\/2024\/08\/pau-por-Nadia-Belen-Garcia-Horizontal-07-980x653.jpeg 980w, https:\/\/dev.antudigital.cl\/sites\/vc\/wp-content\/uploads\/2024\/08\/pau-por-Nadia-Belen-Garcia-Horizontal-07-480x320.jpeg 480w, https:\/\/dev.antudigital.cl\/sites\/vc\/wp-content\/uploads\/2024\/08\/pau-por-Nadia-Belen-Garcia-Horizontal-07-24x16.jpeg 24w, https:\/\/dev.antudigital.cl\/sites\/vc\/wp-content\/uploads\/2024\/08\/pau-por-Nadia-Belen-Garcia-Horizontal-07-36x24.jpeg 36w, https:\/\/dev.antudigital.cl\/sites\/vc\/wp-content\/uploads\/2024\/08\/pau-por-Nadia-Belen-Garcia-Horizontal-07-48x32.jpeg 48w\" sizes=\"(max-width: 1024px) 100vw, 1024px\" \/><\/figure>\n\n\n\n<p><strong>\u00bfC\u00f3mo participar de Marejada?<\/strong><\/p>\n\n\n\n<p>Para participar en Marejada, existen dos modalidades de tickets: como agente de la m\u00fasica acreditado o como p\u00fablico general. Les interesades pueden adquirir sus entradas, de manera gratuita, a trav\u00e9s de&nbsp;<a href=\"https:\/\/gmail.us14.list-manage.com\/track\/click?u=02e0c4a3360dcd781c5aea2ba&amp;id=54ff647fd9&amp;e=42d8379e9e\" target=\"_blank\" rel=\"noreferrer noopener\"><strong>este enlace<\/strong><\/a>.<\/p>\n\n\n\n<p>Sobre lo mismo, se realizar\u00e1n talleres previos, con el prop\u00f3sito de preparar a quienes participen en las ruedas de vinculaci\u00f3n. Estos talleres se realizar\u00e1n de manera presencial en el Centro Cultural San Antonio, y son los siguientes:<\/p>\n\n\n\n<ul class=\"wp-block-list\">\n<li><strong>\u201cConstruye el pitch de tu proyecto\u201d:<\/strong>\u00a023 de agosto, a las 17:00 hrs. Dictado por Valeria Moraga, de The Orchard.<\/li>\n\n\n\n<li><strong>\u201cCrea el onesheet de tu proyecto\u201d:\u00a0<\/strong>24 de agosto, a las 11:00 hrs. Dictado por Nataly Orellana, de OTEC municipal.<\/li>\n<\/ul>\n\n\n\n<p><a href=\"https:\/\/www.instagram.com\/marejadacl\/\"><strong>Conoce m\u00e1s en sus redes sociales.<\/strong><\/a><\/p>\n","protected":false},"excerpt":{"rendered":"<p>Sello Trigal&nbsp;y&nbsp;Colectivo No Lineal&nbsp;se unen para crear&nbsp;Marejada, encuentro que&nbsp;se llevar\u00e1 a cabo los d\u00edas 6 y 7 de septiembre, en la comuna de San Antonio, y que se establece como una instancia que dar\u00e1 voz y espacio a m\u00fasiques independientes, as\u00ed como a personas que trabajan dentro del ecosistema musical, con un enfoque pensado en [&hellip;]<\/p>\n","protected":false},"author":1,"featured_media":19979,"comment_status":"closed","ping_status":"closed","sticky":false,"template":"","format":"standard","meta":{"_acf_changed":false,"footnotes":""},"categories":[8],"tags":[],"class_list":["post-19977","post","type-post","status-publish","format-standard","has-post-thumbnail","hentry","category-noticia"],"acf":[],"yoast_head":"<!-- This site is optimized with the Yoast SEO plugin v27.1.1 - https:\/\/yoast.com\/product\/yoast-seo-wordpress\/ -->\n<title>San Antonio se prepara para recibir &quot;Marejada&quot;: el encuentro musical divergente - Valpara\u00ed\u00adso Creativo<\/title>\n<meta name=\"robots\" content=\"index, follow, max-snippet:-1, max-image-preview:large, max-video-preview:-1\" \/>\n<link rel=\"canonical\" href=\"https:\/\/dev.antudigital.cl\/sites\/vc\/san-antonio-se-prepara-para-recibir-marejada-el-encuentro-musical-divergente\/\" \/>\n<meta property=\"og:locale\" content=\"es_ES\" \/>\n<meta property=\"og:type\" content=\"article\" \/>\n<meta property=\"og:title\" content=\"San Antonio se prepara para recibir &quot;Marejada&quot;: el encuentro musical divergente - Valpara\u00ed\u00adso Creativo\" \/>\n<meta property=\"og:description\" content=\"Sello Trigal&nbsp;y&nbsp;Colectivo No Lineal&nbsp;se unen para crear&nbsp;Marejada, encuentro que&nbsp;se llevar\u00e1 a cabo los d\u00edas 6 y 7 de septiembre, en la comuna de San Antonio, y que se establece como una instancia que dar\u00e1 voz y espacio a m\u00fasiques independientes, as\u00ed como a personas que trabajan dentro del ecosistema musical, con un enfoque pensado en [&hellip;]\" \/>\n<meta property=\"og:url\" content=\"https:\/\/dev.antudigital.cl\/sites\/vc\/san-antonio-se-prepara-para-recibir-marejada-el-encuentro-musical-divergente\/\" \/>\n<meta property=\"og:site_name\" content=\"Valpara\u00ed\u00adso Creativo\" \/>\n<meta property=\"article:published_time\" content=\"2024-08-08T21:48:04+00:00\" \/>\n<meta property=\"article:modified_time\" content=\"2024-08-08T21:48:20+00:00\" \/>\n<meta property=\"og:image\" content=\"https:\/\/dev.antudigital.cl\/sites\/vc\/wp-content\/uploads\/2024\/08\/Javiera-Electra-Horizontal-scaled.jpeg\" \/>\n\t<meta property=\"og:image:width\" content=\"2560\" \/>\n\t<meta property=\"og:image:height\" content=\"1707\" \/>\n\t<meta property=\"og:image:type\" content=\"image\/jpeg\" \/>\n<meta name=\"author\" content=\"Valpara\u00edso Creativo\" \/>\n<meta name=\"twitter:card\" content=\"summary_large_image\" \/>\n<meta name=\"twitter:label1\" content=\"Escrito por\" \/>\n\t<meta name=\"twitter:data1\" content=\"Valpara\u00edso Creativo\" \/>\n\t<meta name=\"twitter:label2\" content=\"Tiempo de lectura\" \/>\n\t<meta name=\"twitter:data2\" content=\"3 minutos\" \/>\n<script type=\"application\/ld+json\" class=\"yoast-schema-graph\">{\"@context\":\"https:\/\/schema.org\",\"@graph\":[{\"@type\":\"Article\",\"@id\":\"https:\/\/dev.antudigital.cl\/sites\/vc\/san-antonio-se-prepara-para-recibir-marejada-el-encuentro-musical-divergente\/#article\",\"isPartOf\":{\"@id\":\"https:\/\/dev.antudigital.cl\/sites\/vc\/san-antonio-se-prepara-para-recibir-marejada-el-encuentro-musical-divergente\/\"},\"author\":{\"name\":\"Valpara\u00edso Creativo\",\"@id\":\"https:\/\/dev.antudigital.cl\/sites\/vc\/#\/schema\/person\/c2b9da8dd545e27166fc5ab232837318\"},\"headline\":\"San Antonio se prepara para recibir \u00abMarejada\u00bb: el encuentro musical divergente\",\"datePublished\":\"2024-08-08T21:48:04+00:00\",\"dateModified\":\"2024-08-08T21:48:20+00:00\",\"mainEntityOfPage\":{\"@id\":\"https:\/\/dev.antudigital.cl\/sites\/vc\/san-antonio-se-prepara-para-recibir-marejada-el-encuentro-musical-divergente\/\"},\"wordCount\":413,\"image\":{\"@id\":\"https:\/\/dev.antudigital.cl\/sites\/vc\/san-antonio-se-prepara-para-recibir-marejada-el-encuentro-musical-divergente\/#primaryimage\"},\"thumbnailUrl\":\"https:\/\/dev.antudigital.cl\/sites\/vc\/wp-content\/uploads\/2024\/08\/Javiera-Electra-Horizontal-scaled.jpeg\",\"articleSection\":[\"Noticia\"],\"inLanguage\":\"es\"},{\"@type\":\"WebPage\",\"@id\":\"https:\/\/dev.antudigital.cl\/sites\/vc\/san-antonio-se-prepara-para-recibir-marejada-el-encuentro-musical-divergente\/\",\"url\":\"https:\/\/dev.antudigital.cl\/sites\/vc\/san-antonio-se-prepara-para-recibir-marejada-el-encuentro-musical-divergente\/\",\"name\":\"San Antonio se prepara para recibir \\\"Marejada\\\": el encuentro musical divergente - Valpara\u00ed\u00adso Creativo\",\"isPartOf\":{\"@id\":\"https:\/\/dev.antudigital.cl\/sites\/vc\/#website\"},\"primaryImageOfPage\":{\"@id\":\"https:\/\/dev.antudigital.cl\/sites\/vc\/san-antonio-se-prepara-para-recibir-marejada-el-encuentro-musical-divergente\/#primaryimage\"},\"image\":{\"@id\":\"https:\/\/dev.antudigital.cl\/sites\/vc\/san-antonio-se-prepara-para-recibir-marejada-el-encuentro-musical-divergente\/#primaryimage\"},\"thumbnailUrl\":\"https:\/\/dev.antudigital.cl\/sites\/vc\/wp-content\/uploads\/2024\/08\/Javiera-Electra-Horizontal-scaled.jpeg\",\"datePublished\":\"2024-08-08T21:48:04+00:00\",\"dateModified\":\"2024-08-08T21:48:20+00:00\",\"author\":{\"@id\":\"https:\/\/dev.antudigital.cl\/sites\/vc\/#\/schema\/person\/c2b9da8dd545e27166fc5ab232837318\"},\"breadcrumb\":{\"@id\":\"https:\/\/dev.antudigital.cl\/sites\/vc\/san-antonio-se-prepara-para-recibir-marejada-el-encuentro-musical-divergente\/#breadcrumb\"},\"inLanguage\":\"es\",\"potentialAction\":[{\"@type\":\"ReadAction\",\"target\":[\"https:\/\/dev.antudigital.cl\/sites\/vc\/san-antonio-se-prepara-para-recibir-marejada-el-encuentro-musical-divergente\/\"]}]},{\"@type\":\"ImageObject\",\"inLanguage\":\"es\",\"@id\":\"https:\/\/dev.antudigital.cl\/sites\/vc\/san-antonio-se-prepara-para-recibir-marejada-el-encuentro-musical-divergente\/#primaryimage\",\"url\":\"https:\/\/dev.antudigital.cl\/sites\/vc\/wp-content\/uploads\/2024\/08\/Javiera-Electra-Horizontal-scaled.jpeg\",\"contentUrl\":\"https:\/\/dev.antudigital.cl\/sites\/vc\/wp-content\/uploads\/2024\/08\/Javiera-Electra-Horizontal-scaled.jpeg\",\"width\":2560,\"height\":1707},{\"@type\":\"BreadcrumbList\",\"@id\":\"https:\/\/dev.antudigital.cl\/sites\/vc\/san-antonio-se-prepara-para-recibir-marejada-el-encuentro-musical-divergente\/#breadcrumb\",\"itemListElement\":[{\"@type\":\"ListItem\",\"position\":1,\"name\":\"Home\",\"item\":\"https:\/\/dev.antudigital.cl\/sites\/vc\/\"},{\"@type\":\"ListItem\",\"position\":2,\"name\":\"San Antonio se prepara para recibir \u00abMarejada\u00bb: el encuentro musical divergente\"}]},{\"@type\":\"WebSite\",\"@id\":\"https:\/\/dev.antudigital.cl\/sites\/vc\/#website\",\"url\":\"https:\/\/dev.antudigital.cl\/sites\/vc\/\",\"name\":\"Valpara\u00ed\u00adso Creativo\",\"description\":\"\",\"potentialAction\":[{\"@type\":\"SearchAction\",\"target\":{\"@type\":\"EntryPoint\",\"urlTemplate\":\"https:\/\/dev.antudigital.cl\/sites\/vc\/?s={search_term_string}\"},\"query-input\":{\"@type\":\"PropertyValueSpecification\",\"valueRequired\":true,\"valueName\":\"search_term_string\"}}],\"inLanguage\":\"es\"},{\"@type\":\"Person\",\"@id\":\"https:\/\/dev.antudigital.cl\/sites\/vc\/#\/schema\/person\/c2b9da8dd545e27166fc5ab232837318\",\"name\":\"Valpara\u00edso Creativo\",\"description\":\"Periodista de cultura en la Regi\u00f3n de Valpara\u00edso.\",\"url\":\"https:\/\/dev.antudigital.cl\/sites\/vc\/author\/valpoadmin\/\"}]}<\/script>\n<!-- \/ Yoast SEO plugin. -->","yoast_head_json":{"title":"San Antonio se prepara para recibir \"Marejada\": el encuentro musical divergente - Valpara\u00ed\u00adso Creativo","robots":{"index":"index","follow":"follow","max-snippet":"max-snippet:-1","max-image-preview":"max-image-preview:large","max-video-preview":"max-video-preview:-1"},"canonical":"https:\/\/dev.antudigital.cl\/sites\/vc\/san-antonio-se-prepara-para-recibir-marejada-el-encuentro-musical-divergente\/","og_locale":"es_ES","og_type":"article","og_title":"San Antonio se prepara para recibir \"Marejada\": el encuentro musical divergente - Valpara\u00ed\u00adso Creativo","og_description":"Sello Trigal&nbsp;y&nbsp;Colectivo No Lineal&nbsp;se unen para crear&nbsp;Marejada, encuentro que&nbsp;se llevar\u00e1 a cabo los d\u00edas 6 y 7 de septiembre, en la comuna de San Antonio, y que se establece como una instancia que dar\u00e1 voz y espacio a m\u00fasiques independientes, as\u00ed como a personas que trabajan dentro del ecosistema musical, con un enfoque pensado en [&hellip;]","og_url":"https:\/\/dev.antudigital.cl\/sites\/vc\/san-antonio-se-prepara-para-recibir-marejada-el-encuentro-musical-divergente\/","og_site_name":"Valpara\u00ed\u00adso Creativo","article_published_time":"2024-08-08T21:48:04+00:00","article_modified_time":"2024-08-08T21:48:20+00:00","og_image":[{"width":2560,"height":1707,"url":"https:\/\/dev.antudigital.cl\/sites\/vc\/wp-content\/uploads\/2024\/08\/Javiera-Electra-Horizontal-scaled.jpeg","type":"image\/jpeg"}],"author":"Valpara\u00edso Creativo","twitter_card":"summary_large_image","twitter_misc":{"Escrito por":"Valpara\u00edso Creativo","Tiempo de lectura":"3 minutos"},"schema":{"@context":"https:\/\/schema.org","@graph":[{"@type":"Article","@id":"https:\/\/dev.antudigital.cl\/sites\/vc\/san-antonio-se-prepara-para-recibir-marejada-el-encuentro-musical-divergente\/#article","isPartOf":{"@id":"https:\/\/dev.antudigital.cl\/sites\/vc\/san-antonio-se-prepara-para-recibir-marejada-el-encuentro-musical-divergente\/"},"author":{"name":"Valpara\u00edso Creativo","@id":"https:\/\/dev.antudigital.cl\/sites\/vc\/#\/schema\/person\/c2b9da8dd545e27166fc5ab232837318"},"headline":"San Antonio se prepara para recibir \u00abMarejada\u00bb: el encuentro musical divergente","datePublished":"2024-08-08T21:48:04+00:00","dateModified":"2024-08-08T21:48:20+00:00","mainEntityOfPage":{"@id":"https:\/\/dev.antudigital.cl\/sites\/vc\/san-antonio-se-prepara-para-recibir-marejada-el-encuentro-musical-divergente\/"},"wordCount":413,"image":{"@id":"https:\/\/dev.antudigital.cl\/sites\/vc\/san-antonio-se-prepara-para-recibir-marejada-el-encuentro-musical-divergente\/#primaryimage"},"thumbnailUrl":"https:\/\/dev.antudigital.cl\/sites\/vc\/wp-content\/uploads\/2024\/08\/Javiera-Electra-Horizontal-scaled.jpeg","articleSection":["Noticia"],"inLanguage":"es"},{"@type":"WebPage","@id":"https:\/\/dev.antudigital.cl\/sites\/vc\/san-antonio-se-prepara-para-recibir-marejada-el-encuentro-musical-divergente\/","url":"https:\/\/dev.antudigital.cl\/sites\/vc\/san-antonio-se-prepara-para-recibir-marejada-el-encuentro-musical-divergente\/","name":"San Antonio se prepara para recibir \"Marejada\": el encuentro musical divergente - Valpara\u00ed\u00adso Creativo","isPartOf":{"@id":"https:\/\/dev.antudigital.cl\/sites\/vc\/#website"},"primaryImageOfPage":{"@id":"https:\/\/dev.antudigital.cl\/sites\/vc\/san-antonio-se-prepara-para-recibir-marejada-el-encuentro-musical-divergente\/#primaryimage"},"image":{"@id":"https:\/\/dev.antudigital.cl\/sites\/vc\/san-antonio-se-prepara-para-recibir-marejada-el-encuentro-musical-divergente\/#primaryimage"},"thumbnailUrl":"https:\/\/dev.antudigital.cl\/sites\/vc\/wp-content\/uploads\/2024\/08\/Javiera-Electra-Horizontal-scaled.jpeg","datePublished":"2024-08-08T21:48:04+00:00","dateModified":"2024-08-08T21:48:20+00:00","author":{"@id":"https:\/\/dev.antudigital.cl\/sites\/vc\/#\/schema\/person\/c2b9da8dd545e27166fc5ab232837318"},"breadcrumb":{"@id":"https:\/\/dev.antudigital.cl\/sites\/vc\/san-antonio-se-prepara-para-recibir-marejada-el-encuentro-musical-divergente\/#breadcrumb"},"inLanguage":"es","potentialAction":[{"@type":"ReadAction","target":["https:\/\/dev.antudigital.cl\/sites\/vc\/san-antonio-se-prepara-para-recibir-marejada-el-encuentro-musical-divergente\/"]}]},{"@type":"ImageObject","inLanguage":"es","@id":"https:\/\/dev.antudigital.cl\/sites\/vc\/san-antonio-se-prepara-para-recibir-marejada-el-encuentro-musical-divergente\/#primaryimage","url":"https:\/\/dev.antudigital.cl\/sites\/vc\/wp-content\/uploads\/2024\/08\/Javiera-Electra-Horizontal-scaled.jpeg","contentUrl":"https:\/\/dev.antudigital.cl\/sites\/vc\/wp-content\/uploads\/2024\/08\/Javiera-Electra-Horizontal-scaled.jpeg","width":2560,"height":1707},{"@type":"BreadcrumbList","@id":"https:\/\/dev.antudigital.cl\/sites\/vc\/san-antonio-se-prepara-para-recibir-marejada-el-encuentro-musical-divergente\/#breadcrumb","itemListElement":[{"@type":"ListItem","position":1,"name":"Home","item":"https:\/\/dev.antudigital.cl\/sites\/vc\/"},{"@type":"ListItem","position":2,"name":"San Antonio se prepara para recibir \u00abMarejada\u00bb: el encuentro musical divergente"}]},{"@type":"WebSite","@id":"https:\/\/dev.antudigital.cl\/sites\/vc\/#website","url":"https:\/\/dev.antudigital.cl\/sites\/vc\/","name":"Valpara\u00ed\u00adso Creativo","description":"","potentialAction":[{"@type":"SearchAction","target":{"@type":"EntryPoint","urlTemplate":"https:\/\/dev.antudigital.cl\/sites\/vc\/?s={search_term_string}"},"query-input":{"@type":"PropertyValueSpecification","valueRequired":true,"valueName":"search_term_string"}}],"inLanguage":"es"},{"@type":"Person","@id":"https:\/\/dev.antudigital.cl\/sites\/vc\/#\/schema\/person\/c2b9da8dd545e27166fc5ab232837318","name":"Valpara\u00edso Creativo","description":"Periodista de cultura en la Regi\u00f3n de Valpara\u00edso.","url":"https:\/\/dev.antudigital.cl\/sites\/vc\/author\/valpoadmin\/"}]}},"_links":{"self":[{"href":"https:\/\/dev.antudigital.cl\/sites\/vc\/wp-json\/wp\/v2\/posts\/19977","targetHints":{"allow":["GET"]}}],"collection":[{"href":"https:\/\/dev.antudigital.cl\/sites\/vc\/wp-json\/wp\/v2\/posts"}],"about":[{"href":"https:\/\/dev.antudigital.cl\/sites\/vc\/wp-json\/wp\/v2\/types\/post"}],"author":[{"embeddable":true,"href":"https:\/\/dev.antudigital.cl\/sites\/vc\/wp-json\/wp\/v2\/users\/1"}],"replies":[{"embeddable":true,"href":"https:\/\/dev.antudigital.cl\/sites\/vc\/wp-json\/wp\/v2\/comments?post=19977"}],"version-history":[{"count":1,"href":"https:\/\/dev.antudigital.cl\/sites\/vc\/wp-json\/wp\/v2\/posts\/19977\/revisions"}],"predecessor-version":[{"id":19981,"href":"https:\/\/dev.antudigital.cl\/sites\/vc\/wp-json\/wp\/v2\/posts\/19977\/revisions\/19981"}],"wp:featuredmedia":[{"embeddable":true,"href":"https:\/\/dev.antudigital.cl\/sites\/vc\/wp-json\/wp\/v2\/media\/19979"}],"wp:attachment":[{"href":"https:\/\/dev.antudigital.cl\/sites\/vc\/wp-json\/wp\/v2\/media?parent=19977"}],"wp:term":[{"taxonomy":"category","embeddable":true,"href":"https:\/\/dev.antudigital.cl\/sites\/vc\/wp-json\/wp\/v2\/categories?post=19977"},{"taxonomy":"post_tag","embeddable":true,"href":"https:\/\/dev.antudigital.cl\/sites\/vc\/wp-json\/wp\/v2\/tags?post=19977"}],"curies":[{"name":"wp","href":"https:\/\/api.w.org\/{rel}","templated":true}]}}