{"id":19982,"date":"2024-08-08T21:56:02","date_gmt":"2024-08-08T21:56:02","guid":{"rendered":"https:\/\/www.valparaisocreativo.cl\/?p=19982"},"modified":"2024-08-08T21:56:18","modified_gmt":"2024-08-08T21:56:18","slug":"nueva-feria-de-fotolibros-mekanica-llega-a-valparaiso","status":"publish","type":"post","link":"https:\/\/dev.antudigital.cl\/sites\/vc\/nueva-feria-de-fotolibros-mekanica-llega-a-valparaiso\/","title":{"rendered":"Nueva feria de fotolibros: Mek\u00e1nica llega a Valpara\u00edso"},"content":{"rendered":"\n<p>El pr\u00f3ximo 24 y 25 de agosto, de las 11:00 hrs a las 18:00 hrs, se llevar\u00e1 a cabo \u00abMekanica Encuentro de Fotograf\u00eda\u00bb en Centex, ubicado en Plaza Sotomayor, Valpara\u00edso. Este evento es organizado por Cooperativa Centro de Arte y producido por CENTEX, el cual busca reunir a las mayores editoriales de fotolibros para exhibir y promocionar sus publicaciones, fomentar el intercambio de ideas y experiencias, y celebrar la riqueza y diversidad de la fotograf\u00eda como forma de arte y medio de expresi\u00f3n.<\/p>\n\n\n\n<p>\u00abMekanica Encuentro de Fotograf\u00eda\u00bb es un espacio dedicado a la comunidad fotogr\u00e1fica y a todos los interesados en la pr\u00e1ctica visual del fotolibro y ediciones gr\u00e1ficas. El evento contar\u00e1 con una serie de actividades dise\u00f1adas para enriquecer la experiencia de los asistentes. Entre los eventos destacados se encuentra el lanzamiento del Fotolibro \u00abLafwa\u00bb de Loreto Vergara, en una conversaci\u00f3n con Mauricio Toro Goya, moderada por Rodolfo Mu\u00f1oz.<strong>&nbsp;<\/strong><\/p>\n\n\n\n<p>La convocatoria para el evento est\u00e1 abierta, permitiendo que editoriales y fot\u00f3grafos postulen para participar. Esta inclusi\u00f3n busca asegurar una amplia representaci\u00f3n de voces y estilos en el \u00e1mbito de los fotolibros.<\/p>\n\n\n\n<p>El evento est\u00e1 dirigido a fot\u00f3grafos, fot\u00f3grafas, artistas visuales y todos aquellos interesados en la pr\u00e1ctica visual del fotolibro y las ediciones gr\u00e1ficas. Es una oportunidad \u00fanica para conectar con profesionales del sector y explorar nuevas perspectivas en la fotograf\u00eda y la edici\u00f3n.<\/p>\n\n\n\n<p>La entrada a \u00abMekanica Encuentro de Fotograf\u00eda\u00bb es completamente gratuita. Adem\u00e1s, el evento cuenta con la colaboraci\u00f3n de la Escuela de Fotograf\u00eda del Instituto Arcos, Valpara\u00edso Creativo de Corfo y Balmaceda Arte Joven.<\/p>\n\n\n\n<p>\u00abMekanica Encuentro de Fotograf\u00eda\u00bb se destaca por su enfoque en la ciudad de Valpara\u00edso y su compromiso con la llegada y promoci\u00f3n de ediciones de fotolibros de editoriales y autopublicaciones. Este evento es una plataforma crucial para generar y fortalecer redes regionales y nacionales, contribuyendo al desarrollo y difusi\u00f3n del arte fotogr\u00e1fico en Chile.<\/p>\n\n\n\n<p>Para m\u00e1s informaci\u00f3n, entrevistas o consultas, por favor contacte a:<\/p>\n\n\n\n<ul class=\"wp-block-list\">\n<li><strong>Correo Electr\u00f3nico:<\/strong> contactomekanica@gmail.com<\/li>\n\n\n\n<li><strong>Instagram:<\/strong> @mekanica_feria<\/li>\n<\/ul>\n\n\n\n<p><a href=\"https:\/\/bit.ly\/inscripcionmekanica\"><strong>Si eres una editorial, postula aqu\u00ed.<\/strong><\/a><\/p>\n\n\n\n<hr class=\"wp-block-separator has-alpha-channel-opacity\"\/>\n\n\n\n<p><strong>Acerca de Mekanica Encuentro de Fotograf\u00eda<\/strong> \u00abMekanica Encuentro de Fotograf\u00eda\u00bb es una iniciativa dedicada a la promoci\u00f3n y valorizaci\u00f3n de los fotolibros y las ediciones gr\u00e1ficas. A trav\u00e9s de eventos, exposiciones y charlas, busca crear un espacio de intercambio y aprendizaje para la comunidad fotogr\u00e1fica y el p\u00fablico en general.<\/p>\n\n\n\n<figure class=\"wp-block-image size-large\"><img fetchpriority=\"high\" decoding=\"async\" width=\"1024\" height=\"1024\" src=\"https:\/\/www.valparaisocreativo.cl\/wp-content\/uploads\/2024\/08\/MEKANICA-Afiche-1024x1024.jpg\" alt=\"\" class=\"wp-image-19984\" srcset=\"https:\/\/dev.antudigital.cl\/sites\/vc\/wp-content\/uploads\/2024\/08\/MEKANICA-Afiche-1024x1024.jpg 1024w, https:\/\/dev.antudigital.cl\/sites\/vc\/wp-content\/uploads\/2024\/08\/MEKANICA-Afiche-300x300.jpg 300w, https:\/\/dev.antudigital.cl\/sites\/vc\/wp-content\/uploads\/2024\/08\/MEKANICA-Afiche-150x150.jpg 150w, https:\/\/dev.antudigital.cl\/sites\/vc\/wp-content\/uploads\/2024\/08\/MEKANICA-Afiche-768x768.jpg 768w, https:\/\/dev.antudigital.cl\/sites\/vc\/wp-content\/uploads\/2024\/08\/MEKANICA-Afiche-980x980.jpg 980w, https:\/\/dev.antudigital.cl\/sites\/vc\/wp-content\/uploads\/2024\/08\/MEKANICA-Afiche-480x480.jpg 480w, https:\/\/dev.antudigital.cl\/sites\/vc\/wp-content\/uploads\/2024\/08\/MEKANICA-Afiche-24x24.jpg 24w, https:\/\/dev.antudigital.cl\/sites\/vc\/wp-content\/uploads\/2024\/08\/MEKANICA-Afiche-36x36.jpg 36w, https:\/\/dev.antudigital.cl\/sites\/vc\/wp-content\/uploads\/2024\/08\/MEKANICA-Afiche-48x48.jpg 48w, https:\/\/dev.antudigital.cl\/sites\/vc\/wp-content\/uploads\/2024\/08\/MEKANICA-Afiche.jpg 1080w\" sizes=\"(max-width: 1024px) 100vw, 1024px\" \/><\/figure>\n","protected":false},"excerpt":{"rendered":"<p>El pr\u00f3ximo 24 y 25 de agosto, de las 11:00 hrs a las 18:00 hrs, se llevar\u00e1 a cabo \u00abMekanica Encuentro de Fotograf\u00eda\u00bb en Centex, ubicado en Plaza Sotomayor, Valpara\u00edso. Este evento es organizado por Cooperativa Centro de Arte y producido por CENTEX, el cual busca reunir a las mayores editoriales de fotolibros para exhibir [&hellip;]<\/p>\n","protected":false},"author":1,"featured_media":19983,"comment_status":"closed","ping_status":"closed","sticky":false,"template":"","format":"standard","meta":{"_acf_changed":false,"footnotes":""},"categories":[1],"tags":[],"class_list":["post-19982","post","type-post","status-publish","format-standard","has-post-thumbnail","hentry","category-uncategorized"],"acf":[],"yoast_head":"<!-- This site is optimized with the Yoast SEO plugin v27.1.1 - https:\/\/yoast.com\/product\/yoast-seo-wordpress\/ -->\n<title>Nueva feria de fotolibros: Mek\u00e1nica llega a Valpara\u00edso - Valpara\u00ed\u00adso Creativo<\/title>\n<meta name=\"robots\" content=\"index, follow, max-snippet:-1, max-image-preview:large, max-video-preview:-1\" \/>\n<link rel=\"canonical\" href=\"https:\/\/dev.antudigital.cl\/sites\/vc\/nueva-feria-de-fotolibros-mekanica-llega-a-valparaiso\/\" \/>\n<meta property=\"og:locale\" content=\"es_ES\" \/>\n<meta property=\"og:type\" content=\"article\" \/>\n<meta property=\"og:title\" content=\"Nueva feria de fotolibros: Mek\u00e1nica llega a Valpara\u00edso - Valpara\u00ed\u00adso Creativo\" \/>\n<meta property=\"og:description\" content=\"El pr\u00f3ximo 24 y 25 de agosto, de las 11:00 hrs a las 18:00 hrs, se llevar\u00e1 a cabo \u00abMekanica Encuentro de Fotograf\u00eda\u00bb en Centex, ubicado en Plaza Sotomayor, Valpara\u00edso. Este evento es organizado por Cooperativa Centro de Arte y producido por CENTEX, el cual busca reunir a las mayores editoriales de fotolibros para exhibir [&hellip;]\" \/>\n<meta property=\"og:url\" content=\"https:\/\/dev.antudigital.cl\/sites\/vc\/nueva-feria-de-fotolibros-mekanica-llega-a-valparaiso\/\" \/>\n<meta property=\"og:site_name\" content=\"Valpara\u00ed\u00adso Creativo\" \/>\n<meta property=\"article:published_time\" content=\"2024-08-08T21:56:02+00:00\" \/>\n<meta property=\"article:modified_time\" content=\"2024-08-08T21:56:18+00:00\" \/>\n<meta property=\"og:image\" content=\"https:\/\/dev.antudigital.cl\/sites\/vc\/wp-content\/uploads\/2024\/08\/Centex.png\" \/>\n\t<meta property=\"og:image:width\" content=\"1024\" \/>\n\t<meta property=\"og:image:height\" content=\"425\" \/>\n\t<meta property=\"og:image:type\" content=\"image\/png\" \/>\n<meta name=\"author\" content=\"Valpara\u00edso Creativo\" \/>\n<meta name=\"twitter:card\" content=\"summary_large_image\" \/>\n<meta name=\"twitter:label1\" content=\"Escrito por\" \/>\n\t<meta name=\"twitter:data1\" content=\"Valpara\u00edso Creativo\" \/>\n\t<meta name=\"twitter:label2\" content=\"Tiempo de lectura\" \/>\n\t<meta name=\"twitter:data2\" content=\"3 minutos\" \/>\n<script type=\"application\/ld+json\" class=\"yoast-schema-graph\">{\"@context\":\"https:\/\/schema.org\",\"@graph\":[{\"@type\":\"Article\",\"@id\":\"https:\/\/dev.antudigital.cl\/sites\/vc\/nueva-feria-de-fotolibros-mekanica-llega-a-valparaiso\/#article\",\"isPartOf\":{\"@id\":\"https:\/\/dev.antudigital.cl\/sites\/vc\/nueva-feria-de-fotolibros-mekanica-llega-a-valparaiso\/\"},\"author\":{\"name\":\"Valpara\u00edso Creativo\",\"@id\":\"https:\/\/dev.antudigital.cl\/sites\/vc\/#\/schema\/person\/c2b9da8dd545e27166fc5ab232837318\"},\"headline\":\"Nueva feria de fotolibros: Mek\u00e1nica llega a Valpara\u00edso\",\"datePublished\":\"2024-08-08T21:56:02+00:00\",\"dateModified\":\"2024-08-08T21:56:18+00:00\",\"mainEntityOfPage\":{\"@id\":\"https:\/\/dev.antudigital.cl\/sites\/vc\/nueva-feria-de-fotolibros-mekanica-llega-a-valparaiso\/\"},\"wordCount\":435,\"image\":{\"@id\":\"https:\/\/dev.antudigital.cl\/sites\/vc\/nueva-feria-de-fotolibros-mekanica-llega-a-valparaiso\/#primaryimage\"},\"thumbnailUrl\":\"https:\/\/dev.antudigital.cl\/sites\/vc\/wp-content\/uploads\/2024\/08\/Centex.png\",\"articleSection\":[\"Uncategorized\"],\"inLanguage\":\"es\"},{\"@type\":\"WebPage\",\"@id\":\"https:\/\/dev.antudigital.cl\/sites\/vc\/nueva-feria-de-fotolibros-mekanica-llega-a-valparaiso\/\",\"url\":\"https:\/\/dev.antudigital.cl\/sites\/vc\/nueva-feria-de-fotolibros-mekanica-llega-a-valparaiso\/\",\"name\":\"Nueva feria de fotolibros: Mek\u00e1nica llega a Valpara\u00edso - Valpara\u00ed\u00adso Creativo\",\"isPartOf\":{\"@id\":\"https:\/\/dev.antudigital.cl\/sites\/vc\/#website\"},\"primaryImageOfPage\":{\"@id\":\"https:\/\/dev.antudigital.cl\/sites\/vc\/nueva-feria-de-fotolibros-mekanica-llega-a-valparaiso\/#primaryimage\"},\"image\":{\"@id\":\"https:\/\/dev.antudigital.cl\/sites\/vc\/nueva-feria-de-fotolibros-mekanica-llega-a-valparaiso\/#primaryimage\"},\"thumbnailUrl\":\"https:\/\/dev.antudigital.cl\/sites\/vc\/wp-content\/uploads\/2024\/08\/Centex.png\",\"datePublished\":\"2024-08-08T21:56:02+00:00\",\"dateModified\":\"2024-08-08T21:56:18+00:00\",\"author\":{\"@id\":\"https:\/\/dev.antudigital.cl\/sites\/vc\/#\/schema\/person\/c2b9da8dd545e27166fc5ab232837318\"},\"breadcrumb\":{\"@id\":\"https:\/\/dev.antudigital.cl\/sites\/vc\/nueva-feria-de-fotolibros-mekanica-llega-a-valparaiso\/#breadcrumb\"},\"inLanguage\":\"es\",\"potentialAction\":[{\"@type\":\"ReadAction\",\"target\":[\"https:\/\/dev.antudigital.cl\/sites\/vc\/nueva-feria-de-fotolibros-mekanica-llega-a-valparaiso\/\"]}]},{\"@type\":\"ImageObject\",\"inLanguage\":\"es\",\"@id\":\"https:\/\/dev.antudigital.cl\/sites\/vc\/nueva-feria-de-fotolibros-mekanica-llega-a-valparaiso\/#primaryimage\",\"url\":\"https:\/\/dev.antudigital.cl\/sites\/vc\/wp-content\/uploads\/2024\/08\/Centex.png\",\"contentUrl\":\"https:\/\/dev.antudigital.cl\/sites\/vc\/wp-content\/uploads\/2024\/08\/Centex.png\",\"width\":1024,\"height\":425},{\"@type\":\"BreadcrumbList\",\"@id\":\"https:\/\/dev.antudigital.cl\/sites\/vc\/nueva-feria-de-fotolibros-mekanica-llega-a-valparaiso\/#breadcrumb\",\"itemListElement\":[{\"@type\":\"ListItem\",\"position\":1,\"name\":\"Home\",\"item\":\"https:\/\/dev.antudigital.cl\/sites\/vc\/\"},{\"@type\":\"ListItem\",\"position\":2,\"name\":\"Nueva feria de fotolibros: Mek\u00e1nica llega a Valpara\u00edso\"}]},{\"@type\":\"WebSite\",\"@id\":\"https:\/\/dev.antudigital.cl\/sites\/vc\/#website\",\"url\":\"https:\/\/dev.antudigital.cl\/sites\/vc\/\",\"name\":\"Valpara\u00ed\u00adso Creativo\",\"description\":\"\",\"potentialAction\":[{\"@type\":\"SearchAction\",\"target\":{\"@type\":\"EntryPoint\",\"urlTemplate\":\"https:\/\/dev.antudigital.cl\/sites\/vc\/?s={search_term_string}\"},\"query-input\":{\"@type\":\"PropertyValueSpecification\",\"valueRequired\":true,\"valueName\":\"search_term_string\"}}],\"inLanguage\":\"es\"},{\"@type\":\"Person\",\"@id\":\"https:\/\/dev.antudigital.cl\/sites\/vc\/#\/schema\/person\/c2b9da8dd545e27166fc5ab232837318\",\"name\":\"Valpara\u00edso Creativo\",\"description\":\"Periodista de cultura en la Regi\u00f3n de Valpara\u00edso.\",\"url\":\"https:\/\/dev.antudigital.cl\/sites\/vc\/author\/valpoadmin\/\"}]}<\/script>\n<!-- \/ Yoast SEO plugin. -->","yoast_head_json":{"title":"Nueva feria de fotolibros: Mek\u00e1nica llega a Valpara\u00edso - Valpara\u00ed\u00adso Creativo","robots":{"index":"index","follow":"follow","max-snippet":"max-snippet:-1","max-image-preview":"max-image-preview:large","max-video-preview":"max-video-preview:-1"},"canonical":"https:\/\/dev.antudigital.cl\/sites\/vc\/nueva-feria-de-fotolibros-mekanica-llega-a-valparaiso\/","og_locale":"es_ES","og_type":"article","og_title":"Nueva feria de fotolibros: Mek\u00e1nica llega a Valpara\u00edso - Valpara\u00ed\u00adso Creativo","og_description":"El pr\u00f3ximo 24 y 25 de agosto, de las 11:00 hrs a las 18:00 hrs, se llevar\u00e1 a cabo \u00abMekanica Encuentro de Fotograf\u00eda\u00bb en Centex, ubicado en Plaza Sotomayor, Valpara\u00edso. Este evento es organizado por Cooperativa Centro de Arte y producido por CENTEX, el cual busca reunir a las mayores editoriales de fotolibros para exhibir [&hellip;]","og_url":"https:\/\/dev.antudigital.cl\/sites\/vc\/nueva-feria-de-fotolibros-mekanica-llega-a-valparaiso\/","og_site_name":"Valpara\u00ed\u00adso Creativo","article_published_time":"2024-08-08T21:56:02+00:00","article_modified_time":"2024-08-08T21:56:18+00:00","og_image":[{"width":1024,"height":425,"url":"https:\/\/dev.antudigital.cl\/sites\/vc\/wp-content\/uploads\/2024\/08\/Centex.png","type":"image\/png"}],"author":"Valpara\u00edso Creativo","twitter_card":"summary_large_image","twitter_misc":{"Escrito por":"Valpara\u00edso Creativo","Tiempo de lectura":"3 minutos"},"schema":{"@context":"https:\/\/schema.org","@graph":[{"@type":"Article","@id":"https:\/\/dev.antudigital.cl\/sites\/vc\/nueva-feria-de-fotolibros-mekanica-llega-a-valparaiso\/#article","isPartOf":{"@id":"https:\/\/dev.antudigital.cl\/sites\/vc\/nueva-feria-de-fotolibros-mekanica-llega-a-valparaiso\/"},"author":{"name":"Valpara\u00edso Creativo","@id":"https:\/\/dev.antudigital.cl\/sites\/vc\/#\/schema\/person\/c2b9da8dd545e27166fc5ab232837318"},"headline":"Nueva feria de fotolibros: Mek\u00e1nica llega a Valpara\u00edso","datePublished":"2024-08-08T21:56:02+00:00","dateModified":"2024-08-08T21:56:18+00:00","mainEntityOfPage":{"@id":"https:\/\/dev.antudigital.cl\/sites\/vc\/nueva-feria-de-fotolibros-mekanica-llega-a-valparaiso\/"},"wordCount":435,"image":{"@id":"https:\/\/dev.antudigital.cl\/sites\/vc\/nueva-feria-de-fotolibros-mekanica-llega-a-valparaiso\/#primaryimage"},"thumbnailUrl":"https:\/\/dev.antudigital.cl\/sites\/vc\/wp-content\/uploads\/2024\/08\/Centex.png","articleSection":["Uncategorized"],"inLanguage":"es"},{"@type":"WebPage","@id":"https:\/\/dev.antudigital.cl\/sites\/vc\/nueva-feria-de-fotolibros-mekanica-llega-a-valparaiso\/","url":"https:\/\/dev.antudigital.cl\/sites\/vc\/nueva-feria-de-fotolibros-mekanica-llega-a-valparaiso\/","name":"Nueva feria de fotolibros: Mek\u00e1nica llega a Valpara\u00edso - Valpara\u00ed\u00adso Creativo","isPartOf":{"@id":"https:\/\/dev.antudigital.cl\/sites\/vc\/#website"},"primaryImageOfPage":{"@id":"https:\/\/dev.antudigital.cl\/sites\/vc\/nueva-feria-de-fotolibros-mekanica-llega-a-valparaiso\/#primaryimage"},"image":{"@id":"https:\/\/dev.antudigital.cl\/sites\/vc\/nueva-feria-de-fotolibros-mekanica-llega-a-valparaiso\/#primaryimage"},"thumbnailUrl":"https:\/\/dev.antudigital.cl\/sites\/vc\/wp-content\/uploads\/2024\/08\/Centex.png","datePublished":"2024-08-08T21:56:02+00:00","dateModified":"2024-08-08T21:56:18+00:00","author":{"@id":"https:\/\/dev.antudigital.cl\/sites\/vc\/#\/schema\/person\/c2b9da8dd545e27166fc5ab232837318"},"breadcrumb":{"@id":"https:\/\/dev.antudigital.cl\/sites\/vc\/nueva-feria-de-fotolibros-mekanica-llega-a-valparaiso\/#breadcrumb"},"inLanguage":"es","potentialAction":[{"@type":"ReadAction","target":["https:\/\/dev.antudigital.cl\/sites\/vc\/nueva-feria-de-fotolibros-mekanica-llega-a-valparaiso\/"]}]},{"@type":"ImageObject","inLanguage":"es","@id":"https:\/\/dev.antudigital.cl\/sites\/vc\/nueva-feria-de-fotolibros-mekanica-llega-a-valparaiso\/#primaryimage","url":"https:\/\/dev.antudigital.cl\/sites\/vc\/wp-content\/uploads\/2024\/08\/Centex.png","contentUrl":"https:\/\/dev.antudigital.cl\/sites\/vc\/wp-content\/uploads\/2024\/08\/Centex.png","width":1024,"height":425},{"@type":"BreadcrumbList","@id":"https:\/\/dev.antudigital.cl\/sites\/vc\/nueva-feria-de-fotolibros-mekanica-llega-a-valparaiso\/#breadcrumb","itemListElement":[{"@type":"ListItem","position":1,"name":"Home","item":"https:\/\/dev.antudigital.cl\/sites\/vc\/"},{"@type":"ListItem","position":2,"name":"Nueva feria de fotolibros: Mek\u00e1nica llega a Valpara\u00edso"}]},{"@type":"WebSite","@id":"https:\/\/dev.antudigital.cl\/sites\/vc\/#website","url":"https:\/\/dev.antudigital.cl\/sites\/vc\/","name":"Valpara\u00ed\u00adso Creativo","description":"","potentialAction":[{"@type":"SearchAction","target":{"@type":"EntryPoint","urlTemplate":"https:\/\/dev.antudigital.cl\/sites\/vc\/?s={search_term_string}"},"query-input":{"@type":"PropertyValueSpecification","valueRequired":true,"valueName":"search_term_string"}}],"inLanguage":"es"},{"@type":"Person","@id":"https:\/\/dev.antudigital.cl\/sites\/vc\/#\/schema\/person\/c2b9da8dd545e27166fc5ab232837318","name":"Valpara\u00edso Creativo","description":"Periodista de cultura en la Regi\u00f3n de Valpara\u00edso.","url":"https:\/\/dev.antudigital.cl\/sites\/vc\/author\/valpoadmin\/"}]}},"_links":{"self":[{"href":"https:\/\/dev.antudigital.cl\/sites\/vc\/wp-json\/wp\/v2\/posts\/19982","targetHints":{"allow":["GET"]}}],"collection":[{"href":"https:\/\/dev.antudigital.cl\/sites\/vc\/wp-json\/wp\/v2\/posts"}],"about":[{"href":"https:\/\/dev.antudigital.cl\/sites\/vc\/wp-json\/wp\/v2\/types\/post"}],"author":[{"embeddable":true,"href":"https:\/\/dev.antudigital.cl\/sites\/vc\/wp-json\/wp\/v2\/users\/1"}],"replies":[{"embeddable":true,"href":"https:\/\/dev.antudigital.cl\/sites\/vc\/wp-json\/wp\/v2\/comments?post=19982"}],"version-history":[{"count":1,"href":"https:\/\/dev.antudigital.cl\/sites\/vc\/wp-json\/wp\/v2\/posts\/19982\/revisions"}],"predecessor-version":[{"id":19985,"href":"https:\/\/dev.antudigital.cl\/sites\/vc\/wp-json\/wp\/v2\/posts\/19982\/revisions\/19985"}],"wp:featuredmedia":[{"embeddable":true,"href":"https:\/\/dev.antudigital.cl\/sites\/vc\/wp-json\/wp\/v2\/media\/19983"}],"wp:attachment":[{"href":"https:\/\/dev.antudigital.cl\/sites\/vc\/wp-json\/wp\/v2\/media?parent=19982"}],"wp:term":[{"taxonomy":"category","embeddable":true,"href":"https:\/\/dev.antudigital.cl\/sites\/vc\/wp-json\/wp\/v2\/categories?post=19982"},{"taxonomy":"post_tag","embeddable":true,"href":"https:\/\/dev.antudigital.cl\/sites\/vc\/wp-json\/wp\/v2\/tags?post=19982"}],"curies":[{"name":"wp","href":"https:\/\/api.w.org\/{rel}","templated":true}]}}