{"id":19986,"date":"2024-08-08T22:02:13","date_gmt":"2024-08-08T22:02:13","guid":{"rendered":"https:\/\/www.valparaisocreativo.cl\/?p=19986"},"modified":"2024-08-08T22:02:30","modified_gmt":"2024-08-08T22:02:30","slug":"mauricio-redoles-realizara-el-pre-lanzamiento-de-su-nuevo-disco-en-la-casa-de-la-cultura-de-valparaiso","status":"publish","type":"post","link":"https:\/\/dev.antudigital.cl\/sites\/vc\/mauricio-redoles-realizara-el-pre-lanzamiento-de-su-nuevo-disco-en-la-casa-de-la-cultura-de-valparaiso\/","title":{"rendered":"Mauricio Redol\u00e9s realizar\u00e1 el pre lanzamiento de su nuevo disco en la Casa de la Cultura de Valpara\u00edso"},"content":{"rendered":"\n<p><em>La presentaci\u00f3n ser\u00e1 junto a \u201cLavanda\u201d, grupo de m\u00fasicos conformado por bloque de bronces, guitarra, bajo, bater\u00eda, acorde\u00f3n y congas.<\/em><\/p>\n\n\n\n<p>El poeta y m\u00fasico Mauricio Redol\u00e9s anuncia un show exclusivo con&nbsp;<strong>nuevas canciones<\/strong>&nbsp;como adelanto de su pr\u00f3ximo disco. Dentro de las que estar\u00e1 el Necos Blues, dedicada al querido Nelson Cabrera, porte\u00f1o y gestor cultural fallecido en abril del a\u00f1o pasado.<\/p>\n\n\n\n<p>El espect\u00e1culo se realizar\u00e1 el&nbsp;<strong>s\u00e1bado 10 de agosto<\/strong>&nbsp;a partir de las&nbsp;<strong>20:00 horas<\/strong>&nbsp;en la&nbsp;<strong>Casa de la Cultura de Valpara\u00edso<\/strong><a><\/a>&nbsp;y estar\u00e1 acompa\u00f1ado por&nbsp;<strong>\u201cLavanda\u201d,&nbsp;<\/strong>grupo de m\u00fasicos conformado por bloque de bronces, guitarra, bajo, bater\u00eda, acorde\u00f3n y congas. Quienes adem\u00e1s estuvieron en el lanzamiento del vinilo del&nbsp;<em>Bello Barrio<\/em>, show de enorme \u00e9xito en Valpara\u00edso.<\/p>\n\n\n\n<p>Este Pre Lanzamiento de su Nuevo Disco ser\u00e1 un show \u00fanico donde se interpretar\u00e1n&nbsp;<strong>canciones in\u00e9ditas<\/strong>&nbsp;ante el p\u00fablico, adem\u00e1s de los viejos cl\u00e1sicos del repertorio de Redol\u00e9s, quien tiene 11 discos a su haber.<\/p>\n\n\n\n<figure class=\"wp-block-image size-large\"><img fetchpriority=\"high\" decoding=\"async\" width=\"1024\" height=\"1024\" src=\"https:\/\/www.valparaisocreativo.cl\/wp-content\/uploads\/2024\/08\/Redoles-Lavanda_Nuevo-disco-en-Valparaiso-1024x1024.jpeg\" alt=\"\" class=\"wp-image-19987\" srcset=\"https:\/\/dev.antudigital.cl\/sites\/vc\/wp-content\/uploads\/2024\/08\/Redoles-Lavanda_Nuevo-disco-en-Valparaiso-1024x1024.jpeg 1024w, https:\/\/dev.antudigital.cl\/sites\/vc\/wp-content\/uploads\/2024\/08\/Redoles-Lavanda_Nuevo-disco-en-Valparaiso-300x300.jpeg 300w, https:\/\/dev.antudigital.cl\/sites\/vc\/wp-content\/uploads\/2024\/08\/Redoles-Lavanda_Nuevo-disco-en-Valparaiso-150x150.jpeg 150w, https:\/\/dev.antudigital.cl\/sites\/vc\/wp-content\/uploads\/2024\/08\/Redoles-Lavanda_Nuevo-disco-en-Valparaiso-768x768.jpeg 768w, https:\/\/dev.antudigital.cl\/sites\/vc\/wp-content\/uploads\/2024\/08\/Redoles-Lavanda_Nuevo-disco-en-Valparaiso-980x980.jpeg 980w, https:\/\/dev.antudigital.cl\/sites\/vc\/wp-content\/uploads\/2024\/08\/Redoles-Lavanda_Nuevo-disco-en-Valparaiso-480x480.jpeg 480w, https:\/\/dev.antudigital.cl\/sites\/vc\/wp-content\/uploads\/2024\/08\/Redoles-Lavanda_Nuevo-disco-en-Valparaiso-24x24.jpeg 24w, https:\/\/dev.antudigital.cl\/sites\/vc\/wp-content\/uploads\/2024\/08\/Redoles-Lavanda_Nuevo-disco-en-Valparaiso-36x36.jpeg 36w, https:\/\/dev.antudigital.cl\/sites\/vc\/wp-content\/uploads\/2024\/08\/Redoles-Lavanda_Nuevo-disco-en-Valparaiso-48x48.jpeg 48w, https:\/\/dev.antudigital.cl\/sites\/vc\/wp-content\/uploads\/2024\/08\/Redoles-Lavanda_Nuevo-disco-en-Valparaiso.jpeg 1080w\" sizes=\"(max-width: 1024px) 100vw, 1024px\" \/><\/figure>\n\n\n\n<p><strong>Las entradas pueden&nbsp;<\/strong>adquirirse a trav\u00e9s de la&nbsp;<strong>plataforma&nbsp;<a href=\"https:\/\/ticketnet.cl\/evento\/147\" target=\"_blank\" rel=\"noreferrer noopener\"><\/a><a href=\"https:\/\/ticketnet.cl\/evento\/147\" target=\"_blank\" rel=\"noreferrer noopener\">https:\/\/ticketnet.cl\/evento\/147<\/a>&nbsp;<\/strong>y tambi\u00e9n estar\u00e1n disponibles el mismo s\u00e1bado 10 en la Casa de la Cultura, ubicada en calle Err\u00e1zuriz #1054.<\/p>\n\n\n\n<p>Recientemente Mauricio Redol\u00e9s figura con su obra Qui\u00e9n Mat\u00f3 a Gaete dentro de los 600 discos esenciales de Latinoam\u00e9rica en los \u00faltimos 100 a\u00f1os.&nbsp;<a href=\"https:\/\/www.600discoslatam.com\/?cn-reloaded=1\" target=\"_blank\" rel=\"noreferrer noopener\">https:\/\/www.600discoslatam.com\/?cn-reloaded=1<\/a><\/p>\n\n\n\n<p>Para m\u00e1s detalles. Instagram&nbsp;<a href=\"https:\/\/www.instagram.com\/mauricioredoles\/\" target=\"_blank\" rel=\"noreferrer noopener\">@mauricioredoles<\/a>&nbsp;\/ @casaculturavalpo<\/p>\n","protected":false},"excerpt":{"rendered":"<p>La presentaci\u00f3n ser\u00e1 junto a \u201cLavanda\u201d, grupo de m\u00fasicos conformado por bloque de bronces, guitarra, bajo, bater\u00eda, acorde\u00f3n y congas. El poeta y m\u00fasico Mauricio Redol\u00e9s anuncia un show exclusivo con&nbsp;nuevas canciones&nbsp;como adelanto de su pr\u00f3ximo disco. Dentro de las que estar\u00e1 el Necos Blues, dedicada al querido Nelson Cabrera, porte\u00f1o y gestor cultural fallecido [&hellip;]<\/p>\n","protected":false},"author":1,"featured_media":19988,"comment_status":"closed","ping_status":"closed","sticky":false,"template":"","format":"standard","meta":{"_acf_changed":false,"footnotes":""},"categories":[8],"tags":[],"class_list":["post-19986","post","type-post","status-publish","format-standard","has-post-thumbnail","hentry","category-noticia"],"acf":[],"yoast_head":"<!-- This site is optimized with the Yoast SEO plugin v27.1.1 - https:\/\/yoast.com\/product\/yoast-seo-wordpress\/ -->\n<title>Mauricio Redol\u00e9s realizar\u00e1 el pre lanzamiento de su nuevo disco en la Casa de la Cultura de Valpara\u00edso - Valpara\u00ed\u00adso Creativo<\/title>\n<meta name=\"robots\" content=\"index, follow, max-snippet:-1, max-image-preview:large, max-video-preview:-1\" \/>\n<link rel=\"canonical\" href=\"https:\/\/dev.antudigital.cl\/sites\/vc\/mauricio-redoles-realizara-el-pre-lanzamiento-de-su-nuevo-disco-en-la-casa-de-la-cultura-de-valparaiso\/\" \/>\n<meta property=\"og:locale\" content=\"es_ES\" \/>\n<meta property=\"og:type\" content=\"article\" \/>\n<meta property=\"og:title\" content=\"Mauricio Redol\u00e9s realizar\u00e1 el pre lanzamiento de su nuevo disco en la Casa de la Cultura de Valpara\u00edso - Valpara\u00ed\u00adso Creativo\" \/>\n<meta property=\"og:description\" content=\"La presentaci\u00f3n ser\u00e1 junto a \u201cLavanda\u201d, grupo de m\u00fasicos conformado por bloque de bronces, guitarra, bajo, bater\u00eda, acorde\u00f3n y congas. El poeta y m\u00fasico Mauricio Redol\u00e9s anuncia un show exclusivo con&nbsp;nuevas canciones&nbsp;como adelanto de su pr\u00f3ximo disco. Dentro de las que estar\u00e1 el Necos Blues, dedicada al querido Nelson Cabrera, porte\u00f1o y gestor cultural fallecido [&hellip;]\" \/>\n<meta property=\"og:url\" content=\"https:\/\/dev.antudigital.cl\/sites\/vc\/mauricio-redoles-realizara-el-pre-lanzamiento-de-su-nuevo-disco-en-la-casa-de-la-cultura-de-valparaiso\/\" \/>\n<meta property=\"og:site_name\" content=\"Valpara\u00ed\u00adso Creativo\" \/>\n<meta property=\"article:published_time\" content=\"2024-08-08T22:02:13+00:00\" \/>\n<meta property=\"article:modified_time\" content=\"2024-08-08T22:02:30+00:00\" \/>\n<meta property=\"og:image\" content=\"https:\/\/dev.antudigital.cl\/sites\/vc\/wp-content\/uploads\/2024\/08\/Foto-redoles-Valpo.jpeg\" \/>\n\t<meta property=\"og:image:width\" content=\"1536\" \/>\n\t<meta property=\"og:image:height\" content=\"1536\" \/>\n\t<meta property=\"og:image:type\" content=\"image\/jpeg\" \/>\n<meta name=\"author\" content=\"Valpara\u00edso Creativo\" \/>\n<meta name=\"twitter:card\" content=\"summary_large_image\" \/>\n<meta name=\"twitter:label1\" content=\"Escrito por\" \/>\n\t<meta name=\"twitter:data1\" content=\"Valpara\u00edso Creativo\" \/>\n\t<meta name=\"twitter:label2\" content=\"Tiempo de lectura\" \/>\n\t<meta name=\"twitter:data2\" content=\"2 minutos\" \/>\n<script type=\"application\/ld+json\" class=\"yoast-schema-graph\">{\"@context\":\"https:\/\/schema.org\",\"@graph\":[{\"@type\":\"Article\",\"@id\":\"https:\/\/dev.antudigital.cl\/sites\/vc\/mauricio-redoles-realizara-el-pre-lanzamiento-de-su-nuevo-disco-en-la-casa-de-la-cultura-de-valparaiso\/#article\",\"isPartOf\":{\"@id\":\"https:\/\/dev.antudigital.cl\/sites\/vc\/mauricio-redoles-realizara-el-pre-lanzamiento-de-su-nuevo-disco-en-la-casa-de-la-cultura-de-valparaiso\/\"},\"author\":{\"name\":\"Valpara\u00edso Creativo\",\"@id\":\"https:\/\/dev.antudigital.cl\/sites\/vc\/#\/schema\/person\/c2b9da8dd545e27166fc5ab232837318\"},\"headline\":\"Mauricio Redol\u00e9s realizar\u00e1 el pre lanzamiento de su nuevo disco en la Casa de la Cultura de Valpara\u00edso\",\"datePublished\":\"2024-08-08T22:02:13+00:00\",\"dateModified\":\"2024-08-08T22:02:30+00:00\",\"mainEntityOfPage\":{\"@id\":\"https:\/\/dev.antudigital.cl\/sites\/vc\/mauricio-redoles-realizara-el-pre-lanzamiento-de-su-nuevo-disco-en-la-casa-de-la-cultura-de-valparaiso\/\"},\"wordCount\":290,\"image\":{\"@id\":\"https:\/\/dev.antudigital.cl\/sites\/vc\/mauricio-redoles-realizara-el-pre-lanzamiento-de-su-nuevo-disco-en-la-casa-de-la-cultura-de-valparaiso\/#primaryimage\"},\"thumbnailUrl\":\"https:\/\/dev.antudigital.cl\/sites\/vc\/wp-content\/uploads\/2024\/08\/Foto-redoles-Valpo.jpeg\",\"articleSection\":[\"Noticia\"],\"inLanguage\":\"es\"},{\"@type\":\"WebPage\",\"@id\":\"https:\/\/dev.antudigital.cl\/sites\/vc\/mauricio-redoles-realizara-el-pre-lanzamiento-de-su-nuevo-disco-en-la-casa-de-la-cultura-de-valparaiso\/\",\"url\":\"https:\/\/dev.antudigital.cl\/sites\/vc\/mauricio-redoles-realizara-el-pre-lanzamiento-de-su-nuevo-disco-en-la-casa-de-la-cultura-de-valparaiso\/\",\"name\":\"Mauricio Redol\u00e9s realizar\u00e1 el pre lanzamiento de su nuevo disco en la Casa de la Cultura de Valpara\u00edso - Valpara\u00ed\u00adso Creativo\",\"isPartOf\":{\"@id\":\"https:\/\/dev.antudigital.cl\/sites\/vc\/#website\"},\"primaryImageOfPage\":{\"@id\":\"https:\/\/dev.antudigital.cl\/sites\/vc\/mauricio-redoles-realizara-el-pre-lanzamiento-de-su-nuevo-disco-en-la-casa-de-la-cultura-de-valparaiso\/#primaryimage\"},\"image\":{\"@id\":\"https:\/\/dev.antudigital.cl\/sites\/vc\/mauricio-redoles-realizara-el-pre-lanzamiento-de-su-nuevo-disco-en-la-casa-de-la-cultura-de-valparaiso\/#primaryimage\"},\"thumbnailUrl\":\"https:\/\/dev.antudigital.cl\/sites\/vc\/wp-content\/uploads\/2024\/08\/Foto-redoles-Valpo.jpeg\",\"datePublished\":\"2024-08-08T22:02:13+00:00\",\"dateModified\":\"2024-08-08T22:02:30+00:00\",\"author\":{\"@id\":\"https:\/\/dev.antudigital.cl\/sites\/vc\/#\/schema\/person\/c2b9da8dd545e27166fc5ab232837318\"},\"breadcrumb\":{\"@id\":\"https:\/\/dev.antudigital.cl\/sites\/vc\/mauricio-redoles-realizara-el-pre-lanzamiento-de-su-nuevo-disco-en-la-casa-de-la-cultura-de-valparaiso\/#breadcrumb\"},\"inLanguage\":\"es\",\"potentialAction\":[{\"@type\":\"ReadAction\",\"target\":[\"https:\/\/dev.antudigital.cl\/sites\/vc\/mauricio-redoles-realizara-el-pre-lanzamiento-de-su-nuevo-disco-en-la-casa-de-la-cultura-de-valparaiso\/\"]}]},{\"@type\":\"ImageObject\",\"inLanguage\":\"es\",\"@id\":\"https:\/\/dev.antudigital.cl\/sites\/vc\/mauricio-redoles-realizara-el-pre-lanzamiento-de-su-nuevo-disco-en-la-casa-de-la-cultura-de-valparaiso\/#primaryimage\",\"url\":\"https:\/\/dev.antudigital.cl\/sites\/vc\/wp-content\/uploads\/2024\/08\/Foto-redoles-Valpo.jpeg\",\"contentUrl\":\"https:\/\/dev.antudigital.cl\/sites\/vc\/wp-content\/uploads\/2024\/08\/Foto-redoles-Valpo.jpeg\",\"width\":1536,\"height\":1536},{\"@type\":\"BreadcrumbList\",\"@id\":\"https:\/\/dev.antudigital.cl\/sites\/vc\/mauricio-redoles-realizara-el-pre-lanzamiento-de-su-nuevo-disco-en-la-casa-de-la-cultura-de-valparaiso\/#breadcrumb\",\"itemListElement\":[{\"@type\":\"ListItem\",\"position\":1,\"name\":\"Home\",\"item\":\"https:\/\/dev.antudigital.cl\/sites\/vc\/\"},{\"@type\":\"ListItem\",\"position\":2,\"name\":\"Mauricio Redol\u00e9s realizar\u00e1 el pre lanzamiento de su nuevo disco en la Casa de la Cultura de Valpara\u00edso\"}]},{\"@type\":\"WebSite\",\"@id\":\"https:\/\/dev.antudigital.cl\/sites\/vc\/#website\",\"url\":\"https:\/\/dev.antudigital.cl\/sites\/vc\/\",\"name\":\"Valpara\u00ed\u00adso Creativo\",\"description\":\"\",\"potentialAction\":[{\"@type\":\"SearchAction\",\"target\":{\"@type\":\"EntryPoint\",\"urlTemplate\":\"https:\/\/dev.antudigital.cl\/sites\/vc\/?s={search_term_string}\"},\"query-input\":{\"@type\":\"PropertyValueSpecification\",\"valueRequired\":true,\"valueName\":\"search_term_string\"}}],\"inLanguage\":\"es\"},{\"@type\":\"Person\",\"@id\":\"https:\/\/dev.antudigital.cl\/sites\/vc\/#\/schema\/person\/c2b9da8dd545e27166fc5ab232837318\",\"name\":\"Valpara\u00edso Creativo\",\"description\":\"Periodista de cultura en la Regi\u00f3n de Valpara\u00edso.\",\"url\":\"https:\/\/dev.antudigital.cl\/sites\/vc\/author\/valpoadmin\/\"}]}<\/script>\n<!-- \/ Yoast SEO plugin. -->","yoast_head_json":{"title":"Mauricio Redol\u00e9s realizar\u00e1 el pre lanzamiento de su nuevo disco en la Casa de la Cultura de Valpara\u00edso - Valpara\u00ed\u00adso Creativo","robots":{"index":"index","follow":"follow","max-snippet":"max-snippet:-1","max-image-preview":"max-image-preview:large","max-video-preview":"max-video-preview:-1"},"canonical":"https:\/\/dev.antudigital.cl\/sites\/vc\/mauricio-redoles-realizara-el-pre-lanzamiento-de-su-nuevo-disco-en-la-casa-de-la-cultura-de-valparaiso\/","og_locale":"es_ES","og_type":"article","og_title":"Mauricio Redol\u00e9s realizar\u00e1 el pre lanzamiento de su nuevo disco en la Casa de la Cultura de Valpara\u00edso - Valpara\u00ed\u00adso Creativo","og_description":"La presentaci\u00f3n ser\u00e1 junto a \u201cLavanda\u201d, grupo de m\u00fasicos conformado por bloque de bronces, guitarra, bajo, bater\u00eda, acorde\u00f3n y congas. El poeta y m\u00fasico Mauricio Redol\u00e9s anuncia un show exclusivo con&nbsp;nuevas canciones&nbsp;como adelanto de su pr\u00f3ximo disco. Dentro de las que estar\u00e1 el Necos Blues, dedicada al querido Nelson Cabrera, porte\u00f1o y gestor cultural fallecido [&hellip;]","og_url":"https:\/\/dev.antudigital.cl\/sites\/vc\/mauricio-redoles-realizara-el-pre-lanzamiento-de-su-nuevo-disco-en-la-casa-de-la-cultura-de-valparaiso\/","og_site_name":"Valpara\u00ed\u00adso Creativo","article_published_time":"2024-08-08T22:02:13+00:00","article_modified_time":"2024-08-08T22:02:30+00:00","og_image":[{"width":1536,"height":1536,"url":"https:\/\/dev.antudigital.cl\/sites\/vc\/wp-content\/uploads\/2024\/08\/Foto-redoles-Valpo.jpeg","type":"image\/jpeg"}],"author":"Valpara\u00edso Creativo","twitter_card":"summary_large_image","twitter_misc":{"Escrito por":"Valpara\u00edso Creativo","Tiempo de lectura":"2 minutos"},"schema":{"@context":"https:\/\/schema.org","@graph":[{"@type":"Article","@id":"https:\/\/dev.antudigital.cl\/sites\/vc\/mauricio-redoles-realizara-el-pre-lanzamiento-de-su-nuevo-disco-en-la-casa-de-la-cultura-de-valparaiso\/#article","isPartOf":{"@id":"https:\/\/dev.antudigital.cl\/sites\/vc\/mauricio-redoles-realizara-el-pre-lanzamiento-de-su-nuevo-disco-en-la-casa-de-la-cultura-de-valparaiso\/"},"author":{"name":"Valpara\u00edso Creativo","@id":"https:\/\/dev.antudigital.cl\/sites\/vc\/#\/schema\/person\/c2b9da8dd545e27166fc5ab232837318"},"headline":"Mauricio Redol\u00e9s realizar\u00e1 el pre lanzamiento de su nuevo disco en la Casa de la Cultura de Valpara\u00edso","datePublished":"2024-08-08T22:02:13+00:00","dateModified":"2024-08-08T22:02:30+00:00","mainEntityOfPage":{"@id":"https:\/\/dev.antudigital.cl\/sites\/vc\/mauricio-redoles-realizara-el-pre-lanzamiento-de-su-nuevo-disco-en-la-casa-de-la-cultura-de-valparaiso\/"},"wordCount":290,"image":{"@id":"https:\/\/dev.antudigital.cl\/sites\/vc\/mauricio-redoles-realizara-el-pre-lanzamiento-de-su-nuevo-disco-en-la-casa-de-la-cultura-de-valparaiso\/#primaryimage"},"thumbnailUrl":"https:\/\/dev.antudigital.cl\/sites\/vc\/wp-content\/uploads\/2024\/08\/Foto-redoles-Valpo.jpeg","articleSection":["Noticia"],"inLanguage":"es"},{"@type":"WebPage","@id":"https:\/\/dev.antudigital.cl\/sites\/vc\/mauricio-redoles-realizara-el-pre-lanzamiento-de-su-nuevo-disco-en-la-casa-de-la-cultura-de-valparaiso\/","url":"https:\/\/dev.antudigital.cl\/sites\/vc\/mauricio-redoles-realizara-el-pre-lanzamiento-de-su-nuevo-disco-en-la-casa-de-la-cultura-de-valparaiso\/","name":"Mauricio Redol\u00e9s realizar\u00e1 el pre lanzamiento de su nuevo disco en la Casa de la Cultura de Valpara\u00edso - Valpara\u00ed\u00adso Creativo","isPartOf":{"@id":"https:\/\/dev.antudigital.cl\/sites\/vc\/#website"},"primaryImageOfPage":{"@id":"https:\/\/dev.antudigital.cl\/sites\/vc\/mauricio-redoles-realizara-el-pre-lanzamiento-de-su-nuevo-disco-en-la-casa-de-la-cultura-de-valparaiso\/#primaryimage"},"image":{"@id":"https:\/\/dev.antudigital.cl\/sites\/vc\/mauricio-redoles-realizara-el-pre-lanzamiento-de-su-nuevo-disco-en-la-casa-de-la-cultura-de-valparaiso\/#primaryimage"},"thumbnailUrl":"https:\/\/dev.antudigital.cl\/sites\/vc\/wp-content\/uploads\/2024\/08\/Foto-redoles-Valpo.jpeg","datePublished":"2024-08-08T22:02:13+00:00","dateModified":"2024-08-08T22:02:30+00:00","author":{"@id":"https:\/\/dev.antudigital.cl\/sites\/vc\/#\/schema\/person\/c2b9da8dd545e27166fc5ab232837318"},"breadcrumb":{"@id":"https:\/\/dev.antudigital.cl\/sites\/vc\/mauricio-redoles-realizara-el-pre-lanzamiento-de-su-nuevo-disco-en-la-casa-de-la-cultura-de-valparaiso\/#breadcrumb"},"inLanguage":"es","potentialAction":[{"@type":"ReadAction","target":["https:\/\/dev.antudigital.cl\/sites\/vc\/mauricio-redoles-realizara-el-pre-lanzamiento-de-su-nuevo-disco-en-la-casa-de-la-cultura-de-valparaiso\/"]}]},{"@type":"ImageObject","inLanguage":"es","@id":"https:\/\/dev.antudigital.cl\/sites\/vc\/mauricio-redoles-realizara-el-pre-lanzamiento-de-su-nuevo-disco-en-la-casa-de-la-cultura-de-valparaiso\/#primaryimage","url":"https:\/\/dev.antudigital.cl\/sites\/vc\/wp-content\/uploads\/2024\/08\/Foto-redoles-Valpo.jpeg","contentUrl":"https:\/\/dev.antudigital.cl\/sites\/vc\/wp-content\/uploads\/2024\/08\/Foto-redoles-Valpo.jpeg","width":1536,"height":1536},{"@type":"BreadcrumbList","@id":"https:\/\/dev.antudigital.cl\/sites\/vc\/mauricio-redoles-realizara-el-pre-lanzamiento-de-su-nuevo-disco-en-la-casa-de-la-cultura-de-valparaiso\/#breadcrumb","itemListElement":[{"@type":"ListItem","position":1,"name":"Home","item":"https:\/\/dev.antudigital.cl\/sites\/vc\/"},{"@type":"ListItem","position":2,"name":"Mauricio Redol\u00e9s realizar\u00e1 el pre lanzamiento de su nuevo disco en la Casa de la Cultura de Valpara\u00edso"}]},{"@type":"WebSite","@id":"https:\/\/dev.antudigital.cl\/sites\/vc\/#website","url":"https:\/\/dev.antudigital.cl\/sites\/vc\/","name":"Valpara\u00ed\u00adso Creativo","description":"","potentialAction":[{"@type":"SearchAction","target":{"@type":"EntryPoint","urlTemplate":"https:\/\/dev.antudigital.cl\/sites\/vc\/?s={search_term_string}"},"query-input":{"@type":"PropertyValueSpecification","valueRequired":true,"valueName":"search_term_string"}}],"inLanguage":"es"},{"@type":"Person","@id":"https:\/\/dev.antudigital.cl\/sites\/vc\/#\/schema\/person\/c2b9da8dd545e27166fc5ab232837318","name":"Valpara\u00edso Creativo","description":"Periodista de cultura en la Regi\u00f3n de Valpara\u00edso.","url":"https:\/\/dev.antudigital.cl\/sites\/vc\/author\/valpoadmin\/"}]}},"_links":{"self":[{"href":"https:\/\/dev.antudigital.cl\/sites\/vc\/wp-json\/wp\/v2\/posts\/19986","targetHints":{"allow":["GET"]}}],"collection":[{"href":"https:\/\/dev.antudigital.cl\/sites\/vc\/wp-json\/wp\/v2\/posts"}],"about":[{"href":"https:\/\/dev.antudigital.cl\/sites\/vc\/wp-json\/wp\/v2\/types\/post"}],"author":[{"embeddable":true,"href":"https:\/\/dev.antudigital.cl\/sites\/vc\/wp-json\/wp\/v2\/users\/1"}],"replies":[{"embeddable":true,"href":"https:\/\/dev.antudigital.cl\/sites\/vc\/wp-json\/wp\/v2\/comments?post=19986"}],"version-history":[{"count":1,"href":"https:\/\/dev.antudigital.cl\/sites\/vc\/wp-json\/wp\/v2\/posts\/19986\/revisions"}],"predecessor-version":[{"id":19989,"href":"https:\/\/dev.antudigital.cl\/sites\/vc\/wp-json\/wp\/v2\/posts\/19986\/revisions\/19989"}],"wp:featuredmedia":[{"embeddable":true,"href":"https:\/\/dev.antudigital.cl\/sites\/vc\/wp-json\/wp\/v2\/media\/19988"}],"wp:attachment":[{"href":"https:\/\/dev.antudigital.cl\/sites\/vc\/wp-json\/wp\/v2\/media?parent=19986"}],"wp:term":[{"taxonomy":"category","embeddable":true,"href":"https:\/\/dev.antudigital.cl\/sites\/vc\/wp-json\/wp\/v2\/categories?post=19986"},{"taxonomy":"post_tag","embeddable":true,"href":"https:\/\/dev.antudigital.cl\/sites\/vc\/wp-json\/wp\/v2\/tags?post=19986"}],"curies":[{"name":"wp","href":"https:\/\/api.w.org\/{rel}","templated":true}]}}