{"id":19990,"date":"2024-08-08T22:09:14","date_gmt":"2024-08-08T22:09:14","guid":{"rendered":"https:\/\/www.valparaisocreativo.cl\/?p=19990"},"modified":"2024-08-08T22:09:30","modified_gmt":"2024-08-08T22:09:30","slug":"casa-espacio-buenos-aires-824-celebra-el-mes-de-la-fotografia-con-actividades-gratuitas-para-toda-la-comunidad","status":"publish","type":"post","link":"https:\/\/dev.antudigital.cl\/sites\/vc\/casa-espacio-buenos-aires-824-celebra-el-mes-de-la-fotografia-con-actividades-gratuitas-para-toda-la-comunidad\/","title":{"rendered":"Casa Espacio Buenos Aires 824 celebra el Mes de la Fotograf\u00eda con actividades gratuitas para toda la comunidad"},"content":{"rendered":"\n<p>La agenda parte este martes 6 a las 19:00 horas con el lanzamiento del libro \u201cCORPUS\u201d del fot\u00f3grafo arique\u00f1o Renatto Rivera. La publicaci\u00f3n, gestada por Fundaci\u00f3n Ch&#8217;alla a trav\u00e9s de su trabajo editorial y editada por el fot\u00f3grafo Mauricio Toro-Goya, es la obra m\u00e1s profunda y de largo aliento del autor, quien -en su situaci\u00f3n de discapacidad- presenta una reflexi\u00f3n sobre el uso de la fotograf\u00eda en el ejercicio de la autorrepresentaci\u00f3n y del cuerpo como un objeto retratable de carga emocional.<br><\/p>\n\n\n\n<p>El viernes 23 de agosto a las 19:00 horas, el documentalista y fot\u00f3grafo Zeta Fern\u00e1ndez presenta \u201cEl lugar que habito\u201d, un Di\u00e1logo Fotogr\u00e1fico sobre la experiencia en su proyecto audiovisual \u201cZ.fp\u201d. El trabajo re\u00fane entrevistas a reconocidos exponentes de la fotograf\u00eda de Latinoam\u00e9rica que el autor realiz\u00f3 durante una traves\u00eda a bordo de la kombi \u00abLa<br>Colorina\u00bb por distintos rincones del continente. La obra documental suma miles de interacciones en redes sociales.<br>Casa Espacio Buenos Aires 824 es una organizaci\u00f3n financiada por el Programa de Apoyo a Organizaciones Culturales Colaboradoras (PAOCC) del Ministerio de las Artes, las Culturas y el Patrimonio.<\/p>\n\n\n\n<p><br>A las 19:00 horas del viernes 30 de agosto, se llevar\u00e1 a cabo el encuentro \u201cFIFV 2024: \u00bfCu\u00e1ndo una fotograf\u00eda pierde la memoria?\u201d junto a la periodista cultural y cr\u00edtica de arte Catalina Mena Larra\u00edn y el director art\u00edstico del FIFV Rodrigo G\u00f3mez Rovira. La conversaci\u00f3n abordar\u00e1 una reflexi\u00f3n acerca de la tem\u00e1tica de la pr\u00f3xima edici\u00f3n del Festival Internacional de Fotograf\u00eda de Valpara\u00edso que este 2024 cumple 15 a\u00f1os.<br><\/p>\n\n\n\n<p>Tambi\u00e9n se realizar\u00e1 un adelanto de la programaci\u00f3n del evento que se realizar\u00e1 entre el 31 de octubre y el 8 de noviembre.<br>La Biblioteca de Casa Espacio est\u00e1 ubicada en calle Buenos Aires 824, Valpara\u00edso. La entrada a los Di\u00e1logos Fotogr\u00e1ficos es liberada y sin inscripci\u00f3n previa. En el Mes de la Fotograf\u00eda la organizaci\u00f3n sortear\u00e1 dos fotolibros de la \u00abColecci\u00f3n Valpara\u00edso\u00bb de FIFV Ediciones entre quienes participen en los encuentros. M\u00e1s informaci\u00f3n en la cuenta de Instagram @casaespacio_fifv<\/p>\n\n\n\n<p><br>FIFV Ediciones<br>Luego de participar del 1 al 4 de agosto en la Feria Encuentro del fotolibro Latinoamericano StgoFoto que se realiz\u00f3 en el Centro Cultural La Moneda, la editorial de Casa Espacio Buenos Aires 824 viaja a la regi\u00f3n de Ays\u00e9n para participar en la primera entrega de CAPTION Fest \u00abMiradas capturadas\u00bb Encuentro de Fotograf\u00eda Impresa del Conf\u00edn del Mundo. El evento se llevar\u00e1 a cabo del 12 al 15 de agosto en la comuna de Chile Chico.<\/p>\n\n\n\n<p>La organizaci\u00f3n cultural porte\u00f1a mostrar\u00e1 su trabajo editorial a trav\u00e9s de los fotolibros de \u00abColecci\u00f3n Valpara\u00edso\u00bb, un cuerpo de obra que re\u00fane el trabajo de 24 autores y autoras que llevaron a cabo Residencias de Creaci\u00f3n en el marco del FIFV. Desde 2010, creadores de distintas latitudes viajan a Valpara\u00edso para dar cuenta del estado del mundo<br>desde ese l\u00edmite geogr\u00e1fico. Proyecto Tuw\u00fcn <\/p>\n\n\n\n<p>La comunidad de aprendizaje de la Escuela Domingo Ortiz de Rozas de Casablanca \u2013 perteneciente al programa de mediaci\u00f3n y formaci\u00f3n de Casa Espacio \u201cImagen Salvaje\u201d- viajar\u00e1 en agosto al sur de Chile como parte de su participaci\u00f3n en el Taller Interregional de Fotograf\u00eda Estenopeica del proyecto \u201cTuw\u00fcn\u201d que re\u00fane a ni\u00f1os y ni\u00f1as de las regiones<br>de la Araucan\u00eda y Valpara\u00edso.<\/p>\n\n\n\n<p><br>La iniciativa, impulsada por la fot\u00f3grafa y artista visual Leonora Vicu\u00f1a, el fot\u00f3grafo y docente Mauricio Ascencio y las organizaciones Puerto Peral, Ko-Panki, Casa Varas e Imagen Salvaje, cuenta con la participaci\u00f3n de la Escuela P\u00fablica de Nehuent\u00fae, Escuela Ruka Manque de Curarrehue y Escuela Domingo Ortiz de Rozas de Casablanca. La comunidad de escolares se reunir\u00e1 en Carahue, para realizar una serie de talleres, y en Temuco, donde presentar\u00e1n la exposici\u00f3n \u00abProyecto Tuw\u00fcn, de la cordillera al mar: Hasta d\u00f3nde alcanza tu mirada\u00bb en el centro cultural Casa Varas de Temuco. La muestra<br>se inaugura el 19 de agosto en el D\u00eda Mundial de la Fotograf\u00eda.<br><\/p>\n\n\n\n<p>En agosto Imagen Salvaje tambi\u00e9n presentar\u00e1 la serie documental \u201c\u00bfCon qui\u00e9n mirar?\u201d a estudiantes del Insuco Valpara\u00edso y del Colegio Winterhill de Vi\u00f1a del Mar. La producci\u00f3n audiovisual de Casa Espacio y La M\u00e1quina Sensible, dirigida por el fot\u00f3grafo Rodrigo G\u00f3mez Rovira, cuenta la historia y experiencia de distintos artistas de la escena<br>fotogr\u00e1fica contempor\u00e1nea chilena.<br><\/p>\n\n\n\n<p>En el Mes de la Fotograf\u00eda Casa Espacio adem\u00e1s participar\u00e1 en el segundo encuentro de 2024 de la Mesa de Educaci\u00f3n Art\u00edstica junto a distintas organizaciones de la regi\u00f3n de Valpara\u00edso bajo el alero de las Seremis de las Culturas, las Artes y el Patrimonio y de Educaci\u00f3n. La actividad se realizar\u00e1 el 28 de agosto en el Museo y Centro Cultural Pedro<br>Aguirre Cerda de la comuna de Calle Larga.<\/p>\n\n\n\n<figure class=\"wp-block-image size-large\"><img fetchpriority=\"high\" decoding=\"async\" width=\"576\" height=\"1024\" src=\"https:\/\/www.valparaisocreativo.cl\/wp-content\/uploads\/2024\/08\/Calendario_Agosto_Casa-Espacio_storie-576x1024.png\" alt=\"\" class=\"wp-image-19991\" srcset=\"https:\/\/dev.antudigital.cl\/sites\/vc\/wp-content\/uploads\/2024\/08\/Calendario_Agosto_Casa-Espacio_storie-576x1024.png 576w, https:\/\/dev.antudigital.cl\/sites\/vc\/wp-content\/uploads\/2024\/08\/Calendario_Agosto_Casa-Espacio_storie-169x300.png 169w, https:\/\/dev.antudigital.cl\/sites\/vc\/wp-content\/uploads\/2024\/08\/Calendario_Agosto_Casa-Espacio_storie-768x1365.png 768w, https:\/\/dev.antudigital.cl\/sites\/vc\/wp-content\/uploads\/2024\/08\/Calendario_Agosto_Casa-Espacio_storie-864x1536.png 864w, https:\/\/dev.antudigital.cl\/sites\/vc\/wp-content\/uploads\/2024\/08\/Calendario_Agosto_Casa-Espacio_storie-1152x2048.png 1152w, https:\/\/dev.antudigital.cl\/sites\/vc\/wp-content\/uploads\/2024\/08\/Calendario_Agosto_Casa-Espacio_storie-1080x1920.png 1080w, https:\/\/dev.antudigital.cl\/sites\/vc\/wp-content\/uploads\/2024\/08\/Calendario_Agosto_Casa-Espacio_storie-1280x2276.png 1280w, https:\/\/dev.antudigital.cl\/sites\/vc\/wp-content\/uploads\/2024\/08\/Calendario_Agosto_Casa-Espacio_storie-980x1742.png 980w, https:\/\/dev.antudigital.cl\/sites\/vc\/wp-content\/uploads\/2024\/08\/Calendario_Agosto_Casa-Espacio_storie-480x853.png 480w, https:\/\/dev.antudigital.cl\/sites\/vc\/wp-content\/uploads\/2024\/08\/Calendario_Agosto_Casa-Espacio_storie-14x24.png 14w, https:\/\/dev.antudigital.cl\/sites\/vc\/wp-content\/uploads\/2024\/08\/Calendario_Agosto_Casa-Espacio_storie-20x36.png 20w, https:\/\/dev.antudigital.cl\/sites\/vc\/wp-content\/uploads\/2024\/08\/Calendario_Agosto_Casa-Espacio_storie-27x48.png 27w, https:\/\/dev.antudigital.cl\/sites\/vc\/wp-content\/uploads\/2024\/08\/Calendario_Agosto_Casa-Espacio_storie.png 1440w\" sizes=\"(max-width: 576px) 100vw, 576px\" \/><\/figure>\n","protected":false},"excerpt":{"rendered":"<p>La agenda parte este martes 6 a las 19:00 horas con el lanzamiento del libro \u201cCORPUS\u201d del fot\u00f3grafo arique\u00f1o Renatto Rivera. La publicaci\u00f3n, gestada por Fundaci\u00f3n Ch&#8217;alla a trav\u00e9s de su trabajo editorial y editada por el fot\u00f3grafo Mauricio Toro-Goya, es la obra m\u00e1s profunda y de largo aliento del autor, quien -en su situaci\u00f3n [&hellip;]<\/p>\n","protected":false},"author":1,"featured_media":19992,"comment_status":"closed","ping_status":"closed","sticky":false,"template":"","format":"standard","meta":{"_acf_changed":false,"footnotes":""},"categories":[8],"tags":[],"class_list":["post-19990","post","type-post","status-publish","format-standard","has-post-thumbnail","hentry","category-noticia"],"acf":[],"yoast_head":"<!-- This site is optimized with the Yoast SEO plugin v27.1.1 - https:\/\/yoast.com\/product\/yoast-seo-wordpress\/ -->\n<title>Casa Espacio Buenos Aires 824 celebra el Mes de la Fotograf\u00eda con actividades gratuitas para toda la comunidad - Valpara\u00ed\u00adso Creativo<\/title>\n<meta name=\"robots\" content=\"index, follow, max-snippet:-1, max-image-preview:large, max-video-preview:-1\" \/>\n<link rel=\"canonical\" href=\"https:\/\/dev.antudigital.cl\/sites\/vc\/casa-espacio-buenos-aires-824-celebra-el-mes-de-la-fotografia-con-actividades-gratuitas-para-toda-la-comunidad\/\" \/>\n<meta property=\"og:locale\" content=\"es_ES\" \/>\n<meta property=\"og:type\" content=\"article\" \/>\n<meta property=\"og:title\" content=\"Casa Espacio Buenos Aires 824 celebra el Mes de la Fotograf\u00eda con actividades gratuitas para toda la comunidad - Valpara\u00ed\u00adso Creativo\" \/>\n<meta property=\"og:description\" content=\"La agenda parte este martes 6 a las 19:00 horas con el lanzamiento del libro \u201cCORPUS\u201d del fot\u00f3grafo arique\u00f1o Renatto Rivera. La publicaci\u00f3n, gestada por Fundaci\u00f3n Ch&#8217;alla a trav\u00e9s de su trabajo editorial y editada por el fot\u00f3grafo Mauricio Toro-Goya, es la obra m\u00e1s profunda y de largo aliento del autor, quien -en su situaci\u00f3n [&hellip;]\" \/>\n<meta property=\"og:url\" content=\"https:\/\/dev.antudigital.cl\/sites\/vc\/casa-espacio-buenos-aires-824-celebra-el-mes-de-la-fotografia-con-actividades-gratuitas-para-toda-la-comunidad\/\" \/>\n<meta property=\"og:site_name\" content=\"Valpara\u00ed\u00adso Creativo\" \/>\n<meta property=\"article:published_time\" content=\"2024-08-08T22:09:14+00:00\" \/>\n<meta property=\"article:modified_time\" content=\"2024-08-08T22:09:30+00:00\" \/>\n<meta property=\"og:image\" content=\"https:\/\/dev.antudigital.cl\/sites\/vc\/wp-content\/uploads\/2024\/08\/MES-DE-LA-FOTOGRAFIA_CASA-ESPACIO-1-scaled.jpg\" \/>\n\t<meta property=\"og:image:width\" content=\"2560\" \/>\n\t<meta property=\"og:image:height\" content=\"1707\" \/>\n\t<meta property=\"og:image:type\" content=\"image\/jpeg\" \/>\n<meta name=\"author\" content=\"Valpara\u00edso Creativo\" \/>\n<meta name=\"twitter:card\" content=\"summary_large_image\" \/>\n<meta name=\"twitter:label1\" content=\"Escrito por\" \/>\n\t<meta name=\"twitter:data1\" content=\"Valpara\u00edso Creativo\" \/>\n\t<meta name=\"twitter:label2\" content=\"Tiempo de lectura\" \/>\n\t<meta name=\"twitter:data2\" content=\"4 minutos\" \/>\n<script type=\"application\/ld+json\" class=\"yoast-schema-graph\">{\"@context\":\"https:\/\/schema.org\",\"@graph\":[{\"@type\":\"Article\",\"@id\":\"https:\/\/dev.antudigital.cl\/sites\/vc\/casa-espacio-buenos-aires-824-celebra-el-mes-de-la-fotografia-con-actividades-gratuitas-para-toda-la-comunidad\/#article\",\"isPartOf\":{\"@id\":\"https:\/\/dev.antudigital.cl\/sites\/vc\/casa-espacio-buenos-aires-824-celebra-el-mes-de-la-fotografia-con-actividades-gratuitas-para-toda-la-comunidad\/\"},\"author\":{\"name\":\"Valpara\u00edso Creativo\",\"@id\":\"https:\/\/dev.antudigital.cl\/sites\/vc\/#\/schema\/person\/c2b9da8dd545e27166fc5ab232837318\"},\"headline\":\"Casa Espacio Buenos Aires 824 celebra el Mes de la Fotograf\u00eda con actividades gratuitas para toda la comunidad\",\"datePublished\":\"2024-08-08T22:09:14+00:00\",\"dateModified\":\"2024-08-08T22:09:30+00:00\",\"mainEntityOfPage\":{\"@id\":\"https:\/\/dev.antudigital.cl\/sites\/vc\/casa-espacio-buenos-aires-824-celebra-el-mes-de-la-fotografia-con-actividades-gratuitas-para-toda-la-comunidad\/\"},\"wordCount\":862,\"image\":{\"@id\":\"https:\/\/dev.antudigital.cl\/sites\/vc\/casa-espacio-buenos-aires-824-celebra-el-mes-de-la-fotografia-con-actividades-gratuitas-para-toda-la-comunidad\/#primaryimage\"},\"thumbnailUrl\":\"https:\/\/dev.antudigital.cl\/sites\/vc\/wp-content\/uploads\/2024\/08\/MES-DE-LA-FOTOGRAFIA_CASA-ESPACIO-1-scaled.jpg\",\"articleSection\":[\"Noticia\"],\"inLanguage\":\"es\"},{\"@type\":\"WebPage\",\"@id\":\"https:\/\/dev.antudigital.cl\/sites\/vc\/casa-espacio-buenos-aires-824-celebra-el-mes-de-la-fotografia-con-actividades-gratuitas-para-toda-la-comunidad\/\",\"url\":\"https:\/\/dev.antudigital.cl\/sites\/vc\/casa-espacio-buenos-aires-824-celebra-el-mes-de-la-fotografia-con-actividades-gratuitas-para-toda-la-comunidad\/\",\"name\":\"Casa Espacio Buenos Aires 824 celebra el Mes de la Fotograf\u00eda con actividades gratuitas para toda la comunidad - Valpara\u00ed\u00adso Creativo\",\"isPartOf\":{\"@id\":\"https:\/\/dev.antudigital.cl\/sites\/vc\/#website\"},\"primaryImageOfPage\":{\"@id\":\"https:\/\/dev.antudigital.cl\/sites\/vc\/casa-espacio-buenos-aires-824-celebra-el-mes-de-la-fotografia-con-actividades-gratuitas-para-toda-la-comunidad\/#primaryimage\"},\"image\":{\"@id\":\"https:\/\/dev.antudigital.cl\/sites\/vc\/casa-espacio-buenos-aires-824-celebra-el-mes-de-la-fotografia-con-actividades-gratuitas-para-toda-la-comunidad\/#primaryimage\"},\"thumbnailUrl\":\"https:\/\/dev.antudigital.cl\/sites\/vc\/wp-content\/uploads\/2024\/08\/MES-DE-LA-FOTOGRAFIA_CASA-ESPACIO-1-scaled.jpg\",\"datePublished\":\"2024-08-08T22:09:14+00:00\",\"dateModified\":\"2024-08-08T22:09:30+00:00\",\"author\":{\"@id\":\"https:\/\/dev.antudigital.cl\/sites\/vc\/#\/schema\/person\/c2b9da8dd545e27166fc5ab232837318\"},\"breadcrumb\":{\"@id\":\"https:\/\/dev.antudigital.cl\/sites\/vc\/casa-espacio-buenos-aires-824-celebra-el-mes-de-la-fotografia-con-actividades-gratuitas-para-toda-la-comunidad\/#breadcrumb\"},\"inLanguage\":\"es\",\"potentialAction\":[{\"@type\":\"ReadAction\",\"target\":[\"https:\/\/dev.antudigital.cl\/sites\/vc\/casa-espacio-buenos-aires-824-celebra-el-mes-de-la-fotografia-con-actividades-gratuitas-para-toda-la-comunidad\/\"]}]},{\"@type\":\"ImageObject\",\"inLanguage\":\"es\",\"@id\":\"https:\/\/dev.antudigital.cl\/sites\/vc\/casa-espacio-buenos-aires-824-celebra-el-mes-de-la-fotografia-con-actividades-gratuitas-para-toda-la-comunidad\/#primaryimage\",\"url\":\"https:\/\/dev.antudigital.cl\/sites\/vc\/wp-content\/uploads\/2024\/08\/MES-DE-LA-FOTOGRAFIA_CASA-ESPACIO-1-scaled.jpg\",\"contentUrl\":\"https:\/\/dev.antudigital.cl\/sites\/vc\/wp-content\/uploads\/2024\/08\/MES-DE-LA-FOTOGRAFIA_CASA-ESPACIO-1-scaled.jpg\",\"width\":2560,\"height\":1707},{\"@type\":\"BreadcrumbList\",\"@id\":\"https:\/\/dev.antudigital.cl\/sites\/vc\/casa-espacio-buenos-aires-824-celebra-el-mes-de-la-fotografia-con-actividades-gratuitas-para-toda-la-comunidad\/#breadcrumb\",\"itemListElement\":[{\"@type\":\"ListItem\",\"position\":1,\"name\":\"Home\",\"item\":\"https:\/\/dev.antudigital.cl\/sites\/vc\/\"},{\"@type\":\"ListItem\",\"position\":2,\"name\":\"Casa Espacio Buenos Aires 824 celebra el Mes de la Fotograf\u00eda con actividades gratuitas para toda la comunidad\"}]},{\"@type\":\"WebSite\",\"@id\":\"https:\/\/dev.antudigital.cl\/sites\/vc\/#website\",\"url\":\"https:\/\/dev.antudigital.cl\/sites\/vc\/\",\"name\":\"Valpara\u00ed\u00adso Creativo\",\"description\":\"\",\"potentialAction\":[{\"@type\":\"SearchAction\",\"target\":{\"@type\":\"EntryPoint\",\"urlTemplate\":\"https:\/\/dev.antudigital.cl\/sites\/vc\/?s={search_term_string}\"},\"query-input\":{\"@type\":\"PropertyValueSpecification\",\"valueRequired\":true,\"valueName\":\"search_term_string\"}}],\"inLanguage\":\"es\"},{\"@type\":\"Person\",\"@id\":\"https:\/\/dev.antudigital.cl\/sites\/vc\/#\/schema\/person\/c2b9da8dd545e27166fc5ab232837318\",\"name\":\"Valpara\u00edso Creativo\",\"description\":\"Periodista de cultura en la Regi\u00f3n de Valpara\u00edso.\",\"url\":\"https:\/\/dev.antudigital.cl\/sites\/vc\/author\/valpoadmin\/\"}]}<\/script>\n<!-- \/ Yoast SEO plugin. -->","yoast_head_json":{"title":"Casa Espacio Buenos Aires 824 celebra el Mes de la Fotograf\u00eda con actividades gratuitas para toda la comunidad - Valpara\u00ed\u00adso Creativo","robots":{"index":"index","follow":"follow","max-snippet":"max-snippet:-1","max-image-preview":"max-image-preview:large","max-video-preview":"max-video-preview:-1"},"canonical":"https:\/\/dev.antudigital.cl\/sites\/vc\/casa-espacio-buenos-aires-824-celebra-el-mes-de-la-fotografia-con-actividades-gratuitas-para-toda-la-comunidad\/","og_locale":"es_ES","og_type":"article","og_title":"Casa Espacio Buenos Aires 824 celebra el Mes de la Fotograf\u00eda con actividades gratuitas para toda la comunidad - Valpara\u00ed\u00adso Creativo","og_description":"La agenda parte este martes 6 a las 19:00 horas con el lanzamiento del libro \u201cCORPUS\u201d del fot\u00f3grafo arique\u00f1o Renatto Rivera. La publicaci\u00f3n, gestada por Fundaci\u00f3n Ch&#8217;alla a trav\u00e9s de su trabajo editorial y editada por el fot\u00f3grafo Mauricio Toro-Goya, es la obra m\u00e1s profunda y de largo aliento del autor, quien -en su situaci\u00f3n [&hellip;]","og_url":"https:\/\/dev.antudigital.cl\/sites\/vc\/casa-espacio-buenos-aires-824-celebra-el-mes-de-la-fotografia-con-actividades-gratuitas-para-toda-la-comunidad\/","og_site_name":"Valpara\u00ed\u00adso Creativo","article_published_time":"2024-08-08T22:09:14+00:00","article_modified_time":"2024-08-08T22:09:30+00:00","og_image":[{"width":2560,"height":1707,"url":"https:\/\/dev.antudigital.cl\/sites\/vc\/wp-content\/uploads\/2024\/08\/MES-DE-LA-FOTOGRAFIA_CASA-ESPACIO-1-scaled.jpg","type":"image\/jpeg"}],"author":"Valpara\u00edso Creativo","twitter_card":"summary_large_image","twitter_misc":{"Escrito por":"Valpara\u00edso Creativo","Tiempo de lectura":"4 minutos"},"schema":{"@context":"https:\/\/schema.org","@graph":[{"@type":"Article","@id":"https:\/\/dev.antudigital.cl\/sites\/vc\/casa-espacio-buenos-aires-824-celebra-el-mes-de-la-fotografia-con-actividades-gratuitas-para-toda-la-comunidad\/#article","isPartOf":{"@id":"https:\/\/dev.antudigital.cl\/sites\/vc\/casa-espacio-buenos-aires-824-celebra-el-mes-de-la-fotografia-con-actividades-gratuitas-para-toda-la-comunidad\/"},"author":{"name":"Valpara\u00edso Creativo","@id":"https:\/\/dev.antudigital.cl\/sites\/vc\/#\/schema\/person\/c2b9da8dd545e27166fc5ab232837318"},"headline":"Casa Espacio Buenos Aires 824 celebra el Mes de la Fotograf\u00eda con actividades gratuitas para toda la comunidad","datePublished":"2024-08-08T22:09:14+00:00","dateModified":"2024-08-08T22:09:30+00:00","mainEntityOfPage":{"@id":"https:\/\/dev.antudigital.cl\/sites\/vc\/casa-espacio-buenos-aires-824-celebra-el-mes-de-la-fotografia-con-actividades-gratuitas-para-toda-la-comunidad\/"},"wordCount":862,"image":{"@id":"https:\/\/dev.antudigital.cl\/sites\/vc\/casa-espacio-buenos-aires-824-celebra-el-mes-de-la-fotografia-con-actividades-gratuitas-para-toda-la-comunidad\/#primaryimage"},"thumbnailUrl":"https:\/\/dev.antudigital.cl\/sites\/vc\/wp-content\/uploads\/2024\/08\/MES-DE-LA-FOTOGRAFIA_CASA-ESPACIO-1-scaled.jpg","articleSection":["Noticia"],"inLanguage":"es"},{"@type":"WebPage","@id":"https:\/\/dev.antudigital.cl\/sites\/vc\/casa-espacio-buenos-aires-824-celebra-el-mes-de-la-fotografia-con-actividades-gratuitas-para-toda-la-comunidad\/","url":"https:\/\/dev.antudigital.cl\/sites\/vc\/casa-espacio-buenos-aires-824-celebra-el-mes-de-la-fotografia-con-actividades-gratuitas-para-toda-la-comunidad\/","name":"Casa Espacio Buenos Aires 824 celebra el Mes de la Fotograf\u00eda con actividades gratuitas para toda la comunidad - Valpara\u00ed\u00adso Creativo","isPartOf":{"@id":"https:\/\/dev.antudigital.cl\/sites\/vc\/#website"},"primaryImageOfPage":{"@id":"https:\/\/dev.antudigital.cl\/sites\/vc\/casa-espacio-buenos-aires-824-celebra-el-mes-de-la-fotografia-con-actividades-gratuitas-para-toda-la-comunidad\/#primaryimage"},"image":{"@id":"https:\/\/dev.antudigital.cl\/sites\/vc\/casa-espacio-buenos-aires-824-celebra-el-mes-de-la-fotografia-con-actividades-gratuitas-para-toda-la-comunidad\/#primaryimage"},"thumbnailUrl":"https:\/\/dev.antudigital.cl\/sites\/vc\/wp-content\/uploads\/2024\/08\/MES-DE-LA-FOTOGRAFIA_CASA-ESPACIO-1-scaled.jpg","datePublished":"2024-08-08T22:09:14+00:00","dateModified":"2024-08-08T22:09:30+00:00","author":{"@id":"https:\/\/dev.antudigital.cl\/sites\/vc\/#\/schema\/person\/c2b9da8dd545e27166fc5ab232837318"},"breadcrumb":{"@id":"https:\/\/dev.antudigital.cl\/sites\/vc\/casa-espacio-buenos-aires-824-celebra-el-mes-de-la-fotografia-con-actividades-gratuitas-para-toda-la-comunidad\/#breadcrumb"},"inLanguage":"es","potentialAction":[{"@type":"ReadAction","target":["https:\/\/dev.antudigital.cl\/sites\/vc\/casa-espacio-buenos-aires-824-celebra-el-mes-de-la-fotografia-con-actividades-gratuitas-para-toda-la-comunidad\/"]}]},{"@type":"ImageObject","inLanguage":"es","@id":"https:\/\/dev.antudigital.cl\/sites\/vc\/casa-espacio-buenos-aires-824-celebra-el-mes-de-la-fotografia-con-actividades-gratuitas-para-toda-la-comunidad\/#primaryimage","url":"https:\/\/dev.antudigital.cl\/sites\/vc\/wp-content\/uploads\/2024\/08\/MES-DE-LA-FOTOGRAFIA_CASA-ESPACIO-1-scaled.jpg","contentUrl":"https:\/\/dev.antudigital.cl\/sites\/vc\/wp-content\/uploads\/2024\/08\/MES-DE-LA-FOTOGRAFIA_CASA-ESPACIO-1-scaled.jpg","width":2560,"height":1707},{"@type":"BreadcrumbList","@id":"https:\/\/dev.antudigital.cl\/sites\/vc\/casa-espacio-buenos-aires-824-celebra-el-mes-de-la-fotografia-con-actividades-gratuitas-para-toda-la-comunidad\/#breadcrumb","itemListElement":[{"@type":"ListItem","position":1,"name":"Home","item":"https:\/\/dev.antudigital.cl\/sites\/vc\/"},{"@type":"ListItem","position":2,"name":"Casa Espacio Buenos Aires 824 celebra el Mes de la Fotograf\u00eda con actividades gratuitas para toda la comunidad"}]},{"@type":"WebSite","@id":"https:\/\/dev.antudigital.cl\/sites\/vc\/#website","url":"https:\/\/dev.antudigital.cl\/sites\/vc\/","name":"Valpara\u00ed\u00adso Creativo","description":"","potentialAction":[{"@type":"SearchAction","target":{"@type":"EntryPoint","urlTemplate":"https:\/\/dev.antudigital.cl\/sites\/vc\/?s={search_term_string}"},"query-input":{"@type":"PropertyValueSpecification","valueRequired":true,"valueName":"search_term_string"}}],"inLanguage":"es"},{"@type":"Person","@id":"https:\/\/dev.antudigital.cl\/sites\/vc\/#\/schema\/person\/c2b9da8dd545e27166fc5ab232837318","name":"Valpara\u00edso Creativo","description":"Periodista de cultura en la Regi\u00f3n de Valpara\u00edso.","url":"https:\/\/dev.antudigital.cl\/sites\/vc\/author\/valpoadmin\/"}]}},"_links":{"self":[{"href":"https:\/\/dev.antudigital.cl\/sites\/vc\/wp-json\/wp\/v2\/posts\/19990","targetHints":{"allow":["GET"]}}],"collection":[{"href":"https:\/\/dev.antudigital.cl\/sites\/vc\/wp-json\/wp\/v2\/posts"}],"about":[{"href":"https:\/\/dev.antudigital.cl\/sites\/vc\/wp-json\/wp\/v2\/types\/post"}],"author":[{"embeddable":true,"href":"https:\/\/dev.antudigital.cl\/sites\/vc\/wp-json\/wp\/v2\/users\/1"}],"replies":[{"embeddable":true,"href":"https:\/\/dev.antudigital.cl\/sites\/vc\/wp-json\/wp\/v2\/comments?post=19990"}],"version-history":[{"count":1,"href":"https:\/\/dev.antudigital.cl\/sites\/vc\/wp-json\/wp\/v2\/posts\/19990\/revisions"}],"predecessor-version":[{"id":19993,"href":"https:\/\/dev.antudigital.cl\/sites\/vc\/wp-json\/wp\/v2\/posts\/19990\/revisions\/19993"}],"wp:featuredmedia":[{"embeddable":true,"href":"https:\/\/dev.antudigital.cl\/sites\/vc\/wp-json\/wp\/v2\/media\/19992"}],"wp:attachment":[{"href":"https:\/\/dev.antudigital.cl\/sites\/vc\/wp-json\/wp\/v2\/media?parent=19990"}],"wp:term":[{"taxonomy":"category","embeddable":true,"href":"https:\/\/dev.antudigital.cl\/sites\/vc\/wp-json\/wp\/v2\/categories?post=19990"},{"taxonomy":"post_tag","embeddable":true,"href":"https:\/\/dev.antudigital.cl\/sites\/vc\/wp-json\/wp\/v2\/tags?post=19990"}],"curies":[{"name":"wp","href":"https:\/\/api.w.org\/{rel}","templated":true}]}}