{"id":19997,"date":"2024-08-13T01:07:33","date_gmt":"2024-08-13T01:07:33","guid":{"rendered":"https:\/\/www.valparaisocreativo.cl\/?p=19997"},"modified":"2024-08-13T01:07:51","modified_gmt":"2024-08-13T01:07:51","slug":"valparaiso-creativo-e-instituto-arcos-y-como-potenciar-el-sector-literario-en-la-region","status":"publish","type":"post","link":"https:\/\/dev.antudigital.cl\/sites\/vc\/valparaiso-creativo-e-instituto-arcos-y-como-potenciar-el-sector-literario-en-la-region\/","title":{"rendered":"Valpara\u00edso Creativo e Instituto ARCOS y c\u00f3mo potenciar el sector literario en la Regi\u00f3n"},"content":{"rendered":"\n<p>Ignacio Aguirre es docente y director de la editorial Aguaderramada del Instituto Profesional ARCOS y representa a la instituci\u00f3n en el Comit\u00e9 Gestor de Servicios Creativos de Valpara\u00edso Creativo, que busca nuevas oportunidades para trabajar en conjunto y potenciar el sector literario de la regi\u00f3n.<\/p>\n\n\n\n<p>Aguaderramada cuenta con publicaciones en formato libro y una revista anual, la cual recoge diversidad de puntos de vista y expresiones desde la escritura y la visualidad, y actualmente tienen abierta una convocatoria a la comunidad para participar en su pr\u00f3ximo n\u00famero, dedicado al arte y a la tecnolog\u00eda.<\/p>\n\n\n\n<figure class=\"wp-block-image size-full\"><img fetchpriority=\"high\" decoding=\"async\" width=\"1000\" height=\"1000\" src=\"https:\/\/www.valparaisocreativo.cl\/wp-content\/uploads\/2024\/08\/CIDOC-Ignacio-Aguirre.jpg\" alt=\"\" class=\"wp-image-20000\" srcset=\"https:\/\/dev.antudigital.cl\/sites\/vc\/wp-content\/uploads\/2024\/08\/CIDOC-Ignacio-Aguirre.jpg 1000w, https:\/\/dev.antudigital.cl\/sites\/vc\/wp-content\/uploads\/2024\/08\/CIDOC-Ignacio-Aguirre-300x300.jpg 300w, https:\/\/dev.antudigital.cl\/sites\/vc\/wp-content\/uploads\/2024\/08\/CIDOC-Ignacio-Aguirre-150x150.jpg 150w, https:\/\/dev.antudigital.cl\/sites\/vc\/wp-content\/uploads\/2024\/08\/CIDOC-Ignacio-Aguirre-768x768.jpg 768w, https:\/\/dev.antudigital.cl\/sites\/vc\/wp-content\/uploads\/2024\/08\/CIDOC-Ignacio-Aguirre-980x980.jpg 980w, https:\/\/dev.antudigital.cl\/sites\/vc\/wp-content\/uploads\/2024\/08\/CIDOC-Ignacio-Aguirre-480x480.jpg 480w, https:\/\/dev.antudigital.cl\/sites\/vc\/wp-content\/uploads\/2024\/08\/CIDOC-Ignacio-Aguirre-24x24.jpg 24w, https:\/\/dev.antudigital.cl\/sites\/vc\/wp-content\/uploads\/2024\/08\/CIDOC-Ignacio-Aguirre-36x36.jpg 36w, https:\/\/dev.antudigital.cl\/sites\/vc\/wp-content\/uploads\/2024\/08\/CIDOC-Ignacio-Aguirre-48x48.jpg 48w\" sizes=\"(max-width: 1000px) 100vw, 1000px\" \/><\/figure>\n\n\n\n<p><strong>::: Ignacio, para comenzar, cu\u00e9ntanos un poco sobre la visi\u00f3n de Aguaderramada y su aporte a la escena editorial local.<\/strong><\/p>\n\n\n\n<p>I.A.: Aguaderramada es una editorial de ARCOS que intenta cubrir las problem\u00e1ticas, las reflexiones y tambi\u00e9n los procesos de obra de las disciplinas que se imparten en nuestro Instituto. Es una l\u00ednea editorial muy clara, por lo tanto, relacionada a las carreras que ARCOS imparte, que tienen que ver con el arte y son parte del \u00e1mbito creativo.&nbsp;<\/p>\n\n\n\n<p>En ese sentido, yo creo que el aporte de una editorial con estas caracter\u00edsticas es el de poder generar una reflexi\u00f3n sobre las obras que est\u00e1n vinculadas con las fotos, con la visualidad en general, con la m\u00fasica tambi\u00e9n. Y, de esa manera, difundir, llegar al p\u00fablico y motivar otra lectura, generar puentes entre las obras y la gente, propiciar espacios de conversaci\u00f3n en torno a lo que se genera en la regi\u00f3n.<\/p>\n\n\n\n<p>La idea es de alguna manera contener y expandir los trabajos que se realizan desde ARCOS, tanto de estudiantes como docentes, en relaci\u00f3n a sus disciplinas.<br><br>:::<strong>\u00bfQu\u00e9 propuesta o mirada se encuentra en las publicaciones hasta ahora realizadas?<\/strong><\/p>\n\n\n\n<p>Creo que hay varias cosas atractivas, incluso desde la innovaci\u00f3n, pensando que detr\u00e1s de toda innovaci\u00f3n hay un proceso cr\u00edtico, reflexivo, investigativo y que hay disciplinas nuestras que no han tenido un bagaje te\u00f3rico extenso y que la editorial est\u00e1 propiciando, como el caso de los videojuegos, que es una disciplina que no ha tenido el rodaje te\u00f3rico de la fotograf\u00eda o el cine. Nosotros publicamos un ensayo que es de un autor italiano que reside en Barcelona, quien ya ha estado hace un tiempo teniendo esa aproximaci\u00f3n m\u00e1s reflexiva, de vincular al videojuego con lo social, con lo pol\u00edtico, con la historia del arte.&nbsp;<\/p>\n\n\n\n<p>Tambi\u00e9n ha sido importante aportar o sumar a la reflexi\u00f3n en torno a la imagen. Estamos en un territorio donde la imagen tiene un protagonismo que quiz\u00e1s no ten\u00eda en otros momentos de la historia. Estamos constantemente consumiendo im\u00e1genes. Y est\u00e1 la paradoja de que a la vez que consumimos como nunca antes en la historia, somos menos capaces tambi\u00e9n de mirarlas, de verlas, de defenderlas, de leerlas, e interpretarlas. Entonces, hay como toda una l\u00ednea desde la filosof\u00eda, desde la teor\u00eda, que est\u00e1 pensando la imagen, y la editorial se ha interesado mucho por sumarse a esa conversaci\u00f3n.&nbsp;<\/p>\n\n\n\n<p>Creo que es un aporte y un inter\u00e9s de la editorial el hablar de estas cosas con el rigor acad\u00e9mico y te\u00f3rico que merecen, pero tambi\u00e9n con un lenguaje que permita acercar estos temas a un p\u00fablico m\u00e1s amplio. La idea es no degradar esos lenguajes, pero s\u00ed buscar formas de que estos puedan expandirse un poquito m\u00e1s all\u00e1 del \u00e1mbito meramente acad\u00e9mico, pues somos un Instituto.<\/p>\n\n\n\n<figure class=\"wp-block-image size-large\"><img decoding=\"async\" width=\"1024\" height=\"819\" src=\"https:\/\/www.valparaisocreativo.cl\/wp-content\/uploads\/2024\/08\/Revista-Aguaderramada-ARCOS-1024x819.png\" alt=\"\" class=\"wp-image-19999\" srcset=\"https:\/\/dev.antudigital.cl\/sites\/vc\/wp-content\/uploads\/2024\/08\/Revista-Aguaderramada-ARCOS-1024x819.png 1024w, https:\/\/dev.antudigital.cl\/sites\/vc\/wp-content\/uploads\/2024\/08\/Revista-Aguaderramada-ARCOS-300x240.png 300w, https:\/\/dev.antudigital.cl\/sites\/vc\/wp-content\/uploads\/2024\/08\/Revista-Aguaderramada-ARCOS-768x614.png 768w, https:\/\/dev.antudigital.cl\/sites\/vc\/wp-content\/uploads\/2024\/08\/Revista-Aguaderramada-ARCOS-1080x864.png 1080w, https:\/\/dev.antudigital.cl\/sites\/vc\/wp-content\/uploads\/2024\/08\/Revista-Aguaderramada-ARCOS-1280x1024.png 1280w, https:\/\/dev.antudigital.cl\/sites\/vc\/wp-content\/uploads\/2024\/08\/Revista-Aguaderramada-ARCOS-980x784.png 980w, https:\/\/dev.antudigital.cl\/sites\/vc\/wp-content\/uploads\/2024\/08\/Revista-Aguaderramada-ARCOS-480x384.png 480w, https:\/\/dev.antudigital.cl\/sites\/vc\/wp-content\/uploads\/2024\/08\/Revista-Aguaderramada-ARCOS-24x19.png 24w, https:\/\/dev.antudigital.cl\/sites\/vc\/wp-content\/uploads\/2024\/08\/Revista-Aguaderramada-ARCOS-36x29.png 36w, https:\/\/dev.antudigital.cl\/sites\/vc\/wp-content\/uploads\/2024\/08\/Revista-Aguaderramada-ARCOS-48x38.png 48w, https:\/\/dev.antudigital.cl\/sites\/vc\/wp-content\/uploads\/2024\/08\/Revista-Aguaderramada-ARCOS.png 1350w\" sizes=\"(max-width: 1024px) 100vw, 1024px\" \/><\/figure>\n\n\n\n<p><strong>::: Cu\u00e9ntame sobre la revista y la convocatoria actual: \u00bfqu\u00e9 buscan?, \u00bfd\u00f3nde est\u00e1 el foco de este llamado?<\/strong><\/p>\n\n\n\n<p>Uno de los ejercicios principales de la editorial es contribuir con una revista anual que tambi\u00e9n re\u00fana trabajos de colaboradores externos, adem\u00e1s de textos desde ARCOS, con docentes y estudiantes. A\u00f1o a a\u00f1o se establece un tema m\u00e1s o menos contingente y se recibe material para ello: escritura en diverso formato, tambi\u00e9n se reciben colaboraciones con im\u00e1genes, c\u00f3mics, dibujos y hasta memes. Nos interesa todo eso, explorar el lenguaje visual m\u00e1s contempor\u00e1neo.<\/p>\n\n\n\n<p>Le hemos dado siempre a la revista esa posibilidad de incorporar los lenguajes contempor\u00e1neos y hasta el momento llevamos tres n\u00fameros publicados. El a\u00f1o pasado hicimos una que estuvo dedicada a los 50 a\u00f1os del golpe en Chile, bastante bien lograda conceptualmente, y antes hab\u00edamos tenido una donde el tema era la juventud.<\/p>\n\n\n\n<p>Este a\u00f1o hemos pensado, a prop\u00f3sito del tema de la inteligencia artificial, ampli\u00e1ndolo al \u00e1mbito m\u00e1s general del cruce entre arte y tecnolog\u00eda, que es un tema que nos interesa un mont\u00f3n, donde ARCOS ha sido pionero acad\u00e9micamente, donde las m\u00e1quinas cumplen un rol en los procesos de creaci\u00f3n. En ese sentido, plantearlo m\u00e1s amplio, creo que nos da la posibilidad de que aparezcan otros asuntos que ponen en perspectiva este fervor de la inteligencia artificial, lo que genera un debate amplio que puede abordar m\u00faltiples formatos, debido a que el arte requiere de t\u00e9cnica para su ejercicio. Genera cambios de paradigma. Actualmente, estamos recibiendo colaboraciones hasta septiembre para esta cuarta edici\u00f3n.<\/p>\n\n\n\n<figure class=\"wp-block-image size-large\"><img decoding=\"async\" width=\"1024\" height=\"725\" src=\"https:\/\/www.valparaisocreativo.cl\/wp-content\/uploads\/2024\/08\/Revista-3-Aguaderramada-1024x725.png\" alt=\"\" class=\"wp-image-19998\" srcset=\"https:\/\/dev.antudigital.cl\/sites\/vc\/wp-content\/uploads\/2024\/08\/Revista-3-Aguaderramada-1024x725.png 1024w, https:\/\/dev.antudigital.cl\/sites\/vc\/wp-content\/uploads\/2024\/08\/Revista-3-Aguaderramada-300x212.png 300w, https:\/\/dev.antudigital.cl\/sites\/vc\/wp-content\/uploads\/2024\/08\/Revista-3-Aguaderramada-768x544.png 768w, https:\/\/dev.antudigital.cl\/sites\/vc\/wp-content\/uploads\/2024\/08\/Revista-3-Aguaderramada-400x284.png 400w, https:\/\/dev.antudigital.cl\/sites\/vc\/wp-content\/uploads\/2024\/08\/Revista-3-Aguaderramada-980x694.png 980w, https:\/\/dev.antudigital.cl\/sites\/vc\/wp-content\/uploads\/2024\/08\/Revista-3-Aguaderramada-480x340.png 480w, https:\/\/dev.antudigital.cl\/sites\/vc\/wp-content\/uploads\/2024\/08\/Revista-3-Aguaderramada-24x17.png 24w, https:\/\/dev.antudigital.cl\/sites\/vc\/wp-content\/uploads\/2024\/08\/Revista-3-Aguaderramada-36x25.png 36w, https:\/\/dev.antudigital.cl\/sites\/vc\/wp-content\/uploads\/2024\/08\/Revista-3-Aguaderramada-48x34.png 48w, https:\/\/dev.antudigital.cl\/sites\/vc\/wp-content\/uploads\/2024\/08\/Revista-3-Aguaderramada.png 1030w\" sizes=\"(max-width: 1024px) 100vw, 1024px\" \/><\/figure>\n\n\n\n<p><strong>::: \u00bfC\u00f3mo ha sido su trabajo territorial? \u00bfDe qu\u00e9 manera se vinculan con la regi\u00f3n?<\/strong><\/p>\n\n\n\n<p>S\u00ed, hemos estado vincul\u00e1ndonos. Tenemos una colaboraci\u00f3n bien estrecha con el proyecto editorial de la Municipalidad de Valpara\u00edso, Vaguada. Hemos participado de ferias literarias como la FILVA, Expo Libros y otras. Tambi\u00e9n mediante presentaciones de libros.<\/p>\n\n\n\n<p>A la par, estamos hace un tiempo trabajando con Valpara\u00edso Creativo en la idea de una asociaci\u00f3n de editoriales de la regi\u00f3n. Tenemos una lista de editoriales que est\u00e1n interesadas en participar de esta asociaci\u00f3n y hay que explorar qu\u00e9 figura legal encontrar para que esto se complete y tenga las condiciones para que todos estemos a gusto en ella. Valpara\u00edso Creativo nos ha prestado el apoyo para que esto suceda. La idea ser\u00eda tener un encuentro con todas las editoriales interesadas eventualmente. El a\u00f1o pasado, en este mismo contexto, realizamos una charla en la FILVA, donde ARCOS y Valpara\u00edso Creativo comenzaron esta intenci\u00f3n. Nos gustar\u00eda intencionar de manera m\u00e1s formal una red de editoriales de la regi\u00f3n, que puedan postular a fondos, participar en ferias y visibilizar los libros de producci\u00f3n regionales. Es dif\u00edcil, pero se est\u00e1n produciendo cosas super interesantes a nivel editorial.&nbsp;<\/p>\n\n\n\n<p>La idea es que podamos expandir esa red y llegar a rincones m\u00e1s extremos. Que est\u00e9 representada la producci\u00f3n literaria, ilustrada y gr\u00e1fica hecha desde ac\u00e1. No es una responsabilidad nuestra, creo que es algo en lo que hay que trabajar en com\u00fan con muchas instituciones, con muchas editoriales, con Valpara\u00edso Creativo, con las universidades.<\/p>\n\n\n\n<p>Encuentra m\u00e1s informaci\u00f3n en:<a href=\"https:\/\/aguaderramada.arcos.cl\/\"> https:\/\/aguaderramada.arcos.cl\/<\/a>&nbsp;<\/p>\n","protected":false},"excerpt":{"rendered":"<p>Ignacio Aguirre es docente y director de la editorial Aguaderramada del Instituto Profesional ARCOS y representa a la instituci\u00f3n en el Comit\u00e9 Gestor de Servicios Creativos de Valpara\u00edso Creativo, que busca nuevas oportunidades para trabajar en conjunto y potenciar el sector literario de la regi\u00f3n. Aguaderramada cuenta con publicaciones en formato libro y una revista [&hellip;]<\/p>\n","protected":false},"author":1,"featured_media":20001,"comment_status":"closed","ping_status":"closed","sticky":false,"template":"","format":"standard","meta":{"_acf_changed":false,"footnotes":""},"categories":[218],"tags":[],"class_list":["post-19997","post","type-post","status-publish","format-standard","has-post-thumbnail","hentry","category-blog"],"acf":[],"yoast_head":"<!-- This site is optimized with the Yoast SEO plugin v27.1.1 - https:\/\/yoast.com\/product\/yoast-seo-wordpress\/ -->\n<title>Valpara\u00edso Creativo e Instituto ARCOS y c\u00f3mo potenciar el sector literario en la Regi\u00f3n - Valpara\u00ed\u00adso Creativo<\/title>\n<meta name=\"robots\" content=\"index, follow, max-snippet:-1, max-image-preview:large, max-video-preview:-1\" \/>\n<link rel=\"canonical\" href=\"https:\/\/dev.antudigital.cl\/sites\/vc\/valparaiso-creativo-e-instituto-arcos-y-como-potenciar-el-sector-literario-en-la-region\/\" \/>\n<meta property=\"og:locale\" content=\"es_ES\" \/>\n<meta property=\"og:type\" content=\"article\" \/>\n<meta property=\"og:title\" content=\"Valpara\u00edso Creativo e Instituto ARCOS y c\u00f3mo potenciar el sector literario en la Regi\u00f3n - Valpara\u00ed\u00adso Creativo\" \/>\n<meta property=\"og:description\" content=\"Ignacio Aguirre es docente y director de la editorial Aguaderramada del Instituto Profesional ARCOS y representa a la instituci\u00f3n en el Comit\u00e9 Gestor de Servicios Creativos de Valpara\u00edso Creativo, que busca nuevas oportunidades para trabajar en conjunto y potenciar el sector literario de la regi\u00f3n. Aguaderramada cuenta con publicaciones en formato libro y una revista [&hellip;]\" \/>\n<meta property=\"og:url\" content=\"https:\/\/dev.antudigital.cl\/sites\/vc\/valparaiso-creativo-e-instituto-arcos-y-como-potenciar-el-sector-literario-en-la-region\/\" \/>\n<meta property=\"og:site_name\" content=\"Valpara\u00ed\u00adso Creativo\" \/>\n<meta property=\"article:published_time\" content=\"2024-08-13T01:07:33+00:00\" \/>\n<meta property=\"article:modified_time\" content=\"2024-08-13T01:07:51+00:00\" \/>\n<meta property=\"og:image\" content=\"https:\/\/dev.antudigital.cl\/sites\/vc\/wp-content\/uploads\/2024\/08\/Editorial-Aguaderramada-I.P.-ARCOS.jpg\" \/>\n\t<meta property=\"og:image:width\" content=\"1280\" \/>\n\t<meta property=\"og:image:height\" content=\"960\" \/>\n\t<meta property=\"og:image:type\" content=\"image\/jpeg\" \/>\n<meta name=\"author\" content=\"Valpara\u00edso Creativo\" \/>\n<meta name=\"twitter:card\" content=\"summary_large_image\" \/>\n<meta name=\"twitter:label1\" content=\"Escrito por\" \/>\n\t<meta name=\"twitter:data1\" content=\"Valpara\u00edso Creativo\" \/>\n\t<meta name=\"twitter:label2\" content=\"Tiempo de lectura\" \/>\n\t<meta name=\"twitter:data2\" content=\"6 minutos\" \/>\n<script type=\"application\/ld+json\" class=\"yoast-schema-graph\">{\"@context\":\"https:\/\/schema.org\",\"@graph\":[{\"@type\":\"Article\",\"@id\":\"https:\/\/dev.antudigital.cl\/sites\/vc\/valparaiso-creativo-e-instituto-arcos-y-como-potenciar-el-sector-literario-en-la-region\/#article\",\"isPartOf\":{\"@id\":\"https:\/\/dev.antudigital.cl\/sites\/vc\/valparaiso-creativo-e-instituto-arcos-y-como-potenciar-el-sector-literario-en-la-region\/\"},\"author\":{\"name\":\"Valpara\u00edso Creativo\",\"@id\":\"https:\/\/dev.antudigital.cl\/sites\/vc\/#\/schema\/person\/c2b9da8dd545e27166fc5ab232837318\"},\"headline\":\"Valpara\u00edso Creativo e Instituto ARCOS y c\u00f3mo potenciar el sector literario en la Regi\u00f3n\",\"datePublished\":\"2024-08-13T01:07:33+00:00\",\"dateModified\":\"2024-08-13T01:07:51+00:00\",\"mainEntityOfPage\":{\"@id\":\"https:\/\/dev.antudigital.cl\/sites\/vc\/valparaiso-creativo-e-instituto-arcos-y-como-potenciar-el-sector-literario-en-la-region\/\"},\"wordCount\":1195,\"image\":{\"@id\":\"https:\/\/dev.antudigital.cl\/sites\/vc\/valparaiso-creativo-e-instituto-arcos-y-como-potenciar-el-sector-literario-en-la-region\/#primaryimage\"},\"thumbnailUrl\":\"https:\/\/dev.antudigital.cl\/sites\/vc\/wp-content\/uploads\/2024\/08\/Editorial-Aguaderramada-I.P.-ARCOS.jpg\",\"articleSection\":[\"Blog\"],\"inLanguage\":\"es\"},{\"@type\":\"WebPage\",\"@id\":\"https:\/\/dev.antudigital.cl\/sites\/vc\/valparaiso-creativo-e-instituto-arcos-y-como-potenciar-el-sector-literario-en-la-region\/\",\"url\":\"https:\/\/dev.antudigital.cl\/sites\/vc\/valparaiso-creativo-e-instituto-arcos-y-como-potenciar-el-sector-literario-en-la-region\/\",\"name\":\"Valpara\u00edso Creativo e Instituto ARCOS y c\u00f3mo potenciar el sector literario en la Regi\u00f3n - Valpara\u00ed\u00adso Creativo\",\"isPartOf\":{\"@id\":\"https:\/\/dev.antudigital.cl\/sites\/vc\/#website\"},\"primaryImageOfPage\":{\"@id\":\"https:\/\/dev.antudigital.cl\/sites\/vc\/valparaiso-creativo-e-instituto-arcos-y-como-potenciar-el-sector-literario-en-la-region\/#primaryimage\"},\"image\":{\"@id\":\"https:\/\/dev.antudigital.cl\/sites\/vc\/valparaiso-creativo-e-instituto-arcos-y-como-potenciar-el-sector-literario-en-la-region\/#primaryimage\"},\"thumbnailUrl\":\"https:\/\/dev.antudigital.cl\/sites\/vc\/wp-content\/uploads\/2024\/08\/Editorial-Aguaderramada-I.P.-ARCOS.jpg\",\"datePublished\":\"2024-08-13T01:07:33+00:00\",\"dateModified\":\"2024-08-13T01:07:51+00:00\",\"author\":{\"@id\":\"https:\/\/dev.antudigital.cl\/sites\/vc\/#\/schema\/person\/c2b9da8dd545e27166fc5ab232837318\"},\"breadcrumb\":{\"@id\":\"https:\/\/dev.antudigital.cl\/sites\/vc\/valparaiso-creativo-e-instituto-arcos-y-como-potenciar-el-sector-literario-en-la-region\/#breadcrumb\"},\"inLanguage\":\"es\",\"potentialAction\":[{\"@type\":\"ReadAction\",\"target\":[\"https:\/\/dev.antudigital.cl\/sites\/vc\/valparaiso-creativo-e-instituto-arcos-y-como-potenciar-el-sector-literario-en-la-region\/\"]}]},{\"@type\":\"ImageObject\",\"inLanguage\":\"es\",\"@id\":\"https:\/\/dev.antudigital.cl\/sites\/vc\/valparaiso-creativo-e-instituto-arcos-y-como-potenciar-el-sector-literario-en-la-region\/#primaryimage\",\"url\":\"https:\/\/dev.antudigital.cl\/sites\/vc\/wp-content\/uploads\/2024\/08\/Editorial-Aguaderramada-I.P.-ARCOS.jpg\",\"contentUrl\":\"https:\/\/dev.antudigital.cl\/sites\/vc\/wp-content\/uploads\/2024\/08\/Editorial-Aguaderramada-I.P.-ARCOS.jpg\",\"width\":1280,\"height\":960},{\"@type\":\"BreadcrumbList\",\"@id\":\"https:\/\/dev.antudigital.cl\/sites\/vc\/valparaiso-creativo-e-instituto-arcos-y-como-potenciar-el-sector-literario-en-la-region\/#breadcrumb\",\"itemListElement\":[{\"@type\":\"ListItem\",\"position\":1,\"name\":\"Home\",\"item\":\"https:\/\/dev.antudigital.cl\/sites\/vc\/\"},{\"@type\":\"ListItem\",\"position\":2,\"name\":\"Valpara\u00edso Creativo e Instituto ARCOS y c\u00f3mo potenciar el sector literario en la Regi\u00f3n\"}]},{\"@type\":\"WebSite\",\"@id\":\"https:\/\/dev.antudigital.cl\/sites\/vc\/#website\",\"url\":\"https:\/\/dev.antudigital.cl\/sites\/vc\/\",\"name\":\"Valpara\u00ed\u00adso Creativo\",\"description\":\"\",\"potentialAction\":[{\"@type\":\"SearchAction\",\"target\":{\"@type\":\"EntryPoint\",\"urlTemplate\":\"https:\/\/dev.antudigital.cl\/sites\/vc\/?s={search_term_string}\"},\"query-input\":{\"@type\":\"PropertyValueSpecification\",\"valueRequired\":true,\"valueName\":\"search_term_string\"}}],\"inLanguage\":\"es\"},{\"@type\":\"Person\",\"@id\":\"https:\/\/dev.antudigital.cl\/sites\/vc\/#\/schema\/person\/c2b9da8dd545e27166fc5ab232837318\",\"name\":\"Valpara\u00edso Creativo\",\"description\":\"Periodista de cultura en la Regi\u00f3n de Valpara\u00edso.\",\"url\":\"https:\/\/dev.antudigital.cl\/sites\/vc\/author\/valpoadmin\/\"}]}<\/script>\n<!-- \/ Yoast SEO plugin. -->","yoast_head_json":{"title":"Valpara\u00edso Creativo e Instituto ARCOS y c\u00f3mo potenciar el sector literario en la Regi\u00f3n - Valpara\u00ed\u00adso Creativo","robots":{"index":"index","follow":"follow","max-snippet":"max-snippet:-1","max-image-preview":"max-image-preview:large","max-video-preview":"max-video-preview:-1"},"canonical":"https:\/\/dev.antudigital.cl\/sites\/vc\/valparaiso-creativo-e-instituto-arcos-y-como-potenciar-el-sector-literario-en-la-region\/","og_locale":"es_ES","og_type":"article","og_title":"Valpara\u00edso Creativo e Instituto ARCOS y c\u00f3mo potenciar el sector literario en la Regi\u00f3n - Valpara\u00ed\u00adso Creativo","og_description":"Ignacio Aguirre es docente y director de la editorial Aguaderramada del Instituto Profesional ARCOS y representa a la instituci\u00f3n en el Comit\u00e9 Gestor de Servicios Creativos de Valpara\u00edso Creativo, que busca nuevas oportunidades para trabajar en conjunto y potenciar el sector literario de la regi\u00f3n. Aguaderramada cuenta con publicaciones en formato libro y una revista [&hellip;]","og_url":"https:\/\/dev.antudigital.cl\/sites\/vc\/valparaiso-creativo-e-instituto-arcos-y-como-potenciar-el-sector-literario-en-la-region\/","og_site_name":"Valpara\u00ed\u00adso Creativo","article_published_time":"2024-08-13T01:07:33+00:00","article_modified_time":"2024-08-13T01:07:51+00:00","og_image":[{"width":1280,"height":960,"url":"https:\/\/dev.antudigital.cl\/sites\/vc\/wp-content\/uploads\/2024\/08\/Editorial-Aguaderramada-I.P.-ARCOS.jpg","type":"image\/jpeg"}],"author":"Valpara\u00edso Creativo","twitter_card":"summary_large_image","twitter_misc":{"Escrito por":"Valpara\u00edso Creativo","Tiempo de lectura":"6 minutos"},"schema":{"@context":"https:\/\/schema.org","@graph":[{"@type":"Article","@id":"https:\/\/dev.antudigital.cl\/sites\/vc\/valparaiso-creativo-e-instituto-arcos-y-como-potenciar-el-sector-literario-en-la-region\/#article","isPartOf":{"@id":"https:\/\/dev.antudigital.cl\/sites\/vc\/valparaiso-creativo-e-instituto-arcos-y-como-potenciar-el-sector-literario-en-la-region\/"},"author":{"name":"Valpara\u00edso Creativo","@id":"https:\/\/dev.antudigital.cl\/sites\/vc\/#\/schema\/person\/c2b9da8dd545e27166fc5ab232837318"},"headline":"Valpara\u00edso Creativo e Instituto ARCOS y c\u00f3mo potenciar el sector literario en la Regi\u00f3n","datePublished":"2024-08-13T01:07:33+00:00","dateModified":"2024-08-13T01:07:51+00:00","mainEntityOfPage":{"@id":"https:\/\/dev.antudigital.cl\/sites\/vc\/valparaiso-creativo-e-instituto-arcos-y-como-potenciar-el-sector-literario-en-la-region\/"},"wordCount":1195,"image":{"@id":"https:\/\/dev.antudigital.cl\/sites\/vc\/valparaiso-creativo-e-instituto-arcos-y-como-potenciar-el-sector-literario-en-la-region\/#primaryimage"},"thumbnailUrl":"https:\/\/dev.antudigital.cl\/sites\/vc\/wp-content\/uploads\/2024\/08\/Editorial-Aguaderramada-I.P.-ARCOS.jpg","articleSection":["Blog"],"inLanguage":"es"},{"@type":"WebPage","@id":"https:\/\/dev.antudigital.cl\/sites\/vc\/valparaiso-creativo-e-instituto-arcos-y-como-potenciar-el-sector-literario-en-la-region\/","url":"https:\/\/dev.antudigital.cl\/sites\/vc\/valparaiso-creativo-e-instituto-arcos-y-como-potenciar-el-sector-literario-en-la-region\/","name":"Valpara\u00edso Creativo e Instituto ARCOS y c\u00f3mo potenciar el sector literario en la Regi\u00f3n - Valpara\u00ed\u00adso Creativo","isPartOf":{"@id":"https:\/\/dev.antudigital.cl\/sites\/vc\/#website"},"primaryImageOfPage":{"@id":"https:\/\/dev.antudigital.cl\/sites\/vc\/valparaiso-creativo-e-instituto-arcos-y-como-potenciar-el-sector-literario-en-la-region\/#primaryimage"},"image":{"@id":"https:\/\/dev.antudigital.cl\/sites\/vc\/valparaiso-creativo-e-instituto-arcos-y-como-potenciar-el-sector-literario-en-la-region\/#primaryimage"},"thumbnailUrl":"https:\/\/dev.antudigital.cl\/sites\/vc\/wp-content\/uploads\/2024\/08\/Editorial-Aguaderramada-I.P.-ARCOS.jpg","datePublished":"2024-08-13T01:07:33+00:00","dateModified":"2024-08-13T01:07:51+00:00","author":{"@id":"https:\/\/dev.antudigital.cl\/sites\/vc\/#\/schema\/person\/c2b9da8dd545e27166fc5ab232837318"},"breadcrumb":{"@id":"https:\/\/dev.antudigital.cl\/sites\/vc\/valparaiso-creativo-e-instituto-arcos-y-como-potenciar-el-sector-literario-en-la-region\/#breadcrumb"},"inLanguage":"es","potentialAction":[{"@type":"ReadAction","target":["https:\/\/dev.antudigital.cl\/sites\/vc\/valparaiso-creativo-e-instituto-arcos-y-como-potenciar-el-sector-literario-en-la-region\/"]}]},{"@type":"ImageObject","inLanguage":"es","@id":"https:\/\/dev.antudigital.cl\/sites\/vc\/valparaiso-creativo-e-instituto-arcos-y-como-potenciar-el-sector-literario-en-la-region\/#primaryimage","url":"https:\/\/dev.antudigital.cl\/sites\/vc\/wp-content\/uploads\/2024\/08\/Editorial-Aguaderramada-I.P.-ARCOS.jpg","contentUrl":"https:\/\/dev.antudigital.cl\/sites\/vc\/wp-content\/uploads\/2024\/08\/Editorial-Aguaderramada-I.P.-ARCOS.jpg","width":1280,"height":960},{"@type":"BreadcrumbList","@id":"https:\/\/dev.antudigital.cl\/sites\/vc\/valparaiso-creativo-e-instituto-arcos-y-como-potenciar-el-sector-literario-en-la-region\/#breadcrumb","itemListElement":[{"@type":"ListItem","position":1,"name":"Home","item":"https:\/\/dev.antudigital.cl\/sites\/vc\/"},{"@type":"ListItem","position":2,"name":"Valpara\u00edso Creativo e Instituto ARCOS y c\u00f3mo potenciar el sector literario en la Regi\u00f3n"}]},{"@type":"WebSite","@id":"https:\/\/dev.antudigital.cl\/sites\/vc\/#website","url":"https:\/\/dev.antudigital.cl\/sites\/vc\/","name":"Valpara\u00ed\u00adso Creativo","description":"","potentialAction":[{"@type":"SearchAction","target":{"@type":"EntryPoint","urlTemplate":"https:\/\/dev.antudigital.cl\/sites\/vc\/?s={search_term_string}"},"query-input":{"@type":"PropertyValueSpecification","valueRequired":true,"valueName":"search_term_string"}}],"inLanguage":"es"},{"@type":"Person","@id":"https:\/\/dev.antudigital.cl\/sites\/vc\/#\/schema\/person\/c2b9da8dd545e27166fc5ab232837318","name":"Valpara\u00edso Creativo","description":"Periodista de cultura en la Regi\u00f3n de Valpara\u00edso.","url":"https:\/\/dev.antudigital.cl\/sites\/vc\/author\/valpoadmin\/"}]}},"_links":{"self":[{"href":"https:\/\/dev.antudigital.cl\/sites\/vc\/wp-json\/wp\/v2\/posts\/19997","targetHints":{"allow":["GET"]}}],"collection":[{"href":"https:\/\/dev.antudigital.cl\/sites\/vc\/wp-json\/wp\/v2\/posts"}],"about":[{"href":"https:\/\/dev.antudigital.cl\/sites\/vc\/wp-json\/wp\/v2\/types\/post"}],"author":[{"embeddable":true,"href":"https:\/\/dev.antudigital.cl\/sites\/vc\/wp-json\/wp\/v2\/users\/1"}],"replies":[{"embeddable":true,"href":"https:\/\/dev.antudigital.cl\/sites\/vc\/wp-json\/wp\/v2\/comments?post=19997"}],"version-history":[{"count":1,"href":"https:\/\/dev.antudigital.cl\/sites\/vc\/wp-json\/wp\/v2\/posts\/19997\/revisions"}],"predecessor-version":[{"id":20002,"href":"https:\/\/dev.antudigital.cl\/sites\/vc\/wp-json\/wp\/v2\/posts\/19997\/revisions\/20002"}],"wp:featuredmedia":[{"embeddable":true,"href":"https:\/\/dev.antudigital.cl\/sites\/vc\/wp-json\/wp\/v2\/media\/20001"}],"wp:attachment":[{"href":"https:\/\/dev.antudigital.cl\/sites\/vc\/wp-json\/wp\/v2\/media?parent=19997"}],"wp:term":[{"taxonomy":"category","embeddable":true,"href":"https:\/\/dev.antudigital.cl\/sites\/vc\/wp-json\/wp\/v2\/categories?post=19997"},{"taxonomy":"post_tag","embeddable":true,"href":"https:\/\/dev.antudigital.cl\/sites\/vc\/wp-json\/wp\/v2\/tags?post=19997"}],"curies":[{"name":"wp","href":"https:\/\/api.w.org\/{rel}","templated":true}]}}