{"id":20003,"date":"2024-08-13T01:21:27","date_gmt":"2024-08-13T01:21:27","guid":{"rendered":"https:\/\/www.valparaisocreativo.cl\/?p=20003"},"modified":"2024-08-13T01:21:45","modified_gmt":"2024-08-13T01:21:45","slug":"savethedate-y-se-parte-de-vam2024-el-encuentro-internacional-de-la-industria-musical-de-valparaiso","status":"publish","type":"post","link":"https:\/\/dev.antudigital.cl\/sites\/vc\/savethedate-y-se-parte-de-vam2024-el-encuentro-internacional-de-la-industria-musical-de-valparaiso\/","title":{"rendered":"#SaveTheDate y se parte de #VAM2024, el Encuentro Internacional de la Industria Musical de Valpara\u00edso"},"content":{"rendered":"\n<p>\u00a1No puedes faltar al&nbsp;<strong>Encuentro Internacional de la Industria Musical de Valpara\u00edso!&nbsp;<\/strong><\/p>\n\n\n\n<p><strong>10, 11 y 12 de octubre<\/strong>:\u00a0<strong>VAM 2024<\/strong>\u00a0llega al puerto de Valpara\u00edso con una programaci\u00f3n imperdible. \u00bfEres parte de la escena musical latinoamericana? \u00a0Artistas, productores, sonidistas, sellos, editoriales, distribuidoras, profesionales, representantes y m\u00e1s, todas las personas relacionadas a este arte son bienvenides aparticipar, vincularse, ampliar sus redes y cultivar sus conocimientos sobre el mercado musical internacional.<\/p>\n\n\n\n<p><strong>\u00a1Guarda la fecha y no te pierdas ni un solo detalle de todo lo que se viene! S\u00edguenos en nuestras redes y ent\u00e9rate de todo a tiempo.&nbsp;&nbsp;<\/strong><\/p>\n\n\n\n<p><a href=\"https:\/\/www.instagram.com\/vam.latam\/\">No olvides seguirles en sus redes.<\/a><\/p>\n","protected":false},"excerpt":{"rendered":"<p>\u00a1No puedes faltar al&nbsp;Encuentro Internacional de la Industria Musical de Valpara\u00edso!&nbsp; 10, 11 y 12 de octubre:\u00a0VAM 2024\u00a0llega al puerto de Valpara\u00edso con una programaci\u00f3n imperdible. \u00bfEres parte de la escena musical latinoamericana? \u00a0Artistas, productores, sonidistas, sellos, editoriales, distribuidoras, profesionales, representantes y m\u00e1s, todas las personas relacionadas a este arte son bienvenides aparticipar, vincularse, ampliar [&hellip;]<\/p>\n","protected":false},"author":1,"featured_media":20004,"comment_status":"closed","ping_status":"closed","sticky":false,"template":"","format":"standard","meta":{"_acf_changed":false,"footnotes":""},"categories":[8],"tags":[],"class_list":["post-20003","post","type-post","status-publish","format-standard","has-post-thumbnail","hentry","category-noticia"],"acf":[],"yoast_head":"<!-- This site is optimized with the Yoast SEO plugin v27.1.1 - https:\/\/yoast.com\/product\/yoast-seo-wordpress\/ -->\n<title>#SaveTheDate y se parte de #VAM2024, el Encuentro Internacional de la Industria Musical de Valpara\u00edso - Valpara\u00ed\u00adso Creativo<\/title>\n<meta name=\"robots\" content=\"index, follow, max-snippet:-1, max-image-preview:large, max-video-preview:-1\" \/>\n<link rel=\"canonical\" href=\"https:\/\/dev.antudigital.cl\/sites\/vc\/savethedate-y-se-parte-de-vam2024-el-encuentro-internacional-de-la-industria-musical-de-valparaiso\/\" \/>\n<meta property=\"og:locale\" content=\"es_ES\" \/>\n<meta property=\"og:type\" content=\"article\" \/>\n<meta property=\"og:title\" content=\"#SaveTheDate y se parte de #VAM2024, el Encuentro Internacional de la Industria Musical de Valpara\u00edso - Valpara\u00ed\u00adso Creativo\" \/>\n<meta property=\"og:description\" content=\"\u00a1No puedes faltar al&nbsp;Encuentro Internacional de la Industria Musical de Valpara\u00edso!&nbsp; 10, 11 y 12 de octubre:\u00a0VAM 2024\u00a0llega al puerto de Valpara\u00edso con una programaci\u00f3n imperdible. \u00bfEres parte de la escena musical latinoamericana? \u00a0Artistas, productores, sonidistas, sellos, editoriales, distribuidoras, profesionales, representantes y m\u00e1s, todas las personas relacionadas a este arte son bienvenides aparticipar, vincularse, ampliar [&hellip;]\" \/>\n<meta property=\"og:url\" content=\"https:\/\/dev.antudigital.cl\/sites\/vc\/savethedate-y-se-parte-de-vam2024-el-encuentro-internacional-de-la-industria-musical-de-valparaiso\/\" \/>\n<meta property=\"og:site_name\" content=\"Valpara\u00ed\u00adso Creativo\" \/>\n<meta property=\"article:published_time\" content=\"2024-08-13T01:21:27+00:00\" \/>\n<meta property=\"article:modified_time\" content=\"2024-08-13T01:21:45+00:00\" \/>\n<meta property=\"og:image\" content=\"https:\/\/dev.antudigital.cl\/sites\/vc\/wp-content\/uploads\/2024\/08\/Captura-de-Pantalla-2024-08-12-a-las-21.20.40.png\" \/>\n\t<meta property=\"og:image:width\" content=\"595\" \/>\n\t<meta property=\"og:image:height\" content=\"424\" \/>\n\t<meta property=\"og:image:type\" content=\"image\/png\" \/>\n<meta name=\"author\" content=\"Valpara\u00edso Creativo\" \/>\n<meta name=\"twitter:card\" content=\"summary_large_image\" \/>\n<meta name=\"twitter:label1\" content=\"Escrito por\" \/>\n\t<meta name=\"twitter:data1\" content=\"Valpara\u00edso Creativo\" \/>\n\t<meta name=\"twitter:label2\" content=\"Tiempo de lectura\" \/>\n\t<meta name=\"twitter:data2\" content=\"1 minuto\" \/>\n<script type=\"application\/ld+json\" class=\"yoast-schema-graph\">{\"@context\":\"https:\/\/schema.org\",\"@graph\":[{\"@type\":\"Article\",\"@id\":\"https:\/\/dev.antudigital.cl\/sites\/vc\/savethedate-y-se-parte-de-vam2024-el-encuentro-internacional-de-la-industria-musical-de-valparaiso\/#article\",\"isPartOf\":{\"@id\":\"https:\/\/dev.antudigital.cl\/sites\/vc\/savethedate-y-se-parte-de-vam2024-el-encuentro-internacional-de-la-industria-musical-de-valparaiso\/\"},\"author\":{\"name\":\"Valpara\u00edso Creativo\",\"@id\":\"https:\/\/dev.antudigital.cl\/sites\/vc\/#\/schema\/person\/c2b9da8dd545e27166fc5ab232837318\"},\"headline\":\"#SaveTheDate y se parte de #VAM2024, el Encuentro Internacional de la Industria Musical de Valpara\u00edso\",\"datePublished\":\"2024-08-13T01:21:27+00:00\",\"dateModified\":\"2024-08-13T01:21:45+00:00\",\"mainEntityOfPage\":{\"@id\":\"https:\/\/dev.antudigital.cl\/sites\/vc\/savethedate-y-se-parte-de-vam2024-el-encuentro-internacional-de-la-industria-musical-de-valparaiso\/\"},\"wordCount\":124,\"image\":{\"@id\":\"https:\/\/dev.antudigital.cl\/sites\/vc\/savethedate-y-se-parte-de-vam2024-el-encuentro-internacional-de-la-industria-musical-de-valparaiso\/#primaryimage\"},\"thumbnailUrl\":\"https:\/\/dev.antudigital.cl\/sites\/vc\/wp-content\/uploads\/2024\/08\/Captura-de-Pantalla-2024-08-12-a-las-21.20.40.png\",\"articleSection\":[\"Noticia\"],\"inLanguage\":\"es\"},{\"@type\":\"WebPage\",\"@id\":\"https:\/\/dev.antudigital.cl\/sites\/vc\/savethedate-y-se-parte-de-vam2024-el-encuentro-internacional-de-la-industria-musical-de-valparaiso\/\",\"url\":\"https:\/\/dev.antudigital.cl\/sites\/vc\/savethedate-y-se-parte-de-vam2024-el-encuentro-internacional-de-la-industria-musical-de-valparaiso\/\",\"name\":\"#SaveTheDate y se parte de #VAM2024, el Encuentro Internacional de la Industria Musical de Valpara\u00edso - Valpara\u00ed\u00adso Creativo\",\"isPartOf\":{\"@id\":\"https:\/\/dev.antudigital.cl\/sites\/vc\/#website\"},\"primaryImageOfPage\":{\"@id\":\"https:\/\/dev.antudigital.cl\/sites\/vc\/savethedate-y-se-parte-de-vam2024-el-encuentro-internacional-de-la-industria-musical-de-valparaiso\/#primaryimage\"},\"image\":{\"@id\":\"https:\/\/dev.antudigital.cl\/sites\/vc\/savethedate-y-se-parte-de-vam2024-el-encuentro-internacional-de-la-industria-musical-de-valparaiso\/#primaryimage\"},\"thumbnailUrl\":\"https:\/\/dev.antudigital.cl\/sites\/vc\/wp-content\/uploads\/2024\/08\/Captura-de-Pantalla-2024-08-12-a-las-21.20.40.png\",\"datePublished\":\"2024-08-13T01:21:27+00:00\",\"dateModified\":\"2024-08-13T01:21:45+00:00\",\"author\":{\"@id\":\"https:\/\/dev.antudigital.cl\/sites\/vc\/#\/schema\/person\/c2b9da8dd545e27166fc5ab232837318\"},\"breadcrumb\":{\"@id\":\"https:\/\/dev.antudigital.cl\/sites\/vc\/savethedate-y-se-parte-de-vam2024-el-encuentro-internacional-de-la-industria-musical-de-valparaiso\/#breadcrumb\"},\"inLanguage\":\"es\",\"potentialAction\":[{\"@type\":\"ReadAction\",\"target\":[\"https:\/\/dev.antudigital.cl\/sites\/vc\/savethedate-y-se-parte-de-vam2024-el-encuentro-internacional-de-la-industria-musical-de-valparaiso\/\"]}]},{\"@type\":\"ImageObject\",\"inLanguage\":\"es\",\"@id\":\"https:\/\/dev.antudigital.cl\/sites\/vc\/savethedate-y-se-parte-de-vam2024-el-encuentro-internacional-de-la-industria-musical-de-valparaiso\/#primaryimage\",\"url\":\"https:\/\/dev.antudigital.cl\/sites\/vc\/wp-content\/uploads\/2024\/08\/Captura-de-Pantalla-2024-08-12-a-las-21.20.40.png\",\"contentUrl\":\"https:\/\/dev.antudigital.cl\/sites\/vc\/wp-content\/uploads\/2024\/08\/Captura-de-Pantalla-2024-08-12-a-las-21.20.40.png\",\"width\":595,\"height\":424},{\"@type\":\"BreadcrumbList\",\"@id\":\"https:\/\/dev.antudigital.cl\/sites\/vc\/savethedate-y-se-parte-de-vam2024-el-encuentro-internacional-de-la-industria-musical-de-valparaiso\/#breadcrumb\",\"itemListElement\":[{\"@type\":\"ListItem\",\"position\":1,\"name\":\"Home\",\"item\":\"https:\/\/dev.antudigital.cl\/sites\/vc\/\"},{\"@type\":\"ListItem\",\"position\":2,\"name\":\"#SaveTheDate y se parte de #VAM2024, el Encuentro Internacional de la Industria Musical de Valpara\u00edso\"}]},{\"@type\":\"WebSite\",\"@id\":\"https:\/\/dev.antudigital.cl\/sites\/vc\/#website\",\"url\":\"https:\/\/dev.antudigital.cl\/sites\/vc\/\",\"name\":\"Valpara\u00ed\u00adso Creativo\",\"description\":\"\",\"potentialAction\":[{\"@type\":\"SearchAction\",\"target\":{\"@type\":\"EntryPoint\",\"urlTemplate\":\"https:\/\/dev.antudigital.cl\/sites\/vc\/?s={search_term_string}\"},\"query-input\":{\"@type\":\"PropertyValueSpecification\",\"valueRequired\":true,\"valueName\":\"search_term_string\"}}],\"inLanguage\":\"es\"},{\"@type\":\"Person\",\"@id\":\"https:\/\/dev.antudigital.cl\/sites\/vc\/#\/schema\/person\/c2b9da8dd545e27166fc5ab232837318\",\"name\":\"Valpara\u00edso Creativo\",\"description\":\"Periodista de cultura en la Regi\u00f3n de Valpara\u00edso.\",\"url\":\"https:\/\/dev.antudigital.cl\/sites\/vc\/author\/valpoadmin\/\"}]}<\/script>\n<!-- \/ Yoast SEO plugin. -->","yoast_head_json":{"title":"#SaveTheDate y se parte de #VAM2024, el Encuentro Internacional de la Industria Musical de Valpara\u00edso - Valpara\u00ed\u00adso Creativo","robots":{"index":"index","follow":"follow","max-snippet":"max-snippet:-1","max-image-preview":"max-image-preview:large","max-video-preview":"max-video-preview:-1"},"canonical":"https:\/\/dev.antudigital.cl\/sites\/vc\/savethedate-y-se-parte-de-vam2024-el-encuentro-internacional-de-la-industria-musical-de-valparaiso\/","og_locale":"es_ES","og_type":"article","og_title":"#SaveTheDate y se parte de #VAM2024, el Encuentro Internacional de la Industria Musical de Valpara\u00edso - Valpara\u00ed\u00adso Creativo","og_description":"\u00a1No puedes faltar al&nbsp;Encuentro Internacional de la Industria Musical de Valpara\u00edso!&nbsp; 10, 11 y 12 de octubre:\u00a0VAM 2024\u00a0llega al puerto de Valpara\u00edso con una programaci\u00f3n imperdible. \u00bfEres parte de la escena musical latinoamericana? \u00a0Artistas, productores, sonidistas, sellos, editoriales, distribuidoras, profesionales, representantes y m\u00e1s, todas las personas relacionadas a este arte son bienvenides aparticipar, vincularse, ampliar [&hellip;]","og_url":"https:\/\/dev.antudigital.cl\/sites\/vc\/savethedate-y-se-parte-de-vam2024-el-encuentro-internacional-de-la-industria-musical-de-valparaiso\/","og_site_name":"Valpara\u00ed\u00adso Creativo","article_published_time":"2024-08-13T01:21:27+00:00","article_modified_time":"2024-08-13T01:21:45+00:00","og_image":[{"width":595,"height":424,"url":"https:\/\/dev.antudigital.cl\/sites\/vc\/wp-content\/uploads\/2024\/08\/Captura-de-Pantalla-2024-08-12-a-las-21.20.40.png","type":"image\/png"}],"author":"Valpara\u00edso Creativo","twitter_card":"summary_large_image","twitter_misc":{"Escrito por":"Valpara\u00edso Creativo","Tiempo de lectura":"1 minuto"},"schema":{"@context":"https:\/\/schema.org","@graph":[{"@type":"Article","@id":"https:\/\/dev.antudigital.cl\/sites\/vc\/savethedate-y-se-parte-de-vam2024-el-encuentro-internacional-de-la-industria-musical-de-valparaiso\/#article","isPartOf":{"@id":"https:\/\/dev.antudigital.cl\/sites\/vc\/savethedate-y-se-parte-de-vam2024-el-encuentro-internacional-de-la-industria-musical-de-valparaiso\/"},"author":{"name":"Valpara\u00edso Creativo","@id":"https:\/\/dev.antudigital.cl\/sites\/vc\/#\/schema\/person\/c2b9da8dd545e27166fc5ab232837318"},"headline":"#SaveTheDate y se parte de #VAM2024, el Encuentro Internacional de la Industria Musical de Valpara\u00edso","datePublished":"2024-08-13T01:21:27+00:00","dateModified":"2024-08-13T01:21:45+00:00","mainEntityOfPage":{"@id":"https:\/\/dev.antudigital.cl\/sites\/vc\/savethedate-y-se-parte-de-vam2024-el-encuentro-internacional-de-la-industria-musical-de-valparaiso\/"},"wordCount":124,"image":{"@id":"https:\/\/dev.antudigital.cl\/sites\/vc\/savethedate-y-se-parte-de-vam2024-el-encuentro-internacional-de-la-industria-musical-de-valparaiso\/#primaryimage"},"thumbnailUrl":"https:\/\/dev.antudigital.cl\/sites\/vc\/wp-content\/uploads\/2024\/08\/Captura-de-Pantalla-2024-08-12-a-las-21.20.40.png","articleSection":["Noticia"],"inLanguage":"es"},{"@type":"WebPage","@id":"https:\/\/dev.antudigital.cl\/sites\/vc\/savethedate-y-se-parte-de-vam2024-el-encuentro-internacional-de-la-industria-musical-de-valparaiso\/","url":"https:\/\/dev.antudigital.cl\/sites\/vc\/savethedate-y-se-parte-de-vam2024-el-encuentro-internacional-de-la-industria-musical-de-valparaiso\/","name":"#SaveTheDate y se parte de #VAM2024, el Encuentro Internacional de la Industria Musical de Valpara\u00edso - Valpara\u00ed\u00adso Creativo","isPartOf":{"@id":"https:\/\/dev.antudigital.cl\/sites\/vc\/#website"},"primaryImageOfPage":{"@id":"https:\/\/dev.antudigital.cl\/sites\/vc\/savethedate-y-se-parte-de-vam2024-el-encuentro-internacional-de-la-industria-musical-de-valparaiso\/#primaryimage"},"image":{"@id":"https:\/\/dev.antudigital.cl\/sites\/vc\/savethedate-y-se-parte-de-vam2024-el-encuentro-internacional-de-la-industria-musical-de-valparaiso\/#primaryimage"},"thumbnailUrl":"https:\/\/dev.antudigital.cl\/sites\/vc\/wp-content\/uploads\/2024\/08\/Captura-de-Pantalla-2024-08-12-a-las-21.20.40.png","datePublished":"2024-08-13T01:21:27+00:00","dateModified":"2024-08-13T01:21:45+00:00","author":{"@id":"https:\/\/dev.antudigital.cl\/sites\/vc\/#\/schema\/person\/c2b9da8dd545e27166fc5ab232837318"},"breadcrumb":{"@id":"https:\/\/dev.antudigital.cl\/sites\/vc\/savethedate-y-se-parte-de-vam2024-el-encuentro-internacional-de-la-industria-musical-de-valparaiso\/#breadcrumb"},"inLanguage":"es","potentialAction":[{"@type":"ReadAction","target":["https:\/\/dev.antudigital.cl\/sites\/vc\/savethedate-y-se-parte-de-vam2024-el-encuentro-internacional-de-la-industria-musical-de-valparaiso\/"]}]},{"@type":"ImageObject","inLanguage":"es","@id":"https:\/\/dev.antudigital.cl\/sites\/vc\/savethedate-y-se-parte-de-vam2024-el-encuentro-internacional-de-la-industria-musical-de-valparaiso\/#primaryimage","url":"https:\/\/dev.antudigital.cl\/sites\/vc\/wp-content\/uploads\/2024\/08\/Captura-de-Pantalla-2024-08-12-a-las-21.20.40.png","contentUrl":"https:\/\/dev.antudigital.cl\/sites\/vc\/wp-content\/uploads\/2024\/08\/Captura-de-Pantalla-2024-08-12-a-las-21.20.40.png","width":595,"height":424},{"@type":"BreadcrumbList","@id":"https:\/\/dev.antudigital.cl\/sites\/vc\/savethedate-y-se-parte-de-vam2024-el-encuentro-internacional-de-la-industria-musical-de-valparaiso\/#breadcrumb","itemListElement":[{"@type":"ListItem","position":1,"name":"Home","item":"https:\/\/dev.antudigital.cl\/sites\/vc\/"},{"@type":"ListItem","position":2,"name":"#SaveTheDate y se parte de #VAM2024, el Encuentro Internacional de la Industria Musical de Valpara\u00edso"}]},{"@type":"WebSite","@id":"https:\/\/dev.antudigital.cl\/sites\/vc\/#website","url":"https:\/\/dev.antudigital.cl\/sites\/vc\/","name":"Valpara\u00ed\u00adso Creativo","description":"","potentialAction":[{"@type":"SearchAction","target":{"@type":"EntryPoint","urlTemplate":"https:\/\/dev.antudigital.cl\/sites\/vc\/?s={search_term_string}"},"query-input":{"@type":"PropertyValueSpecification","valueRequired":true,"valueName":"search_term_string"}}],"inLanguage":"es"},{"@type":"Person","@id":"https:\/\/dev.antudigital.cl\/sites\/vc\/#\/schema\/person\/c2b9da8dd545e27166fc5ab232837318","name":"Valpara\u00edso Creativo","description":"Periodista de cultura en la Regi\u00f3n de Valpara\u00edso.","url":"https:\/\/dev.antudigital.cl\/sites\/vc\/author\/valpoadmin\/"}]}},"_links":{"self":[{"href":"https:\/\/dev.antudigital.cl\/sites\/vc\/wp-json\/wp\/v2\/posts\/20003","targetHints":{"allow":["GET"]}}],"collection":[{"href":"https:\/\/dev.antudigital.cl\/sites\/vc\/wp-json\/wp\/v2\/posts"}],"about":[{"href":"https:\/\/dev.antudigital.cl\/sites\/vc\/wp-json\/wp\/v2\/types\/post"}],"author":[{"embeddable":true,"href":"https:\/\/dev.antudigital.cl\/sites\/vc\/wp-json\/wp\/v2\/users\/1"}],"replies":[{"embeddable":true,"href":"https:\/\/dev.antudigital.cl\/sites\/vc\/wp-json\/wp\/v2\/comments?post=20003"}],"version-history":[{"count":1,"href":"https:\/\/dev.antudigital.cl\/sites\/vc\/wp-json\/wp\/v2\/posts\/20003\/revisions"}],"predecessor-version":[{"id":20005,"href":"https:\/\/dev.antudigital.cl\/sites\/vc\/wp-json\/wp\/v2\/posts\/20003\/revisions\/20005"}],"wp:featuredmedia":[{"embeddable":true,"href":"https:\/\/dev.antudigital.cl\/sites\/vc\/wp-json\/wp\/v2\/media\/20004"}],"wp:attachment":[{"href":"https:\/\/dev.antudigital.cl\/sites\/vc\/wp-json\/wp\/v2\/media?parent=20003"}],"wp:term":[{"taxonomy":"category","embeddable":true,"href":"https:\/\/dev.antudigital.cl\/sites\/vc\/wp-json\/wp\/v2\/categories?post=20003"},{"taxonomy":"post_tag","embeddable":true,"href":"https:\/\/dev.antudigital.cl\/sites\/vc\/wp-json\/wp\/v2\/tags?post=20003"}],"curies":[{"name":"wp","href":"https:\/\/api.w.org\/{rel}","templated":true}]}}